{"id":2702,"date":"2014-05-21T08:05:00","date_gmt":"2014-05-21T08:05:00","guid":{"rendered":"http:\/\/www.norn.is\/eva\/?p=2702"},"modified":"2020-07-18T08:07:53","modified_gmt":"2020-07-18T08:07:53","slug":"eiga-skattgreidendur-ad-styrkja-djoflafraedinga","status":"publish","type":"post","link":"https:\/\/www.norn.is\/eva\/2014\/05\/21\/eiga-skattgreidendur-ad-styrkja-djoflafraedinga\/","title":{"rendered":"Eiga skattgrei\u00f0endur a\u00f0 styrkja dj\u00f6flafr\u00e6\u00f0inga?"},"content":{"rendered":"\n<p><a href=\"http:\/\/www.dv.is\/folk\/2013\/5\/3\/frettakonan-malin-brand-var-bannfaerd-X3F0EW\/\">Mal\u00edn Brand<\/a>&nbsp;sag\u00f0i fr\u00e1 reynslu sinni af s\u00f6fnu\u00f0i Votta Jeh\u00f3va \u00ed DV fyrir r\u00famu \u00e1ri. \u00cd vi\u00f0talinu l\u00fdsir h\u00fan \u00fev\u00ed hvernig s\u00f6fnu\u00f0urinn stu\u00f0lar a\u00f0 f\u00e9lagslegri einangrun. H\u00fan segir einnig fr\u00e1 bannf\u00e6ringunni sem h\u00fan var\u00f0 fyrir \u00feegar h\u00fan f\u00f3r a\u00f0 sko\u00f0a tr\u00fana me\u00f0 gagnr\u00fdnum augum, en bannf\u00e6ringin fellur fullkomlega a\u00f0 skilgreiningum flestra sk\u00f3la og vinnusta\u00f0a \u00e1 einelti.<\/p>\n\n\n\n<p>\u00deann 9. apr\u00edl s\u00ed\u00f0astli\u00f0inn birti svo\u00a0<a href=\"http:\/\/www.spegill.is\/is\/grein\/2014\/04\/09\/truarbrogd_eru_fra_djoflinum\">Vald\u00eds R\u00e1n Sam\u00faelsd\u00f3ttir<\/a>\u00a0grein \u00e1\u00a0Speglinum\u00a0\u00fear sem h\u00fan l\u00fdsir reynslu sinni af tr\u00faf\u00e9lagi. H\u00fan nefnir ekki s\u00f6fnu\u00f0inn en samkv\u00e6mt\u00a0<a href=\"http:\/\/www.dv.is\/frettir\/2014\/5\/20\/eftir-thetta-var-eg-kollud-hora-i-krossinum\/\">\u00f6\u00f0rum fr\u00e9ttum af tr\u00faarlei\u00f0toga<\/a>\u00a0sem predikar a\u00f0 menn skuli ekki bj\u00f3\u00f0a syndinni \u00ed kaffi, mun Vald\u00eds R\u00e1n hafa veri\u00f0 virkur me\u00f0limur \u00ed Krossinum. Greinin f\u00f3r fram hj\u00e1 m\u00e9r \u00feegar h\u00fan birtist en m\u00e9r var bent \u00e1 hana \u00ed morgun og h\u00fan er ekki s\u00ed\u00f0ur sl\u00e1andi en s\u00fa reynsla sem Mal\u00edn l\u00fdsir. Kvennak\u00fagun, refsihyggja, hr\u00e6\u00f0slu\u00e1r\u00f3\u00f0ur, mi\u00f0aldaheimsmynd, forheimskun, valdn\u00ed\u00f0sla og almennt mannhatur eru me\u00f0al \u00feeirra or\u00f0a sem komu upp \u00ed huga minn vi\u00f0 lesturinn.<\/p>\n\n\n\n<figure class=\"wp-block-embed-youtube wp-block-embed is-type-video is-provider-youtube wp-embed-aspect-4-3 wp-has-aspect-ratio\"><div class=\"wp-block-embed__wrapper\">\n<iframe loading=\"lazy\" title=\"Gunnar \u00ed Krossinum\" width=\"1080\" height=\"810\" src=\"https:\/\/www.youtube.com\/embed\/iTb5f8JauB8?feature=oembed\" frameborder=\"0\" allow=\"accelerometer; autoplay; encrypted-media; gyroscope; picture-in-picture\" allowfullscreen><\/iframe>\n<\/div><\/figure>\n\n\n\n<p>En s\u00fa sem vakti athygli m\u00edna \u00e1 grein Vald\u00edsar R\u00e1nar benti l\u00edka \u00e1 anna\u00f0 sem \u00e9g hef ekki leitt hugann a\u00f0 lengi; \u00fev\u00ed a\u00f0 tr\u00faf\u00e9l\u00f6g f\u00e1 framl\u00f6g \u00far r\u00edkissj\u00f3\u00f0i. \u00deetta er venjulega kynnt \u00e1 \u00feann veg a\u00f0 r\u00edki\u00f0 taki a\u00f0 s\u00e9r a\u00f0 innheimta s\u00f3knargj\u00f6ld en reyndin er au\u00f0vita\u00f0 s\u00fa a\u00f0 framl\u00f6gin koma fr\u00e1 \u00f6llum skattgrei\u00f0endum, hvort sem \u00feeir tilheyra tr\u00fa- e\u00f0a l\u00edfssko\u00f0unarf\u00e9l\u00f6gum e\u00f0ur ei.<\/p>\n\n\n\n<p>\u00deetta \u00fe\u00fd\u00f0ir a\u00f0 r\u00edki\u00f0 styrkir starfsemi f\u00e9laga sem ala \u00e1 \u00f3tta vi\u00f0 andaverur og r\u00e1\u00f0a me\u00f0limum s\u00ednum (f\u00f3lki sem \u00f3ttast andaverur) fr\u00e1 \u00fev\u00ed a\u00f0 leita s\u00e9r ge\u00f0l\u00e6kninga. F\u00e9laga sem \u00e1stunda gr\u00edmulaust einelti. F\u00e9laga sem \u00fath\u00fdsa samkynhneig\u00f0um og \u00e1stunda alv\u00f6ru kvennak\u00fagun. Vi\u00f0 erum ekki a\u00f0 tala um veggspjald me\u00f0 mynd af kyssilegum munni e\u00f0a \u00f3smekklegan brandara, heldur kerfisbundna k\u00fagun me\u00f0 str\u00f6ngum reglum um heg\u00f0un og kl\u00e6\u00f0abur\u00f0 \u00e1samt yfirl\u00fdstri stefnu um a\u00f0 konur skuli vera k\u00f6rlum undirgefnar.<\/p>\n\n\n\n<p>Umr\u00e6\u00f0an um Snorra \u00ed Betel leiddi \u00ed lj\u00f3s a\u00f0 mikill fj\u00f6ldi manns telur e\u00f0lilegt a\u00f0 kennari s\u00e9 rekinn \u00far starfi fyrir a\u00f0 tj\u00e1 fullkomlega l\u00f6glegar sko\u00f0anir \u00e1 blogginu s\u00ednu. \u00dea\u00f0 stenst au\u00f0vita\u00f0 ekki l\u00f6g og \u00e9g hef \u00e1\u00f0ur&nbsp;<a href=\"http:\/\/blog.pressan.is\/evahauks\/2014\/04\/11\/baejarstjorn-akureyrar-a-ad-skammast-sin\/\">l\u00fdst \u00feeirri sko\u00f0un a\u00f0 Akueyrarb\u00e6r hafi or\u00f0i\u00f0 s\u00e9r til skammar<\/a>&nbsp;me\u00f0 tilt\u00e6kinu. En af hverju umber sama samf\u00e9lag \u00fea\u00f0 a\u00f0 skattgrei\u00f0endur s\u00e9u l\u00e1tnir grei\u00f0a styrki til \u00feeirra sem l\u00e1ta s\u00e9r ekki n\u00e6gja a\u00f0 l\u00fdsa klikku\u00f0um sko\u00f0unum, heldur fylgja \u00feeim eftir me\u00f0 andlegu ofbeldi gagnvart kornungu f\u00f3lki og jafnvel f\u00f3lki \u00e1 barnsaldri?<\/p>\n\n\n\n<p>Einhverjir munu m\u00f3tm\u00e6la \u00fev\u00ed a\u00f0 h\u00e9r s\u00e9 um r\u00edkisstyrki a\u00f0 r\u00e6\u00f0a, \u00feetta s\u00e9u a\u00f0eins f\u00e9lagsgj\u00f6ld. Gott og vel, vi\u00f0 getum kalla\u00f0 \u00fea\u00f0 f\u00e9lagsgj\u00f6ld en er \u00fea\u00f0 virkilega s\u00e6mandi a\u00f0 r\u00edki\u00f0 hafi millig\u00f6ngu um a\u00f0 innheimta f\u00e9lagsgj\u00f6ld fyrir dj\u00f6flafr\u00e6\u00f0inga?<\/p>\n\n\n\n<p>Uppf\u00e6rt: Samkv\u00e6mt uppl\u00fdsingum fr\u00e1 fj\u00e1rm\u00e1lar\u00e1\u00f0herra\u00a0<a href=\"http:\/\/www.vantru.is\/2014\/03\/26\/09.00\/\">innheimtir r\u00edkissj\u00f3\u00f0ur ekki lengur s\u00f3knargj\u00f6ld<\/a>. Framl\u00f6g til tr\u00faf\u00e9laga eru einfaldlega styrktarf\u00e9.<\/p>\n","protected":false},"excerpt":{"rendered":"<p>Mal\u00edn Brand&nbsp;sag\u00f0i fr\u00e1 reynslu sinni af s\u00f6fnu\u00f0i Votta Jeh\u00f3va \u00ed DV fyrir r\u00famu \u00e1ri. \u00cd vi\u00f0talinu l\u00fdsir h\u00fan \u00fev\u00ed hvernig s\u00f6fnu\u00f0urinn stu\u00f0lar a\u00f0 f\u00e9lagslegri einangrun. H\u00fan segir einnig fr\u00e1 bannf\u00e6ringunni sem h\u00fan var\u00f0 fyrir \u00feegar h\u00fan f\u00f3r a\u00f0 sko\u00f0a tr\u00fana me\u00f0 gagnr\u00fdnum augum, en bannf\u00e6ringin fellur fullkomlega a\u00f0 skilgreiningum flestra sk\u00f3la og vinnusta\u00f0a \u00e1 einelti. [&hellip;]<\/p>\n","protected":false},"author":7,"featured_media":2705,"comment_status":"closed","ping_status":"open","sticky":false,"template":"","format":"standard","meta":{"_et_pb_use_builder":"","_et_pb_old_content":"","_et_gb_content_width":"","footnotes":""},"categories":[449],"tags":[527,525,526],"class_list":["post-2702","post","type-post","status-publish","format-standard","has-post-thumbnail","hentry","category-truarbrogd","tag-krossinn","tag-rikisframlog","tag-vottar-jehova","et-has-post-format-content","et_post_format-et-post-format-standard"],"yoast_head":"<!-- This site is optimized with the Yoast SEO plugin v27.4 - https:\/\/yoast.com\/product\/yoast-seo-wordpress\/ -->\n<title>Eiga skattgrei\u00f0endur a\u00f0 styrkja dj\u00f6flafr\u00e6\u00f0inga? - Eva Hauksd\u00f3ttir<\/title>\n<meta name=\"robots\" content=\"index, follow, max-snippet:-1, max-image-preview:large, max-video-preview:-1\" \/>\n<link rel=\"canonical\" href=\"https:\/\/www.norn.is\/eva\/2014\/05\/21\/eiga-skattgreidendur-ad-styrkja-djoflafraedinga\/\" \/>\n<meta property=\"og:locale\" content=\"is_IS\" \/>\n<meta property=\"og:type\" content=\"article\" \/>\n<meta property=\"og:title\" content=\"Eiga skattgrei\u00f0endur a\u00f0 styrkja dj\u00f6flafr\u00e6\u00f0inga? - Eva Hauksd\u00f3ttir\" \/>\n<meta property=\"og:description\" content=\"Mal\u00edn Brand&nbsp;sag\u00f0i fr\u00e1 reynslu sinni af s\u00f6fnu\u00f0i Votta Jeh\u00f3va \u00ed DV fyrir r\u00famu \u00e1ri. \u00cd vi\u00f0talinu l\u00fdsir h\u00fan \u00fev\u00ed hvernig s\u00f6fnu\u00f0urinn stu\u00f0lar a\u00f0 f\u00e9lagslegri einangrun. H\u00fan segir einnig fr\u00e1 bannf\u00e6ringunni sem h\u00fan var\u00f0 fyrir \u00feegar h\u00fan f\u00f3r a\u00f0 sko\u00f0a tr\u00fana me\u00f0 gagnr\u00fdnum augum, en bannf\u00e6ringin fellur fullkomlega a\u00f0 skilgreiningum flestra sk\u00f3la og vinnusta\u00f0a \u00e1 einelti. [&hellip;]\" \/>\n<meta property=\"og:url\" content=\"https:\/\/www.norn.is\/eva\/2014\/05\/21\/eiga-skattgreidendur-ad-styrkja-djoflafraedinga\/\" \/>\n<meta property=\"og:site_name\" content=\"Eva Hauksd\u00f3ttir\" \/>\n<meta property=\"article:published_time\" content=\"2014-05-21T08:05:00+00:00\" \/>\n<meta property=\"article:modified_time\" content=\"2020-07-18T08:07:53+00:00\" \/>\n<meta property=\"og:image\" content=\"https:\/\/www.norn.is\/eva\/wp-content\/uploads\/sites\/36\/2020\/07\/jesusogdjofullinn-688x451-1.jpg\" \/>\n\t<meta property=\"og:image:width\" content=\"688\" \/>\n\t<meta property=\"og:image:height\" content=\"451\" \/>\n\t<meta property=\"og:image:type\" content=\"image\/jpeg\" \/>\n<meta name=\"author\" content=\"Eva Hauksd\u00f3ttir\" \/>\n<meta name=\"twitter:card\" content=\"summary_large_image\" \/>\n<meta name=\"twitter:label1\" content=\"Written by\" \/>\n\t<meta name=\"twitter:data1\" content=\"\" \/>\n\t<meta name=\"twitter:label2\" content=\"Est. reading time\" \/>\n\t<meta name=\"twitter:data2\" content=\"3 minutes\" \/>\n<script type=\"application\/ld+json\" class=\"yoast-schema-graph\">{\"@context\":\"https:\\\/\\\/schema.org\",\"@graph\":[{\"@type\":\"Article\",\"@id\":\"https:\\\/\\\/www.norn.is\\\/eva\\\/2014\\\/05\\\/21\\\/eiga-skattgreidendur-ad-styrkja-djoflafraedinga\\\/#article\",\"isPartOf\":{\"@id\":\"https:\\\/\\\/www.norn.is\\\/eva\\\/2014\\\/05\\\/21\\\/eiga-skattgreidendur-ad-styrkja-djoflafraedinga\\\/\"},\"author\":{\"name\":\"Eva Hauksd\u00f3ttir\",\"@id\":\"https:\\\/\\\/www.norn.is\\\/eva\\\/#\\\/schema\\\/person\\\/1d9742389918a297671033a2b53d3d34\"},\"headline\":\"Eiga skattgrei\u00f0endur a\u00f0 styrkja dj\u00f6flafr\u00e6\u00f0inga?\",\"datePublished\":\"2014-05-21T08:05:00+00:00\",\"dateModified\":\"2020-07-18T08:07:53+00:00\",\"mainEntityOfPage\":{\"@id\":\"https:\\\/\\\/www.norn.is\\\/eva\\\/2014\\\/05\\\/21\\\/eiga-skattgreidendur-ad-styrkja-djoflafraedinga\\\/\"},\"wordCount\":604,\"image\":{\"@id\":\"https:\\\/\\\/www.norn.is\\\/eva\\\/2014\\\/05\\\/21\\\/eiga-skattgreidendur-ad-styrkja-djoflafraedinga\\\/#primaryimage\"},\"thumbnailUrl\":\"https:\\\/\\\/www.norn.is\\\/eva\\\/wp-content\\\/uploads\\\/sites\\\/36\\\/2020\\\/07\\\/jesusogdjofullinn-688x451-1.jpg\",\"keywords\":[\"Krossinn\",\"r\u00edkisframl\u00f6g\",\"Vottar Jeh\u00f3va\"],\"articleSection\":[\"Tr\u00faarbr\u00f6g\u00f0\"],\"inLanguage\":\"is\"},{\"@type\":\"WebPage\",\"@id\":\"https:\\\/\\\/www.norn.is\\\/eva\\\/2014\\\/05\\\/21\\\/eiga-skattgreidendur-ad-styrkja-djoflafraedinga\\\/\",\"url\":\"https:\\\/\\\/www.norn.is\\\/eva\\\/2014\\\/05\\\/21\\\/eiga-skattgreidendur-ad-styrkja-djoflafraedinga\\\/\",\"name\":\"Eiga skattgrei\u00f0endur a\u00f0 styrkja dj\u00f6flafr\u00e6\u00f0inga? - Eva Hauksd\u00f3ttir\",\"isPartOf\":{\"@id\":\"https:\\\/\\\/www.norn.is\\\/eva\\\/#website\"},\"primaryImageOfPage\":{\"@id\":\"https:\\\/\\\/www.norn.is\\\/eva\\\/2014\\\/05\\\/21\\\/eiga-skattgreidendur-ad-styrkja-djoflafraedinga\\\/#primaryimage\"},\"image\":{\"@id\":\"https:\\\/\\\/www.norn.is\\\/eva\\\/2014\\\/05\\\/21\\\/eiga-skattgreidendur-ad-styrkja-djoflafraedinga\\\/#primaryimage\"},\"thumbnailUrl\":\"https:\\\/\\\/www.norn.is\\\/eva\\\/wp-content\\\/uploads\\\/sites\\\/36\\\/2020\\\/07\\\/jesusogdjofullinn-688x451-1.jpg\",\"datePublished\":\"2014-05-21T08:05:00+00:00\",\"dateModified\":\"2020-07-18T08:07:53+00:00\",\"author\":{\"@id\":\"https:\\\/\\\/www.norn.is\\\/eva\\\/#\\\/schema\\\/person\\\/1d9742389918a297671033a2b53d3d34\"},\"breadcrumb\":{\"@id\":\"https:\\\/\\\/www.norn.is\\\/eva\\\/2014\\\/05\\\/21\\\/eiga-skattgreidendur-ad-styrkja-djoflafraedinga\\\/#breadcrumb\"},\"inLanguage\":\"is\",\"potentialAction\":[{\"@type\":\"ReadAction\",\"target\":[\"https:\\\/\\\/www.norn.is\\\/eva\\\/2014\\\/05\\\/21\\\/eiga-skattgreidendur-ad-styrkja-djoflafraedinga\\\/\"]}]},{\"@type\":\"ImageObject\",\"inLanguage\":\"is\",\"@id\":\"https:\\\/\\\/www.norn.is\\\/eva\\\/2014\\\/05\\\/21\\\/eiga-skattgreidendur-ad-styrkja-djoflafraedinga\\\/#primaryimage\",\"url\":\"https:\\\/\\\/www.norn.is\\\/eva\\\/wp-content\\\/uploads\\\/sites\\\/36\\\/2020\\\/07\\\/jesusogdjofullinn-688x451-1.jpg\",\"contentUrl\":\"https:\\\/\\\/www.norn.is\\\/eva\\\/wp-content\\\/uploads\\\/sites\\\/36\\\/2020\\\/07\\\/jesusogdjofullinn-688x451-1.jpg\",\"width\":688,\"height\":451},{\"@type\":\"BreadcrumbList\",\"@id\":\"https:\\\/\\\/www.norn.is\\\/eva\\\/2014\\\/05\\\/21\\\/eiga-skattgreidendur-ad-styrkja-djoflafraedinga\\\/#breadcrumb\",\"itemListElement\":[{\"@type\":\"ListItem\",\"position\":1,\"name\":\"Home\",\"item\":\"https:\\\/\\\/www.norn.is\\\/eva\\\/\"},{\"@type\":\"ListItem\",\"position\":2,\"name\":\"Eiga skattgrei\u00f0endur a\u00f0 styrkja dj\u00f6flafr\u00e6\u00f0inga?\"}]},{\"@type\":\"WebSite\",\"@id\":\"https:\\\/\\\/www.norn.is\\\/eva\\\/#website\",\"url\":\"https:\\\/\\\/www.norn.is\\\/eva\\\/\",\"name\":\"Eva Hauksd\u00f3ttir\",\"description\":\"Evu blogg\",\"potentialAction\":[{\"@type\":\"SearchAction\",\"target\":{\"@type\":\"EntryPoint\",\"urlTemplate\":\"https:\\\/\\\/www.norn.is\\\/eva\\\/?s={search_term_string}\"},\"query-input\":{\"@type\":\"PropertyValueSpecification\",\"valueRequired\":true,\"valueName\":\"search_term_string\"}}],\"inLanguage\":\"is\"},{\"@type\":\"Person\",\"@id\":\"https:\\\/\\\/www.norn.is\\\/eva\\\/#\\\/schema\\\/person\\\/1d9742389918a297671033a2b53d3d34\",\"name\":\"Eva Hauksd\u00f3ttir\",\"image\":{\"@type\":\"ImageObject\",\"inLanguage\":\"is\",\"@id\":\"https:\\\/\\\/secure.gravatar.com\\\/avatar\\\/3690cd9ff7436a8a5d80acdc8fcb1046fbb9e002d4b532c85080d1bcbede84ce?s=96&d=mm&r=g\",\"url\":\"https:\\\/\\\/secure.gravatar.com\\\/avatar\\\/3690cd9ff7436a8a5d80acdc8fcb1046fbb9e002d4b532c85080d1bcbede84ce?s=96&d=mm&r=g\",\"contentUrl\":\"https:\\\/\\\/secure.gravatar.com\\\/avatar\\\/3690cd9ff7436a8a5d80acdc8fcb1046fbb9e002d4b532c85080d1bcbede84ce?s=96&d=mm&r=g\",\"caption\":\"Eva Hauksd\u00f3ttir\"},\"url\":\"https:\\\/\\\/www.norn.is\\\/eva\\\/author\\\/evahauks\\\/\"}]}<\/script>\n<!-- \/ Yoast SEO plugin. -->","yoast_head_json":{"title":"Eiga skattgrei\u00f0endur a\u00f0 styrkja dj\u00f6flafr\u00e6\u00f0inga? - Eva Hauksd\u00f3ttir","robots":{"index":"index","follow":"follow","max-snippet":"max-snippet:-1","max-image-preview":"max-image-preview:large","max-video-preview":"max-video-preview:-1"},"canonical":"https:\/\/www.norn.is\/eva\/2014\/05\/21\/eiga-skattgreidendur-ad-styrkja-djoflafraedinga\/","og_locale":"is_IS","og_type":"article","og_title":"Eiga skattgrei\u00f0endur a\u00f0 styrkja dj\u00f6flafr\u00e6\u00f0inga? - Eva Hauksd\u00f3ttir","og_description":"Mal\u00edn Brand&nbsp;sag\u00f0i fr\u00e1 reynslu sinni af s\u00f6fnu\u00f0i Votta Jeh\u00f3va \u00ed DV fyrir r\u00famu \u00e1ri. \u00cd vi\u00f0talinu l\u00fdsir h\u00fan \u00fev\u00ed hvernig s\u00f6fnu\u00f0urinn stu\u00f0lar a\u00f0 f\u00e9lagslegri einangrun. H\u00fan segir einnig fr\u00e1 bannf\u00e6ringunni sem h\u00fan var\u00f0 fyrir \u00feegar h\u00fan f\u00f3r a\u00f0 sko\u00f0a tr\u00fana me\u00f0 gagnr\u00fdnum augum, en bannf\u00e6ringin fellur fullkomlega a\u00f0 skilgreiningum flestra sk\u00f3la og vinnusta\u00f0a \u00e1 einelti. [&hellip;]","og_url":"https:\/\/www.norn.is\/eva\/2014\/05\/21\/eiga-skattgreidendur-ad-styrkja-djoflafraedinga\/","og_site_name":"Eva Hauksd\u00f3ttir","article_published_time":"2014-05-21T08:05:00+00:00","article_modified_time":"2020-07-18T08:07:53+00:00","og_image":[{"width":688,"height":451,"url":"https:\/\/www.norn.is\/eva\/wp-content\/uploads\/sites\/36\/2020\/07\/jesusogdjofullinn-688x451-1.jpg","type":"image\/jpeg"}],"author":"Eva Hauksd\u00f3ttir","twitter_card":"summary_large_image","twitter_misc":{"Written by":false,"Est. reading time":"3 minutes"},"schema":{"@context":"https:\/\/schema.org","@graph":[{"@type":"Article","@id":"https:\/\/www.norn.is\/eva\/2014\/05\/21\/eiga-skattgreidendur-ad-styrkja-djoflafraedinga\/#article","isPartOf":{"@id":"https:\/\/www.norn.is\/eva\/2014\/05\/21\/eiga-skattgreidendur-ad-styrkja-djoflafraedinga\/"},"author":{"name":"Eva Hauksd\u00f3ttir","@id":"https:\/\/www.norn.is\/eva\/#\/schema\/person\/1d9742389918a297671033a2b53d3d34"},"headline":"Eiga skattgrei\u00f0endur a\u00f0 styrkja dj\u00f6flafr\u00e6\u00f0inga?","datePublished":"2014-05-21T08:05:00+00:00","dateModified":"2020-07-18T08:07:53+00:00","mainEntityOfPage":{"@id":"https:\/\/www.norn.is\/eva\/2014\/05\/21\/eiga-skattgreidendur-ad-styrkja-djoflafraedinga\/"},"wordCount":604,"image":{"@id":"https:\/\/www.norn.is\/eva\/2014\/05\/21\/eiga-skattgreidendur-ad-styrkja-djoflafraedinga\/#primaryimage"},"thumbnailUrl":"https:\/\/www.norn.is\/eva\/wp-content\/uploads\/sites\/36\/2020\/07\/jesusogdjofullinn-688x451-1.jpg","keywords":["Krossinn","r\u00edkisframl\u00f6g","Vottar Jeh\u00f3va"],"articleSection":["Tr\u00faarbr\u00f6g\u00f0"],"inLanguage":"is"},{"@type":"WebPage","@id":"https:\/\/www.norn.is\/eva\/2014\/05\/21\/eiga-skattgreidendur-ad-styrkja-djoflafraedinga\/","url":"https:\/\/www.norn.is\/eva\/2014\/05\/21\/eiga-skattgreidendur-ad-styrkja-djoflafraedinga\/","name":"Eiga skattgrei\u00f0endur a\u00f0 styrkja dj\u00f6flafr\u00e6\u00f0inga? - Eva Hauksd\u00f3ttir","isPartOf":{"@id":"https:\/\/www.norn.is\/eva\/#website"},"primaryImageOfPage":{"@id":"https:\/\/www.norn.is\/eva\/2014\/05\/21\/eiga-skattgreidendur-ad-styrkja-djoflafraedinga\/#primaryimage"},"image":{"@id":"https:\/\/www.norn.is\/eva\/2014\/05\/21\/eiga-skattgreidendur-ad-styrkja-djoflafraedinga\/#primaryimage"},"thumbnailUrl":"https:\/\/www.norn.is\/eva\/wp-content\/uploads\/sites\/36\/2020\/07\/jesusogdjofullinn-688x451-1.jpg","datePublished":"2014-05-21T08:05:00+00:00","dateModified":"2020-07-18T08:07:53+00:00","author":{"@id":"https:\/\/www.norn.is\/eva\/#\/schema\/person\/1d9742389918a297671033a2b53d3d34"},"breadcrumb":{"@id":"https:\/\/www.norn.is\/eva\/2014\/05\/21\/eiga-skattgreidendur-ad-styrkja-djoflafraedinga\/#breadcrumb"},"inLanguage":"is","potentialAction":[{"@type":"ReadAction","target":["https:\/\/www.norn.is\/eva\/2014\/05\/21\/eiga-skattgreidendur-ad-styrkja-djoflafraedinga\/"]}]},{"@type":"ImageObject","inLanguage":"is","@id":"https:\/\/www.norn.is\/eva\/2014\/05\/21\/eiga-skattgreidendur-ad-styrkja-djoflafraedinga\/#primaryimage","url":"https:\/\/www.norn.is\/eva\/wp-content\/uploads\/sites\/36\/2020\/07\/jesusogdjofullinn-688x451-1.jpg","contentUrl":"https:\/\/www.norn.is\/eva\/wp-content\/uploads\/sites\/36\/2020\/07\/jesusogdjofullinn-688x451-1.jpg","width":688,"height":451},{"@type":"BreadcrumbList","@id":"https:\/\/www.norn.is\/eva\/2014\/05\/21\/eiga-skattgreidendur-ad-styrkja-djoflafraedinga\/#breadcrumb","itemListElement":[{"@type":"ListItem","position":1,"name":"Home","item":"https:\/\/www.norn.is\/eva\/"},{"@type":"ListItem","position":2,"name":"Eiga skattgrei\u00f0endur a\u00f0 styrkja dj\u00f6flafr\u00e6\u00f0inga?"}]},{"@type":"WebSite","@id":"https:\/\/www.norn.is\/eva\/#website","url":"https:\/\/www.norn.is\/eva\/","name":"Eva Hauksd\u00f3ttir","description":"Evu blogg","potentialAction":[{"@type":"SearchAction","target":{"@type":"EntryPoint","urlTemplate":"https:\/\/www.norn.is\/eva\/?s={search_term_string}"},"query-input":{"@type":"PropertyValueSpecification","valueRequired":true,"valueName":"search_term_string"}}],"inLanguage":"is"},{"@type":"Person","@id":"https:\/\/www.norn.is\/eva\/#\/schema\/person\/1d9742389918a297671033a2b53d3d34","name":"Eva Hauksd\u00f3ttir","image":{"@type":"ImageObject","inLanguage":"is","@id":"https:\/\/secure.gravatar.com\/avatar\/3690cd9ff7436a8a5d80acdc8fcb1046fbb9e002d4b532c85080d1bcbede84ce?s=96&d=mm&r=g","url":"https:\/\/secure.gravatar.com\/avatar\/3690cd9ff7436a8a5d80acdc8fcb1046fbb9e002d4b532c85080d1bcbede84ce?s=96&d=mm&r=g","contentUrl":"https:\/\/secure.gravatar.com\/avatar\/3690cd9ff7436a8a5d80acdc8fcb1046fbb9e002d4b532c85080d1bcbede84ce?s=96&d=mm&r=g","caption":"Eva Hauksd\u00f3ttir"},"url":"https:\/\/www.norn.is\/eva\/author\/evahauks\/"}]}},"_links":{"self":[{"href":"https:\/\/www.norn.is\/eva\/wp-json\/wp\/v2\/posts\/2702","targetHints":{"allow":["GET"]}}],"collection":[{"href":"https:\/\/www.norn.is\/eva\/wp-json\/wp\/v2\/posts"}],"about":[{"href":"https:\/\/www.norn.is\/eva\/wp-json\/wp\/v2\/types\/post"}],"author":[{"embeddable":true,"href":"https:\/\/www.norn.is\/eva\/wp-json\/wp\/v2\/users\/7"}],"replies":[{"embeddable":true,"href":"https:\/\/www.norn.is\/eva\/wp-json\/wp\/v2\/comments?post=2702"}],"version-history":[{"count":2,"href":"https:\/\/www.norn.is\/eva\/wp-json\/wp\/v2\/posts\/2702\/revisions"}],"predecessor-version":[{"id":2706,"href":"https:\/\/www.norn.is\/eva\/wp-json\/wp\/v2\/posts\/2702\/revisions\/2706"}],"wp:featuredmedia":[{"embeddable":true,"href":"https:\/\/www.norn.is\/eva\/wp-json\/wp\/v2\/media\/2705"}],"wp:attachment":[{"href":"https:\/\/www.norn.is\/eva\/wp-json\/wp\/v2\/media?parent=2702"}],"wp:term":[{"taxonomy":"category","embeddable":true,"href":"https:\/\/www.norn.is\/eva\/wp-json\/wp\/v2\/categories?post=2702"},{"taxonomy":"post_tag","embeddable":true,"href":"https:\/\/www.norn.is\/eva\/wp-json\/wp\/v2\/tags?post=2702"}],"curies":[{"name":"wp","href":"https:\/\/api.w.org\/{rel}","templated":true}]}}