{"id":2681,"date":"2014-06-12T06:32:59","date_gmt":"2014-06-12T06:32:59","guid":{"rendered":"http:\/\/www.norn.is\/eva\/?p=2681"},"modified":"2020-07-18T06:43:21","modified_gmt":"2020-07-18T06:43:21","slug":"var-muhammad-spamadur-barnanidingur","status":"publish","type":"post","link":"https:\/\/www.norn.is\/eva\/2014\/06\/12\/var-muhammad-spamadur-barnanidingur\/","title":{"rendered":"Var Muhammad sp\u00e1ma\u00f0ur barnan\u00ed\u00f0ingur?"},"content":{"rendered":"\n<p>Kvennabla\u00f0i\u00f0 birti n\u00fdveri\u00f0\u00a0vi\u00f0tal Evu Hauksd\u00f3ttur vi\u00f0 Sverri Agnarsson\u00a0formann f\u00e9lags m\u00fasl\u00edma \u00e1 \u00cdslandi. <\/p>\n\n\n<div class=\"vlp-link-container vlp-layout-basic wp-block-visual-link-preview-link\"><a href=\"https:\/\/www.norn.is\/eva\/2014\/06\/10\/truarbrogd-eru-oft-notud-til-ad-rettlaeta-vodaverk\/\" class=\"vlp-link\" title=\"Tr\u00faarbr\u00f6g\u00f0 eru oft notu\u00f0 til a\u00f0 r\u00e9ttl\u00e6ta vo\u00f0averk\"><\/a><div class=\"vlp-layout-zone-side\"><div class=\"vlp-block-2 vlp-link-image\"><img loading=\"lazy\" decoding=\"async\" style=\"max-width: 150px;\" width=\"150\" height=\"98\" src=\"https:\/\/www.norn.is\/eva\/wp-content\/uploads\/sites\/36\/2020\/05\/quran1-688x451-1.jpg\" class=\"attachment-150x999 size-150x999\" alt=\"\" srcset=\"https:\/\/www.norn.is\/eva\/wp-content\/uploads\/sites\/36\/2020\/05\/quran1-688x451-1.jpg 688w, https:\/\/www.norn.is\/eva\/wp-content\/uploads\/sites\/36\/2020\/05\/quran1-688x451-1-300x197.jpg 300w\" sizes=\"auto, (max-width: 150px) 100vw, 150px\" \/><\/div><\/div><div class=\"vlp-layout-zone-main\"><div class=\"vlp-block-0 vlp-link-title\">Tr\u00faarbr\u00f6g\u00f0 eru oft notu\u00f0 til a\u00f0 r\u00e9ttl\u00e6ta vo\u00f0averk<\/div><div class=\"vlp-block-1 vlp-link-summary\">Sverrir Agnarsson er forma\u00f0ur f\u00e9lags m\u00fasl\u00edma \u00e1 \u00cdslandi. \u00c9g spur\u00f0i hann \u00fat \u00ed nokkrar hugmyndir um Islam og m\u00fasl\u00edma sem hafa veri\u00f0 miki\u00f0 \u00ed umr\u00e6\u00f0unni a\u00f0 undanf\u00f6rnu. -n\u00cdslendingar tengja Islam gjarnan vi\u00f0 menningu Mi\u00f0-Austurlanda og fremur fornaldarleg vi\u00f0horf. Hva\u00f0 er \u00fea\u00f0 vi\u00f0 \u00feessi tr\u00faarbr\u00f6g\u00f0 sem h\u00f6f\u00f0ar til \u00fe\u00edn sem n\u00fat\u00edma [&hellip;]<\/div><\/div><\/div>\n\n\n<p>\u00cd framhaldinu \u00e1kv\u00e1\u00f0um vi\u00f0 a\u00f0 birta sv\u00f6r Sverris vi\u00f0 nokkrum spurningum sem hafa veri\u00f0 \u00e1berandi \u00ed umr\u00e6\u00f0u s\u00ed\u00f0ustu vikna. H\u00e9r kemur \u00fea\u00f0 fyrsta.<\/p>\n\n\n\n<p><strong>Hvernig getur \u00fea\u00f0 sta\u00f0ist a\u00f0 Islam bo\u00f0i ekki barnabr\u00fa\u00f0kaup og \u00fear me\u00f0 barnan\u00ed\u00f0, \u00feegar Muhammad sp\u00e1ma\u00f0ur, hin fullkomna fyrirmynd m\u00fasl\u00edma, kv\u00e6ntist 6 \u00e1ra barni og fullkomna\u00f0i hj\u00f3nabandi\u00f0 \u00feegar st\u00falkan var 9 \u00e1ra?<\/strong><\/p>\n\n\n\n<p><strong>Sverrir svarar:<\/strong><\/p>\n\n\n\n<p>Vi\u00f0 skulum hafa \u00ed huga a\u00f0 \u00ed Mekka og Med\u00edna \u00feegar Islam kemur fram \u00e1 sj\u00f3narsvi\u00f0i\u00f0 er t\u00edmatal mj\u00f6g \u00f3lj\u00f3st og allar uppl\u00fdsingar um aldur \u00fev\u00ed vafasamar. \u00dea\u00f0 er samt h\u00e6gt a\u00f0 strika strax burt or\u00f0i\u00f0 barnan\u00ed\u00f0 \u00fev\u00ed \u00fea\u00f0 er \u00f3umdeilt a\u00f0 Aisha, en \u00fea\u00f0 er nafn konunnar, var kyn\u00feroska \u00feegar saml\u00edf \u00feeirra h\u00f3fst og a\u00f0 h\u00fan haf\u00f0i \u00e1\u00f0ur veri\u00f0 lofu\u00f0 \u00f6\u00f0rum manni. \u00dea\u00f0 vir\u00f0ist vera a\u00f0 \u00fatbreidd sko\u00f0un a\u00f0 margar heimildir s\u00e9u til um aldur Aisah \u00feegar h\u00fan giftist M\u00fahammad. Sumir, sem bl\u00e1sa hva\u00f0 mest um \u00feetta m\u00e1l h\u00e9rlendis vir\u00f0ast halda a\u00f0 h\u00fan hafi sj\u00e1lf skrifa\u00f0 um \u00fea\u00f0 \u00ed b\u00f3k e\u00f0a a\u00f0 h\u00fan hef\u00f0i nefnt aldur sinn vi\u00f0 giftingu beint vi\u00f0 Buhkari sem er virtasti heimildarma\u00f0urinn um l\u00edf sp\u00e1mannsins.<\/p>\n\n\n\n<p>\u00dea\u00f0 er langt \u00ed fr\u00e1 a\u00f0 til s\u00e9u margar e\u00f0a \u00e1rei\u00f0anlegar heimildir um giftingaraldur Aisahu Eina heimildin sem Bukhari, sem er \u00e1rei\u00f0anlegastur hadith fr\u00e6\u00f0imannanna, skr\u00e1ir um a\u00f0 Aisha hafi veri\u00f0 9 \u00e1ra kemur fr\u00e1 einum manni, Hishab ibn Urwa, \u00feegar hann er or\u00f0inn gamall ma\u00f0ur \u00ed Irak 70 \u00e1rum eftir dau\u00f0a M\u00fahammeds og haf\u00f0i veri\u00f0 \u00ed munnlegri geymd 6-7 kynsl\u00f3\u00f0a \u00feegar Bukhari skrifar hana ni\u00f0ur. &nbsp;\u00dea\u00f0 er a\u00f0 v\u00edsu einn annar heimildarma\u00f0ur hj\u00e1 M\u00fasl\u00edm, sem var l\u00e6risveinn Bukhari, en \u00fear sem Bukhari tekur hann ekki me\u00f0 er h\u00fan vafass\u00f6m og \u00feegar ekki eru allavega \u00fer\u00edr heimildarmenn a\u00f0 hadith, telst h\u00fan veik.<\/p>\n\n\n\n<p>\u00deegar Bukhari skrifar ni\u00f0ur \u00feessa s\u00f6gn eru li\u00f0in 200 \u00e1r fr\u00e1 dau\u00f0a Hisham ibn Urwa sem sag\u00f0i s\u00f6guna og u.\u00fe.b. 220 \u00e1r fr\u00e1 &nbsp;l\u00e1ti Muhammads og heimildirnar eru munnm\u00e6li. \u00dea\u00f0 er bara \u00feessi eina heimild sem er undirsta\u00f0an \u00ed \u00f6llum skrifum og fullyr\u00f0ingum sem segja a\u00f0 Aisha s\u00e9 6 \u00e1ra vi\u00f0 giftingu og 9 \u00e1ra \u00feegar samvera \u00feeirra hefst. Engin \u00f6nnur heimild \u00ed \u00f6llum \u00feeim \u00fe\u00fasundum heimilda sem Bukhari skrifa\u00f0i ni\u00f0ur nefnir \u00feetta. \u00deess er aldrei geti\u00f0 (og sennilega hafa flestir um \u00fea\u00f0 enga hugmynd) a\u00f0 til eru margar a\u00f0rar fr\u00e1sagnir og s\u00f6gulegar heimildir sem geta varpa\u00f0 lj\u00f3si \u00e1 aldur Aishu og \u00fe\u00e6r segja allt anna\u00f0. \u00dea\u00f0 er miklu l\u00edklegra a\u00f0 h\u00fan hafi veri\u00f0 a\u00f0 minnsta kosti 18 \u00e1ra.<\/p>\n\n\n\n<p>\u00dea\u00f0 er r\u00e9tt a\u00f0 margir islamskir kennimenn vitna \u00ed \u00feessa heimild sem byggir \u00e1 fr\u00e1s\u00f6gn Hisham ibn Urwa en heimildin ver\u00f0ur ekkert \u00e1rei\u00f0anlegri \u00fe\u00f3tt \u00feeir tr\u00fai \u00fev\u00ed a\u00f0 hadithur Bukhar\u00eds s\u00e9u \u00f3brig\u00f0ular og vilji byggja lagasetningar \u00e1 jafnvel veikum hadithum. Karlremban t\u00f3k flj\u00f3tlega yfir allar ritsk\u00fdringar \u00ed Islam eins og \u00ed \u00f6\u00f0rum tr\u00faarbr\u00f6g\u00f0um en aldur Aishu var l\u00edti\u00f0 r\u00e6ddur \u00fear til \u00e1 s\u00ed\u00f0ustu \u00f6ld og aldrei af samt\u00edmam\u00f6nnum Muhammads enda hefur gifting \u00feeirra ekki skori\u00f0 sig \u00far \u00f6\u00f0rum hj\u00f3nab\u00f6ndum \u00feess t\u00edma.<\/p>\n\n\n\n<blockquote class=\"wp-block-quote is-layout-flow wp-block-quote-is-layout-flow\"><p>Sannleikurinn er s\u00e1 a\u00f0 enginn getur vita\u00f0 neitt me\u00f0 vissu um aldur Ashiu \u00feegar h\u00fan giftist Muhammad.&nbsp;Sennilegast er a\u00f0 h\u00fan hafi veri\u00f0 18 \u2013 20 \u00e1ra \u00feegar hj\u00f3nband \u00feeirra hefst.<\/p><\/blockquote>\n\n\n\n<p>Aisha lif\u00f0i m\u00f6rg \u00e1r eftir Muhammad og er ein helsta heimildin um hann. L\u00fdsingar hennar \u00e1 honum sem einstaklingi og eiginmanni bera vott um dj\u00fapst\u00e6tt samband milli \u00feeirra sem er eins lang fr\u00e1 barnan\u00ed\u00f0i og h\u00e6gt er. <\/p>\n","protected":false},"excerpt":{"rendered":"<p>Kvennabla\u00f0i\u00f0 birti n\u00fdveri\u00f0\u00a0vi\u00f0tal Evu Hauksd\u00f3ttur vi\u00f0 Sverri Agnarsson\u00a0formann f\u00e9lags m\u00fasl\u00edma \u00e1 \u00cdslandi. \u00cd framhaldinu \u00e1kv\u00e1\u00f0um vi\u00f0 a\u00f0 birta sv\u00f6r Sverris vi\u00f0 nokkrum spurningum sem hafa veri\u00f0 \u00e1berandi \u00ed umr\u00e6\u00f0u s\u00ed\u00f0ustu vikna. H\u00e9r kemur \u00fea\u00f0 fyrsta. Hvernig getur \u00fea\u00f0 sta\u00f0ist a\u00f0 Islam bo\u00f0i ekki barnabr\u00fa\u00f0kaup og \u00fear me\u00f0 barnan\u00ed\u00f0, \u00feegar Muhammad sp\u00e1ma\u00f0ur, hin fullkomna fyrirmynd m\u00fasl\u00edma, [&hellip;]<\/p>\n","protected":false},"author":7,"featured_media":2683,"comment_status":"closed","ping_status":"open","sticky":false,"template":"","format":"standard","meta":{"_et_pb_use_builder":"","_et_pb_old_content":"","_et_gb_content_width":"","footnotes":""},"categories":[449],"tags":[523,522,70],"class_list":["post-2681","post","type-post","status-publish","format-standard","has-post-thumbnail","hentry","category-truarbrogd","tag-aisha","tag-barnahjonabond","tag-islam","et-has-post-format-content","et_post_format-et-post-format-standard"],"yoast_head":"<!-- This site is optimized with the Yoast SEO plugin v27.5 - https:\/\/yoast.com\/product\/yoast-seo-wordpress\/ -->\n<title>Var Muhammad sp\u00e1ma\u00f0ur barnan\u00ed\u00f0ingur? - Eva Hauksd\u00f3ttir<\/title>\n<meta name=\"robots\" content=\"index, follow, max-snippet:-1, max-image-preview:large, max-video-preview:-1\" \/>\n<link rel=\"canonical\" href=\"https:\/\/www.norn.is\/eva\/2014\/06\/12\/var-muhammad-spamadur-barnanidingur\/\" \/>\n<meta property=\"og:locale\" content=\"is_IS\" \/>\n<meta property=\"og:type\" content=\"article\" \/>\n<meta property=\"og:title\" content=\"Var Muhammad sp\u00e1ma\u00f0ur barnan\u00ed\u00f0ingur? - Eva Hauksd\u00f3ttir\" \/>\n<meta property=\"og:description\" content=\"Kvennabla\u00f0i\u00f0 birti n\u00fdveri\u00f0\u00a0vi\u00f0tal Evu Hauksd\u00f3ttur vi\u00f0 Sverri Agnarsson\u00a0formann f\u00e9lags m\u00fasl\u00edma \u00e1 \u00cdslandi. \u00cd framhaldinu \u00e1kv\u00e1\u00f0um vi\u00f0 a\u00f0 birta sv\u00f6r Sverris vi\u00f0 nokkrum spurningum sem hafa veri\u00f0 \u00e1berandi \u00ed umr\u00e6\u00f0u s\u00ed\u00f0ustu vikna. H\u00e9r kemur \u00fea\u00f0 fyrsta. Hvernig getur \u00fea\u00f0 sta\u00f0ist a\u00f0 Islam bo\u00f0i ekki barnabr\u00fa\u00f0kaup og \u00fear me\u00f0 barnan\u00ed\u00f0, \u00feegar Muhammad sp\u00e1ma\u00f0ur, hin fullkomna fyrirmynd m\u00fasl\u00edma, [&hellip;]\" \/>\n<meta property=\"og:url\" content=\"https:\/\/www.norn.is\/eva\/2014\/06\/12\/var-muhammad-spamadur-barnanidingur\/\" \/>\n<meta property=\"og:site_name\" content=\"Eva Hauksd\u00f3ttir\" \/>\n<meta property=\"article:published_time\" content=\"2014-06-12T06:32:59+00:00\" \/>\n<meta property=\"article:modified_time\" content=\"2020-07-18T06:43:21+00:00\" \/>\n<meta property=\"og:image\" content=\"https:\/\/www.norn.is\/eva\/wp-content\/uploads\/sites\/36\/2014\/06\/maxresdefault.jpg\" \/>\n\t<meta property=\"og:image:width\" content=\"1280\" \/>\n\t<meta property=\"og:image:height\" content=\"720\" \/>\n\t<meta property=\"og:image:type\" content=\"image\/jpeg\" \/>\n<meta name=\"author\" content=\"Eva Hauksd\u00f3ttir\" \/>\n<meta name=\"twitter:card\" content=\"summary_large_image\" \/>\n<meta name=\"twitter:label1\" content=\"Written by\" \/>\n\t<meta name=\"twitter:data1\" content=\"\" \/>\n\t<meta name=\"twitter:label2\" content=\"Est. reading time\" \/>\n\t<meta name=\"twitter:data2\" content=\"4 minutes\" \/>\n<script type=\"application\/ld+json\" class=\"yoast-schema-graph\">{\"@context\":\"https:\\\/\\\/schema.org\",\"@graph\":[{\"@type\":\"Article\",\"@id\":\"https:\\\/\\\/www.norn.is\\\/eva\\\/2014\\\/06\\\/12\\\/var-muhammad-spamadur-barnanidingur\\\/#article\",\"isPartOf\":{\"@id\":\"https:\\\/\\\/www.norn.is\\\/eva\\\/2014\\\/06\\\/12\\\/var-muhammad-spamadur-barnanidingur\\\/\"},\"author\":{\"name\":\"Eva Hauksd\u00f3ttir\",\"@id\":\"https:\\\/\\\/www.norn.is\\\/eva\\\/#\\\/schema\\\/person\\\/1d9742389918a297671033a2b53d3d34\"},\"headline\":\"Var Muhammad sp\u00e1ma\u00f0ur barnan\u00ed\u00f0ingur?\",\"datePublished\":\"2014-06-12T06:32:59+00:00\",\"dateModified\":\"2020-07-18T06:43:21+00:00\",\"mainEntityOfPage\":{\"@id\":\"https:\\\/\\\/www.norn.is\\\/eva\\\/2014\\\/06\\\/12\\\/var-muhammad-spamadur-barnanidingur\\\/\"},\"wordCount\":746,\"image\":{\"@id\":\"https:\\\/\\\/www.norn.is\\\/eva\\\/2014\\\/06\\\/12\\\/var-muhammad-spamadur-barnanidingur\\\/#primaryimage\"},\"thumbnailUrl\":\"https:\\\/\\\/www.norn.is\\\/eva\\\/wp-content\\\/uploads\\\/sites\\\/36\\\/2014\\\/06\\\/maxresdefault.jpg\",\"keywords\":[\"Aisha\",\"barnahj\u00f3nab\u00f6nd\",\"Islam\"],\"articleSection\":[\"Tr\u00faarbr\u00f6g\u00f0\"],\"inLanguage\":\"is\"},{\"@type\":\"WebPage\",\"@id\":\"https:\\\/\\\/www.norn.is\\\/eva\\\/2014\\\/06\\\/12\\\/var-muhammad-spamadur-barnanidingur\\\/\",\"url\":\"https:\\\/\\\/www.norn.is\\\/eva\\\/2014\\\/06\\\/12\\\/var-muhammad-spamadur-barnanidingur\\\/\",\"name\":\"Var Muhammad sp\u00e1ma\u00f0ur barnan\u00ed\u00f0ingur? - Eva Hauksd\u00f3ttir\",\"isPartOf\":{\"@id\":\"https:\\\/\\\/www.norn.is\\\/eva\\\/#website\"},\"primaryImageOfPage\":{\"@id\":\"https:\\\/\\\/www.norn.is\\\/eva\\\/2014\\\/06\\\/12\\\/var-muhammad-spamadur-barnanidingur\\\/#primaryimage\"},\"image\":{\"@id\":\"https:\\\/\\\/www.norn.is\\\/eva\\\/2014\\\/06\\\/12\\\/var-muhammad-spamadur-barnanidingur\\\/#primaryimage\"},\"thumbnailUrl\":\"https:\\\/\\\/www.norn.is\\\/eva\\\/wp-content\\\/uploads\\\/sites\\\/36\\\/2014\\\/06\\\/maxresdefault.jpg\",\"datePublished\":\"2014-06-12T06:32:59+00:00\",\"dateModified\":\"2020-07-18T06:43:21+00:00\",\"author\":{\"@id\":\"https:\\\/\\\/www.norn.is\\\/eva\\\/#\\\/schema\\\/person\\\/1d9742389918a297671033a2b53d3d34\"},\"breadcrumb\":{\"@id\":\"https:\\\/\\\/www.norn.is\\\/eva\\\/2014\\\/06\\\/12\\\/var-muhammad-spamadur-barnanidingur\\\/#breadcrumb\"},\"inLanguage\":\"is\",\"potentialAction\":[{\"@type\":\"ReadAction\",\"target\":[\"https:\\\/\\\/www.norn.is\\\/eva\\\/2014\\\/06\\\/12\\\/var-muhammad-spamadur-barnanidingur\\\/\"]}]},{\"@type\":\"ImageObject\",\"inLanguage\":\"is\",\"@id\":\"https:\\\/\\\/www.norn.is\\\/eva\\\/2014\\\/06\\\/12\\\/var-muhammad-spamadur-barnanidingur\\\/#primaryimage\",\"url\":\"https:\\\/\\\/www.norn.is\\\/eva\\\/wp-content\\\/uploads\\\/sites\\\/36\\\/2014\\\/06\\\/maxresdefault.jpg\",\"contentUrl\":\"https:\\\/\\\/www.norn.is\\\/eva\\\/wp-content\\\/uploads\\\/sites\\\/36\\\/2014\\\/06\\\/maxresdefault.jpg\",\"width\":1280,\"height\":720},{\"@type\":\"BreadcrumbList\",\"@id\":\"https:\\\/\\\/www.norn.is\\\/eva\\\/2014\\\/06\\\/12\\\/var-muhammad-spamadur-barnanidingur\\\/#breadcrumb\",\"itemListElement\":[{\"@type\":\"ListItem\",\"position\":1,\"name\":\"Home\",\"item\":\"https:\\\/\\\/www.norn.is\\\/eva\\\/\"},{\"@type\":\"ListItem\",\"position\":2,\"name\":\"Var Muhammad sp\u00e1ma\u00f0ur barnan\u00ed\u00f0ingur?\"}]},{\"@type\":\"WebSite\",\"@id\":\"https:\\\/\\\/www.norn.is\\\/eva\\\/#website\",\"url\":\"https:\\\/\\\/www.norn.is\\\/eva\\\/\",\"name\":\"Eva Hauksd\u00f3ttir\",\"description\":\"Evu blogg\",\"potentialAction\":[{\"@type\":\"SearchAction\",\"target\":{\"@type\":\"EntryPoint\",\"urlTemplate\":\"https:\\\/\\\/www.norn.is\\\/eva\\\/?s={search_term_string}\"},\"query-input\":{\"@type\":\"PropertyValueSpecification\",\"valueRequired\":true,\"valueName\":\"search_term_string\"}}],\"inLanguage\":\"is\"},{\"@type\":\"Person\",\"@id\":\"https:\\\/\\\/www.norn.is\\\/eva\\\/#\\\/schema\\\/person\\\/1d9742389918a297671033a2b53d3d34\",\"name\":\"Eva Hauksd\u00f3ttir\",\"image\":{\"@type\":\"ImageObject\",\"inLanguage\":\"is\",\"@id\":\"https:\\\/\\\/secure.gravatar.com\\\/avatar\\\/3690cd9ff7436a8a5d80acdc8fcb1046fbb9e002d4b532c85080d1bcbede84ce?s=96&d=mm&r=g\",\"url\":\"https:\\\/\\\/secure.gravatar.com\\\/avatar\\\/3690cd9ff7436a8a5d80acdc8fcb1046fbb9e002d4b532c85080d1bcbede84ce?s=96&d=mm&r=g\",\"contentUrl\":\"https:\\\/\\\/secure.gravatar.com\\\/avatar\\\/3690cd9ff7436a8a5d80acdc8fcb1046fbb9e002d4b532c85080d1bcbede84ce?s=96&d=mm&r=g\",\"caption\":\"Eva Hauksd\u00f3ttir\"},\"url\":\"https:\\\/\\\/www.norn.is\\\/eva\\\/author\\\/evahauks\\\/\"}]}<\/script>\n<!-- \/ Yoast SEO plugin. -->","yoast_head_json":{"title":"Var Muhammad sp\u00e1ma\u00f0ur barnan\u00ed\u00f0ingur? - Eva Hauksd\u00f3ttir","robots":{"index":"index","follow":"follow","max-snippet":"max-snippet:-1","max-image-preview":"max-image-preview:large","max-video-preview":"max-video-preview:-1"},"canonical":"https:\/\/www.norn.is\/eva\/2014\/06\/12\/var-muhammad-spamadur-barnanidingur\/","og_locale":"is_IS","og_type":"article","og_title":"Var Muhammad sp\u00e1ma\u00f0ur barnan\u00ed\u00f0ingur? - Eva Hauksd\u00f3ttir","og_description":"Kvennabla\u00f0i\u00f0 birti n\u00fdveri\u00f0\u00a0vi\u00f0tal Evu Hauksd\u00f3ttur vi\u00f0 Sverri Agnarsson\u00a0formann f\u00e9lags m\u00fasl\u00edma \u00e1 \u00cdslandi. \u00cd framhaldinu \u00e1kv\u00e1\u00f0um vi\u00f0 a\u00f0 birta sv\u00f6r Sverris vi\u00f0 nokkrum spurningum sem hafa veri\u00f0 \u00e1berandi \u00ed umr\u00e6\u00f0u s\u00ed\u00f0ustu vikna. H\u00e9r kemur \u00fea\u00f0 fyrsta. Hvernig getur \u00fea\u00f0 sta\u00f0ist a\u00f0 Islam bo\u00f0i ekki barnabr\u00fa\u00f0kaup og \u00fear me\u00f0 barnan\u00ed\u00f0, \u00feegar Muhammad sp\u00e1ma\u00f0ur, hin fullkomna fyrirmynd m\u00fasl\u00edma, [&hellip;]","og_url":"https:\/\/www.norn.is\/eva\/2014\/06\/12\/var-muhammad-spamadur-barnanidingur\/","og_site_name":"Eva Hauksd\u00f3ttir","article_published_time":"2014-06-12T06:32:59+00:00","article_modified_time":"2020-07-18T06:43:21+00:00","og_image":[{"width":1280,"height":720,"url":"https:\/\/www.norn.is\/eva\/wp-content\/uploads\/sites\/36\/2014\/06\/maxresdefault.jpg","type":"image\/jpeg"}],"author":"Eva Hauksd\u00f3ttir","twitter_card":"summary_large_image","twitter_misc":{"Written by":false,"Est. reading time":"4 minutes"},"schema":{"@context":"https:\/\/schema.org","@graph":[{"@type":"Article","@id":"https:\/\/www.norn.is\/eva\/2014\/06\/12\/var-muhammad-spamadur-barnanidingur\/#article","isPartOf":{"@id":"https:\/\/www.norn.is\/eva\/2014\/06\/12\/var-muhammad-spamadur-barnanidingur\/"},"author":{"name":"Eva Hauksd\u00f3ttir","@id":"https:\/\/www.norn.is\/eva\/#\/schema\/person\/1d9742389918a297671033a2b53d3d34"},"headline":"Var Muhammad sp\u00e1ma\u00f0ur barnan\u00ed\u00f0ingur?","datePublished":"2014-06-12T06:32:59+00:00","dateModified":"2020-07-18T06:43:21+00:00","mainEntityOfPage":{"@id":"https:\/\/www.norn.is\/eva\/2014\/06\/12\/var-muhammad-spamadur-barnanidingur\/"},"wordCount":746,"image":{"@id":"https:\/\/www.norn.is\/eva\/2014\/06\/12\/var-muhammad-spamadur-barnanidingur\/#primaryimage"},"thumbnailUrl":"https:\/\/www.norn.is\/eva\/wp-content\/uploads\/sites\/36\/2014\/06\/maxresdefault.jpg","keywords":["Aisha","barnahj\u00f3nab\u00f6nd","Islam"],"articleSection":["Tr\u00faarbr\u00f6g\u00f0"],"inLanguage":"is"},{"@type":"WebPage","@id":"https:\/\/www.norn.is\/eva\/2014\/06\/12\/var-muhammad-spamadur-barnanidingur\/","url":"https:\/\/www.norn.is\/eva\/2014\/06\/12\/var-muhammad-spamadur-barnanidingur\/","name":"Var Muhammad sp\u00e1ma\u00f0ur barnan\u00ed\u00f0ingur? - Eva Hauksd\u00f3ttir","isPartOf":{"@id":"https:\/\/www.norn.is\/eva\/#website"},"primaryImageOfPage":{"@id":"https:\/\/www.norn.is\/eva\/2014\/06\/12\/var-muhammad-spamadur-barnanidingur\/#primaryimage"},"image":{"@id":"https:\/\/www.norn.is\/eva\/2014\/06\/12\/var-muhammad-spamadur-barnanidingur\/#primaryimage"},"thumbnailUrl":"https:\/\/www.norn.is\/eva\/wp-content\/uploads\/sites\/36\/2014\/06\/maxresdefault.jpg","datePublished":"2014-06-12T06:32:59+00:00","dateModified":"2020-07-18T06:43:21+00:00","author":{"@id":"https:\/\/www.norn.is\/eva\/#\/schema\/person\/1d9742389918a297671033a2b53d3d34"},"breadcrumb":{"@id":"https:\/\/www.norn.is\/eva\/2014\/06\/12\/var-muhammad-spamadur-barnanidingur\/#breadcrumb"},"inLanguage":"is","potentialAction":[{"@type":"ReadAction","target":["https:\/\/www.norn.is\/eva\/2014\/06\/12\/var-muhammad-spamadur-barnanidingur\/"]}]},{"@type":"ImageObject","inLanguage":"is","@id":"https:\/\/www.norn.is\/eva\/2014\/06\/12\/var-muhammad-spamadur-barnanidingur\/#primaryimage","url":"https:\/\/www.norn.is\/eva\/wp-content\/uploads\/sites\/36\/2014\/06\/maxresdefault.jpg","contentUrl":"https:\/\/www.norn.is\/eva\/wp-content\/uploads\/sites\/36\/2014\/06\/maxresdefault.jpg","width":1280,"height":720},{"@type":"BreadcrumbList","@id":"https:\/\/www.norn.is\/eva\/2014\/06\/12\/var-muhammad-spamadur-barnanidingur\/#breadcrumb","itemListElement":[{"@type":"ListItem","position":1,"name":"Home","item":"https:\/\/www.norn.is\/eva\/"},{"@type":"ListItem","position":2,"name":"Var Muhammad sp\u00e1ma\u00f0ur barnan\u00ed\u00f0ingur?"}]},{"@type":"WebSite","@id":"https:\/\/www.norn.is\/eva\/#website","url":"https:\/\/www.norn.is\/eva\/","name":"Eva Hauksd\u00f3ttir","description":"Evu blogg","potentialAction":[{"@type":"SearchAction","target":{"@type":"EntryPoint","urlTemplate":"https:\/\/www.norn.is\/eva\/?s={search_term_string}"},"query-input":{"@type":"PropertyValueSpecification","valueRequired":true,"valueName":"search_term_string"}}],"inLanguage":"is"},{"@type":"Person","@id":"https:\/\/www.norn.is\/eva\/#\/schema\/person\/1d9742389918a297671033a2b53d3d34","name":"Eva Hauksd\u00f3ttir","image":{"@type":"ImageObject","inLanguage":"is","@id":"https:\/\/secure.gravatar.com\/avatar\/3690cd9ff7436a8a5d80acdc8fcb1046fbb9e002d4b532c85080d1bcbede84ce?s=96&d=mm&r=g","url":"https:\/\/secure.gravatar.com\/avatar\/3690cd9ff7436a8a5d80acdc8fcb1046fbb9e002d4b532c85080d1bcbede84ce?s=96&d=mm&r=g","contentUrl":"https:\/\/secure.gravatar.com\/avatar\/3690cd9ff7436a8a5d80acdc8fcb1046fbb9e002d4b532c85080d1bcbede84ce?s=96&d=mm&r=g","caption":"Eva Hauksd\u00f3ttir"},"url":"https:\/\/www.norn.is\/eva\/author\/evahauks\/"}]}},"_links":{"self":[{"href":"https:\/\/www.norn.is\/eva\/wp-json\/wp\/v2\/posts\/2681","targetHints":{"allow":["GET"]}}],"collection":[{"href":"https:\/\/www.norn.is\/eva\/wp-json\/wp\/v2\/posts"}],"about":[{"href":"https:\/\/www.norn.is\/eva\/wp-json\/wp\/v2\/types\/post"}],"author":[{"embeddable":true,"href":"https:\/\/www.norn.is\/eva\/wp-json\/wp\/v2\/users\/7"}],"replies":[{"embeddable":true,"href":"https:\/\/www.norn.is\/eva\/wp-json\/wp\/v2\/comments?post=2681"}],"version-history":[{"count":1,"href":"https:\/\/www.norn.is\/eva\/wp-json\/wp\/v2\/posts\/2681\/revisions"}],"predecessor-version":[{"id":2682,"href":"https:\/\/www.norn.is\/eva\/wp-json\/wp\/v2\/posts\/2681\/revisions\/2682"}],"wp:featuredmedia":[{"embeddable":true,"href":"https:\/\/www.norn.is\/eva\/wp-json\/wp\/v2\/media\/2683"}],"wp:attachment":[{"href":"https:\/\/www.norn.is\/eva\/wp-json\/wp\/v2\/media?parent=2681"}],"wp:term":[{"taxonomy":"category","embeddable":true,"href":"https:\/\/www.norn.is\/eva\/wp-json\/wp\/v2\/categories?post=2681"},{"taxonomy":"post_tag","embeddable":true,"href":"https:\/\/www.norn.is\/eva\/wp-json\/wp\/v2\/tags?post=2681"}],"curies":[{"name":"wp","href":"https:\/\/api.w.org\/{rel}","templated":true}]}}