{"id":2675,"date":"2014-06-16T06:21:11","date_gmt":"2014-06-16T06:21:11","guid":{"rendered":"http:\/\/www.norn.is\/eva\/?p=2675"},"modified":"2020-07-18T06:32:44","modified_gmt":"2020-07-18T06:32:44","slug":"ekkert-i-islam-sem-rettlaetir-heidursmord","status":"publish","type":"post","link":"https:\/\/www.norn.is\/eva\/2014\/06\/16\/ekkert-i-islam-sem-rettlaetir-heidursmord\/","title":{"rendered":"Ekkert \u00ed Islam sem r\u00e9ttl\u00e6tir hei\u00f0ursmor\u00f0"},"content":{"rendered":"\n<p>Kvennabla\u00f0i\u00f0 birti n\u00fdveri\u00f0\u00a0vi\u00f0tal vi\u00f0 Sverri Agnarsson, formann f\u00e9lags m\u00fasl\u00edma \u00e1 \u00cdslandi. <\/p>\n\n\n<div class=\"vlp-link-container vlp-layout-basic wp-block-visual-link-preview-link\"><a href=\"https:\/\/www.norn.is\/eva\/2014\/06\/10\/truarbrogd-eru-oft-notud-til-ad-rettlaeta-vodaverk\/\" class=\"vlp-link\" title=\"Tr\u00faarbr\u00f6g\u00f0 eru oft notu\u00f0 til a\u00f0 r\u00e9ttl\u00e6ta vo\u00f0averk\"><\/a><div class=\"vlp-layout-zone-side\"><div class=\"vlp-block-2 vlp-link-image\"><img loading=\"lazy\" decoding=\"async\" style=\"max-width: 150px;\" width=\"150\" height=\"98\" src=\"https:\/\/www.norn.is\/eva\/wp-content\/uploads\/sites\/36\/2020\/05\/quran1-688x451-1.jpg\" class=\"attachment-150x999 size-150x999\" alt=\"\" srcset=\"https:\/\/www.norn.is\/eva\/wp-content\/uploads\/sites\/36\/2020\/05\/quran1-688x451-1.jpg 688w, https:\/\/www.norn.is\/eva\/wp-content\/uploads\/sites\/36\/2020\/05\/quran1-688x451-1-300x197.jpg 300w\" sizes=\"auto, (max-width: 150px) 100vw, 150px\" \/><\/div><\/div><div class=\"vlp-layout-zone-main\"><div class=\"vlp-block-0 vlp-link-title\">Tr\u00faarbr\u00f6g\u00f0 eru oft notu\u00f0 til a\u00f0 r\u00e9ttl\u00e6ta vo\u00f0averk<\/div><div class=\"vlp-block-1 vlp-link-summary\">Sverrir Agnarsson er forma\u00f0ur f\u00e9lags m\u00fasl\u00edma \u00e1 \u00cdslandi. \u00c9g spur\u00f0i hann \u00fat \u00ed nokkrar hugmyndir um Islam og m\u00fasl\u00edma sem hafa veri\u00f0 miki\u00f0 \u00ed umr\u00e6\u00f0unni a\u00f0 undanf\u00f6rnu.- \u00cdslendingar tengja Islam gjarnan vi\u00f0 menningu Mi\u00f0-Austurlanda og fremur fornaldarleg vi\u00f0horf. Hva\u00f0 er \u00fea\u00f0 vi\u00f0 \u00feessi tr\u00faarbr\u00f6g\u00f0 sem h\u00f6f\u00f0ar til \u00fe\u00edn sem n\u00fat\u00edma [&hellip;]<\/div><\/div><\/div>\n\n\n<p>\u00cd framhaldinu \u00e1kv\u00e1\u00f0um vi\u00f0 a\u00f0 birta sv\u00f6r Sverris vi\u00f0 nokkrum spurningum sem hafa veri\u00f0 \u00e1berandi \u00ed umr\u00e6\u00f0u s\u00ed\u00f0ustu vikna. Hann hefur \u00feegar skrifa\u00f0 um<a href=\"https:\/\/kvennabladid.is\/2014\/06\/12\/var-muhammad-spamadur-barnanidingur\/\">\u00a0meint barnan\u00ed\u00f0 Muhammads sp\u00e1manns<\/a>\u00a0og \u00ed dag talar hann um hei\u00f0ursmor\u00f0. Spurt er:<\/p>\n\n\n\n<p><strong>Hei\u00f0ursmor\u00f0 eru ein \u00e1st\u00e6\u00f0an fyrir andst\u00f6\u00f0u vi\u00f0 Islam \u00e1 Vesturl\u00f6ndum. Hvernig er h\u00e6gt a\u00f0 tala um Islam sem fri\u00f0s\u00f6m tr\u00faarbr\u00f6g\u00f0 \u00feegar menn drepa konur s\u00ednar og d\u00e6tur af tr\u00faar\u00e1st\u00e6\u00f0um?<\/strong><\/p>\n\n\n\n<p><strong>Sverrir svarar:<\/strong><\/p>\n\n\n\n<p>\u00dea\u00f0 er ekkert \u00ed Islam sem r\u00e9ttl\u00e6tir hei\u00f0ursmor\u00f0 og K\u00f3raninn nefnir \u00feau hvergi. En auk \u00feess \u00fe\u00e1 er \u00fea\u00f0 ekki r\u00e9tt a\u00f0 m\u00faslimar s\u00e9u afkastameiri \u00ed kvennadr\u00e1pum en a\u00f0rir.<\/p>\n\n\n\n<p>Samkv\u00e6mt U.N. Population Fund, ver\u00f0a um \u00fea\u00f0 bil 5.000 konur f\u00f3rnarl\u00f6mb \u201ehei\u00f0ursmor\u00f0a\u201d \u00ed heiminum \u00e1 \u00e1ri, en t\u00f6lfr\u00e6\u00f0i fr\u00e1 India\u2019s National Crimes Record Bureau s\u00fdnir a\u00f0&nbsp;<strong>8.391 br\u00fa\u00f0ur<\/strong>&nbsp;\u2013 ein \u00e1 klukkut\u00edma, voru drepnar vegna heimanmundar \u00fear \u00ed landi \u00e1ri\u00f0 2010. Af hverju \u00fe\u00e6r t\u00f6lur fara ekki inn \u00ed t\u00f6lfr\u00e6\u00f0ina hj\u00e1 Sameinu\u00f0u \u00fej\u00f3\u00f0unum veit \u00e9g ekki.<\/p>\n\n\n\n<p>En t\u00f6lur Sameinu\u00f0u \u00fej\u00f3\u00f0anna t\u00e1kna ekki 5.000 m\u00fasl\u00edmsk hei\u00f0ursmor\u00f0, eins og margir heimildarmenn vilja meina, heldur a\u00f0 5.000 konur og b\u00f6rn hafi veri\u00f0 myrt af s\u00ednum eigin fj\u00f6lskyldume\u00f0limum, sem er ekki \u00fea\u00f0 sama. Konur myrtar af fj\u00f6lskyldume\u00f0limum \u00ed BNA eru hluti af \u00feessari t\u00f6lfr\u00e6\u00f0i. Sk\u00fdrslan segir a\u00f0 margar \u00feessara 5.000 kvenna hafi veri\u00f0 f\u00f3rnarl\u00f6mb hei\u00f0ursmor\u00f0a, sk\u00fdrslan segir ekki \u201eallar\u201c og ekki heldur \u201eflestar\u201c. H\u00fan segir a\u00f0 flest hei\u00f0ursmor\u00f0in hafi veri\u00f0 framin \u00ed l\u00f6ndum \u00fear sem m\u00faslimar eru \u00ed meirihluta en gerir enga tilraun til a\u00f0 meta hversu st\u00f3r hluti \u00feeirra er framinn \u00fear.<\/p>\n\n\n\n<p>\u00c9g er ekki a\u00f0 reyna a\u00f0 gera l\u00edti\u00f0 \u00far vandam\u00e1linu heldur bara a\u00f0 fara yfir t\u00f6lfr\u00e6\u00f0ina. Hei\u00f0ursmor\u00f0 eru meiri h\u00e1ttar vandam\u00e1l en \u00fea\u00f0 er ekki s\u00e9rt\u00e6kt m\u00fasl\u00edmskt vandam\u00e1l og \u00e1 alls enga sto\u00f0 \u00ed Islam. Mor\u00f0 er mor\u00f0 og ekkert anna\u00f0.<\/p>\n\n\n\n<p>Sko\u00f0um \u00feetta \u00ed samhengi og reiknum me\u00f0 a\u00f0 \u00feessi&nbsp;&nbsp;5.000 mor\u00f0 hafi \u00f6ll veri\u00f0 framin me\u00f0al m\u00fasl\u00edma, sem er ekki r\u00e9tt, \u00fev\u00ed 1.000 eru indversk og \u00f6nnur 1000 eru bandar\u00edsk (\u00fea\u00f0 er veri\u00f0 a\u00f0 tala um konur myrtar af fj\u00f6lskyldum s\u00ednum).&nbsp;En reiknum samt me\u00f0 \u00fev\u00ed a\u00f0 \u00f6ll 5.000 mor\u00f0in s\u00e9u framin af m\u00fasl\u00edmum. Samk\u00e6mt n\u00fdju mati fr\u00e1 \u201cThe Pew Forum on Religion and Public Life\u201d \u00fe\u00e1 eru 1.57 milljar\u00f0ar m\u00faslima \u00ed heiminum (25% jar\u00f0arb\u00faa) Notum \u00fea\u00f0 sem d\u00e6mi og f\u00e1um \u00fe\u00e1 \u00fat a\u00f0 3,2 konur af hverri millj\u00f3n m\u00faslima eru drepnar af fj\u00f6lskyldum s\u00ednum \u00e1rlega.<\/p>\n\n\n\n<p>Sko\u00f0um svo Bandar\u00edkin.&nbsp;Samkv\u00e6mt FBI Expanded Homicide Data voru 14.180 mor\u00f0 framin \u00ed BNA \u00e1ri\u00f0 2008. Af \u00feessum voru 930 konur og st\u00falkur myrtar af eigin fj\u00f6lskyldume\u00f0lim.&nbsp;Samkv\u00e6mt The Bartleby World Factbook for 2008 voru Bandar\u00edkjamenn 301 millj\u00f3n \u00e1ri\u00f0 2008. Samkv\u00e6mt \u00feessu voru 3,1 kona af hverri millj\u00f3n \u00edb\u00faa \u00ed BNA drepin af fj\u00f6lskyldum s\u00ednum \u00e1rlega. Munurinn milli BNA og m\u00fasl\u00edmalandanna er t\u00f6lfr\u00e6\u00f0ilega \u00f3markt\u00e6kur og sn\u00fdst BNA verulega \u00ed \u00f3hag \u00feegar vi\u00f0 vitum a\u00f0 2.000 af \u00feessum 5.000 sem \u00e9g reikna\u00f0i \u00e1 m\u00fasl\u00edmana eru indversk e\u00f0a bandar\u00edsk.<\/p>\n\n\n\n<p>Kvennak\u00fagun og kvennamor\u00f0 eru al\u00fej\u00f3\u00f0leg fyrirb\u00e6ri. \u00cd lj\u00f3si n\u00fdrra uppl\u00fdsinga um a\u00f0 tug\u00fe\u00fasundir barna s\u00e9u f\u00f6st \u00ed vi\u00f0varandi kynl\u00edfs\u00fer\u00e6lkun \u00ed Bandar\u00edkjunum &nbsp;myndi \u00e9g n\u00fa svipast um eftir ofbeldi v\u00ed\u00f0ar en \u00ed Mi\u00f0-Austurl\u00f6ndum. Svo vantar 60.000.000, j\u00fa sext\u00edu millj\u00f3n, st\u00falkub\u00f6rn til a\u00f0 mannfj\u00f6ldat\u00f6lur stemmi \u00e1 Indlandi, \u00feau eru anna\u00f0hvort fjarl\u00e6g\u00f0 me\u00f0 frumst\u00e6\u00f0um f\u00f3sturey\u00f0ingaa\u00f0fer\u00f0um, drepin \u00ed f\u00e6\u00f0ingu, eytt \u00e1 einhvern h\u00e1tt e\u00f0a bornar \u00fat. Ef menn vilja gera eitthva\u00f0 \u00ed m\u00e1lum kvenna er af n\u00e6gu a\u00f0 taka.<\/p>\n\n\n\n<p>\u00c9g er ekki a\u00f0 r\u00e9ttl\u00e6ta gl\u00e6pi \u00ed m\u00fasl\u00edmal\u00f6ndunum me\u00f0 \u00fev\u00ed a\u00f0 nefna \u00feessi d\u00e6mi heldur benda \u00e1 hversu brengla\u00f0 \u00fea\u00f0 er a\u00f0 hata Islam fyrir eitthva\u00f0 sem er vandam\u00e1l alls heimsins, svo sem kynbundi\u00f0 ofbeldi.<\/p>\n\n\n\n<h4 class=\"wp-block-heading\"><span style=\"color:#dcbb4e\" class=\"has-inline-color\">\u00deessu tengt:<\/span><\/h4>\n\n\n<div class=\"vlp-link-container vlp-layout-basic wp-block-visual-link-preview-link\"><a href=\"https:\/\/www.norn.is\/eva\/2014\/06\/18\/umskurdur-kvenna-er-ekki-islamskur-sidur\/\" class=\"vlp-link\" title=\"Umskur\u00f0ur kvenna er ekki \u00edslamskur si\u00f0ur\"><\/a><div class=\"vlp-layout-zone-side\"><div class=\"vlp-block-2 vlp-link-image\"><img loading=\"lazy\" decoding=\"async\" style=\"max-width: 150px;\" width=\"150\" height=\"98\" src=\"https:\/\/www.norn.is\/eva\/wp-content\/uploads\/sites\/36\/2020\/07\/e58d1171-52ee-439f-bff7-9cae3d61d6e7-1024x667-1.jpg\" class=\"attachment-150x999 size-150x999\" alt=\"\" srcset=\"https:\/\/www.norn.is\/eva\/wp-content\/uploads\/sites\/36\/2020\/07\/e58d1171-52ee-439f-bff7-9cae3d61d6e7-1024x667-1.jpg 1024w, https:\/\/www.norn.is\/eva\/wp-content\/uploads\/sites\/36\/2020\/07\/e58d1171-52ee-439f-bff7-9cae3d61d6e7-1024x667-1-300x195.jpg 300w, https:\/\/www.norn.is\/eva\/wp-content\/uploads\/sites\/36\/2020\/07\/e58d1171-52ee-439f-bff7-9cae3d61d6e7-1024x667-1-768x500.jpg 768w\" sizes=\"auto, (max-width: 150px) 100vw, 150px\" \/><\/div><\/div><div class=\"vlp-layout-zone-main\"><div class=\"vlp-block-0 vlp-link-title\">Umskur\u00f0ur kvenna er ekki \u00edslamskur si\u00f0ur<\/div><div class=\"vlp-block-1 vlp-link-summary\">\u00cd umr\u00e6\u00f0unni um innflytjendur ber nokku\u00f0 \u00e1 \u00f3tta um a\u00f0 f\u00f3lk me\u00f0 annan menningarbakgrunn taki me\u00f0 s\u00e9r si\u00f0i sem samr\u00e6mast ekki hugmyndum vestr\u00e6nna \u00fej\u00f3\u00f0a um mannr\u00e9ttindi og sj\u00e1lfs\u00e1kv\u00f6r\u00f0unarr\u00e9tt. \u00cd \u00feessu sambandi eru m\u00fasl\u00edmar oft nefndir s\u00e9rstaklega og \u00fe\u00e1 ekki s\u00edst \u00feegar umskur\u00f0 kvenna og kynf\u00e6rabrottn\u00e1m ber \u00e1 g\u00f3ma. \u00c9g t\u00f3k Sverri Agnarsson, talsmann m\u00fasl\u00edma \u00e1 [&hellip;]<\/div><\/div><\/div>\n\n<div class=\"vlp-link-container vlp-layout-basic wp-block-visual-link-preview-link\"><a href=\"https:\/\/www.norn.is\/eva\/2019\/04\/12\/askorun-til-talsmanna-muslima-a-islandi\/\" class=\"vlp-link\" title=\"\u00c1skorun til talsmanna m\u00fasl\u00edma \u00e1 \u00cdslandi\"><\/a><div class=\"vlp-layout-zone-side\"><div class=\"vlp-block-2 vlp-link-image\"><img loading=\"lazy\" decoding=\"async\" style=\"max-width: 150px;\" width=\"150\" height=\"112\" src=\"https:\/\/www.norn.is\/eva\/wp-content\/uploads\/sites\/36\/2020\/07\/stoning.png\" class=\"attachment-150x999 size-150x999\" alt=\"\" srcset=\"https:\/\/www.norn.is\/eva\/wp-content\/uploads\/sites\/36\/2020\/07\/stoning.png 796w, https:\/\/www.norn.is\/eva\/wp-content\/uploads\/sites\/36\/2020\/07\/stoning-300x223.png 300w, https:\/\/www.norn.is\/eva\/wp-content\/uploads\/sites\/36\/2020\/07\/stoning-768x572.png 768w\" sizes=\"auto, (max-width: 150px) 100vw, 150px\" \/><\/div><\/div><div class=\"vlp-layout-zone-main\"><div class=\"vlp-block-0 vlp-link-title\">\u00c1skorun til talsmanna m\u00fasl\u00edma \u00e1 \u00cdslandi<\/div><div class=\"vlp-block-1 vlp-link-summary\">Sm\u00e1r\u00edki\u00f0 Brunei hefur n\u00fa teki\u00f0 upp dau\u00f0arefsingu vi\u00f0 sk\u00edrl\u00edfisbrotum. N\u00e1nar tilteki\u00f0 \u00e1 a\u00f0 gr\u00fdta f\u00f3lk til bana fyrir framhj\u00e1hald og enda\u00fearmsm\u00f6k, hvort sem \u00fea\u00f0 fellst \u00e1 si\u00f0abo\u00f0skap Islam e\u00f0ur ei. Dau\u00f0arefsing liggur einnig vi\u00f0 gu\u00f0lasti og \u00fev\u00ed a\u00f0 ganga af tr\u00fanni \u00e1samt \u00fdmsum alv\u00f6ru afbrotum. \u00ddmis mannr\u00e9ttindasamt\u00f6k og al\u00fej\u00f3\u00f0astofnanir hafa ford\u00e6mt framtak Brunei. L\u00edti\u00f0 fer [&hellip;]<\/div><\/div><\/div>","protected":false},"excerpt":{"rendered":"<p>Kvennabla\u00f0i\u00f0 birti n\u00fdveri\u00f0\u00a0vi\u00f0tal vi\u00f0 Sverri Agnarsson, formann f\u00e9lags m\u00fasl\u00edma \u00e1 \u00cdslandi. \u00cd framhaldinu \u00e1kv\u00e1\u00f0um vi\u00f0 a\u00f0 birta sv\u00f6r Sverris vi\u00f0 nokkrum spurningum sem hafa veri\u00f0 \u00e1berandi \u00ed umr\u00e6\u00f0u s\u00ed\u00f0ustu vikna. Hann hefur \u00feegar skrifa\u00f0 um\u00a0meint barnan\u00ed\u00f0 Muhammads sp\u00e1manns\u00a0og \u00ed dag talar hann um hei\u00f0ursmor\u00f0. Spurt er: Hei\u00f0ursmor\u00f0 eru ein \u00e1st\u00e6\u00f0an fyrir andst\u00f6\u00f0u vi\u00f0 Islam \u00e1 [&hellip;]<\/p>\n","protected":false},"author":7,"featured_media":2677,"comment_status":"closed","ping_status":"open","sticky":false,"template":"","format":"standard","meta":{"_et_pb_use_builder":"","_et_pb_old_content":"","_et_gb_content_width":"","footnotes":""},"categories":[449],"tags":[521,147],"class_list":["post-2675","post","type-post","status-publish","format-standard","has-post-thumbnail","hentry","category-truarbrogd","tag-heidursmord","tag-sverrir-agnarsson","et-has-post-format-content","et_post_format-et-post-format-standard"],"yoast_head":"<!-- This site is optimized with the Yoast SEO plugin v27.4 - https:\/\/yoast.com\/product\/yoast-seo-wordpress\/ -->\n<title>Ekkert \u00ed Islam sem r\u00e9ttl\u00e6tir hei\u00f0ursmor\u00f0 - Eva Hauksd\u00f3ttir<\/title>\n<meta name=\"robots\" content=\"index, follow, max-snippet:-1, max-image-preview:large, max-video-preview:-1\" \/>\n<link rel=\"canonical\" href=\"https:\/\/www.norn.is\/eva\/2014\/06\/16\/ekkert-i-islam-sem-rettlaetir-heidursmord\/\" \/>\n<meta property=\"og:locale\" content=\"is_IS\" \/>\n<meta property=\"og:type\" content=\"article\" \/>\n<meta property=\"og:title\" content=\"Ekkert \u00ed Islam sem r\u00e9ttl\u00e6tir hei\u00f0ursmor\u00f0 - Eva Hauksd\u00f3ttir\" \/>\n<meta property=\"og:description\" content=\"Kvennabla\u00f0i\u00f0 birti n\u00fdveri\u00f0\u00a0vi\u00f0tal vi\u00f0 Sverri Agnarsson, formann f\u00e9lags m\u00fasl\u00edma \u00e1 \u00cdslandi. \u00cd framhaldinu \u00e1kv\u00e1\u00f0um vi\u00f0 a\u00f0 birta sv\u00f6r Sverris vi\u00f0 nokkrum spurningum sem hafa veri\u00f0 \u00e1berandi \u00ed umr\u00e6\u00f0u s\u00ed\u00f0ustu vikna. Hann hefur \u00feegar skrifa\u00f0 um\u00a0meint barnan\u00ed\u00f0 Muhammads sp\u00e1manns\u00a0og \u00ed dag talar hann um hei\u00f0ursmor\u00f0. Spurt er: Hei\u00f0ursmor\u00f0 eru ein \u00e1st\u00e6\u00f0an fyrir andst\u00f6\u00f0u vi\u00f0 Islam \u00e1 [&hellip;]\" \/>\n<meta property=\"og:url\" content=\"https:\/\/www.norn.is\/eva\/2014\/06\/16\/ekkert-i-islam-sem-rettlaetir-heidursmord\/\" \/>\n<meta property=\"og:site_name\" content=\"Eva Hauksd\u00f3ttir\" \/>\n<meta property=\"article:published_time\" content=\"2014-06-16T06:21:11+00:00\" \/>\n<meta property=\"article:modified_time\" content=\"2020-07-18T06:32:44+00:00\" \/>\n<meta property=\"og:image\" content=\"https:\/\/www.norn.is\/eva\/wp-content\/uploads\/sites\/36\/2014\/06\/turkish-girl-honor-killing-688x451-1.png\" \/>\n\t<meta property=\"og:image:width\" content=\"688\" \/>\n\t<meta property=\"og:image:height\" content=\"451\" \/>\n\t<meta property=\"og:image:type\" content=\"image\/png\" \/>\n<meta name=\"author\" content=\"Eva Hauksd\u00f3ttir\" \/>\n<meta name=\"twitter:card\" content=\"summary_large_image\" \/>\n<meta name=\"twitter:label1\" content=\"Written by\" \/>\n\t<meta name=\"twitter:data1\" content=\"\" \/>\n\t<meta name=\"twitter:label2\" content=\"Est. reading time\" \/>\n\t<meta name=\"twitter:data2\" content=\"5 minutes\" \/>\n<script type=\"application\/ld+json\" class=\"yoast-schema-graph\">{\"@context\":\"https:\\\/\\\/schema.org\",\"@graph\":[{\"@type\":\"Article\",\"@id\":\"https:\\\/\\\/www.norn.is\\\/eva\\\/2014\\\/06\\\/16\\\/ekkert-i-islam-sem-rettlaetir-heidursmord\\\/#article\",\"isPartOf\":{\"@id\":\"https:\\\/\\\/www.norn.is\\\/eva\\\/2014\\\/06\\\/16\\\/ekkert-i-islam-sem-rettlaetir-heidursmord\\\/\"},\"author\":{\"name\":\"Eva Hauksd\u00f3ttir\",\"@id\":\"https:\\\/\\\/www.norn.is\\\/eva\\\/#\\\/schema\\\/person\\\/1d9742389918a297671033a2b53d3d34\"},\"headline\":\"Ekkert \u00ed Islam sem r\u00e9ttl\u00e6tir hei\u00f0ursmor\u00f0\",\"datePublished\":\"2014-06-16T06:21:11+00:00\",\"dateModified\":\"2020-07-18T06:32:44+00:00\",\"mainEntityOfPage\":{\"@id\":\"https:\\\/\\\/www.norn.is\\\/eva\\\/2014\\\/06\\\/16\\\/ekkert-i-islam-sem-rettlaetir-heidursmord\\\/\"},\"wordCount\":980,\"image\":{\"@id\":\"https:\\\/\\\/www.norn.is\\\/eva\\\/2014\\\/06\\\/16\\\/ekkert-i-islam-sem-rettlaetir-heidursmord\\\/#primaryimage\"},\"thumbnailUrl\":\"https:\\\/\\\/www.norn.is\\\/eva\\\/wp-content\\\/uploads\\\/sites\\\/36\\\/2014\\\/06\\\/turkish-girl-honor-killing-688x451-1.png\",\"keywords\":[\"hei\u00f0ursmor\u00f0\",\"Sverrir Agnarsson\"],\"articleSection\":[\"Tr\u00faarbr\u00f6g\u00f0\"],\"inLanguage\":\"is\"},{\"@type\":\"WebPage\",\"@id\":\"https:\\\/\\\/www.norn.is\\\/eva\\\/2014\\\/06\\\/16\\\/ekkert-i-islam-sem-rettlaetir-heidursmord\\\/\",\"url\":\"https:\\\/\\\/www.norn.is\\\/eva\\\/2014\\\/06\\\/16\\\/ekkert-i-islam-sem-rettlaetir-heidursmord\\\/\",\"name\":\"Ekkert \u00ed Islam sem r\u00e9ttl\u00e6tir hei\u00f0ursmor\u00f0 - Eva Hauksd\u00f3ttir\",\"isPartOf\":{\"@id\":\"https:\\\/\\\/www.norn.is\\\/eva\\\/#website\"},\"primaryImageOfPage\":{\"@id\":\"https:\\\/\\\/www.norn.is\\\/eva\\\/2014\\\/06\\\/16\\\/ekkert-i-islam-sem-rettlaetir-heidursmord\\\/#primaryimage\"},\"image\":{\"@id\":\"https:\\\/\\\/www.norn.is\\\/eva\\\/2014\\\/06\\\/16\\\/ekkert-i-islam-sem-rettlaetir-heidursmord\\\/#primaryimage\"},\"thumbnailUrl\":\"https:\\\/\\\/www.norn.is\\\/eva\\\/wp-content\\\/uploads\\\/sites\\\/36\\\/2014\\\/06\\\/turkish-girl-honor-killing-688x451-1.png\",\"datePublished\":\"2014-06-16T06:21:11+00:00\",\"dateModified\":\"2020-07-18T06:32:44+00:00\",\"author\":{\"@id\":\"https:\\\/\\\/www.norn.is\\\/eva\\\/#\\\/schema\\\/person\\\/1d9742389918a297671033a2b53d3d34\"},\"breadcrumb\":{\"@id\":\"https:\\\/\\\/www.norn.is\\\/eva\\\/2014\\\/06\\\/16\\\/ekkert-i-islam-sem-rettlaetir-heidursmord\\\/#breadcrumb\"},\"inLanguage\":\"is\",\"potentialAction\":[{\"@type\":\"ReadAction\",\"target\":[\"https:\\\/\\\/www.norn.is\\\/eva\\\/2014\\\/06\\\/16\\\/ekkert-i-islam-sem-rettlaetir-heidursmord\\\/\"]}]},{\"@type\":\"ImageObject\",\"inLanguage\":\"is\",\"@id\":\"https:\\\/\\\/www.norn.is\\\/eva\\\/2014\\\/06\\\/16\\\/ekkert-i-islam-sem-rettlaetir-heidursmord\\\/#primaryimage\",\"url\":\"https:\\\/\\\/www.norn.is\\\/eva\\\/wp-content\\\/uploads\\\/sites\\\/36\\\/2014\\\/06\\\/turkish-girl-honor-killing-688x451-1.png\",\"contentUrl\":\"https:\\\/\\\/www.norn.is\\\/eva\\\/wp-content\\\/uploads\\\/sites\\\/36\\\/2014\\\/06\\\/turkish-girl-honor-killing-688x451-1.png\",\"width\":688,\"height\":451},{\"@type\":\"BreadcrumbList\",\"@id\":\"https:\\\/\\\/www.norn.is\\\/eva\\\/2014\\\/06\\\/16\\\/ekkert-i-islam-sem-rettlaetir-heidursmord\\\/#breadcrumb\",\"itemListElement\":[{\"@type\":\"ListItem\",\"position\":1,\"name\":\"Home\",\"item\":\"https:\\\/\\\/www.norn.is\\\/eva\\\/\"},{\"@type\":\"ListItem\",\"position\":2,\"name\":\"Ekkert \u00ed Islam sem r\u00e9ttl\u00e6tir hei\u00f0ursmor\u00f0\"}]},{\"@type\":\"WebSite\",\"@id\":\"https:\\\/\\\/www.norn.is\\\/eva\\\/#website\",\"url\":\"https:\\\/\\\/www.norn.is\\\/eva\\\/\",\"name\":\"Eva Hauksd\u00f3ttir\",\"description\":\"Evu blogg\",\"potentialAction\":[{\"@type\":\"SearchAction\",\"target\":{\"@type\":\"EntryPoint\",\"urlTemplate\":\"https:\\\/\\\/www.norn.is\\\/eva\\\/?s={search_term_string}\"},\"query-input\":{\"@type\":\"PropertyValueSpecification\",\"valueRequired\":true,\"valueName\":\"search_term_string\"}}],\"inLanguage\":\"is\"},{\"@type\":\"Person\",\"@id\":\"https:\\\/\\\/www.norn.is\\\/eva\\\/#\\\/schema\\\/person\\\/1d9742389918a297671033a2b53d3d34\",\"name\":\"Eva Hauksd\u00f3ttir\",\"image\":{\"@type\":\"ImageObject\",\"inLanguage\":\"is\",\"@id\":\"https:\\\/\\\/secure.gravatar.com\\\/avatar\\\/3690cd9ff7436a8a5d80acdc8fcb1046fbb9e002d4b532c85080d1bcbede84ce?s=96&d=mm&r=g\",\"url\":\"https:\\\/\\\/secure.gravatar.com\\\/avatar\\\/3690cd9ff7436a8a5d80acdc8fcb1046fbb9e002d4b532c85080d1bcbede84ce?s=96&d=mm&r=g\",\"contentUrl\":\"https:\\\/\\\/secure.gravatar.com\\\/avatar\\\/3690cd9ff7436a8a5d80acdc8fcb1046fbb9e002d4b532c85080d1bcbede84ce?s=96&d=mm&r=g\",\"caption\":\"Eva Hauksd\u00f3ttir\"},\"url\":\"https:\\\/\\\/www.norn.is\\\/eva\\\/author\\\/evahauks\\\/\"}]}<\/script>\n<!-- \/ Yoast SEO plugin. -->","yoast_head_json":{"title":"Ekkert \u00ed Islam sem r\u00e9ttl\u00e6tir hei\u00f0ursmor\u00f0 - Eva Hauksd\u00f3ttir","robots":{"index":"index","follow":"follow","max-snippet":"max-snippet:-1","max-image-preview":"max-image-preview:large","max-video-preview":"max-video-preview:-1"},"canonical":"https:\/\/www.norn.is\/eva\/2014\/06\/16\/ekkert-i-islam-sem-rettlaetir-heidursmord\/","og_locale":"is_IS","og_type":"article","og_title":"Ekkert \u00ed Islam sem r\u00e9ttl\u00e6tir hei\u00f0ursmor\u00f0 - Eva Hauksd\u00f3ttir","og_description":"Kvennabla\u00f0i\u00f0 birti n\u00fdveri\u00f0\u00a0vi\u00f0tal vi\u00f0 Sverri Agnarsson, formann f\u00e9lags m\u00fasl\u00edma \u00e1 \u00cdslandi. \u00cd framhaldinu \u00e1kv\u00e1\u00f0um vi\u00f0 a\u00f0 birta sv\u00f6r Sverris vi\u00f0 nokkrum spurningum sem hafa veri\u00f0 \u00e1berandi \u00ed umr\u00e6\u00f0u s\u00ed\u00f0ustu vikna. Hann hefur \u00feegar skrifa\u00f0 um\u00a0meint barnan\u00ed\u00f0 Muhammads sp\u00e1manns\u00a0og \u00ed dag talar hann um hei\u00f0ursmor\u00f0. Spurt er: Hei\u00f0ursmor\u00f0 eru ein \u00e1st\u00e6\u00f0an fyrir andst\u00f6\u00f0u vi\u00f0 Islam \u00e1 [&hellip;]","og_url":"https:\/\/www.norn.is\/eva\/2014\/06\/16\/ekkert-i-islam-sem-rettlaetir-heidursmord\/","og_site_name":"Eva Hauksd\u00f3ttir","article_published_time":"2014-06-16T06:21:11+00:00","article_modified_time":"2020-07-18T06:32:44+00:00","og_image":[{"width":688,"height":451,"url":"https:\/\/www.norn.is\/eva\/wp-content\/uploads\/sites\/36\/2014\/06\/turkish-girl-honor-killing-688x451-1.png","type":"image\/png"}],"author":"Eva Hauksd\u00f3ttir","twitter_card":"summary_large_image","twitter_misc":{"Written by":false,"Est. reading time":"5 minutes"},"schema":{"@context":"https:\/\/schema.org","@graph":[{"@type":"Article","@id":"https:\/\/www.norn.is\/eva\/2014\/06\/16\/ekkert-i-islam-sem-rettlaetir-heidursmord\/#article","isPartOf":{"@id":"https:\/\/www.norn.is\/eva\/2014\/06\/16\/ekkert-i-islam-sem-rettlaetir-heidursmord\/"},"author":{"name":"Eva Hauksd\u00f3ttir","@id":"https:\/\/www.norn.is\/eva\/#\/schema\/person\/1d9742389918a297671033a2b53d3d34"},"headline":"Ekkert \u00ed Islam sem r\u00e9ttl\u00e6tir hei\u00f0ursmor\u00f0","datePublished":"2014-06-16T06:21:11+00:00","dateModified":"2020-07-18T06:32:44+00:00","mainEntityOfPage":{"@id":"https:\/\/www.norn.is\/eva\/2014\/06\/16\/ekkert-i-islam-sem-rettlaetir-heidursmord\/"},"wordCount":980,"image":{"@id":"https:\/\/www.norn.is\/eva\/2014\/06\/16\/ekkert-i-islam-sem-rettlaetir-heidursmord\/#primaryimage"},"thumbnailUrl":"https:\/\/www.norn.is\/eva\/wp-content\/uploads\/sites\/36\/2014\/06\/turkish-girl-honor-killing-688x451-1.png","keywords":["hei\u00f0ursmor\u00f0","Sverrir Agnarsson"],"articleSection":["Tr\u00faarbr\u00f6g\u00f0"],"inLanguage":"is"},{"@type":"WebPage","@id":"https:\/\/www.norn.is\/eva\/2014\/06\/16\/ekkert-i-islam-sem-rettlaetir-heidursmord\/","url":"https:\/\/www.norn.is\/eva\/2014\/06\/16\/ekkert-i-islam-sem-rettlaetir-heidursmord\/","name":"Ekkert \u00ed Islam sem r\u00e9ttl\u00e6tir hei\u00f0ursmor\u00f0 - Eva Hauksd\u00f3ttir","isPartOf":{"@id":"https:\/\/www.norn.is\/eva\/#website"},"primaryImageOfPage":{"@id":"https:\/\/www.norn.is\/eva\/2014\/06\/16\/ekkert-i-islam-sem-rettlaetir-heidursmord\/#primaryimage"},"image":{"@id":"https:\/\/www.norn.is\/eva\/2014\/06\/16\/ekkert-i-islam-sem-rettlaetir-heidursmord\/#primaryimage"},"thumbnailUrl":"https:\/\/www.norn.is\/eva\/wp-content\/uploads\/sites\/36\/2014\/06\/turkish-girl-honor-killing-688x451-1.png","datePublished":"2014-06-16T06:21:11+00:00","dateModified":"2020-07-18T06:32:44+00:00","author":{"@id":"https:\/\/www.norn.is\/eva\/#\/schema\/person\/1d9742389918a297671033a2b53d3d34"},"breadcrumb":{"@id":"https:\/\/www.norn.is\/eva\/2014\/06\/16\/ekkert-i-islam-sem-rettlaetir-heidursmord\/#breadcrumb"},"inLanguage":"is","potentialAction":[{"@type":"ReadAction","target":["https:\/\/www.norn.is\/eva\/2014\/06\/16\/ekkert-i-islam-sem-rettlaetir-heidursmord\/"]}]},{"@type":"ImageObject","inLanguage":"is","@id":"https:\/\/www.norn.is\/eva\/2014\/06\/16\/ekkert-i-islam-sem-rettlaetir-heidursmord\/#primaryimage","url":"https:\/\/www.norn.is\/eva\/wp-content\/uploads\/sites\/36\/2014\/06\/turkish-girl-honor-killing-688x451-1.png","contentUrl":"https:\/\/www.norn.is\/eva\/wp-content\/uploads\/sites\/36\/2014\/06\/turkish-girl-honor-killing-688x451-1.png","width":688,"height":451},{"@type":"BreadcrumbList","@id":"https:\/\/www.norn.is\/eva\/2014\/06\/16\/ekkert-i-islam-sem-rettlaetir-heidursmord\/#breadcrumb","itemListElement":[{"@type":"ListItem","position":1,"name":"Home","item":"https:\/\/www.norn.is\/eva\/"},{"@type":"ListItem","position":2,"name":"Ekkert \u00ed Islam sem r\u00e9ttl\u00e6tir hei\u00f0ursmor\u00f0"}]},{"@type":"WebSite","@id":"https:\/\/www.norn.is\/eva\/#website","url":"https:\/\/www.norn.is\/eva\/","name":"Eva Hauksd\u00f3ttir","description":"Evu blogg","potentialAction":[{"@type":"SearchAction","target":{"@type":"EntryPoint","urlTemplate":"https:\/\/www.norn.is\/eva\/?s={search_term_string}"},"query-input":{"@type":"PropertyValueSpecification","valueRequired":true,"valueName":"search_term_string"}}],"inLanguage":"is"},{"@type":"Person","@id":"https:\/\/www.norn.is\/eva\/#\/schema\/person\/1d9742389918a297671033a2b53d3d34","name":"Eva Hauksd\u00f3ttir","image":{"@type":"ImageObject","inLanguage":"is","@id":"https:\/\/secure.gravatar.com\/avatar\/3690cd9ff7436a8a5d80acdc8fcb1046fbb9e002d4b532c85080d1bcbede84ce?s=96&d=mm&r=g","url":"https:\/\/secure.gravatar.com\/avatar\/3690cd9ff7436a8a5d80acdc8fcb1046fbb9e002d4b532c85080d1bcbede84ce?s=96&d=mm&r=g","contentUrl":"https:\/\/secure.gravatar.com\/avatar\/3690cd9ff7436a8a5d80acdc8fcb1046fbb9e002d4b532c85080d1bcbede84ce?s=96&d=mm&r=g","caption":"Eva Hauksd\u00f3ttir"},"url":"https:\/\/www.norn.is\/eva\/author\/evahauks\/"}]}},"_links":{"self":[{"href":"https:\/\/www.norn.is\/eva\/wp-json\/wp\/v2\/posts\/2675","targetHints":{"allow":["GET"]}}],"collection":[{"href":"https:\/\/www.norn.is\/eva\/wp-json\/wp\/v2\/posts"}],"about":[{"href":"https:\/\/www.norn.is\/eva\/wp-json\/wp\/v2\/types\/post"}],"author":[{"embeddable":true,"href":"https:\/\/www.norn.is\/eva\/wp-json\/wp\/v2\/users\/7"}],"replies":[{"embeddable":true,"href":"https:\/\/www.norn.is\/eva\/wp-json\/wp\/v2\/comments?post=2675"}],"version-history":[{"count":4,"href":"https:\/\/www.norn.is\/eva\/wp-json\/wp\/v2\/posts\/2675\/revisions"}],"predecessor-version":[{"id":2680,"href":"https:\/\/www.norn.is\/eva\/wp-json\/wp\/v2\/posts\/2675\/revisions\/2680"}],"wp:featuredmedia":[{"embeddable":true,"href":"https:\/\/www.norn.is\/eva\/wp-json\/wp\/v2\/media\/2677"}],"wp:attachment":[{"href":"https:\/\/www.norn.is\/eva\/wp-json\/wp\/v2\/media?parent=2675"}],"wp:term":[{"taxonomy":"category","embeddable":true,"href":"https:\/\/www.norn.is\/eva\/wp-json\/wp\/v2\/categories?post=2675"},{"taxonomy":"post_tag","embeddable":true,"href":"https:\/\/www.norn.is\/eva\/wp-json\/wp\/v2\/tags?post=2675"}],"curies":[{"name":"wp","href":"https:\/\/api.w.org\/{rel}","templated":true}]}}