{"id":2408,"date":"2015-12-21T20:57:03","date_gmt":"2015-12-21T20:57:03","guid":{"rendered":"http:\/\/www.norn.is\/eva\/?p=2408"},"modified":"2020-07-15T22:08:46","modified_gmt":"2020-07-15T22:08:46","slug":"kosturinn-vid-ad-vera-oryrki","status":"publish","type":"post","link":"https:\/\/www.norn.is\/eva\/2015\/12\/21\/kosturinn-vid-ad-vera-oryrki\/","title":{"rendered":"Kosturinn vi\u00f0 a\u00f0 vera \u00f6ryrki"},"content":{"rendered":"\n<p>Margir hafa fur\u00f0a\u00f0 sig \u00e1 \u00fev\u00ed hvers vegna hlutfall \u00f6ryrkja er svo h\u00e1tt. \u00deegar vel er a\u00f0 g\u00e1\u00f0 er \u00fe\u00f3 nokku\u00f0 auglj\u00f3st a\u00f0 f\u00f3lk velur \u00fe\u00e1 lei\u00f0 af \u00fev\u00ed a\u00f0 \u00fea\u00f0 er hagst\u00e6tt.&nbsp;\u00dea\u00f0 er nefnilega&nbsp;<a href=\"http:\/\/midjan.is\/20151218\/odyrara-ad-vera-oryrki\/\" target=\"_blank\" rel=\"noreferrer noopener\">\u00f3d\u00fdrt a\u00f0 vera \u00f6ryrki.<\/a><\/p>\n\n\n\n<p>\u00d6ryrkjar eru t.d. ekki \u00ed vinnu og \u00feurfa \u00feessvegna ekki a\u00f0 borga neinn skatt. \u00deeir eru \u00feannig betur settir en flestir vinnandi. Sj\u00e1i\u00f0 t.d. \u00fatger\u00f0armenn, \u00feeir \u00feurfa sko ekki a\u00f0 borga neitt sm\u00e1r\u00e6\u00f0i \u00ed skatt. \u00dea\u00f0 er d\u00fdrt a\u00f0 vera \u00fatger\u00f0arma\u00f0ur.<\/p>\n\n\n\n<blockquote class=\"wp-block-quote is-layout-flow wp-block-quote-is-layout-flow\"><p>\u00d6ryrkjar&nbsp;\u00feurfa heldur ekki a\u00f0 kaupa vetrardekk til a\u00f0 komast \u00ed vinnuna. \u00deeir \u00feurfa ekki einu sinni a\u00f0 eiga b\u00edl og ef \u00feeir eiga b\u00edl \u00fe\u00e1 f\u00e1 \u00feeir oft klikka\u00f0a styrki til \u00feess, alveg bara eins og \u00feeir \u00feurfi a\u00f0 komast eitthvert.<\/p><\/blockquote>\n\n\n\n<p>Vi\u00f0 skulum l\u00edka hafa \u00ed huga a\u00f0 margir vinnuveitendur krefjast \u00feess a\u00f0 starfsf\u00f3lk s\u00e9 snyrtilegt en \u00f6ryrkjar \u00feurfa hins vegar ekki a\u00f0 fara \u00ed klippingu, kaupa svitalyktarey\u00f0i, raks\u00e1pu e\u00f0a meik e\u00f0a ganga vel til fara. \u00deeir geta \u00ed rauninni bara veri\u00f0 \u00e1 n\u00e1ttf\u00f6tunum heima hj\u00e1 s\u00e9r, e\u00f0a \u00ed mesta lagi \u00ed jogginggalla, og \u00feannig sparast fatakostna\u00f0ur og sjamp\u00f3 og alls konar.<\/p>\n\n\n\n<p>\u00d6ryrkjar geta mj\u00f6g l\u00edti\u00f0 hreyft sig. \u00deeir brenna \u00fev\u00ed litlu og \u00feurfa ekki a\u00f0 bor\u00f0a svo miki\u00f0. Nema kannski k\u00e1l og svolei\u00f0is sem kostar ekki miki\u00f0. \u00deess vegna eiga \u00feeir l\u00edka alltaf afgang til a\u00f0 panta pitsu. Allavega gera \u00feeir \u00fea\u00f0 oft. Einu sinni \u00feekkti \u00e9g pitsusendil og hann sag\u00f0i a\u00f0 \u00f6ryrkjar v\u00e6ru oft a\u00f0 panta pitsu. Ekki hafa n\u00fa allir vinnandi efni \u00e1 \u00fev\u00ed.<\/p>\n\n\n\n<p>\u00d6ryrkjar eiga ekki b\u00f6rn. \u00deannig sparast leiksk\u00f3lapl\u00e1ss og \u00f6nnur \u00fatgj\u00f6ld sem fylgja b\u00f6rnum. Og ef \u00feeir eru samt svo vitlausir a\u00f0 eignast b\u00f6rn \u00fe\u00f3tt \u00feeir hafi eiginlega ekki efni \u00e1 \u00fev\u00ed, \u00fe\u00e1 geta \u00feeir bara gefi\u00f0 \u00feau. \u00dea\u00f0 skilja \u00fea\u00f0 allir a\u00f0 \u00f6ryrki geti ekki veri\u00f0 me\u00f0 b\u00f6rn \u00ed eftirdragi.<\/p>\n\n\n\n<p>\u00d6ryrkjar komast oft ekki \u00fat hj\u00e1lparlaust.&nbsp;\u00deeir eru a\u00f0allega bara heima a\u00f0 telja peninga og \u00fea\u00f0 sparar hellings pening \u00ed fer\u00f0akostna\u00f0.<\/p>\n\n\n\n<div class=\"wp-block-image\"><figure class=\"aligncenter size-large is-resized\"><img loading=\"lazy\" decoding=\"async\" src=\"http:\/\/www.norn.is\/eva\/wp-content\/uploads\/sites\/36\/2020\/07\/hj\u00f3last\u00f3lahamingja.jpg\" alt=\"\" class=\"wp-image-2409\" width=\"820\" height=\"461\" srcset=\"https:\/\/www.norn.is\/eva\/wp-content\/uploads\/sites\/36\/2020\/07\/hj\u00f3last\u00f3lahamingja.jpg 660w, https:\/\/www.norn.is\/eva\/wp-content\/uploads\/sites\/36\/2020\/07\/hj\u00f3last\u00f3lahamingja-300x169.jpg 300w\" sizes=\"auto, (max-width: 820px) 100vw, 820px\" \/><\/figure><\/div>\n\n\n\n<p>\u00dear sem \u00f6ryrkjar komast ekkert \u00fat, eiga \u00feeir heldur ekki marga vini.&nbsp;\u00deeir \u00feurfa \u00feess vegna ekki a\u00f0 halda upp \u00e1 afm\u00e6li\u00f0 sitt e\u00f0a fara me\u00f0 vinum s\u00ednum \u00e1 kaffih\u00fas og \u00feeir \u00feurfa heldur ekki a\u00f0&nbsp;kaupa j\u00f3lagjafir. Reyndar eru alveg til \u00f6ryrkjar sem eiga vini en \u00fea\u00f0 eru \u00fe\u00e1 a\u00f0rir \u00f6ryrkjar sem eru hvort sem er ekki vanir a\u00f0 f\u00e1 neitt flott \u00ed j\u00f3lagj\u00f6f e\u00f0a komast \u00e1 kaffih\u00fas. A\u00f0 ma\u00f0ur tali n\u00fa ekki um sparna\u00f0inn sem hl\u00fdst af \u00fev\u00ed a\u00f0 \u00feurfa aldrei a\u00f0 fara \u00ed vinnusta\u00f0apart\u00fd e\u00f0a me\u00f0 vinnuf\u00e9l\u00f6gunum \u00e1 p\u00f6bb. \u00dea\u00f0 kostar vinnandi f\u00f3lk ekki bara drj\u00fagan skilding \u00e1 barnum, heldur l\u00edka leigub\u00edl heim. Reyndar komast \u00f6ryrkjar sem eru ekki hreyfihamla\u00f0ir \u00fat, en \u00feeir eiga samt sjaldan marga vini \u00fev\u00ed hver nennir a\u00f0 hanga me\u00f0 klikkhausum og \u00ferossum?<\/p>\n\n\n\n<blockquote class=\"wp-block-quote is-layout-flow wp-block-quote-is-layout-flow\"><p>\u00dear sem \u00f6ryrkjar eiga venjulega ekki marga vini kemur heldur enginn \u00ed heims\u00f3kn. \u00deeir \u00feurfa \u00feessvegna ekki a\u00f0 eiga s\u00f3fa e\u00f0a marga eldh\u00fasst\u00f3la.<\/p><\/blockquote>\n\n\n\n<p>Ef \u00feeir eiga \u00e1 anna\u00f0 bor\u00f0 vini eru \u00feeir \u00ed hj\u00f3last\u00f3l og \u00fev\u00ed \u00f3\u00fearfi a\u00f0 hafa s\u00f3fa. E\u00f0a \u00fe\u00e1 a\u00f0 \u00feeir eru blindir og \u00fe\u00e1 er alveg n\u00f3g a\u00f0 vera me\u00f0 eitthva\u00f0 drasl \u00far G\u00f3\u00f0a hir\u00f0inum, \u00fev\u00ed vinurinn s\u00e9r \u00fe\u00e1 ekki hvernig \u00fea\u00f0 l\u00edtur \u00fat.<\/p>\n\n\n\n<p>\u00d6ryrkjar eru \u00feannig eina f\u00f3lki\u00f0 \u00ed samf\u00e9laginu sem hefur n\u00e1nast engin \u00fatgj\u00f6ld en f\u00e6r samt b\u00f6nns af monn\u00fd fr\u00e1 r\u00edkinu. \u00dea\u00f0 er \u00fev\u00ed ekkert skr\u00fdti\u00f0 a\u00f0 \u00fea\u00f0 s\u00e9 vins\u00e6lt a\u00f0 vera \u00f6ryrki og \u00ed raun \u00f3skiljanlegt af hverju \u00fea\u00f0 er ekki \u00fea\u00f0 l\u00edf sem allir vilja.<\/p>\n\n\n\n<p><em>Myndskreyting Jeff Garland<\/em><\/p>\n\n\n\n<h4 class=\"has-text-color wp-block-heading\" style=\"color:#dcbb4e\">\u00deessu tengt:<\/h4>\n\n\n<div class=\"vlp-link-container vlp-layout-basic wp-block-visual-link-preview-link\"><a href=\"https:\/\/www.norn.is\/eva\/2015\/06\/02\/betra-eftirlit-med-ororkusvindlurum\/\" class=\"vlp-link\" title=\"Betra eftirlit me\u00f0 \u00f6rorkusvindlurum\"><\/a><div class=\"vlp-layout-zone-side\"><div class=\"vlp-block-2 vlp-link-image\"><img loading=\"lazy\" decoding=\"async\" style=\"max-width: 150px;\" width=\"150\" height=\"86\" src=\"https:\/\/www.norn.is\/eva\/wp-content\/uploads\/sites\/36\/2015\/06\/\u00f6ryrkjar.jpeg\" class=\"attachment-150x999 size-150x999\" alt=\"\" srcset=\"https:\/\/www.norn.is\/eva\/wp-content\/uploads\/sites\/36\/2015\/06\/\u00f6ryrkjar.jpeg 736w, https:\/\/www.norn.is\/eva\/wp-content\/uploads\/sites\/36\/2015\/06\/\u00f6ryrkjar-300x171.jpeg 300w\" sizes=\"auto, (max-width: 150px) 100vw, 150px\" \/><\/div><\/div><div class=\"vlp-layout-zone-main\"><div class=\"vlp-block-0 vlp-link-title\">Betra eftirlit me\u00f0 \u00f6rorkusvindlurum<\/div><div class=\"vlp-block-1 vlp-link-summary\">RUV birti ekki alls fyrir l\u00f6ngu fr\u00e9tt af 18 \u00e1ra dreng sem hefur veri\u00f0 fatla\u00f0ur fr\u00e1 f\u00e6\u00f0ingu en \u00fearf n\u00fa a\u00f0\u00a0sanna f\u00f6tlun s\u00edna\u00a0svo hann f\u00e1i \u00f6rorkub\u00e6tur. Enginn vafi hefur leiki\u00f0 \u00e1 f\u00f6tlun hans hinga\u00f0 til og m\u00f3\u00f0ir hans hefur fengi\u00f0 um\u00f6nnunarb\u00e6tur en \u00fear sem hann hefur n\u00fa n\u00e1\u00f0 18 \u00e1ra aldri er tilvali\u00f0 a\u00f0 nota [&hellip;]<\/div><\/div><\/div>","protected":false},"excerpt":{"rendered":"<p>Margir hafa fur\u00f0a\u00f0 sig \u00e1 \u00fev\u00ed hvers vegna hlutfall \u00f6ryrkja er svo h\u00e1tt. \u00deegar vel er a\u00f0 g\u00e1\u00f0 er \u00fe\u00f3 nokku\u00f0 auglj\u00f3st a\u00f0 f\u00f3lk velur \u00fe\u00e1 lei\u00f0 af \u00fev\u00ed a\u00f0 \u00fea\u00f0 er hagst\u00e6tt.&nbsp;\u00dea\u00f0 er nefnilega&nbsp;\u00f3d\u00fdrt a\u00f0 vera \u00f6ryrki. \u00d6ryrkjar eru t.d. ekki \u00ed vinnu og \u00feurfa \u00feessvegna ekki a\u00f0 borga neinn skatt. \u00deeir eru \u00feannig [&hellip;]<\/p>\n","protected":false},"author":7,"featured_media":2410,"comment_status":"closed","ping_status":"open","sticky":false,"template":"","format":"standard","meta":{"_et_pb_use_builder":"off","_et_pb_old_content":"","_et_gb_content_width":"","footnotes":""},"categories":[133],"tags":[457,458],"class_list":["post-2408","post","type-post","status-publish","format-standard","has-post-thumbnail","hentry","category-heilbrigdis-felagsmal","tag-oryrkjar","tag-vigdis-hauksdottir","et-has-post-format-content","et_post_format-et-post-format-standard"],"yoast_head":"<!-- This site is optimized with the Yoast SEO plugin v27.4 - https:\/\/yoast.com\/product\/yoast-seo-wordpress\/ -->\n<title>Kosturinn vi\u00f0 a\u00f0 vera \u00f6ryrki - Eva Hauksd\u00f3ttir<\/title>\n<meta name=\"robots\" content=\"index, follow, max-snippet:-1, max-image-preview:large, max-video-preview:-1\" \/>\n<link rel=\"canonical\" href=\"https:\/\/www.norn.is\/eva\/2015\/12\/21\/kosturinn-vid-ad-vera-oryrki\/\" \/>\n<meta property=\"og:locale\" content=\"is_IS\" \/>\n<meta property=\"og:type\" content=\"article\" \/>\n<meta property=\"og:title\" content=\"Kosturinn vi\u00f0 a\u00f0 vera \u00f6ryrki - Eva Hauksd\u00f3ttir\" \/>\n<meta property=\"og:description\" content=\"Margir hafa fur\u00f0a\u00f0 sig \u00e1 \u00fev\u00ed hvers vegna hlutfall \u00f6ryrkja er svo h\u00e1tt. \u00deegar vel er a\u00f0 g\u00e1\u00f0 er \u00fe\u00f3 nokku\u00f0 auglj\u00f3st a\u00f0 f\u00f3lk velur \u00fe\u00e1 lei\u00f0 af \u00fev\u00ed a\u00f0 \u00fea\u00f0 er hagst\u00e6tt.&nbsp;\u00dea\u00f0 er nefnilega&nbsp;\u00f3d\u00fdrt a\u00f0 vera \u00f6ryrki. \u00d6ryrkjar eru t.d. ekki \u00ed vinnu og \u00feurfa \u00feessvegna ekki a\u00f0 borga neinn skatt. \u00deeir eru \u00feannig [&hellip;]\" \/>\n<meta property=\"og:url\" content=\"https:\/\/www.norn.is\/eva\/2015\/12\/21\/kosturinn-vid-ad-vera-oryrki\/\" \/>\n<meta property=\"og:site_name\" content=\"Eva Hauksd\u00f3ttir\" \/>\n<meta property=\"article:published_time\" content=\"2015-12-21T20:57:03+00:00\" \/>\n<meta property=\"article:modified_time\" content=\"2020-07-15T22:08:46+00:00\" \/>\n<meta property=\"og:image\" content=\"https:\/\/www.norn.is\/eva\/wp-content\/uploads\/sites\/36\/2020\/07\/Vigd\u00eds.jpg\" \/>\n\t<meta property=\"og:image:width\" content=\"688\" \/>\n\t<meta property=\"og:image:height\" content=\"451\" \/>\n\t<meta property=\"og:image:type\" content=\"image\/jpeg\" \/>\n<meta name=\"author\" content=\"Eva Hauksd\u00f3ttir\" \/>\n<meta name=\"twitter:card\" content=\"summary_large_image\" \/>\n<meta name=\"twitter:label1\" content=\"Written by\" \/>\n\t<meta name=\"twitter:data1\" content=\"\" \/>\n\t<meta name=\"twitter:label2\" content=\"Est. reading time\" \/>\n\t<meta name=\"twitter:data2\" content=\"4 minutes\" \/>\n<script type=\"application\/ld+json\" class=\"yoast-schema-graph\">{\"@context\":\"https:\\\/\\\/schema.org\",\"@graph\":[{\"@type\":\"Article\",\"@id\":\"https:\\\/\\\/www.norn.is\\\/eva\\\/2015\\\/12\\\/21\\\/kosturinn-vid-ad-vera-oryrki\\\/#article\",\"isPartOf\":{\"@id\":\"https:\\\/\\\/www.norn.is\\\/eva\\\/2015\\\/12\\\/21\\\/kosturinn-vid-ad-vera-oryrki\\\/\"},\"author\":{\"name\":\"Eva Hauksd\u00f3ttir\",\"@id\":\"https:\\\/\\\/www.norn.is\\\/eva\\\/#\\\/schema\\\/person\\\/1d9742389918a297671033a2b53d3d34\"},\"headline\":\"Kosturinn vi\u00f0 a\u00f0 vera \u00f6ryrki\",\"datePublished\":\"2015-12-21T20:57:03+00:00\",\"dateModified\":\"2020-07-15T22:08:46+00:00\",\"mainEntityOfPage\":{\"@id\":\"https:\\\/\\\/www.norn.is\\\/eva\\\/2015\\\/12\\\/21\\\/kosturinn-vid-ad-vera-oryrki\\\/\"},\"wordCount\":711,\"image\":{\"@id\":\"https:\\\/\\\/www.norn.is\\\/eva\\\/2015\\\/12\\\/21\\\/kosturinn-vid-ad-vera-oryrki\\\/#primaryimage\"},\"thumbnailUrl\":\"https:\\\/\\\/www.norn.is\\\/eva\\\/wp-content\\\/uploads\\\/sites\\\/36\\\/2020\\\/07\\\/Vigd\u00eds.jpg\",\"keywords\":[\"\u00f6ryrkjar\",\"Vigd\u00eds Hauksd\u00f3ttir\"],\"articleSection\":[\"Heilbrig\u00f0is- &amp; f\u00e9lagsm\u00e1l\"],\"inLanguage\":\"is\"},{\"@type\":\"WebPage\",\"@id\":\"https:\\\/\\\/www.norn.is\\\/eva\\\/2015\\\/12\\\/21\\\/kosturinn-vid-ad-vera-oryrki\\\/\",\"url\":\"https:\\\/\\\/www.norn.is\\\/eva\\\/2015\\\/12\\\/21\\\/kosturinn-vid-ad-vera-oryrki\\\/\",\"name\":\"Kosturinn vi\u00f0 a\u00f0 vera \u00f6ryrki - Eva Hauksd\u00f3ttir\",\"isPartOf\":{\"@id\":\"https:\\\/\\\/www.norn.is\\\/eva\\\/#website\"},\"primaryImageOfPage\":{\"@id\":\"https:\\\/\\\/www.norn.is\\\/eva\\\/2015\\\/12\\\/21\\\/kosturinn-vid-ad-vera-oryrki\\\/#primaryimage\"},\"image\":{\"@id\":\"https:\\\/\\\/www.norn.is\\\/eva\\\/2015\\\/12\\\/21\\\/kosturinn-vid-ad-vera-oryrki\\\/#primaryimage\"},\"thumbnailUrl\":\"https:\\\/\\\/www.norn.is\\\/eva\\\/wp-content\\\/uploads\\\/sites\\\/36\\\/2020\\\/07\\\/Vigd\u00eds.jpg\",\"datePublished\":\"2015-12-21T20:57:03+00:00\",\"dateModified\":\"2020-07-15T22:08:46+00:00\",\"author\":{\"@id\":\"https:\\\/\\\/www.norn.is\\\/eva\\\/#\\\/schema\\\/person\\\/1d9742389918a297671033a2b53d3d34\"},\"breadcrumb\":{\"@id\":\"https:\\\/\\\/www.norn.is\\\/eva\\\/2015\\\/12\\\/21\\\/kosturinn-vid-ad-vera-oryrki\\\/#breadcrumb\"},\"inLanguage\":\"is\",\"potentialAction\":[{\"@type\":\"ReadAction\",\"target\":[\"https:\\\/\\\/www.norn.is\\\/eva\\\/2015\\\/12\\\/21\\\/kosturinn-vid-ad-vera-oryrki\\\/\"]}]},{\"@type\":\"ImageObject\",\"inLanguage\":\"is\",\"@id\":\"https:\\\/\\\/www.norn.is\\\/eva\\\/2015\\\/12\\\/21\\\/kosturinn-vid-ad-vera-oryrki\\\/#primaryimage\",\"url\":\"https:\\\/\\\/www.norn.is\\\/eva\\\/wp-content\\\/uploads\\\/sites\\\/36\\\/2020\\\/07\\\/Vigd\u00eds.jpg\",\"contentUrl\":\"https:\\\/\\\/www.norn.is\\\/eva\\\/wp-content\\\/uploads\\\/sites\\\/36\\\/2020\\\/07\\\/Vigd\u00eds.jpg\",\"width\":688,\"height\":451},{\"@type\":\"BreadcrumbList\",\"@id\":\"https:\\\/\\\/www.norn.is\\\/eva\\\/2015\\\/12\\\/21\\\/kosturinn-vid-ad-vera-oryrki\\\/#breadcrumb\",\"itemListElement\":[{\"@type\":\"ListItem\",\"position\":1,\"name\":\"Home\",\"item\":\"https:\\\/\\\/www.norn.is\\\/eva\\\/\"},{\"@type\":\"ListItem\",\"position\":2,\"name\":\"Kosturinn vi\u00f0 a\u00f0 vera \u00f6ryrki\"}]},{\"@type\":\"WebSite\",\"@id\":\"https:\\\/\\\/www.norn.is\\\/eva\\\/#website\",\"url\":\"https:\\\/\\\/www.norn.is\\\/eva\\\/\",\"name\":\"Eva Hauksd\u00f3ttir\",\"description\":\"Evu blogg\",\"potentialAction\":[{\"@type\":\"SearchAction\",\"target\":{\"@type\":\"EntryPoint\",\"urlTemplate\":\"https:\\\/\\\/www.norn.is\\\/eva\\\/?s={search_term_string}\"},\"query-input\":{\"@type\":\"PropertyValueSpecification\",\"valueRequired\":true,\"valueName\":\"search_term_string\"}}],\"inLanguage\":\"is\"},{\"@type\":\"Person\",\"@id\":\"https:\\\/\\\/www.norn.is\\\/eva\\\/#\\\/schema\\\/person\\\/1d9742389918a297671033a2b53d3d34\",\"name\":\"Eva Hauksd\u00f3ttir\",\"image\":{\"@type\":\"ImageObject\",\"inLanguage\":\"is\",\"@id\":\"https:\\\/\\\/secure.gravatar.com\\\/avatar\\\/3690cd9ff7436a8a5d80acdc8fcb1046fbb9e002d4b532c85080d1bcbede84ce?s=96&d=mm&r=g\",\"url\":\"https:\\\/\\\/secure.gravatar.com\\\/avatar\\\/3690cd9ff7436a8a5d80acdc8fcb1046fbb9e002d4b532c85080d1bcbede84ce?s=96&d=mm&r=g\",\"contentUrl\":\"https:\\\/\\\/secure.gravatar.com\\\/avatar\\\/3690cd9ff7436a8a5d80acdc8fcb1046fbb9e002d4b532c85080d1bcbede84ce?s=96&d=mm&r=g\",\"caption\":\"Eva Hauksd\u00f3ttir\"},\"url\":\"https:\\\/\\\/www.norn.is\\\/eva\\\/author\\\/evahauks\\\/\"}]}<\/script>\n<!-- \/ Yoast SEO plugin. -->","yoast_head_json":{"title":"Kosturinn vi\u00f0 a\u00f0 vera \u00f6ryrki - Eva Hauksd\u00f3ttir","robots":{"index":"index","follow":"follow","max-snippet":"max-snippet:-1","max-image-preview":"max-image-preview:large","max-video-preview":"max-video-preview:-1"},"canonical":"https:\/\/www.norn.is\/eva\/2015\/12\/21\/kosturinn-vid-ad-vera-oryrki\/","og_locale":"is_IS","og_type":"article","og_title":"Kosturinn vi\u00f0 a\u00f0 vera \u00f6ryrki - Eva Hauksd\u00f3ttir","og_description":"Margir hafa fur\u00f0a\u00f0 sig \u00e1 \u00fev\u00ed hvers vegna hlutfall \u00f6ryrkja er svo h\u00e1tt. \u00deegar vel er a\u00f0 g\u00e1\u00f0 er \u00fe\u00f3 nokku\u00f0 auglj\u00f3st a\u00f0 f\u00f3lk velur \u00fe\u00e1 lei\u00f0 af \u00fev\u00ed a\u00f0 \u00fea\u00f0 er hagst\u00e6tt.&nbsp;\u00dea\u00f0 er nefnilega&nbsp;\u00f3d\u00fdrt a\u00f0 vera \u00f6ryrki. \u00d6ryrkjar eru t.d. ekki \u00ed vinnu og \u00feurfa \u00feessvegna ekki a\u00f0 borga neinn skatt. \u00deeir eru \u00feannig [&hellip;]","og_url":"https:\/\/www.norn.is\/eva\/2015\/12\/21\/kosturinn-vid-ad-vera-oryrki\/","og_site_name":"Eva Hauksd\u00f3ttir","article_published_time":"2015-12-21T20:57:03+00:00","article_modified_time":"2020-07-15T22:08:46+00:00","og_image":[{"width":688,"height":451,"url":"https:\/\/www.norn.is\/eva\/wp-content\/uploads\/sites\/36\/2020\/07\/Vigd\u00eds.jpg","type":"image\/jpeg"}],"author":"Eva Hauksd\u00f3ttir","twitter_card":"summary_large_image","twitter_misc":{"Written by":false,"Est. reading time":"4 minutes"},"schema":{"@context":"https:\/\/schema.org","@graph":[{"@type":"Article","@id":"https:\/\/www.norn.is\/eva\/2015\/12\/21\/kosturinn-vid-ad-vera-oryrki\/#article","isPartOf":{"@id":"https:\/\/www.norn.is\/eva\/2015\/12\/21\/kosturinn-vid-ad-vera-oryrki\/"},"author":{"name":"Eva Hauksd\u00f3ttir","@id":"https:\/\/www.norn.is\/eva\/#\/schema\/person\/1d9742389918a297671033a2b53d3d34"},"headline":"Kosturinn vi\u00f0 a\u00f0 vera \u00f6ryrki","datePublished":"2015-12-21T20:57:03+00:00","dateModified":"2020-07-15T22:08:46+00:00","mainEntityOfPage":{"@id":"https:\/\/www.norn.is\/eva\/2015\/12\/21\/kosturinn-vid-ad-vera-oryrki\/"},"wordCount":711,"image":{"@id":"https:\/\/www.norn.is\/eva\/2015\/12\/21\/kosturinn-vid-ad-vera-oryrki\/#primaryimage"},"thumbnailUrl":"https:\/\/www.norn.is\/eva\/wp-content\/uploads\/sites\/36\/2020\/07\/Vigd\u00eds.jpg","keywords":["\u00f6ryrkjar","Vigd\u00eds Hauksd\u00f3ttir"],"articleSection":["Heilbrig\u00f0is- &amp; f\u00e9lagsm\u00e1l"],"inLanguage":"is"},{"@type":"WebPage","@id":"https:\/\/www.norn.is\/eva\/2015\/12\/21\/kosturinn-vid-ad-vera-oryrki\/","url":"https:\/\/www.norn.is\/eva\/2015\/12\/21\/kosturinn-vid-ad-vera-oryrki\/","name":"Kosturinn vi\u00f0 a\u00f0 vera \u00f6ryrki - Eva Hauksd\u00f3ttir","isPartOf":{"@id":"https:\/\/www.norn.is\/eva\/#website"},"primaryImageOfPage":{"@id":"https:\/\/www.norn.is\/eva\/2015\/12\/21\/kosturinn-vid-ad-vera-oryrki\/#primaryimage"},"image":{"@id":"https:\/\/www.norn.is\/eva\/2015\/12\/21\/kosturinn-vid-ad-vera-oryrki\/#primaryimage"},"thumbnailUrl":"https:\/\/www.norn.is\/eva\/wp-content\/uploads\/sites\/36\/2020\/07\/Vigd\u00eds.jpg","datePublished":"2015-12-21T20:57:03+00:00","dateModified":"2020-07-15T22:08:46+00:00","author":{"@id":"https:\/\/www.norn.is\/eva\/#\/schema\/person\/1d9742389918a297671033a2b53d3d34"},"breadcrumb":{"@id":"https:\/\/www.norn.is\/eva\/2015\/12\/21\/kosturinn-vid-ad-vera-oryrki\/#breadcrumb"},"inLanguage":"is","potentialAction":[{"@type":"ReadAction","target":["https:\/\/www.norn.is\/eva\/2015\/12\/21\/kosturinn-vid-ad-vera-oryrki\/"]}]},{"@type":"ImageObject","inLanguage":"is","@id":"https:\/\/www.norn.is\/eva\/2015\/12\/21\/kosturinn-vid-ad-vera-oryrki\/#primaryimage","url":"https:\/\/www.norn.is\/eva\/wp-content\/uploads\/sites\/36\/2020\/07\/Vigd\u00eds.jpg","contentUrl":"https:\/\/www.norn.is\/eva\/wp-content\/uploads\/sites\/36\/2020\/07\/Vigd\u00eds.jpg","width":688,"height":451},{"@type":"BreadcrumbList","@id":"https:\/\/www.norn.is\/eva\/2015\/12\/21\/kosturinn-vid-ad-vera-oryrki\/#breadcrumb","itemListElement":[{"@type":"ListItem","position":1,"name":"Home","item":"https:\/\/www.norn.is\/eva\/"},{"@type":"ListItem","position":2,"name":"Kosturinn vi\u00f0 a\u00f0 vera \u00f6ryrki"}]},{"@type":"WebSite","@id":"https:\/\/www.norn.is\/eva\/#website","url":"https:\/\/www.norn.is\/eva\/","name":"Eva Hauksd\u00f3ttir","description":"Evu blogg","potentialAction":[{"@type":"SearchAction","target":{"@type":"EntryPoint","urlTemplate":"https:\/\/www.norn.is\/eva\/?s={search_term_string}"},"query-input":{"@type":"PropertyValueSpecification","valueRequired":true,"valueName":"search_term_string"}}],"inLanguage":"is"},{"@type":"Person","@id":"https:\/\/www.norn.is\/eva\/#\/schema\/person\/1d9742389918a297671033a2b53d3d34","name":"Eva Hauksd\u00f3ttir","image":{"@type":"ImageObject","inLanguage":"is","@id":"https:\/\/secure.gravatar.com\/avatar\/3690cd9ff7436a8a5d80acdc8fcb1046fbb9e002d4b532c85080d1bcbede84ce?s=96&d=mm&r=g","url":"https:\/\/secure.gravatar.com\/avatar\/3690cd9ff7436a8a5d80acdc8fcb1046fbb9e002d4b532c85080d1bcbede84ce?s=96&d=mm&r=g","contentUrl":"https:\/\/secure.gravatar.com\/avatar\/3690cd9ff7436a8a5d80acdc8fcb1046fbb9e002d4b532c85080d1bcbede84ce?s=96&d=mm&r=g","caption":"Eva Hauksd\u00f3ttir"},"url":"https:\/\/www.norn.is\/eva\/author\/evahauks\/"}]}},"_links":{"self":[{"href":"https:\/\/www.norn.is\/eva\/wp-json\/wp\/v2\/posts\/2408","targetHints":{"allow":["GET"]}}],"collection":[{"href":"https:\/\/www.norn.is\/eva\/wp-json\/wp\/v2\/posts"}],"about":[{"href":"https:\/\/www.norn.is\/eva\/wp-json\/wp\/v2\/types\/post"}],"author":[{"embeddable":true,"href":"https:\/\/www.norn.is\/eva\/wp-json\/wp\/v2\/users\/7"}],"replies":[{"embeddable":true,"href":"https:\/\/www.norn.is\/eva\/wp-json\/wp\/v2\/comments?post=2408"}],"version-history":[{"count":2,"href":"https:\/\/www.norn.is\/eva\/wp-json\/wp\/v2\/posts\/2408\/revisions"}],"predecessor-version":[{"id":2434,"href":"https:\/\/www.norn.is\/eva\/wp-json\/wp\/v2\/posts\/2408\/revisions\/2434"}],"wp:featuredmedia":[{"embeddable":true,"href":"https:\/\/www.norn.is\/eva\/wp-json\/wp\/v2\/media\/2410"}],"wp:attachment":[{"href":"https:\/\/www.norn.is\/eva\/wp-json\/wp\/v2\/media?parent=2408"}],"wp:term":[{"taxonomy":"category","embeddable":true,"href":"https:\/\/www.norn.is\/eva\/wp-json\/wp\/v2\/categories?post=2408"},{"taxonomy":"post_tag","embeddable":true,"href":"https:\/\/www.norn.is\/eva\/wp-json\/wp\/v2\/tags?post=2408"}],"curies":[{"name":"wp","href":"https:\/\/api.w.org\/{rel}","templated":true}]}}