{"id":2066,"date":"2016-11-15T17:09:20","date_gmt":"2016-11-15T17:09:20","guid":{"rendered":"http:\/\/www.norn.is\/eva\/?p=2066"},"modified":"2020-07-13T17:24:30","modified_gmt":"2020-07-13T17:24:30","slug":"voru-landnamsmennirnir-utrasarvikingar","status":"publish","type":"post","link":"https:\/\/www.norn.is\/eva\/2016\/11\/15\/voru-landnamsmennirnir-utrasarvikingar\/","title":{"rendered":"Voru landn\u00e1msmennirnir \u00fatr\u00e1sarv\u00edkingar?"},"content":{"rendered":"\n<p>\u00d6ndvegiss\u00falur Ing\u00f3lfs rak \u00e1 land \u00ed Reykjav\u00edk og \u00fear me\u00f0 h\u00f3fst landn\u00e1m \u00cdslands. Frelsis\u00fer\u00e1in rak g\u00f6fugustu menn Noregs til \u00feess a\u00f0 sigla til eyjarinnar bl\u00e1u \u00ed nor\u00f0rinu og nema \u00fear land. \u00der\u00e6la h\u00f6f\u00f0u \u00feeir vitaskuld og \u00fe\u00e1 helst \u00edrska, en \u00feeir fengu n\u00fa flj\u00f3tt frelsi, \u00ed \u00fea\u00f0 minnsta fer litlum s\u00f6gum af \u00fer\u00e6lahaldi nema hj\u00e1 fyrstu kynsl\u00f3\u00f0 \u00ed landinu. Og h\u00f6f\u00f0ingjarnir stofnu\u00f0u Al\u00feingi og f\u00f3ru \u00ed v\u00edking og ortu dr\u00e1pur \u00e1 milli \u00feess sem \u00feeir dundu\u00f0u s\u00e9r vi\u00f0 a\u00f0 h\u00f6ggva n\u00e1granna s\u00edna \u00ed her\u00f0ar ni\u00f0ur, ekki s\u00edst a\u00f0 undirlagi kvensk\u00f6runga, skr\u00e1\u00f0u s\u00f6gur og fr\u00e6\u00f0i \u00e1 k\u00e1lfskinn og ur\u00f0u \u00fej\u00f3\u00f0.<\/p>\n\n\n\n<div class=\"wp-block-image\"><figure class=\"aligncenter size-large\"><img loading=\"lazy\" decoding=\"async\" width=\"768\" height=\"641\" src=\"http:\/\/www.norn.is\/eva\/wp-content\/uploads\/sites\/36\/2020\/07\/4884021-1024x854-768x641-1.jpg\" alt=\"\" class=\"wp-image-2068\" srcset=\"https:\/\/www.norn.is\/eva\/wp-content\/uploads\/sites\/36\/2020\/07\/4884021-1024x854-768x641-1.jpg 768w, https:\/\/www.norn.is\/eva\/wp-content\/uploads\/sites\/36\/2020\/07\/4884021-1024x854-768x641-1-300x250.jpg 300w\" sizes=\"auto, (max-width: 768px) 100vw, 768px\" \/><\/figure><\/div>\n\n\n\n<p>E\u00f0a var \u00feetta kannski ekki alveg svona?<\/p>\n\n\n\n<p>Fornleifafundir benda til \u00feess a\u00f0 \u00e1 \u00cdslandi hafi menn haft fasta b\u00fasetu nokkru \u00e1\u00f0ur en Ing\u00f3lfur og f\u00e9lagar settust \u00fear a\u00f0 en vi\u00f0 vitum ekki n\u00e1kv\u00e6mlega hven\u00e6r \u00feeir fyrstu n\u00e1mu land \u00e1 \u00cdslandi. Hva\u00f0 f\u00f3lk var eiginlega a\u00f0 vilja til \u00cdslands er ekki s\u00ed\u00f0ur r\u00e1\u00f0g\u00e1ta. En kannski er \u00fea\u00f0 a\u00f0 sk\u00fdrast. Bergsveinn Birgisson, hefur eftir meira en 20 \u00e1ra ranns\u00f3knir \u00e1 s\u00f6gu landn\u00e1msmannsins Geirmundar heljarskinns, komist a\u00f0 \u00feeirri ni\u00f0urst\u00f6\u00f0u a\u00f0 fyrstu landn\u00e1msmenn \u00e1 \u00cdslandi hafi veri\u00f0 rostungavei\u00f0imenn, fremur en b\u00e6ndur, kaupmenn fremur en hermenn, kap\u00edtalistar fremur en frelsishetjur.<\/p>\n\n\n\n<p>Hver var \u00feessi Geirmundur heljarskinn? Vi\u00f0 \u00feekkjum nafni\u00f0 en f\u00e6st okkar vita neitt um hann. Samt er saga hans er \u00e1hugaver\u00f0ari en saga flestra annarra v\u00edkinga.<\/p>\n\n\n\n<div class=\"wp-block-image\"><figure class=\"aligncenter size-large\"><img loading=\"lazy\" decoding=\"async\" width=\"905\" height=\"1024\" src=\"http:\/\/www.norn.is\/eva\/wp-content\/uploads\/sites\/36\/2020\/07\/heljarskinn-1-905x1024.jpg\" alt=\"\" class=\"wp-image-2070\" srcset=\"https:\/\/www.norn.is\/eva\/wp-content\/uploads\/sites\/36\/2020\/07\/heljarskinn-1-905x1024.jpg 905w, https:\/\/www.norn.is\/eva\/wp-content\/uploads\/sites\/36\/2020\/07\/heljarskinn-1-265x300.jpg 265w, https:\/\/www.norn.is\/eva\/wp-content\/uploads\/sites\/36\/2020\/07\/heljarskinn-1-768x869.jpg 768w, https:\/\/www.norn.is\/eva\/wp-content\/uploads\/sites\/36\/2020\/07\/heljarskinn-1.jpg 1061w\" sizes=\"auto, (max-width: 905px) 100vw, 905px\" \/><\/figure><\/div>\n\n\n\n<p>Geirmundur og tv\u00edburabr\u00f3\u00f0ir hans, H\u00e1mundur heljarskinn, voru konungssynir, f\u00e6ddir \u00ed Rogalandi \u00ed Noregi. M\u00f3\u00f0ir \u00feeirra, Lj\u00fafvina drottning, var af as\u00edskum uppruna en fa\u00f0ir \u00feeirra, Hj\u00f6r konungur haf\u00f0i teki\u00f0 hana s\u00e9r a\u00f0 eiginkonu til \u00feess a\u00f0 treysta vi\u00f0skiptasamb\u00f6nd s\u00edn vi\u00f0 vei\u00f0imenn \u00e1 Nor\u00f0ursl\u00f3\u00f0um. \u00deegar Lj\u00fafvina s\u00e1 drengina \u00f3tta\u00f0ist h\u00fan a\u00f0 konungi myndi ekki l\u00edka \u00fatlit \u00feeirra, svo h\u00fan skipti vi\u00f0 hv\u00edta amb\u00e1tt s\u00edna, f\u00e9kk henni drengina til f\u00f3sturs en \u00f3l sj\u00e1lf upp hv\u00edtan son amb\u00e1ttar sinnar sem sinn eigin.<\/p>\n\n\n\n<div class=\"wp-block-image\"><figure class=\"alignright size-large is-resized\"><img loading=\"lazy\" decoding=\"async\" src=\"http:\/\/www.norn.is\/eva\/wp-content\/uploads\/sites\/36\/2020\/07\/heljarskinn.jpg\" alt=\"\" class=\"wp-image-2067\" width=\"304\" height=\"463\" srcset=\"https:\/\/www.norn.is\/eva\/wp-content\/uploads\/sites\/36\/2020\/07\/heljarskinn.jpg 672w, https:\/\/www.norn.is\/eva\/wp-content\/uploads\/sites\/36\/2020\/07\/heljarskinn-197x300.jpg 197w\" sizes=\"auto, (max-width: 304px) 100vw, 304px\" \/><\/figure><\/div>\n\n\n\n<p>\u00deannig h\u00f3fst l\u00edf svarta v\u00edkingsins. Drengs af mong\u00f3lskum uppruna sem s\u00ed\u00f0ar var tekinn inn \u00ed konungsfj\u00f6lskylduna, dvaldi um t\u00edma me\u00f0al frumbyggja \u00e1 Bjarmalandi og l\u00e6r\u00f0i \u00fear rostungavei\u00f0ar og f\u00f3r l\u00f6ngu s\u00ed\u00f0ar fyrir fyrsta lei\u00f0angri rostungsvei\u00f0imanna til \u00cdslands.<\/p>\n\n\n\n<p>\u00d3tr\u00faleg saga? J\u00e1, h\u00fan er \u00f3tr\u00faleg. En eftir a\u00f0 hafa lesi\u00f0 b\u00f3k Bergsveins Birgissonar um leit hans a\u00f0 svarta v\u00edkingnum, finnst m\u00e9r \u00fea\u00f0 hreint ekki \u00f3tr\u00falegra en a\u00f0 norskir h\u00f6f\u00f0ingjar hafi, af einsk\u00e6rri frelsis\u00fer\u00e1, dembt b\u00f6rnum s\u00ednum og b\u00fasmala upp \u00ed opin tr\u00e9skip og yfirgefi\u00f0 jar\u00f0ir s\u00ednar \u00ed Noregi, til \u00feess a\u00f0 gerast b\u00e6ndur \u00e1 \u00feessu \u00f3byggilega grj\u00f3tskeri. \u00dea\u00f0 hl\u00fdtur a\u00f0 hafa veri\u00f0 eitthva\u00f0 meira en vonin um sj\u00e1lfst\u00e6\u00f0i sem toga\u00f0i \u00ed \u00fe\u00e1 og reyndar \u00f3tr\u00falegt a\u00f0 \u00feeir hef\u00f0u komi\u00f0 st\u00f3rum b\u00fastofni fyrir \u00e1 skipunum. Kannski var \u00fea\u00f0 gr\u00f3\u00f0avonin, \u00e1s\u00f3kn \u00ed d\u00fdrm\u00e6ta au\u00f0lind, sem rak \u00fe\u00e1 af sta\u00f0. \u00a0Kannski voru landnemarnir norskir \u00fatr\u00e1sarv\u00edkingar, sem r\u00e9tt eins og au\u00f0menn n\u00fat\u00edmans voru frumkv\u00f6\u00f0lar sem bygg\u00f0u veldi sitt \u00e1 \u00fatsj\u00f3narsemi og \u00feekkingu sem a\u00f0eins f\u00e1ir h\u00f6f\u00f0u yfir a\u00f0 r\u00e1\u00f0a, en um lei\u00f0 \u00e1 p\u00f3lit\u00edskum tengslum, misneytingu valds og gegndarlausri r\u00e1nyrkju.<\/p>\n\n\n\n<figure class=\"wp-block-embed-youtube aligncenter wp-block-embed is-type-video is-provider-youtube wp-embed-aspect-16-9 wp-has-aspect-ratio\"><div class=\"wp-block-embed__wrapper\">\n<iframe loading=\"lazy\" title=\"Den svarte vikingen del 4 Island\" width=\"1080\" height=\"608\" src=\"https:\/\/www.youtube.com\/embed\/mjuG23ofRo4?feature=oembed\" frameborder=\"0\" allow=\"accelerometer; autoplay; encrypted-media; gyroscope; picture-in-picture\" allowfullscreen><\/iframe>\n<\/div><figcaption><span style=\"color:#dcbb4c\" class=\"has-inline-color\">Myndskei\u00f0 sem nota\u00f0 var til kynningar \u00e1 s\u00fdningu um s\u00f6gu Geirmundar sem sett var upp \u00e1 \u00d6gvaldsnesi \u00ed Rogalandi eftir \u00fatkomu b\u00f3karinnar \u00ed Noregi.<\/span><\/figcaption><\/figure>\n\n\n\n<p>Leitin a\u00f0 svarta v\u00edkingnum er komin \u00ed b\u00fa\u00f0ir. B\u00f3kin er afrakstur \u00e1ratuga ranns\u00f3kna, ekki a\u00f0eins \u00e1 svi\u00f0i fornb\u00f3kmennta og sagnfr\u00e6\u00f0i heldur sty\u00f0st h\u00f6fundur einnig vi\u00f0 ranns\u00f3knir \u00e1 svi\u00f0i fornleifa, erf\u00f0afr\u00e6\u00f0i og m\u00e1lfr\u00e6\u00f0i svo nokku\u00f0 s\u00e9 nefnt. Vi\u00f0 f\u00e1um inns\u00fdn \u00ed hugarheim dr\u00f3ttsk\u00e1ldsins, sm\u00ed\u00f0i v\u00edkingaskipa, uppeldi h\u00f6f\u00f0ingjasona \u00e1 v\u00edkinga\u00f6ld, l\u00edf frumbyggja \u00e1 Nor\u00f0ursl\u00f3\u00f0um, p\u00f3lit\u00edsk \u00e1t\u00f6k \u00ed kringum \u00fer\u00e6las\u00f6luna \u00ed Dyflinni, l\u00fdsisger\u00f0, rostungavei\u00f0i og ekki s\u00edst \u2013 mun \u00e1hugaver\u00f0ari kenningu um landn\u00e1m \u00cdslands en \u00fe\u00e1 sem enn er kennd \u00ed grunnsk\u00f3lum landsins. \u00deetta er einst\u00f6k b\u00f3k, sem br\u00faar bili\u00f0 milli fr\u00e6\u00f0irits og sk\u00e1lds\u00f6gu, fr\u00e6\u00f0ib\u00f3k sem er svo l\u00e9tt og skemmtilega framsett a\u00f0 h\u00fan hentar leikm\u00f6nnum sem yndislestur. Leitin a\u00f0 svarta v\u00edkingnum hefur fari\u00f0 sigurf\u00f6r um Noreg og er n\u00fa loksins komin \u00fat \u00ed \u00edslenskri \u00fe\u00fd\u00f0ingu.<\/p>\n","protected":false},"excerpt":{"rendered":"<p>\u00d6ndvegiss\u00falur Ing\u00f3lfs rak \u00e1 land \u00ed Reykjav\u00edk og \u00fear me\u00f0 h\u00f3fst landn\u00e1m \u00cdslands. Frelsis\u00fer\u00e1in rak g\u00f6fugustu menn Noregs til \u00feess a\u00f0 sigla til eyjarinnar bl\u00e1u \u00ed nor\u00f0rinu og nema \u00fear land. \u00der\u00e6la h\u00f6f\u00f0u \u00feeir vitaskuld og \u00fe\u00e1 helst \u00edrska, en \u00feeir fengu n\u00fa flj\u00f3tt frelsi, \u00ed \u00fea\u00f0 minnsta fer litlum s\u00f6gum af \u00fer\u00e6lahaldi nema hj\u00e1 [&hellip;]<\/p>\n","protected":false},"author":7,"featured_media":2072,"comment_status":"closed","ping_status":"open","sticky":false,"template":"","format":"standard","meta":{"_et_pb_use_builder":"off","_et_pb_old_content":"","_et_gb_content_width":"","footnotes":""},"categories":[149,373],"tags":[426,428,424,425,427],"class_list":["post-2066","post","type-post","status-publish","format-standard","has-post-thumbnail","hentry","category-list-lettmeti","category-listir","tag-bergsveinn-birgisson","tag-bokmenntir","tag-geirmundur-heljarskinn","tag-svarti-vikingurinn","tag-vikingar","et-has-post-format-content","et_post_format-et-post-format-standard"],"yoast_head":"<!-- This site is optimized with the Yoast SEO plugin v27.5 - https:\/\/yoast.com\/product\/yoast-seo-wordpress\/ -->\n<title>Voru landn\u00e1msmennirnir \u00fatr\u00e1sarv\u00edkingar? - Eva Hauksd\u00f3ttir<\/title>\n<meta name=\"robots\" content=\"index, follow, max-snippet:-1, max-image-preview:large, max-video-preview:-1\" \/>\n<link rel=\"canonical\" href=\"https:\/\/www.norn.is\/eva\/2016\/11\/15\/voru-landnamsmennirnir-utrasarvikingar\/\" \/>\n<meta property=\"og:locale\" content=\"is_IS\" \/>\n<meta property=\"og:type\" content=\"article\" \/>\n<meta property=\"og:title\" content=\"Voru landn\u00e1msmennirnir \u00fatr\u00e1sarv\u00edkingar? - Eva Hauksd\u00f3ttir\" \/>\n<meta property=\"og:description\" content=\"\u00d6ndvegiss\u00falur Ing\u00f3lfs rak \u00e1 land \u00ed Reykjav\u00edk og \u00fear me\u00f0 h\u00f3fst landn\u00e1m \u00cdslands. Frelsis\u00fer\u00e1in rak g\u00f6fugustu menn Noregs til \u00feess a\u00f0 sigla til eyjarinnar bl\u00e1u \u00ed nor\u00f0rinu og nema \u00fear land. \u00der\u00e6la h\u00f6f\u00f0u \u00feeir vitaskuld og \u00fe\u00e1 helst \u00edrska, en \u00feeir fengu n\u00fa flj\u00f3tt frelsi, \u00ed \u00fea\u00f0 minnsta fer litlum s\u00f6gum af \u00fer\u00e6lahaldi nema hj\u00e1 [&hellip;]\" \/>\n<meta property=\"og:url\" content=\"https:\/\/www.norn.is\/eva\/2016\/11\/15\/voru-landnamsmennirnir-utrasarvikingar\/\" \/>\n<meta property=\"og:site_name\" content=\"Eva Hauksd\u00f3ttir\" \/>\n<meta property=\"article:published_time\" content=\"2016-11-15T17:09:20+00:00\" \/>\n<meta property=\"article:modified_time\" content=\"2020-07-13T17:24:30+00:00\" \/>\n<meta property=\"og:image\" content=\"https:\/\/www.norn.is\/eva\/wp-content\/uploads\/sites\/36\/2016\/11\/vikingaskip.jpg\" \/>\n\t<meta property=\"og:image:width\" content=\"512\" \/>\n\t<meta property=\"og:image:height\" content=\"312\" \/>\n\t<meta property=\"og:image:type\" content=\"image\/jpeg\" \/>\n<meta name=\"author\" content=\"Eva Hauksd\u00f3ttir\" \/>\n<meta name=\"twitter:card\" content=\"summary_large_image\" \/>\n<meta name=\"twitter:label1\" content=\"Written by\" \/>\n\t<meta name=\"twitter:data1\" content=\"\" \/>\n\t<meta name=\"twitter:label2\" content=\"Est. reading time\" \/>\n\t<meta name=\"twitter:data2\" content=\"4 minutes\" \/>\n<script type=\"application\/ld+json\" class=\"yoast-schema-graph\">{\"@context\":\"https:\\\/\\\/schema.org\",\"@graph\":[{\"@type\":\"Article\",\"@id\":\"https:\\\/\\\/www.norn.is\\\/eva\\\/2016\\\/11\\\/15\\\/voru-landnamsmennirnir-utrasarvikingar\\\/#article\",\"isPartOf\":{\"@id\":\"https:\\\/\\\/www.norn.is\\\/eva\\\/2016\\\/11\\\/15\\\/voru-landnamsmennirnir-utrasarvikingar\\\/\"},\"author\":{\"name\":\"Eva Hauksd\u00f3ttir\",\"@id\":\"https:\\\/\\\/www.norn.is\\\/eva\\\/#\\\/schema\\\/person\\\/1d9742389918a297671033a2b53d3d34\"},\"headline\":\"Voru landn\u00e1msmennirnir \u00fatr\u00e1sarv\u00edkingar?\",\"datePublished\":\"2016-11-15T17:09:20+00:00\",\"dateModified\":\"2020-07-13T17:24:30+00:00\",\"mainEntityOfPage\":{\"@id\":\"https:\\\/\\\/www.norn.is\\\/eva\\\/2016\\\/11\\\/15\\\/voru-landnamsmennirnir-utrasarvikingar\\\/\"},\"wordCount\":797,\"image\":{\"@id\":\"https:\\\/\\\/www.norn.is\\\/eva\\\/2016\\\/11\\\/15\\\/voru-landnamsmennirnir-utrasarvikingar\\\/#primaryimage\"},\"thumbnailUrl\":\"https:\\\/\\\/www.norn.is\\\/eva\\\/wp-content\\\/uploads\\\/sites\\\/36\\\/2016\\\/11\\\/vikingaskip.jpg\",\"keywords\":[\"Bergsveinn Birgisson\",\"b\u00f3kmenntir\",\"Geirmundur heljarskinn\",\"Svarti v\u00edkingurinn\",\"v\u00edkingar\"],\"articleSection\":[\"List &amp; l\u00e9ttmeti\",\"Listir\"],\"inLanguage\":\"is\"},{\"@type\":\"WebPage\",\"@id\":\"https:\\\/\\\/www.norn.is\\\/eva\\\/2016\\\/11\\\/15\\\/voru-landnamsmennirnir-utrasarvikingar\\\/\",\"url\":\"https:\\\/\\\/www.norn.is\\\/eva\\\/2016\\\/11\\\/15\\\/voru-landnamsmennirnir-utrasarvikingar\\\/\",\"name\":\"Voru landn\u00e1msmennirnir \u00fatr\u00e1sarv\u00edkingar? - Eva Hauksd\u00f3ttir\",\"isPartOf\":{\"@id\":\"https:\\\/\\\/www.norn.is\\\/eva\\\/#website\"},\"primaryImageOfPage\":{\"@id\":\"https:\\\/\\\/www.norn.is\\\/eva\\\/2016\\\/11\\\/15\\\/voru-landnamsmennirnir-utrasarvikingar\\\/#primaryimage\"},\"image\":{\"@id\":\"https:\\\/\\\/www.norn.is\\\/eva\\\/2016\\\/11\\\/15\\\/voru-landnamsmennirnir-utrasarvikingar\\\/#primaryimage\"},\"thumbnailUrl\":\"https:\\\/\\\/www.norn.is\\\/eva\\\/wp-content\\\/uploads\\\/sites\\\/36\\\/2016\\\/11\\\/vikingaskip.jpg\",\"datePublished\":\"2016-11-15T17:09:20+00:00\",\"dateModified\":\"2020-07-13T17:24:30+00:00\",\"author\":{\"@id\":\"https:\\\/\\\/www.norn.is\\\/eva\\\/#\\\/schema\\\/person\\\/1d9742389918a297671033a2b53d3d34\"},\"breadcrumb\":{\"@id\":\"https:\\\/\\\/www.norn.is\\\/eva\\\/2016\\\/11\\\/15\\\/voru-landnamsmennirnir-utrasarvikingar\\\/#breadcrumb\"},\"inLanguage\":\"is\",\"potentialAction\":[{\"@type\":\"ReadAction\",\"target\":[\"https:\\\/\\\/www.norn.is\\\/eva\\\/2016\\\/11\\\/15\\\/voru-landnamsmennirnir-utrasarvikingar\\\/\"]}]},{\"@type\":\"ImageObject\",\"inLanguage\":\"is\",\"@id\":\"https:\\\/\\\/www.norn.is\\\/eva\\\/2016\\\/11\\\/15\\\/voru-landnamsmennirnir-utrasarvikingar\\\/#primaryimage\",\"url\":\"https:\\\/\\\/www.norn.is\\\/eva\\\/wp-content\\\/uploads\\\/sites\\\/36\\\/2016\\\/11\\\/vikingaskip.jpg\",\"contentUrl\":\"https:\\\/\\\/www.norn.is\\\/eva\\\/wp-content\\\/uploads\\\/sites\\\/36\\\/2016\\\/11\\\/vikingaskip.jpg\",\"width\":512,\"height\":312},{\"@type\":\"BreadcrumbList\",\"@id\":\"https:\\\/\\\/www.norn.is\\\/eva\\\/2016\\\/11\\\/15\\\/voru-landnamsmennirnir-utrasarvikingar\\\/#breadcrumb\",\"itemListElement\":[{\"@type\":\"ListItem\",\"position\":1,\"name\":\"Home\",\"item\":\"https:\\\/\\\/www.norn.is\\\/eva\\\/\"},{\"@type\":\"ListItem\",\"position\":2,\"name\":\"Voru landn\u00e1msmennirnir \u00fatr\u00e1sarv\u00edkingar?\"}]},{\"@type\":\"WebSite\",\"@id\":\"https:\\\/\\\/www.norn.is\\\/eva\\\/#website\",\"url\":\"https:\\\/\\\/www.norn.is\\\/eva\\\/\",\"name\":\"Eva Hauksd\u00f3ttir\",\"description\":\"Evu blogg\",\"potentialAction\":[{\"@type\":\"SearchAction\",\"target\":{\"@type\":\"EntryPoint\",\"urlTemplate\":\"https:\\\/\\\/www.norn.is\\\/eva\\\/?s={search_term_string}\"},\"query-input\":{\"@type\":\"PropertyValueSpecification\",\"valueRequired\":true,\"valueName\":\"search_term_string\"}}],\"inLanguage\":\"is\"},{\"@type\":\"Person\",\"@id\":\"https:\\\/\\\/www.norn.is\\\/eva\\\/#\\\/schema\\\/person\\\/1d9742389918a297671033a2b53d3d34\",\"name\":\"Eva Hauksd\u00f3ttir\",\"image\":{\"@type\":\"ImageObject\",\"inLanguage\":\"is\",\"@id\":\"https:\\\/\\\/secure.gravatar.com\\\/avatar\\\/3690cd9ff7436a8a5d80acdc8fcb1046fbb9e002d4b532c85080d1bcbede84ce?s=96&d=mm&r=g\",\"url\":\"https:\\\/\\\/secure.gravatar.com\\\/avatar\\\/3690cd9ff7436a8a5d80acdc8fcb1046fbb9e002d4b532c85080d1bcbede84ce?s=96&d=mm&r=g\",\"contentUrl\":\"https:\\\/\\\/secure.gravatar.com\\\/avatar\\\/3690cd9ff7436a8a5d80acdc8fcb1046fbb9e002d4b532c85080d1bcbede84ce?s=96&d=mm&r=g\",\"caption\":\"Eva Hauksd\u00f3ttir\"},\"url\":\"https:\\\/\\\/www.norn.is\\\/eva\\\/author\\\/evahauks\\\/\"}]}<\/script>\n<!-- \/ Yoast SEO plugin. -->","yoast_head_json":{"title":"Voru landn\u00e1msmennirnir \u00fatr\u00e1sarv\u00edkingar? - Eva Hauksd\u00f3ttir","robots":{"index":"index","follow":"follow","max-snippet":"max-snippet:-1","max-image-preview":"max-image-preview:large","max-video-preview":"max-video-preview:-1"},"canonical":"https:\/\/www.norn.is\/eva\/2016\/11\/15\/voru-landnamsmennirnir-utrasarvikingar\/","og_locale":"is_IS","og_type":"article","og_title":"Voru landn\u00e1msmennirnir \u00fatr\u00e1sarv\u00edkingar? - Eva Hauksd\u00f3ttir","og_description":"\u00d6ndvegiss\u00falur Ing\u00f3lfs rak \u00e1 land \u00ed Reykjav\u00edk og \u00fear me\u00f0 h\u00f3fst landn\u00e1m \u00cdslands. Frelsis\u00fer\u00e1in rak g\u00f6fugustu menn Noregs til \u00feess a\u00f0 sigla til eyjarinnar bl\u00e1u \u00ed nor\u00f0rinu og nema \u00fear land. \u00der\u00e6la h\u00f6f\u00f0u \u00feeir vitaskuld og \u00fe\u00e1 helst \u00edrska, en \u00feeir fengu n\u00fa flj\u00f3tt frelsi, \u00ed \u00fea\u00f0 minnsta fer litlum s\u00f6gum af \u00fer\u00e6lahaldi nema hj\u00e1 [&hellip;]","og_url":"https:\/\/www.norn.is\/eva\/2016\/11\/15\/voru-landnamsmennirnir-utrasarvikingar\/","og_site_name":"Eva Hauksd\u00f3ttir","article_published_time":"2016-11-15T17:09:20+00:00","article_modified_time":"2020-07-13T17:24:30+00:00","og_image":[{"width":512,"height":312,"url":"https:\/\/www.norn.is\/eva\/wp-content\/uploads\/sites\/36\/2016\/11\/vikingaskip.jpg","type":"image\/jpeg"}],"author":"Eva Hauksd\u00f3ttir","twitter_card":"summary_large_image","twitter_misc":{"Written by":false,"Est. reading time":"4 minutes"},"schema":{"@context":"https:\/\/schema.org","@graph":[{"@type":"Article","@id":"https:\/\/www.norn.is\/eva\/2016\/11\/15\/voru-landnamsmennirnir-utrasarvikingar\/#article","isPartOf":{"@id":"https:\/\/www.norn.is\/eva\/2016\/11\/15\/voru-landnamsmennirnir-utrasarvikingar\/"},"author":{"name":"Eva Hauksd\u00f3ttir","@id":"https:\/\/www.norn.is\/eva\/#\/schema\/person\/1d9742389918a297671033a2b53d3d34"},"headline":"Voru landn\u00e1msmennirnir \u00fatr\u00e1sarv\u00edkingar?","datePublished":"2016-11-15T17:09:20+00:00","dateModified":"2020-07-13T17:24:30+00:00","mainEntityOfPage":{"@id":"https:\/\/www.norn.is\/eva\/2016\/11\/15\/voru-landnamsmennirnir-utrasarvikingar\/"},"wordCount":797,"image":{"@id":"https:\/\/www.norn.is\/eva\/2016\/11\/15\/voru-landnamsmennirnir-utrasarvikingar\/#primaryimage"},"thumbnailUrl":"https:\/\/www.norn.is\/eva\/wp-content\/uploads\/sites\/36\/2016\/11\/vikingaskip.jpg","keywords":["Bergsveinn Birgisson","b\u00f3kmenntir","Geirmundur heljarskinn","Svarti v\u00edkingurinn","v\u00edkingar"],"articleSection":["List &amp; l\u00e9ttmeti","Listir"],"inLanguage":"is"},{"@type":"WebPage","@id":"https:\/\/www.norn.is\/eva\/2016\/11\/15\/voru-landnamsmennirnir-utrasarvikingar\/","url":"https:\/\/www.norn.is\/eva\/2016\/11\/15\/voru-landnamsmennirnir-utrasarvikingar\/","name":"Voru landn\u00e1msmennirnir \u00fatr\u00e1sarv\u00edkingar? - Eva Hauksd\u00f3ttir","isPartOf":{"@id":"https:\/\/www.norn.is\/eva\/#website"},"primaryImageOfPage":{"@id":"https:\/\/www.norn.is\/eva\/2016\/11\/15\/voru-landnamsmennirnir-utrasarvikingar\/#primaryimage"},"image":{"@id":"https:\/\/www.norn.is\/eva\/2016\/11\/15\/voru-landnamsmennirnir-utrasarvikingar\/#primaryimage"},"thumbnailUrl":"https:\/\/www.norn.is\/eva\/wp-content\/uploads\/sites\/36\/2016\/11\/vikingaskip.jpg","datePublished":"2016-11-15T17:09:20+00:00","dateModified":"2020-07-13T17:24:30+00:00","author":{"@id":"https:\/\/www.norn.is\/eva\/#\/schema\/person\/1d9742389918a297671033a2b53d3d34"},"breadcrumb":{"@id":"https:\/\/www.norn.is\/eva\/2016\/11\/15\/voru-landnamsmennirnir-utrasarvikingar\/#breadcrumb"},"inLanguage":"is","potentialAction":[{"@type":"ReadAction","target":["https:\/\/www.norn.is\/eva\/2016\/11\/15\/voru-landnamsmennirnir-utrasarvikingar\/"]}]},{"@type":"ImageObject","inLanguage":"is","@id":"https:\/\/www.norn.is\/eva\/2016\/11\/15\/voru-landnamsmennirnir-utrasarvikingar\/#primaryimage","url":"https:\/\/www.norn.is\/eva\/wp-content\/uploads\/sites\/36\/2016\/11\/vikingaskip.jpg","contentUrl":"https:\/\/www.norn.is\/eva\/wp-content\/uploads\/sites\/36\/2016\/11\/vikingaskip.jpg","width":512,"height":312},{"@type":"BreadcrumbList","@id":"https:\/\/www.norn.is\/eva\/2016\/11\/15\/voru-landnamsmennirnir-utrasarvikingar\/#breadcrumb","itemListElement":[{"@type":"ListItem","position":1,"name":"Home","item":"https:\/\/www.norn.is\/eva\/"},{"@type":"ListItem","position":2,"name":"Voru landn\u00e1msmennirnir \u00fatr\u00e1sarv\u00edkingar?"}]},{"@type":"WebSite","@id":"https:\/\/www.norn.is\/eva\/#website","url":"https:\/\/www.norn.is\/eva\/","name":"Eva Hauksd\u00f3ttir","description":"Evu blogg","potentialAction":[{"@type":"SearchAction","target":{"@type":"EntryPoint","urlTemplate":"https:\/\/www.norn.is\/eva\/?s={search_term_string}"},"query-input":{"@type":"PropertyValueSpecification","valueRequired":true,"valueName":"search_term_string"}}],"inLanguage":"is"},{"@type":"Person","@id":"https:\/\/www.norn.is\/eva\/#\/schema\/person\/1d9742389918a297671033a2b53d3d34","name":"Eva Hauksd\u00f3ttir","image":{"@type":"ImageObject","inLanguage":"is","@id":"https:\/\/secure.gravatar.com\/avatar\/3690cd9ff7436a8a5d80acdc8fcb1046fbb9e002d4b532c85080d1bcbede84ce?s=96&d=mm&r=g","url":"https:\/\/secure.gravatar.com\/avatar\/3690cd9ff7436a8a5d80acdc8fcb1046fbb9e002d4b532c85080d1bcbede84ce?s=96&d=mm&r=g","contentUrl":"https:\/\/secure.gravatar.com\/avatar\/3690cd9ff7436a8a5d80acdc8fcb1046fbb9e002d4b532c85080d1bcbede84ce?s=96&d=mm&r=g","caption":"Eva Hauksd\u00f3ttir"},"url":"https:\/\/www.norn.is\/eva\/author\/evahauks\/"}]}},"_links":{"self":[{"href":"https:\/\/www.norn.is\/eva\/wp-json\/wp\/v2\/posts\/2066","targetHints":{"allow":["GET"]}}],"collection":[{"href":"https:\/\/www.norn.is\/eva\/wp-json\/wp\/v2\/posts"}],"about":[{"href":"https:\/\/www.norn.is\/eva\/wp-json\/wp\/v2\/types\/post"}],"author":[{"embeddable":true,"href":"https:\/\/www.norn.is\/eva\/wp-json\/wp\/v2\/users\/7"}],"replies":[{"embeddable":true,"href":"https:\/\/www.norn.is\/eva\/wp-json\/wp\/v2\/comments?post=2066"}],"version-history":[{"count":2,"href":"https:\/\/www.norn.is\/eva\/wp-json\/wp\/v2\/posts\/2066\/revisions"}],"predecessor-version":[{"id":2071,"href":"https:\/\/www.norn.is\/eva\/wp-json\/wp\/v2\/posts\/2066\/revisions\/2071"}],"wp:featuredmedia":[{"embeddable":true,"href":"https:\/\/www.norn.is\/eva\/wp-json\/wp\/v2\/media\/2072"}],"wp:attachment":[{"href":"https:\/\/www.norn.is\/eva\/wp-json\/wp\/v2\/media?parent=2066"}],"wp:term":[{"taxonomy":"category","embeddable":true,"href":"https:\/\/www.norn.is\/eva\/wp-json\/wp\/v2\/categories?post=2066"},{"taxonomy":"post_tag","embeddable":true,"href":"https:\/\/www.norn.is\/eva\/wp-json\/wp\/v2\/tags?post=2066"}],"curies":[{"name":"wp","href":"https:\/\/api.w.org\/{rel}","templated":true}]}}