{"id":1973,"date":"2013-12-01T10:33:15","date_gmt":"2013-12-01T10:33:15","guid":{"rendered":"http:\/\/www.norn.is\/eva\/?p=1973"},"modified":"2021-07-11T09:42:44","modified_gmt":"2021-07-11T09:42:44","slug":"ordsending-til-islenskra-kvenna","status":"publish","type":"post","link":"https:\/\/www.norn.is\/eva\/2013\/12\/01\/ordsending-til-islenskra-kvenna\/","title":{"rendered":"Or\u00f0sending til \u00edslenskra kvenna"},"content":{"rendered":"\n<div class=\"wp-block-image\"><figure class=\"aligncenter size-large\"><img loading=\"lazy\" decoding=\"async\" width=\"639\" height=\"454\" src=\"http:\/\/www.norn.is\/eva\/wp-content\/uploads\/sites\/36\/2020\/07\/Screenshot-from-2014-08-15-141218.png\" alt=\"\" class=\"wp-image-1974\" srcset=\"https:\/\/www.norn.is\/eva\/wp-content\/uploads\/sites\/36\/2020\/07\/Screenshot-from-2014-08-15-141218.png 639w, https:\/\/www.norn.is\/eva\/wp-content\/uploads\/sites\/36\/2020\/07\/Screenshot-from-2014-08-15-141218-300x213.png 300w, https:\/\/www.norn.is\/eva\/wp-content\/uploads\/sites\/36\/2020\/07\/Screenshot-from-2014-08-15-141218-400x284.png 400w\" sizes=\"auto, (max-width: 639px) 100vw, 639px\" \/><\/figure><\/div>\n\n\n\n<p><\/p>\n\n\n\n<p><em>Mig langar a\u00f0 \u00fatsk\u00fdra a\u00f0eins fyrir \u00fe\u00e9r hvernig heimurinn l\u00edtur \u00fat fr\u00e1 m\u00ednum sj\u00f3narh\u00f3li. \u00cd m\u00ednum heimi vofir st\u00f6\u00f0ug h\u00e6tta yfir. \u00c9g \u00fearf st\u00f6\u00f0ugt a\u00f0 g\u00e6ta m\u00edn \u00e1 \u00fev\u00ed hva\u00f0 \u00e9g segi og hven\u00e6r, a\u00f0 hverju \u00e9g hl\u00e6, vi\u00f0 hva\u00f0a konur \u00e9g tala og hvernig \u00e9g n\u00e1lgast konu ef \u00e9g ver\u00f0 hrifinn af henni. \u00deessar \u00e1hyggjur hefjast strax og \u00e9g er kominn me\u00f0 n\u00e6gt vit til a\u00f0 r\u00e1\u00f0a m\u00e9r sj\u00e1lfur. \u00c9g \u00fearf alltaf a\u00f0 g\u00e6ta \u00feess hva\u00f0a skilabo\u00f0 \u00e9g gef fr\u00e1 m\u00e9r \u00fev\u00ed allt sem \u00e9g segi og geri kann a\u00f0 vera mist\u00falka\u00f0 og nota\u00f0 gegn m\u00e9r. \u00c9g er oft kalla\u00f0ur lj\u00f3tum n\u00f6fnum ef \u00e9g l\u00e6t sko\u00f0anir m\u00ednar \u00ed lj\u00f3s, stundum svo \u00e9g heyri til, stundum ekki. \u00c9g get l\u00edka \u00e1tt \u00fea\u00f0 \u00e1 h\u00e6ttu a\u00f0 lenda \u00e1 skr\u00e1 yfir karla sem hata konur ef \u00e9g segi eitthva\u00f0 sem \u00e1kve\u00f0nar konur f\u00edla ekki.<\/em><\/p>\n\n\n\n<p><em>\u00c9g b\u00fd \u00ed landi \u00fear sem d\u00f3mskerfi\u00f0 er ekki skapa\u00f0 til a\u00f0 verja f\u00f3lk eins og mig og \u00e9g \u00fearf a\u00f0 treysta \u00e1 l\u00f6gregluyfirv\u00f6ld \u00fear sem alvarlegar \u00e1sakanir um kynfer\u00f0islega \u00e1reitni og ofbeldi vi\u00f0gangast gagnvart karlm\u00f6nnum og geta au\u00f0veldlega komi\u00f0 saklausum manni \u00ed fangelsi. \u00c9g starfa \u00e1 vinnumarka\u00f0i \u00fear sem m\u00e9r er st\u00f6\u00f0ugt sagt a\u00f0 \u00e9g nj\u00f3ti forr\u00e9ttinda sem karlma\u00f0ur enda \u00fe\u00f3tt allir viti a\u00f0 99% karlmanna hafa engin v\u00f6ld og flestir okkar f\u00e1 bara greitt eftir t\u00f6xtum. Sem me\u00f0alma\u00f0ur hef \u00e9g mun minni m\u00f6guleika \u00e1 styrkjum til n\u00e1ms og atvinnusk\u00f6punar en kona \u00ed s\u00f6mu st\u00f6\u00f0u. Bara vegna \u00feess a\u00f0 \u00e9g f\u00e6ddist af \u00f6\u00f0ru kyni.<\/em><\/p>\n\n\n\n<p><em>Ef (\u00feegar) \u00e9g e\u00f0a vinir m\u00ednir ver\u00f0um fyrir umgengnist\u00e1lmunum getum vi\u00f0 reikna\u00f0 me\u00f0 a\u00f0 ver\u00f0a \u00e1saka\u00f0ir um ofbeldi gagnvart konum og b\u00f6rnum og a\u00f0 samband okkar vi\u00f0 b\u00f6rnin ver\u00f0i lagt \u00ed r\u00fast og mannor\u00f0 okkar ey\u00f0ilagt. Ef vi\u00f0 f\u00e1um d\u00f3ms\u00farskur\u00f0 og s\u00e6kja \u00fearf b\u00f6rnin til m\u00f3\u00f0urinnar me\u00f0 l\u00f6gregluvaldi, erum \u00fea\u00f0 vi\u00f0 sem erum \u00e1saka\u00f0ir um eigingirni og a\u00f0 l\u00e1ta okkar hagsmuni bitna \u00e1 b\u00f6rnunum, en ekki mamman sem er \u00fe\u00f3 a\u00f0 r\u00e6na okkur b\u00f6rnunum.<\/em><\/p>\n\n\n\n<p><em>\u00cd m\u00ednum vinah\u00f3pi eru 11 karlar. \u00der\u00edr \u00feeirra b\u00faa vi\u00f0 e\u00f0a hafa b\u00fai\u00f0 vi\u00f0 andlegt ofbeldi af h\u00e1lfu maka og einn \u00feeirra l\u00edkamlegt l\u00edka. Tveir hafa ranglega veri\u00f0 \u00e1saka\u00f0ir um kynfer\u00f0isofbeldi, annar \u00feeirra s\u00e6tti l\u00f6gregluranns\u00f3kn vegna \u00feess. S\u00e1 s\u00ed\u00f0asti hefur s\u00e6tt umgengnist\u00e1lmunum \u00ed m\u00f6rg \u00e1r og veri\u00f0 ranglega saka\u00f0ur um a\u00f0 lemja barnsm\u00f3\u00f0ur s\u00edna. \u00d3tr\u00falegt en satt er \u00feetta algilt og jafnvel verra samkv\u00e6mt t\u00f6lfr\u00e6\u00f0i mask\u00fal\u00ednista um ofbeldi kvenna gegn k\u00f6rlum.<\/em><\/p>\n\n\n\n<p><em>Vi\u00f0 vitum a\u00f0 karlak\u00fagun er al\u00fej\u00f3\u00f0legt vandam\u00e1l. Vi\u00f0 heyrum fr\u00e9ttir fr\u00e1 l\u00f6ndum \u00fear sem geisar str\u00ed\u00f0 og langflestir \u00feeirra sem deyja, ver\u00f0a fyrir p\u00f3lit\u00edskum ofs\u00f3knum, sitja \u00ed fangelsi \u00e1n \u00feess a\u00f0 \u00e1k\u00e6ra hafi veri\u00f0 gefin \u00fat, og s\u00e6ta pyntingum, eru karlar. En \u00fea\u00f0 er ekki bara str\u00ed\u00f0 \u00ed \u00fatl\u00f6ndum og karlak\u00fagun vi\u00f0gengst ekki bara annars sta\u00f0ar. \u00dea\u00f0 r\u00edkir l\u00edka str\u00ed\u00f0 gegn k\u00f6rlum h\u00e9r, en \u00fea\u00f0 fer fram hlj\u00f3\u00f0laust innan veggja heimilanna, heimila karlanna sj\u00e1lfra e\u00f0a \u00fear sem \u00feeir koma sem gestir. \u00c1sakanir um l\u00edkamlegt og kynfer\u00f0islegt ofbeldi er mj\u00f6g \u00e1hrifar\u00edkt vopn til a\u00f0 halda k\u00f6rlum ni\u00f0ri. \u00cd sta\u00f0 \u00feess a\u00f0 elta drauma s\u00edna ey\u00f0ir st\u00f3r hluti karla g\u00f3\u00f0um hluta l\u00edfsins \u00ed a\u00f0 reyna a\u00f0 \u00fe\u00f3knast konum me\u00f0 \u00fev\u00ed a\u00f0 hlaupa \u00e1 eftir duttlungum \u00feeirra, v\u00edkja fyrir \u00feeim, leggja \u00e1 sig meiri vinnu en \u00fe\u00e6r, dekstra \u00fe\u00e6r eins og sm\u00e1b\u00f6rn og tipla \u00e1 t\u00e1num \u00ed kringum \u00fe\u00e6r til a\u00f0 styggja \u00fe\u00e6r ekki. Einnig \u00feurfa margir okkar a\u00f0 vinna \u00far \u00e1fallinu a\u00f0 vera saka\u00f0ur um kynfer\u00f0islegt ofbeldi sem hefur \u00ed ofan\u00e1lag engar aflei\u00f0ingar fyrir konuna sem laug upp \u00e1 okkur.<\/em><\/p>\n\n\n\n<p><em>\u00deetta er minn heimur en \u00fe\u00fa \u00feekkir hann v\u00edst ekki neitt. Samt skapa\u00f0ir \u00fe\u00fa hann \u00e1samt systrum \u00fe\u00ednum. \u00de\u00fa ert \u00ed raun m\u00edn \u00f3gnarstj\u00f3rn. \u00c9g bi\u00f0la \u00fev\u00ed til \u00fe\u00edn a\u00f0 breyta heg\u00f0un \u00feinni og \u00fear me\u00f0 heimsmynd minni. \u00de\u00fa getur byrja\u00f0 \u00e1 sj\u00e1lfri \u00fe\u00e9r og svo systrum \u00fe\u00ednum. \u00c9g veit og vona a\u00f0 \u00fe\u00fa sem ert b\u00fain a\u00f0 lesa svona langt hafir \u00e1huga \u00e1 breytingu. A\u00f0 gera samf\u00e9lagi\u00f0 \u00f6ruggara fyrir karla. A\u00f0 litlu str\u00e1karnir \u00ed dag geti stroki\u00f0 s\u00e9r frj\u00e1lst um h\u00f6fu\u00f0 \u00feegar \u00feeir ver\u00f0a st\u00f3rir. St\u00f6ndum saman um a\u00f0 vinna gegn kvenlegum t\u00edkarskap.<\/em><\/p>\n\n\n\n<p>\u2014\u2014\u2014<\/p>\n\n\n\n<p>Hvernig orka svona skrif \u00e1 ykkur? M\u00e9r finnst \u00feetta vera \u00f6murlegt aumingjav\u00e6l ofdeka\u00f0ra karla. Samt er heilmikill sannleikur \u00ed \u00feessu. Karlar ver\u00f0a raunverulega fyrir \u00f3r\u00e9ttl\u00e6ti alveg eins og konur. En \u00feessi framsetning, s\u00fa a\u00f0fer\u00f0 a\u00f0 \u00e1saka allar konur, l\u00e1ta sem vandinn s\u00e9 eing\u00f6ngu \u00e1 \u00feeirra \u00e1byrg\u00f0, emja yfir \u00fev\u00ed hva\u00f0 karlar eigi b\u00e1gt, \u00fea\u00f0 er ekki a\u00f0fer\u00f0 sem vekur m\u00e9r sam\u00fa\u00f0 og f\u00e6r mig til a\u00f0 l\u00edta \u00ed eigin barm. \u00deessi a\u00f0fer\u00f0 sv\u00e6fir mig og hafi \u00e9g ekki tr\u00faa\u00f0 \u00fev\u00ed fyrr \u00fe\u00e1 sannf\u00e6rir h\u00fan mig um a\u00f0 karlmenn s\u00e9u skaplausir aumingjar.<\/p>\n\n\n\n<p>En \u00feetta er ekki br\u00e9f fr\u00e1 karlmanni. Heldur&nbsp;<a href=\"http:\/\/www.visir.is\/ordsending-til-islenskra-karlmanna\/article\/2013711309979\">speglun \u00e1 skrifum konu<\/a>.<\/p>\n\n\n\n<p><em>Konur lifa \u00ed st\u00f6\u00f0ugum og \u00e1st\u00e6\u00f0ur\u00edkum \u00f3tta og \u00fe\u00fa ert pers\u00f3nulega \u00e1byrgur fyrir \u00fev\u00ed. Eina lausnin er s\u00fa a\u00f0 \u00fe\u00fa h\u00e6ttir a\u00f0 vera svona miki\u00f0 \u00f3ge\u00f0 og takir svo a\u00f0 \u00fe\u00e9r a\u00f0 reka dj\u00f6fulinn \u00far \u00f6\u00f0rum karlmanns\u00f3ge\u00f0um.<\/em><\/p>\n","protected":false},"excerpt":{"rendered":"<p>Mig langar a\u00f0 \u00fatsk\u00fdra a\u00f0eins fyrir \u00fe\u00e9r hvernig heimurinn l\u00edtur \u00fat fr\u00e1 m\u00ednum sj\u00f3narh\u00f3li. \u00cd m\u00ednum heimi vofir st\u00f6\u00f0ug h\u00e6tta yfir. \u00c9g \u00fearf st\u00f6\u00f0ugt a\u00f0 g\u00e6ta m\u00edn \u00e1 \u00fev\u00ed hva\u00f0 \u00e9g segi og hven\u00e6r, a\u00f0 hverju \u00e9g hl\u00e6, vi\u00f0 hva\u00f0a konur \u00e9g tala og hvernig \u00e9g n\u00e1lgast konu ef \u00e9g ver\u00f0 hrifinn af henni. \u00deessar [&hellip;]<\/p>\n","protected":false},"author":7,"featured_media":1977,"comment_status":"closed","ping_status":"open","sticky":false,"template":"","format":"standard","meta":{"_et_pb_use_builder":"off","_et_pb_old_content":"","_et_gb_content_width":"","footnotes":""},"categories":[199,670,5,1041],"tags":[106,394,297],"class_list":["post-1973","post","type-post","status-publish","format-standard","has-post-thumbnail","hentry","category-feminasnar","category-fornarlambsfeminismi","category-kyn-klam","category-kyn-ofbeldi","tag-fornarlambsvaeding","tag-kynbundid-ofbeldi","tag-rokvillur","et-has-post-format-content","et_post_format-et-post-format-standard"],"yoast_head":"<!-- This site is optimized with the Yoast SEO plugin v27.5 - https:\/\/yoast.com\/product\/yoast-seo-wordpress\/ -->\n<title>Or\u00f0sending til \u00edslenskra kvenna - Eva Hauksd\u00f3ttir<\/title>\n<meta name=\"robots\" content=\"index, follow, max-snippet:-1, max-image-preview:large, max-video-preview:-1\" \/>\n<link rel=\"canonical\" href=\"https:\/\/www.norn.is\/eva\/2013\/12\/01\/ordsending-til-islenskra-kvenna\/\" \/>\n<meta property=\"og:locale\" content=\"is_IS\" \/>\n<meta property=\"og:type\" content=\"article\" \/>\n<meta property=\"og:title\" content=\"Or\u00f0sending til \u00edslenskra kvenna - Eva Hauksd\u00f3ttir\" \/>\n<meta property=\"og:description\" content=\"Mig langar a\u00f0 \u00fatsk\u00fdra a\u00f0eins fyrir \u00fe\u00e9r hvernig heimurinn l\u00edtur \u00fat fr\u00e1 m\u00ednum sj\u00f3narh\u00f3li. \u00cd m\u00ednum heimi vofir st\u00f6\u00f0ug h\u00e6tta yfir. \u00c9g \u00fearf st\u00f6\u00f0ugt a\u00f0 g\u00e6ta m\u00edn \u00e1 \u00fev\u00ed hva\u00f0 \u00e9g segi og hven\u00e6r, a\u00f0 hverju \u00e9g hl\u00e6, vi\u00f0 hva\u00f0a konur \u00e9g tala og hvernig \u00e9g n\u00e1lgast konu ef \u00e9g ver\u00f0 hrifinn af henni. \u00deessar [&hellip;]\" \/>\n<meta property=\"og:url\" content=\"https:\/\/www.norn.is\/eva\/2013\/12\/01\/ordsending-til-islenskra-kvenna\/\" \/>\n<meta property=\"og:site_name\" content=\"Eva Hauksd\u00f3ttir\" \/>\n<meta property=\"article:published_time\" content=\"2013-12-01T10:33:15+00:00\" \/>\n<meta property=\"article:modified_time\" content=\"2021-07-11T09:42:44+00:00\" \/>\n<meta property=\"og:image\" content=\"https:\/\/www.norn.is\/eva\/wp-content\/uploads\/sites\/36\/2013\/12\/victim-card.jpg\" \/>\n\t<meta property=\"og:image:width\" content=\"1029\" \/>\n\t<meta property=\"og:image:height\" content=\"659\" \/>\n\t<meta property=\"og:image:type\" content=\"image\/jpeg\" \/>\n<meta name=\"author\" content=\"Eva Hauksd\u00f3ttir\" \/>\n<meta name=\"twitter:card\" content=\"summary_large_image\" \/>\n<meta name=\"twitter:label1\" content=\"Written by\" \/>\n\t<meta name=\"twitter:data1\" content=\"\" \/>\n\t<meta name=\"twitter:label2\" content=\"Est. reading time\" \/>\n\t<meta name=\"twitter:data2\" content=\"5 minutes\" \/>\n<script type=\"application\/ld+json\" class=\"yoast-schema-graph\">{\"@context\":\"https:\\\/\\\/schema.org\",\"@graph\":[{\"@type\":\"Article\",\"@id\":\"https:\\\/\\\/www.norn.is\\\/eva\\\/2013\\\/12\\\/01\\\/ordsending-til-islenskra-kvenna\\\/#article\",\"isPartOf\":{\"@id\":\"https:\\\/\\\/www.norn.is\\\/eva\\\/2013\\\/12\\\/01\\\/ordsending-til-islenskra-kvenna\\\/\"},\"author\":{\"name\":\"Eva Hauksd\u00f3ttir\",\"@id\":\"https:\\\/\\\/www.norn.is\\\/eva\\\/#\\\/schema\\\/person\\\/1d9742389918a297671033a2b53d3d34\"},\"headline\":\"Or\u00f0sending til \u00edslenskra kvenna\",\"datePublished\":\"2013-12-01T10:33:15+00:00\",\"dateModified\":\"2021-07-11T09:42:44+00:00\",\"mainEntityOfPage\":{\"@id\":\"https:\\\/\\\/www.norn.is\\\/eva\\\/2013\\\/12\\\/01\\\/ordsending-til-islenskra-kvenna\\\/\"},\"wordCount\":962,\"image\":{\"@id\":\"https:\\\/\\\/www.norn.is\\\/eva\\\/2013\\\/12\\\/01\\\/ordsending-til-islenskra-kvenna\\\/#primaryimage\"},\"thumbnailUrl\":\"https:\\\/\\\/www.norn.is\\\/eva\\\/wp-content\\\/uploads\\\/sites\\\/36\\\/2013\\\/12\\\/victim-card.jpg\",\"keywords\":[\"f\u00f3rnarlambsv\u00e6\u00f0ing\",\"kynbundi\u00f0 ofbeldi\",\"r\u00f6kvillur\"],\"articleSection\":[\"Fem\u00ednasnar\",\"F\u00f3rnarlambsfem\u00ednismi\",\"Kyn &amp; kl\u00e1m\",\"Kyn &amp; ofbeldi\"],\"inLanguage\":\"is\"},{\"@type\":\"WebPage\",\"@id\":\"https:\\\/\\\/www.norn.is\\\/eva\\\/2013\\\/12\\\/01\\\/ordsending-til-islenskra-kvenna\\\/\",\"url\":\"https:\\\/\\\/www.norn.is\\\/eva\\\/2013\\\/12\\\/01\\\/ordsending-til-islenskra-kvenna\\\/\",\"name\":\"Or\u00f0sending til \u00edslenskra kvenna - Eva Hauksd\u00f3ttir\",\"isPartOf\":{\"@id\":\"https:\\\/\\\/www.norn.is\\\/eva\\\/#website\"},\"primaryImageOfPage\":{\"@id\":\"https:\\\/\\\/www.norn.is\\\/eva\\\/2013\\\/12\\\/01\\\/ordsending-til-islenskra-kvenna\\\/#primaryimage\"},\"image\":{\"@id\":\"https:\\\/\\\/www.norn.is\\\/eva\\\/2013\\\/12\\\/01\\\/ordsending-til-islenskra-kvenna\\\/#primaryimage\"},\"thumbnailUrl\":\"https:\\\/\\\/www.norn.is\\\/eva\\\/wp-content\\\/uploads\\\/sites\\\/36\\\/2013\\\/12\\\/victim-card.jpg\",\"datePublished\":\"2013-12-01T10:33:15+00:00\",\"dateModified\":\"2021-07-11T09:42:44+00:00\",\"author\":{\"@id\":\"https:\\\/\\\/www.norn.is\\\/eva\\\/#\\\/schema\\\/person\\\/1d9742389918a297671033a2b53d3d34\"},\"breadcrumb\":{\"@id\":\"https:\\\/\\\/www.norn.is\\\/eva\\\/2013\\\/12\\\/01\\\/ordsending-til-islenskra-kvenna\\\/#breadcrumb\"},\"inLanguage\":\"is\",\"potentialAction\":[{\"@type\":\"ReadAction\",\"target\":[\"https:\\\/\\\/www.norn.is\\\/eva\\\/2013\\\/12\\\/01\\\/ordsending-til-islenskra-kvenna\\\/\"]}]},{\"@type\":\"ImageObject\",\"inLanguage\":\"is\",\"@id\":\"https:\\\/\\\/www.norn.is\\\/eva\\\/2013\\\/12\\\/01\\\/ordsending-til-islenskra-kvenna\\\/#primaryimage\",\"url\":\"https:\\\/\\\/www.norn.is\\\/eva\\\/wp-content\\\/uploads\\\/sites\\\/36\\\/2013\\\/12\\\/victim-card.jpg\",\"contentUrl\":\"https:\\\/\\\/www.norn.is\\\/eva\\\/wp-content\\\/uploads\\\/sites\\\/36\\\/2013\\\/12\\\/victim-card.jpg\",\"width\":1029,\"height\":659},{\"@type\":\"BreadcrumbList\",\"@id\":\"https:\\\/\\\/www.norn.is\\\/eva\\\/2013\\\/12\\\/01\\\/ordsending-til-islenskra-kvenna\\\/#breadcrumb\",\"itemListElement\":[{\"@type\":\"ListItem\",\"position\":1,\"name\":\"Home\",\"item\":\"https:\\\/\\\/www.norn.is\\\/eva\\\/\"},{\"@type\":\"ListItem\",\"position\":2,\"name\":\"Or\u00f0sending til \u00edslenskra kvenna\"}]},{\"@type\":\"WebSite\",\"@id\":\"https:\\\/\\\/www.norn.is\\\/eva\\\/#website\",\"url\":\"https:\\\/\\\/www.norn.is\\\/eva\\\/\",\"name\":\"Eva Hauksd\u00f3ttir\",\"description\":\"Evu blogg\",\"potentialAction\":[{\"@type\":\"SearchAction\",\"target\":{\"@type\":\"EntryPoint\",\"urlTemplate\":\"https:\\\/\\\/www.norn.is\\\/eva\\\/?s={search_term_string}\"},\"query-input\":{\"@type\":\"PropertyValueSpecification\",\"valueRequired\":true,\"valueName\":\"search_term_string\"}}],\"inLanguage\":\"is\"},{\"@type\":\"Person\",\"@id\":\"https:\\\/\\\/www.norn.is\\\/eva\\\/#\\\/schema\\\/person\\\/1d9742389918a297671033a2b53d3d34\",\"name\":\"Eva Hauksd\u00f3ttir\",\"image\":{\"@type\":\"ImageObject\",\"inLanguage\":\"is\",\"@id\":\"https:\\\/\\\/secure.gravatar.com\\\/avatar\\\/3690cd9ff7436a8a5d80acdc8fcb1046fbb9e002d4b532c85080d1bcbede84ce?s=96&d=mm&r=g\",\"url\":\"https:\\\/\\\/secure.gravatar.com\\\/avatar\\\/3690cd9ff7436a8a5d80acdc8fcb1046fbb9e002d4b532c85080d1bcbede84ce?s=96&d=mm&r=g\",\"contentUrl\":\"https:\\\/\\\/secure.gravatar.com\\\/avatar\\\/3690cd9ff7436a8a5d80acdc8fcb1046fbb9e002d4b532c85080d1bcbede84ce?s=96&d=mm&r=g\",\"caption\":\"Eva Hauksd\u00f3ttir\"},\"url\":\"https:\\\/\\\/www.norn.is\\\/eva\\\/author\\\/evahauks\\\/\"}]}<\/script>\n<!-- \/ Yoast SEO plugin. -->","yoast_head_json":{"title":"Or\u00f0sending til \u00edslenskra kvenna - Eva Hauksd\u00f3ttir","robots":{"index":"index","follow":"follow","max-snippet":"max-snippet:-1","max-image-preview":"max-image-preview:large","max-video-preview":"max-video-preview:-1"},"canonical":"https:\/\/www.norn.is\/eva\/2013\/12\/01\/ordsending-til-islenskra-kvenna\/","og_locale":"is_IS","og_type":"article","og_title":"Or\u00f0sending til \u00edslenskra kvenna - Eva Hauksd\u00f3ttir","og_description":"Mig langar a\u00f0 \u00fatsk\u00fdra a\u00f0eins fyrir \u00fe\u00e9r hvernig heimurinn l\u00edtur \u00fat fr\u00e1 m\u00ednum sj\u00f3narh\u00f3li. \u00cd m\u00ednum heimi vofir st\u00f6\u00f0ug h\u00e6tta yfir. \u00c9g \u00fearf st\u00f6\u00f0ugt a\u00f0 g\u00e6ta m\u00edn \u00e1 \u00fev\u00ed hva\u00f0 \u00e9g segi og hven\u00e6r, a\u00f0 hverju \u00e9g hl\u00e6, vi\u00f0 hva\u00f0a konur \u00e9g tala og hvernig \u00e9g n\u00e1lgast konu ef \u00e9g ver\u00f0 hrifinn af henni. \u00deessar [&hellip;]","og_url":"https:\/\/www.norn.is\/eva\/2013\/12\/01\/ordsending-til-islenskra-kvenna\/","og_site_name":"Eva Hauksd\u00f3ttir","article_published_time":"2013-12-01T10:33:15+00:00","article_modified_time":"2021-07-11T09:42:44+00:00","og_image":[{"width":1029,"height":659,"url":"https:\/\/www.norn.is\/eva\/wp-content\/uploads\/sites\/36\/2013\/12\/victim-card.jpg","type":"image\/jpeg"}],"author":"Eva Hauksd\u00f3ttir","twitter_card":"summary_large_image","twitter_misc":{"Written by":false,"Est. reading time":"5 minutes"},"schema":{"@context":"https:\/\/schema.org","@graph":[{"@type":"Article","@id":"https:\/\/www.norn.is\/eva\/2013\/12\/01\/ordsending-til-islenskra-kvenna\/#article","isPartOf":{"@id":"https:\/\/www.norn.is\/eva\/2013\/12\/01\/ordsending-til-islenskra-kvenna\/"},"author":{"name":"Eva Hauksd\u00f3ttir","@id":"https:\/\/www.norn.is\/eva\/#\/schema\/person\/1d9742389918a297671033a2b53d3d34"},"headline":"Or\u00f0sending til \u00edslenskra kvenna","datePublished":"2013-12-01T10:33:15+00:00","dateModified":"2021-07-11T09:42:44+00:00","mainEntityOfPage":{"@id":"https:\/\/www.norn.is\/eva\/2013\/12\/01\/ordsending-til-islenskra-kvenna\/"},"wordCount":962,"image":{"@id":"https:\/\/www.norn.is\/eva\/2013\/12\/01\/ordsending-til-islenskra-kvenna\/#primaryimage"},"thumbnailUrl":"https:\/\/www.norn.is\/eva\/wp-content\/uploads\/sites\/36\/2013\/12\/victim-card.jpg","keywords":["f\u00f3rnarlambsv\u00e6\u00f0ing","kynbundi\u00f0 ofbeldi","r\u00f6kvillur"],"articleSection":["Fem\u00ednasnar","F\u00f3rnarlambsfem\u00ednismi","Kyn &amp; kl\u00e1m","Kyn &amp; ofbeldi"],"inLanguage":"is"},{"@type":"WebPage","@id":"https:\/\/www.norn.is\/eva\/2013\/12\/01\/ordsending-til-islenskra-kvenna\/","url":"https:\/\/www.norn.is\/eva\/2013\/12\/01\/ordsending-til-islenskra-kvenna\/","name":"Or\u00f0sending til \u00edslenskra kvenna - Eva Hauksd\u00f3ttir","isPartOf":{"@id":"https:\/\/www.norn.is\/eva\/#website"},"primaryImageOfPage":{"@id":"https:\/\/www.norn.is\/eva\/2013\/12\/01\/ordsending-til-islenskra-kvenna\/#primaryimage"},"image":{"@id":"https:\/\/www.norn.is\/eva\/2013\/12\/01\/ordsending-til-islenskra-kvenna\/#primaryimage"},"thumbnailUrl":"https:\/\/www.norn.is\/eva\/wp-content\/uploads\/sites\/36\/2013\/12\/victim-card.jpg","datePublished":"2013-12-01T10:33:15+00:00","dateModified":"2021-07-11T09:42:44+00:00","author":{"@id":"https:\/\/www.norn.is\/eva\/#\/schema\/person\/1d9742389918a297671033a2b53d3d34"},"breadcrumb":{"@id":"https:\/\/www.norn.is\/eva\/2013\/12\/01\/ordsending-til-islenskra-kvenna\/#breadcrumb"},"inLanguage":"is","potentialAction":[{"@type":"ReadAction","target":["https:\/\/www.norn.is\/eva\/2013\/12\/01\/ordsending-til-islenskra-kvenna\/"]}]},{"@type":"ImageObject","inLanguage":"is","@id":"https:\/\/www.norn.is\/eva\/2013\/12\/01\/ordsending-til-islenskra-kvenna\/#primaryimage","url":"https:\/\/www.norn.is\/eva\/wp-content\/uploads\/sites\/36\/2013\/12\/victim-card.jpg","contentUrl":"https:\/\/www.norn.is\/eva\/wp-content\/uploads\/sites\/36\/2013\/12\/victim-card.jpg","width":1029,"height":659},{"@type":"BreadcrumbList","@id":"https:\/\/www.norn.is\/eva\/2013\/12\/01\/ordsending-til-islenskra-kvenna\/#breadcrumb","itemListElement":[{"@type":"ListItem","position":1,"name":"Home","item":"https:\/\/www.norn.is\/eva\/"},{"@type":"ListItem","position":2,"name":"Or\u00f0sending til \u00edslenskra kvenna"}]},{"@type":"WebSite","@id":"https:\/\/www.norn.is\/eva\/#website","url":"https:\/\/www.norn.is\/eva\/","name":"Eva Hauksd\u00f3ttir","description":"Evu blogg","potentialAction":[{"@type":"SearchAction","target":{"@type":"EntryPoint","urlTemplate":"https:\/\/www.norn.is\/eva\/?s={search_term_string}"},"query-input":{"@type":"PropertyValueSpecification","valueRequired":true,"valueName":"search_term_string"}}],"inLanguage":"is"},{"@type":"Person","@id":"https:\/\/www.norn.is\/eva\/#\/schema\/person\/1d9742389918a297671033a2b53d3d34","name":"Eva Hauksd\u00f3ttir","image":{"@type":"ImageObject","inLanguage":"is","@id":"https:\/\/secure.gravatar.com\/avatar\/3690cd9ff7436a8a5d80acdc8fcb1046fbb9e002d4b532c85080d1bcbede84ce?s=96&d=mm&r=g","url":"https:\/\/secure.gravatar.com\/avatar\/3690cd9ff7436a8a5d80acdc8fcb1046fbb9e002d4b532c85080d1bcbede84ce?s=96&d=mm&r=g","contentUrl":"https:\/\/secure.gravatar.com\/avatar\/3690cd9ff7436a8a5d80acdc8fcb1046fbb9e002d4b532c85080d1bcbede84ce?s=96&d=mm&r=g","caption":"Eva Hauksd\u00f3ttir"},"url":"https:\/\/www.norn.is\/eva\/author\/evahauks\/"}]}},"_links":{"self":[{"href":"https:\/\/www.norn.is\/eva\/wp-json\/wp\/v2\/posts\/1973","targetHints":{"allow":["GET"]}}],"collection":[{"href":"https:\/\/www.norn.is\/eva\/wp-json\/wp\/v2\/posts"}],"about":[{"href":"https:\/\/www.norn.is\/eva\/wp-json\/wp\/v2\/types\/post"}],"author":[{"embeddable":true,"href":"https:\/\/www.norn.is\/eva\/wp-json\/wp\/v2\/users\/7"}],"replies":[{"embeddable":true,"href":"https:\/\/www.norn.is\/eva\/wp-json\/wp\/v2\/comments?post=1973"}],"version-history":[{"count":2,"href":"https:\/\/www.norn.is\/eva\/wp-json\/wp\/v2\/posts\/1973\/revisions"}],"predecessor-version":[{"id":1976,"href":"https:\/\/www.norn.is\/eva\/wp-json\/wp\/v2\/posts\/1973\/revisions\/1976"}],"wp:featuredmedia":[{"embeddable":true,"href":"https:\/\/www.norn.is\/eva\/wp-json\/wp\/v2\/media\/1977"}],"wp:attachment":[{"href":"https:\/\/www.norn.is\/eva\/wp-json\/wp\/v2\/media?parent=1973"}],"wp:term":[{"taxonomy":"category","embeddable":true,"href":"https:\/\/www.norn.is\/eva\/wp-json\/wp\/v2\/categories?post=1973"},{"taxonomy":"post_tag","embeddable":true,"href":"https:\/\/www.norn.is\/eva\/wp-json\/wp\/v2\/tags?post=1973"}],"curies":[{"name":"wp","href":"https:\/\/api.w.org\/{rel}","templated":true}]}}