{"id":1917,"date":"2017-06-06T08:27:42","date_gmt":"2017-06-06T08:27:42","guid":{"rendered":"http:\/\/www.norn.is\/eva\/?p=1917"},"modified":"2020-07-15T10:42:09","modified_gmt":"2020-07-15T10:42:09","slug":"sjalfsmordsthjonustan-ny-verdlaunakvikmynd","status":"publish","type":"post","link":"https:\/\/www.norn.is\/eva\/2017\/06\/06\/sjalfsmordsthjonustan-ny-verdlaunakvikmynd\/","title":{"rendered":"Sj\u00e1lfsmor\u00f0s\u00fej\u00f3nustan \u2013 n\u00fd ver\u00f0launakvikmynd"},"content":{"rendered":"\n<p>\u00deorkell \u00c1g\u00fast \u00d3ttarsson er \u00edslenskur kvikmynda\u00e1hugama\u00f0ur b\u00fasettur \u00ed Noregi. Hann hefur \u00fer\u00e1tt fyrir takm\u00f6rku\u00f0 fj\u00e1rr\u00e1\u00f0 gert fj\u00f6lda stuttmynda og hefur n\u00fa n\u00e1\u00f0 \u00feeim \u00e1rangri a\u00f0 fyrsta mynd hans \u00ed fullri lengd&nbsp;<em>Suicide Service<\/em>&nbsp;var valin besta myndin \u00ed al\u00fej\u00f3\u00f0legu kvikmyndasamkeppninni&nbsp;<em>The Monkey Bread Tree,<\/em>&nbsp;auk \u00feess sem hann var tilnefndur til ver\u00f0launa fyrir bestu kvikmyndat\u00f6kuna.<\/p>\n\n\n\n<figure class=\"wp-block-image size-large\"><img loading=\"lazy\" decoding=\"async\" width=\"800\" height=\"450\" src=\"http:\/\/www.norn.is\/eva\/wp-content\/uploads\/sites\/36\/2020\/07\/suicide.jpg\" alt=\"\" class=\"wp-image-1919\" srcset=\"https:\/\/www.norn.is\/eva\/wp-content\/uploads\/sites\/36\/2020\/07\/suicide.jpg 800w, https:\/\/www.norn.is\/eva\/wp-content\/uploads\/sites\/36\/2020\/07\/suicide-300x169.jpg 300w, https:\/\/www.norn.is\/eva\/wp-content\/uploads\/sites\/36\/2020\/07\/suicide-768x432.jpg 768w\" sizes=\"auto, (max-width: 800px) 100vw, 800px\" \/><figcaption><em><span style=\"color:#dcbb4c\" class=\"has-inline-color\">Nick Faust fer me\u00f0 hlutverk l\u00e6knisins Roy sem b\u00fd\u00f0ur upp \u00e1 sj\u00e1lfsmor\u00f0s\u00fej\u00f3nustu<\/span><\/em><\/figcaption><\/figure>\n\n\n\n<p><\/p>\n\n\n\n<p><strong>Hvert er efni \u00feessar myndar&nbsp;<em>Suicide Service<\/em>?<\/strong><\/p>\n\n\n\n<p>\u00deetta er mynd um l\u00e6kni sem tekur a\u00f0 s\u00e9r a\u00f0 a\u00f0sto\u00f0a f\u00f3lk vi\u00f0 a\u00f0 fyrirfara s\u00e9r og elskhuga hans sem tekur \u00fe\u00e1tt \u00ed \u00feessu me\u00f0 honum. Vi\u00f0 kynnumst vi\u00f0skiptavinum \u00feeirra og \u00feeim a\u00f0st\u00e6\u00f0um sem kn\u00fdja f\u00f3lk til \u00feess a\u00f0 taka \u00feessa \u00e1kv\u00f6r\u00f0un. \u00c9g er fyrst og fremst a\u00f0 takast \u00e1 vi\u00f0 \u00feann tv\u00edskinnung sem einkennir allt si\u00f0g\u00e6\u00f0i. Vi\u00f0 h\u00f6ldum fast vi\u00f0 si\u00f0fer\u00f0ishugmyndir okkar \u00e1 me\u00f0an \u00fea\u00f0 hentar okkur en \u00feegar \u00e1 reynir erum vi\u00f0 oftar en ekki tilb\u00fain til a\u00f0 selja \u00f6ll prinsipp. Si\u00f0g\u00e6\u00f0i\u00f0 er h\u00f3ra. \u00dea\u00f0 er \u00feema myndarinnar.<\/p>\n\n\n\n<p><strong>Hverskonar keppni er&nbsp;<em>The Monkey Bread Tree<\/em>? &nbsp;<\/strong><\/p>\n\n\n\n<p>\u00deetta er ekki hef\u00f0bundin kvikmyndah\u00e1t\u00ed\u00f0 heldur samkeppni sem er \u00e6tlu\u00f0 sj\u00e1lfst\u00e6\u00f0um kvikmyndager\u00f0arm\u00f6nnum. \u00dea\u00f0 er h\u00e6gt a\u00f0 senda inn myndir 4-5 sinnum \u00e1 \u00e1ri en \u00feetta er ekki h\u00e1t\u00ed\u00f0 sem er opin almenningi heldur sko\u00f0ar fagf\u00f3lk myndirnar og leggur mat \u00e1 \u00fe\u00e6r. Keppnin er b\u00e6\u00f0i fyrir leikmenn og atvinnuf\u00f3lk og myndin m\u00e1 vera d\u00fdr e\u00f0a \u00f3d\u00fdr \u00ed framlei\u00f0slu; helsta skilyr\u00f0i\u00f0 er a\u00f0 framlei\u00f0andinn s\u00e9 sj\u00e1lfst\u00e6\u00f0ur.<\/p>\n\n\n\n<p><strong>Hefur\u00f0u teki\u00f0 \u00fe\u00e1tt \u00ed \u00feessari keppni \u00e1\u00f0ur?<\/strong><\/p>\n\n\n\n<p>Nei, \u00feetta er bara anna\u00f0 \u00e1ri\u00f0 sem verkefni\u00f0 er \u00ed gangi og \u00feetta er fyrsta myndin sem \u00e9g geri \u00ed fullri lengd. \u00c9g hef einu sinni s\u00fdnt stuttmynd \u00e1 kvikmyndah\u00e1t\u00ed\u00f0 og h\u00fan f\u00e9kk ekki \u00fe\u00e6r vi\u00f0t\u00f6kur sem \u00e9g vona\u00f0ist eftir svo \u00feetta kemur \u00f3n\u00e6gjulega \u00e1 \u00f3vart. \u00c9g ger\u00f0i m\u00e9r vonir um a\u00f0 vinna til ver\u00f0launa \u00ed flokki \u00f3d\u00fdrra mynda en \u00fea\u00f0 hvarfla\u00f0i ekki a\u00f0 m\u00e9r a\u00f0 h\u00fan yr\u00f0i valin besta myndin \u00f3h\u00e1\u00f0 kostna\u00f0i, hva\u00f0 \u00fe\u00e1 a\u00f0 \u00e9g yr\u00f0i l\u00edka tilnefndur til ver\u00f0launa fyrir bestu kvikmyndat\u00f6kuna. \u00dea\u00f0 eru bara \u00ferj\u00e1r tilnefningar \u00ed hverjum flokki svo \u00feetta er f\u00ednn \u00e1rangur.<\/p>\n\n\n\n<p><strong>Hefur\u00f0u l\u00e6rt kvikmyndager\u00f0 e\u00f0a unni\u00f0 vi\u00f0 hana?<\/strong><\/p>\n\n\n\n<p>Ekki formlega nei en \u00e9g hef veri\u00f0 a\u00f0 fikta vi\u00f0 \u00feetta s\u00ed\u00f0an \u00e9g var krakki. \u00c9g hef leikst\u00fdrt l\u00edklega 12 stuttmyndum og komi\u00f0 a\u00f0 kvikmyndager\u00f0 me\u00f0 \u00fdmsum h\u00e6tti, a\u00f0sto\u00f0a\u00f0 vi\u00f0 t\u00f6kur, hlj\u00f3\u00f0 og fleira en \u00e9g hef aldrei haft atvinnu innan kvikmyndageirans og er a\u00f0 mestu sj\u00e1lfmennta\u00f0ur. \u00c9g l\u00e6r\u00f0i reyndar kvikmyndafr\u00e6\u00f0i og hef teki\u00f0 nokkur n\u00e1mskei\u00f0 en \u00e9g hef engin pr\u00f3f \u00ed kvikmyndager\u00f0 e\u00f0a \u00f6\u00f0ru sem henni tengist.<\/p>\n\n\n\n<div class=\"wp-block-image\"><figure class=\"aligncenter size-large\"><img loading=\"lazy\" decoding=\"async\" width=\"800\" height=\"450\" src=\"http:\/\/www.norn.is\/eva\/wp-content\/uploads\/sites\/36\/2020\/07\/suicide4.jpg\" alt=\"\" class=\"wp-image-1920\" srcset=\"https:\/\/www.norn.is\/eva\/wp-content\/uploads\/sites\/36\/2020\/07\/suicide4.jpg 800w, https:\/\/www.norn.is\/eva\/wp-content\/uploads\/sites\/36\/2020\/07\/suicide4-300x169.jpg 300w, https:\/\/www.norn.is\/eva\/wp-content\/uploads\/sites\/36\/2020\/07\/suicide4-768x432.jpg 768w\" sizes=\"auto, (max-width: 800px) 100vw, 800px\" \/><figcaption><em><span style=\"color:#dcbb4c\" class=\"has-inline-color\">Tor Itai Keilen \u00ed hlutverki Eriks, elskhuga l\u00e6knisins<\/span><\/em><\/figcaption><\/figure><\/div>\n\n\n\n<p><\/p>\n\n\n\n<p><strong>Hvernig fj\u00e1rmagnar leikma\u00f0ur kvikmyndager\u00f0? F\u00e9kkstu einhverja styrki e\u00f0a l\u00e1n?<\/strong><\/p>\n\n\n\n<p>\u00dea\u00f0 eru til sj\u00f3\u00f0ir sem h\u00e6gt er a\u00f0 s\u00e6kja \u00ed en \u00e9g hef ekki lagt mig miki\u00f0 eftir \u00feeim. M\u00e9r finnst ni\u00f0urdrepandi a\u00f0 s\u00e6kja um styrki, ekki bara af \u00fev\u00ed a\u00f0 \u00fea\u00f0 dregur \u00far manni drifkraftinn a\u00f0 f\u00e1 synjun, heldur l\u00edka af \u00fev\u00ed a\u00f0 ma\u00f0ur \u00fearf a\u00f0 b\u00ed\u00f0a eftir svari kannski h\u00e1lft \u00e1 e\u00f0a jafnvel heilt og \u00feegar svari\u00f0 kemur er ma\u00f0ur kannski bara kominn \u00ed a\u00f0rar p\u00e6lingar. \u00c9g vil vinna a\u00f0 hverju verkefni \u00e1 me\u00f0an \u00e9g er spenntur fyrir \u00fev\u00ed. \u00dea\u00f0 \u00fatheimtir l\u00edka vinnu a\u00f0 s\u00e6kja um styrki, ma\u00f0ur \u00fearf a\u00f0 vera me\u00f0 ni\u00f0urneglda \u00e1\u00e6tlun og m\u00f6guleikarnir \u00e1 \u00fev\u00ed a\u00f0 f\u00e1 styrk eru ekkert miklir.<\/p>\n\n\n\n<p>\u00c9g s\u00f3tti ekki um neinn styrk til \u00feess a\u00f0 gera \u00feessa mynd heldur \u00e1kva\u00f0 \u00e9g a\u00f0 sanna \u00fea\u00f0 fyrir sj\u00e1lfum m\u00e9r og vonandi \u00f6\u00f0rum a\u00f0 \u00e9g v\u00e6ri f\u00e6r um a\u00f0 gera \u00feetta af eigin rammleik. \u00deegar \u00e9g var unglingur s\u00e1 \u00e9g&nbsp;<em>She\u2019s Gotta Have It<\/em>, eftir Spike Lee, \u00e1 kvikmyndah\u00e1t\u00ed\u00f0. S\u00fa mynd var ger\u00f0 fyrir vasapening fr\u00e1 f\u00f3lki af g\u00f6tunni og me\u00f0 a\u00f0sto\u00f0 vina og vandamanna &nbsp;Allar g\u00f6tur s\u00ed\u00f0an hef \u00e1tt m\u00e9r r\u00f3mant\u00edskan draum um a\u00f0 fyrsta myndin m\u00edn yr\u00f0i ger\u00f0 fyrir vasapening. \u00c9g var svo heppinn a\u00f0 f\u00e1 sj\u00e1lfbo\u00f0ali\u00f0a til a\u00f0 leika og a\u00f0sto\u00f0a vi\u00f0 anna\u00f0 sem \u00feurfti svo \u00fea\u00f0 t\u00f3kst. \u00c9g f\u00e9kk meira a\u00f0 segja fagmenn \u00ed tv\u00f6 st\u00e6rstu hlutverkin.&nbsp; Nick Faust sem leikur Roy er bandar\u00edskur svi\u00f0sleikstj\u00f3ri og hann kom fr\u00e1 Bandar\u00edkjunum til a\u00f0 leika \u00ed myndinni og&nbsp;Tor Itai Keilen sem leikur Erik er atvinnuleikari h\u00e9r \u00ed Noregi.<\/p>\n\n\n\n<div class=\"wp-block-image\"><figure class=\"aligncenter size-large\"><img loading=\"lazy\" decoding=\"async\" width=\"523\" height=\"538\" src=\"http:\/\/www.norn.is\/eva\/wp-content\/uploads\/sites\/36\/2020\/07\/keli-1.png\" alt=\"\" class=\"wp-image-1922\" srcset=\"https:\/\/www.norn.is\/eva\/wp-content\/uploads\/sites\/36\/2020\/07\/keli-1.png 523w, https:\/\/www.norn.is\/eva\/wp-content\/uploads\/sites\/36\/2020\/07\/keli-1-292x300.png 292w\" sizes=\"auto, (max-width: 523px) 100vw, 523px\" \/><\/figure><\/div>\n\n\n\n<p><strong>\u00deetta hlj\u00f3mar eins og \u00fea\u00f0 s\u00e9 ekkert svo miki\u00f0 m\u00e1l a\u00f0 gera kvikmynd \u00ed fr\u00edstundum, lentir\u00f0u ekki \u00ed neinum vandr\u00e6\u00f0um?<\/strong><\/p>\n\n\n\n<p>Ma\u00f0ur rekst au\u00f0vita\u00f0 a\u00f0 fullt af vandam\u00e1lum, \u00feetta er sennilega erfi\u00f0asta lei\u00f0in til a\u00f0 gera kvikmynd en hinsvegar s\u00fa \u00f3d\u00fdrasta. Ma\u00f0ur \u00fearf a\u00f0 vera tilb\u00fainn til \u00feess a\u00f0 l\u00e6ra miki\u00f0 og vera allt \u00ed \u00f6llu til \u00feess a\u00f0 \u00feetta s\u00e9 h\u00e6gt; \u00e9g er \u00ed senn framlei\u00f0andi, handritsh\u00f6fundur, leikstj\u00f3ri og kvikmyndat\u00f6kuma\u00f0ur auk \u00feess sem \u00e9g s\u00e1 um klippinguna. St\u00e6rsta vandam\u00e1li\u00f0 var hlj\u00f3\u00f0i\u00f0, ma\u00f0ur getur ekki b\u00e6\u00f0i haldi\u00f0 \u00e1 kvikmyndat\u00f6kuv\u00e9l og s\u00e9\u00f0 um hlj\u00f3\u00f0i\u00f0 \u00ed einu svo \u00e9g \u00feurfti a\u00f0 f\u00e1 a\u00f0ra leikmenn til \u00feess.<\/p>\n\n\n\n<p>Vi\u00f0 lentum reyndar \u00ed einni eftirminnilegri upp\u00e1komu. Nor\u00f0menn vir\u00f0ast vera \u00f3venju tortryggnir gagnvart myndav\u00e9lum, \u00e9g hef oft fengi\u00f0 spurningar \u00ed grunsemdat\u00f3n ef \u00e9g hef veri\u00f0 me\u00f0 myndav\u00e9l \u00e1 almannaf\u00e6ri. \u00cd \u00feetta sinn vorum vi\u00f0 a\u00f0 skj\u00f3ta senu sem gerist \u00ed b\u00edl. Tv\u00e6r konur komu til okkar og spur\u00f0u hvort vi\u00f0 v\u00e6rum a\u00f0 nj\u00f3sna um \u00fe\u00e6r. \u00c9g neita\u00f0i \u00fev\u00ed bara og ba\u00f0 \u00fe\u00e6r a\u00f0 vera ekki of n\u00e1l\u00e6gt \u00fev\u00ed \u00feetta inngrip \u00feeirra skemmdi senuna. Vi\u00f0 h\u00e9ldum svo \u00e1fram stutta lei\u00f0 en flj\u00f3lega stoppa\u00f0i l\u00f6ggan okkur. Konurnar h\u00f6f\u00f0u haft samband vi\u00f0 l\u00f6gregluna og kvarta\u00f0 um a\u00f0 vi\u00f0 v\u00e6rum a\u00f0 mynda \u00fe\u00e6r. L\u00f6greglan spur\u00f0i hva\u00f0 vi\u00f0 v\u00e6rum a\u00f0 gera og \u00e9g sag\u00f0i hreint \u00fat a\u00f0 \u00feeim k\u00e6mi \u00fea\u00f0 ekki vi\u00f0. \u00c9g hef\u00f0i ekki frami\u00f0 neitt l\u00f6gbrot og \u00feeir hef\u00f0u engan r\u00e9tt til a\u00f0 hafa nein afskipti af m\u00e9r. Aumingja leikararnir m\u00ednir voru alveg \u00ed hn\u00fat yfir \u00fev\u00ed hva\u00f0 \u00e9g v\u00e6ri d\u00f3nalegur vi\u00f0 l\u00f6gguna en \u00e9g er bara ekkert til \u00ed a\u00f0 l\u00e1ta trufla mig me\u00f0 svona vitleysu. \u00dea\u00f0 enda\u00f0i me\u00f0 \u00fev\u00ed a\u00f0 \u00feeir f\u00f3ru. \u00deegar vi\u00f0 komum aftur \u00e1 sta\u00f0inn \u00fear sem vi\u00f0 h\u00f6f\u00f0um hitt konurnar, voru \u00fe\u00e6r \u00fear enn\u00fe\u00e1 og voru greinilega a\u00f0 fylgjast me\u00f0 okkur. M\u00e9r finnst \u00fea\u00f0 kostuleg hugmynd hj\u00e1 \u00feeim a\u00f0 vi\u00f0 h\u00f6fum haft einhvern \u00e1huga \u00e1 \u00feeim \u00fev\u00ed \u00e9g beindi v\u00e9linni inn \u00ed b\u00edlinn en ekki a\u00f0 neinum vegfarendum.<\/p>\n\n\n\n<p><strong>\u00dea\u00f0 er au\u00f0vita\u00f0 gaman a\u00f0 f\u00e1 ver\u00f0laun en breytir \u00feessi \u00e1rangur einhverju fyrir \u00feig \u00ed reynd, s\u00e9r\u00f0u t.d. fram \u00e1 a\u00f0 \u00feetta opni \u00fe\u00e9r n\u00fd t\u00e6kif\u00e6ri?<\/strong><\/p>\n\n\n\n<p>J\u00e1, \u00e9g hef tr\u00fa \u00e1 \u00fev\u00ed. \u00dea\u00f0 er kl\u00edkuskapur \u00ed kvikmyndaheiminum eins og annarssta\u00f0ar og mj\u00f6g erfitt fyrir \u00feann sem vill vinna utan kerfisins a\u00f0 koma s\u00e9r \u00e1 framf\u00e6ri. Kvikmyndael\u00edtan \u00e1 \u00cdslandi hefur algj\u00f6rlega hunsa\u00f0 mig og sj\u00e1lfst\u00e6\u00f0ir kvikmyndager\u00f0armenn sem \u00e9g \u00feekki til b\u00e6\u00f0i \u00e1 \u00cdslandi og \u00ed Noregi hafa svipa\u00f0a reynslu. Ef ma\u00f0ur f\u00e6r einn styrk eru nokku\u00f0 g\u00f3\u00f0ar l\u00edkur \u00e1 a\u00f0 boltinn fari a\u00f0 r\u00falla en ef \u00fe\u00fa gefur sk\u00edt \u00ed kerfi\u00f0 \u00fe\u00e1 n\u00fdtur\u00f0u ekki vi\u00f0urkenningar \u00fe\u00f3tt afraksturinn s\u00e9 g\u00f3\u00f0ur. \u00deeir sem vinna vi\u00f0 a\u00f0 veita styrki \u00feurfa sj\u00e1lfir a\u00f0 gera sig gildandi. \u00deeir \u00feurfa a\u00f0 s\u00fdna fram \u00e1 a\u00f0 \u00feeir s\u00e9u a\u00f0 gera eitthva\u00f0 af viti og aflei\u00f0ingin er s\u00fa a\u00f0 \u00fea\u00f0 eru \u00feeir sem f\u00e1 styrkina sem f\u00e1 alla athyglina og \u00feannig lei\u00f0ir eitt af \u00f6\u00f0ru.<\/p>\n\n\n\n<p>\u00deessi vi\u00f0urkenning er virkilega upp\u00f6rvandi og mun vonandi b\u00e6\u00f0i hj\u00e1lpa m\u00e9r a\u00f0 koma myndinni \u00ed dreifingu og a\u00f0 koma \u00f6\u00f0rum verkum \u00e1 framf\u00e6ri. \u00c9g vonast til \u00feess a\u00f0 \u00feurfa ekki a\u00f0 byggja n\u00e6stu mynd eing\u00f6ngu \u00e1 sj\u00e1lfbo\u00f0avinnu. \u00dea\u00f0 er gaman a\u00f0 hafa gert \u00fea\u00f0 og d\u00e1l\u00edti\u00f0 r\u00f3mant\u00edskt a\u00f0 takast \u00e1 vi\u00f0 \u00fea\u00f0 en ma\u00f0ur gerir au\u00f0vita\u00f0 ekki margar myndir me\u00f0 tv\u00e6r hendur t\u00f3mar og mig langar a\u00f0 geta bo\u00f0i\u00f0 f\u00f3lkinu m\u00ednu laun.<\/p>\n\n\n\n<p><strong>Ver\u00f0ur myndin s\u00fdnd \u00e1 \u00cdslandi?<\/strong>&nbsp;\u00c9g er b\u00fann a\u00f0 senda hana \u00e1 RIFF svo \u00e9g vona a\u00f0 h\u00fan ver\u00f0i valin til s\u00fdningar.<\/p>\n\n\n\n<p>H\u00e9r m\u00e1 sj\u00e1 nokkrar stuttmyndir eftir \u00deorkel \u00c1g\u00fast \u00d3ttarsson:<\/p>\n\n\n\n<figure class=\"wp-block-embed-youtube wp-block-embed is-type-video is-provider-youtube wp-embed-aspect-16-9 wp-has-aspect-ratio\"><div class=\"wp-block-embed__wrapper\">\n<iframe loading=\"lazy\" title=\"The Last Laugh 2019\" width=\"1080\" height=\"608\" src=\"https:\/\/www.youtube.com\/embed\/LXrAY-6n53M?feature=oembed\" frameborder=\"0\" allow=\"accelerometer; autoplay; encrypted-media; gyroscope; picture-in-picture\" allowfullscreen><\/iframe>\n<\/div><\/figure>\n","protected":false},"excerpt":{"rendered":"<p>\u00deorkell \u00c1g\u00fast \u00d3ttarsson er \u00edslenskur kvikmynda\u00e1hugama\u00f0ur b\u00fasettur \u00ed Noregi. Hann hefur \u00fer\u00e1tt fyrir takm\u00f6rku\u00f0 fj\u00e1rr\u00e1\u00f0 gert fj\u00f6lda stuttmynda og hefur n\u00fa n\u00e1\u00f0 \u00feeim \u00e1rangri a\u00f0 fyrsta mynd hans \u00ed fullri lengd&nbsp;Suicide Service&nbsp;var valin besta myndin \u00ed al\u00fej\u00f3\u00f0legu kvikmyndasamkeppninni&nbsp;The Monkey Bread Tree,&nbsp;auk \u00feess sem hann var tilnefndur til ver\u00f0launa fyrir bestu kvikmyndat\u00f6kuna. Hvert er efni \u00feessar [&hellip;]<\/p>\n","protected":false},"author":7,"featured_media":1418,"comment_status":"closed","ping_status":"open","sticky":false,"template":"","format":"standard","meta":{"_et_pb_use_builder":"off","_et_pb_old_content":"","_et_gb_content_width":"","footnotes":""},"categories":[46,149,373],"tags":[374,375],"class_list":["post-1917","post","type-post","status-publish","format-standard","has-post-thumbnail","hentry","category-gestapistlar-vidtol","category-list-lettmeti","category-listir","tag-kvikmyndir","tag-thorkell-agust-ottarsson","et-has-post-format-content","et_post_format-et-post-format-standard"],"yoast_head":"<!-- This site is optimized with the Yoast SEO plugin v27.5 - https:\/\/yoast.com\/product\/yoast-seo-wordpress\/ -->\n<title>Sj\u00e1lfsmor\u00f0s\u00fej\u00f3nustan \u2013 n\u00fd ver\u00f0launakvikmynd - Eva Hauksd\u00f3ttir<\/title>\n<meta name=\"robots\" content=\"index, follow, max-snippet:-1, max-image-preview:large, max-video-preview:-1\" \/>\n<link rel=\"canonical\" href=\"https:\/\/www.norn.is\/eva\/2017\/06\/06\/sjalfsmordsthjonustan-ny-verdlaunakvikmynd\/\" \/>\n<meta property=\"og:locale\" content=\"is_IS\" \/>\n<meta property=\"og:type\" content=\"article\" \/>\n<meta property=\"og:title\" content=\"Sj\u00e1lfsmor\u00f0s\u00fej\u00f3nustan \u2013 n\u00fd ver\u00f0launakvikmynd - Eva Hauksd\u00f3ttir\" \/>\n<meta property=\"og:description\" content=\"\u00deorkell \u00c1g\u00fast \u00d3ttarsson er \u00edslenskur kvikmynda\u00e1hugama\u00f0ur b\u00fasettur \u00ed Noregi. Hann hefur \u00fer\u00e1tt fyrir takm\u00f6rku\u00f0 fj\u00e1rr\u00e1\u00f0 gert fj\u00f6lda stuttmynda og hefur n\u00fa n\u00e1\u00f0 \u00feeim \u00e1rangri a\u00f0 fyrsta mynd hans \u00ed fullri lengd&nbsp;Suicide Service&nbsp;var valin besta myndin \u00ed al\u00fej\u00f3\u00f0legu kvikmyndasamkeppninni&nbsp;The Monkey Bread Tree,&nbsp;auk \u00feess sem hann var tilnefndur til ver\u00f0launa fyrir bestu kvikmyndat\u00f6kuna. Hvert er efni \u00feessar [&hellip;]\" \/>\n<meta property=\"og:url\" content=\"https:\/\/www.norn.is\/eva\/2017\/06\/06\/sjalfsmordsthjonustan-ny-verdlaunakvikmynd\/\" \/>\n<meta property=\"og:site_name\" content=\"Eva Hauksd\u00f3ttir\" \/>\n<meta property=\"article:published_time\" content=\"2017-06-06T08:27:42+00:00\" \/>\n<meta property=\"article:modified_time\" content=\"2020-07-15T10:42:09+00:00\" \/>\n<meta property=\"og:image\" content=\"https:\/\/www.norn.is\/eva\/wp-content\/uploads\/sites\/36\/2020\/07\/orkell-ttarsson-1024x1024-1.jpg\" \/>\n\t<meta property=\"og:image:width\" content=\"1024\" \/>\n\t<meta property=\"og:image:height\" content=\"1024\" \/>\n\t<meta property=\"og:image:type\" content=\"image\/jpeg\" \/>\n<meta name=\"author\" content=\"Eva Hauksd\u00f3ttir\" \/>\n<meta name=\"twitter:card\" content=\"summary_large_image\" \/>\n<meta name=\"twitter:label1\" content=\"Written by\" \/>\n\t<meta name=\"twitter:data1\" content=\"\" \/>\n\t<meta name=\"twitter:label2\" content=\"Est. reading time\" \/>\n\t<meta name=\"twitter:data2\" content=\"8 minutes\" \/>\n<script type=\"application\/ld+json\" class=\"yoast-schema-graph\">{\"@context\":\"https:\\\/\\\/schema.org\",\"@graph\":[{\"@type\":\"Article\",\"@id\":\"https:\\\/\\\/www.norn.is\\\/eva\\\/2017\\\/06\\\/06\\\/sjalfsmordsthjonustan-ny-verdlaunakvikmynd\\\/#article\",\"isPartOf\":{\"@id\":\"https:\\\/\\\/www.norn.is\\\/eva\\\/2017\\\/06\\\/06\\\/sjalfsmordsthjonustan-ny-verdlaunakvikmynd\\\/\"},\"author\":{\"name\":\"Eva Hauksd\u00f3ttir\",\"@id\":\"https:\\\/\\\/www.norn.is\\\/eva\\\/#\\\/schema\\\/person\\\/1d9742389918a297671033a2b53d3d34\"},\"headline\":\"Sj\u00e1lfsmor\u00f0s\u00fej\u00f3nustan \u2013 n\u00fd ver\u00f0launakvikmynd\",\"datePublished\":\"2017-06-06T08:27:42+00:00\",\"dateModified\":\"2020-07-15T10:42:09+00:00\",\"mainEntityOfPage\":{\"@id\":\"https:\\\/\\\/www.norn.is\\\/eva\\\/2017\\\/06\\\/06\\\/sjalfsmordsthjonustan-ny-verdlaunakvikmynd\\\/\"},\"wordCount\":1530,\"image\":{\"@id\":\"https:\\\/\\\/www.norn.is\\\/eva\\\/2017\\\/06\\\/06\\\/sjalfsmordsthjonustan-ny-verdlaunakvikmynd\\\/#primaryimage\"},\"thumbnailUrl\":\"https:\\\/\\\/www.norn.is\\\/eva\\\/wp-content\\\/uploads\\\/sites\\\/36\\\/2020\\\/07\\\/orkell-ttarsson-1024x1024-1.jpg\",\"keywords\":[\"kvikmyndir\",\"\u00deorkell \u00c1g\u00fast \u00d3ttarsson\"],\"articleSection\":[\"Gestapistlar &amp; vi\u00f0t\u00f6l\",\"List &amp; l\u00e9ttmeti\",\"Listir\"],\"inLanguage\":\"is\"},{\"@type\":\"WebPage\",\"@id\":\"https:\\\/\\\/www.norn.is\\\/eva\\\/2017\\\/06\\\/06\\\/sjalfsmordsthjonustan-ny-verdlaunakvikmynd\\\/\",\"url\":\"https:\\\/\\\/www.norn.is\\\/eva\\\/2017\\\/06\\\/06\\\/sjalfsmordsthjonustan-ny-verdlaunakvikmynd\\\/\",\"name\":\"Sj\u00e1lfsmor\u00f0s\u00fej\u00f3nustan \u2013 n\u00fd ver\u00f0launakvikmynd - Eva Hauksd\u00f3ttir\",\"isPartOf\":{\"@id\":\"https:\\\/\\\/www.norn.is\\\/eva\\\/#website\"},\"primaryImageOfPage\":{\"@id\":\"https:\\\/\\\/www.norn.is\\\/eva\\\/2017\\\/06\\\/06\\\/sjalfsmordsthjonustan-ny-verdlaunakvikmynd\\\/#primaryimage\"},\"image\":{\"@id\":\"https:\\\/\\\/www.norn.is\\\/eva\\\/2017\\\/06\\\/06\\\/sjalfsmordsthjonustan-ny-verdlaunakvikmynd\\\/#primaryimage\"},\"thumbnailUrl\":\"https:\\\/\\\/www.norn.is\\\/eva\\\/wp-content\\\/uploads\\\/sites\\\/36\\\/2020\\\/07\\\/orkell-ttarsson-1024x1024-1.jpg\",\"datePublished\":\"2017-06-06T08:27:42+00:00\",\"dateModified\":\"2020-07-15T10:42:09+00:00\",\"author\":{\"@id\":\"https:\\\/\\\/www.norn.is\\\/eva\\\/#\\\/schema\\\/person\\\/1d9742389918a297671033a2b53d3d34\"},\"breadcrumb\":{\"@id\":\"https:\\\/\\\/www.norn.is\\\/eva\\\/2017\\\/06\\\/06\\\/sjalfsmordsthjonustan-ny-verdlaunakvikmynd\\\/#breadcrumb\"},\"inLanguage\":\"is\",\"potentialAction\":[{\"@type\":\"ReadAction\",\"target\":[\"https:\\\/\\\/www.norn.is\\\/eva\\\/2017\\\/06\\\/06\\\/sjalfsmordsthjonustan-ny-verdlaunakvikmynd\\\/\"]}]},{\"@type\":\"ImageObject\",\"inLanguage\":\"is\",\"@id\":\"https:\\\/\\\/www.norn.is\\\/eva\\\/2017\\\/06\\\/06\\\/sjalfsmordsthjonustan-ny-verdlaunakvikmynd\\\/#primaryimage\",\"url\":\"https:\\\/\\\/www.norn.is\\\/eva\\\/wp-content\\\/uploads\\\/sites\\\/36\\\/2020\\\/07\\\/orkell-ttarsson-1024x1024-1.jpg\",\"contentUrl\":\"https:\\\/\\\/www.norn.is\\\/eva\\\/wp-content\\\/uploads\\\/sites\\\/36\\\/2020\\\/07\\\/orkell-ttarsson-1024x1024-1.jpg\",\"width\":1024,\"height\":1024},{\"@type\":\"BreadcrumbList\",\"@id\":\"https:\\\/\\\/www.norn.is\\\/eva\\\/2017\\\/06\\\/06\\\/sjalfsmordsthjonustan-ny-verdlaunakvikmynd\\\/#breadcrumb\",\"itemListElement\":[{\"@type\":\"ListItem\",\"position\":1,\"name\":\"Home\",\"item\":\"https:\\\/\\\/www.norn.is\\\/eva\\\/\"},{\"@type\":\"ListItem\",\"position\":2,\"name\":\"Sj\u00e1lfsmor\u00f0s\u00fej\u00f3nustan \u2013 n\u00fd ver\u00f0launakvikmynd\"}]},{\"@type\":\"WebSite\",\"@id\":\"https:\\\/\\\/www.norn.is\\\/eva\\\/#website\",\"url\":\"https:\\\/\\\/www.norn.is\\\/eva\\\/\",\"name\":\"Eva Hauksd\u00f3ttir\",\"description\":\"Evu blogg\",\"potentialAction\":[{\"@type\":\"SearchAction\",\"target\":{\"@type\":\"EntryPoint\",\"urlTemplate\":\"https:\\\/\\\/www.norn.is\\\/eva\\\/?s={search_term_string}\"},\"query-input\":{\"@type\":\"PropertyValueSpecification\",\"valueRequired\":true,\"valueName\":\"search_term_string\"}}],\"inLanguage\":\"is\"},{\"@type\":\"Person\",\"@id\":\"https:\\\/\\\/www.norn.is\\\/eva\\\/#\\\/schema\\\/person\\\/1d9742389918a297671033a2b53d3d34\",\"name\":\"Eva Hauksd\u00f3ttir\",\"image\":{\"@type\":\"ImageObject\",\"inLanguage\":\"is\",\"@id\":\"https:\\\/\\\/secure.gravatar.com\\\/avatar\\\/3690cd9ff7436a8a5d80acdc8fcb1046fbb9e002d4b532c85080d1bcbede84ce?s=96&d=mm&r=g\",\"url\":\"https:\\\/\\\/secure.gravatar.com\\\/avatar\\\/3690cd9ff7436a8a5d80acdc8fcb1046fbb9e002d4b532c85080d1bcbede84ce?s=96&d=mm&r=g\",\"contentUrl\":\"https:\\\/\\\/secure.gravatar.com\\\/avatar\\\/3690cd9ff7436a8a5d80acdc8fcb1046fbb9e002d4b532c85080d1bcbede84ce?s=96&d=mm&r=g\",\"caption\":\"Eva Hauksd\u00f3ttir\"},\"url\":\"https:\\\/\\\/www.norn.is\\\/eva\\\/author\\\/evahauks\\\/\"}]}<\/script>\n<!-- \/ Yoast SEO plugin. -->","yoast_head_json":{"title":"Sj\u00e1lfsmor\u00f0s\u00fej\u00f3nustan \u2013 n\u00fd ver\u00f0launakvikmynd - Eva Hauksd\u00f3ttir","robots":{"index":"index","follow":"follow","max-snippet":"max-snippet:-1","max-image-preview":"max-image-preview:large","max-video-preview":"max-video-preview:-1"},"canonical":"https:\/\/www.norn.is\/eva\/2017\/06\/06\/sjalfsmordsthjonustan-ny-verdlaunakvikmynd\/","og_locale":"is_IS","og_type":"article","og_title":"Sj\u00e1lfsmor\u00f0s\u00fej\u00f3nustan \u2013 n\u00fd ver\u00f0launakvikmynd - Eva Hauksd\u00f3ttir","og_description":"\u00deorkell \u00c1g\u00fast \u00d3ttarsson er \u00edslenskur kvikmynda\u00e1hugama\u00f0ur b\u00fasettur \u00ed Noregi. Hann hefur \u00fer\u00e1tt fyrir takm\u00f6rku\u00f0 fj\u00e1rr\u00e1\u00f0 gert fj\u00f6lda stuttmynda og hefur n\u00fa n\u00e1\u00f0 \u00feeim \u00e1rangri a\u00f0 fyrsta mynd hans \u00ed fullri lengd&nbsp;Suicide Service&nbsp;var valin besta myndin \u00ed al\u00fej\u00f3\u00f0legu kvikmyndasamkeppninni&nbsp;The Monkey Bread Tree,&nbsp;auk \u00feess sem hann var tilnefndur til ver\u00f0launa fyrir bestu kvikmyndat\u00f6kuna. Hvert er efni \u00feessar [&hellip;]","og_url":"https:\/\/www.norn.is\/eva\/2017\/06\/06\/sjalfsmordsthjonustan-ny-verdlaunakvikmynd\/","og_site_name":"Eva Hauksd\u00f3ttir","article_published_time":"2017-06-06T08:27:42+00:00","article_modified_time":"2020-07-15T10:42:09+00:00","og_image":[{"width":1024,"height":1024,"url":"https:\/\/www.norn.is\/eva\/wp-content\/uploads\/sites\/36\/2020\/07\/orkell-ttarsson-1024x1024-1.jpg","type":"image\/jpeg"}],"author":"Eva Hauksd\u00f3ttir","twitter_card":"summary_large_image","twitter_misc":{"Written by":false,"Est. reading time":"8 minutes"},"schema":{"@context":"https:\/\/schema.org","@graph":[{"@type":"Article","@id":"https:\/\/www.norn.is\/eva\/2017\/06\/06\/sjalfsmordsthjonustan-ny-verdlaunakvikmynd\/#article","isPartOf":{"@id":"https:\/\/www.norn.is\/eva\/2017\/06\/06\/sjalfsmordsthjonustan-ny-verdlaunakvikmynd\/"},"author":{"name":"Eva Hauksd\u00f3ttir","@id":"https:\/\/www.norn.is\/eva\/#\/schema\/person\/1d9742389918a297671033a2b53d3d34"},"headline":"Sj\u00e1lfsmor\u00f0s\u00fej\u00f3nustan \u2013 n\u00fd ver\u00f0launakvikmynd","datePublished":"2017-06-06T08:27:42+00:00","dateModified":"2020-07-15T10:42:09+00:00","mainEntityOfPage":{"@id":"https:\/\/www.norn.is\/eva\/2017\/06\/06\/sjalfsmordsthjonustan-ny-verdlaunakvikmynd\/"},"wordCount":1530,"image":{"@id":"https:\/\/www.norn.is\/eva\/2017\/06\/06\/sjalfsmordsthjonustan-ny-verdlaunakvikmynd\/#primaryimage"},"thumbnailUrl":"https:\/\/www.norn.is\/eva\/wp-content\/uploads\/sites\/36\/2020\/07\/orkell-ttarsson-1024x1024-1.jpg","keywords":["kvikmyndir","\u00deorkell \u00c1g\u00fast \u00d3ttarsson"],"articleSection":["Gestapistlar &amp; vi\u00f0t\u00f6l","List &amp; l\u00e9ttmeti","Listir"],"inLanguage":"is"},{"@type":"WebPage","@id":"https:\/\/www.norn.is\/eva\/2017\/06\/06\/sjalfsmordsthjonustan-ny-verdlaunakvikmynd\/","url":"https:\/\/www.norn.is\/eva\/2017\/06\/06\/sjalfsmordsthjonustan-ny-verdlaunakvikmynd\/","name":"Sj\u00e1lfsmor\u00f0s\u00fej\u00f3nustan \u2013 n\u00fd ver\u00f0launakvikmynd - Eva Hauksd\u00f3ttir","isPartOf":{"@id":"https:\/\/www.norn.is\/eva\/#website"},"primaryImageOfPage":{"@id":"https:\/\/www.norn.is\/eva\/2017\/06\/06\/sjalfsmordsthjonustan-ny-verdlaunakvikmynd\/#primaryimage"},"image":{"@id":"https:\/\/www.norn.is\/eva\/2017\/06\/06\/sjalfsmordsthjonustan-ny-verdlaunakvikmynd\/#primaryimage"},"thumbnailUrl":"https:\/\/www.norn.is\/eva\/wp-content\/uploads\/sites\/36\/2020\/07\/orkell-ttarsson-1024x1024-1.jpg","datePublished":"2017-06-06T08:27:42+00:00","dateModified":"2020-07-15T10:42:09+00:00","author":{"@id":"https:\/\/www.norn.is\/eva\/#\/schema\/person\/1d9742389918a297671033a2b53d3d34"},"breadcrumb":{"@id":"https:\/\/www.norn.is\/eva\/2017\/06\/06\/sjalfsmordsthjonustan-ny-verdlaunakvikmynd\/#breadcrumb"},"inLanguage":"is","potentialAction":[{"@type":"ReadAction","target":["https:\/\/www.norn.is\/eva\/2017\/06\/06\/sjalfsmordsthjonustan-ny-verdlaunakvikmynd\/"]}]},{"@type":"ImageObject","inLanguage":"is","@id":"https:\/\/www.norn.is\/eva\/2017\/06\/06\/sjalfsmordsthjonustan-ny-verdlaunakvikmynd\/#primaryimage","url":"https:\/\/www.norn.is\/eva\/wp-content\/uploads\/sites\/36\/2020\/07\/orkell-ttarsson-1024x1024-1.jpg","contentUrl":"https:\/\/www.norn.is\/eva\/wp-content\/uploads\/sites\/36\/2020\/07\/orkell-ttarsson-1024x1024-1.jpg","width":1024,"height":1024},{"@type":"BreadcrumbList","@id":"https:\/\/www.norn.is\/eva\/2017\/06\/06\/sjalfsmordsthjonustan-ny-verdlaunakvikmynd\/#breadcrumb","itemListElement":[{"@type":"ListItem","position":1,"name":"Home","item":"https:\/\/www.norn.is\/eva\/"},{"@type":"ListItem","position":2,"name":"Sj\u00e1lfsmor\u00f0s\u00fej\u00f3nustan \u2013 n\u00fd ver\u00f0launakvikmynd"}]},{"@type":"WebSite","@id":"https:\/\/www.norn.is\/eva\/#website","url":"https:\/\/www.norn.is\/eva\/","name":"Eva Hauksd\u00f3ttir","description":"Evu blogg","potentialAction":[{"@type":"SearchAction","target":{"@type":"EntryPoint","urlTemplate":"https:\/\/www.norn.is\/eva\/?s={search_term_string}"},"query-input":{"@type":"PropertyValueSpecification","valueRequired":true,"valueName":"search_term_string"}}],"inLanguage":"is"},{"@type":"Person","@id":"https:\/\/www.norn.is\/eva\/#\/schema\/person\/1d9742389918a297671033a2b53d3d34","name":"Eva Hauksd\u00f3ttir","image":{"@type":"ImageObject","inLanguage":"is","@id":"https:\/\/secure.gravatar.com\/avatar\/3690cd9ff7436a8a5d80acdc8fcb1046fbb9e002d4b532c85080d1bcbede84ce?s=96&d=mm&r=g","url":"https:\/\/secure.gravatar.com\/avatar\/3690cd9ff7436a8a5d80acdc8fcb1046fbb9e002d4b532c85080d1bcbede84ce?s=96&d=mm&r=g","contentUrl":"https:\/\/secure.gravatar.com\/avatar\/3690cd9ff7436a8a5d80acdc8fcb1046fbb9e002d4b532c85080d1bcbede84ce?s=96&d=mm&r=g","caption":"Eva Hauksd\u00f3ttir"},"url":"https:\/\/www.norn.is\/eva\/author\/evahauks\/"}]}},"_links":{"self":[{"href":"https:\/\/www.norn.is\/eva\/wp-json\/wp\/v2\/posts\/1917","targetHints":{"allow":["GET"]}}],"collection":[{"href":"https:\/\/www.norn.is\/eva\/wp-json\/wp\/v2\/posts"}],"about":[{"href":"https:\/\/www.norn.is\/eva\/wp-json\/wp\/v2\/types\/post"}],"author":[{"embeddable":true,"href":"https:\/\/www.norn.is\/eva\/wp-json\/wp\/v2\/users\/7"}],"replies":[{"embeddable":true,"href":"https:\/\/www.norn.is\/eva\/wp-json\/wp\/v2\/comments?post=1917"}],"version-history":[{"count":4,"href":"https:\/\/www.norn.is\/eva\/wp-json\/wp\/v2\/posts\/1917\/revisions"}],"predecessor-version":[{"id":2321,"href":"https:\/\/www.norn.is\/eva\/wp-json\/wp\/v2\/posts\/1917\/revisions\/2321"}],"wp:featuredmedia":[{"embeddable":true,"href":"https:\/\/www.norn.is\/eva\/wp-json\/wp\/v2\/media\/1418"}],"wp:attachment":[{"href":"https:\/\/www.norn.is\/eva\/wp-json\/wp\/v2\/media?parent=1917"}],"wp:term":[{"taxonomy":"category","embeddable":true,"href":"https:\/\/www.norn.is\/eva\/wp-json\/wp\/v2\/categories?post=1917"},{"taxonomy":"post_tag","embeddable":true,"href":"https:\/\/www.norn.is\/eva\/wp-json\/wp\/v2\/tags?post=1917"}],"curies":[{"name":"wp","href":"https:\/\/api.w.org\/{rel}","templated":true}]}}