{"id":185,"date":"2020-04-24T09:13:19","date_gmt":"2020-04-24T09:13:19","guid":{"rendered":"http:\/\/www.norn.is\/eva\/?p=185"},"modified":"2020-05-31T03:37:21","modified_gmt":"2020-05-31T03:37:21","slug":"thurfa-domarar-aukatekjur","status":"publish","type":"post","link":"https:\/\/www.norn.is\/eva\/2020\/04\/24\/thurfa-domarar-aukatekjur\/","title":{"rendered":"\u00deurfa d\u00f3marar aukatekjur?"},"content":{"rendered":"\n<p>\u00dea\u00f0 er \u00e1hugavert a\u00f0 d\u00f3mari \u00ed fullu starfi skuli&nbsp;<a href=\"https:\/\/www.dv.is\/eyjan\/2020\/04\/23\/domari-landsretti-fekk-tugi-milljona-fyrir-aukastarfid-almennt-bannad-en-fekk-undanthagu-fra-reglunum\/\">\u00e1rum saman komast yfir aukavinnu<\/a>&nbsp;sem krefst sl\u00edkrar yfirlegu a\u00f0 h\u00fan s\u00e9 metin til forstj\u00f3ralauna. Hann er dugna\u00f0arforkur hann Dav\u00ed\u00f0 \u00de\u00f3r Bj\u00f6rgvinsson og \u00e1rei\u00f0anlega vel a\u00f0 s\u00e9r, svo vonandi \u00feurfum vi\u00f0 ekki a\u00f0 \u00f3ttast a\u00f0 \u00f6ll \u00feessi aukavinna hafi komi\u00f0 ni\u00f0ur \u00e1 a\u00f0alstarfinu hans sem d\u00f3mara vi\u00f0 Landsr\u00e9tt.<\/p>\n\n\n\n<h2 class=\"wp-block-heading\">\u00deurfa d\u00f3marar aukatekjur?<\/h2>\n\n\n\n<p>\u00dea\u00f0 er \u00e1rei\u00f0anlega mj\u00f6g sjaldg\u00e6ft a\u00f0 d\u00f3marar hafi tugi millj\u00f3na \u00ed aukatekjur \u00e1 \u00feriggja \u00e1ra t\u00edmabili en \u00fea\u00f0 er mj\u00f6g algengt a\u00f0 d\u00f3marar sinni aukast\u00f6rfum. \u00deeir taka s\u00e6ti \u00ed ger\u00f0ard\u00f3mum, sitja \u00ed allskonar nefndum, veita fyrirt\u00e6kjum og stj\u00f3rnv\u00f6ldum r\u00e1\u00f0gj\u00f6f og annast uppfr\u00e6\u00f0slu laganema (sem er reyndar skandall \u00fat af fyrir sig).<\/p>\n\n\n\n<p>Af hverju \u00feurfa d\u00f3marar a\u00f0 vinna svona mikla aukavinnu? \u00deeir eru me\u00f0 launah\u00e6sta f\u00f3lki landsins, vinna oft t\u00f6luver\u00f0a yfirvinnu, hafa g\u00f3\u00f0ar tryggingar og engin st\u00e9tt b\u00fdr vi\u00f0 meira starfs\u00f6ryggi. \u00deeir eru \u00e6vir\u00e1\u00f0nir og n\u00e1nast \u00f3snertanlegir, ekki h\u00e6gt a\u00f0 losna vi\u00f0 \u00fe\u00e1 \u00far starfi nema \u00feeir ver\u00f0i gjald\u00ferota, f\u00e1i fangelsisd\u00f3m e\u00f0a ver\u00f0i af heilsufars\u00e1st\u00e6\u00f0um \u00f3f\u00e6rir um a\u00f0 sinna starfinu. Og \u00fea\u00f0 gerist ekkert \u00feannig a\u00f0 r\u00e1\u00f0herra segi d\u00f3mara bara a\u00f0 taka pokann sinn \u2013 ef hann segir ekki af s\u00e9r sj\u00e1lfur \u00fe\u00e1 \u00fearf d\u00f3msm\u00e1l til a\u00f0 leysa hann fr\u00e1 st\u00f6rfum.<\/p>\n\n\n\n<h2 class=\"wp-block-heading\">V\u00f6ld d\u00f3mara<\/h2>\n\n\n\n<p>\u00c9g er ekki a\u00f0 setja \u00fat \u00e1 laun og starfs\u00f6ryggi d\u00f3mara. D\u00f3marar bera mikla \u00e1byrg\u00f0 og \u00feurfa oft a\u00f0 taka \u00e1kvar\u00f0anir sem falla ekki \u00ed krami\u00f0 hj\u00e1 valdamiklu f\u00f3lki. D\u00f3ma \u00e1 a\u00f0 kve\u00f0a upp \u00e1n utana\u00f0komandi \u00e1hrifa. D\u00f3mari \u00e1 eing\u00f6ngu a\u00f0 sty\u00f0jast vi\u00f0 gildar r\u00e9ttarheimildir og s\u00edna eigin samvisku. \u00dea\u00f0 v\u00e6ri ekki h\u00e6gt a\u00f0 \u00e6tlast til \u00feess af f\u00f3lki sem \u00e1 afkomu s\u00edna undir \u00f6\u00f0rum.<\/p>\n\n\n\n<p>En d\u00f3marar hafa a\u00f0 sama skapi g\u00edfurleg v\u00f6ld. \u00deeir r\u00e1\u00f0a oft \u00fatslitum um \u00f6rl\u00f6g f\u00f3lks og fyrirt\u00e6kja og geta haft veruleg \u00e1hrif \u00e1 \u00fea\u00f0 hvernig stj\u00f3rnv\u00f6ld og stofnanir vinna. Og \u00fe\u00f3tt d\u00f3mst\u00f3lar hafi ekki lagasetningarvald \u00ed sama skilningi og Al\u00feingi, \u00fe\u00e1 eru \u00fea\u00f0 \u00feeir sem t\u00falka stj\u00f3rnarskr\u00e1na og setja \u00fear me\u00f0 l\u00f6ggjafanum skor\u00f0ur. Auk \u00feess r\u00e6\u00f0st gildandi r\u00e9ttur \u00ed landinu a\u00f0 verulegu leyti af \u00fev\u00ed hvernig d\u00f3mst\u00f3lar t\u00falka l\u00f6g og beita \u00feeim. \u00dea\u00f0 eru t.d. d\u00f3marar sem r\u00e1\u00f0a \u00fev\u00ed hversu alvarlegt brot \u00fearf til \u00feess a\u00f0 refsirammi s\u00e9 fulln\u00fdttur. \u00dea\u00f0 eru oft d\u00f3marar sem \u00e1 endanum leggja mat \u00e1 \u00fea\u00f0 hversu h\u00e1ar slysab\u00e6tur f\u00f3lk f\u00e6r. \u00dea\u00f0 eru \u00feeir sem skera \u00far um hvort birta m\u00e1 fj\u00f6lmi\u00f0laumfj\u00f6llun sem kemur illa vi\u00f0 fyrirt\u00e6ki. Allir \u00farskur\u00f0ir d\u00f3mara skipta m\u00e1li fyrir \u00fe\u00e1 sem eiga \u00ed hlut hverju sinni en auk \u00feess ver\u00f0a \u00farlausnir \u00feeirra a\u00f0 ford\u00e6mum, einkum \u00e1 \u00e6\u00f0ri d\u00f3mstigum, og hafa \u00feannig \u00e1hrif m\u00f6rgum \u00e1rum s\u00ed\u00f0ar.<\/p>\n\n\n\n<h2 class=\"wp-block-heading\">\u00c1byrg\u00f0 d\u00f3mara<\/h2>\n\n\n\n<p>Allt eru \u00feetta verkefni sem krefjast vandvirkni. Sum \u00feeirra \u00fatheimta l\u00edka g\u00edfurlegra vinnu. \u00dea\u00f0 er ekki alltaf svo gott a\u00f0 d\u00f3mari f\u00e1i til me\u00f0fer\u00f0ar einfalt umfer\u00f0arlagabrot \u00fear sem s\u00f6nnunarg\u00f6gn eru \u00f3tv\u00edr\u00e6\u00f0 og vinnan felst ekki bara \u00ed \u00fev\u00ed a\u00f0 hlusta \u00e1 r\u00f6fli\u00f0 \u00ed l\u00f6gm\u00f6nnum og d\u00e6ma svo eftir \u00fev\u00ed hver er mest sannf\u00e6randi. E\u00f0a \u00fea\u00f0 \u00e1 allavega ekki a\u00f0 vera \u00feannig.<\/p>\n\n\n\n<p>D\u00f3mari \u00fearf venjulega a\u00f0 lesa meira en m\u00e1lflutningsr\u00e6\u00f0ur til a\u00f0 geta teki\u00f0 uppl\u00fdsta afst\u00f6\u00f0u. M\u00e1lskj\u00f6l hlaupa oft \u00e1 \u00fe\u00fasundum bla\u00f0s\u00ed\u00f0na og \u00ed st\u00f3rum og fl\u00f3knum m\u00e1lum geta margar hillufyllir af m\u00f6ppum legi\u00f0 a\u00f0 baki m\u00e1ls\u00f3kn. Og \u00fe\u00f3tt d\u00f3marinn \u201ekunni l\u00f6gin\u201c \u00fe\u00e1 getur hann \u00feurft a\u00f0 afla s\u00e9r \u00feekkingar \u00e1 \u00f6\u00f0rum svi\u00f0um til \u00feess a\u00f0 skilja m\u00e1li\u00f0 til fulls. Hann getur l\u00edka \u00feurft a\u00f0 lesa s\u00e9r til um n\u00fd l\u00f6g og n\u00fdja \u00fej\u00f3\u00f0r\u00e9ttarsamninga og kynna s\u00e9r d\u00f3maframkv\u00e6md al\u00fej\u00f3\u00f0legra d\u00f3mst\u00f3la og annarra r\u00edkja.<\/p>\n\n\n\n<h2 class=\"wp-block-heading\">F\u00e1 d\u00f3marar lengri s\u00f3larhring en a\u00f0rir?<\/h2>\n\n\n\n<p>Hvernig \u00ed fj\u00e1ranum hefur f\u00f3lk sem er \u00ed fullri vinnu, sem oft krefst mikillar yfirlegu, t\u00edma til \u00feess a\u00f0 vera \u00ed aukavinnu \u00fati um allar trissur? Ein af \u00e1st\u00e6\u00f0unum fyrir \u00fev\u00ed a\u00f0 stofnun Landsr\u00e9ttar \u00fe\u00f3tti nau\u00f0synleg var einmitt s\u00fa a\u00f0 \u00fea\u00f0 var of miki\u00f0 \u00e1lag \u00e1 H\u00e6star\u00e9tti. Fram kom a\u00f0 h\u00e6star\u00e9ttard\u00f3marar v\u00e6ru a\u00f0 d\u00e6ma&nbsp;<a href=\"https:\/\/www.visir.is\/g\/2016160119302\">300 m\u00e1l \u00e1rlega<\/a>. Hver og einn. Og vi\u00f0 skulum athuga a\u00f0 jafnframt voru \u00feeir a\u00f0 sinna allskyns aukavinnu. \u00dea\u00f0 eru n\u00fa meiri ofurmennin sem komast yfir anna\u00f0 eins. Skyldi nokkur \u00feeirra sem lutu endanlegum d\u00f3mi H\u00e6star\u00e9ttar \u00e1ri\u00f0 2015 \u00feurfa a\u00f0 hafa \u00e1hyggur af \u00fev\u00ed a\u00f0 d\u00f3mararnir hafi ekki veri\u00f0 b\u00fanir a\u00f0 l\u00faslesa allt sem m\u00e1li skipti og r\u00e6\u00f0a vi\u00f0 samvisku s\u00edna \u00ed r\u00f3legheitum \u00e1\u00f0ur en \u00f6rl\u00f6g hans voru \u00e1kve\u00f0in?<\/p>\n\n\n\n<p>Eitthva\u00f0 \u00e1 \u00feetta n\u00fa a\u00f0 hafa lagast me\u00f0 tilkomu Landsr\u00e9ttar. En skyldi nokkur \u00feeirra sem hefur \u00e1tt \u00f6rl\u00f6g s\u00edn undir Dav\u00ed\u00f0 \u00de\u00f3r Bj\u00f6rgvinssyni \u00e1 undanf\u00f6runum \u00e1rum velta \u00fev\u00ed fyrir s\u00e9r n\u00fa, hvort Dav\u00ed\u00f0 og a\u00f0rir d\u00f3marar sem \u00fathlutu\u00f0u r\u00e9ttl\u00e6tinu hafi \u00e1rei\u00f0anlega veri\u00f0 \u00fathv\u00edldir og \u00ed g\u00f3\u00f0u jafnv\u00e6gi \u00feegar \u00feeir l\u00f6g\u00f0ust yfir m\u00e1lsg\u00f6gnin?<\/p>\n\n\n\n<p><em>Myndin er skj\u00e1skot af vef R\u00daV<\/em><\/p>\n","protected":false},"excerpt":{"rendered":"<p>\u00dea\u00f0 er \u00e1hugavert a\u00f0 d\u00f3mari \u00ed fullu starfi skuli&nbsp;\u00e1rum saman komast yfir aukavinnu&nbsp;sem krefst sl\u00edkrar yfirlegu a\u00f0 h\u00fan s\u00e9 metin til forstj\u00f3ralauna. Hann er dugna\u00f0arforkur hann Dav\u00ed\u00f0 \u00de\u00f3r Bj\u00f6rgvinsson og \u00e1rei\u00f0anlega vel a\u00f0 s\u00e9r, svo vonandi \u00feurfum vi\u00f0 ekki a\u00f0 \u00f3ttast a\u00f0 \u00f6ll \u00feessi aukavinna hafi komi\u00f0 ni\u00f0ur \u00e1 a\u00f0alstarfinu hans sem d\u00f3mara vi\u00f0 Landsr\u00e9tt. [&hellip;]<\/p>\n","protected":false},"author":7,"featured_media":186,"comment_status":"closed","ping_status":"open","sticky":false,"template":"","format":"standard","meta":{"_et_pb_use_builder":"off","_et_pb_old_content":"","_et_gb_content_width":"","footnotes":""},"categories":[136],"tags":[51,35],"class_list":["post-185","post","type-post","status-publish","format-standard","has-post-thumbnail","hentry","category-vinnumarkadur-skolamal","tag-domarar","tag-kjaramal","et-has-post-format-content","et_post_format-et-post-format-standard"],"yoast_head":"<!-- This site is optimized with the Yoast SEO plugin v27.5 - https:\/\/yoast.com\/product\/yoast-seo-wordpress\/ -->\n<title>\u00deurfa d\u00f3marar aukatekjur? - Eva Hauksd\u00f3ttir<\/title>\n<meta name=\"robots\" content=\"index, follow, max-snippet:-1, max-image-preview:large, max-video-preview:-1\" \/>\n<link rel=\"canonical\" href=\"https:\/\/www.norn.is\/eva\/2020\/04\/24\/thurfa-domarar-aukatekjur\/\" \/>\n<meta property=\"og:locale\" content=\"is_IS\" \/>\n<meta property=\"og:type\" content=\"article\" \/>\n<meta property=\"og:title\" content=\"\u00deurfa d\u00f3marar aukatekjur? - Eva Hauksd\u00f3ttir\" \/>\n<meta property=\"og:description\" content=\"\u00dea\u00f0 er \u00e1hugavert a\u00f0 d\u00f3mari \u00ed fullu starfi skuli&nbsp;\u00e1rum saman komast yfir aukavinnu&nbsp;sem krefst sl\u00edkrar yfirlegu a\u00f0 h\u00fan s\u00e9 metin til forstj\u00f3ralauna. Hann er dugna\u00f0arforkur hann Dav\u00ed\u00f0 \u00de\u00f3r Bj\u00f6rgvinsson og \u00e1rei\u00f0anlega vel a\u00f0 s\u00e9r, svo vonandi \u00feurfum vi\u00f0 ekki a\u00f0 \u00f3ttast a\u00f0 \u00f6ll \u00feessi aukavinna hafi komi\u00f0 ni\u00f0ur \u00e1 a\u00f0alstarfinu hans sem d\u00f3mara vi\u00f0 Landsr\u00e9tt. [&hellip;]\" \/>\n<meta property=\"og:url\" content=\"https:\/\/www.norn.is\/eva\/2020\/04\/24\/thurfa-domarar-aukatekjur\/\" \/>\n<meta property=\"og:site_name\" content=\"Eva Hauksd\u00f3ttir\" \/>\n<meta property=\"article:published_time\" content=\"2020-04-24T09:13:19+00:00\" \/>\n<meta property=\"article:modified_time\" content=\"2020-05-31T03:37:21+00:00\" \/>\n<meta property=\"og:image\" content=\"https:\/\/www.norn.is\/eva\/wp-content\/uploads\/sites\/36\/2020\/05\/Dav\u00ed\u00f0-\u00de\u00f3r-Bj\u00f6rgvinsson.jpg\" \/>\n\t<meta property=\"og:image:width\" content=\"688\" \/>\n\t<meta property=\"og:image:height\" content=\"451\" \/>\n\t<meta property=\"og:image:type\" content=\"image\/jpeg\" \/>\n<meta name=\"author\" content=\"Eva Hauksd\u00f3ttir\" \/>\n<meta name=\"twitter:card\" content=\"summary_large_image\" \/>\n<meta name=\"twitter:label1\" content=\"Written by\" \/>\n\t<meta name=\"twitter:data1\" content=\"\" \/>\n\t<meta name=\"twitter:label2\" content=\"Est. reading time\" \/>\n\t<meta name=\"twitter:data2\" content=\"5 minutes\" \/>\n<script type=\"application\/ld+json\" class=\"yoast-schema-graph\">{\"@context\":\"https:\\\/\\\/schema.org\",\"@graph\":[{\"@type\":\"Article\",\"@id\":\"https:\\\/\\\/www.norn.is\\\/eva\\\/2020\\\/04\\\/24\\\/thurfa-domarar-aukatekjur\\\/#article\",\"isPartOf\":{\"@id\":\"https:\\\/\\\/www.norn.is\\\/eva\\\/2020\\\/04\\\/24\\\/thurfa-domarar-aukatekjur\\\/\"},\"author\":{\"name\":\"Eva Hauksd\u00f3ttir\",\"@id\":\"https:\\\/\\\/www.norn.is\\\/eva\\\/#\\\/schema\\\/person\\\/1d9742389918a297671033a2b53d3d34\"},\"headline\":\"\u00deurfa d\u00f3marar aukatekjur?\",\"datePublished\":\"2020-04-24T09:13:19+00:00\",\"dateModified\":\"2020-05-31T03:37:21+00:00\",\"mainEntityOfPage\":{\"@id\":\"https:\\\/\\\/www.norn.is\\\/eva\\\/2020\\\/04\\\/24\\\/thurfa-domarar-aukatekjur\\\/\"},\"wordCount\":940,\"image\":{\"@id\":\"https:\\\/\\\/www.norn.is\\\/eva\\\/2020\\\/04\\\/24\\\/thurfa-domarar-aukatekjur\\\/#primaryimage\"},\"thumbnailUrl\":\"https:\\\/\\\/www.norn.is\\\/eva\\\/wp-content\\\/uploads\\\/sites\\\/36\\\/2020\\\/05\\\/Dav\u00ed\u00f0-\u00de\u00f3r-Bj\u00f6rgvinsson.jpg\",\"keywords\":[\"d\u00f3marar\",\"kjaram\u00e1l\"],\"articleSection\":[\"Vinnumarka\u00f0ur &amp; sk\u00f3lam\u00e1l\"],\"inLanguage\":\"is\"},{\"@type\":\"WebPage\",\"@id\":\"https:\\\/\\\/www.norn.is\\\/eva\\\/2020\\\/04\\\/24\\\/thurfa-domarar-aukatekjur\\\/\",\"url\":\"https:\\\/\\\/www.norn.is\\\/eva\\\/2020\\\/04\\\/24\\\/thurfa-domarar-aukatekjur\\\/\",\"name\":\"\u00deurfa d\u00f3marar aukatekjur? - Eva Hauksd\u00f3ttir\",\"isPartOf\":{\"@id\":\"https:\\\/\\\/www.norn.is\\\/eva\\\/#website\"},\"primaryImageOfPage\":{\"@id\":\"https:\\\/\\\/www.norn.is\\\/eva\\\/2020\\\/04\\\/24\\\/thurfa-domarar-aukatekjur\\\/#primaryimage\"},\"image\":{\"@id\":\"https:\\\/\\\/www.norn.is\\\/eva\\\/2020\\\/04\\\/24\\\/thurfa-domarar-aukatekjur\\\/#primaryimage\"},\"thumbnailUrl\":\"https:\\\/\\\/www.norn.is\\\/eva\\\/wp-content\\\/uploads\\\/sites\\\/36\\\/2020\\\/05\\\/Dav\u00ed\u00f0-\u00de\u00f3r-Bj\u00f6rgvinsson.jpg\",\"datePublished\":\"2020-04-24T09:13:19+00:00\",\"dateModified\":\"2020-05-31T03:37:21+00:00\",\"author\":{\"@id\":\"https:\\\/\\\/www.norn.is\\\/eva\\\/#\\\/schema\\\/person\\\/1d9742389918a297671033a2b53d3d34\"},\"breadcrumb\":{\"@id\":\"https:\\\/\\\/www.norn.is\\\/eva\\\/2020\\\/04\\\/24\\\/thurfa-domarar-aukatekjur\\\/#breadcrumb\"},\"inLanguage\":\"is\",\"potentialAction\":[{\"@type\":\"ReadAction\",\"target\":[\"https:\\\/\\\/www.norn.is\\\/eva\\\/2020\\\/04\\\/24\\\/thurfa-domarar-aukatekjur\\\/\"]}]},{\"@type\":\"ImageObject\",\"inLanguage\":\"is\",\"@id\":\"https:\\\/\\\/www.norn.is\\\/eva\\\/2020\\\/04\\\/24\\\/thurfa-domarar-aukatekjur\\\/#primaryimage\",\"url\":\"https:\\\/\\\/www.norn.is\\\/eva\\\/wp-content\\\/uploads\\\/sites\\\/36\\\/2020\\\/05\\\/Dav\u00ed\u00f0-\u00de\u00f3r-Bj\u00f6rgvinsson.jpg\",\"contentUrl\":\"https:\\\/\\\/www.norn.is\\\/eva\\\/wp-content\\\/uploads\\\/sites\\\/36\\\/2020\\\/05\\\/Dav\u00ed\u00f0-\u00de\u00f3r-Bj\u00f6rgvinsson.jpg\",\"width\":688,\"height\":451},{\"@type\":\"BreadcrumbList\",\"@id\":\"https:\\\/\\\/www.norn.is\\\/eva\\\/2020\\\/04\\\/24\\\/thurfa-domarar-aukatekjur\\\/#breadcrumb\",\"itemListElement\":[{\"@type\":\"ListItem\",\"position\":1,\"name\":\"Home\",\"item\":\"https:\\\/\\\/www.norn.is\\\/eva\\\/\"},{\"@type\":\"ListItem\",\"position\":2,\"name\":\"\u00deurfa d\u00f3marar aukatekjur?\"}]},{\"@type\":\"WebSite\",\"@id\":\"https:\\\/\\\/www.norn.is\\\/eva\\\/#website\",\"url\":\"https:\\\/\\\/www.norn.is\\\/eva\\\/\",\"name\":\"Eva Hauksd\u00f3ttir\",\"description\":\"Evu blogg\",\"potentialAction\":[{\"@type\":\"SearchAction\",\"target\":{\"@type\":\"EntryPoint\",\"urlTemplate\":\"https:\\\/\\\/www.norn.is\\\/eva\\\/?s={search_term_string}\"},\"query-input\":{\"@type\":\"PropertyValueSpecification\",\"valueRequired\":true,\"valueName\":\"search_term_string\"}}],\"inLanguage\":\"is\"},{\"@type\":\"Person\",\"@id\":\"https:\\\/\\\/www.norn.is\\\/eva\\\/#\\\/schema\\\/person\\\/1d9742389918a297671033a2b53d3d34\",\"name\":\"Eva Hauksd\u00f3ttir\",\"image\":{\"@type\":\"ImageObject\",\"inLanguage\":\"is\",\"@id\":\"https:\\\/\\\/secure.gravatar.com\\\/avatar\\\/3690cd9ff7436a8a5d80acdc8fcb1046fbb9e002d4b532c85080d1bcbede84ce?s=96&d=mm&r=g\",\"url\":\"https:\\\/\\\/secure.gravatar.com\\\/avatar\\\/3690cd9ff7436a8a5d80acdc8fcb1046fbb9e002d4b532c85080d1bcbede84ce?s=96&d=mm&r=g\",\"contentUrl\":\"https:\\\/\\\/secure.gravatar.com\\\/avatar\\\/3690cd9ff7436a8a5d80acdc8fcb1046fbb9e002d4b532c85080d1bcbede84ce?s=96&d=mm&r=g\",\"caption\":\"Eva Hauksd\u00f3ttir\"},\"url\":\"https:\\\/\\\/www.norn.is\\\/eva\\\/author\\\/evahauks\\\/\"}]}<\/script>\n<!-- \/ Yoast SEO plugin. -->","yoast_head_json":{"title":"\u00deurfa d\u00f3marar aukatekjur? - Eva Hauksd\u00f3ttir","robots":{"index":"index","follow":"follow","max-snippet":"max-snippet:-1","max-image-preview":"max-image-preview:large","max-video-preview":"max-video-preview:-1"},"canonical":"https:\/\/www.norn.is\/eva\/2020\/04\/24\/thurfa-domarar-aukatekjur\/","og_locale":"is_IS","og_type":"article","og_title":"\u00deurfa d\u00f3marar aukatekjur? - Eva Hauksd\u00f3ttir","og_description":"\u00dea\u00f0 er \u00e1hugavert a\u00f0 d\u00f3mari \u00ed fullu starfi skuli&nbsp;\u00e1rum saman komast yfir aukavinnu&nbsp;sem krefst sl\u00edkrar yfirlegu a\u00f0 h\u00fan s\u00e9 metin til forstj\u00f3ralauna. Hann er dugna\u00f0arforkur hann Dav\u00ed\u00f0 \u00de\u00f3r Bj\u00f6rgvinsson og \u00e1rei\u00f0anlega vel a\u00f0 s\u00e9r, svo vonandi \u00feurfum vi\u00f0 ekki a\u00f0 \u00f3ttast a\u00f0 \u00f6ll \u00feessi aukavinna hafi komi\u00f0 ni\u00f0ur \u00e1 a\u00f0alstarfinu hans sem d\u00f3mara vi\u00f0 Landsr\u00e9tt. [&hellip;]","og_url":"https:\/\/www.norn.is\/eva\/2020\/04\/24\/thurfa-domarar-aukatekjur\/","og_site_name":"Eva Hauksd\u00f3ttir","article_published_time":"2020-04-24T09:13:19+00:00","article_modified_time":"2020-05-31T03:37:21+00:00","og_image":[{"width":688,"height":451,"url":"https:\/\/www.norn.is\/eva\/wp-content\/uploads\/sites\/36\/2020\/05\/Dav\u00ed\u00f0-\u00de\u00f3r-Bj\u00f6rgvinsson.jpg","type":"image\/jpeg"}],"author":"Eva Hauksd\u00f3ttir","twitter_card":"summary_large_image","twitter_misc":{"Written by":false,"Est. reading time":"5 minutes"},"schema":{"@context":"https:\/\/schema.org","@graph":[{"@type":"Article","@id":"https:\/\/www.norn.is\/eva\/2020\/04\/24\/thurfa-domarar-aukatekjur\/#article","isPartOf":{"@id":"https:\/\/www.norn.is\/eva\/2020\/04\/24\/thurfa-domarar-aukatekjur\/"},"author":{"name":"Eva Hauksd\u00f3ttir","@id":"https:\/\/www.norn.is\/eva\/#\/schema\/person\/1d9742389918a297671033a2b53d3d34"},"headline":"\u00deurfa d\u00f3marar aukatekjur?","datePublished":"2020-04-24T09:13:19+00:00","dateModified":"2020-05-31T03:37:21+00:00","mainEntityOfPage":{"@id":"https:\/\/www.norn.is\/eva\/2020\/04\/24\/thurfa-domarar-aukatekjur\/"},"wordCount":940,"image":{"@id":"https:\/\/www.norn.is\/eva\/2020\/04\/24\/thurfa-domarar-aukatekjur\/#primaryimage"},"thumbnailUrl":"https:\/\/www.norn.is\/eva\/wp-content\/uploads\/sites\/36\/2020\/05\/Dav\u00ed\u00f0-\u00de\u00f3r-Bj\u00f6rgvinsson.jpg","keywords":["d\u00f3marar","kjaram\u00e1l"],"articleSection":["Vinnumarka\u00f0ur &amp; sk\u00f3lam\u00e1l"],"inLanguage":"is"},{"@type":"WebPage","@id":"https:\/\/www.norn.is\/eva\/2020\/04\/24\/thurfa-domarar-aukatekjur\/","url":"https:\/\/www.norn.is\/eva\/2020\/04\/24\/thurfa-domarar-aukatekjur\/","name":"\u00deurfa d\u00f3marar aukatekjur? - Eva Hauksd\u00f3ttir","isPartOf":{"@id":"https:\/\/www.norn.is\/eva\/#website"},"primaryImageOfPage":{"@id":"https:\/\/www.norn.is\/eva\/2020\/04\/24\/thurfa-domarar-aukatekjur\/#primaryimage"},"image":{"@id":"https:\/\/www.norn.is\/eva\/2020\/04\/24\/thurfa-domarar-aukatekjur\/#primaryimage"},"thumbnailUrl":"https:\/\/www.norn.is\/eva\/wp-content\/uploads\/sites\/36\/2020\/05\/Dav\u00ed\u00f0-\u00de\u00f3r-Bj\u00f6rgvinsson.jpg","datePublished":"2020-04-24T09:13:19+00:00","dateModified":"2020-05-31T03:37:21+00:00","author":{"@id":"https:\/\/www.norn.is\/eva\/#\/schema\/person\/1d9742389918a297671033a2b53d3d34"},"breadcrumb":{"@id":"https:\/\/www.norn.is\/eva\/2020\/04\/24\/thurfa-domarar-aukatekjur\/#breadcrumb"},"inLanguage":"is","potentialAction":[{"@type":"ReadAction","target":["https:\/\/www.norn.is\/eva\/2020\/04\/24\/thurfa-domarar-aukatekjur\/"]}]},{"@type":"ImageObject","inLanguage":"is","@id":"https:\/\/www.norn.is\/eva\/2020\/04\/24\/thurfa-domarar-aukatekjur\/#primaryimage","url":"https:\/\/www.norn.is\/eva\/wp-content\/uploads\/sites\/36\/2020\/05\/Dav\u00ed\u00f0-\u00de\u00f3r-Bj\u00f6rgvinsson.jpg","contentUrl":"https:\/\/www.norn.is\/eva\/wp-content\/uploads\/sites\/36\/2020\/05\/Dav\u00ed\u00f0-\u00de\u00f3r-Bj\u00f6rgvinsson.jpg","width":688,"height":451},{"@type":"BreadcrumbList","@id":"https:\/\/www.norn.is\/eva\/2020\/04\/24\/thurfa-domarar-aukatekjur\/#breadcrumb","itemListElement":[{"@type":"ListItem","position":1,"name":"Home","item":"https:\/\/www.norn.is\/eva\/"},{"@type":"ListItem","position":2,"name":"\u00deurfa d\u00f3marar aukatekjur?"}]},{"@type":"WebSite","@id":"https:\/\/www.norn.is\/eva\/#website","url":"https:\/\/www.norn.is\/eva\/","name":"Eva Hauksd\u00f3ttir","description":"Evu blogg","potentialAction":[{"@type":"SearchAction","target":{"@type":"EntryPoint","urlTemplate":"https:\/\/www.norn.is\/eva\/?s={search_term_string}"},"query-input":{"@type":"PropertyValueSpecification","valueRequired":true,"valueName":"search_term_string"}}],"inLanguage":"is"},{"@type":"Person","@id":"https:\/\/www.norn.is\/eva\/#\/schema\/person\/1d9742389918a297671033a2b53d3d34","name":"Eva Hauksd\u00f3ttir","image":{"@type":"ImageObject","inLanguage":"is","@id":"https:\/\/secure.gravatar.com\/avatar\/3690cd9ff7436a8a5d80acdc8fcb1046fbb9e002d4b532c85080d1bcbede84ce?s=96&d=mm&r=g","url":"https:\/\/secure.gravatar.com\/avatar\/3690cd9ff7436a8a5d80acdc8fcb1046fbb9e002d4b532c85080d1bcbede84ce?s=96&d=mm&r=g","contentUrl":"https:\/\/secure.gravatar.com\/avatar\/3690cd9ff7436a8a5d80acdc8fcb1046fbb9e002d4b532c85080d1bcbede84ce?s=96&d=mm&r=g","caption":"Eva Hauksd\u00f3ttir"},"url":"https:\/\/www.norn.is\/eva\/author\/evahauks\/"}]}},"_links":{"self":[{"href":"https:\/\/www.norn.is\/eva\/wp-json\/wp\/v2\/posts\/185","targetHints":{"allow":["GET"]}}],"collection":[{"href":"https:\/\/www.norn.is\/eva\/wp-json\/wp\/v2\/posts"}],"about":[{"href":"https:\/\/www.norn.is\/eva\/wp-json\/wp\/v2\/types\/post"}],"author":[{"embeddable":true,"href":"https:\/\/www.norn.is\/eva\/wp-json\/wp\/v2\/users\/7"}],"replies":[{"embeddable":true,"href":"https:\/\/www.norn.is\/eva\/wp-json\/wp\/v2\/comments?post=185"}],"version-history":[{"count":1,"href":"https:\/\/www.norn.is\/eva\/wp-json\/wp\/v2\/posts\/185\/revisions"}],"predecessor-version":[{"id":187,"href":"https:\/\/www.norn.is\/eva\/wp-json\/wp\/v2\/posts\/185\/revisions\/187"}],"wp:featuredmedia":[{"embeddable":true,"href":"https:\/\/www.norn.is\/eva\/wp-json\/wp\/v2\/media\/186"}],"wp:attachment":[{"href":"https:\/\/www.norn.is\/eva\/wp-json\/wp\/v2\/media?parent=185"}],"wp:term":[{"taxonomy":"category","embeddable":true,"href":"https:\/\/www.norn.is\/eva\/wp-json\/wp\/v2\/categories?post=185"},{"taxonomy":"post_tag","embeddable":true,"href":"https:\/\/www.norn.is\/eva\/wp-json\/wp\/v2\/tags?post=185"}],"curies":[{"name":"wp","href":"https:\/\/api.w.org\/{rel}","templated":true}]}}