{"id":1847,"date":"2013-01-02T20:42:00","date_gmt":"2013-01-02T20:42:00","guid":{"rendered":"http:\/\/www.norn.is\/eva\/?p=1847"},"modified":"2020-08-29T07:32:05","modified_gmt":"2020-08-29T07:32:05","slug":"af-rottaekni-bernsku-minnar","status":"publish","type":"post","link":"https:\/\/www.norn.is\/eva\/2013\/01\/02\/af-rottaekni-bernsku-minnar\/","title":{"rendered":"Af r\u00f3tt\u00e6kni bernsku minnar"},"content":{"rendered":"\n<p>\u00cd leit minni a\u00f0 felgulykli festist \u00e9g stutta stund \u00ed n\u00fd\u00e1rsbo\u00f0i hj\u00e1 systur minni. Var \u00fear me\u00f0al annarra st\u00f6dd m\u00f3\u00f0ir m\u00edn sem&nbsp;rifja\u00f0i upp br\u00e9f mitt til El\u00edasar s\u00e1luga Bjarnasonar.<\/p>\n\n\n\n<p>Umr\u00e6tt br\u00e9f er fyrsta d\u00e6mi\u00f0 um \u00fe\u00e1 a\u00f0fer\u00f0 sem \u00e9g hef mest nota\u00f0 til \u00feess a\u00f0 angra yfirvaldi\u00f0. M\u00e9r \u00fe\u00f3tti reikningur \u00f3b\u00e6rilega lei\u00f0inleg n\u00e1msgrein og \u00e1tti fastlega von \u00e1 &nbsp;a\u00f0 deyja \u00far lei\u00f0indum fyrir aldur fram ef ekkert yr\u00f0i a\u00f0 gert.&nbsp;\u00c9g taldi v\u00edst a\u00f0 El\u00edas Bjarnason, fyrrum yfirkennari, v\u00e6ri r\u00f3t allar reikningskennslu. \u00c1n hinna \u00f6murlegu b\u00f3ka hans yr\u00f0i grunnsk\u00f3linn frj\u00e1ls fr\u00e1 \u00feessh\u00e1ttar lei\u00f0indum.<\/p>\n\n\n\n<div class=\"wp-block-image\"><figure class=\"alignleft size-large is-resized\"><img loading=\"lazy\" decoding=\"async\" src=\"http:\/\/www.norn.is\/eva\/wp-content\/uploads\/sites\/36\/2020\/07\/eliasbjarnason_548.jpg\" alt=\"\" class=\"wp-image-1849\" width=\"223\" height=\"333\" srcset=\"https:\/\/www.norn.is\/eva\/wp-content\/uploads\/sites\/36\/2020\/07\/eliasbjarnason_548.jpg 500w, https:\/\/www.norn.is\/eva\/wp-content\/uploads\/sites\/36\/2020\/07\/eliasbjarnason_548-201x300.jpg 201w\" sizes=\"auto, (max-width: 223px) 100vw, 223px\" \/><figcaption><span style=\"color:#dcbb4c\" class=\"has-inline-color\">El\u00edas Bjarnason<\/span><\/figcaption><\/figure><\/div>\n\n\n\n<p>\u00c9g var \u00ed 3.ja bekk \u00feegar \u00e9g s\u00e1 fram \u00e1 a\u00f0 enginn annar myndi gera neitt til \u00feess a\u00f0 uppr\u00e6ta \u00feennan \u00f3f\u00f6gnu\u00f0 \u00far a\u00f0aln\u00e1mskr\u00e1 grunnsk\u00f3lanna.&nbsp;\u00c9g \u00e1kva\u00f0 \u00fev\u00ed a\u00f0 taka \u00e1 r\u00f3tinni sj\u00e1lf og skrifa\u00f0i El\u00edasi Bjarnasyni br\u00e9f. Ba\u00f0 hann n\u00e1\u00f0arsamlegast a\u00f0 skrifa ekki fleiri reikningsb\u00e6kur. R\u00f6kin voru \u00feau a\u00f0 \u00f6llum kr\u00f6kkunum \u00ed sk\u00f3lanum \u00fe\u00e6ttu reikningsb\u00e6kurnar lei\u00f0inlegar. M\u00f3\u00f0ir m\u00edn (ekki s\u00e1luga) heldur \u00fev\u00ed reyndar fram a\u00f0 \u00e9g hafi l\u00edka skrifa\u00f0 a\u00f0 hann ger\u00f0i s\u00e9r sennilega enga grein fyrir \u00fev\u00ed hva\u00f0a kvalr\u00e6\u00f0i hann v\u00e6ri a\u00f0 leggja \u00e1 \u00e6skul\u00fd\u00f0inn en h\u00fan er frekar lygin svo \u00e9g held a\u00f0 h\u00fan \u00fdki \u00feetta a\u00f0eins. \u00c9g man hinsvegar a\u00f0 \u00e9g benti sk\u00farknum \u00e1 a\u00f0 skrifa frekar \u201eskemmtilegar s\u00f6gur eins og t.d. Fimmb\u00e6kurnar\u201c sem \u00e9g leit \u00e1 sem b\u00f3kmenntalegt st\u00f3rvirki.<\/p>\n\n\n\n<p>\u00deegar \u00e9g ba\u00f0 m\u00f3\u00f0ur m\u00edna a\u00f0 p\u00f3stleggja br\u00e9fi\u00f0 tj\u00e1\u00f0i h\u00fan m\u00e9r a\u00f0 El\u00edas v\u00e6ri l\u00f6ngu d\u00e1inn og grafinn. Hann v\u00e6ri aukinheldur \u00feegar b\u00fainn a\u00f0 skrifa reikningsb\u00e6kur fyrir fj\u00f3r\u00f0a bekk og sennilega fyrir alla bekki grunnsk\u00f3lans og a\u00f0 \u00fe\u00e6r v\u00e6ri h\u00e6gt a\u00f0 prenta aftur og aftur. \u00deetta var\u00f0 m\u00e9r nokkurt \u00e1fall. \u00dea\u00f0 var ekki a\u00f0eins or\u00f0st\u00edr sem lif\u00f0i fram yfir gr\u00f6f og dau\u00f0a heldur einnig reikningsb\u00e6kur. Ekki einu sinni dau\u00f0inn gat komi\u00f0 \u00ed veg fyrir a\u00f0 \u00e9g s\u00e6ti uppi me\u00f0 El\u00edas s\u00e1luga.<\/p>\n\n\n\n<p>\u00dev\u00ed mi\u00f0ur henti \u00e9g br\u00e9finu enda datt m\u00e9r ekki \u00ed hug \u00fe\u00e1 a\u00f0 \u00e9g g\u00e6ti haft gaman af \u00fev\u00ed s\u00ed\u00f0ar. \u00dea\u00f0 var skrifa\u00f0 \u00e1 appels\u00ednugult br\u00e9fsefni me\u00f0 bl\u00f3mamynstri og \u00fe\u00f3tti m\u00e9r gr\u00e1tleg s\u00f3un a\u00f0 hafa eytt sl\u00edkri gersemi \u00e1 dau\u00f0an mann.<\/p>\n","protected":false},"excerpt":{"rendered":"<p>\u00cd leit minni a\u00f0 felgulykli festist \u00e9g stutta stund \u00ed n\u00fd\u00e1rsbo\u00f0i hj\u00e1 systur minni. Var \u00fear me\u00f0al annarra st\u00f6dd m\u00f3\u00f0ir m\u00edn sem&nbsp;rifja\u00f0i upp br\u00e9f mitt til El\u00edasar s\u00e1luga Bjarnasonar. Umr\u00e6tt br\u00e9f er fyrsta d\u00e6mi\u00f0 um \u00fe\u00e1 a\u00f0fer\u00f0 sem \u00e9g hef mest nota\u00f0 til \u00feess a\u00f0 angra yfirvaldi\u00f0. M\u00e9r \u00fe\u00f3tti reikningur \u00f3b\u00e6rilega lei\u00f0inleg n\u00e1msgrein og \u00e1tti [&hellip;]<\/p>\n","protected":false},"author":7,"featured_media":1851,"comment_status":"closed","ping_status":"open","sticky":false,"template":"","format":"standard","meta":{"_et_pb_use_builder":"off","_et_pb_old_content":"","_et_gb_content_width":"","footnotes":""},"categories":[201,241,136,448],"tags":[360,361],"class_list":["post-1847","post","type-post","status-publish","format-standard","has-post-thumbnail","hentry","category-andof-yfirvald","category-endurminningar","category-vinnumarkadur-skolamal","category-ymislegt","tag-eilias-bjarnason","tag-reikningur","et-has-post-format-content","et_post_format-et-post-format-standard"],"yoast_head":"<!-- This site is optimized with the Yoast SEO plugin v27.5 - https:\/\/yoast.com\/product\/yoast-seo-wordpress\/ -->\n<title>Af r\u00f3tt\u00e6kni bernsku minnar - Eva Hauksd\u00f3ttir<\/title>\n<meta name=\"robots\" content=\"index, follow, max-snippet:-1, max-image-preview:large, max-video-preview:-1\" \/>\n<link rel=\"canonical\" href=\"https:\/\/www.norn.is\/eva\/2013\/01\/02\/af-rottaekni-bernsku-minnar\/\" \/>\n<meta property=\"og:locale\" content=\"is_IS\" \/>\n<meta property=\"og:type\" content=\"article\" \/>\n<meta property=\"og:title\" content=\"Af r\u00f3tt\u00e6kni bernsku minnar - Eva Hauksd\u00f3ttir\" \/>\n<meta property=\"og:description\" content=\"\u00cd leit minni a\u00f0 felgulykli festist \u00e9g stutta stund \u00ed n\u00fd\u00e1rsbo\u00f0i hj\u00e1 systur minni. Var \u00fear me\u00f0al annarra st\u00f6dd m\u00f3\u00f0ir m\u00edn sem&nbsp;rifja\u00f0i upp br\u00e9f mitt til El\u00edasar s\u00e1luga Bjarnasonar. Umr\u00e6tt br\u00e9f er fyrsta d\u00e6mi\u00f0 um \u00fe\u00e1 a\u00f0fer\u00f0 sem \u00e9g hef mest nota\u00f0 til \u00feess a\u00f0 angra yfirvaldi\u00f0. M\u00e9r \u00fe\u00f3tti reikningur \u00f3b\u00e6rilega lei\u00f0inleg n\u00e1msgrein og \u00e1tti [&hellip;]\" \/>\n<meta property=\"og:url\" content=\"https:\/\/www.norn.is\/eva\/2013\/01\/02\/af-rottaekni-bernsku-minnar\/\" \/>\n<meta property=\"og:site_name\" content=\"Eva Hauksd\u00f3ttir\" \/>\n<meta property=\"article:published_time\" content=\"2013-01-02T20:42:00+00:00\" \/>\n<meta property=\"article:modified_time\" content=\"2020-08-29T07:32:05+00:00\" \/>\n<meta property=\"og:image\" content=\"https:\/\/www.norn.is\/eva\/wp-content\/uploads\/sites\/36\/2013\/01\/reikningsb\u00e6kur.jpg\" \/>\n\t<meta property=\"og:image:width\" content=\"949\" \/>\n\t<meta property=\"og:image:height\" content=\"627\" \/>\n\t<meta property=\"og:image:type\" content=\"image\/jpeg\" \/>\n<meta name=\"author\" content=\"Eva Hauksd\u00f3ttir\" \/>\n<meta name=\"twitter:card\" content=\"summary_large_image\" \/>\n<meta name=\"twitter:label1\" content=\"Written by\" \/>\n\t<meta name=\"twitter:data1\" content=\"\" \/>\n\t<meta name=\"twitter:label2\" content=\"Est. reading time\" \/>\n\t<meta name=\"twitter:data2\" content=\"2 minutes\" \/>\n<script type=\"application\/ld+json\" class=\"yoast-schema-graph\">{\"@context\":\"https:\\\/\\\/schema.org\",\"@graph\":[{\"@type\":\"Article\",\"@id\":\"https:\\\/\\\/www.norn.is\\\/eva\\\/2013\\\/01\\\/02\\\/af-rottaekni-bernsku-minnar\\\/#article\",\"isPartOf\":{\"@id\":\"https:\\\/\\\/www.norn.is\\\/eva\\\/2013\\\/01\\\/02\\\/af-rottaekni-bernsku-minnar\\\/\"},\"author\":{\"name\":\"Eva Hauksd\u00f3ttir\",\"@id\":\"https:\\\/\\\/www.norn.is\\\/eva\\\/#\\\/schema\\\/person\\\/1d9742389918a297671033a2b53d3d34\"},\"headline\":\"Af r\u00f3tt\u00e6kni bernsku minnar\",\"datePublished\":\"2013-01-02T20:42:00+00:00\",\"dateModified\":\"2020-08-29T07:32:05+00:00\",\"mainEntityOfPage\":{\"@id\":\"https:\\\/\\\/www.norn.is\\\/eva\\\/2013\\\/01\\\/02\\\/af-rottaekni-bernsku-minnar\\\/\"},\"wordCount\":447,\"image\":{\"@id\":\"https:\\\/\\\/www.norn.is\\\/eva\\\/2013\\\/01\\\/02\\\/af-rottaekni-bernsku-minnar\\\/#primaryimage\"},\"thumbnailUrl\":\"https:\\\/\\\/www.norn.is\\\/eva\\\/wp-content\\\/uploads\\\/sites\\\/36\\\/2013\\\/01\\\/reikningsb\u00e6kur.jpg\",\"keywords\":[\"Eil\u00edas Bjarnason\",\"reikningur\"],\"articleSection\":[\"And\u00f3f &amp; yfirvald\",\"Endurminningar\",\"Vinnumarka\u00f0ur &amp; sk\u00f3lam\u00e1l\",\"\u00ddmislegt\"],\"inLanguage\":\"is\"},{\"@type\":\"WebPage\",\"@id\":\"https:\\\/\\\/www.norn.is\\\/eva\\\/2013\\\/01\\\/02\\\/af-rottaekni-bernsku-minnar\\\/\",\"url\":\"https:\\\/\\\/www.norn.is\\\/eva\\\/2013\\\/01\\\/02\\\/af-rottaekni-bernsku-minnar\\\/\",\"name\":\"Af r\u00f3tt\u00e6kni bernsku minnar - Eva Hauksd\u00f3ttir\",\"isPartOf\":{\"@id\":\"https:\\\/\\\/www.norn.is\\\/eva\\\/#website\"},\"primaryImageOfPage\":{\"@id\":\"https:\\\/\\\/www.norn.is\\\/eva\\\/2013\\\/01\\\/02\\\/af-rottaekni-bernsku-minnar\\\/#primaryimage\"},\"image\":{\"@id\":\"https:\\\/\\\/www.norn.is\\\/eva\\\/2013\\\/01\\\/02\\\/af-rottaekni-bernsku-minnar\\\/#primaryimage\"},\"thumbnailUrl\":\"https:\\\/\\\/www.norn.is\\\/eva\\\/wp-content\\\/uploads\\\/sites\\\/36\\\/2013\\\/01\\\/reikningsb\u00e6kur.jpg\",\"datePublished\":\"2013-01-02T20:42:00+00:00\",\"dateModified\":\"2020-08-29T07:32:05+00:00\",\"author\":{\"@id\":\"https:\\\/\\\/www.norn.is\\\/eva\\\/#\\\/schema\\\/person\\\/1d9742389918a297671033a2b53d3d34\"},\"breadcrumb\":{\"@id\":\"https:\\\/\\\/www.norn.is\\\/eva\\\/2013\\\/01\\\/02\\\/af-rottaekni-bernsku-minnar\\\/#breadcrumb\"},\"inLanguage\":\"is\",\"potentialAction\":[{\"@type\":\"ReadAction\",\"target\":[\"https:\\\/\\\/www.norn.is\\\/eva\\\/2013\\\/01\\\/02\\\/af-rottaekni-bernsku-minnar\\\/\"]}]},{\"@type\":\"ImageObject\",\"inLanguage\":\"is\",\"@id\":\"https:\\\/\\\/www.norn.is\\\/eva\\\/2013\\\/01\\\/02\\\/af-rottaekni-bernsku-minnar\\\/#primaryimage\",\"url\":\"https:\\\/\\\/www.norn.is\\\/eva\\\/wp-content\\\/uploads\\\/sites\\\/36\\\/2013\\\/01\\\/reikningsb\u00e6kur.jpg\",\"contentUrl\":\"https:\\\/\\\/www.norn.is\\\/eva\\\/wp-content\\\/uploads\\\/sites\\\/36\\\/2013\\\/01\\\/reikningsb\u00e6kur.jpg\",\"width\":949,\"height\":627},{\"@type\":\"BreadcrumbList\",\"@id\":\"https:\\\/\\\/www.norn.is\\\/eva\\\/2013\\\/01\\\/02\\\/af-rottaekni-bernsku-minnar\\\/#breadcrumb\",\"itemListElement\":[{\"@type\":\"ListItem\",\"position\":1,\"name\":\"Home\",\"item\":\"https:\\\/\\\/www.norn.is\\\/eva\\\/\"},{\"@type\":\"ListItem\",\"position\":2,\"name\":\"Af r\u00f3tt\u00e6kni bernsku minnar\"}]},{\"@type\":\"WebSite\",\"@id\":\"https:\\\/\\\/www.norn.is\\\/eva\\\/#website\",\"url\":\"https:\\\/\\\/www.norn.is\\\/eva\\\/\",\"name\":\"Eva Hauksd\u00f3ttir\",\"description\":\"Evu blogg\",\"potentialAction\":[{\"@type\":\"SearchAction\",\"target\":{\"@type\":\"EntryPoint\",\"urlTemplate\":\"https:\\\/\\\/www.norn.is\\\/eva\\\/?s={search_term_string}\"},\"query-input\":{\"@type\":\"PropertyValueSpecification\",\"valueRequired\":true,\"valueName\":\"search_term_string\"}}],\"inLanguage\":\"is\"},{\"@type\":\"Person\",\"@id\":\"https:\\\/\\\/www.norn.is\\\/eva\\\/#\\\/schema\\\/person\\\/1d9742389918a297671033a2b53d3d34\",\"name\":\"Eva Hauksd\u00f3ttir\",\"image\":{\"@type\":\"ImageObject\",\"inLanguage\":\"is\",\"@id\":\"https:\\\/\\\/secure.gravatar.com\\\/avatar\\\/3690cd9ff7436a8a5d80acdc8fcb1046fbb9e002d4b532c85080d1bcbede84ce?s=96&d=mm&r=g\",\"url\":\"https:\\\/\\\/secure.gravatar.com\\\/avatar\\\/3690cd9ff7436a8a5d80acdc8fcb1046fbb9e002d4b532c85080d1bcbede84ce?s=96&d=mm&r=g\",\"contentUrl\":\"https:\\\/\\\/secure.gravatar.com\\\/avatar\\\/3690cd9ff7436a8a5d80acdc8fcb1046fbb9e002d4b532c85080d1bcbede84ce?s=96&d=mm&r=g\",\"caption\":\"Eva Hauksd\u00f3ttir\"},\"url\":\"https:\\\/\\\/www.norn.is\\\/eva\\\/author\\\/evahauks\\\/\"}]}<\/script>\n<!-- \/ Yoast SEO plugin. -->","yoast_head_json":{"title":"Af r\u00f3tt\u00e6kni bernsku minnar - Eva Hauksd\u00f3ttir","robots":{"index":"index","follow":"follow","max-snippet":"max-snippet:-1","max-image-preview":"max-image-preview:large","max-video-preview":"max-video-preview:-1"},"canonical":"https:\/\/www.norn.is\/eva\/2013\/01\/02\/af-rottaekni-bernsku-minnar\/","og_locale":"is_IS","og_type":"article","og_title":"Af r\u00f3tt\u00e6kni bernsku minnar - Eva Hauksd\u00f3ttir","og_description":"\u00cd leit minni a\u00f0 felgulykli festist \u00e9g stutta stund \u00ed n\u00fd\u00e1rsbo\u00f0i hj\u00e1 systur minni. Var \u00fear me\u00f0al annarra st\u00f6dd m\u00f3\u00f0ir m\u00edn sem&nbsp;rifja\u00f0i upp br\u00e9f mitt til El\u00edasar s\u00e1luga Bjarnasonar. Umr\u00e6tt br\u00e9f er fyrsta d\u00e6mi\u00f0 um \u00fe\u00e1 a\u00f0fer\u00f0 sem \u00e9g hef mest nota\u00f0 til \u00feess a\u00f0 angra yfirvaldi\u00f0. M\u00e9r \u00fe\u00f3tti reikningur \u00f3b\u00e6rilega lei\u00f0inleg n\u00e1msgrein og \u00e1tti [&hellip;]","og_url":"https:\/\/www.norn.is\/eva\/2013\/01\/02\/af-rottaekni-bernsku-minnar\/","og_site_name":"Eva Hauksd\u00f3ttir","article_published_time":"2013-01-02T20:42:00+00:00","article_modified_time":"2020-08-29T07:32:05+00:00","og_image":[{"width":949,"height":627,"url":"https:\/\/www.norn.is\/eva\/wp-content\/uploads\/sites\/36\/2013\/01\/reikningsb\u00e6kur.jpg","type":"image\/jpeg"}],"author":"Eva Hauksd\u00f3ttir","twitter_card":"summary_large_image","twitter_misc":{"Written by":false,"Est. reading time":"2 minutes"},"schema":{"@context":"https:\/\/schema.org","@graph":[{"@type":"Article","@id":"https:\/\/www.norn.is\/eva\/2013\/01\/02\/af-rottaekni-bernsku-minnar\/#article","isPartOf":{"@id":"https:\/\/www.norn.is\/eva\/2013\/01\/02\/af-rottaekni-bernsku-minnar\/"},"author":{"name":"Eva Hauksd\u00f3ttir","@id":"https:\/\/www.norn.is\/eva\/#\/schema\/person\/1d9742389918a297671033a2b53d3d34"},"headline":"Af r\u00f3tt\u00e6kni bernsku minnar","datePublished":"2013-01-02T20:42:00+00:00","dateModified":"2020-08-29T07:32:05+00:00","mainEntityOfPage":{"@id":"https:\/\/www.norn.is\/eva\/2013\/01\/02\/af-rottaekni-bernsku-minnar\/"},"wordCount":447,"image":{"@id":"https:\/\/www.norn.is\/eva\/2013\/01\/02\/af-rottaekni-bernsku-minnar\/#primaryimage"},"thumbnailUrl":"https:\/\/www.norn.is\/eva\/wp-content\/uploads\/sites\/36\/2013\/01\/reikningsb\u00e6kur.jpg","keywords":["Eil\u00edas Bjarnason","reikningur"],"articleSection":["And\u00f3f &amp; yfirvald","Endurminningar","Vinnumarka\u00f0ur &amp; sk\u00f3lam\u00e1l","\u00ddmislegt"],"inLanguage":"is"},{"@type":"WebPage","@id":"https:\/\/www.norn.is\/eva\/2013\/01\/02\/af-rottaekni-bernsku-minnar\/","url":"https:\/\/www.norn.is\/eva\/2013\/01\/02\/af-rottaekni-bernsku-minnar\/","name":"Af r\u00f3tt\u00e6kni bernsku minnar - Eva Hauksd\u00f3ttir","isPartOf":{"@id":"https:\/\/www.norn.is\/eva\/#website"},"primaryImageOfPage":{"@id":"https:\/\/www.norn.is\/eva\/2013\/01\/02\/af-rottaekni-bernsku-minnar\/#primaryimage"},"image":{"@id":"https:\/\/www.norn.is\/eva\/2013\/01\/02\/af-rottaekni-bernsku-minnar\/#primaryimage"},"thumbnailUrl":"https:\/\/www.norn.is\/eva\/wp-content\/uploads\/sites\/36\/2013\/01\/reikningsb\u00e6kur.jpg","datePublished":"2013-01-02T20:42:00+00:00","dateModified":"2020-08-29T07:32:05+00:00","author":{"@id":"https:\/\/www.norn.is\/eva\/#\/schema\/person\/1d9742389918a297671033a2b53d3d34"},"breadcrumb":{"@id":"https:\/\/www.norn.is\/eva\/2013\/01\/02\/af-rottaekni-bernsku-minnar\/#breadcrumb"},"inLanguage":"is","potentialAction":[{"@type":"ReadAction","target":["https:\/\/www.norn.is\/eva\/2013\/01\/02\/af-rottaekni-bernsku-minnar\/"]}]},{"@type":"ImageObject","inLanguage":"is","@id":"https:\/\/www.norn.is\/eva\/2013\/01\/02\/af-rottaekni-bernsku-minnar\/#primaryimage","url":"https:\/\/www.norn.is\/eva\/wp-content\/uploads\/sites\/36\/2013\/01\/reikningsb\u00e6kur.jpg","contentUrl":"https:\/\/www.norn.is\/eva\/wp-content\/uploads\/sites\/36\/2013\/01\/reikningsb\u00e6kur.jpg","width":949,"height":627},{"@type":"BreadcrumbList","@id":"https:\/\/www.norn.is\/eva\/2013\/01\/02\/af-rottaekni-bernsku-minnar\/#breadcrumb","itemListElement":[{"@type":"ListItem","position":1,"name":"Home","item":"https:\/\/www.norn.is\/eva\/"},{"@type":"ListItem","position":2,"name":"Af r\u00f3tt\u00e6kni bernsku minnar"}]},{"@type":"WebSite","@id":"https:\/\/www.norn.is\/eva\/#website","url":"https:\/\/www.norn.is\/eva\/","name":"Eva Hauksd\u00f3ttir","description":"Evu blogg","potentialAction":[{"@type":"SearchAction","target":{"@type":"EntryPoint","urlTemplate":"https:\/\/www.norn.is\/eva\/?s={search_term_string}"},"query-input":{"@type":"PropertyValueSpecification","valueRequired":true,"valueName":"search_term_string"}}],"inLanguage":"is"},{"@type":"Person","@id":"https:\/\/www.norn.is\/eva\/#\/schema\/person\/1d9742389918a297671033a2b53d3d34","name":"Eva Hauksd\u00f3ttir","image":{"@type":"ImageObject","inLanguage":"is","@id":"https:\/\/secure.gravatar.com\/avatar\/3690cd9ff7436a8a5d80acdc8fcb1046fbb9e002d4b532c85080d1bcbede84ce?s=96&d=mm&r=g","url":"https:\/\/secure.gravatar.com\/avatar\/3690cd9ff7436a8a5d80acdc8fcb1046fbb9e002d4b532c85080d1bcbede84ce?s=96&d=mm&r=g","contentUrl":"https:\/\/secure.gravatar.com\/avatar\/3690cd9ff7436a8a5d80acdc8fcb1046fbb9e002d4b532c85080d1bcbede84ce?s=96&d=mm&r=g","caption":"Eva Hauksd\u00f3ttir"},"url":"https:\/\/www.norn.is\/eva\/author\/evahauks\/"}]}},"_links":{"self":[{"href":"https:\/\/www.norn.is\/eva\/wp-json\/wp\/v2\/posts\/1847","targetHints":{"allow":["GET"]}}],"collection":[{"href":"https:\/\/www.norn.is\/eva\/wp-json\/wp\/v2\/posts"}],"about":[{"href":"https:\/\/www.norn.is\/eva\/wp-json\/wp\/v2\/types\/post"}],"author":[{"embeddable":true,"href":"https:\/\/www.norn.is\/eva\/wp-json\/wp\/v2\/users\/7"}],"replies":[{"embeddable":true,"href":"https:\/\/www.norn.is\/eva\/wp-json\/wp\/v2\/comments?post=1847"}],"version-history":[{"count":3,"href":"https:\/\/www.norn.is\/eva\/wp-json\/wp\/v2\/posts\/1847\/revisions"}],"predecessor-version":[{"id":1852,"href":"https:\/\/www.norn.is\/eva\/wp-json\/wp\/v2\/posts\/1847\/revisions\/1852"}],"wp:featuredmedia":[{"embeddable":true,"href":"https:\/\/www.norn.is\/eva\/wp-json\/wp\/v2\/media\/1851"}],"wp:attachment":[{"href":"https:\/\/www.norn.is\/eva\/wp-json\/wp\/v2\/media?parent=1847"}],"wp:term":[{"taxonomy":"category","embeddable":true,"href":"https:\/\/www.norn.is\/eva\/wp-json\/wp\/v2\/categories?post=1847"},{"taxonomy":"post_tag","embeddable":true,"href":"https:\/\/www.norn.is\/eva\/wp-json\/wp\/v2\/tags?post=1847"}],"curies":[{"name":"wp","href":"https:\/\/api.w.org\/{rel}","templated":true}]}}