{"id":1834,"date":"2013-03-15T18:26:10","date_gmt":"2013-03-15T18:26:10","guid":{"rendered":"http:\/\/www.norn.is\/eva\/?p=1834"},"modified":"2020-07-12T18:49:32","modified_gmt":"2020-07-12T18:49:32","slug":"afi-dalitid-utan-vid-sig","status":"publish","type":"post","link":"https:\/\/www.norn.is\/eva\/2013\/03\/15\/afi-dalitid-utan-vid-sig\/","title":{"rendered":"Afi d\u00e1l\u00edti\u00f0 utan vi\u00f0 sig"},"content":{"rendered":"\n<p>Afi J\u00f3i gat aldrei muna\u00f0 a\u00f0 Beggi br\u00f3\u00f0ir minn h\u00e9ti Gu\u00f0bj\u00f6rn. Hann kalla\u00f0i hann alltaf Berg. \u00dea\u00f0 var kannski nett pirrandi fyrir Begga en ekkert st\u00f3rm\u00e1l. Einu sinni var\u00f0 gleymska afa J\u00f3a \u00e1 n\u00f6fn \u00fe\u00f3 frekar ney\u00f0arleg.<\/p>\n\n\n\n<p>Lena hefur l\u00edklega veri\u00f0 svona 9-10 \u00e1ra. H\u00fan gisti hj\u00e1 Afa og \u00d6mmu yfir helgi og Afi t\u00f3k hana me\u00f0 s\u00e9r \u00ed sund \u00e1 laugardagsmorgni. Nokkru s\u00ed\u00f0ar kom hann heim. Einn.<\/p>\n\n\n\n<p>Amma Hulla \u00e1tti ekki or\u00f0 yfir \u00fea\u00f0 hva\u00f0 karlinn var or\u00f0inn kalka\u00f0ur.<br>\u2013<em>Ertu a\u00f0 segja m\u00e9r \u00fea\u00f0, J\u00f3hann Indri\u00f0ason, a\u00f0 \u00fe\u00fa hafir gleymt barninu inni \u00ed Laugardal? Viltu bara gj\u00f6ra svo vel..<\/em>.<\/p>\n\n\n\n<p>Hann hringdi korteri seinna.<br>\u2013&nbsp;<em>Heyr\u00f0u h\u00e9rna Hulla m\u00edn\u2026 \u00c9g s\u00e9 hana n\u00fa ekki h\u00e9rna svo h\u00fan er l\u00edklega enn\u00fe\u00e1 ofan \u00ed lauginni. \u00c9g \u00fearf a\u00f0 l\u00e1ta kalla hana upp. Hva\u00f0 heitir h\u00fan n\u00fa aftur stelpan?<\/em><\/p>\n","protected":false},"excerpt":{"rendered":"<p>Afi J\u00f3i gat aldrei muna\u00f0 a\u00f0 Beggi br\u00f3\u00f0ir minn h\u00e9ti Gu\u00f0bj\u00f6rn. Hann kalla\u00f0i hann alltaf Berg. \u00dea\u00f0 var kannski nett pirrandi fyrir Begga en ekkert st\u00f3rm\u00e1l. Einu sinni var\u00f0 gleymska afa J\u00f3a \u00e1 n\u00f6fn \u00fe\u00f3 frekar ney\u00f0arleg. Lena hefur l\u00edklega veri\u00f0 svona 9-10 \u00e1ra. H\u00fan gisti hj\u00e1 Afa og \u00d6mmu yfir helgi og Afi t\u00f3k [&hellip;]<\/p>\n","protected":false},"author":7,"featured_media":1836,"comment_status":"closed","ping_status":"open","sticky":false,"template":"","format":"standard","meta":{"_et_pb_use_builder":"off","_et_pb_old_content":"","_et_gb_content_width":"","footnotes":""},"categories":[241],"tags":[355,351],"class_list":["post-1834","post","type-post","status-publish","format-standard","has-post-thumbnail","hentry","category-endurminningar","tag-afi-joi","tag-amma-hulla","et-has-post-format-content","et_post_format-et-post-format-standard"],"yoast_head":"<!-- This site is optimized with the Yoast SEO plugin v27.4 - https:\/\/yoast.com\/product\/yoast-seo-wordpress\/ -->\n<title>Afi d\u00e1l\u00edti\u00f0 utan vi\u00f0 sig - Eva Hauksd\u00f3ttir<\/title>\n<meta name=\"robots\" content=\"index, follow, max-snippet:-1, max-image-preview:large, max-video-preview:-1\" \/>\n<link rel=\"canonical\" href=\"https:\/\/www.norn.is\/eva\/2013\/03\/15\/afi-dalitid-utan-vid-sig\/\" \/>\n<meta property=\"og:locale\" content=\"is_IS\" \/>\n<meta property=\"og:type\" content=\"article\" \/>\n<meta property=\"og:title\" content=\"Afi d\u00e1l\u00edti\u00f0 utan vi\u00f0 sig - Eva Hauksd\u00f3ttir\" \/>\n<meta property=\"og:description\" content=\"Afi J\u00f3i gat aldrei muna\u00f0 a\u00f0 Beggi br\u00f3\u00f0ir minn h\u00e9ti Gu\u00f0bj\u00f6rn. Hann kalla\u00f0i hann alltaf Berg. \u00dea\u00f0 var kannski nett pirrandi fyrir Begga en ekkert st\u00f3rm\u00e1l. Einu sinni var\u00f0 gleymska afa J\u00f3a \u00e1 n\u00f6fn \u00fe\u00f3 frekar ney\u00f0arleg. Lena hefur l\u00edklega veri\u00f0 svona 9-10 \u00e1ra. H\u00fan gisti hj\u00e1 Afa og \u00d6mmu yfir helgi og Afi t\u00f3k [&hellip;]\" \/>\n<meta property=\"og:url\" content=\"https:\/\/www.norn.is\/eva\/2013\/03\/15\/afi-dalitid-utan-vid-sig\/\" \/>\n<meta property=\"og:site_name\" content=\"Eva Hauksd\u00f3ttir\" \/>\n<meta property=\"article:published_time\" content=\"2013-03-15T18:26:10+00:00\" \/>\n<meta property=\"article:modified_time\" content=\"2020-07-12T18:49:32+00:00\" \/>\n<meta property=\"og:image\" content=\"https:\/\/www.norn.is\/eva\/wp-content\/uploads\/sites\/36\/2013\/03\/gar\u00f0atorg.jpg\" \/>\n\t<meta property=\"og:image:width\" content=\"925\" \/>\n\t<meta property=\"og:image:height\" content=\"458\" \/>\n\t<meta property=\"og:image:type\" content=\"image\/jpeg\" \/>\n<meta name=\"author\" content=\"Eva Hauksd\u00f3ttir\" \/>\n<meta name=\"twitter:card\" content=\"summary_large_image\" \/>\n<meta name=\"twitter:label1\" content=\"Written by\" \/>\n\t<meta name=\"twitter:data1\" content=\"\" \/>\n\t<meta name=\"twitter:label2\" content=\"Est. reading time\" \/>\n\t<meta name=\"twitter:data2\" content=\"1 minute\" \/>\n<script type=\"application\/ld+json\" class=\"yoast-schema-graph\">{\"@context\":\"https:\\\/\\\/schema.org\",\"@graph\":[{\"@type\":\"Article\",\"@id\":\"https:\\\/\\\/www.norn.is\\\/eva\\\/2013\\\/03\\\/15\\\/afi-dalitid-utan-vid-sig\\\/#article\",\"isPartOf\":{\"@id\":\"https:\\\/\\\/www.norn.is\\\/eva\\\/2013\\\/03\\\/15\\\/afi-dalitid-utan-vid-sig\\\/\"},\"author\":{\"name\":\"Eva Hauksd\u00f3ttir\",\"@id\":\"https:\\\/\\\/www.norn.is\\\/eva\\\/#\\\/schema\\\/person\\\/1d9742389918a297671033a2b53d3d34\"},\"headline\":\"Afi d\u00e1l\u00edti\u00f0 utan vi\u00f0 sig\",\"datePublished\":\"2013-03-15T18:26:10+00:00\",\"dateModified\":\"2020-07-12T18:49:32+00:00\",\"mainEntityOfPage\":{\"@id\":\"https:\\\/\\\/www.norn.is\\\/eva\\\/2013\\\/03\\\/15\\\/afi-dalitid-utan-vid-sig\\\/\"},\"wordCount\":166,\"image\":{\"@id\":\"https:\\\/\\\/www.norn.is\\\/eva\\\/2013\\\/03\\\/15\\\/afi-dalitid-utan-vid-sig\\\/#primaryimage\"},\"thumbnailUrl\":\"https:\\\/\\\/www.norn.is\\\/eva\\\/wp-content\\\/uploads\\\/sites\\\/36\\\/2013\\\/03\\\/gar\u00f0atorg.jpg\",\"keywords\":[\"Afi J\u00f3i\",\"Amma Hulla\"],\"articleSection\":[\"Endurminningar\"],\"inLanguage\":\"is\"},{\"@type\":\"WebPage\",\"@id\":\"https:\\\/\\\/www.norn.is\\\/eva\\\/2013\\\/03\\\/15\\\/afi-dalitid-utan-vid-sig\\\/\",\"url\":\"https:\\\/\\\/www.norn.is\\\/eva\\\/2013\\\/03\\\/15\\\/afi-dalitid-utan-vid-sig\\\/\",\"name\":\"Afi d\u00e1l\u00edti\u00f0 utan vi\u00f0 sig - Eva Hauksd\u00f3ttir\",\"isPartOf\":{\"@id\":\"https:\\\/\\\/www.norn.is\\\/eva\\\/#website\"},\"primaryImageOfPage\":{\"@id\":\"https:\\\/\\\/www.norn.is\\\/eva\\\/2013\\\/03\\\/15\\\/afi-dalitid-utan-vid-sig\\\/#primaryimage\"},\"image\":{\"@id\":\"https:\\\/\\\/www.norn.is\\\/eva\\\/2013\\\/03\\\/15\\\/afi-dalitid-utan-vid-sig\\\/#primaryimage\"},\"thumbnailUrl\":\"https:\\\/\\\/www.norn.is\\\/eva\\\/wp-content\\\/uploads\\\/sites\\\/36\\\/2013\\\/03\\\/gar\u00f0atorg.jpg\",\"datePublished\":\"2013-03-15T18:26:10+00:00\",\"dateModified\":\"2020-07-12T18:49:32+00:00\",\"author\":{\"@id\":\"https:\\\/\\\/www.norn.is\\\/eva\\\/#\\\/schema\\\/person\\\/1d9742389918a297671033a2b53d3d34\"},\"breadcrumb\":{\"@id\":\"https:\\\/\\\/www.norn.is\\\/eva\\\/2013\\\/03\\\/15\\\/afi-dalitid-utan-vid-sig\\\/#breadcrumb\"},\"inLanguage\":\"is\",\"potentialAction\":[{\"@type\":\"ReadAction\",\"target\":[\"https:\\\/\\\/www.norn.is\\\/eva\\\/2013\\\/03\\\/15\\\/afi-dalitid-utan-vid-sig\\\/\"]}]},{\"@type\":\"ImageObject\",\"inLanguage\":\"is\",\"@id\":\"https:\\\/\\\/www.norn.is\\\/eva\\\/2013\\\/03\\\/15\\\/afi-dalitid-utan-vid-sig\\\/#primaryimage\",\"url\":\"https:\\\/\\\/www.norn.is\\\/eva\\\/wp-content\\\/uploads\\\/sites\\\/36\\\/2013\\\/03\\\/gar\u00f0atorg.jpg\",\"contentUrl\":\"https:\\\/\\\/www.norn.is\\\/eva\\\/wp-content\\\/uploads\\\/sites\\\/36\\\/2013\\\/03\\\/gar\u00f0atorg.jpg\",\"width\":925,\"height\":458},{\"@type\":\"BreadcrumbList\",\"@id\":\"https:\\\/\\\/www.norn.is\\\/eva\\\/2013\\\/03\\\/15\\\/afi-dalitid-utan-vid-sig\\\/#breadcrumb\",\"itemListElement\":[{\"@type\":\"ListItem\",\"position\":1,\"name\":\"Home\",\"item\":\"https:\\\/\\\/www.norn.is\\\/eva\\\/\"},{\"@type\":\"ListItem\",\"position\":2,\"name\":\"Afi d\u00e1l\u00edti\u00f0 utan vi\u00f0 sig\"}]},{\"@type\":\"WebSite\",\"@id\":\"https:\\\/\\\/www.norn.is\\\/eva\\\/#website\",\"url\":\"https:\\\/\\\/www.norn.is\\\/eva\\\/\",\"name\":\"Eva Hauksd\u00f3ttir\",\"description\":\"Evu blogg\",\"potentialAction\":[{\"@type\":\"SearchAction\",\"target\":{\"@type\":\"EntryPoint\",\"urlTemplate\":\"https:\\\/\\\/www.norn.is\\\/eva\\\/?s={search_term_string}\"},\"query-input\":{\"@type\":\"PropertyValueSpecification\",\"valueRequired\":true,\"valueName\":\"search_term_string\"}}],\"inLanguage\":\"is\"},{\"@type\":\"Person\",\"@id\":\"https:\\\/\\\/www.norn.is\\\/eva\\\/#\\\/schema\\\/person\\\/1d9742389918a297671033a2b53d3d34\",\"name\":\"Eva Hauksd\u00f3ttir\",\"image\":{\"@type\":\"ImageObject\",\"inLanguage\":\"is\",\"@id\":\"https:\\\/\\\/secure.gravatar.com\\\/avatar\\\/3690cd9ff7436a8a5d80acdc8fcb1046fbb9e002d4b532c85080d1bcbede84ce?s=96&d=mm&r=g\",\"url\":\"https:\\\/\\\/secure.gravatar.com\\\/avatar\\\/3690cd9ff7436a8a5d80acdc8fcb1046fbb9e002d4b532c85080d1bcbede84ce?s=96&d=mm&r=g\",\"contentUrl\":\"https:\\\/\\\/secure.gravatar.com\\\/avatar\\\/3690cd9ff7436a8a5d80acdc8fcb1046fbb9e002d4b532c85080d1bcbede84ce?s=96&d=mm&r=g\",\"caption\":\"Eva Hauksd\u00f3ttir\"},\"url\":\"https:\\\/\\\/www.norn.is\\\/eva\\\/author\\\/evahauks\\\/\"}]}<\/script>\n<!-- \/ Yoast SEO plugin. -->","yoast_head_json":{"title":"Afi d\u00e1l\u00edti\u00f0 utan vi\u00f0 sig - Eva Hauksd\u00f3ttir","robots":{"index":"index","follow":"follow","max-snippet":"max-snippet:-1","max-image-preview":"max-image-preview:large","max-video-preview":"max-video-preview:-1"},"canonical":"https:\/\/www.norn.is\/eva\/2013\/03\/15\/afi-dalitid-utan-vid-sig\/","og_locale":"is_IS","og_type":"article","og_title":"Afi d\u00e1l\u00edti\u00f0 utan vi\u00f0 sig - Eva Hauksd\u00f3ttir","og_description":"Afi J\u00f3i gat aldrei muna\u00f0 a\u00f0 Beggi br\u00f3\u00f0ir minn h\u00e9ti Gu\u00f0bj\u00f6rn. Hann kalla\u00f0i hann alltaf Berg. \u00dea\u00f0 var kannski nett pirrandi fyrir Begga en ekkert st\u00f3rm\u00e1l. Einu sinni var\u00f0 gleymska afa J\u00f3a \u00e1 n\u00f6fn \u00fe\u00f3 frekar ney\u00f0arleg. Lena hefur l\u00edklega veri\u00f0 svona 9-10 \u00e1ra. H\u00fan gisti hj\u00e1 Afa og \u00d6mmu yfir helgi og Afi t\u00f3k [&hellip;]","og_url":"https:\/\/www.norn.is\/eva\/2013\/03\/15\/afi-dalitid-utan-vid-sig\/","og_site_name":"Eva Hauksd\u00f3ttir","article_published_time":"2013-03-15T18:26:10+00:00","article_modified_time":"2020-07-12T18:49:32+00:00","og_image":[{"width":925,"height":458,"url":"https:\/\/www.norn.is\/eva\/wp-content\/uploads\/sites\/36\/2013\/03\/gar\u00f0atorg.jpg","type":"image\/jpeg"}],"author":"Eva Hauksd\u00f3ttir","twitter_card":"summary_large_image","twitter_misc":{"Written by":false,"Est. reading time":"1 minute"},"schema":{"@context":"https:\/\/schema.org","@graph":[{"@type":"Article","@id":"https:\/\/www.norn.is\/eva\/2013\/03\/15\/afi-dalitid-utan-vid-sig\/#article","isPartOf":{"@id":"https:\/\/www.norn.is\/eva\/2013\/03\/15\/afi-dalitid-utan-vid-sig\/"},"author":{"name":"Eva Hauksd\u00f3ttir","@id":"https:\/\/www.norn.is\/eva\/#\/schema\/person\/1d9742389918a297671033a2b53d3d34"},"headline":"Afi d\u00e1l\u00edti\u00f0 utan vi\u00f0 sig","datePublished":"2013-03-15T18:26:10+00:00","dateModified":"2020-07-12T18:49:32+00:00","mainEntityOfPage":{"@id":"https:\/\/www.norn.is\/eva\/2013\/03\/15\/afi-dalitid-utan-vid-sig\/"},"wordCount":166,"image":{"@id":"https:\/\/www.norn.is\/eva\/2013\/03\/15\/afi-dalitid-utan-vid-sig\/#primaryimage"},"thumbnailUrl":"https:\/\/www.norn.is\/eva\/wp-content\/uploads\/sites\/36\/2013\/03\/gar\u00f0atorg.jpg","keywords":["Afi J\u00f3i","Amma Hulla"],"articleSection":["Endurminningar"],"inLanguage":"is"},{"@type":"WebPage","@id":"https:\/\/www.norn.is\/eva\/2013\/03\/15\/afi-dalitid-utan-vid-sig\/","url":"https:\/\/www.norn.is\/eva\/2013\/03\/15\/afi-dalitid-utan-vid-sig\/","name":"Afi d\u00e1l\u00edti\u00f0 utan vi\u00f0 sig - Eva Hauksd\u00f3ttir","isPartOf":{"@id":"https:\/\/www.norn.is\/eva\/#website"},"primaryImageOfPage":{"@id":"https:\/\/www.norn.is\/eva\/2013\/03\/15\/afi-dalitid-utan-vid-sig\/#primaryimage"},"image":{"@id":"https:\/\/www.norn.is\/eva\/2013\/03\/15\/afi-dalitid-utan-vid-sig\/#primaryimage"},"thumbnailUrl":"https:\/\/www.norn.is\/eva\/wp-content\/uploads\/sites\/36\/2013\/03\/gar\u00f0atorg.jpg","datePublished":"2013-03-15T18:26:10+00:00","dateModified":"2020-07-12T18:49:32+00:00","author":{"@id":"https:\/\/www.norn.is\/eva\/#\/schema\/person\/1d9742389918a297671033a2b53d3d34"},"breadcrumb":{"@id":"https:\/\/www.norn.is\/eva\/2013\/03\/15\/afi-dalitid-utan-vid-sig\/#breadcrumb"},"inLanguage":"is","potentialAction":[{"@type":"ReadAction","target":["https:\/\/www.norn.is\/eva\/2013\/03\/15\/afi-dalitid-utan-vid-sig\/"]}]},{"@type":"ImageObject","inLanguage":"is","@id":"https:\/\/www.norn.is\/eva\/2013\/03\/15\/afi-dalitid-utan-vid-sig\/#primaryimage","url":"https:\/\/www.norn.is\/eva\/wp-content\/uploads\/sites\/36\/2013\/03\/gar\u00f0atorg.jpg","contentUrl":"https:\/\/www.norn.is\/eva\/wp-content\/uploads\/sites\/36\/2013\/03\/gar\u00f0atorg.jpg","width":925,"height":458},{"@type":"BreadcrumbList","@id":"https:\/\/www.norn.is\/eva\/2013\/03\/15\/afi-dalitid-utan-vid-sig\/#breadcrumb","itemListElement":[{"@type":"ListItem","position":1,"name":"Home","item":"https:\/\/www.norn.is\/eva\/"},{"@type":"ListItem","position":2,"name":"Afi d\u00e1l\u00edti\u00f0 utan vi\u00f0 sig"}]},{"@type":"WebSite","@id":"https:\/\/www.norn.is\/eva\/#website","url":"https:\/\/www.norn.is\/eva\/","name":"Eva Hauksd\u00f3ttir","description":"Evu blogg","potentialAction":[{"@type":"SearchAction","target":{"@type":"EntryPoint","urlTemplate":"https:\/\/www.norn.is\/eva\/?s={search_term_string}"},"query-input":{"@type":"PropertyValueSpecification","valueRequired":true,"valueName":"search_term_string"}}],"inLanguage":"is"},{"@type":"Person","@id":"https:\/\/www.norn.is\/eva\/#\/schema\/person\/1d9742389918a297671033a2b53d3d34","name":"Eva Hauksd\u00f3ttir","image":{"@type":"ImageObject","inLanguage":"is","@id":"https:\/\/secure.gravatar.com\/avatar\/3690cd9ff7436a8a5d80acdc8fcb1046fbb9e002d4b532c85080d1bcbede84ce?s=96&d=mm&r=g","url":"https:\/\/secure.gravatar.com\/avatar\/3690cd9ff7436a8a5d80acdc8fcb1046fbb9e002d4b532c85080d1bcbede84ce?s=96&d=mm&r=g","contentUrl":"https:\/\/secure.gravatar.com\/avatar\/3690cd9ff7436a8a5d80acdc8fcb1046fbb9e002d4b532c85080d1bcbede84ce?s=96&d=mm&r=g","caption":"Eva Hauksd\u00f3ttir"},"url":"https:\/\/www.norn.is\/eva\/author\/evahauks\/"}]}},"_links":{"self":[{"href":"https:\/\/www.norn.is\/eva\/wp-json\/wp\/v2\/posts\/1834","targetHints":{"allow":["GET"]}}],"collection":[{"href":"https:\/\/www.norn.is\/eva\/wp-json\/wp\/v2\/posts"}],"about":[{"href":"https:\/\/www.norn.is\/eva\/wp-json\/wp\/v2\/types\/post"}],"author":[{"embeddable":true,"href":"https:\/\/www.norn.is\/eva\/wp-json\/wp\/v2\/users\/7"}],"replies":[{"embeddable":true,"href":"https:\/\/www.norn.is\/eva\/wp-json\/wp\/v2\/comments?post=1834"}],"version-history":[{"count":1,"href":"https:\/\/www.norn.is\/eva\/wp-json\/wp\/v2\/posts\/1834\/revisions"}],"predecessor-version":[{"id":1835,"href":"https:\/\/www.norn.is\/eva\/wp-json\/wp\/v2\/posts\/1834\/revisions\/1835"}],"wp:featuredmedia":[{"embeddable":true,"href":"https:\/\/www.norn.is\/eva\/wp-json\/wp\/v2\/media\/1836"}],"wp:attachment":[{"href":"https:\/\/www.norn.is\/eva\/wp-json\/wp\/v2\/media?parent=1834"}],"wp:term":[{"taxonomy":"category","embeddable":true,"href":"https:\/\/www.norn.is\/eva\/wp-json\/wp\/v2\/categories?post=1834"},{"taxonomy":"post_tag","embeddable":true,"href":"https:\/\/www.norn.is\/eva\/wp-json\/wp\/v2\/tags?post=1834"}],"curies":[{"name":"wp","href":"https:\/\/api.w.org\/{rel}","templated":true}]}}