{"id":1830,"date":"2013-05-16T18:08:00","date_gmt":"2013-05-16T18:08:00","guid":{"rendered":"http:\/\/www.norn.is\/eva\/?p=1830"},"modified":"2020-07-12T18:25:06","modified_gmt":"2020-07-12T18:25:06","slug":"thad-var-bara-ekkert-haegt-ad-hafa-thetta-svona","status":"publish","type":"post","link":"https:\/\/www.norn.is\/eva\/2013\/05\/16\/thad-var-bara-ekkert-haegt-ad-hafa-thetta-svona\/","title":{"rendered":"\u00dea\u00f0 var bara ekkert h\u00e6gt a\u00f0 hafa \u00feetta svona!"},"content":{"rendered":"\n<p>\u00c9g giftist Hilmari 18 \u00e1ra og \u00f3l\u00e9tt. Fyrsta heimili\u00f0 okkar var \u00ed vesturb\u00e6 Hafnarfjar\u00f0ar en \u00feegar Haukur f\u00e6ddist fluttum vi\u00f0 \u00ed g\u00f6t\u00f3ttan hjall vi\u00f0 L\u00e6kinn. Hann h\u00e9t Brautarholt og var rifinn fyrir m\u00f6rgum \u00e1rum. \u00deegar vi\u00f0 fluttum inn haf\u00f0i h\u00fasi\u00f0 \u00feegar veri\u00f0 \u00farskur\u00f0a\u00f0 \u00f3\u00edb\u00fa\u00f0arh\u00e6ft og d\u00e6mt til ni\u00f0urrifs en \u00fear sem eigandi ne\u00f0ri h\u00e6\u00f0arinnar, f\u00e1t\u00e6k, einst\u00e6\u00f0 m\u00f3\u00f0ir me\u00f0 bein \u00ed nefinu, har\u00f0neita\u00f0i a\u00f0 flytja nema b\u00e6rinn \u00fatvega\u00f0i henni \u00edb\u00fa\u00f0 sem h\u00fan r\u00e9\u00f0i vi\u00f0 a\u00f0 borga af, var\u00f0 ekkert af framkv\u00e6mdum \u00ed nokkur \u00e1r.<\/p>\n\n\n\n<p>G\u00f3lfd\u00fakurinn \u00e1 eldh\u00fasinu var morkinn af elli. Stofulofti\u00f0 lak \u00ed rigningu og h\u00e1lmurinn h\u00e9kk \u00fat \u00far veggjum \u00ed svefnherberginu. Hef\u00f0i l\u00edti\u00f0 \u00feurft til a\u00f0 kvikna\u00f0i \u00ed og \u00e9g \u00feor\u00f0i varla a\u00f0 kveikja \u00e1 kerti. F\u00fakkalykt \u00ed fatask\u00e1punum, p\u00f6ddur \u00ed eldh\u00fasssk\u00e1punum og silfurskottur \u00e1 ba\u00f0inu. \u00devottah\u00fasi\u00f0 var \u00ed kjallaranum og \u00e9g var svo hr\u00e6dd vi\u00f0 rottur a\u00f0 \u00e9g f\u00f3r aldrei \u00feanga\u00f0 ni\u00f0ur nema taka kisa minn me\u00f0 m\u00e9r. Hann var a\u00f0 v\u00edsu l\u00edti\u00f0 st\u00e6rri en rotta en \u00fea\u00f0 var t\u00f6ggur \u00ed honum. \u00c9g haf\u00f0i sj\u00e1lf horft \u00e1 hann henda miklu st\u00e6rri ketti \u00fat \u00ed l\u00e6kinn og setjast svo ni\u00f0ur \u00e1 bakkanum og sleikja punginn \u00e1 s\u00e9r \u00ed mestu makindum \u00e1 me\u00f0an \u00e9g hj\u00e1lpa\u00f0i vi\u00f0fangi \u00e1r\u00e1sargirni hans upp \u00far l\u00e6knum vi\u00f0 illan leik. Kom heim kl\u00f3ru\u00f0 og bitin en Natan lj\u00f3nak\u00f6ttur vorkenndi m\u00e9r ekkert.<\/p>\n\n\n\n<p>Svefnherbergisglugginn sneri \u00fat a\u00f0 L\u00e6kjarsk\u00f3la. Vi\u00f0 \u00e1ttum ekki mikla peninga \u2013 e\u00f0a eiginlega enga, og eitt af \u00fev\u00ed sem ekki lenti \u00e1 forgangslista voru gluggatj\u00f6ld. Vi\u00f0 bjuggum \u00e1 annarri h\u00e6\u00f0. Gleri\u00f0 var sk\u00fdja\u00f0, n\u00e6sta h\u00fas var sk\u00f3linn handan tjarnarinnar, \u00fear var enginn \u00e1 kv\u00f6ldin, fjarl\u00e6g\u00f0in of mikil til a\u00f0 s\u00e6ist neitt a\u00f0 r\u00e1\u00f0i, hva\u00f0 \u00fe\u00e1 ef lj\u00f3s voru sl\u00f6kkt og vi\u00f0 vorum ekkert a\u00f0 str\u00edplast fyrir framan gluggann hvort sem var.<\/p>\n\n\n\n<div class=\"wp-block-image\"><figure class=\"alignright size-large\"><img loading=\"lazy\" decoding=\"async\" width=\"190\" height=\"237\" src=\"http:\/\/www.norn.is\/eva\/wp-content\/uploads\/sites\/36\/2020\/07\/hugsu\u00f0ur.png\" alt=\"\" class=\"wp-image-1831\"\/><\/figure><\/div>\n\n\n\n<p>\u00c9g haf\u00f0i engar \u00e1hyggjur af \u00feessu gard\u00ednuleysi en \u00fea\u00f0 lag\u00f0ist hinsvegar \u00e1 s\u00e1lina \u00ed henni \u00d6mmu Hullu. H\u00fan var st\u00f6\u00f0ugt a\u00f0 bj\u00f3\u00f0a m\u00e9r gamlar gard\u00ednur sem h\u00fan haf\u00f0i nota\u00f0 20 \u00e1rum fyrr, teki\u00f0 ni\u00f0ur (af skiljanlegri \u00e1st\u00e6\u00f0um en \u00feeim sem ur\u00f0u \u00feess valdandi a\u00f0 h\u00fan setti \u00fe\u00e6r upp) en ekki t\u00edmt a\u00f0 losa sig vi\u00f0, svo h\u00fan safna\u00f0i \u00feeim \u00ed fer\u00f0at\u00f6sku \u00ed von um a\u00f0 vi\u00f0 systurnar myndum nota \u00fe\u00e6r s\u00ed\u00f0ar.<\/p>\n\n\n\n<p>Heimili\u00f0 mitt var samsafn af d\u00f3ti sem a\u00f0rir vildu ekki. Appels\u00ednugulur s\u00f3fi \u00ed stofunni. \u00c9g hata\u00f0i hann. Hilmar \u00e1tti IKEA-bor\u00f0; glerbor\u00f0 me\u00f0 kr\u00f3ma\u00f0ri grind. \u00dea\u00f0 var eina h\u00fasgagni\u00f0 sem vi\u00f0 \u00e1ttum sem n\u00e1lga\u00f0ist \u00fea\u00f0 a\u00f0 vera m\u00f3\u00f0ins en auk \u00feess h\u00f6f\u00f0um vi\u00f0 fengi\u00f0 IKEA standlampa og tv\u00f6 klappst\u00f3la \u00ed br\u00fa\u00f0kaupsgj\u00f6f. Plani\u00f0 var a\u00f0 \u00edkea heimili\u00f0 upp sm\u00e1m saman&nbsp; og \u00ed \u00f6rv\u00e6ntingarfullri tilraun til a\u00f0 skapa einhverskonar samr\u00e6mi t\u00f3k \u00e9g alla skrautmunina \u00far g\u00f6mlu barnaherbergjunum okkar Hilmars og \u00fa\u00f0a\u00f0i \u00fe\u00e1 me\u00f0 silfurlitu lakki. Andartak hvarfla\u00f0i a\u00f0 m\u00e9r a\u00f0 Hilmari \u00fe\u00e6tti illa fari\u00f0 me\u00f0 Hugsu\u00f0inn, sem hann haf\u00f0i l\u00edklega fengi\u00f0 \u00ed fermingargj\u00f6f en honum fannst \u00feetta bara fyndi\u00f0. Sag\u00f0ist alltaf hafa langa\u00f0 til a\u00f0 skella kl\u00f3setti undir karlinn. Amma Hulla var\u00f0 ekki eins hrifin. Jeminn, \u00e9g veit ekki hvert h\u00fan \u00e6tla\u00f0i \u00feegar h\u00fan s\u00e1 me\u00f0fer\u00f0 m\u00edna \u00e1 \u00feessu listaverki. L\u00f6ngu seinna s\u00e1 \u00e9g Hugsu\u00f0inn steyptan \u00ed \u00e1l. \u00dea\u00f0 fannst m\u00e9r einkar vi\u00f0eigandi.<\/p>\n\n\n\n<p>\u00deannig leit heimili\u00f0 \u00fat: Appels\u00ednugulur s\u00f3fi, veglegur h\u00e6gindast\u00f3ll me\u00f0 rau\u00f0u pluss\u00e1kl\u00e6\u00f0i, hansahillur, k\u00f6rfust\u00f3ll og basthilla, sk\u00f3lab\u00e6kur, lj\u00f3\u00f0ab\u00e6kur og postul\u00ednsbr\u00fa\u00f0ur \u00ed p\u00edfukj\u00f3lum \u00ed bland vi\u00f0 IKEA-kr\u00f3m-og-gler og silfurlitar styttur. M\u00e9r fannst ekki \u00e1 \u00f3skapna\u00f0inn b\u00e6tandi me\u00f0 gluggatj\u00f6ldum fr\u00e1 7. \u00e1ratugnum.<\/p>\n\n\n\n<p>Eitt kv\u00f6ldi\u00f0 f\u00f3rum vi\u00f0 Hilmar \u00ed b\u00ed\u00f3. Hulla litla systir m\u00edn g\u00e6tti Hauks \u00e1 me\u00f0an. \u00c9g held a\u00f0 vi\u00f0 h\u00f6fum s\u00e9\u00f0 \u00fe\u00fdsku myndina Otto. Allavega einhverja mj\u00f6g skemmtilega mynd \u00fev\u00ed vi\u00f0 vorum enn\u00fe\u00e1 a\u00f0 bresta \u00ed hl\u00e1tur \u00feegar vi\u00f0 komum heim. Hulla var d\u00e1l\u00edti\u00f0 vandr\u00e6\u00f0aleg \u00feegar vi\u00f0 komum inn. Amma Hulla haf\u00f0i nefnilega vita\u00f0 a\u00f0 vi\u00f0 vorum a\u00f0 fara \u00fat. H\u00fan haf\u00f0i komi\u00f0 ste\u00f0jandi me\u00f0 Afa J\u00f3a, verkf\u00e6rasett, gard\u00ednust\u00f6ng og d\u00fdrgrip \u00far gard\u00ednut\u00f6skunni g\u00f3\u00f0u og stj\u00f3rna\u00f0 b\u00e6\u00f0i Afa og Hullu af alkunnri r\u00f6ggsemi sinni.<\/p>\n\n\n\n<p>Fyrir glugganum \u00ed svefnherberginu h\u00e9ngu n\u00fa gard\u00ednur. \u00de\u00e6r voru \u00far h\u00e1glansandi lj\u00f3sgr\u00e6nbl\u00e1u efni, me\u00f0 sk\u00e6rfj\u00f3lubl\u00e1um bl\u00f3mum \u00e1 st\u00e6r\u00f0 vi\u00f0 botninn \u00e1 sk\u00faringaf\u00f6tunni.<\/p>\n\n\n\n<p>\u00c9g hringdi \u00ed \u00d6mmu Hullu.<br>\u2013&nbsp;<em>Amma m\u00edn, \u00e9g veit a\u00f0 \u00feetta er vel meint en \u00e9g var eiginlega b\u00fain a\u00f0 af\u00feakka \u00feessar gard\u00ednur. Og \u00e9g er sko eiginlega fullor\u00f0in. \u00c9g er gift \u00fe\u00fa veist. Og \u00e9g \u00e1 barn. Finnst \u00fe\u00e9r bara allt \u00ed lagi a\u00f0 koma heim til m\u00edn \u00feegar \u00fe\u00fa veist a\u00f0 \u00e9g er ekki heima og setja upp gluggatj\u00f6ld sem \u00fe\u00fa veist a\u00f0 \u00e9g vil ekki?<br><\/em><br>\u2013<em>Ja, \u00fea\u00f0 var bara ekkert h\u00e6gt a\u00f0 hafa \u00feetta svona<\/em>, sag\u00f0i h\u00fan.<br><em>-\u00de\u00fa venst \u00feessu strax<\/em>, b\u00e6tti h\u00fan vi\u00f0.<\/p>\n","protected":false},"excerpt":{"rendered":"<p>\u00c9g giftist Hilmari 18 \u00e1ra og \u00f3l\u00e9tt. Fyrsta heimili\u00f0 okkar var \u00ed vesturb\u00e6 Hafnarfjar\u00f0ar en \u00feegar Haukur f\u00e6ddist fluttum vi\u00f0 \u00ed g\u00f6t\u00f3ttan hjall vi\u00f0 L\u00e6kinn. Hann h\u00e9t Brautarholt og var rifinn fyrir m\u00f6rgum \u00e1rum. \u00deegar vi\u00f0 fluttum inn haf\u00f0i h\u00fasi\u00f0 \u00feegar veri\u00f0 \u00farskur\u00f0a\u00f0 \u00f3\u00edb\u00fa\u00f0arh\u00e6ft og d\u00e6mt til ni\u00f0urrifs en \u00fear sem eigandi ne\u00f0ri h\u00e6\u00f0arinnar, f\u00e1t\u00e6k, [&hellip;]<\/p>\n","protected":false},"author":7,"featured_media":1833,"comment_status":"closed","ping_status":"open","sticky":false,"template":"","format":"standard","meta":{"_et_pb_use_builder":"off","_et_pb_old_content":"","_et_gb_content_width":"","footnotes":""},"categories":[241],"tags":[351,354],"class_list":["post-1830","post","type-post","status-publish","format-standard","has-post-thumbnail","hentry","category-endurminningar","tag-amma-hulla","tag-gardinur","et-has-post-format-content","et_post_format-et-post-format-standard"],"yoast_head":"<!-- This site is optimized with the Yoast SEO plugin v27.5 - https:\/\/yoast.com\/product\/yoast-seo-wordpress\/ -->\n<title>\u00dea\u00f0 var bara ekkert h\u00e6gt a\u00f0 hafa \u00feetta svona! - Eva Hauksd\u00f3ttir<\/title>\n<meta name=\"robots\" content=\"index, follow, max-snippet:-1, max-image-preview:large, max-video-preview:-1\" \/>\n<link rel=\"canonical\" href=\"https:\/\/www.norn.is\/eva\/2013\/05\/16\/thad-var-bara-ekkert-haegt-ad-hafa-thetta-svona\/\" \/>\n<meta property=\"og:locale\" content=\"is_IS\" \/>\n<meta property=\"og:type\" content=\"article\" \/>\n<meta property=\"og:title\" content=\"\u00dea\u00f0 var bara ekkert h\u00e6gt a\u00f0 hafa \u00feetta svona! - Eva Hauksd\u00f3ttir\" \/>\n<meta property=\"og:description\" content=\"\u00c9g giftist Hilmari 18 \u00e1ra og \u00f3l\u00e9tt. Fyrsta heimili\u00f0 okkar var \u00ed vesturb\u00e6 Hafnarfjar\u00f0ar en \u00feegar Haukur f\u00e6ddist fluttum vi\u00f0 \u00ed g\u00f6t\u00f3ttan hjall vi\u00f0 L\u00e6kinn. Hann h\u00e9t Brautarholt og var rifinn fyrir m\u00f6rgum \u00e1rum. \u00deegar vi\u00f0 fluttum inn haf\u00f0i h\u00fasi\u00f0 \u00feegar veri\u00f0 \u00farskur\u00f0a\u00f0 \u00f3\u00edb\u00fa\u00f0arh\u00e6ft og d\u00e6mt til ni\u00f0urrifs en \u00fear sem eigandi ne\u00f0ri h\u00e6\u00f0arinnar, f\u00e1t\u00e6k, [&hellip;]\" \/>\n<meta property=\"og:url\" content=\"https:\/\/www.norn.is\/eva\/2013\/05\/16\/thad-var-bara-ekkert-haegt-ad-hafa-thetta-svona\/\" \/>\n<meta property=\"og:site_name\" content=\"Eva Hauksd\u00f3ttir\" \/>\n<meta property=\"article:published_time\" content=\"2013-05-16T18:08:00+00:00\" \/>\n<meta property=\"article:modified_time\" content=\"2020-07-12T18:25:06+00:00\" \/>\n<meta property=\"og:image\" content=\"https:\/\/www.norn.is\/eva\/wp-content\/uploads\/sites\/36\/2013\/05\/imgp5437.jpg\" \/>\n\t<meta property=\"og:image:width\" content=\"584\" \/>\n\t<meta property=\"og:image:height\" content=\"438\" \/>\n\t<meta property=\"og:image:type\" content=\"image\/jpeg\" \/>\n<meta name=\"author\" content=\"Eva Hauksd\u00f3ttir\" \/>\n<meta name=\"twitter:card\" content=\"summary_large_image\" \/>\n<meta name=\"twitter:label1\" content=\"Written by\" \/>\n\t<meta name=\"twitter:data1\" content=\"\" \/>\n\t<meta name=\"twitter:label2\" content=\"Est. reading time\" \/>\n\t<meta name=\"twitter:data2\" content=\"5 minutes\" \/>\n<script type=\"application\/ld+json\" class=\"yoast-schema-graph\">{\"@context\":\"https:\\\/\\\/schema.org\",\"@graph\":[{\"@type\":\"Article\",\"@id\":\"https:\\\/\\\/www.norn.is\\\/eva\\\/2013\\\/05\\\/16\\\/thad-var-bara-ekkert-haegt-ad-hafa-thetta-svona\\\/#article\",\"isPartOf\":{\"@id\":\"https:\\\/\\\/www.norn.is\\\/eva\\\/2013\\\/05\\\/16\\\/thad-var-bara-ekkert-haegt-ad-hafa-thetta-svona\\\/\"},\"author\":{\"name\":\"Eva Hauksd\u00f3ttir\",\"@id\":\"https:\\\/\\\/www.norn.is\\\/eva\\\/#\\\/schema\\\/person\\\/1d9742389918a297671033a2b53d3d34\"},\"headline\":\"\u00dea\u00f0 var bara ekkert h\u00e6gt a\u00f0 hafa \u00feetta svona!\",\"datePublished\":\"2013-05-16T18:08:00+00:00\",\"dateModified\":\"2020-07-12T18:25:06+00:00\",\"mainEntityOfPage\":{\"@id\":\"https:\\\/\\\/www.norn.is\\\/eva\\\/2013\\\/05\\\/16\\\/thad-var-bara-ekkert-haegt-ad-hafa-thetta-svona\\\/\"},\"wordCount\":913,\"image\":{\"@id\":\"https:\\\/\\\/www.norn.is\\\/eva\\\/2013\\\/05\\\/16\\\/thad-var-bara-ekkert-haegt-ad-hafa-thetta-svona\\\/#primaryimage\"},\"thumbnailUrl\":\"https:\\\/\\\/www.norn.is\\\/eva\\\/wp-content\\\/uploads\\\/sites\\\/36\\\/2013\\\/05\\\/imgp5437.jpg\",\"keywords\":[\"Amma Hulla\",\"gard\u00ednur\"],\"articleSection\":[\"Endurminningar\"],\"inLanguage\":\"is\"},{\"@type\":\"WebPage\",\"@id\":\"https:\\\/\\\/www.norn.is\\\/eva\\\/2013\\\/05\\\/16\\\/thad-var-bara-ekkert-haegt-ad-hafa-thetta-svona\\\/\",\"url\":\"https:\\\/\\\/www.norn.is\\\/eva\\\/2013\\\/05\\\/16\\\/thad-var-bara-ekkert-haegt-ad-hafa-thetta-svona\\\/\",\"name\":\"\u00dea\u00f0 var bara ekkert h\u00e6gt a\u00f0 hafa \u00feetta svona! - Eva Hauksd\u00f3ttir\",\"isPartOf\":{\"@id\":\"https:\\\/\\\/www.norn.is\\\/eva\\\/#website\"},\"primaryImageOfPage\":{\"@id\":\"https:\\\/\\\/www.norn.is\\\/eva\\\/2013\\\/05\\\/16\\\/thad-var-bara-ekkert-haegt-ad-hafa-thetta-svona\\\/#primaryimage\"},\"image\":{\"@id\":\"https:\\\/\\\/www.norn.is\\\/eva\\\/2013\\\/05\\\/16\\\/thad-var-bara-ekkert-haegt-ad-hafa-thetta-svona\\\/#primaryimage\"},\"thumbnailUrl\":\"https:\\\/\\\/www.norn.is\\\/eva\\\/wp-content\\\/uploads\\\/sites\\\/36\\\/2013\\\/05\\\/imgp5437.jpg\",\"datePublished\":\"2013-05-16T18:08:00+00:00\",\"dateModified\":\"2020-07-12T18:25:06+00:00\",\"author\":{\"@id\":\"https:\\\/\\\/www.norn.is\\\/eva\\\/#\\\/schema\\\/person\\\/1d9742389918a297671033a2b53d3d34\"},\"breadcrumb\":{\"@id\":\"https:\\\/\\\/www.norn.is\\\/eva\\\/2013\\\/05\\\/16\\\/thad-var-bara-ekkert-haegt-ad-hafa-thetta-svona\\\/#breadcrumb\"},\"inLanguage\":\"is\",\"potentialAction\":[{\"@type\":\"ReadAction\",\"target\":[\"https:\\\/\\\/www.norn.is\\\/eva\\\/2013\\\/05\\\/16\\\/thad-var-bara-ekkert-haegt-ad-hafa-thetta-svona\\\/\"]}]},{\"@type\":\"ImageObject\",\"inLanguage\":\"is\",\"@id\":\"https:\\\/\\\/www.norn.is\\\/eva\\\/2013\\\/05\\\/16\\\/thad-var-bara-ekkert-haegt-ad-hafa-thetta-svona\\\/#primaryimage\",\"url\":\"https:\\\/\\\/www.norn.is\\\/eva\\\/wp-content\\\/uploads\\\/sites\\\/36\\\/2013\\\/05\\\/imgp5437.jpg\",\"contentUrl\":\"https:\\\/\\\/www.norn.is\\\/eva\\\/wp-content\\\/uploads\\\/sites\\\/36\\\/2013\\\/05\\\/imgp5437.jpg\",\"width\":584,\"height\":438},{\"@type\":\"BreadcrumbList\",\"@id\":\"https:\\\/\\\/www.norn.is\\\/eva\\\/2013\\\/05\\\/16\\\/thad-var-bara-ekkert-haegt-ad-hafa-thetta-svona\\\/#breadcrumb\",\"itemListElement\":[{\"@type\":\"ListItem\",\"position\":1,\"name\":\"Home\",\"item\":\"https:\\\/\\\/www.norn.is\\\/eva\\\/\"},{\"@type\":\"ListItem\",\"position\":2,\"name\":\"\u00dea\u00f0 var bara ekkert h\u00e6gt a\u00f0 hafa \u00feetta svona!\"}]},{\"@type\":\"WebSite\",\"@id\":\"https:\\\/\\\/www.norn.is\\\/eva\\\/#website\",\"url\":\"https:\\\/\\\/www.norn.is\\\/eva\\\/\",\"name\":\"Eva Hauksd\u00f3ttir\",\"description\":\"Evu blogg\",\"potentialAction\":[{\"@type\":\"SearchAction\",\"target\":{\"@type\":\"EntryPoint\",\"urlTemplate\":\"https:\\\/\\\/www.norn.is\\\/eva\\\/?s={search_term_string}\"},\"query-input\":{\"@type\":\"PropertyValueSpecification\",\"valueRequired\":true,\"valueName\":\"search_term_string\"}}],\"inLanguage\":\"is\"},{\"@type\":\"Person\",\"@id\":\"https:\\\/\\\/www.norn.is\\\/eva\\\/#\\\/schema\\\/person\\\/1d9742389918a297671033a2b53d3d34\",\"name\":\"Eva Hauksd\u00f3ttir\",\"image\":{\"@type\":\"ImageObject\",\"inLanguage\":\"is\",\"@id\":\"https:\\\/\\\/secure.gravatar.com\\\/avatar\\\/3690cd9ff7436a8a5d80acdc8fcb1046fbb9e002d4b532c85080d1bcbede84ce?s=96&d=mm&r=g\",\"url\":\"https:\\\/\\\/secure.gravatar.com\\\/avatar\\\/3690cd9ff7436a8a5d80acdc8fcb1046fbb9e002d4b532c85080d1bcbede84ce?s=96&d=mm&r=g\",\"contentUrl\":\"https:\\\/\\\/secure.gravatar.com\\\/avatar\\\/3690cd9ff7436a8a5d80acdc8fcb1046fbb9e002d4b532c85080d1bcbede84ce?s=96&d=mm&r=g\",\"caption\":\"Eva Hauksd\u00f3ttir\"},\"url\":\"https:\\\/\\\/www.norn.is\\\/eva\\\/author\\\/evahauks\\\/\"}]}<\/script>\n<!-- \/ Yoast SEO plugin. -->","yoast_head_json":{"title":"\u00dea\u00f0 var bara ekkert h\u00e6gt a\u00f0 hafa \u00feetta svona! - Eva Hauksd\u00f3ttir","robots":{"index":"index","follow":"follow","max-snippet":"max-snippet:-1","max-image-preview":"max-image-preview:large","max-video-preview":"max-video-preview:-1"},"canonical":"https:\/\/www.norn.is\/eva\/2013\/05\/16\/thad-var-bara-ekkert-haegt-ad-hafa-thetta-svona\/","og_locale":"is_IS","og_type":"article","og_title":"\u00dea\u00f0 var bara ekkert h\u00e6gt a\u00f0 hafa \u00feetta svona! - Eva Hauksd\u00f3ttir","og_description":"\u00c9g giftist Hilmari 18 \u00e1ra og \u00f3l\u00e9tt. Fyrsta heimili\u00f0 okkar var \u00ed vesturb\u00e6 Hafnarfjar\u00f0ar en \u00feegar Haukur f\u00e6ddist fluttum vi\u00f0 \u00ed g\u00f6t\u00f3ttan hjall vi\u00f0 L\u00e6kinn. Hann h\u00e9t Brautarholt og var rifinn fyrir m\u00f6rgum \u00e1rum. \u00deegar vi\u00f0 fluttum inn haf\u00f0i h\u00fasi\u00f0 \u00feegar veri\u00f0 \u00farskur\u00f0a\u00f0 \u00f3\u00edb\u00fa\u00f0arh\u00e6ft og d\u00e6mt til ni\u00f0urrifs en \u00fear sem eigandi ne\u00f0ri h\u00e6\u00f0arinnar, f\u00e1t\u00e6k, [&hellip;]","og_url":"https:\/\/www.norn.is\/eva\/2013\/05\/16\/thad-var-bara-ekkert-haegt-ad-hafa-thetta-svona\/","og_site_name":"Eva Hauksd\u00f3ttir","article_published_time":"2013-05-16T18:08:00+00:00","article_modified_time":"2020-07-12T18:25:06+00:00","og_image":[{"width":584,"height":438,"url":"https:\/\/www.norn.is\/eva\/wp-content\/uploads\/sites\/36\/2013\/05\/imgp5437.jpg","type":"image\/jpeg"}],"author":"Eva Hauksd\u00f3ttir","twitter_card":"summary_large_image","twitter_misc":{"Written by":false,"Est. reading time":"5 minutes"},"schema":{"@context":"https:\/\/schema.org","@graph":[{"@type":"Article","@id":"https:\/\/www.norn.is\/eva\/2013\/05\/16\/thad-var-bara-ekkert-haegt-ad-hafa-thetta-svona\/#article","isPartOf":{"@id":"https:\/\/www.norn.is\/eva\/2013\/05\/16\/thad-var-bara-ekkert-haegt-ad-hafa-thetta-svona\/"},"author":{"name":"Eva Hauksd\u00f3ttir","@id":"https:\/\/www.norn.is\/eva\/#\/schema\/person\/1d9742389918a297671033a2b53d3d34"},"headline":"\u00dea\u00f0 var bara ekkert h\u00e6gt a\u00f0 hafa \u00feetta svona!","datePublished":"2013-05-16T18:08:00+00:00","dateModified":"2020-07-12T18:25:06+00:00","mainEntityOfPage":{"@id":"https:\/\/www.norn.is\/eva\/2013\/05\/16\/thad-var-bara-ekkert-haegt-ad-hafa-thetta-svona\/"},"wordCount":913,"image":{"@id":"https:\/\/www.norn.is\/eva\/2013\/05\/16\/thad-var-bara-ekkert-haegt-ad-hafa-thetta-svona\/#primaryimage"},"thumbnailUrl":"https:\/\/www.norn.is\/eva\/wp-content\/uploads\/sites\/36\/2013\/05\/imgp5437.jpg","keywords":["Amma Hulla","gard\u00ednur"],"articleSection":["Endurminningar"],"inLanguage":"is"},{"@type":"WebPage","@id":"https:\/\/www.norn.is\/eva\/2013\/05\/16\/thad-var-bara-ekkert-haegt-ad-hafa-thetta-svona\/","url":"https:\/\/www.norn.is\/eva\/2013\/05\/16\/thad-var-bara-ekkert-haegt-ad-hafa-thetta-svona\/","name":"\u00dea\u00f0 var bara ekkert h\u00e6gt a\u00f0 hafa \u00feetta svona! - Eva Hauksd\u00f3ttir","isPartOf":{"@id":"https:\/\/www.norn.is\/eva\/#website"},"primaryImageOfPage":{"@id":"https:\/\/www.norn.is\/eva\/2013\/05\/16\/thad-var-bara-ekkert-haegt-ad-hafa-thetta-svona\/#primaryimage"},"image":{"@id":"https:\/\/www.norn.is\/eva\/2013\/05\/16\/thad-var-bara-ekkert-haegt-ad-hafa-thetta-svona\/#primaryimage"},"thumbnailUrl":"https:\/\/www.norn.is\/eva\/wp-content\/uploads\/sites\/36\/2013\/05\/imgp5437.jpg","datePublished":"2013-05-16T18:08:00+00:00","dateModified":"2020-07-12T18:25:06+00:00","author":{"@id":"https:\/\/www.norn.is\/eva\/#\/schema\/person\/1d9742389918a297671033a2b53d3d34"},"breadcrumb":{"@id":"https:\/\/www.norn.is\/eva\/2013\/05\/16\/thad-var-bara-ekkert-haegt-ad-hafa-thetta-svona\/#breadcrumb"},"inLanguage":"is","potentialAction":[{"@type":"ReadAction","target":["https:\/\/www.norn.is\/eva\/2013\/05\/16\/thad-var-bara-ekkert-haegt-ad-hafa-thetta-svona\/"]}]},{"@type":"ImageObject","inLanguage":"is","@id":"https:\/\/www.norn.is\/eva\/2013\/05\/16\/thad-var-bara-ekkert-haegt-ad-hafa-thetta-svona\/#primaryimage","url":"https:\/\/www.norn.is\/eva\/wp-content\/uploads\/sites\/36\/2013\/05\/imgp5437.jpg","contentUrl":"https:\/\/www.norn.is\/eva\/wp-content\/uploads\/sites\/36\/2013\/05\/imgp5437.jpg","width":584,"height":438},{"@type":"BreadcrumbList","@id":"https:\/\/www.norn.is\/eva\/2013\/05\/16\/thad-var-bara-ekkert-haegt-ad-hafa-thetta-svona\/#breadcrumb","itemListElement":[{"@type":"ListItem","position":1,"name":"Home","item":"https:\/\/www.norn.is\/eva\/"},{"@type":"ListItem","position":2,"name":"\u00dea\u00f0 var bara ekkert h\u00e6gt a\u00f0 hafa \u00feetta svona!"}]},{"@type":"WebSite","@id":"https:\/\/www.norn.is\/eva\/#website","url":"https:\/\/www.norn.is\/eva\/","name":"Eva Hauksd\u00f3ttir","description":"Evu blogg","potentialAction":[{"@type":"SearchAction","target":{"@type":"EntryPoint","urlTemplate":"https:\/\/www.norn.is\/eva\/?s={search_term_string}"},"query-input":{"@type":"PropertyValueSpecification","valueRequired":true,"valueName":"search_term_string"}}],"inLanguage":"is"},{"@type":"Person","@id":"https:\/\/www.norn.is\/eva\/#\/schema\/person\/1d9742389918a297671033a2b53d3d34","name":"Eva Hauksd\u00f3ttir","image":{"@type":"ImageObject","inLanguage":"is","@id":"https:\/\/secure.gravatar.com\/avatar\/3690cd9ff7436a8a5d80acdc8fcb1046fbb9e002d4b532c85080d1bcbede84ce?s=96&d=mm&r=g","url":"https:\/\/secure.gravatar.com\/avatar\/3690cd9ff7436a8a5d80acdc8fcb1046fbb9e002d4b532c85080d1bcbede84ce?s=96&d=mm&r=g","contentUrl":"https:\/\/secure.gravatar.com\/avatar\/3690cd9ff7436a8a5d80acdc8fcb1046fbb9e002d4b532c85080d1bcbede84ce?s=96&d=mm&r=g","caption":"Eva Hauksd\u00f3ttir"},"url":"https:\/\/www.norn.is\/eva\/author\/evahauks\/"}]}},"_links":{"self":[{"href":"https:\/\/www.norn.is\/eva\/wp-json\/wp\/v2\/posts\/1830","targetHints":{"allow":["GET"]}}],"collection":[{"href":"https:\/\/www.norn.is\/eva\/wp-json\/wp\/v2\/posts"}],"about":[{"href":"https:\/\/www.norn.is\/eva\/wp-json\/wp\/v2\/types\/post"}],"author":[{"embeddable":true,"href":"https:\/\/www.norn.is\/eva\/wp-json\/wp\/v2\/users\/7"}],"replies":[{"embeddable":true,"href":"https:\/\/www.norn.is\/eva\/wp-json\/wp\/v2\/comments?post=1830"}],"version-history":[{"count":1,"href":"https:\/\/www.norn.is\/eva\/wp-json\/wp\/v2\/posts\/1830\/revisions"}],"predecessor-version":[{"id":1832,"href":"https:\/\/www.norn.is\/eva\/wp-json\/wp\/v2\/posts\/1830\/revisions\/1832"}],"wp:featuredmedia":[{"embeddable":true,"href":"https:\/\/www.norn.is\/eva\/wp-json\/wp\/v2\/media\/1833"}],"wp:attachment":[{"href":"https:\/\/www.norn.is\/eva\/wp-json\/wp\/v2\/media?parent=1830"}],"wp:term":[{"taxonomy":"category","embeddable":true,"href":"https:\/\/www.norn.is\/eva\/wp-json\/wp\/v2\/categories?post=1830"},{"taxonomy":"post_tag","embeddable":true,"href":"https:\/\/www.norn.is\/eva\/wp-json\/wp\/v2\/tags?post=1830"}],"curies":[{"name":"wp","href":"https:\/\/api.w.org\/{rel}","templated":true}]}}