{"id":1453,"date":"2020-07-01T12:41:00","date_gmt":"2020-07-01T12:41:00","guid":{"rendered":"http:\/\/www.norn.is\/eva\/?p=1453"},"modified":"2025-11-20T13:51:00","modified_gmt":"2025-11-20T13:51:00","slug":"kynfaerabrottnam-og-rasismi","status":"publish","type":"post","link":"https:\/\/www.norn.is\/eva\/2020\/07\/01\/kynfaerabrottnam-og-rasismi\/","title":{"rendered":"Kynf\u00e6rabrottn\u00e1m og rasismi"},"content":{"rendered":"\n<p>Fyrstu vikuna \u00ed j\u00fan\u00ed greindu fj\u00f6lmi\u00f0lar fr\u00e1 \u00f3hugnanlegu sakam\u00e1li. Karlma\u00f0ur \u00ed Egyptalandi er gruna\u00f0ur um a\u00f0 hafa blekkt d\u00e6tur s\u00ednar \u00ferj\u00e1r til a\u00f0 undirgangast kynf\u00e6rabrottn\u00e1m. Hann mun hafa fengi\u00f0 \u00fe\u00e6r undir hn\u00edfinn me\u00f0 \u00fev\u00ed a\u00f0 segja \u00feeim a\u00f0 \u00fe\u00e6r v\u00e6ru a\u00f0 fara \u00ed b\u00f3lusetningu gegn k\u00f3r\u00f3nuveirunni. St\u00falkunum var svo gefi\u00f0 deyfilyf i \u00e6\u00f0 og a\u00f0ger\u00f0ir framdar \u00e1 \u00feeim \u00e1n \u00feess a\u00f0 \u00fe\u00e6r fengju nokku\u00f0 um \u00fea\u00f0 a\u00f0 segja e\u00f0a neinar uppl\u00fdsingar um \u00fea\u00f0 fyrr en eftir \u00e1. Upp komst um m\u00e1li\u00f0 \u00feegar m\u00f3\u00f0ir st\u00falknanna ger\u00f0i l\u00f6greglu a\u00f0vart eftir a\u00f0 st\u00falkurnar s\u00f6g\u00f0u henni fr\u00e1 \u00fev\u00ed hva\u00f0 fa\u00f0ir \u00feeirra hef\u00f0i gert \u00feeim, en \u00feau eru skilin.<\/p>\n\n\n\n<p>Kynf\u00e6rabrottn\u00e1m var gert refsivert \u00ed Egyptalandi \u00e1ri\u00f0 2016 en haf\u00f0i \u00fe\u00e1 veri\u00f0 banna\u00f0 \u00e1n vi\u00f0urlaga \u00ed \u00e1tta \u00e1r. L\u00e6knar sem fremja sl\u00edkar a\u00f0ger\u00f0ir eiga n\u00fa yfir h\u00f6f\u00f0i s\u00e9r allt a\u00f0 7 \u00e1ra fangelsi og refsiramminn fyrir a\u00f0 fara fram \u00e1 sl\u00edka a\u00f0ger\u00f0 er \u00ferj\u00fa \u00e1r. Enginn hefur \u00fe\u00f3 enn\u00fe\u00e1 veri\u00f0 sakfelldur \u00e1 grundvelli laganna og kvenr\u00e9ttindasamt\u00f6k \u00ed Egyptalandi segja a\u00f0 illa gangi a\u00f0 framfylgja banninu.<\/p>\n\n\n\n<p>Samkv\u00e6mt ranns\u00f3kn sem ger\u00f0 var \u00e1ri\u00f0 2016 haf\u00f0i kynf\u00e6rabrottn\u00e1m \u00fe\u00e1 veri\u00f0 frami\u00f0 \u00e1 87% egypskra kvenna \u00e1 aldrinum 15-49 \u00e1ra. Jafnt kristnir menn sem m\u00fasl\u00edmar \u00ed Egyptalandi halda \u00ed \u00feesssa hef\u00f0. Haft er eftir talsm\u00f6nnum kvenfrelsishreyfinga a\u00f0 vi\u00f0br\u00f6g\u00f0 yfirvalda vi\u00f0 m\u00e1li systranna veki von um a\u00f0 vi\u00f0horfin s\u00e9u a\u00f0 breytast. (Sj\u00e1 t.d. umfj\u00f6llun&nbsp;<a href=\"https:\/\/www.aljazeera.com\/news\/2020\/06\/details-china-national-security-law-hong-kong-unveiled-200630151906406.html\">Al Jazeera<\/a>)<\/p>\n\n\n\n<h2 class=\"wp-block-heading\">Einnig \u00ed Evr\u00f3pu<\/h2>\n\n\n\n<p>\u00cd dag eru 200 millj\u00f3nir st\u00falkna og kvenna \u00ed heiminum f\u00f3rnarl\u00f6mb kynf\u00e6rabrottn\u00e1ms. Langflestar eru skornar fyrir 15 \u00e1ra aldur og algengt er a\u00f0 a\u00f0ger\u00f0in s\u00e9 framin \u00e1\u00f0ur en barni\u00f0 n\u00e6r grunnsk\u00f3laaldri. Um allan heim berjast konur gegn umskur\u00f0i og kynf\u00e6rabrottn\u00e1mi kvenna en vandinn felst ekki s\u00edst \u00ed \u00fev\u00ed a\u00f0 st\u00f3r hluti f\u00f3rnarlambanna eru einnig \u00e1byrg fyrir \u00feessum vi\u00f0bj\u00f3\u00f0slega gl\u00e6p gagnvart d\u00e6trum s\u00ednum, fr\u00e6nkum og b\u00f6rnum n\u00e1granna.<\/p>\n\n\n\n<p><\/p>\n\n\n<div class=\"wp-block-image is-resized\">\n<figure class=\"aligncenter size-large\"><img loading=\"lazy\" decoding=\"async\" width=\"666\" height=\"553\" src=\"http:\/\/www.norn.is\/eva\/wp-content\/uploads\/sites\/36\/2020\/07\/fgm_road_sign_bakau_gambia_2005.jpg\" alt=\"\" class=\"wp-image-1456\" srcset=\"https:\/\/www.norn.is\/eva\/wp-content\/uploads\/sites\/36\/2020\/07\/fgm_road_sign_bakau_gambia_2005.jpg 666w, https:\/\/www.norn.is\/eva\/wp-content\/uploads\/sites\/36\/2020\/07\/fgm_road_sign_bakau_gambia_2005-300x249.jpg 300w\" sizes=\"auto, (max-width: 666px) 100vw, 666px\" \/><\/figure>\n<\/div>\n\n\n<p><\/p>\n\n\n\n<p>Og \u00fea\u00f0 er ekki a\u00f0eins \u00ed r\u00edkjum \u00fear sem kynf\u00e6rabrottn\u00e1m er tali\u00f0 sj\u00e1lfsagt sem \u00fea\u00f0 vi\u00f0gengst. Samkv\u00e6mt n\u00fd\u00fatkominni sk\u00fdrslu hefur konum sem hafa veri\u00f0 beittar \u00feessu ofbeldi fj\u00f6lga\u00f0 um 44% \u00ed \u00de\u00fdskalandi fr\u00e1 \u00e1rinu 2017. \u00c1st\u00e6\u00f0an fyrir \u00feessari aukingu er einkum fj\u00f6lgun innflytjenda fr\u00e1 sv\u00e6\u00f0um \u00fear sem kynf\u00e6rabrottn\u00e1m t\u00ed\u00f0kast. Um 68 \u00fe\u00fasund f\u00f3rnarl\u00f6mb \u00feessarar villimannslegu venju b\u00faa n\u00fa \u00ed \u00de\u00fdskalandi. (<a href=\"https:\/\/www.dw.com\/en\/female-genital-mutilation-report-shows-68000-victims-in-germany\/a-53937735\">Sj\u00e1 t.d. h\u00e9r<\/a>)<\/p>\n\n\n\n<p>\u00dea\u00f0 merkir ekki a\u00f0 68 \u00fe\u00fasund sl\u00edkar a\u00f0ger\u00f0ir hafi veri\u00f0 framdar \u00ed \u00de\u00fdskalandi. Vitaskuld koma margar konur til Evr\u00f3pu eftir a\u00f0 \u00fe\u00e6r eru skornar. Engu a\u00f0 s\u00ed\u00f0ur er t\u00f6luvert um a\u00f0 st\u00falkur sem hafa alist upp \u00ed Evr\u00f3pu s\u00e9u sendar til Mi\u00f0austurlanda e\u00f0a Afr\u00edku og sn\u00fai til baka skornar. Einnig eru d\u00e6mi um a\u00f0 \u00feessi sv\u00edvir\u00f0a fari fram \u00ed heimah\u00fasum \u00ed Evr\u00f3pu. \u00cd \u00de\u00fdskalandi einu saman er tali\u00f0 er a\u00f0 n\u00e6r 15 \u00fe\u00fasund st\u00falkna s\u00e9u \u00ed h\u00e6ttu.<\/p>\n\n\n\n<h2 class=\"wp-block-heading\">Ras\u00edsk r\u00e9ttl\u00e6ting<\/h2>\n\n\n\n<p>Fr\u00e9ttir sem \u00feessar eru vatn \u00e1 myllu rasista sem vilja hindra a\u00f0gang f\u00f3lks fr\u00e1 hinum f\u00e1t\u00e6kari sv\u00e6\u00f0um jar\u00f0ar a\u00f0 vestr\u00e6num r\u00edkjum. Ein r\u00f6kin fyrir mannfjandsamlegri innflytjendastefnu eru \u00feessi: \u201eVi\u00f0 viljum ekki innlei\u00f0a \u00feessa menningu h\u00e9r\u201c. \u00deeir hinir s\u00f6mu hafa au\u00f0vita\u00f0 engar \u00e1hyggjur af \u00fev\u00ed a\u00f0 \u00e1hrifavald innflytjenda s\u00e9 sl\u00edkt a\u00f0 h\u00e6tta s\u00e9 \u00e1 a\u00f0 \u00dej\u00f3\u00f0verjar, Bretar og Sv\u00edar taki upp \u00e1 \u00fev\u00ed a\u00f0 skera undan d\u00e6trum s\u00ednum. Vi\u00f0, \u00feessi si\u00f0menntu\u00f0u, viljum bara ekki a\u00f0 gl\u00e6pir sem \u00feessir s\u00e9u framdir innan okkar l\u00f6gs\u00f6gu \u2013 \u00feeir sem vilja mis\u00feyrma d\u00e6trum s\u00ednum geta gert \u00fea\u00f0 heima hj\u00e1 s\u00e9r.<\/p>\n\n\n<div class=\"wp-block-image\">\n<figure class=\"aligncenter size-large\"><img loading=\"lazy\" decoding=\"async\" width=\"1024\" height=\"768\" src=\"https:\/\/www.norn.is\/eva\/wp-content\/uploads\/sites\/36\/2020\/07\/2048px-EXAMPLES_OF_TRADITIONAL_KNIVES_USED_TO_CUT_FEMALE_GENITALS-1024x768.jpg\" alt=\"Myndin er af Wikimedia Commons\" class=\"wp-image-6984\" srcset=\"https:\/\/www.norn.is\/eva\/wp-content\/uploads\/sites\/36\/2020\/07\/2048px-EXAMPLES_OF_TRADITIONAL_KNIVES_USED_TO_CUT_FEMALE_GENITALS-1024x768.jpg 1024w, https:\/\/www.norn.is\/eva\/wp-content\/uploads\/sites\/36\/2020\/07\/2048px-EXAMPLES_OF_TRADITIONAL_KNIVES_USED_TO_CUT_FEMALE_GENITALS-300x225.jpg 300w, https:\/\/www.norn.is\/eva\/wp-content\/uploads\/sites\/36\/2020\/07\/2048px-EXAMPLES_OF_TRADITIONAL_KNIVES_USED_TO_CUT_FEMALE_GENITALS-768x576.jpg 768w, https:\/\/www.norn.is\/eva\/wp-content\/uploads\/sites\/36\/2020\/07\/2048px-EXAMPLES_OF_TRADITIONAL_KNIVES_USED_TO_CUT_FEMALE_GENITALS-1536x1152.jpg 1536w, https:\/\/www.norn.is\/eva\/wp-content\/uploads\/sites\/36\/2020\/07\/2048px-EXAMPLES_OF_TRADITIONAL_KNIVES_USED_TO_CUT_FEMALE_GENITALS-1080x810.jpg 1080w, https:\/\/www.norn.is\/eva\/wp-content\/uploads\/sites\/36\/2020\/07\/2048px-EXAMPLES_OF_TRADITIONAL_KNIVES_USED_TO_CUT_FEMALE_GENITALS.jpg 2048w\" sizes=\"auto, (max-width: 1024px) 100vw, 1024px\" \/><\/figure>\n<\/div>\n\n\n<p class=\"has-text-align-center\"><a href=\"https:\/\/commons.wikimedia.org\/wiki\/File:EXAMPLES_OF_TRADITIONAL_KNIVES_USED_TO_CUT_FEMALE_GENITALS.jpg\">Myndin er af Wikimedia Commons<\/a> <\/p>\n\n\n\n<p>Auglj\u00f3slega \u00e1 st\u00falka sem elst upp \u00ed Vestur Evr\u00f3pu meiri m\u00f6guleika \u00e1 a\u00f0 sleppa en s\u00fa sem elst upp \u00ed S\u00f3mal\u00edu e\u00f0a Ind\u00f3nes\u00edu. Kynf\u00e6rabrottn\u00e1m og a\u00f0rir gl\u00e6pir sprottnir \u00far menningu \u00fear sem almenn uppl\u00fdsing er \u00e1 steinaldarstigi eru mun frekar r\u00f6k me\u00f0 \u00fev\u00ed a\u00f0 taka \u00e1 m\u00f3ti innflytjendum en \u00e1 m\u00f3ti. Frelsi til a\u00f0 flytjast milli heimshluta felur vitaskuld ekki i s\u00e9r afsl\u00e1tt af skyldu til a\u00f0 hl\u00edta landsl\u00f6gum og \u00fea\u00f0 er enginn rasismi \u00ed \u00fev\u00ed f\u00f3lginn a\u00f0 skikka innflytjendur til a\u00f0 l\u00e6ra d\u00e1liti\u00f0 um menningarmun og landsl\u00f6g \u2013 \u00fea\u00f0 er \u00f6llu heldur sj\u00e1lfsag\u00f0ur \u00fe\u00e1ttur \u00ed \u00fev\u00ed a\u00f0 bj\u00f3\u00f0a f\u00f3lk velkomi\u00f0 inn \u00ed n\u00fdtt samf\u00e9lag a\u00f0 sj\u00e1 \u00fev\u00ed fyrir sl\u00edkri fr\u00e6\u00f0slu. R\u00e9tt vi\u00f0br\u00f6g\u00f0 vi\u00f0 gl\u00e6psamlegum hef\u00f0um eru ekki \u00feau a\u00f0 loka \u00e1 f\u00f3lk sem l\u00edklegt er til a\u00f0 vi\u00f0halda \u00feeim og ver\u00f0a fyrir \u00feeim, heldur eigum vi\u00f0 a\u00f0 s\u00fdna s\u00f6mu vi\u00f0br\u00f6g\u00f0 og vi\u00f0 \u00f6\u00f0rum gl\u00e6pum: Gera \u00fea\u00f0 sem h\u00e6gt er til a\u00f0 fyrirbyggja \u00fe\u00e1 og s\u00e6kja \u00fe\u00e1 til saka sem eiga \u00fe\u00e1tt \u00ed \u00feeim.<\/p>\n\n\n\n<p>R\u00f6kin \u201evi\u00f0 viljum ekki svona f\u00f3lk n\u00e1l\u00e6gt okkur\u201c byggja ekki \u00e1 and\u00fa\u00f0 \u00e1 gl\u00e6pum e\u00f0a sam\u00fa\u00f0 me\u00f0 b\u00f6rnum sem s\u00e6ta ofbeldi. Ef \u00fea\u00f0 v\u00e6ri velfer\u00f0 barna sem f\u00f3lk sem notar \u00feessa r\u00e9ttl\u00e6tingu hef\u00f0i \u00ed huga, \u00fe\u00e1 v\u00e6ri r\u00f6kr\u00e9ttara a\u00f0 segja \u201evi\u00f0 viljum endilega hafa \u00feetta f\u00f3lk n\u00e1l\u00e6gt okkur svo vi\u00f0 getum fylgst me\u00f0 \u00fev\u00ed og gripi\u00f0 inn \u00ed \u00e1\u00f0ur en \u00fea\u00f0 fremur vo\u00f0averk.\u201c Hugsunin vir\u00f0ist fremur vera s\u00fa a\u00f0 f\u00f3lk sem er l\u00edklegt til a\u00f0 ska\u00f0a b\u00f6rnin s\u00edn s\u00e9 vestr\u00e6nu samf\u00e9lagi \u00f3bo\u00f0legt. Hryllingurinn sem b\u00ed\u00f0ur st\u00falkubarna \u00ed l\u00f6ndum \u00fear sem \u00feessar a\u00f0ger\u00f0ir vi\u00f0gangast refsilaust vir\u00f0ist algert aukaatri\u00f0i. Vi\u00f0 erum \u00feannig ekki bara of g\u00f3\u00f0 fyrir \u00fe\u00e1 sem beita ofbeldi og k\u00fagun, heldur erum vi\u00f0 l\u00edka of merkileg fyrir \u00fe\u00e1 sem ver\u00f0a fyrir \u00fev\u00ed.<\/p>\n\n\n\n<h2 class=\"wp-block-heading\">Pr\u00f3fum a\u00f0 segja \u00fea\u00f0 upph\u00e1tt<\/h2>\n\n\n\n<p>St\u00f6ldrum a\u00f0eins vi\u00f0 og reynum a\u00f0 \u00e1tta okkur \u00e1 \u00feessu til fulls. Pr\u00f3fum svo a\u00f0 segja \u00fea\u00f0 upph\u00e1tt:<\/p>\n\n\n\n<blockquote class=\"wp-block-quote is-layout-flow wp-block-quote-is-layout-flow\">\n<p>St\u00falkubarn fr\u00e1 S\u00fadan e\u00f0a S\u00f3mal\u00edu ver\u00f0skuldar ekki vernd gegn menningu \u00fear sem kynf\u00e6rabrottn\u00e1m vi\u00f0gengst \u2013 af \u00fev\u00ed a\u00f0 si\u00f0fer\u00f0ilegir yfirbur\u00f0ir okkar eru svo st\u00f3rkostlegir a\u00f0 vi\u00f0 eigum ekki a\u00f0 \u00feurfa a\u00f0 \u00feola gl\u00e6pi innan okkar l\u00f6gs\u00f6gu.<\/p>\n<\/blockquote>\n\n\n\n<blockquote class=\"wp-block-quote is-layout-flow wp-block-quote-is-layout-flow\">\n<blockquote class=\"wp-block-quote is-layout-flow wp-block-quote-is-layout-flow\">\n<blockquote class=\"wp-block-quote is-style-default is-layout-flow wp-block-quote-is-layout-flow\"><\/blockquote>\n<\/blockquote>\n<\/blockquote>\n\n\n\n<figure class=\"wp-block-embed aligncenter is-type-video is-provider-youtube wp-block-embed-youtube wp-embed-aspect-16-9 wp-has-aspect-ratio\"><div class=\"wp-block-embed__wrapper\">\n<iframe loading=\"lazy\" title=\"FGM Survivor: Leyla Hussein&#039;s Story\" width=\"1080\" height=\"608\" src=\"https:\/\/www.youtube.com\/embed\/UKT1MX-RnmU?start=1&#038;feature=oembed\" frameborder=\"0\" allow=\"accelerometer; autoplay; clipboard-write; encrypted-media; gyroscope; picture-in-picture; web-share\" referrerpolicy=\"strict-origin-when-cross-origin\" allowfullscreen><\/iframe>\n<\/div><\/figure>\n\n\n\n<p><\/p>\n\n\n\n<h4 class=\"wp-block-heading has-text-color\" style=\"color:#dcbb4c\">\u00deessu tengt:<\/h4>\n\n\n<div class=\"vlp-link-container vlp-layout-basic wp-block-visual-link-preview-link\"><a href=\"https:\/\/www.norn.is\/eva\/2014\/06\/18\/umskurdur-kvenna-er-ekki-islamskur-sidur\/\" class=\"vlp-link\" title=\"Umskur\u00f0ur kvenna er ekki \u00edslamskur si\u00f0ur\"><\/a><div class=\"vlp-layout-zone-side\"><div class=\"vlp-block-2 vlp-link-image\"><img loading=\"lazy\" decoding=\"async\" style=\"max-width: 150px;\" width=\"150\" height=\"98\" src=\"https:\/\/www.norn.is\/eva\/wp-content\/uploads\/sites\/36\/2020\/07\/e58d1171-52ee-439f-bff7-9cae3d61d6e7-1024x667-1.jpg\" class=\"attachment-150x999 size-150x999\" alt=\"\" srcset=\"https:\/\/www.norn.is\/eva\/wp-content\/uploads\/sites\/36\/2020\/07\/e58d1171-52ee-439f-bff7-9cae3d61d6e7-1024x667-1.jpg 1024w, https:\/\/www.norn.is\/eva\/wp-content\/uploads\/sites\/36\/2020\/07\/e58d1171-52ee-439f-bff7-9cae3d61d6e7-1024x667-1-300x195.jpg 300w, https:\/\/www.norn.is\/eva\/wp-content\/uploads\/sites\/36\/2020\/07\/e58d1171-52ee-439f-bff7-9cae3d61d6e7-1024x667-1-768x500.jpg 768w\" sizes=\"auto, (max-width: 150px) 100vw, 150px\" \/><\/div><\/div><div class=\"vlp-layout-zone-main\"><div class=\"vlp-block-0 vlp-link-title\">Umskur\u00f0ur kvenna er ekki \u00edslamskur si\u00f0ur<\/div><div class=\"vlp-block-1 vlp-link-summary\">\u00cd umr\u00e6\u00f0unni um innflytjendur ber nokku\u00f0 \u00e1 \u00f3tta um a\u00f0 f\u00f3lk me\u00f0 annan menningarbakgrunn taki me\u00f0 s\u00e9r si\u00f0i sem samr\u00e6mast ekki hugmyndum vestr\u00e6nna \u00fej\u00f3\u00f0a um mannr\u00e9ttindi og sj\u00e1lfs\u00e1kv\u00f6r\u00f0unarr\u00e9tt. \u00cd \u00feessu sambandi eru m\u00fasl\u00edmar oft nefndir s\u00e9rstaklega og \u00fe\u00e1 ekki s\u00edst \u00feegar umskur\u00f0 kvenna og kynf\u00e6rabrottn\u00e1m ber \u00e1 g\u00f3ma. \u00c9g t\u00f3k Sverri Agnarsson, talsmann m\u00fasl\u00edma \u00e1 [&hellip;]<\/div><\/div><\/div>\n\n<div class=\"vlp-link-container vlp-layout-basic wp-block-visual-link-preview-link\"><a href=\"https:\/\/www.norn.is\/eva\/2020\/07\/01\/uighur-konur-i-kina-thvingadar-i-ofrjosemisadgerdir-og-fostureydingar\/\" class=\"vlp-link\" title=\"Uighur konur \u00cd K\u00edna \u00fevinga\u00f0ar \u00ed \u00f3frj\u00f3semisa\u00f0ger\u00f0ir og f\u00f3sturey\u00f0ingar\"><\/a><div class=\"vlp-layout-zone-side\"><div class=\"vlp-block-2 vlp-link-image\"><img loading=\"lazy\" decoding=\"async\" style=\"max-width: 150px;\" width=\"150\" height=\"98\" src=\"https:\/\/www.norn.is\/eva\/wp-content\/uploads\/sites\/36\/2020\/07\/Uighur-b\u00f6rn.jpg\" class=\"attachment-150x999 size-150x999\" alt=\"Uighur b\u00f6rn a\u00f0 leik \u00ed gamla b\u00e6num \u00ed Kashgar \u00ed China. (Mynd Sherpas 428, Flickr)\" srcset=\"https:\/\/www.norn.is\/eva\/wp-content\/uploads\/sites\/36\/2020\/07\/Uighur-b\u00f6rn.jpg 688w, https:\/\/www.norn.is\/eva\/wp-content\/uploads\/sites\/36\/2020\/07\/Uighur-b\u00f6rn-300x197.jpg 300w\" sizes=\"auto, (max-width: 150px) 100vw, 150px\" \/><\/div><\/div><div class=\"vlp-layout-zone-main\"><div class=\"vlp-block-0 vlp-link-title\">Uighur konur \u00cd K\u00edna \u00fevinga\u00f0ar \u00ed \u00f3frj\u00f3semisa\u00f0ger\u00f0ir og f\u00f3sturey\u00f0ingar<\/div><div class=\"vlp-block-1 vlp-link-summary\">Business Insider birti \u00ed vikunni samantekt \u00e1 uppl\u00fdsingum \u00far&nbsp;n\u00fdlegri sk\u00fdrslu&nbsp;sem og fr\u00e9ttaflutningi AP fr\u00e9ttastofunnar um a\u00f0ger\u00f0ir k\u00ednverskra stj\u00f3rnvalda gegn Uighur m\u00fasl\u00edmum. Einkum er fjalla\u00f0 um a\u00f0ger\u00f0ir sem beinast s\u00e9rstaklega gegn konum og falla undir einn \u00fe\u00e1tt \u00ed al\u00fej\u00f3\u00f0legri skilgreiningu \u00e1 \u00fej\u00f3\u00f0armor\u00f0i. Samantekt Business Insider A\u00f0ger\u00f0ir k\u00ednverskra stj\u00f3rnvalda felast \u00ed [&hellip;]<\/div><\/div><\/div>\n\n<div class=\"vlp-link-container vlp-layout-basic wp-block-visual-link-preview-link\"><a href=\"https:\/\/www.norn.is\/eva\/2018\/02\/18\/skilgreinir-facebook-helgiathafnir-sem-barnaklam\/\" class=\"vlp-link\" title=\"Skilgreinir Facebook helgiathafnir sem barnakl\u00e1m?\"><\/a><div class=\"vlp-layout-zone-side\"><div class=\"vlp-block-2 vlp-link-image\"><img loading=\"lazy\" decoding=\"async\" style=\"max-width: 150px;\" width=\"150\" height=\"110\" src=\"https:\/\/www.norn.is\/eva\/wp-content\/uploads\/sites\/36\/2020\/05\/ritual.png\" class=\"attachment-150x999 size-150x999\" alt=\"\" srcset=\"https:\/\/www.norn.is\/eva\/wp-content\/uploads\/sites\/36\/2020\/05\/ritual.png 608w, https:\/\/www.norn.is\/eva\/wp-content\/uploads\/sites\/36\/2020\/05\/ritual-300x219.png 300w\" sizes=\"auto, (max-width: 150px) 100vw, 150px\" \/><\/div><\/div><div class=\"vlp-layout-zone-main\"><div class=\"vlp-block-0 vlp-link-title\">Skilgreinir Facebook helgiathafnir sem barnakl\u00e1m?<\/div><div class=\"vlp-block-1 vlp-link-summary\">Svo vir\u00f0ist sem Facebook skilgreini helgiathafnir sem barnakl\u00e1m. \u00c9g p\u00f3sta\u00f0i mynd af tr\u00faarath\u00f6fn \u00e1 Facebook \u00ed morgun, \u00ed tilefni af umr\u00e6\u00f0unni um forh\u00fa\u00f0arfrumvarpi\u00f0.&nbsp;\u00c9g n\u00e1\u00f0i reyndar ekki einu sinni a\u00f0 p\u00f3sta henni \u00fev\u00ed \u00e1\u00f0ur en h\u00fan birtist f\u00e9kk \u00e9g \u00feessa tilkynningu: Ekki hef \u00e9g tr\u00fa \u00e1 \u00fev\u00ed a\u00f0 \u00feetta sn\u00faist um h\u00f6fundarr\u00e9tt enda er Facebook full [&hellip;]<\/div><\/div><\/div>","protected":false},"excerpt":{"rendered":"<p>https:\/\/commons.wikimedia.org\/wiki\/File:EXAMPLES_OF_TRADITIONAL_KNIVES_USED_TO_CUT_FEMALE_GENITALS.jpg<\/p>\n","protected":false},"author":7,"featured_media":1459,"comment_status":"closed","ping_status":"open","sticky":false,"template":"","format":"standard","meta":{"_et_pb_use_builder":"off","_et_pb_old_content":"","_et_gb_content_width":"","footnotes":""},"categories":[495,133,85],"tags":[334,335,108],"class_list":["post-1453","post","type-post","status-publish","format-standard","has-post-thumbnail","hentry","category-frettir-frettaskyringar","category-heilbrigdis-felagsmal","category-mannudarmal","tag-fgm","tag-kynfaerabrottnam","tag-rasismi","et-has-post-format-content","et_post_format-et-post-format-standard"],"yoast_head":"<!-- This site is optimized with the Yoast SEO plugin v27.5 - https:\/\/yoast.com\/product\/yoast-seo-wordpress\/ -->\n<title>Kynf\u00e6rabrottn\u00e1m og rasismi - Eva Hauksd\u00f3ttir<\/title>\n<meta name=\"robots\" content=\"index, follow, max-snippet:-1, max-image-preview:large, max-video-preview:-1\" \/>\n<link rel=\"canonical\" href=\"https:\/\/www.norn.is\/eva\/2020\/07\/01\/kynfaerabrottnam-og-rasismi\/\" \/>\n<meta property=\"og:locale\" content=\"is_IS\" \/>\n<meta property=\"og:type\" content=\"article\" \/>\n<meta property=\"og:title\" content=\"Kynf\u00e6rabrottn\u00e1m og rasismi - Eva Hauksd\u00f3ttir\" \/>\n<meta property=\"og:description\" content=\"https:\/\/commons.wikimedia.org\/wiki\/File:EXAMPLES_OF_TRADITIONAL_KNIVES_USED_TO_CUT_FEMALE_GENITALS.jpg\" \/>\n<meta property=\"og:url\" content=\"https:\/\/www.norn.is\/eva\/2020\/07\/01\/kynfaerabrottnam-og-rasismi\/\" \/>\n<meta property=\"og:site_name\" content=\"Eva Hauksd\u00f3ttir\" \/>\n<meta property=\"article:published_time\" content=\"2020-07-01T12:41:00+00:00\" \/>\n<meta property=\"article:modified_time\" content=\"2025-11-20T13:51:00+00:00\" \/>\n<meta property=\"og:image\" content=\"http:\/\/www.norn.is\/eva\/wp-content\/uploads\/sites\/36\/2020\/07\/FGM-\u00e1h\u00f6ld-1.jpg\" \/>\n\t<meta property=\"og:image:width\" content=\"688\" \/>\n\t<meta property=\"og:image:height\" content=\"451\" \/>\n\t<meta property=\"og:image:type\" content=\"image\/jpeg\" \/>\n<meta name=\"author\" content=\"Eva Hauksd\u00f3ttir\" \/>\n<meta name=\"twitter:card\" content=\"summary_large_image\" \/>\n<meta name=\"twitter:label1\" content=\"Written by\" \/>\n\t<meta name=\"twitter:data1\" content=\"\" \/>\n\t<meta name=\"twitter:label2\" content=\"Est. reading time\" \/>\n\t<meta name=\"twitter:data2\" content=\"7 minutes\" \/>\n<script type=\"application\/ld+json\" class=\"yoast-schema-graph\">{\"@context\":\"https:\\\/\\\/schema.org\",\"@graph\":[{\"@type\":\"Article\",\"@id\":\"https:\\\/\\\/www.norn.is\\\/eva\\\/2020\\\/07\\\/01\\\/kynfaerabrottnam-og-rasismi\\\/#article\",\"isPartOf\":{\"@id\":\"https:\\\/\\\/www.norn.is\\\/eva\\\/2020\\\/07\\\/01\\\/kynfaerabrottnam-og-rasismi\\\/\"},\"author\":{\"name\":\"Eva Hauksd\u00f3ttir\",\"@id\":\"https:\\\/\\\/www.norn.is\\\/eva\\\/#\\\/schema\\\/person\\\/1d9742389918a297671033a2b53d3d34\"},\"headline\":\"Kynf\u00e6rabrottn\u00e1m og rasismi\",\"datePublished\":\"2020-07-01T12:41:00+00:00\",\"dateModified\":\"2025-11-20T13:51:00+00:00\",\"mainEntityOfPage\":{\"@id\":\"https:\\\/\\\/www.norn.is\\\/eva\\\/2020\\\/07\\\/01\\\/kynfaerabrottnam-og-rasismi\\\/\"},\"wordCount\":1348,\"image\":{\"@id\":\"https:\\\/\\\/www.norn.is\\\/eva\\\/2020\\\/07\\\/01\\\/kynfaerabrottnam-og-rasismi\\\/#primaryimage\"},\"thumbnailUrl\":\"https:\\\/\\\/www.norn.is\\\/eva\\\/wp-content\\\/uploads\\\/sites\\\/36\\\/2020\\\/07\\\/FGM-\u00e1h\u00f6ld-1.jpg\",\"keywords\":[\"FGM\",\"kynf\u00e6rabrottn\u00e1m\",\"rasismi\"],\"articleSection\":[\"Fr\u00e9ttir\",\"Heilbrig\u00f0is- &amp; f\u00e9lagsm\u00e1l\",\"Mann\u00fa\u00f0arm\u00e1l\"],\"inLanguage\":\"is\"},{\"@type\":\"WebPage\",\"@id\":\"https:\\\/\\\/www.norn.is\\\/eva\\\/2020\\\/07\\\/01\\\/kynfaerabrottnam-og-rasismi\\\/\",\"url\":\"https:\\\/\\\/www.norn.is\\\/eva\\\/2020\\\/07\\\/01\\\/kynfaerabrottnam-og-rasismi\\\/\",\"name\":\"Kynf\u00e6rabrottn\u00e1m og rasismi - Eva Hauksd\u00f3ttir\",\"isPartOf\":{\"@id\":\"https:\\\/\\\/www.norn.is\\\/eva\\\/#website\"},\"primaryImageOfPage\":{\"@id\":\"https:\\\/\\\/www.norn.is\\\/eva\\\/2020\\\/07\\\/01\\\/kynfaerabrottnam-og-rasismi\\\/#primaryimage\"},\"image\":{\"@id\":\"https:\\\/\\\/www.norn.is\\\/eva\\\/2020\\\/07\\\/01\\\/kynfaerabrottnam-og-rasismi\\\/#primaryimage\"},\"thumbnailUrl\":\"https:\\\/\\\/www.norn.is\\\/eva\\\/wp-content\\\/uploads\\\/sites\\\/36\\\/2020\\\/07\\\/FGM-\u00e1h\u00f6ld-1.jpg\",\"datePublished\":\"2020-07-01T12:41:00+00:00\",\"dateModified\":\"2025-11-20T13:51:00+00:00\",\"author\":{\"@id\":\"https:\\\/\\\/www.norn.is\\\/eva\\\/#\\\/schema\\\/person\\\/1d9742389918a297671033a2b53d3d34\"},\"breadcrumb\":{\"@id\":\"https:\\\/\\\/www.norn.is\\\/eva\\\/2020\\\/07\\\/01\\\/kynfaerabrottnam-og-rasismi\\\/#breadcrumb\"},\"inLanguage\":\"is\",\"potentialAction\":[{\"@type\":\"ReadAction\",\"target\":[\"https:\\\/\\\/www.norn.is\\\/eva\\\/2020\\\/07\\\/01\\\/kynfaerabrottnam-og-rasismi\\\/\"]}]},{\"@type\":\"ImageObject\",\"inLanguage\":\"is\",\"@id\":\"https:\\\/\\\/www.norn.is\\\/eva\\\/2020\\\/07\\\/01\\\/kynfaerabrottnam-og-rasismi\\\/#primaryimage\",\"url\":\"https:\\\/\\\/www.norn.is\\\/eva\\\/wp-content\\\/uploads\\\/sites\\\/36\\\/2020\\\/07\\\/FGM-\u00e1h\u00f6ld-1.jpg\",\"contentUrl\":\"https:\\\/\\\/www.norn.is\\\/eva\\\/wp-content\\\/uploads\\\/sites\\\/36\\\/2020\\\/07\\\/FGM-\u00e1h\u00f6ld-1.jpg\",\"width\":688,\"height\":451},{\"@type\":\"BreadcrumbList\",\"@id\":\"https:\\\/\\\/www.norn.is\\\/eva\\\/2020\\\/07\\\/01\\\/kynfaerabrottnam-og-rasismi\\\/#breadcrumb\",\"itemListElement\":[{\"@type\":\"ListItem\",\"position\":1,\"name\":\"Home\",\"item\":\"https:\\\/\\\/www.norn.is\\\/eva\\\/\"},{\"@type\":\"ListItem\",\"position\":2,\"name\":\"Kynf\u00e6rabrottn\u00e1m og rasismi\"}]},{\"@type\":\"WebSite\",\"@id\":\"https:\\\/\\\/www.norn.is\\\/eva\\\/#website\",\"url\":\"https:\\\/\\\/www.norn.is\\\/eva\\\/\",\"name\":\"Eva Hauksd\u00f3ttir\",\"description\":\"Evu blogg\",\"potentialAction\":[{\"@type\":\"SearchAction\",\"target\":{\"@type\":\"EntryPoint\",\"urlTemplate\":\"https:\\\/\\\/www.norn.is\\\/eva\\\/?s={search_term_string}\"},\"query-input\":{\"@type\":\"PropertyValueSpecification\",\"valueRequired\":true,\"valueName\":\"search_term_string\"}}],\"inLanguage\":\"is\"},{\"@type\":\"Person\",\"@id\":\"https:\\\/\\\/www.norn.is\\\/eva\\\/#\\\/schema\\\/person\\\/1d9742389918a297671033a2b53d3d34\",\"name\":\"Eva Hauksd\u00f3ttir\",\"image\":{\"@type\":\"ImageObject\",\"inLanguage\":\"is\",\"@id\":\"https:\\\/\\\/secure.gravatar.com\\\/avatar\\\/3690cd9ff7436a8a5d80acdc8fcb1046fbb9e002d4b532c85080d1bcbede84ce?s=96&d=mm&r=g\",\"url\":\"https:\\\/\\\/secure.gravatar.com\\\/avatar\\\/3690cd9ff7436a8a5d80acdc8fcb1046fbb9e002d4b532c85080d1bcbede84ce?s=96&d=mm&r=g\",\"contentUrl\":\"https:\\\/\\\/secure.gravatar.com\\\/avatar\\\/3690cd9ff7436a8a5d80acdc8fcb1046fbb9e002d4b532c85080d1bcbede84ce?s=96&d=mm&r=g\",\"caption\":\"Eva Hauksd\u00f3ttir\"},\"url\":\"https:\\\/\\\/www.norn.is\\\/eva\\\/author\\\/evahauks\\\/\"}]}<\/script>\n<!-- \/ Yoast SEO plugin. -->","yoast_head_json":{"title":"Kynf\u00e6rabrottn\u00e1m og rasismi - Eva Hauksd\u00f3ttir","robots":{"index":"index","follow":"follow","max-snippet":"max-snippet:-1","max-image-preview":"max-image-preview:large","max-video-preview":"max-video-preview:-1"},"canonical":"https:\/\/www.norn.is\/eva\/2020\/07\/01\/kynfaerabrottnam-og-rasismi\/","og_locale":"is_IS","og_type":"article","og_title":"Kynf\u00e6rabrottn\u00e1m og rasismi - Eva Hauksd\u00f3ttir","og_description":"https:\/\/commons.wikimedia.org\/wiki\/File:EXAMPLES_OF_TRADITIONAL_KNIVES_USED_TO_CUT_FEMALE_GENITALS.jpg","og_url":"https:\/\/www.norn.is\/eva\/2020\/07\/01\/kynfaerabrottnam-og-rasismi\/","og_site_name":"Eva Hauksd\u00f3ttir","article_published_time":"2020-07-01T12:41:00+00:00","article_modified_time":"2025-11-20T13:51:00+00:00","og_image":[{"width":688,"height":451,"url":"http:\/\/www.norn.is\/eva\/wp-content\/uploads\/sites\/36\/2020\/07\/FGM-\u00e1h\u00f6ld-1.jpg","type":"image\/jpeg"}],"author":"Eva Hauksd\u00f3ttir","twitter_card":"summary_large_image","twitter_misc":{"Written by":false,"Est. reading time":"7 minutes"},"schema":{"@context":"https:\/\/schema.org","@graph":[{"@type":"Article","@id":"https:\/\/www.norn.is\/eva\/2020\/07\/01\/kynfaerabrottnam-og-rasismi\/#article","isPartOf":{"@id":"https:\/\/www.norn.is\/eva\/2020\/07\/01\/kynfaerabrottnam-og-rasismi\/"},"author":{"name":"Eva Hauksd\u00f3ttir","@id":"https:\/\/www.norn.is\/eva\/#\/schema\/person\/1d9742389918a297671033a2b53d3d34"},"headline":"Kynf\u00e6rabrottn\u00e1m og rasismi","datePublished":"2020-07-01T12:41:00+00:00","dateModified":"2025-11-20T13:51:00+00:00","mainEntityOfPage":{"@id":"https:\/\/www.norn.is\/eva\/2020\/07\/01\/kynfaerabrottnam-og-rasismi\/"},"wordCount":1348,"image":{"@id":"https:\/\/www.norn.is\/eva\/2020\/07\/01\/kynfaerabrottnam-og-rasismi\/#primaryimage"},"thumbnailUrl":"https:\/\/www.norn.is\/eva\/wp-content\/uploads\/sites\/36\/2020\/07\/FGM-\u00e1h\u00f6ld-1.jpg","keywords":["FGM","kynf\u00e6rabrottn\u00e1m","rasismi"],"articleSection":["Fr\u00e9ttir","Heilbrig\u00f0is- &amp; f\u00e9lagsm\u00e1l","Mann\u00fa\u00f0arm\u00e1l"],"inLanguage":"is"},{"@type":"WebPage","@id":"https:\/\/www.norn.is\/eva\/2020\/07\/01\/kynfaerabrottnam-og-rasismi\/","url":"https:\/\/www.norn.is\/eva\/2020\/07\/01\/kynfaerabrottnam-og-rasismi\/","name":"Kynf\u00e6rabrottn\u00e1m og rasismi - Eva Hauksd\u00f3ttir","isPartOf":{"@id":"https:\/\/www.norn.is\/eva\/#website"},"primaryImageOfPage":{"@id":"https:\/\/www.norn.is\/eva\/2020\/07\/01\/kynfaerabrottnam-og-rasismi\/#primaryimage"},"image":{"@id":"https:\/\/www.norn.is\/eva\/2020\/07\/01\/kynfaerabrottnam-og-rasismi\/#primaryimage"},"thumbnailUrl":"https:\/\/www.norn.is\/eva\/wp-content\/uploads\/sites\/36\/2020\/07\/FGM-\u00e1h\u00f6ld-1.jpg","datePublished":"2020-07-01T12:41:00+00:00","dateModified":"2025-11-20T13:51:00+00:00","author":{"@id":"https:\/\/www.norn.is\/eva\/#\/schema\/person\/1d9742389918a297671033a2b53d3d34"},"breadcrumb":{"@id":"https:\/\/www.norn.is\/eva\/2020\/07\/01\/kynfaerabrottnam-og-rasismi\/#breadcrumb"},"inLanguage":"is","potentialAction":[{"@type":"ReadAction","target":["https:\/\/www.norn.is\/eva\/2020\/07\/01\/kynfaerabrottnam-og-rasismi\/"]}]},{"@type":"ImageObject","inLanguage":"is","@id":"https:\/\/www.norn.is\/eva\/2020\/07\/01\/kynfaerabrottnam-og-rasismi\/#primaryimage","url":"https:\/\/www.norn.is\/eva\/wp-content\/uploads\/sites\/36\/2020\/07\/FGM-\u00e1h\u00f6ld-1.jpg","contentUrl":"https:\/\/www.norn.is\/eva\/wp-content\/uploads\/sites\/36\/2020\/07\/FGM-\u00e1h\u00f6ld-1.jpg","width":688,"height":451},{"@type":"BreadcrumbList","@id":"https:\/\/www.norn.is\/eva\/2020\/07\/01\/kynfaerabrottnam-og-rasismi\/#breadcrumb","itemListElement":[{"@type":"ListItem","position":1,"name":"Home","item":"https:\/\/www.norn.is\/eva\/"},{"@type":"ListItem","position":2,"name":"Kynf\u00e6rabrottn\u00e1m og rasismi"}]},{"@type":"WebSite","@id":"https:\/\/www.norn.is\/eva\/#website","url":"https:\/\/www.norn.is\/eva\/","name":"Eva Hauksd\u00f3ttir","description":"Evu blogg","potentialAction":[{"@type":"SearchAction","target":{"@type":"EntryPoint","urlTemplate":"https:\/\/www.norn.is\/eva\/?s={search_term_string}"},"query-input":{"@type":"PropertyValueSpecification","valueRequired":true,"valueName":"search_term_string"}}],"inLanguage":"is"},{"@type":"Person","@id":"https:\/\/www.norn.is\/eva\/#\/schema\/person\/1d9742389918a297671033a2b53d3d34","name":"Eva Hauksd\u00f3ttir","image":{"@type":"ImageObject","inLanguage":"is","@id":"https:\/\/secure.gravatar.com\/avatar\/3690cd9ff7436a8a5d80acdc8fcb1046fbb9e002d4b532c85080d1bcbede84ce?s=96&d=mm&r=g","url":"https:\/\/secure.gravatar.com\/avatar\/3690cd9ff7436a8a5d80acdc8fcb1046fbb9e002d4b532c85080d1bcbede84ce?s=96&d=mm&r=g","contentUrl":"https:\/\/secure.gravatar.com\/avatar\/3690cd9ff7436a8a5d80acdc8fcb1046fbb9e002d4b532c85080d1bcbede84ce?s=96&d=mm&r=g","caption":"Eva Hauksd\u00f3ttir"},"url":"https:\/\/www.norn.is\/eva\/author\/evahauks\/"}]}},"_links":{"self":[{"href":"https:\/\/www.norn.is\/eva\/wp-json\/wp\/v2\/posts\/1453","targetHints":{"allow":["GET"]}}],"collection":[{"href":"https:\/\/www.norn.is\/eva\/wp-json\/wp\/v2\/posts"}],"about":[{"href":"https:\/\/www.norn.is\/eva\/wp-json\/wp\/v2\/types\/post"}],"author":[{"embeddable":true,"href":"https:\/\/www.norn.is\/eva\/wp-json\/wp\/v2\/users\/7"}],"replies":[{"embeddable":true,"href":"https:\/\/www.norn.is\/eva\/wp-json\/wp\/v2\/comments?post=1453"}],"version-history":[{"count":12,"href":"https:\/\/www.norn.is\/eva\/wp-json\/wp\/v2\/posts\/1453\/revisions"}],"predecessor-version":[{"id":7006,"href":"https:\/\/www.norn.is\/eva\/wp-json\/wp\/v2\/posts\/1453\/revisions\/7006"}],"wp:featuredmedia":[{"embeddable":true,"href":"https:\/\/www.norn.is\/eva\/wp-json\/wp\/v2\/media\/1459"}],"wp:attachment":[{"href":"https:\/\/www.norn.is\/eva\/wp-json\/wp\/v2\/media?parent=1453"}],"wp:term":[{"taxonomy":"category","embeddable":true,"href":"https:\/\/www.norn.is\/eva\/wp-json\/wp\/v2\/categories?post=1453"},{"taxonomy":"post_tag","embeddable":true,"href":"https:\/\/www.norn.is\/eva\/wp-json\/wp\/v2\/tags?post=1453"}],"curies":[{"name":"wp","href":"https:\/\/api.w.org\/{rel}","templated":true}]}}