{"id":1448,"date":"2020-07-01T12:31:00","date_gmt":"2020-07-01T12:31:00","guid":{"rendered":"http:\/\/www.norn.is\/eva\/?p=1448"},"modified":"2020-07-06T13:38:11","modified_gmt":"2020-07-06T13:38:11","slug":"sidasta-othokkaverk-rikisstjornarinnar","status":"publish","type":"post","link":"https:\/\/www.norn.is\/eva\/2020\/07\/01\/sidasta-othokkaverk-rikisstjornarinnar\/","title":{"rendered":"S\u00ed\u00f0asta \u00f3\u00feokkaverk r\u00edkisstj\u00f3rnarinnar"},"content":{"rendered":"\n<p>S\u00ed\u00f0asta \u00f3\u00feokkaverk r\u00edkisstj\u00f3rnar Katr\u00ednar Jakobsd\u00f3ttur fyrir sumarfr\u00ed var a\u00f0 fella frumvarp um a\u00f0 varsla neysluskammta f\u00edkniefna ver\u00f0i refsilaus. \u00deetta er \u00e1l\u00edka n\u00ed\u00f0ingslegt og a\u00f0 sam\u00feykkja a\u00f0 refsa exemsj\u00faklingum fyrir a\u00f0 kl\u00f3ra s\u00e9r e\u00f0a offitusj\u00faklingum fyrir a\u00f0 bor\u00f0a sykur.<\/p>\n\n\n\n<p>Af og til afhj\u00fapast grimmdin og mannfyrirlitningin sem f\u00edklar m\u00e6ta \u00ed heilbrig\u00f0iskerfinu, stj\u00f3rnkerfinu og d\u00f3mskerfinu. \u00de\u00f3tt nau\u00f0ungarvistun geti veri\u00f0 r\u00e9ttl\u00e6tanleg er erfitt a\u00f0 sj\u00e1 nau\u00f0syn \u00feess a\u00f0 heilbrig\u00f0isstarfsf\u00f3lk standi yfir sj\u00faklingum me\u00f0an \u00feeir tala \u00ed s\u00edma. \u00de\u00f3tt varsla f\u00edkniefna s\u00e9 \u00f3l\u00f6gleg r\u00e9ttl\u00e6tir \u00fea\u00f0 ekki heimildarlausa h\u00fasleit. \u00de\u00f3tt \u00fej\u00f3fna\u00f0ur eigi ekki a\u00f0 vi\u00f0gangast er fangelsisd\u00f3mur fyrir a\u00f0 stela samloku ekki l\u00edklegur til a\u00f0 bera \u00feann \u00e1rangur a\u00f0 f\u00edkill sj\u00e1i a\u00f0 s\u00e9r. \u00dea\u00f0 hl\u00fdtur a\u00f0 \u00feurfa s\u00e9rstaka tegund af grimmd og heimsku til a\u00f0 skilgreina \u00fea\u00f0 sem au\u00f0gunarbrot \u00feegar f\u00e1rsj\u00fakur f\u00edkill fer inn \u00ed verslun og hvolfir \u00ed sig kardemommudropum.<\/p>\n\n\n\n<div class=\"wp-block-image\"><figure class=\"alignleft size-large is-resized\"><img loading=\"lazy\" decoding=\"async\" src=\"http:\/\/www.norn.is\/eva\/wp-content\/uploads\/sites\/36\/2020\/07\/legalization-of-drugs-1024x576.jpg\" alt=\"\" class=\"wp-image-1449\" width=\"435\" height=\"244\" srcset=\"https:\/\/www.norn.is\/eva\/wp-content\/uploads\/sites\/36\/2020\/07\/legalization-of-drugs-1024x576.jpg 1024w, https:\/\/www.norn.is\/eva\/wp-content\/uploads\/sites\/36\/2020\/07\/legalization-of-drugs-300x169.jpg 300w, https:\/\/www.norn.is\/eva\/wp-content\/uploads\/sites\/36\/2020\/07\/legalization-of-drugs-768x432.jpg 768w, https:\/\/www.norn.is\/eva\/wp-content\/uploads\/sites\/36\/2020\/07\/legalization-of-drugs-1080x607.jpg 1080w, https:\/\/www.norn.is\/eva\/wp-content\/uploads\/sites\/36\/2020\/07\/legalization-of-drugs.jpg 1090w\" sizes=\"auto, (max-width: 435px) 100vw, 435px\" \/><\/figure><\/div>\n\n\n\n<p>En flest \u00feessara m\u00e1la sem var\u00f0a \u00f3l\u00f6gm\u00e6tt inngrip \u00ed einkal\u00edf f\u00edkla og gl\u00f3rulausa refsistefnu gagnvart \u00feeim n\u00e1 aldrei eyrum almennings. Vi\u00f0 sem ekki gl\u00edmum vi\u00f0 f\u00edkn skiljum sennilega ekki til fulls hverskonar \u00e1lag \u00fea\u00f0 er, til vi\u00f0b\u00f3tar vi\u00f0 sj\u00fakd\u00f3minn, a\u00f0 lifa \u00ed st\u00f6\u00f0ugum \u00f3tta vi\u00f0 l\u00f6gguna og refsiv\u00f6rslukerfi\u00f0.<\/p>\n\n\n\n<p>\u00c1hrifar\u00edkustu lei\u00f0rnar til a\u00f0 draga \u00far \u00f3g\u00e6fu \u00feeirra sem \u00e1netjast v\u00edmuefnum, og um lei\u00f0 \u00feeim \u00f3\u00fe\u00e6gindum sem \u00fea\u00f0 kostar samf\u00e9lagi\u00f0, eru ska\u00f0aminnkandi a\u00f0ger\u00f0ir. Ska\u00f0aminnkun merkir \u00ed raun a\u00f0 vi\u00f0 horfumst \u00ed augu vi\u00f0 veruleikann og vi\u00f0urkennum a\u00f0 vi\u00f0 getum hvorki l\u00e6kna\u00f0 manneskju sem tekur ekki me\u00f0fer\u00f0, n\u00e9 reki\u00f0 sj\u00fakd\u00f3minn \u00fat me\u00f0 refsingum. Ska\u00f0aminnkun merkir a\u00f0 vi\u00f0 me\u00f0h\u00f6ndlum f\u00edkn og a\u00f0ra ge\u00f0sj\u00fakd\u00f3ma eins og \u00f3l\u00e6knandi l\u00edkamlegan sj\u00fakd\u00f3m \u2013 reynum a\u00f0 draga \u00far \u00fej\u00e1ningum og koma \u00ed veg fyrir a\u00f0 sj\u00fakd\u00f3murinn skemmi \u00fat fr\u00e1 s\u00e9r. \u00deegar \u00f3h\u00f3fsneysla v\u00edmuefna er annars vegar er m\u00f6gulegt a\u00f0 gera t.d. eftirfarandi:<\/p>\n\n\n\n<ul class=\"wp-block-list\"><li>Draga \u00far h\u00e6ttu \u00e1 auknu l\u00edkamstj\u00f3ni og \u00f3t\u00edmab\u00e6rum dau\u00f0a \u2013 me\u00f0 \u00fev\u00ed a\u00f0 veita mj\u00f6g veikum f\u00edklum a\u00f0gengi a\u00f0 \u201ehreinum\u201c efnum \u00ed sta\u00f0 \u00feess a\u00f0 f\u00f3lk neyti efna sem eru dr\u00fdg\u00f0 me\u00f0 \u00f6\u00f0rum efnum sem geta veri\u00f0 enn ska\u00f0legri en \u00fea\u00f0 sem f\u00edkillinn s\u00e6kir \u00ed.<\/li><li>Draga \u00far h\u00e6ttu \u00e1 ofsk\u00f6mmtun \u2013 me\u00f0 \u00fev\u00ed a\u00f0 a\u00f0sto\u00f0a mj\u00f6g veikt f\u00f3lk vi\u00f0 a\u00f0 stj\u00f3rna neyslunni \u00ed sta\u00f0 \u00feess a\u00f0 reyna a\u00f0 koma \u00ed veg fyrir hana.<\/li><li>Draga \u00far innbrotum, \u00fej\u00f3fna\u00f0i \u00far verslunum, fj\u00e1rsvikum og \u00f6\u00f0rum au\u00f0gunarbrotum, v\u00e6ndi og millig\u00f6ngu um \u00fea\u00f0, kynfer\u00f0isofbeldi, mansali og \u00fe\u00e1ttt\u00f6ku \u00ed f\u00edkniefnainnflutningi og dreifingu me\u00f0 \u00fev\u00ed a\u00f0 samf\u00e9lagi\u00f0 sj\u00e1i f\u00f3lki fyrir h\u00fasaskj\u00f3li, mat og \u00f6\u00f0rum nau\u00f0synjum.<\/li><li>Draga \u00far h\u00e6ttunni \u00e1 l\u00edkams\u00e1r\u00e1sum \u2013 me\u00f0 \u00fev\u00ed a\u00f0 au\u00f0velda a\u00f0gengi f\u00edkla a\u00f0 v\u00edmuefnum og fyrirbyggja \u00feannig v\u00edtahring f\u00edkniefnaskulda, gl\u00e6pa og innheimtu.<\/li><li>Draga \u00far l\u00edkum \u00e1 \u00fev\u00ed a\u00f0 b\u00f6rn og unglingar komist \u00ed h\u00e6ttuleg f\u00edkniefni \u2013 me\u00f0 \u00fev\u00ed a\u00f0 gera fullor\u00f0num f\u00edklum m\u00f6gulegt a\u00f0 neyta efna \u00ed \u00f6ruggu umhverfi frekar en a\u00f0 geyma \u00feau heima.<\/li><li>Draga \u00far h\u00e6ttunni \u00e1 \u00fev\u00ed a\u00f0 ungt f\u00f3lk festist \u00e1 gl\u00e6pabraut \u2013 me\u00f0 \u00fev\u00ed a\u00f0 beita refsingum ekki ef h\u00e6gt er a\u00f0 komast hj\u00e1 \u00fev\u00ed, \u00ed sta\u00f0 \u00feess a\u00f0 setja \u00fea\u00f0 \u00ed a\u00f0st\u00e6\u00f0ur (fangelsi) \u00fear sem f\u00e9lagsskapurinn og hugarfari\u00f0 eykur l\u00edkur \u00e1 a\u00f0 \u00fea\u00f0 haldi \u00e1fram \u00e1 s\u00f6mu braut.<\/li><\/ul>\n\n\n\n<p>N\u00fa reyndi stj\u00f3rnarandsta\u00f0an a\u00f0 taka eitt, \u00f6rl\u00edti\u00f0 h\u00e6nufet \u00ed \u00feessa \u00e1tt. \u00dea\u00f0 hef\u00f0i au\u00f0vita\u00f0 ekki veri\u00f0 n\u00f3g en \u00fe\u00f3 \u00ed \u00fea\u00f0 minnsta opna\u00f0 \u00e1 frekari framfarir. \u00dea\u00f0 hef\u00f0i ekki kosta\u00f0 samf\u00e9lagi\u00f0 kr\u00f3nu en sennilega spara\u00f0 all miki\u00f0 f\u00e9 og \u00f3m\u00e6ldar \u00fej\u00e1ningar. \u00c9g \u00e6tla ekki einu sinni a\u00f0 nefna hina stj\u00f3rnarflokkana, \u00e9g efast um a\u00f0 nokkur hafi v\u00e6nst neins af \u00feeim, en \u00e9g veit a\u00f0 margir bjuggust vi\u00f0 a\u00f0 Vinstri gr\u00e6n myndu standa \u00ed lappirnar.<\/p>\n\n\n\n<p>En nei \u2013 enn \u00e1 n\u00fd s\u00fdnir \u00fea\u00f0 sig a\u00f0&nbsp;<a href=\"https:\/\/vg.is\/stefna\/velferdarstefna\/\">stefna VG&nbsp;<\/a>\u00ed velfer\u00f0ar- og heilbrig\u00f0ism\u00e1lum er or\u00f0in t\u00f3m.<\/p>\n\n\n\n<blockquote class=\"wp-block-quote is-layout-flow wp-block-quote-is-layout-flow\"><p>Tryggja \u00fearf f\u00edklum vi\u00f0unandi me\u00f0fer\u00f0ar\u00farr\u00e6\u00f0i me\u00f0 samvinnu d\u00f3ms-, f\u00e9lags- og heilbrig\u00f0iskerfis. Sn\u00faa \u00fearf af braut har\u00f0ari refsinga fyrir neyslu f\u00edkniefna en styrkja a\u00f0ger\u00f0ir gegn f\u00edkniefnas\u00f6lum, innflutningi og framlei\u00f0slu f\u00edkniefna.<\/p><cite>\u2013 \u00dar stefnu Vinstri gr\u00e6nna \u00ed velfer\u00f0arm\u00e1lum<\/cite><\/blockquote>\n\n\n\n<h3 class=\"wp-block-heading\">H\u00e9r m\u00e1 sj\u00e1 lista sem tilvali\u00f0 er a\u00f0 st\u00fadera vel fyrir n\u00e6stu \u00feingkosningar.<\/h3>\n\n\n\n<div class=\"wp-block-image\"><figure class=\"alignleft size-large is-resized\"><img loading=\"lazy\" decoding=\"async\" src=\"http:\/\/www.norn.is\/eva\/wp-content\/uploads\/sites\/36\/2020\/07\/nei-og-hjsetur.jpg\" alt=\"\" class=\"wp-image-1450\" width=\"471\" height=\"639\" srcset=\"https:\/\/www.norn.is\/eva\/wp-content\/uploads\/sites\/36\/2020\/07\/nei-og-hjsetur.jpg 554w, https:\/\/www.norn.is\/eva\/wp-content\/uploads\/sites\/36\/2020\/07\/nei-og-hjsetur-221x300.jpg 221w\" sizes=\"auto, (max-width: 471px) 100vw, 471px\" \/><\/figure><\/div>\n\n\n\n<p><br><br>\u00d6murlegt er a\u00f0 sj\u00e1 \u00feingmenn VG breg\u00f0ast \u00feegar mann\u00fa\u00f0arm\u00e1l eru annars vegar. Svo dj\u00fapt ristir afturhaldssemin a\u00f0 sumir \u00feeirra sty\u00f0ja beinl\u00ednis refsistefnu gagnvart sj\u00faklingum og a\u00f0rir sitja hj\u00e1. \u00dea\u00f0 kemur svosem ekki \u00e1 \u00f3vart a\u00f0 Katr\u00edn Jakobsd\u00f3ttir hafi seti\u00f0 hj\u00e1, s\u00fa manneskja hefur fyrir l\u00f6ngu s\u00fdnt og sanna\u00f0 a\u00f0 h\u00fan er p\u00f3lit\u00edskur t\u00e6kif\u00e6rissinni en a\u00f0 sj\u00e1 R\u00f3su Bj\u00f6rk \u00ed \u00feessum arma f\u00e9lagsskap, \u00fea\u00f0 sker \u00ed hjarta\u00f0. Svo fyrirlitlegir vesalingar fylla \u00feennan auma stj\u00f3rnm\u00e1laflokk a\u00f0 einn me\u00f0flutningsma\u00f0ur a\u00f0 till\u00f6gunni treysti s\u00e9r ekki til a\u00f0 sty\u00f0ja hana \u00feegar \u00e1 h\u00f3lminn var komi\u00f0.<\/p>\n\n\n\n<p>\u00c9g hef velt \u00fev\u00ed fyrir m\u00e9r margsinnis \u00e1 \u00feessu kj\u00f6rt\u00edmabili hversvegna Vinstri gr\u00e6n taka ekki skrefi\u00f0 til fulls og sameinast Sj\u00e1lfst\u00e6\u00f0isflokknum. Eina tr\u00faver\u00f0uga sk\u00fdringin sem kemur m\u00e9r \u00ed hug er s\u00fa a\u00f0 \u00feau vita a\u00f0 ekkert \u00feeirra kemur n\u00f3gu vel fyrir til \u00feess a\u00f0 m\u00f6gulegt s\u00e9 a\u00f0 Sjallar taki \u00feau fram yfir Brynjar N\u00edelsson sem r\u00e1\u00f0herraefni.<\/p>\n","protected":false},"excerpt":{"rendered":"<p>S\u00ed\u00f0asta \u00f3\u00feokkaverk r\u00edkisstj\u00f3rnar Katr\u00ednar Jakobsd\u00f3ttur fyrir sumarfr\u00ed var a\u00f0 fella frumvarp um a\u00f0 varsla neysluskammta f\u00edkniefna ver\u00f0i refsilaus. \u00deetta er \u00e1l\u00edka n\u00ed\u00f0ingslegt og a\u00f0 sam\u00feykkja a\u00f0 refsa exemsj\u00faklingum fyrir a\u00f0 kl\u00f3ra s\u00e9r e\u00f0a offitusj\u00faklingum fyrir a\u00f0 bor\u00f0a sykur. Af og til afhj\u00fapast grimmdin og mannfyrirlitningin sem f\u00edklar m\u00e6ta \u00ed heilbrig\u00f0iskerfinu, stj\u00f3rnkerfinu og d\u00f3mskerfinu. \u00de\u00f3tt nau\u00f0ungarvistun [&hellip;]<\/p>\n","protected":false},"author":7,"featured_media":1452,"comment_status":"closed","ping_status":"open","sticky":false,"template":"","format":"standard","meta":{"_et_pb_use_builder":"off","_et_pb_old_content":"","_et_gb_content_width":"","footnotes":""},"categories":[133,85,197],"tags":[302,333],"class_list":["post-1448","post","type-post","status-publish","format-standard","has-post-thumbnail","hentry","category-heilbrigdis-felagsmal","category-mannudarmal","category-vald-velferd","tag-afglaepavaeding","tag-fikn","et-has-post-format-content","et_post_format-et-post-format-standard"],"yoast_head":"<!-- This site is optimized with the Yoast SEO plugin v27.5 - https:\/\/yoast.com\/product\/yoast-seo-wordpress\/ -->\n<title>S\u00ed\u00f0asta \u00f3\u00feokkaverk r\u00edkisstj\u00f3rnarinnar - Eva Hauksd\u00f3ttir<\/title>\n<meta name=\"robots\" content=\"index, follow, max-snippet:-1, max-image-preview:large, max-video-preview:-1\" \/>\n<link rel=\"canonical\" href=\"https:\/\/www.norn.is\/eva\/2020\/07\/01\/sidasta-othokkaverk-rikisstjornarinnar\/\" \/>\n<meta property=\"og:locale\" content=\"is_IS\" \/>\n<meta property=\"og:type\" content=\"article\" \/>\n<meta property=\"og:title\" content=\"S\u00ed\u00f0asta \u00f3\u00feokkaverk r\u00edkisstj\u00f3rnarinnar - Eva Hauksd\u00f3ttir\" \/>\n<meta property=\"og:description\" content=\"S\u00ed\u00f0asta \u00f3\u00feokkaverk r\u00edkisstj\u00f3rnar Katr\u00ednar Jakobsd\u00f3ttur fyrir sumarfr\u00ed var a\u00f0 fella frumvarp um a\u00f0 varsla neysluskammta f\u00edkniefna ver\u00f0i refsilaus. \u00deetta er \u00e1l\u00edka n\u00ed\u00f0ingslegt og a\u00f0 sam\u00feykkja a\u00f0 refsa exemsj\u00faklingum fyrir a\u00f0 kl\u00f3ra s\u00e9r e\u00f0a offitusj\u00faklingum fyrir a\u00f0 bor\u00f0a sykur. Af og til afhj\u00fapast grimmdin og mannfyrirlitningin sem f\u00edklar m\u00e6ta \u00ed heilbrig\u00f0iskerfinu, stj\u00f3rnkerfinu og d\u00f3mskerfinu. \u00de\u00f3tt nau\u00f0ungarvistun [&hellip;]\" \/>\n<meta property=\"og:url\" content=\"https:\/\/www.norn.is\/eva\/2020\/07\/01\/sidasta-othokkaverk-rikisstjornarinnar\/\" \/>\n<meta property=\"og:site_name\" content=\"Eva Hauksd\u00f3ttir\" \/>\n<meta property=\"article:published_time\" content=\"2020-07-01T12:31:00+00:00\" \/>\n<meta property=\"article:modified_time\" content=\"2020-07-06T13:38:11+00:00\" \/>\n<meta property=\"og:image\" content=\"https:\/\/www.norn.is\/eva\/wp-content\/uploads\/sites\/36\/2020\/07\/171012-nyc-bronx-heroin-prep-njs-938a_b73d3809e77942260d301b816537f5e9-focal-860x560-1-688x451-1.jpg\" \/>\n\t<meta property=\"og:image:width\" content=\"688\" \/>\n\t<meta property=\"og:image:height\" content=\"451\" \/>\n\t<meta property=\"og:image:type\" content=\"image\/jpeg\" \/>\n<meta name=\"author\" content=\"Eva Hauksd\u00f3ttir\" \/>\n<meta name=\"twitter:card\" content=\"summary_large_image\" \/>\n<meta name=\"twitter:label1\" content=\"Written by\" \/>\n\t<meta name=\"twitter:data1\" content=\"\" \/>\n\t<meta name=\"twitter:label2\" content=\"Est. reading time\" \/>\n\t<meta name=\"twitter:data2\" content=\"5 minutes\" \/>\n<script type=\"application\/ld+json\" class=\"yoast-schema-graph\">{\"@context\":\"https:\\\/\\\/schema.org\",\"@graph\":[{\"@type\":\"Article\",\"@id\":\"https:\\\/\\\/www.norn.is\\\/eva\\\/2020\\\/07\\\/01\\\/sidasta-othokkaverk-rikisstjornarinnar\\\/#article\",\"isPartOf\":{\"@id\":\"https:\\\/\\\/www.norn.is\\\/eva\\\/2020\\\/07\\\/01\\\/sidasta-othokkaverk-rikisstjornarinnar\\\/\"},\"author\":{\"name\":\"Eva Hauksd\u00f3ttir\",\"@id\":\"https:\\\/\\\/www.norn.is\\\/eva\\\/#\\\/schema\\\/person\\\/1d9742389918a297671033a2b53d3d34\"},\"headline\":\"S\u00ed\u00f0asta \u00f3\u00feokkaverk r\u00edkisstj\u00f3rnarinnar\",\"datePublished\":\"2020-07-01T12:31:00+00:00\",\"dateModified\":\"2020-07-06T13:38:11+00:00\",\"mainEntityOfPage\":{\"@id\":\"https:\\\/\\\/www.norn.is\\\/eva\\\/2020\\\/07\\\/01\\\/sidasta-othokkaverk-rikisstjornarinnar\\\/\"},\"wordCount\":989,\"image\":{\"@id\":\"https:\\\/\\\/www.norn.is\\\/eva\\\/2020\\\/07\\\/01\\\/sidasta-othokkaverk-rikisstjornarinnar\\\/#primaryimage\"},\"thumbnailUrl\":\"https:\\\/\\\/www.norn.is\\\/eva\\\/wp-content\\\/uploads\\\/sites\\\/36\\\/2020\\\/07\\\/171012-nyc-bronx-heroin-prep-njs-938a_b73d3809e77942260d301b816537f5e9-focal-860x560-1-688x451-1.jpg\",\"keywords\":[\"afgl\u00e6pav\u00e6\u00f0ing\",\"f\u00edkn\"],\"articleSection\":[\"Heilbrig\u00f0is- &amp; f\u00e9lagsm\u00e1l\",\"Mann\u00fa\u00f0arm\u00e1l\",\"Vald &amp; velfer\u00f0\"],\"inLanguage\":\"is\"},{\"@type\":\"WebPage\",\"@id\":\"https:\\\/\\\/www.norn.is\\\/eva\\\/2020\\\/07\\\/01\\\/sidasta-othokkaverk-rikisstjornarinnar\\\/\",\"url\":\"https:\\\/\\\/www.norn.is\\\/eva\\\/2020\\\/07\\\/01\\\/sidasta-othokkaverk-rikisstjornarinnar\\\/\",\"name\":\"S\u00ed\u00f0asta \u00f3\u00feokkaverk r\u00edkisstj\u00f3rnarinnar - Eva Hauksd\u00f3ttir\",\"isPartOf\":{\"@id\":\"https:\\\/\\\/www.norn.is\\\/eva\\\/#website\"},\"primaryImageOfPage\":{\"@id\":\"https:\\\/\\\/www.norn.is\\\/eva\\\/2020\\\/07\\\/01\\\/sidasta-othokkaverk-rikisstjornarinnar\\\/#primaryimage\"},\"image\":{\"@id\":\"https:\\\/\\\/www.norn.is\\\/eva\\\/2020\\\/07\\\/01\\\/sidasta-othokkaverk-rikisstjornarinnar\\\/#primaryimage\"},\"thumbnailUrl\":\"https:\\\/\\\/www.norn.is\\\/eva\\\/wp-content\\\/uploads\\\/sites\\\/36\\\/2020\\\/07\\\/171012-nyc-bronx-heroin-prep-njs-938a_b73d3809e77942260d301b816537f5e9-focal-860x560-1-688x451-1.jpg\",\"datePublished\":\"2020-07-01T12:31:00+00:00\",\"dateModified\":\"2020-07-06T13:38:11+00:00\",\"author\":{\"@id\":\"https:\\\/\\\/www.norn.is\\\/eva\\\/#\\\/schema\\\/person\\\/1d9742389918a297671033a2b53d3d34\"},\"breadcrumb\":{\"@id\":\"https:\\\/\\\/www.norn.is\\\/eva\\\/2020\\\/07\\\/01\\\/sidasta-othokkaverk-rikisstjornarinnar\\\/#breadcrumb\"},\"inLanguage\":\"is\",\"potentialAction\":[{\"@type\":\"ReadAction\",\"target\":[\"https:\\\/\\\/www.norn.is\\\/eva\\\/2020\\\/07\\\/01\\\/sidasta-othokkaverk-rikisstjornarinnar\\\/\"]}]},{\"@type\":\"ImageObject\",\"inLanguage\":\"is\",\"@id\":\"https:\\\/\\\/www.norn.is\\\/eva\\\/2020\\\/07\\\/01\\\/sidasta-othokkaverk-rikisstjornarinnar\\\/#primaryimage\",\"url\":\"https:\\\/\\\/www.norn.is\\\/eva\\\/wp-content\\\/uploads\\\/sites\\\/36\\\/2020\\\/07\\\/171012-nyc-bronx-heroin-prep-njs-938a_b73d3809e77942260d301b816537f5e9-focal-860x560-1-688x451-1.jpg\",\"contentUrl\":\"https:\\\/\\\/www.norn.is\\\/eva\\\/wp-content\\\/uploads\\\/sites\\\/36\\\/2020\\\/07\\\/171012-nyc-bronx-heroin-prep-njs-938a_b73d3809e77942260d301b816537f5e9-focal-860x560-1-688x451-1.jpg\",\"width\":688,\"height\":451},{\"@type\":\"BreadcrumbList\",\"@id\":\"https:\\\/\\\/www.norn.is\\\/eva\\\/2020\\\/07\\\/01\\\/sidasta-othokkaverk-rikisstjornarinnar\\\/#breadcrumb\",\"itemListElement\":[{\"@type\":\"ListItem\",\"position\":1,\"name\":\"Home\",\"item\":\"https:\\\/\\\/www.norn.is\\\/eva\\\/\"},{\"@type\":\"ListItem\",\"position\":2,\"name\":\"S\u00ed\u00f0asta \u00f3\u00feokkaverk r\u00edkisstj\u00f3rnarinnar\"}]},{\"@type\":\"WebSite\",\"@id\":\"https:\\\/\\\/www.norn.is\\\/eva\\\/#website\",\"url\":\"https:\\\/\\\/www.norn.is\\\/eva\\\/\",\"name\":\"Eva Hauksd\u00f3ttir\",\"description\":\"Evu blogg\",\"potentialAction\":[{\"@type\":\"SearchAction\",\"target\":{\"@type\":\"EntryPoint\",\"urlTemplate\":\"https:\\\/\\\/www.norn.is\\\/eva\\\/?s={search_term_string}\"},\"query-input\":{\"@type\":\"PropertyValueSpecification\",\"valueRequired\":true,\"valueName\":\"search_term_string\"}}],\"inLanguage\":\"is\"},{\"@type\":\"Person\",\"@id\":\"https:\\\/\\\/www.norn.is\\\/eva\\\/#\\\/schema\\\/person\\\/1d9742389918a297671033a2b53d3d34\",\"name\":\"Eva Hauksd\u00f3ttir\",\"image\":{\"@type\":\"ImageObject\",\"inLanguage\":\"is\",\"@id\":\"https:\\\/\\\/secure.gravatar.com\\\/avatar\\\/3690cd9ff7436a8a5d80acdc8fcb1046fbb9e002d4b532c85080d1bcbede84ce?s=96&d=mm&r=g\",\"url\":\"https:\\\/\\\/secure.gravatar.com\\\/avatar\\\/3690cd9ff7436a8a5d80acdc8fcb1046fbb9e002d4b532c85080d1bcbede84ce?s=96&d=mm&r=g\",\"contentUrl\":\"https:\\\/\\\/secure.gravatar.com\\\/avatar\\\/3690cd9ff7436a8a5d80acdc8fcb1046fbb9e002d4b532c85080d1bcbede84ce?s=96&d=mm&r=g\",\"caption\":\"Eva Hauksd\u00f3ttir\"},\"url\":\"https:\\\/\\\/www.norn.is\\\/eva\\\/author\\\/evahauks\\\/\"}]}<\/script>\n<!-- \/ Yoast SEO plugin. -->","yoast_head_json":{"title":"S\u00ed\u00f0asta \u00f3\u00feokkaverk r\u00edkisstj\u00f3rnarinnar - Eva Hauksd\u00f3ttir","robots":{"index":"index","follow":"follow","max-snippet":"max-snippet:-1","max-image-preview":"max-image-preview:large","max-video-preview":"max-video-preview:-1"},"canonical":"https:\/\/www.norn.is\/eva\/2020\/07\/01\/sidasta-othokkaverk-rikisstjornarinnar\/","og_locale":"is_IS","og_type":"article","og_title":"S\u00ed\u00f0asta \u00f3\u00feokkaverk r\u00edkisstj\u00f3rnarinnar - Eva Hauksd\u00f3ttir","og_description":"S\u00ed\u00f0asta \u00f3\u00feokkaverk r\u00edkisstj\u00f3rnar Katr\u00ednar Jakobsd\u00f3ttur fyrir sumarfr\u00ed var a\u00f0 fella frumvarp um a\u00f0 varsla neysluskammta f\u00edkniefna ver\u00f0i refsilaus. \u00deetta er \u00e1l\u00edka n\u00ed\u00f0ingslegt og a\u00f0 sam\u00feykkja a\u00f0 refsa exemsj\u00faklingum fyrir a\u00f0 kl\u00f3ra s\u00e9r e\u00f0a offitusj\u00faklingum fyrir a\u00f0 bor\u00f0a sykur. Af og til afhj\u00fapast grimmdin og mannfyrirlitningin sem f\u00edklar m\u00e6ta \u00ed heilbrig\u00f0iskerfinu, stj\u00f3rnkerfinu og d\u00f3mskerfinu. \u00de\u00f3tt nau\u00f0ungarvistun [&hellip;]","og_url":"https:\/\/www.norn.is\/eva\/2020\/07\/01\/sidasta-othokkaverk-rikisstjornarinnar\/","og_site_name":"Eva Hauksd\u00f3ttir","article_published_time":"2020-07-01T12:31:00+00:00","article_modified_time":"2020-07-06T13:38:11+00:00","og_image":[{"width":688,"height":451,"url":"https:\/\/www.norn.is\/eva\/wp-content\/uploads\/sites\/36\/2020\/07\/171012-nyc-bronx-heroin-prep-njs-938a_b73d3809e77942260d301b816537f5e9-focal-860x560-1-688x451-1.jpg","type":"image\/jpeg"}],"author":"Eva Hauksd\u00f3ttir","twitter_card":"summary_large_image","twitter_misc":{"Written by":false,"Est. reading time":"5 minutes"},"schema":{"@context":"https:\/\/schema.org","@graph":[{"@type":"Article","@id":"https:\/\/www.norn.is\/eva\/2020\/07\/01\/sidasta-othokkaverk-rikisstjornarinnar\/#article","isPartOf":{"@id":"https:\/\/www.norn.is\/eva\/2020\/07\/01\/sidasta-othokkaverk-rikisstjornarinnar\/"},"author":{"name":"Eva Hauksd\u00f3ttir","@id":"https:\/\/www.norn.is\/eva\/#\/schema\/person\/1d9742389918a297671033a2b53d3d34"},"headline":"S\u00ed\u00f0asta \u00f3\u00feokkaverk r\u00edkisstj\u00f3rnarinnar","datePublished":"2020-07-01T12:31:00+00:00","dateModified":"2020-07-06T13:38:11+00:00","mainEntityOfPage":{"@id":"https:\/\/www.norn.is\/eva\/2020\/07\/01\/sidasta-othokkaverk-rikisstjornarinnar\/"},"wordCount":989,"image":{"@id":"https:\/\/www.norn.is\/eva\/2020\/07\/01\/sidasta-othokkaverk-rikisstjornarinnar\/#primaryimage"},"thumbnailUrl":"https:\/\/www.norn.is\/eva\/wp-content\/uploads\/sites\/36\/2020\/07\/171012-nyc-bronx-heroin-prep-njs-938a_b73d3809e77942260d301b816537f5e9-focal-860x560-1-688x451-1.jpg","keywords":["afgl\u00e6pav\u00e6\u00f0ing","f\u00edkn"],"articleSection":["Heilbrig\u00f0is- &amp; f\u00e9lagsm\u00e1l","Mann\u00fa\u00f0arm\u00e1l","Vald &amp; velfer\u00f0"],"inLanguage":"is"},{"@type":"WebPage","@id":"https:\/\/www.norn.is\/eva\/2020\/07\/01\/sidasta-othokkaverk-rikisstjornarinnar\/","url":"https:\/\/www.norn.is\/eva\/2020\/07\/01\/sidasta-othokkaverk-rikisstjornarinnar\/","name":"S\u00ed\u00f0asta \u00f3\u00feokkaverk r\u00edkisstj\u00f3rnarinnar - Eva Hauksd\u00f3ttir","isPartOf":{"@id":"https:\/\/www.norn.is\/eva\/#website"},"primaryImageOfPage":{"@id":"https:\/\/www.norn.is\/eva\/2020\/07\/01\/sidasta-othokkaverk-rikisstjornarinnar\/#primaryimage"},"image":{"@id":"https:\/\/www.norn.is\/eva\/2020\/07\/01\/sidasta-othokkaverk-rikisstjornarinnar\/#primaryimage"},"thumbnailUrl":"https:\/\/www.norn.is\/eva\/wp-content\/uploads\/sites\/36\/2020\/07\/171012-nyc-bronx-heroin-prep-njs-938a_b73d3809e77942260d301b816537f5e9-focal-860x560-1-688x451-1.jpg","datePublished":"2020-07-01T12:31:00+00:00","dateModified":"2020-07-06T13:38:11+00:00","author":{"@id":"https:\/\/www.norn.is\/eva\/#\/schema\/person\/1d9742389918a297671033a2b53d3d34"},"breadcrumb":{"@id":"https:\/\/www.norn.is\/eva\/2020\/07\/01\/sidasta-othokkaverk-rikisstjornarinnar\/#breadcrumb"},"inLanguage":"is","potentialAction":[{"@type":"ReadAction","target":["https:\/\/www.norn.is\/eva\/2020\/07\/01\/sidasta-othokkaverk-rikisstjornarinnar\/"]}]},{"@type":"ImageObject","inLanguage":"is","@id":"https:\/\/www.norn.is\/eva\/2020\/07\/01\/sidasta-othokkaverk-rikisstjornarinnar\/#primaryimage","url":"https:\/\/www.norn.is\/eva\/wp-content\/uploads\/sites\/36\/2020\/07\/171012-nyc-bronx-heroin-prep-njs-938a_b73d3809e77942260d301b816537f5e9-focal-860x560-1-688x451-1.jpg","contentUrl":"https:\/\/www.norn.is\/eva\/wp-content\/uploads\/sites\/36\/2020\/07\/171012-nyc-bronx-heroin-prep-njs-938a_b73d3809e77942260d301b816537f5e9-focal-860x560-1-688x451-1.jpg","width":688,"height":451},{"@type":"BreadcrumbList","@id":"https:\/\/www.norn.is\/eva\/2020\/07\/01\/sidasta-othokkaverk-rikisstjornarinnar\/#breadcrumb","itemListElement":[{"@type":"ListItem","position":1,"name":"Home","item":"https:\/\/www.norn.is\/eva\/"},{"@type":"ListItem","position":2,"name":"S\u00ed\u00f0asta \u00f3\u00feokkaverk r\u00edkisstj\u00f3rnarinnar"}]},{"@type":"WebSite","@id":"https:\/\/www.norn.is\/eva\/#website","url":"https:\/\/www.norn.is\/eva\/","name":"Eva Hauksd\u00f3ttir","description":"Evu blogg","potentialAction":[{"@type":"SearchAction","target":{"@type":"EntryPoint","urlTemplate":"https:\/\/www.norn.is\/eva\/?s={search_term_string}"},"query-input":{"@type":"PropertyValueSpecification","valueRequired":true,"valueName":"search_term_string"}}],"inLanguage":"is"},{"@type":"Person","@id":"https:\/\/www.norn.is\/eva\/#\/schema\/person\/1d9742389918a297671033a2b53d3d34","name":"Eva Hauksd\u00f3ttir","image":{"@type":"ImageObject","inLanguage":"is","@id":"https:\/\/secure.gravatar.com\/avatar\/3690cd9ff7436a8a5d80acdc8fcb1046fbb9e002d4b532c85080d1bcbede84ce?s=96&d=mm&r=g","url":"https:\/\/secure.gravatar.com\/avatar\/3690cd9ff7436a8a5d80acdc8fcb1046fbb9e002d4b532c85080d1bcbede84ce?s=96&d=mm&r=g","contentUrl":"https:\/\/secure.gravatar.com\/avatar\/3690cd9ff7436a8a5d80acdc8fcb1046fbb9e002d4b532c85080d1bcbede84ce?s=96&d=mm&r=g","caption":"Eva Hauksd\u00f3ttir"},"url":"https:\/\/www.norn.is\/eva\/author\/evahauks\/"}]}},"_links":{"self":[{"href":"https:\/\/www.norn.is\/eva\/wp-json\/wp\/v2\/posts\/1448","targetHints":{"allow":["GET"]}}],"collection":[{"href":"https:\/\/www.norn.is\/eva\/wp-json\/wp\/v2\/posts"}],"about":[{"href":"https:\/\/www.norn.is\/eva\/wp-json\/wp\/v2\/types\/post"}],"author":[{"embeddable":true,"href":"https:\/\/www.norn.is\/eva\/wp-json\/wp\/v2\/users\/7"}],"replies":[{"embeddable":true,"href":"https:\/\/www.norn.is\/eva\/wp-json\/wp\/v2\/comments?post=1448"}],"version-history":[{"count":1,"href":"https:\/\/www.norn.is\/eva\/wp-json\/wp\/v2\/posts\/1448\/revisions"}],"predecessor-version":[{"id":1451,"href":"https:\/\/www.norn.is\/eva\/wp-json\/wp\/v2\/posts\/1448\/revisions\/1451"}],"wp:featuredmedia":[{"embeddable":true,"href":"https:\/\/www.norn.is\/eva\/wp-json\/wp\/v2\/media\/1452"}],"wp:attachment":[{"href":"https:\/\/www.norn.is\/eva\/wp-json\/wp\/v2\/media?parent=1448"}],"wp:term":[{"taxonomy":"category","embeddable":true,"href":"https:\/\/www.norn.is\/eva\/wp-json\/wp\/v2\/categories?post=1448"},{"taxonomy":"post_tag","embeddable":true,"href":"https:\/\/www.norn.is\/eva\/wp-json\/wp\/v2\/tags?post=1448"}],"curies":[{"name":"wp","href":"https:\/\/api.w.org\/{rel}","templated":true}]}}