{"id":1309,"date":"2019-11-18T15:40:46","date_gmt":"2019-11-18T15:40:46","guid":{"rendered":"http:\/\/www.norn.is\/eva\/?p=1309"},"modified":"2020-07-13T16:47:13","modified_gmt":"2020-07-13T16:47:13","slug":"ordsporid-en-ekki-innistaedan-vidbrogdin-vid-samherjamalinu","status":"publish","type":"post","link":"https:\/\/www.norn.is\/eva\/2019\/11\/18\/ordsporid-en-ekki-innistaedan-vidbrogdin-vid-samherjamalinu\/","title":{"rendered":"Or\u00f0spori\u00f0 en ekki innist\u00e6\u00f0an \u2013 vi\u00f0br\u00f6g\u00f0in vi\u00f0 Samherjam\u00e1linu"},"content":{"rendered":"\n<p>\u00cd Namib\u00edu grasserar spilling og \u00fea\u00f0 eru ekki n\u00fdjar fr\u00e9ttir. En \u00fear \u00ed landi vir\u00f0ist \u00fe\u00f3 vera einhver vi\u00f0leitni til a\u00f0 breg\u00f0ast vi\u00f0 henni. Tveir r\u00e1\u00f0herrar hafa sagt af s\u00e9r, ranns\u00f3kn komin \u00ed fullan gang og n\u00fa er veri\u00f0 a\u00f0&nbsp;<a href=\"https:\/\/kjarninn.is\/frettir\/2019-11-17-bankareikningar-mututhega-i-samherjamalinu-i-namibiu-frystir\">frysta eigur \u201eh\u00e1karlanna\u201c<\/a>.<\/p>\n\n\n\n<p>\u00c1 \u00cdslandi hafa fj\u00f6lmi\u00f0lar lagt sig fram um a\u00f0 uppl\u00fdsa m\u00e1li\u00f0 og hafa m.a. birt almenningi g\u00f6gn sem gefa sterka v\u00edsbendingu um a\u00f0 \u00edslenskt fyrirt\u00e6ki s\u00e9 l\u00f6\u00f0randi \u00ed spillingu. \u00deeir sem ranns\u00f3knarskyldan hv\u00edlir \u00e1 fara s\u00e9r hinsvegar h\u00e6gt. Heyrst hefur a\u00f0 m\u00e1li\u00f0 s\u00e9 \u00e1 bor\u00f0i saks\u00f3knara en sex d\u00f6gum eftir afhj\u00fapun Kveiks og Stundarinnar fer enn engum s\u00f6gum af neinum ranns\u00f3knara\u00f0ger\u00f0um. \u00deannig hefur ekkert heyrst um a\u00f0 forsvarsmenn Samherja hafi veri\u00f0 bo\u00f0a\u00f0ir \u00ed sk\u00fdrslut\u00f6ku, a\u00f0 h\u00fasleit hafi veri\u00f0 ger\u00f0 e\u00f0a&nbsp; b\u00f3khald haldlagt. Allra s\u00edst hefur g\u00e6sluvar\u00f0hald veri\u00f0 nefnt sem m\u00f6guleiki enda v\u00e6ntanlega engar l\u00edkur \u00e1 \u00fev\u00ed a\u00f0 \u00feessir&nbsp;<a href=\"https:\/\/stundin.is\/grein\/10016\/\">\u00f3skattf\u00e6lnu<\/a>&nbsp;s\u00f3mamenn ey\u00f0i g\u00f6gnum e\u00f0a reyni a\u00f0 hafa \u00e1hrif \u00e1 frambur\u00f0 vitna. Pistlah\u00f6fundar arga \u00e1 a\u00f0ger\u00f0ir, samf\u00e9lagsmi\u00f0lar loga en ekkert bendir til \u00feess a\u00f0 \u00feeir sem valdi\u00f0 hafa s\u00e9u a\u00f0 sp\u00e1 \u00ed kyrrsetningu eigna e\u00f0a a\u00f0rar a\u00f0ger\u00f0ir sem g\u00e6tu takmarka\u00f0 tj\u00f3ni\u00f0.<\/p>\n\n\n\n<h2 class=\"wp-block-heading\">\u00cd augum alheimsins<\/h2>\n\n\n\n<p>\u00c1 Al\u00feingi hnakkr\u00edfast fj\u00e1rm\u00e1lar\u00e1\u00f0herra og \u00feingflokksforma\u00f0ur Samfylkingarinnar um \u00fea\u00f0&nbsp;<a href=\"https:\/\/www.ruv.is\/frett\/ottast-ad-island-se-alitid-spillingarbaeli\">hvort \u00cdsland s\u00e9 \u00e1liti\u00f0 spillingarb\u00e6li e\u00f0a ekki.<\/a>&nbsp;Ekki hvort \u00cdsland&nbsp;<em>s\u00e9<\/em>&nbsp;spillingarb\u00e6li heldur hvernig \u00feetta l\u00edti n\u00fa allt \u00fat \u00ed augum alheimsins. Annar Samfylkingarma\u00f0ur tj\u00e1ir sig um m\u00f6guleikana \u00e1 a\u00f0 sj\u00e1var\u00fatvegsr\u00e1\u00f0herra dragi sig \u00ed hl\u00e9 og a\u00f0&nbsp;<a href=\"https:\/\/stundin.is\/grein\/9985\/\">eignir ver\u00f0i kyrrsettar<\/a>&nbsp;me\u00f0an \u00e1 ranns\u00f3kn stendur en m\u00e6tir \u00fat\u00farsn\u00faningum af h\u00e1lfu \u00feingmanns Sj\u00e1lfst\u00e6\u00f0isflokkins sem jafnframt hefur mestar \u00e1hyggjur af \u00fev\u00ed a\u00f0 \u00feingmenn s\u00e9u a\u00f0 \u201e<a href=\"http:\/\/www.hringbraut.is\/frettir\/brynjar-undrandi-sverta-island-ut-um-allan-heim\">sverta \u00cdsland \u00fat um allan heim<\/a>.\u201c Vandam\u00e1li\u00f0 er ekki \u00fea\u00f0 a\u00f0 Samherji hafi varpa\u00f0 r\u00fdr\u00f0 \u00e1 \u00cdsland, heldur eru sk\u00farkarnir \u00feeir sem eru hneyksla\u00f0ir \u00e1 Samherja.<\/p>\n\n\n\n<p>R\u00edkisstj\u00f3rnin er hin r\u00f3legasta. Fors\u00e6tisr\u00e1\u00f0herra b\u00fd\u00f0ur upp \u00e1 s\u00f6mu s\u00e1puk\u00falurnar og venjulega; \u00feetta er skammarlegt og \u00fearf a\u00f0 rannsaka. H\u00fan hefur \u00e1hyggjur af&nbsp;<a href=\"https:\/\/www.mbl.is\/frettir\/innlent\/2019\/11\/13\/katrin_hefur_ahyggjur_af_ordspori_islands\/\">or\u00f0spori \u00cdslands \u00fat \u00e1 vi\u00f0<\/a>&nbsp;en ber samt fullt traust til sj\u00e1var\u00fatvegsr\u00e1\u00f0herra. \u00deess sama sj\u00e1var\u00fatvegsr\u00e1\u00f0herra og hefur&nbsp;<a href=\"https:\/\/www.ruv.is\/frett\/segir-kristjan-thor-hafa-hitt-thremenningana\">gengi\u00f0 \u00e1 fund m\u00fatu\u00feeganna.<\/a>&nbsp;\u00dea\u00f0 er alveg n\u00f3g fyrir fors\u00e6tisr\u00e1\u00f0herra a\u00f0 h\u00fan tr\u00fai engu misj\u00f6fnu upp \u00e1 samr\u00e1\u00f0herra sinn sj\u00e1lf, \u00fea\u00f0 skiptir ekki m\u00e1li \u00fe\u00f3tt almenningur \u00ed landinu dragi \u00e1lyktanir af \u00feeim g\u00f6gnum sem fyrir liggja. Trausti\u00f0 til sj\u00e1var\u00fatvegsr\u00e1\u00f0herra og \u00fear me\u00f0 r\u00edkisstj\u00f3rnarinnar innanlands er ekki \u00fea\u00f0 sem m\u00e1li skiptir, heldur \u00edmynd \u00cdslands \u00e1 al\u00fej\u00f3\u00f0avettvangi.<\/p>\n\n\n\n<p>Samg\u00f6ngur\u00e1\u00f0herra gefur s\u00f6mulei\u00f0is l\u00edti\u00f0 fyrir \u00e1hyggjur \u00cdslendinga af \u00f3hei\u00f0arlegum vi\u00f0skiptah\u00e1ttum enda&nbsp;<a href=\"https:\/\/www.visir.is\/g\/2019191119462\">\u201efjarst\u00e6\u00f0ukennd tilhugsun\u201c a\u00f0 Samherji stundi m\u00fatugrei\u00f0slur \u00e1 \u00cdslandi.<\/a>&nbsp;Kannski fannst r\u00e1\u00f0herra \u00fea\u00f0 ekkert fjarst\u00e6\u00f0ukennt a\u00f0 \u00edslenskt fyrirt\u00e6ki greiddi m\u00fatur til \u00feess a\u00f0 s\u00f6lsa undir sig aflaheimildir \u00ed Namib\u00edu.<\/p>\n\n\n\n<h2 class=\"wp-block-heading\">Svo skal b\u00f6l b\u00e6ta a\u00f0 benda \u00e1 eitthva\u00f0 anna\u00f0<\/h2>\n\n\n\n<p>Vi\u00f0br\u00f6g\u00f0 fj\u00e1rm\u00e1lar\u00e1\u00f0herra eru \u00e1l\u00edka \u00f6murleg og venjulega. \u00dea\u00f0 er kannski ekki vi\u00f0 \u00fev\u00ed a\u00f0 b\u00faast a\u00f0 fj\u00e1rm\u00e1lar\u00e1\u00f0herra \u00e1tti sig \u00e1 \u00fev\u00ed hva\u00f0 \u00fea\u00f0 eiginlega er sem f\u00f3lki misb\u00fd\u00f0ur. Hann var j\u00fa endurkj\u00f6rinn einmitt \u00ed kj\u00f6lfar \u00feess a\u00f0 nafn hans birtist \u00ed hinum alr\u00e6mdu Panamaskj\u00f6lum \u00fear sem fram kom a\u00f0 hann hefur \u00e1tt aflandsf\u00e9lag. Ekkert hefur komi\u00f0 fram um a\u00f0 hann hafi stunda\u00f0 skattaundanskot en lj\u00f3st a\u00f0 hann var \u00ed g\u00f3\u00f0ri a\u00f0st\u00f6\u00f0u til \u00feess og \u00ed \u00fev\u00ed aldarfari sem r\u00edkt hefur \u00e1 \u00cdslandi fr\u00e1 hruni n\u00e6gir \u00fea\u00f0 til \u00feess a\u00f0 gera eftirfarandi klausu \u00far&nbsp;<a href=\"https:\/\/www.stjornarradid.is\/rikisstjorn\/stefnuyfirlysing\/\">stefnuyfirl\u00fdsingu r\u00edkisstj\u00f3rnarflokkanna<\/a>&nbsp;\u00ed meira lagi kaldh\u00e6\u00f0nislega:<\/p>\n\n\n\n<blockquote class=\"wp-block-quote is-layout-flow wp-block-quote-is-layout-flow\"><p>\u00c1framhaldandi \u00e1hersla \u00fearf a\u00f0 vera \u00e1 al\u00fej\u00f3\u00f0legt samstarf gegn skattundanskotum og skattsvikum \u00feannig a\u00f0 \u00cdsland skipi s\u00e9r \u00ed fremstu r\u00f6\u00f0 r\u00edkja sem berjast gegn skattaskj\u00f3lum.<\/p><\/blockquote>\n\n\n\n<p>Ma\u00f0ur sem kann a\u00f0 skammast s\u00edn hef\u00f0i ro\u00f0na\u00f0 upp \u00ed h\u00e1rsr\u00e6tur og be\u00f0ist afs\u00f6kunar \u00e1 \u00feessum innist\u00e6\u00f0ulausa sj\u00e1lfbirgingsh\u00e6tti \u00feegar&nbsp;<a href=\"https:\/\/www.ruv.is\/frett\/island-komid-a-graan-peningathvaettislista-fatf\">\u00cdsland lenti \u00e1 gr\u00e1um lista<\/a>&nbsp;yfir r\u00edki sem vanr\u00e6kja varnir gegn peninga\u00fev\u00e6tti og fj\u00e1rm\u00f6gnun hry\u00f0juverka (en \u00fear gegna skattaskj\u00f3l lykilhlutverki). En ekki fj\u00e1rmalar\u00e1\u00f0herra \u00cdslands. Hann vi\u00f0urkenndi kinnro\u00f0alaust a\u00f0 \u00fea\u00f0 v\u00e6ri j\u00fa losarabragur \u00e1 \u00feessum m\u00e1lum hj\u00e1 okkur en har\u00f0neita\u00f0i \u00fev\u00ed a\u00f0 \u00cdsland \u00e6tti heima \u00e1 listanum og lag\u00f0i jafnframt \u00e1herslu \u00e1 a\u00f0 virkni \u00cdslands \u00ed samstarfinu \u00e6tti ekki a\u00f0eins a\u00f0 felast \u00ed \u00fev\u00ed a\u00f0 fara eftir \u00e1bendingum FATF&nbsp;\u201e<a href=\"https:\/\/www.ruv.is\/frett\/stefna-a-ad-komast-af-lista-fatf-i-februar\">heldur einnig benda \u00e1 hva\u00f0 megi betur fara hj\u00e1 \u00f6\u00f0rum r\u00edkjum.<\/a>\u201c&nbsp;&nbsp;\u00dea\u00f0 \u00fearf \u00fev\u00ed ekki a\u00f0 koma neinum \u00e1 \u00f3vart \u00fe\u00f3tt sami fj\u00e1rm\u00e1lar\u00e1\u00f0herra&nbsp;<a href=\"https:\/\/www.theguardian.com\/world\/2019\/nov\/15\/bribery-allegations-over-fishing-rights-rock-iceland-and-namibia\">bendi \u00e1 \u00fea\u00f0 sem betur m\u00e1 fara hj\u00e1 Namib\u00edu<\/a>&nbsp;\u00feegar Samherji er me\u00f0 br\u00fant \u00ed buxunum.<\/p>\n\n\n\n<p>D\u00f3msm\u00e1lar\u00e1\u00f0herra \u00feegir \u00feunnu hlj\u00f3\u00f0i.&nbsp;<a href=\"http:\/\/sigridur.is\/frettir-fra-fjarlaegu-landi\/\">Fyrrum d\u00f3msm\u00e1lar\u00e1\u00f0herra<\/a>&nbsp;notar \u00e1 hinn b\u00f3ginn t\u00e6kif\u00e6ri\u00f0 til a\u00f0 vi\u00f0ra efasemdir s\u00ednar um gildi \u00fer\u00f3unara\u00f0sto\u00f0ar. Jafnframt tekur h\u00fan \u00ed svipa\u00f0an streng og fj\u00e1rm\u00e1lar\u00e1\u00f0herra og harmar \u00fea\u00f0 a\u00f0 \u00edslenskt fyrirt\u00e6ki hafi veri\u00f0 sett \u00ed \u00fe\u00e1 erfi\u00f0u a\u00f0st\u00f6\u00f0u a\u00f0 ney\u00f0ast til a\u00f0 brj\u00f3ta l\u00f6g til \u00feess a\u00f0 geta s\u00f6lsa\u00f0 undir sig au\u00f0lindir. \u00dea\u00f0 er n\u00fa eitthva\u00f0 anna\u00f0 h\u00e9r heima \u00fear sem \u00fatger\u00f0armenn f\u00e1 au\u00f0lindirnar bara gefins.<\/p>\n\n\n\n<h2 class=\"wp-block-heading\">Samherjar \u00ed raun<\/h2>\n\n\n\n<p>\u00cd \u00f6llu f\u00e1rinu sitjum vi\u00f0 uppi me\u00f0 sj\u00e1var\u00fatvegsr\u00e1\u00f0herra sem er n\u00f3gu vinveittur meintum gl\u00e6paforingja til \u00feess a\u00f0&nbsp;<a href=\"https:\/\/stundin.is\/grein\/9988\/\">hringja \u00ed hann og spyrja um pers\u00f3nulega l\u00ed\u00f0an hans<\/a>&nbsp;\u00feegar vitnisbur\u00f0ur fyrrum starfsmanns og \u00f6nnur g\u00f6gn sem benda eindregi\u00f0 til umfangsmikillar gl\u00e6pastarfssemi eru birt almenningi. Honum \u00feykir nefnilega ekki bara v\u00e6nt um \u00deorstein M\u00e1 heldur hefur hann einnig taugar til Samherja. Traustur vinur getur gert kraftaverk. Fors\u00e6tisr\u00e1\u00f0herra hefur ekki \u00e1hyggjur af \u00fev\u00ed a\u00f0 sj\u00e1var\u00fatvegsr\u00e1\u00f0herra hafi teki\u00f0 upp \u00e1 \u00fev\u00ed a\u00f0 fremja kraftaverk fyrir vini s\u00edna.<\/p>\n\n\n\n<p>Sj\u00e1var\u00fatvegsr\u00e1\u00f0herra og samg\u00f6ngur\u00e1\u00f0herra fylgja vinar\u00feeli s\u00ednu eftir, dr\u00edfa sig til Dalv\u00edkur og&nbsp;<a href=\"https:\/\/www.frettabladid.is\/frettir\/radherrar-heimsottu-samherja-i-dag\/\">heims\u00e6kja Samherja<\/a>.&nbsp;Ekki til a\u00f0 gera forsvarsm\u00f6nnum grein fyrir \u00fev\u00ed a\u00f0 r\u00edkisstj\u00f3rnin l\u00edti m\u00e1li\u00f0 alvarlegum augum (enda gerir h\u00fan \u00fea\u00f0 ekki) heldur til \u00feess a\u00f0 losa landfestar skips sem h\u00e9lt svo \u00e1 haf \u00fat til a\u00f0 s\u00e6kja gjafakv\u00f3ta handa eigendunum. Fyrst og fremst \u00fe\u00f3 til a\u00f0 fagna byggingu fiskvinnsluh\u00fass sem m\u00f6gulega er byggt fyrir f\u00e9 sem fyrirt\u00e6ki\u00f0 haf\u00f0i af Namib\u00edum\u00f6nnum me\u00f0 margh\u00e1tta\u00f0ri gl\u00e6pastarfsemi. \u00dea\u00f0 er engin skylda r\u00e1\u00f0amanna a\u00f0 m\u00e6ta \u00e1 sl\u00edkar h\u00e1t\u00ed\u00f0ir e\u00f0a blessa fyrirt\u00e6ki \u00feegar \u00feau stu\u00f0la a\u00f0 uppbyggingu atvinnul\u00edfs. \u00dea\u00f0 er ekki einu sinni sterk hef\u00f0 fyrir \u00fev\u00ed. Eins og bent hefur veri\u00f0 \u00e1 m\u00e6tti&nbsp;<a href=\"http:\/\/www.bb.is\/2019\/11\/arctic-fish-enginn-radherra-samherji-tveir-radherrar\/\">enginn fulltr\u00fai r\u00edkisstj\u00f3rnarinnar \u00e1 T\u00e1lknafj\u00f6r\u00f0<\/a>&nbsp;\u00feegar \u00e1l\u00edka st\u00f3rt fyrirt\u00e6ki var teki\u00f0 i notkun \u00fear fyrir sk\u00f6mmu En kannski \u00e1 Artic Fish ekki neina vini \u00ed r\u00edkisstj\u00f3rninni.<\/p>\n\n\n\n<p>Og \u00fea\u00f0 eru ekki a\u00f0eins \u00feeir sem verma r\u00e1\u00f0herrast\u00f3lana sem s\u00fdna Samherja og stj\u00f3rnendum hans vinarhug \u00e1 \u00feessum erfi\u00f0u t\u00edmum. Varaforma\u00f0ur Mi\u00f0flokksins kvartar undan \u00e6sifr\u00e9ttamennsku og \u00e1 \u00fe\u00e1 vi\u00f0 s\u00e9rlega vanda\u00f0a \u00fattekt sem studd er s\u00f6nnunarg\u00f6gnum. Hann l\u00fdsir \u00fev\u00ed yfir a\u00f0\u00a0<a href=\"https:\/\/kjarninn.is\/frettir\/2019-11-15-gunnar-bragi-minnir-ad-stjornendur-samherja-eigi-born\/\">hugur sinn s\u00e9 hj\u00e1 starfsm\u00f6nnum Samherja<\/a>, \u00fe\u00f3tt engum spj\u00f3tum hafi veri\u00f0 beint a\u00f0 \u00f6\u00f0rum en \u00e6\u00f0stu stj\u00f3rnendum og bi\u00f0ur f\u00f3lk fyrir alla muni a\u00f0 hugsa um b\u00f6rnin.<\/p>\n\n\n\n<h2 class=\"wp-block-heading\">A\u00f0 endurvinna traust<\/h2>\n\n\n\n<div class=\"wp-block-image\"><figure class=\"alignright size-large is-resized\"><img loading=\"lazy\" decoding=\"async\" src=\"http:\/\/www.norn.is\/eva\/wp-content\/uploads\/sites\/36\/2020\/06\/think-of-the-children.jpg\" alt=\"\" class=\"wp-image-1312\" width=\"416\" height=\"312\" srcset=\"https:\/\/www.norn.is\/eva\/wp-content\/uploads\/sites\/36\/2020\/06\/think-of-the-children.jpg 640w, https:\/\/www.norn.is\/eva\/wp-content\/uploads\/sites\/36\/2020\/06\/think-of-the-children-300x225.jpg 300w\" sizes=\"auto, (max-width: 416px) 100vw, 416px\" \/><\/figure><\/div>\n\n\n\n<p>Og \u00fea\u00f0 eru ekki bara r\u00e1\u00f0herrar og \u00feingmenn sem afhj\u00fapa \u00fe\u00e1 afst\u00f6\u00f0u s\u00edna a\u00f0 \u00edmyndin skipti meira m\u00e1li en innist\u00e6\u00f0an.&nbsp;<a href=\"https:\/\/www.ruv.is\/frett\/samtok-atvinnulifsins-slegin-vegna-fretta-af-samherja\">Samt\u00f6k atvinnul\u00edfsins eru l\u00edka slegin<\/a>&nbsp;yfir fr\u00e9ttunum en telja \u00fe\u00f3 j\u00e1kv\u00e6tt a\u00f0 stj\u00f3rn Samherja hafi gripi\u00f0 til \u201eafdr\u00e1ttarlausra a\u00f0ger\u00f0a\u201c til a\u00f0 endurvinna traust. Enn sem fyrr er a\u00f0alm\u00e1li\u00f0 a\u00f0 or\u00f0spor \u00cdslands og \u00edslensks atvinnul\u00edfs b\u00ed\u00f0i sem minnsta hnekki.<\/p>\n\n\n\n<p>\u00cd yfirl\u00fdsingu Samtaka atvinnul\u00edfsins kemur fram a\u00f0 Samherji \u00feurfi a\u00f0 \u201eleggja spil s\u00edn \u00e1 bor\u00f0i\u00f0 gagnvart \u00feeim eftirlitsa\u00f0ilum sem \u00ed hlut eiga.\u201c Ekkert liggur fyrir um a\u00f0 Samherji hafi afhent eftirlitsa\u00f0ilum eitt e\u00f0a neitt. \u00dea\u00f0 sem Samherji hefur gert til a\u00f0 \u201eendurvinna traust\u201c er a\u00f0 r\u00e1\u00f0a s\u00e9r l\u00f6gmenn til a\u00f0 rannsaka fyrirt\u00e6ki\u00f0, \u00e1samt \u00fev\u00ed a\u00f0 leita til almannatengla og marka\u00f0ssetningarfyrirt\u00e6kja. \u00deetta eru \u00ed \u00fea\u00f0 minnsta einu \u201eafdr\u00e1ttarlausu a\u00f0ger\u00f0irnar\u201c sem almenningur hefur fengi\u00f0 ve\u00f0ur af. \u00dea\u00f0 j\u00e1kv\u00e6\u00f0a sem Samt\u00f6k atvinnul\u00edfsins sj\u00e1 \u00ed st\u00f6\u00f0unni er \u00fev\u00ed ekki \u00fea\u00f0 a\u00f0 Samherji hafi s\u00fdnt \u00fea\u00f0 \u00ed verki a\u00f0 forsvarsmenn \u00e6tli a\u00f0 svara spurningum fr\u00e9ttamanna undanbrag\u00f0alaust, opna b\u00f3khaldi\u00f0 og undirgangast ranns\u00f3kn til \u00feess b\u00e6rra yfirvalda, heldur eitthva\u00f0 allt anna\u00f0.<\/p>\n\n\n\n<h2 class=\"wp-block-heading\">Tv\u00ed\u00fe\u00e6ttur vandi<\/h2>\n\n\n\n<p>A\u00f0 \u00f6llu samanl\u00f6g\u00f0u er ekki anna\u00f0 a\u00f0 sj\u00e1 en a\u00f0 \u00fea\u00f0 s\u00e9 or\u00f0spor \u00cdslands og \u00fatger\u00f0armanna sem helstu valda- og \u00e1hrifamenn hafa mestar \u00e1hyggjur af. Vandam\u00e1li\u00f0 er tv\u00ed\u00fe\u00e6tt; annarsvegar spillingin i einhverju bananal\u00fd\u00f0veldi sem kemur okkur ekki vi\u00f0 og hinsvegar neikv\u00e6\u00f0 umr\u00e6\u00f0a. \u00deegar upp er sta\u00f0i\u00f0 er \u00fea\u00f0 sem m\u00e1li skiptir nefnilega \u00edmyndin. Ekki a\u00f0 \u00fea\u00f0 s\u00e9 einhver innist\u00e6\u00f0a fyrir henni.<\/p>\n\n\n\n<p>\u00dea\u00f0 \u00fearf enginn a\u00f0 ver\u00f0a hissa \u00e1 \u00fev\u00ed \u00fe\u00f3tt ranns\u00f3kn ver\u00f0i dregin \u00far h\u00f3fi. \u00dea\u00f0 \u00e6tti heldur ekki a\u00f0 koma \u00e1 \u00f3vart \u00fe\u00f3tt reynt ver\u00f0i a\u00f0 lappa upp \u00e1 \u00edmyndina me\u00f0 st\u00f3rkallalegum yfirl\u00fdsingum um a\u00f0 \u00cdsland \u00e6tli a\u00f0 komast \u00ed fremstu r\u00f6\u00f0 \u00feeirra r\u00edkja sem berjast gegn m\u00fatugrei\u00f0slum og r\u00e1nyrkju. Allra s\u00edst \u00feurfum vi\u00f0 a\u00f0 undrast ef r\u00e1\u00f0amenn hafna \u00e1liti al\u00fej\u00f3\u00f0legra eftirlitsstofnana \u00ed \u00feessu m\u00e1li sem \u00f6\u00f0rum.<\/p>\n","protected":false},"excerpt":{"rendered":"<p>\u00cd Namib\u00edu grasserar spilling og \u00fea\u00f0 eru ekki n\u00fdjar fr\u00e9ttir. En \u00fear \u00ed landi vir\u00f0ist \u00fe\u00f3 vera einhver vi\u00f0leitni til a\u00f0 breg\u00f0ast vi\u00f0 henni. Tveir r\u00e1\u00f0herrar hafa sagt af s\u00e9r, ranns\u00f3kn komin \u00ed fullan gang og n\u00fa er veri\u00f0 a\u00f0&nbsp;frysta eigur \u201eh\u00e1karlanna\u201c. \u00c1 \u00cdslandi hafa fj\u00f6lmi\u00f0lar lagt sig fram um a\u00f0 uppl\u00fdsa m\u00e1li\u00f0 og hafa [&hellip;]<\/p>\n","protected":false},"author":7,"featured_media":1311,"comment_status":"closed","ping_status":"open","sticky":false,"template":"","format":"standard","meta":{"_et_pb_use_builder":"off","_et_pb_old_content":"","_et_gb_content_width":"","footnotes":""},"categories":[197],"tags":[421,309,420],"class_list":["post-1309","post","type-post","status-publish","format-standard","has-post-thumbnail","hentry","category-vald-velferd","tag-mutur","tag-samherjamalid","tag-spilling","et-has-post-format-content","et_post_format-et-post-format-standard"],"yoast_head":"<!-- This site is optimized with the Yoast SEO plugin v27.5 - https:\/\/yoast.com\/product\/yoast-seo-wordpress\/ -->\n<title>Or\u00f0spori\u00f0 en ekki innist\u00e6\u00f0an \u2013 vi\u00f0br\u00f6g\u00f0in vi\u00f0 Samherjam\u00e1linu - Eva Hauksd\u00f3ttir<\/title>\n<meta name=\"robots\" content=\"index, follow, max-snippet:-1, max-image-preview:large, max-video-preview:-1\" \/>\n<link rel=\"canonical\" href=\"https:\/\/www.norn.is\/eva\/2019\/11\/18\/ordsporid-en-ekki-innistaedan-vidbrogdin-vid-samherjamalinu\/\" \/>\n<meta property=\"og:locale\" content=\"is_IS\" \/>\n<meta property=\"og:type\" content=\"article\" \/>\n<meta property=\"og:title\" content=\"Or\u00f0spori\u00f0 en ekki innist\u00e6\u00f0an \u2013 vi\u00f0br\u00f6g\u00f0in vi\u00f0 Samherjam\u00e1linu - Eva Hauksd\u00f3ttir\" \/>\n<meta property=\"og:description\" content=\"\u00cd Namib\u00edu grasserar spilling og \u00fea\u00f0 eru ekki n\u00fdjar fr\u00e9ttir. En \u00fear \u00ed landi vir\u00f0ist \u00fe\u00f3 vera einhver vi\u00f0leitni til a\u00f0 breg\u00f0ast vi\u00f0 henni. Tveir r\u00e1\u00f0herrar hafa sagt af s\u00e9r, ranns\u00f3kn komin \u00ed fullan gang og n\u00fa er veri\u00f0 a\u00f0&nbsp;frysta eigur \u201eh\u00e1karlanna\u201c. \u00c1 \u00cdslandi hafa fj\u00f6lmi\u00f0lar lagt sig fram um a\u00f0 uppl\u00fdsa m\u00e1li\u00f0 og hafa [&hellip;]\" \/>\n<meta property=\"og:url\" content=\"https:\/\/www.norn.is\/eva\/2019\/11\/18\/ordsporid-en-ekki-innistaedan-vidbrogdin-vid-samherjamalinu\/\" \/>\n<meta property=\"og:site_name\" content=\"Eva Hauksd\u00f3ttir\" \/>\n<meta property=\"article:published_time\" content=\"2019-11-18T15:40:46+00:00\" \/>\n<meta property=\"article:modified_time\" content=\"2020-07-13T16:47:13+00:00\" \/>\n<meta property=\"og:image\" content=\"https:\/\/www.norn.is\/eva\/wp-content\/uploads\/sites\/36\/2019\/11\/samherji.jpg\" \/>\n\t<meta property=\"og:image:width\" content=\"601\" \/>\n\t<meta property=\"og:image:height\" content=\"321\" \/>\n\t<meta property=\"og:image:type\" content=\"image\/jpeg\" \/>\n<meta name=\"author\" content=\"Eva Hauksd\u00f3ttir\" \/>\n<meta name=\"twitter:card\" content=\"summary_large_image\" \/>\n<meta name=\"twitter:label1\" content=\"Written by\" \/>\n\t<meta name=\"twitter:data1\" content=\"\" \/>\n\t<meta name=\"twitter:label2\" content=\"Est. reading time\" \/>\n\t<meta name=\"twitter:data2\" content=\"9 minutes\" \/>\n<script type=\"application\/ld+json\" class=\"yoast-schema-graph\">{\"@context\":\"https:\\\/\\\/schema.org\",\"@graph\":[{\"@type\":\"Article\",\"@id\":\"https:\\\/\\\/www.norn.is\\\/eva\\\/2019\\\/11\\\/18\\\/ordsporid-en-ekki-innistaedan-vidbrogdin-vid-samherjamalinu\\\/#article\",\"isPartOf\":{\"@id\":\"https:\\\/\\\/www.norn.is\\\/eva\\\/2019\\\/11\\\/18\\\/ordsporid-en-ekki-innistaedan-vidbrogdin-vid-samherjamalinu\\\/\"},\"author\":{\"name\":\"Eva Hauksd\u00f3ttir\",\"@id\":\"https:\\\/\\\/www.norn.is\\\/eva\\\/#\\\/schema\\\/person\\\/1d9742389918a297671033a2b53d3d34\"},\"headline\":\"Or\u00f0spori\u00f0 en ekki innist\u00e6\u00f0an \u2013 vi\u00f0br\u00f6g\u00f0in vi\u00f0 Samherjam\u00e1linu\",\"datePublished\":\"2019-11-18T15:40:46+00:00\",\"dateModified\":\"2020-07-13T16:47:13+00:00\",\"mainEntityOfPage\":{\"@id\":\"https:\\\/\\\/www.norn.is\\\/eva\\\/2019\\\/11\\\/18\\\/ordsporid-en-ekki-innistaedan-vidbrogdin-vid-samherjamalinu\\\/\"},\"wordCount\":1716,\"image\":{\"@id\":\"https:\\\/\\\/www.norn.is\\\/eva\\\/2019\\\/11\\\/18\\\/ordsporid-en-ekki-innistaedan-vidbrogdin-vid-samherjamalinu\\\/#primaryimage\"},\"thumbnailUrl\":\"https:\\\/\\\/www.norn.is\\\/eva\\\/wp-content\\\/uploads\\\/sites\\\/36\\\/2019\\\/11\\\/samherji.jpg\",\"keywords\":[\"m\u00fatur\",\"Samherjam\u00e1li\u00f0\",\"spilling\"],\"articleSection\":[\"Vald &amp; velfer\u00f0\"],\"inLanguage\":\"is\"},{\"@type\":\"WebPage\",\"@id\":\"https:\\\/\\\/www.norn.is\\\/eva\\\/2019\\\/11\\\/18\\\/ordsporid-en-ekki-innistaedan-vidbrogdin-vid-samherjamalinu\\\/\",\"url\":\"https:\\\/\\\/www.norn.is\\\/eva\\\/2019\\\/11\\\/18\\\/ordsporid-en-ekki-innistaedan-vidbrogdin-vid-samherjamalinu\\\/\",\"name\":\"Or\u00f0spori\u00f0 en ekki innist\u00e6\u00f0an \u2013 vi\u00f0br\u00f6g\u00f0in vi\u00f0 Samherjam\u00e1linu - Eva Hauksd\u00f3ttir\",\"isPartOf\":{\"@id\":\"https:\\\/\\\/www.norn.is\\\/eva\\\/#website\"},\"primaryImageOfPage\":{\"@id\":\"https:\\\/\\\/www.norn.is\\\/eva\\\/2019\\\/11\\\/18\\\/ordsporid-en-ekki-innistaedan-vidbrogdin-vid-samherjamalinu\\\/#primaryimage\"},\"image\":{\"@id\":\"https:\\\/\\\/www.norn.is\\\/eva\\\/2019\\\/11\\\/18\\\/ordsporid-en-ekki-innistaedan-vidbrogdin-vid-samherjamalinu\\\/#primaryimage\"},\"thumbnailUrl\":\"https:\\\/\\\/www.norn.is\\\/eva\\\/wp-content\\\/uploads\\\/sites\\\/36\\\/2019\\\/11\\\/samherji.jpg\",\"datePublished\":\"2019-11-18T15:40:46+00:00\",\"dateModified\":\"2020-07-13T16:47:13+00:00\",\"author\":{\"@id\":\"https:\\\/\\\/www.norn.is\\\/eva\\\/#\\\/schema\\\/person\\\/1d9742389918a297671033a2b53d3d34\"},\"breadcrumb\":{\"@id\":\"https:\\\/\\\/www.norn.is\\\/eva\\\/2019\\\/11\\\/18\\\/ordsporid-en-ekki-innistaedan-vidbrogdin-vid-samherjamalinu\\\/#breadcrumb\"},\"inLanguage\":\"is\",\"potentialAction\":[{\"@type\":\"ReadAction\",\"target\":[\"https:\\\/\\\/www.norn.is\\\/eva\\\/2019\\\/11\\\/18\\\/ordsporid-en-ekki-innistaedan-vidbrogdin-vid-samherjamalinu\\\/\"]}]},{\"@type\":\"ImageObject\",\"inLanguage\":\"is\",\"@id\":\"https:\\\/\\\/www.norn.is\\\/eva\\\/2019\\\/11\\\/18\\\/ordsporid-en-ekki-innistaedan-vidbrogdin-vid-samherjamalinu\\\/#primaryimage\",\"url\":\"https:\\\/\\\/www.norn.is\\\/eva\\\/wp-content\\\/uploads\\\/sites\\\/36\\\/2019\\\/11\\\/samherji.jpg\",\"contentUrl\":\"https:\\\/\\\/www.norn.is\\\/eva\\\/wp-content\\\/uploads\\\/sites\\\/36\\\/2019\\\/11\\\/samherji.jpg\",\"width\":601,\"height\":321},{\"@type\":\"BreadcrumbList\",\"@id\":\"https:\\\/\\\/www.norn.is\\\/eva\\\/2019\\\/11\\\/18\\\/ordsporid-en-ekki-innistaedan-vidbrogdin-vid-samherjamalinu\\\/#breadcrumb\",\"itemListElement\":[{\"@type\":\"ListItem\",\"position\":1,\"name\":\"Home\",\"item\":\"https:\\\/\\\/www.norn.is\\\/eva\\\/\"},{\"@type\":\"ListItem\",\"position\":2,\"name\":\"Or\u00f0spori\u00f0 en ekki innist\u00e6\u00f0an \u2013 vi\u00f0br\u00f6g\u00f0in vi\u00f0 Samherjam\u00e1linu\"}]},{\"@type\":\"WebSite\",\"@id\":\"https:\\\/\\\/www.norn.is\\\/eva\\\/#website\",\"url\":\"https:\\\/\\\/www.norn.is\\\/eva\\\/\",\"name\":\"Eva Hauksd\u00f3ttir\",\"description\":\"Evu blogg\",\"potentialAction\":[{\"@type\":\"SearchAction\",\"target\":{\"@type\":\"EntryPoint\",\"urlTemplate\":\"https:\\\/\\\/www.norn.is\\\/eva\\\/?s={search_term_string}\"},\"query-input\":{\"@type\":\"PropertyValueSpecification\",\"valueRequired\":true,\"valueName\":\"search_term_string\"}}],\"inLanguage\":\"is\"},{\"@type\":\"Person\",\"@id\":\"https:\\\/\\\/www.norn.is\\\/eva\\\/#\\\/schema\\\/person\\\/1d9742389918a297671033a2b53d3d34\",\"name\":\"Eva Hauksd\u00f3ttir\",\"image\":{\"@type\":\"ImageObject\",\"inLanguage\":\"is\",\"@id\":\"https:\\\/\\\/secure.gravatar.com\\\/avatar\\\/3690cd9ff7436a8a5d80acdc8fcb1046fbb9e002d4b532c85080d1bcbede84ce?s=96&d=mm&r=g\",\"url\":\"https:\\\/\\\/secure.gravatar.com\\\/avatar\\\/3690cd9ff7436a8a5d80acdc8fcb1046fbb9e002d4b532c85080d1bcbede84ce?s=96&d=mm&r=g\",\"contentUrl\":\"https:\\\/\\\/secure.gravatar.com\\\/avatar\\\/3690cd9ff7436a8a5d80acdc8fcb1046fbb9e002d4b532c85080d1bcbede84ce?s=96&d=mm&r=g\",\"caption\":\"Eva Hauksd\u00f3ttir\"},\"url\":\"https:\\\/\\\/www.norn.is\\\/eva\\\/author\\\/evahauks\\\/\"}]}<\/script>\n<!-- \/ Yoast SEO plugin. -->","yoast_head_json":{"title":"Or\u00f0spori\u00f0 en ekki innist\u00e6\u00f0an \u2013 vi\u00f0br\u00f6g\u00f0in vi\u00f0 Samherjam\u00e1linu - Eva Hauksd\u00f3ttir","robots":{"index":"index","follow":"follow","max-snippet":"max-snippet:-1","max-image-preview":"max-image-preview:large","max-video-preview":"max-video-preview:-1"},"canonical":"https:\/\/www.norn.is\/eva\/2019\/11\/18\/ordsporid-en-ekki-innistaedan-vidbrogdin-vid-samherjamalinu\/","og_locale":"is_IS","og_type":"article","og_title":"Or\u00f0spori\u00f0 en ekki innist\u00e6\u00f0an \u2013 vi\u00f0br\u00f6g\u00f0in vi\u00f0 Samherjam\u00e1linu - Eva Hauksd\u00f3ttir","og_description":"\u00cd Namib\u00edu grasserar spilling og \u00fea\u00f0 eru ekki n\u00fdjar fr\u00e9ttir. En \u00fear \u00ed landi vir\u00f0ist \u00fe\u00f3 vera einhver vi\u00f0leitni til a\u00f0 breg\u00f0ast vi\u00f0 henni. Tveir r\u00e1\u00f0herrar hafa sagt af s\u00e9r, ranns\u00f3kn komin \u00ed fullan gang og n\u00fa er veri\u00f0 a\u00f0&nbsp;frysta eigur \u201eh\u00e1karlanna\u201c. \u00c1 \u00cdslandi hafa fj\u00f6lmi\u00f0lar lagt sig fram um a\u00f0 uppl\u00fdsa m\u00e1li\u00f0 og hafa [&hellip;]","og_url":"https:\/\/www.norn.is\/eva\/2019\/11\/18\/ordsporid-en-ekki-innistaedan-vidbrogdin-vid-samherjamalinu\/","og_site_name":"Eva Hauksd\u00f3ttir","article_published_time":"2019-11-18T15:40:46+00:00","article_modified_time":"2020-07-13T16:47:13+00:00","og_image":[{"width":601,"height":321,"url":"https:\/\/www.norn.is\/eva\/wp-content\/uploads\/sites\/36\/2019\/11\/samherji.jpg","type":"image\/jpeg"}],"author":"Eva Hauksd\u00f3ttir","twitter_card":"summary_large_image","twitter_misc":{"Written by":false,"Est. reading time":"9 minutes"},"schema":{"@context":"https:\/\/schema.org","@graph":[{"@type":"Article","@id":"https:\/\/www.norn.is\/eva\/2019\/11\/18\/ordsporid-en-ekki-innistaedan-vidbrogdin-vid-samherjamalinu\/#article","isPartOf":{"@id":"https:\/\/www.norn.is\/eva\/2019\/11\/18\/ordsporid-en-ekki-innistaedan-vidbrogdin-vid-samherjamalinu\/"},"author":{"name":"Eva Hauksd\u00f3ttir","@id":"https:\/\/www.norn.is\/eva\/#\/schema\/person\/1d9742389918a297671033a2b53d3d34"},"headline":"Or\u00f0spori\u00f0 en ekki innist\u00e6\u00f0an \u2013 vi\u00f0br\u00f6g\u00f0in vi\u00f0 Samherjam\u00e1linu","datePublished":"2019-11-18T15:40:46+00:00","dateModified":"2020-07-13T16:47:13+00:00","mainEntityOfPage":{"@id":"https:\/\/www.norn.is\/eva\/2019\/11\/18\/ordsporid-en-ekki-innistaedan-vidbrogdin-vid-samherjamalinu\/"},"wordCount":1716,"image":{"@id":"https:\/\/www.norn.is\/eva\/2019\/11\/18\/ordsporid-en-ekki-innistaedan-vidbrogdin-vid-samherjamalinu\/#primaryimage"},"thumbnailUrl":"https:\/\/www.norn.is\/eva\/wp-content\/uploads\/sites\/36\/2019\/11\/samherji.jpg","keywords":["m\u00fatur","Samherjam\u00e1li\u00f0","spilling"],"articleSection":["Vald &amp; velfer\u00f0"],"inLanguage":"is"},{"@type":"WebPage","@id":"https:\/\/www.norn.is\/eva\/2019\/11\/18\/ordsporid-en-ekki-innistaedan-vidbrogdin-vid-samherjamalinu\/","url":"https:\/\/www.norn.is\/eva\/2019\/11\/18\/ordsporid-en-ekki-innistaedan-vidbrogdin-vid-samherjamalinu\/","name":"Or\u00f0spori\u00f0 en ekki innist\u00e6\u00f0an \u2013 vi\u00f0br\u00f6g\u00f0in vi\u00f0 Samherjam\u00e1linu - Eva Hauksd\u00f3ttir","isPartOf":{"@id":"https:\/\/www.norn.is\/eva\/#website"},"primaryImageOfPage":{"@id":"https:\/\/www.norn.is\/eva\/2019\/11\/18\/ordsporid-en-ekki-innistaedan-vidbrogdin-vid-samherjamalinu\/#primaryimage"},"image":{"@id":"https:\/\/www.norn.is\/eva\/2019\/11\/18\/ordsporid-en-ekki-innistaedan-vidbrogdin-vid-samherjamalinu\/#primaryimage"},"thumbnailUrl":"https:\/\/www.norn.is\/eva\/wp-content\/uploads\/sites\/36\/2019\/11\/samherji.jpg","datePublished":"2019-11-18T15:40:46+00:00","dateModified":"2020-07-13T16:47:13+00:00","author":{"@id":"https:\/\/www.norn.is\/eva\/#\/schema\/person\/1d9742389918a297671033a2b53d3d34"},"breadcrumb":{"@id":"https:\/\/www.norn.is\/eva\/2019\/11\/18\/ordsporid-en-ekki-innistaedan-vidbrogdin-vid-samherjamalinu\/#breadcrumb"},"inLanguage":"is","potentialAction":[{"@type":"ReadAction","target":["https:\/\/www.norn.is\/eva\/2019\/11\/18\/ordsporid-en-ekki-innistaedan-vidbrogdin-vid-samherjamalinu\/"]}]},{"@type":"ImageObject","inLanguage":"is","@id":"https:\/\/www.norn.is\/eva\/2019\/11\/18\/ordsporid-en-ekki-innistaedan-vidbrogdin-vid-samherjamalinu\/#primaryimage","url":"https:\/\/www.norn.is\/eva\/wp-content\/uploads\/sites\/36\/2019\/11\/samherji.jpg","contentUrl":"https:\/\/www.norn.is\/eva\/wp-content\/uploads\/sites\/36\/2019\/11\/samherji.jpg","width":601,"height":321},{"@type":"BreadcrumbList","@id":"https:\/\/www.norn.is\/eva\/2019\/11\/18\/ordsporid-en-ekki-innistaedan-vidbrogdin-vid-samherjamalinu\/#breadcrumb","itemListElement":[{"@type":"ListItem","position":1,"name":"Home","item":"https:\/\/www.norn.is\/eva\/"},{"@type":"ListItem","position":2,"name":"Or\u00f0spori\u00f0 en ekki innist\u00e6\u00f0an \u2013 vi\u00f0br\u00f6g\u00f0in vi\u00f0 Samherjam\u00e1linu"}]},{"@type":"WebSite","@id":"https:\/\/www.norn.is\/eva\/#website","url":"https:\/\/www.norn.is\/eva\/","name":"Eva Hauksd\u00f3ttir","description":"Evu blogg","potentialAction":[{"@type":"SearchAction","target":{"@type":"EntryPoint","urlTemplate":"https:\/\/www.norn.is\/eva\/?s={search_term_string}"},"query-input":{"@type":"PropertyValueSpecification","valueRequired":true,"valueName":"search_term_string"}}],"inLanguage":"is"},{"@type":"Person","@id":"https:\/\/www.norn.is\/eva\/#\/schema\/person\/1d9742389918a297671033a2b53d3d34","name":"Eva Hauksd\u00f3ttir","image":{"@type":"ImageObject","inLanguage":"is","@id":"https:\/\/secure.gravatar.com\/avatar\/3690cd9ff7436a8a5d80acdc8fcb1046fbb9e002d4b532c85080d1bcbede84ce?s=96&d=mm&r=g","url":"https:\/\/secure.gravatar.com\/avatar\/3690cd9ff7436a8a5d80acdc8fcb1046fbb9e002d4b532c85080d1bcbede84ce?s=96&d=mm&r=g","contentUrl":"https:\/\/secure.gravatar.com\/avatar\/3690cd9ff7436a8a5d80acdc8fcb1046fbb9e002d4b532c85080d1bcbede84ce?s=96&d=mm&r=g","caption":"Eva Hauksd\u00f3ttir"},"url":"https:\/\/www.norn.is\/eva\/author\/evahauks\/"}]}},"_links":{"self":[{"href":"https:\/\/www.norn.is\/eva\/wp-json\/wp\/v2\/posts\/1309","targetHints":{"allow":["GET"]}}],"collection":[{"href":"https:\/\/www.norn.is\/eva\/wp-json\/wp\/v2\/posts"}],"about":[{"href":"https:\/\/www.norn.is\/eva\/wp-json\/wp\/v2\/types\/post"}],"author":[{"embeddable":true,"href":"https:\/\/www.norn.is\/eva\/wp-json\/wp\/v2\/users\/7"}],"replies":[{"embeddable":true,"href":"https:\/\/www.norn.is\/eva\/wp-json\/wp\/v2\/comments?post=1309"}],"version-history":[{"count":2,"href":"https:\/\/www.norn.is\/eva\/wp-json\/wp\/v2\/posts\/1309\/revisions"}],"predecessor-version":[{"id":1313,"href":"https:\/\/www.norn.is\/eva\/wp-json\/wp\/v2\/posts\/1309\/revisions\/1313"}],"wp:featuredmedia":[{"embeddable":true,"href":"https:\/\/www.norn.is\/eva\/wp-json\/wp\/v2\/media\/1311"}],"wp:attachment":[{"href":"https:\/\/www.norn.is\/eva\/wp-json\/wp\/v2\/media?parent=1309"}],"wp:term":[{"taxonomy":"category","embeddable":true,"href":"https:\/\/www.norn.is\/eva\/wp-json\/wp\/v2\/categories?post=1309"},{"taxonomy":"post_tag","embeddable":true,"href":"https:\/\/www.norn.is\/eva\/wp-json\/wp\/v2\/tags?post=1309"}],"curies":[{"name":"wp","href":"https:\/\/api.w.org\/{rel}","templated":true}]}}