{"id":1218,"date":"2014-04-22T19:52:33","date_gmt":"2014-04-22T19:52:33","guid":{"rendered":"http:\/\/www.norn.is\/eva\/?p=1218"},"modified":"2020-08-29T07:32:05","modified_gmt":"2020-08-29T07:32:05","slug":"arangurinn-af-kynjafraedikennslu","status":"publish","type":"post","link":"https:\/\/www.norn.is\/eva\/2014\/04\/22\/arangurinn-af-kynjafraedikennslu\/","title":{"rendered":"\u00c1rangurinn af kynjafr\u00e6\u00f0ikennslu"},"content":{"rendered":"\n<p>Feministar hafa sent fr\u00e1 s\u00e9r \u00e1skorun um a\u00f0&nbsp;<a href=\"http:\/\/kvennabladid.is\/2014\/04\/18\/kennsla-til-jafnrettis\/\">kynjafr\u00e6\u00f0ikennsla ver\u00f0i tekin upp sem skyldu\u00e1fangi \u00ed grunnsk\u00f3lum<\/a>. \u00dea\u00f0 hlaut a\u00f0 koma a\u00f0 \u00fev\u00ed. R\u00f6kin fyrir \u00fev\u00ed a\u00f0 kenna \u00feurfi kynjafr\u00e6\u00f0i \u00ed sk\u00f3lum eru annarsvegar \u00feau a\u00f0 jafnr\u00e9ttisfr\u00e6\u00f0sla s\u00e9 l\u00f6gbo\u00f0in og hinsvegar \u00feau a\u00f0 valkv\u00e6\u00f0 kynjafr\u00e6\u00f0ikennsla \u00ed framhaldssk\u00f3lum hafi skila\u00f0 svo g\u00f3\u00f0um \u00e1rangri.<\/p>\n\n\n\n<p>Fyrir \u00fea\u00f0 fyrsta er jafnr\u00e9ttisfr\u00e6\u00f0sla ekki \u00fea\u00f0 sama og kynjafr\u00e6\u00f0i. Ekki frekar en tr\u00faarbrag\u00f0afr\u00e6\u00f0sla er \u00fea\u00f0 sama og kristnibo\u00f0. S\u00fa kynjafr\u00e6\u00f0i sem kennd hefur veri\u00f0 \u00e1 \u00cdslandi er ekkert anna\u00f0 en feministatr\u00fabo\u00f0. Jafnvel pr\u00f3fessor \u00deorger\u00f0ur Einarsd\u00f3ttir, l\u00fdsir kynjafr\u00e6\u00f0i sem \u201eakademiskum feminisma\u201c. \u00deetta vi\u00f0horf sta\u00f0festa svo n\u00e1nast \u00f6ll skrif \u00edslenskra kynjafr\u00e6\u00f0inga sem birst hafa opinberlega; l\u00edti\u00f0 vottar fyrir v\u00edsindalegum vinnubr\u00f6g\u00f0um, heldur er gengi\u00f0 \u00fat fr\u00e1 tiltekinni p\u00f3lit\u00edskri sko\u00f0un og gerviranns\u00f3knum beitt til a\u00f0 renna sto\u00f0um undir hana (og \u00feetta \u00e1 ekkert bara vi\u00f0 um \u00edslenska kynjafr\u00e6\u00f0inga).<\/p>\n\n\n\n<p>Seinni r\u00f6kin eru a\u00f0 \u00fev\u00ed leyti \u00e1hugaver\u00f0ari a\u00f0 \u00feau fela \u00ed s\u00e9r afhj\u00fapun \u00e1 hinum raunverulega tilgangi feminista me\u00f0 \u00fev\u00ed a\u00f0 vilja tro\u00f0a kynjafr\u00e6\u00f0i upp \u00e1 grunnsk\u00f3lab\u00f6rn. Samkv\u00e6mt \u00feeim \u00e6tti a\u00f0 taka upp kynjafr\u00e6\u00f0i sem skyldugrein \u00e1 grunnsk\u00f3lastigi vegna \u00feess greinilega \u00e1rangurs sem framhaldssk\u00f3larnir hafa n\u00e1\u00f0 me\u00f0 \u00fev\u00ed a\u00f0 bj\u00f3\u00f0a upp \u00e1 kynjafr\u00e6\u00f0i sem val\u00e1fanga.<\/p>\n\n\n\n<p>Hver er \u00feessi g\u00edfurlegi \u00e1rangur sem kynjafr\u00e6\u00f0in \u00ed framhaldssk\u00f3lunum hefur skila\u00f0? Hefur \u00e1s\u00f3kn pilta \u00ed framhaldsn\u00e1m aukist? Eru st\u00falkur farnar a\u00f0 sporna gegn \u00e1reiti fullor\u00f0inna sem l\u00edta ni\u00f0ur \u00e1 menningu \u00feeirra og vilja fyrir alla muni tro\u00f0a \u00e1hugam\u00e1lum str\u00e1kanna upp \u00e1 \u00fe\u00e6r? &nbsp;\u2013 Nei, alveg r\u00e9tt, feministar l\u00edta ekki \u00e1 \u00feessa hluti sem janfr\u00e9ttism\u00e1l.<\/p>\n\n\n\n<p>En hva\u00f0 me\u00f0 \u00fea\u00f0 sem feministar sj\u00e1lfir telja jafnr\u00e9ttism\u00e1l? Hafa sta\u00f0almyndir minni \u00e1hrif en \u00e1\u00f0ur? Flykkjast str\u00e1kar \u00ed hj\u00fakrun og stelpur \u00ed verkfr\u00e6\u00f0i? Hefur kynfer\u00f0isofbeldi veri\u00f0 uppr\u00e6tt? Eru ungir menn h\u00e6ttir a\u00f0 horfa \u00e1 kl\u00e1m?<\/p>\n\n\n\n<p>Neineinei, ekki aldeilis. Samkv\u00e6mt \u00e1skoruninni er hinn g\u00edfurlegi \u00e1rangur \u00ed \u00fev\u00ed f\u00f3lginn a\u00f0 nemendur sem a\u00f0 eigin vali hafa seti\u00f0 kennslu \u00ed kynjafr\u00e6\u00f0i, hafa stofna\u00f0 feministaf\u00e9l\u00f6g.<\/p>\n\n\n\n<p>\u00dear h\u00f6fum vi\u00f0 \u00fea\u00f0; markmi\u00f0i\u00f0 me\u00f0 kynjafr\u00e6\u00f0ikennslu er fyrst og fremst \u00fatbrei\u00f0sla feminisma. \u00deetta kemur ekki vitundar\u00f6gn \u00e1 \u00f3vart \u00fev\u00ed eins og \u00e9g bendi \u00e1 \u00ed&nbsp;<a href=\"http:\/\/kvennabladid.is\/2014\/03\/26\/fjortan-einkenni-feminisma\/\">\u00feessum pistli&nbsp;<\/a>er eitt af fj\u00f3rt\u00e1n megineinkennum feminisma s\u00f3kn \u00ed kennivald, og \u00edt\u00f6k feminista \u00ed sk\u00f3lakerfinu \u00fej\u00f3nar \u00fev\u00ed markmi\u00f0i.<\/p>\n\n\n\n<p>Ef sk\u00f3layfirv\u00f6ld breg\u00f0ast j\u00e1kv\u00e6tt vi\u00f0 \u00feessari \u00e1skorun feministanna, \u00fe\u00e1 setur \u00fea\u00f0 d\u00fdrm\u00e6tt ford\u00e6mi fyrir a\u00f0rar p\u00f3lit\u00edskar og tr\u00faarlegar hreyfingar. Sj\u00e1lfsst\u00e6\u00f0ismenn geta \u00fe\u00e1 til a\u00f0 mynda krafist \u00feess a\u00f0 hugmyndafr\u00e6\u00f0i \u00feeirra ver\u00f0i kennd \u00ed sk\u00f3lum, \u00e1 \u00feeirri forsendu a\u00f0 samkv\u00e6mt a\u00f0aln\u00e1mskr\u00e1 s\u00e9 \u201evelfer\u00f0\u201c eitt af lykilor\u00f0um sk\u00f3lastarfs og a\u00f0 kynning \u00e1 hugmyndum sj\u00e1lfst\u00e6\u00f0ismanna hafi geti\u00f0 af s\u00e9r fj\u00f6lda ungli\u00f0ahreyfinga.<\/p>\n","protected":false},"excerpt":{"rendered":"<p>Feministar hafa sent fr\u00e1 s\u00e9r \u00e1skorun um a\u00f0&nbsp;kynjafr\u00e6\u00f0ikennsla ver\u00f0i tekin upp sem skyldu\u00e1fangi \u00ed grunnsk\u00f3lum. \u00dea\u00f0 hlaut a\u00f0 koma a\u00f0 \u00fev\u00ed. R\u00f6kin fyrir \u00fev\u00ed a\u00f0 kenna \u00feurfi kynjafr\u00e6\u00f0i \u00ed sk\u00f3lum eru annarsvegar \u00feau a\u00f0 jafnr\u00e9ttisfr\u00e6\u00f0sla s\u00e9 l\u00f6gbo\u00f0in og hinsvegar \u00feau a\u00f0 valkv\u00e6\u00f0 kynjafr\u00e6\u00f0ikennsla \u00ed framhaldssk\u00f3lum hafi skila\u00f0 svo g\u00f3\u00f0um \u00e1rangri. Fyrir \u00fea\u00f0 fyrsta er jafnr\u00e9ttisfr\u00e6\u00f0sla [&hellip;]<\/p>\n","protected":false},"author":7,"featured_media":1219,"comment_status":"closed","ping_status":"open","sticky":false,"template":"","format":"standard","meta":{"_et_pb_use_builder":"off","_et_pb_old_content":"","_et_gb_content_width":"","footnotes":""},"categories":[285,5,136],"tags":[292,284],"class_list":["post-1218","post","type-post","status-publish","format-standard","has-post-thumbnail","hentry","category-fanaberar-favisinnar","category-kyn-klam","category-vinnumarkadur-skolamal","tag-jafnrettisfraedsla","tag-kynjafraedi","et-has-post-format-content","et_post_format-et-post-format-standard"],"yoast_head":"<!-- This site is optimized with the Yoast SEO plugin v27.4 - https:\/\/yoast.com\/product\/yoast-seo-wordpress\/ -->\n<title>\u00c1rangurinn af kynjafr\u00e6\u00f0ikennslu - Eva Hauksd\u00f3ttir<\/title>\n<meta name=\"robots\" content=\"index, follow, max-snippet:-1, max-image-preview:large, max-video-preview:-1\" \/>\n<link rel=\"canonical\" href=\"https:\/\/www.norn.is\/eva\/2014\/04\/22\/arangurinn-af-kynjafraedikennslu\/\" \/>\n<meta property=\"og:locale\" content=\"is_IS\" \/>\n<meta property=\"og:type\" content=\"article\" \/>\n<meta property=\"og:title\" content=\"\u00c1rangurinn af kynjafr\u00e6\u00f0ikennslu - Eva Hauksd\u00f3ttir\" \/>\n<meta property=\"og:description\" content=\"Feministar hafa sent fr\u00e1 s\u00e9r \u00e1skorun um a\u00f0&nbsp;kynjafr\u00e6\u00f0ikennsla ver\u00f0i tekin upp sem skyldu\u00e1fangi \u00ed grunnsk\u00f3lum. \u00dea\u00f0 hlaut a\u00f0 koma a\u00f0 \u00fev\u00ed. R\u00f6kin fyrir \u00fev\u00ed a\u00f0 kenna \u00feurfi kynjafr\u00e6\u00f0i \u00ed sk\u00f3lum eru annarsvegar \u00feau a\u00f0 jafnr\u00e9ttisfr\u00e6\u00f0sla s\u00e9 l\u00f6gbo\u00f0in og hinsvegar \u00feau a\u00f0 valkv\u00e6\u00f0 kynjafr\u00e6\u00f0ikennsla \u00ed framhaldssk\u00f3lum hafi skila\u00f0 svo g\u00f3\u00f0um \u00e1rangri. Fyrir \u00fea\u00f0 fyrsta er jafnr\u00e9ttisfr\u00e6\u00f0sla [&hellip;]\" \/>\n<meta property=\"og:url\" content=\"https:\/\/www.norn.is\/eva\/2014\/04\/22\/arangurinn-af-kynjafraedikennslu\/\" \/>\n<meta property=\"og:site_name\" content=\"Eva Hauksd\u00f3ttir\" \/>\n<meta property=\"article:published_time\" content=\"2014-04-22T19:52:33+00:00\" \/>\n<meta property=\"article:modified_time\" content=\"2020-08-29T07:32:05+00:00\" \/>\n<meta property=\"og:image\" content=\"https:\/\/www.norn.is\/eva\/wp-content\/uploads\/sites\/36\/2020\/06\/hjord.png\" \/>\n\t<meta property=\"og:image:width\" content=\"795\" \/>\n\t<meta property=\"og:image:height\" content=\"493\" \/>\n\t<meta property=\"og:image:type\" content=\"image\/png\" \/>\n<meta name=\"author\" content=\"Eva Hauksd\u00f3ttir\" \/>\n<meta name=\"twitter:card\" content=\"summary_large_image\" \/>\n<meta name=\"twitter:label1\" content=\"Written by\" \/>\n\t<meta name=\"twitter:data1\" content=\"\" \/>\n\t<meta name=\"twitter:label2\" content=\"Est. reading time\" \/>\n\t<meta name=\"twitter:data2\" content=\"3 minutes\" \/>\n<script type=\"application\/ld+json\" class=\"yoast-schema-graph\">{\"@context\":\"https:\\\/\\\/schema.org\",\"@graph\":[{\"@type\":\"Article\",\"@id\":\"https:\\\/\\\/www.norn.is\\\/eva\\\/2014\\\/04\\\/22\\\/arangurinn-af-kynjafraedikennslu\\\/#article\",\"isPartOf\":{\"@id\":\"https:\\\/\\\/www.norn.is\\\/eva\\\/2014\\\/04\\\/22\\\/arangurinn-af-kynjafraedikennslu\\\/\"},\"author\":{\"name\":\"Eva Hauksd\u00f3ttir\",\"@id\":\"https:\\\/\\\/www.norn.is\\\/eva\\\/#\\\/schema\\\/person\\\/1d9742389918a297671033a2b53d3d34\"},\"headline\":\"\u00c1rangurinn af kynjafr\u00e6\u00f0ikennslu\",\"datePublished\":\"2014-04-22T19:52:33+00:00\",\"dateModified\":\"2020-08-29T07:32:05+00:00\",\"mainEntityOfPage\":{\"@id\":\"https:\\\/\\\/www.norn.is\\\/eva\\\/2014\\\/04\\\/22\\\/arangurinn-af-kynjafraedikennslu\\\/\"},\"wordCount\":515,\"image\":{\"@id\":\"https:\\\/\\\/www.norn.is\\\/eva\\\/2014\\\/04\\\/22\\\/arangurinn-af-kynjafraedikennslu\\\/#primaryimage\"},\"thumbnailUrl\":\"https:\\\/\\\/www.norn.is\\\/eva\\\/wp-content\\\/uploads\\\/sites\\\/36\\\/2020\\\/06\\\/hjord.png\",\"keywords\":[\"jafnr\u00e9ttisfr\u00e6\u00f0sla\",\"kynjafr\u00e6\u00f0i\"],\"articleSection\":[\"F\u00e1naberar f\u00e1v\u00edsinnar\",\"Kyn &amp; kl\u00e1m\",\"Vinnumarka\u00f0ur &amp; sk\u00f3lam\u00e1l\"],\"inLanguage\":\"is\"},{\"@type\":\"WebPage\",\"@id\":\"https:\\\/\\\/www.norn.is\\\/eva\\\/2014\\\/04\\\/22\\\/arangurinn-af-kynjafraedikennslu\\\/\",\"url\":\"https:\\\/\\\/www.norn.is\\\/eva\\\/2014\\\/04\\\/22\\\/arangurinn-af-kynjafraedikennslu\\\/\",\"name\":\"\u00c1rangurinn af kynjafr\u00e6\u00f0ikennslu - Eva Hauksd\u00f3ttir\",\"isPartOf\":{\"@id\":\"https:\\\/\\\/www.norn.is\\\/eva\\\/#website\"},\"primaryImageOfPage\":{\"@id\":\"https:\\\/\\\/www.norn.is\\\/eva\\\/2014\\\/04\\\/22\\\/arangurinn-af-kynjafraedikennslu\\\/#primaryimage\"},\"image\":{\"@id\":\"https:\\\/\\\/www.norn.is\\\/eva\\\/2014\\\/04\\\/22\\\/arangurinn-af-kynjafraedikennslu\\\/#primaryimage\"},\"thumbnailUrl\":\"https:\\\/\\\/www.norn.is\\\/eva\\\/wp-content\\\/uploads\\\/sites\\\/36\\\/2020\\\/06\\\/hjord.png\",\"datePublished\":\"2014-04-22T19:52:33+00:00\",\"dateModified\":\"2020-08-29T07:32:05+00:00\",\"author\":{\"@id\":\"https:\\\/\\\/www.norn.is\\\/eva\\\/#\\\/schema\\\/person\\\/1d9742389918a297671033a2b53d3d34\"},\"breadcrumb\":{\"@id\":\"https:\\\/\\\/www.norn.is\\\/eva\\\/2014\\\/04\\\/22\\\/arangurinn-af-kynjafraedikennslu\\\/#breadcrumb\"},\"inLanguage\":\"is\",\"potentialAction\":[{\"@type\":\"ReadAction\",\"target\":[\"https:\\\/\\\/www.norn.is\\\/eva\\\/2014\\\/04\\\/22\\\/arangurinn-af-kynjafraedikennslu\\\/\"]}]},{\"@type\":\"ImageObject\",\"inLanguage\":\"is\",\"@id\":\"https:\\\/\\\/www.norn.is\\\/eva\\\/2014\\\/04\\\/22\\\/arangurinn-af-kynjafraedikennslu\\\/#primaryimage\",\"url\":\"https:\\\/\\\/www.norn.is\\\/eva\\\/wp-content\\\/uploads\\\/sites\\\/36\\\/2020\\\/06\\\/hjord.png\",\"contentUrl\":\"https:\\\/\\\/www.norn.is\\\/eva\\\/wp-content\\\/uploads\\\/sites\\\/36\\\/2020\\\/06\\\/hjord.png\",\"width\":795,\"height\":493},{\"@type\":\"BreadcrumbList\",\"@id\":\"https:\\\/\\\/www.norn.is\\\/eva\\\/2014\\\/04\\\/22\\\/arangurinn-af-kynjafraedikennslu\\\/#breadcrumb\",\"itemListElement\":[{\"@type\":\"ListItem\",\"position\":1,\"name\":\"Home\",\"item\":\"https:\\\/\\\/www.norn.is\\\/eva\\\/\"},{\"@type\":\"ListItem\",\"position\":2,\"name\":\"\u00c1rangurinn af kynjafr\u00e6\u00f0ikennslu\"}]},{\"@type\":\"WebSite\",\"@id\":\"https:\\\/\\\/www.norn.is\\\/eva\\\/#website\",\"url\":\"https:\\\/\\\/www.norn.is\\\/eva\\\/\",\"name\":\"Eva Hauksd\u00f3ttir\",\"description\":\"Evu blogg\",\"potentialAction\":[{\"@type\":\"SearchAction\",\"target\":{\"@type\":\"EntryPoint\",\"urlTemplate\":\"https:\\\/\\\/www.norn.is\\\/eva\\\/?s={search_term_string}\"},\"query-input\":{\"@type\":\"PropertyValueSpecification\",\"valueRequired\":true,\"valueName\":\"search_term_string\"}}],\"inLanguage\":\"is\"},{\"@type\":\"Person\",\"@id\":\"https:\\\/\\\/www.norn.is\\\/eva\\\/#\\\/schema\\\/person\\\/1d9742389918a297671033a2b53d3d34\",\"name\":\"Eva Hauksd\u00f3ttir\",\"image\":{\"@type\":\"ImageObject\",\"inLanguage\":\"is\",\"@id\":\"https:\\\/\\\/secure.gravatar.com\\\/avatar\\\/3690cd9ff7436a8a5d80acdc8fcb1046fbb9e002d4b532c85080d1bcbede84ce?s=96&d=mm&r=g\",\"url\":\"https:\\\/\\\/secure.gravatar.com\\\/avatar\\\/3690cd9ff7436a8a5d80acdc8fcb1046fbb9e002d4b532c85080d1bcbede84ce?s=96&d=mm&r=g\",\"contentUrl\":\"https:\\\/\\\/secure.gravatar.com\\\/avatar\\\/3690cd9ff7436a8a5d80acdc8fcb1046fbb9e002d4b532c85080d1bcbede84ce?s=96&d=mm&r=g\",\"caption\":\"Eva Hauksd\u00f3ttir\"},\"url\":\"https:\\\/\\\/www.norn.is\\\/eva\\\/author\\\/evahauks\\\/\"}]}<\/script>\n<!-- \/ Yoast SEO plugin. -->","yoast_head_json":{"title":"\u00c1rangurinn af kynjafr\u00e6\u00f0ikennslu - Eva Hauksd\u00f3ttir","robots":{"index":"index","follow":"follow","max-snippet":"max-snippet:-1","max-image-preview":"max-image-preview:large","max-video-preview":"max-video-preview:-1"},"canonical":"https:\/\/www.norn.is\/eva\/2014\/04\/22\/arangurinn-af-kynjafraedikennslu\/","og_locale":"is_IS","og_type":"article","og_title":"\u00c1rangurinn af kynjafr\u00e6\u00f0ikennslu - Eva Hauksd\u00f3ttir","og_description":"Feministar hafa sent fr\u00e1 s\u00e9r \u00e1skorun um a\u00f0&nbsp;kynjafr\u00e6\u00f0ikennsla ver\u00f0i tekin upp sem skyldu\u00e1fangi \u00ed grunnsk\u00f3lum. \u00dea\u00f0 hlaut a\u00f0 koma a\u00f0 \u00fev\u00ed. R\u00f6kin fyrir \u00fev\u00ed a\u00f0 kenna \u00feurfi kynjafr\u00e6\u00f0i \u00ed sk\u00f3lum eru annarsvegar \u00feau a\u00f0 jafnr\u00e9ttisfr\u00e6\u00f0sla s\u00e9 l\u00f6gbo\u00f0in og hinsvegar \u00feau a\u00f0 valkv\u00e6\u00f0 kynjafr\u00e6\u00f0ikennsla \u00ed framhaldssk\u00f3lum hafi skila\u00f0 svo g\u00f3\u00f0um \u00e1rangri. Fyrir \u00fea\u00f0 fyrsta er jafnr\u00e9ttisfr\u00e6\u00f0sla [&hellip;]","og_url":"https:\/\/www.norn.is\/eva\/2014\/04\/22\/arangurinn-af-kynjafraedikennslu\/","og_site_name":"Eva Hauksd\u00f3ttir","article_published_time":"2014-04-22T19:52:33+00:00","article_modified_time":"2020-08-29T07:32:05+00:00","og_image":[{"width":795,"height":493,"url":"https:\/\/www.norn.is\/eva\/wp-content\/uploads\/sites\/36\/2020\/06\/hjord.png","type":"image\/png"}],"author":"Eva Hauksd\u00f3ttir","twitter_card":"summary_large_image","twitter_misc":{"Written by":false,"Est. reading time":"3 minutes"},"schema":{"@context":"https:\/\/schema.org","@graph":[{"@type":"Article","@id":"https:\/\/www.norn.is\/eva\/2014\/04\/22\/arangurinn-af-kynjafraedikennslu\/#article","isPartOf":{"@id":"https:\/\/www.norn.is\/eva\/2014\/04\/22\/arangurinn-af-kynjafraedikennslu\/"},"author":{"name":"Eva Hauksd\u00f3ttir","@id":"https:\/\/www.norn.is\/eva\/#\/schema\/person\/1d9742389918a297671033a2b53d3d34"},"headline":"\u00c1rangurinn af kynjafr\u00e6\u00f0ikennslu","datePublished":"2014-04-22T19:52:33+00:00","dateModified":"2020-08-29T07:32:05+00:00","mainEntityOfPage":{"@id":"https:\/\/www.norn.is\/eva\/2014\/04\/22\/arangurinn-af-kynjafraedikennslu\/"},"wordCount":515,"image":{"@id":"https:\/\/www.norn.is\/eva\/2014\/04\/22\/arangurinn-af-kynjafraedikennslu\/#primaryimage"},"thumbnailUrl":"https:\/\/www.norn.is\/eva\/wp-content\/uploads\/sites\/36\/2020\/06\/hjord.png","keywords":["jafnr\u00e9ttisfr\u00e6\u00f0sla","kynjafr\u00e6\u00f0i"],"articleSection":["F\u00e1naberar f\u00e1v\u00edsinnar","Kyn &amp; kl\u00e1m","Vinnumarka\u00f0ur &amp; sk\u00f3lam\u00e1l"],"inLanguage":"is"},{"@type":"WebPage","@id":"https:\/\/www.norn.is\/eva\/2014\/04\/22\/arangurinn-af-kynjafraedikennslu\/","url":"https:\/\/www.norn.is\/eva\/2014\/04\/22\/arangurinn-af-kynjafraedikennslu\/","name":"\u00c1rangurinn af kynjafr\u00e6\u00f0ikennslu - Eva Hauksd\u00f3ttir","isPartOf":{"@id":"https:\/\/www.norn.is\/eva\/#website"},"primaryImageOfPage":{"@id":"https:\/\/www.norn.is\/eva\/2014\/04\/22\/arangurinn-af-kynjafraedikennslu\/#primaryimage"},"image":{"@id":"https:\/\/www.norn.is\/eva\/2014\/04\/22\/arangurinn-af-kynjafraedikennslu\/#primaryimage"},"thumbnailUrl":"https:\/\/www.norn.is\/eva\/wp-content\/uploads\/sites\/36\/2020\/06\/hjord.png","datePublished":"2014-04-22T19:52:33+00:00","dateModified":"2020-08-29T07:32:05+00:00","author":{"@id":"https:\/\/www.norn.is\/eva\/#\/schema\/person\/1d9742389918a297671033a2b53d3d34"},"breadcrumb":{"@id":"https:\/\/www.norn.is\/eva\/2014\/04\/22\/arangurinn-af-kynjafraedikennslu\/#breadcrumb"},"inLanguage":"is","potentialAction":[{"@type":"ReadAction","target":["https:\/\/www.norn.is\/eva\/2014\/04\/22\/arangurinn-af-kynjafraedikennslu\/"]}]},{"@type":"ImageObject","inLanguage":"is","@id":"https:\/\/www.norn.is\/eva\/2014\/04\/22\/arangurinn-af-kynjafraedikennslu\/#primaryimage","url":"https:\/\/www.norn.is\/eva\/wp-content\/uploads\/sites\/36\/2020\/06\/hjord.png","contentUrl":"https:\/\/www.norn.is\/eva\/wp-content\/uploads\/sites\/36\/2020\/06\/hjord.png","width":795,"height":493},{"@type":"BreadcrumbList","@id":"https:\/\/www.norn.is\/eva\/2014\/04\/22\/arangurinn-af-kynjafraedikennslu\/#breadcrumb","itemListElement":[{"@type":"ListItem","position":1,"name":"Home","item":"https:\/\/www.norn.is\/eva\/"},{"@type":"ListItem","position":2,"name":"\u00c1rangurinn af kynjafr\u00e6\u00f0ikennslu"}]},{"@type":"WebSite","@id":"https:\/\/www.norn.is\/eva\/#website","url":"https:\/\/www.norn.is\/eva\/","name":"Eva Hauksd\u00f3ttir","description":"Evu blogg","potentialAction":[{"@type":"SearchAction","target":{"@type":"EntryPoint","urlTemplate":"https:\/\/www.norn.is\/eva\/?s={search_term_string}"},"query-input":{"@type":"PropertyValueSpecification","valueRequired":true,"valueName":"search_term_string"}}],"inLanguage":"is"},{"@type":"Person","@id":"https:\/\/www.norn.is\/eva\/#\/schema\/person\/1d9742389918a297671033a2b53d3d34","name":"Eva Hauksd\u00f3ttir","image":{"@type":"ImageObject","inLanguage":"is","@id":"https:\/\/secure.gravatar.com\/avatar\/3690cd9ff7436a8a5d80acdc8fcb1046fbb9e002d4b532c85080d1bcbede84ce?s=96&d=mm&r=g","url":"https:\/\/secure.gravatar.com\/avatar\/3690cd9ff7436a8a5d80acdc8fcb1046fbb9e002d4b532c85080d1bcbede84ce?s=96&d=mm&r=g","contentUrl":"https:\/\/secure.gravatar.com\/avatar\/3690cd9ff7436a8a5d80acdc8fcb1046fbb9e002d4b532c85080d1bcbede84ce?s=96&d=mm&r=g","caption":"Eva Hauksd\u00f3ttir"},"url":"https:\/\/www.norn.is\/eva\/author\/evahauks\/"}]}},"_links":{"self":[{"href":"https:\/\/www.norn.is\/eva\/wp-json\/wp\/v2\/posts\/1218","targetHints":{"allow":["GET"]}}],"collection":[{"href":"https:\/\/www.norn.is\/eva\/wp-json\/wp\/v2\/posts"}],"about":[{"href":"https:\/\/www.norn.is\/eva\/wp-json\/wp\/v2\/types\/post"}],"author":[{"embeddable":true,"href":"https:\/\/www.norn.is\/eva\/wp-json\/wp\/v2\/users\/7"}],"replies":[{"embeddable":true,"href":"https:\/\/www.norn.is\/eva\/wp-json\/wp\/v2\/comments?post=1218"}],"version-history":[{"count":1,"href":"https:\/\/www.norn.is\/eva\/wp-json\/wp\/v2\/posts\/1218\/revisions"}],"predecessor-version":[{"id":1220,"href":"https:\/\/www.norn.is\/eva\/wp-json\/wp\/v2\/posts\/1218\/revisions\/1220"}],"wp:featuredmedia":[{"embeddable":true,"href":"https:\/\/www.norn.is\/eva\/wp-json\/wp\/v2\/media\/1219"}],"wp:attachment":[{"href":"https:\/\/www.norn.is\/eva\/wp-json\/wp\/v2\/media?parent=1218"}],"wp:term":[{"taxonomy":"category","embeddable":true,"href":"https:\/\/www.norn.is\/eva\/wp-json\/wp\/v2\/categories?post=1218"},{"taxonomy":"post_tag","embeddable":true,"href":"https:\/\/www.norn.is\/eva\/wp-json\/wp\/v2\/tags?post=1218"}],"curies":[{"name":"wp","href":"https:\/\/api.w.org\/{rel}","templated":true}]}}