{"id":96,"date":"2011-06-09T13:15:46","date_gmt":"2011-06-09T13:15:46","guid":{"rendered":"http:\/\/www.norn.is\/einar\/?p=96"},"modified":"2017-09-24T11:05:41","modified_gmt":"2017-09-24T11:05:41","slug":"einn-madur-eitt-atkvaedi-en-sum-atkvaedi-vega-thyngra-en-onnur","status":"publish","type":"post","link":"https:\/\/www.norn.is\/einar\/2011\/06\/09\/einn-madur-eitt-atkvaedi-en-sum-atkvaedi-vega-thyngra-en-onnur\/","title":{"rendered":"Einn ma\u00f0ur eitt atkv\u00e6\u00f0i \u2014 en sum atkv\u00e6\u00f0i vega \u00feyngra en \u00f6nnur"},"content":{"rendered":"<p>\u00cd \u00feessari\u00a0<a href=\"http:\/\/www.visir.is\/einn-madur-og-eitt-atkvaedi\/article\/2011110608979\">fr\u00e9tt<\/a>\u00a0segir me\u00f0al annars:\u00a0 \u201eS\u00fa nefnd stj\u00f3rnlagar\u00e1\u00f0s sem fjallar um kj\u00f6rd\u00e6maskipan og \u00feingkosningar leggur til talsver\u00f0ar breytingar \u00e1 fyrirkomulagi kosninga til Al\u00feingis og vill a\u00f0 atkv\u00e6\u00f0i kj\u00f3senda alls sta\u00f0ar \u00e1 landinu vegi jafnt l\u00edkt og \u00fej\u00f3\u00f0fundur lag\u00f0i mikla \u00e1herslu \u00e1.\u201c<!--more--><\/p>\n<p>S\u00ed\u00f0ar segir svo:\u00a0 \u201e\u00de\u00e1 er lagt til a\u00f0 setja megi \u00ed l\u00f6g \u00e1kv\u00e6\u00f0i um l\u00e1gmarkshlutfall karla og kvenna \u00e1 \u00feingi.\u201c<\/p>\n<p>Ef \u00feetta er r\u00e9tt eftir haft er \u00fea\u00f0 r\u00e1\u00f0g\u00e1ta a\u00f0 stj\u00f3rnlagar\u00e1\u00f0, sem hinga\u00f0 til vir\u00f0ist hafa unni\u00f0 gott starf laust vi\u00f0 rugl, skuli setja fram till\u00f6gu sem er \u00ed svo hr\u00f3plegri m\u00f3ts\u00f6gn vi\u00f0 hugmyndina um jafnan atkv\u00e6\u00f0isr\u00e9tt og frj\u00e1lsar kosningar.\u00a0 Aflei\u00f0ingarnar af kerfi sem \u00feessu g\u00e6tu or\u00f0i\u00f0 a\u00f0 miklu fleiri konur en karlar hlytu brautargengi \u00ed kosningum, en til a\u00f0 \u201elei\u00f0r\u00e9tta\u201c ranga kosningu kj\u00f3senda \u00feyrftu konur me\u00f0 miki\u00f0 fylgi a\u00f0 v\u00edkja fyrir k\u00f6rlum me\u00f0 miklu minna fylgi.<\/p>\n<p>A\u00f0 margir telji l\u00edklegra a\u00f0 halla myndi \u00e1 konur er ekki afs\u00f6kun fyrir \u00e1kv\u00e6\u00f0i af \u00feessu tagi; stj\u00f3rnarskr\u00e1 sem \u00e1 a\u00f0 endast ver\u00f0ur a\u00f0 innihalda grundvallarreglur sem standast t\u00edmans t\u00f6nn.\u00a0 Burts\u00e9\u00f0 fr\u00e1 \u00fev\u00ed \u00e1 hvort kyni\u00f0 halla\u00f0i \u00ed kosningum \u00e6tti \u00fea\u00f0 l\u00edka a\u00f0 vera \u00f3b\u00e6rileg tilhugsun s\u00e9rhverjum l\u00fd\u00f0r\u00e6\u00f0issinna a\u00f0 \u00e6tla a\u00f0 svipta st\u00f3ran h\u00f3p kj\u00f3senda fulltr\u00faa sem hann hefur vali\u00f0, af \u00fev\u00ed a\u00f0 \u00feessi h\u00f3pur hafi einfaldlega vali\u00f0 rangt a\u00f0 mati einhverra besserwissera.<\/p>\n<p>Hugsunarh\u00e1ttur af \u00feessu tagi \u00e1 ekki heima \u00ed n\u00fat\u00edmal\u00fd\u00f0r\u00e6\u00f0isr\u00edki, ekkert frekar en hugmyndirnar fyrir hundra\u00f0 \u00e1rum um a\u00f0 konur \u00e6ttu ekki a\u00f0 nj\u00f3ta sama kosningar\u00e9ttar og karlar.\u00a0 \u00devert \u00e1 m\u00f3ti \u00e6tti a\u00f0 vera \u00ed stj\u00f3rnarskr\u00e1 \u00e1kv\u00e6\u00f0i um jafnan og frj\u00e1lsan atkv\u00e6\u00f0isr\u00e9tt, og aflei\u00f0ing af \u00fev\u00ed hlyti a\u00f0 vera a\u00f0\u00a0<em>ekki<\/em>\u00a0v\u00e6ri h\u00e6gt a\u00f0 lei\u00f0 \u00ed l\u00f6g \u00fe\u00e1 mismunun sem h\u00e9r er r\u00e6tt um.<\/p>\n","protected":false},"excerpt":{"rendered":"<p>\u00cd \u00feessari\u00a0fr\u00e9tt\u00a0segir me\u00f0al annars:\u00a0 \u201eS\u00fa nefnd stj\u00f3rnlagar\u00e1\u00f0s sem fjallar um kj\u00f6rd\u00e6maskipan og \u00feingkosningar leggur til talsver\u00f0ar breytingar \u00e1 fyrirkomulagi kosninga til Al\u00feingis og vill a\u00f0 atkv\u00e6\u00f0i kj\u00f3senda alls sta\u00f0ar \u00e1 landinu vegi jafnt l\u00edkt og \u00fej\u00f3\u00f0fundur lag\u00f0i mikla \u00e1herslu \u00e1.\u201c<\/p>\n","protected":false},"author":10,"featured_media":0,"comment_status":"open","ping_status":"open","sticky":false,"template":"","format":"standard","meta":{"footnotes":""},"categories":[1,43],"tags":[87,86],"class_list":["post-96","post","type-post","status-publish","format-standard","hentry","category-oflokkad","category-lydraedismal-og-stjornarskra","tag-kynjakvotar","tag-stjornlagarad"],"yoast_head":"<!-- This site is optimized with the Yoast SEO plugin v27.5 - https:\/\/yoast.com\/product\/yoast-seo-wordpress\/ -->\n<title>Einn ma\u00f0ur eitt atkv\u00e6\u00f0i \u2014 en sum atkv\u00e6\u00f0i vega \u00feyngra en \u00f6nnur - Einar<\/title>\n<meta name=\"robots\" content=\"index, follow, max-snippet:-1, max-image-preview:large, max-video-preview:-1\" \/>\n<link rel=\"canonical\" href=\"https:\/\/www.norn.is\/einar\/2011\/06\/09\/einn-madur-eitt-atkvaedi-en-sum-atkvaedi-vega-thyngra-en-onnur\/\" \/>\n<meta property=\"og:locale\" content=\"is_IS\" \/>\n<meta property=\"og:type\" content=\"article\" \/>\n<meta property=\"og:title\" content=\"Einn ma\u00f0ur eitt atkv\u00e6\u00f0i \u2014 en sum atkv\u00e6\u00f0i vega \u00feyngra en \u00f6nnur - Einar\" \/>\n<meta property=\"og:description\" content=\"\u00cd \u00feessari\u00a0fr\u00e9tt\u00a0segir me\u00f0al annars:\u00a0 \u201eS\u00fa nefnd stj\u00f3rnlagar\u00e1\u00f0s sem fjallar um kj\u00f6rd\u00e6maskipan og \u00feingkosningar leggur til talsver\u00f0ar breytingar \u00e1 fyrirkomulagi kosninga til Al\u00feingis og vill a\u00f0 atkv\u00e6\u00f0i kj\u00f3senda alls sta\u00f0ar \u00e1 landinu vegi jafnt l\u00edkt og \u00fej\u00f3\u00f0fundur lag\u00f0i mikla \u00e1herslu \u00e1.\u201c\" \/>\n<meta property=\"og:url\" content=\"https:\/\/www.norn.is\/einar\/2011\/06\/09\/einn-madur-eitt-atkvaedi-en-sum-atkvaedi-vega-thyngra-en-onnur\/\" \/>\n<meta property=\"og:site_name\" content=\"Einar\" \/>\n<meta property=\"article:published_time\" content=\"2011-06-09T13:15:46+00:00\" \/>\n<meta property=\"article:modified_time\" content=\"2017-09-24T11:05:41+00:00\" \/>\n<meta name=\"author\" content=\"einar\" \/>\n<meta name=\"twitter:card\" content=\"summary_large_image\" \/>\n<meta name=\"twitter:label1\" content=\"Written by\" \/>\n\t<meta name=\"twitter:data1\" content=\"\" \/>\n\t<meta name=\"twitter:label2\" content=\"Est. reading time\" \/>\n\t<meta name=\"twitter:data2\" content=\"2 minutes\" \/>\n<script type=\"application\/ld+json\" class=\"yoast-schema-graph\">{\"@context\":\"https:\\\/\\\/schema.org\",\"@graph\":[{\"@type\":\"Article\",\"@id\":\"https:\\\/\\\/www.norn.is\\\/einar\\\/2011\\\/06\\\/09\\\/einn-madur-eitt-atkvaedi-en-sum-atkvaedi-vega-thyngra-en-onnur\\\/#article\",\"isPartOf\":{\"@id\":\"https:\\\/\\\/www.norn.is\\\/einar\\\/2011\\\/06\\\/09\\\/einn-madur-eitt-atkvaedi-en-sum-atkvaedi-vega-thyngra-en-onnur\\\/\"},\"author\":{\"name\":\"einar\",\"@id\":\"https:\\\/\\\/www.norn.is\\\/einar\\\/#\\\/schema\\\/person\\\/19affadb841a22f7bfd4bdcd72a862d0\"},\"headline\":\"Einn ma\u00f0ur eitt atkv\u00e6\u00f0i \u2014 en sum atkv\u00e6\u00f0i vega \u00feyngra en \u00f6nnur\",\"datePublished\":\"2011-06-09T13:15:46+00:00\",\"dateModified\":\"2017-09-24T11:05:41+00:00\",\"mainEntityOfPage\":{\"@id\":\"https:\\\/\\\/www.norn.is\\\/einar\\\/2011\\\/06\\\/09\\\/einn-madur-eitt-atkvaedi-en-sum-atkvaedi-vega-thyngra-en-onnur\\\/\"},\"wordCount\":346,\"commentCount\":0,\"keywords\":[\"Kynjakv\u00f3tar\",\"Stj\u00f3rnlagar\u00e1\u00f0\"],\"articleSection\":[\"Allt efni\",\"L\u00fd\u00f0r\u00e6\u00f0ism\u00e1l og stj\u00f3rnarskr\u00e1\"],\"inLanguage\":\"is\",\"potentialAction\":[{\"@type\":\"CommentAction\",\"name\":\"Comment\",\"target\":[\"https:\\\/\\\/www.norn.is\\\/einar\\\/2011\\\/06\\\/09\\\/einn-madur-eitt-atkvaedi-en-sum-atkvaedi-vega-thyngra-en-onnur\\\/#respond\"]}]},{\"@type\":\"WebPage\",\"@id\":\"https:\\\/\\\/www.norn.is\\\/einar\\\/2011\\\/06\\\/09\\\/einn-madur-eitt-atkvaedi-en-sum-atkvaedi-vega-thyngra-en-onnur\\\/\",\"url\":\"https:\\\/\\\/www.norn.is\\\/einar\\\/2011\\\/06\\\/09\\\/einn-madur-eitt-atkvaedi-en-sum-atkvaedi-vega-thyngra-en-onnur\\\/\",\"name\":\"Einn ma\u00f0ur eitt atkv\u00e6\u00f0i \u2014 en sum atkv\u00e6\u00f0i vega \u00feyngra en \u00f6nnur - Einar\",\"isPartOf\":{\"@id\":\"https:\\\/\\\/www.norn.is\\\/einar\\\/#website\"},\"datePublished\":\"2011-06-09T13:15:46+00:00\",\"dateModified\":\"2017-09-24T11:05:41+00:00\",\"author\":{\"@id\":\"https:\\\/\\\/www.norn.is\\\/einar\\\/#\\\/schema\\\/person\\\/19affadb841a22f7bfd4bdcd72a862d0\"},\"breadcrumb\":{\"@id\":\"https:\\\/\\\/www.norn.is\\\/einar\\\/2011\\\/06\\\/09\\\/einn-madur-eitt-atkvaedi-en-sum-atkvaedi-vega-thyngra-en-onnur\\\/#breadcrumb\"},\"inLanguage\":\"is\",\"potentialAction\":[{\"@type\":\"ReadAction\",\"target\":[\"https:\\\/\\\/www.norn.is\\\/einar\\\/2011\\\/06\\\/09\\\/einn-madur-eitt-atkvaedi-en-sum-atkvaedi-vega-thyngra-en-onnur\\\/\"]}]},{\"@type\":\"BreadcrumbList\",\"@id\":\"https:\\\/\\\/www.norn.is\\\/einar\\\/2011\\\/06\\\/09\\\/einn-madur-eitt-atkvaedi-en-sum-atkvaedi-vega-thyngra-en-onnur\\\/#breadcrumb\",\"itemListElement\":[{\"@type\":\"ListItem\",\"position\":1,\"name\":\"Home\",\"item\":\"https:\\\/\\\/www.norn.is\\\/einar\\\/\"},{\"@type\":\"ListItem\",\"position\":2,\"name\":\"Einn ma\u00f0ur eitt atkv\u00e6\u00f0i \u2014 en sum atkv\u00e6\u00f0i vega \u00feyngra en \u00f6nnur\"}]},{\"@type\":\"WebSite\",\"@id\":\"https:\\\/\\\/www.norn.is\\\/einar\\\/#website\",\"url\":\"https:\\\/\\\/www.norn.is\\\/einar\\\/\",\"name\":\"Einar\",\"description\":\"Pistlar Einars Steingr\u00edmssonar\",\"potentialAction\":[{\"@type\":\"SearchAction\",\"target\":{\"@type\":\"EntryPoint\",\"urlTemplate\":\"https:\\\/\\\/www.norn.is\\\/einar\\\/?s={search_term_string}\"},\"query-input\":{\"@type\":\"PropertyValueSpecification\",\"valueRequired\":true,\"valueName\":\"search_term_string\"}}],\"inLanguage\":\"is\"},{\"@type\":\"Person\",\"@id\":\"https:\\\/\\\/www.norn.is\\\/einar\\\/#\\\/schema\\\/person\\\/19affadb841a22f7bfd4bdcd72a862d0\",\"name\":\"einar\",\"image\":{\"@type\":\"ImageObject\",\"inLanguage\":\"is\",\"@id\":\"https:\\\/\\\/secure.gravatar.com\\\/avatar\\\/6f5f5592f3cc45e338376db24f1672c636582d9c27d855e8f077f13ef13b17fd?s=96&d=mm&r=g\",\"url\":\"https:\\\/\\\/secure.gravatar.com\\\/avatar\\\/6f5f5592f3cc45e338376db24f1672c636582d9c27d855e8f077f13ef13b17fd?s=96&d=mm&r=g\",\"contentUrl\":\"https:\\\/\\\/secure.gravatar.com\\\/avatar\\\/6f5f5592f3cc45e338376db24f1672c636582d9c27d855e8f077f13ef13b17fd?s=96&d=mm&r=g\",\"caption\":\"einar\"},\"url\":\"https:\\\/\\\/www.norn.is\\\/einar\\\/author\\\/einarsteingrimsson\\\/\"}]}<\/script>\n<!-- \/ Yoast SEO plugin. -->","yoast_head_json":{"title":"Einn ma\u00f0ur eitt atkv\u00e6\u00f0i \u2014 en sum atkv\u00e6\u00f0i vega \u00feyngra en \u00f6nnur - Einar","robots":{"index":"index","follow":"follow","max-snippet":"max-snippet:-1","max-image-preview":"max-image-preview:large","max-video-preview":"max-video-preview:-1"},"canonical":"https:\/\/www.norn.is\/einar\/2011\/06\/09\/einn-madur-eitt-atkvaedi-en-sum-atkvaedi-vega-thyngra-en-onnur\/","og_locale":"is_IS","og_type":"article","og_title":"Einn ma\u00f0ur eitt atkv\u00e6\u00f0i \u2014 en sum atkv\u00e6\u00f0i vega \u00feyngra en \u00f6nnur - Einar","og_description":"\u00cd \u00feessari\u00a0fr\u00e9tt\u00a0segir me\u00f0al annars:\u00a0 \u201eS\u00fa nefnd stj\u00f3rnlagar\u00e1\u00f0s sem fjallar um kj\u00f6rd\u00e6maskipan og \u00feingkosningar leggur til talsver\u00f0ar breytingar \u00e1 fyrirkomulagi kosninga til Al\u00feingis og vill a\u00f0 atkv\u00e6\u00f0i kj\u00f3senda alls sta\u00f0ar \u00e1 landinu vegi jafnt l\u00edkt og \u00fej\u00f3\u00f0fundur lag\u00f0i mikla \u00e1herslu \u00e1.\u201c","og_url":"https:\/\/www.norn.is\/einar\/2011\/06\/09\/einn-madur-eitt-atkvaedi-en-sum-atkvaedi-vega-thyngra-en-onnur\/","og_site_name":"Einar","article_published_time":"2011-06-09T13:15:46+00:00","article_modified_time":"2017-09-24T11:05:41+00:00","author":"einar","twitter_card":"summary_large_image","twitter_misc":{"Written by":false,"Est. reading time":"2 minutes"},"schema":{"@context":"https:\/\/schema.org","@graph":[{"@type":"Article","@id":"https:\/\/www.norn.is\/einar\/2011\/06\/09\/einn-madur-eitt-atkvaedi-en-sum-atkvaedi-vega-thyngra-en-onnur\/#article","isPartOf":{"@id":"https:\/\/www.norn.is\/einar\/2011\/06\/09\/einn-madur-eitt-atkvaedi-en-sum-atkvaedi-vega-thyngra-en-onnur\/"},"author":{"name":"einar","@id":"https:\/\/www.norn.is\/einar\/#\/schema\/person\/19affadb841a22f7bfd4bdcd72a862d0"},"headline":"Einn ma\u00f0ur eitt atkv\u00e6\u00f0i \u2014 en sum atkv\u00e6\u00f0i vega \u00feyngra en \u00f6nnur","datePublished":"2011-06-09T13:15:46+00:00","dateModified":"2017-09-24T11:05:41+00:00","mainEntityOfPage":{"@id":"https:\/\/www.norn.is\/einar\/2011\/06\/09\/einn-madur-eitt-atkvaedi-en-sum-atkvaedi-vega-thyngra-en-onnur\/"},"wordCount":346,"commentCount":0,"keywords":["Kynjakv\u00f3tar","Stj\u00f3rnlagar\u00e1\u00f0"],"articleSection":["Allt efni","L\u00fd\u00f0r\u00e6\u00f0ism\u00e1l og stj\u00f3rnarskr\u00e1"],"inLanguage":"is","potentialAction":[{"@type":"CommentAction","name":"Comment","target":["https:\/\/www.norn.is\/einar\/2011\/06\/09\/einn-madur-eitt-atkvaedi-en-sum-atkvaedi-vega-thyngra-en-onnur\/#respond"]}]},{"@type":"WebPage","@id":"https:\/\/www.norn.is\/einar\/2011\/06\/09\/einn-madur-eitt-atkvaedi-en-sum-atkvaedi-vega-thyngra-en-onnur\/","url":"https:\/\/www.norn.is\/einar\/2011\/06\/09\/einn-madur-eitt-atkvaedi-en-sum-atkvaedi-vega-thyngra-en-onnur\/","name":"Einn ma\u00f0ur eitt atkv\u00e6\u00f0i \u2014 en sum atkv\u00e6\u00f0i vega \u00feyngra en \u00f6nnur - Einar","isPartOf":{"@id":"https:\/\/www.norn.is\/einar\/#website"},"datePublished":"2011-06-09T13:15:46+00:00","dateModified":"2017-09-24T11:05:41+00:00","author":{"@id":"https:\/\/www.norn.is\/einar\/#\/schema\/person\/19affadb841a22f7bfd4bdcd72a862d0"},"breadcrumb":{"@id":"https:\/\/www.norn.is\/einar\/2011\/06\/09\/einn-madur-eitt-atkvaedi-en-sum-atkvaedi-vega-thyngra-en-onnur\/#breadcrumb"},"inLanguage":"is","potentialAction":[{"@type":"ReadAction","target":["https:\/\/www.norn.is\/einar\/2011\/06\/09\/einn-madur-eitt-atkvaedi-en-sum-atkvaedi-vega-thyngra-en-onnur\/"]}]},{"@type":"BreadcrumbList","@id":"https:\/\/www.norn.is\/einar\/2011\/06\/09\/einn-madur-eitt-atkvaedi-en-sum-atkvaedi-vega-thyngra-en-onnur\/#breadcrumb","itemListElement":[{"@type":"ListItem","position":1,"name":"Home","item":"https:\/\/www.norn.is\/einar\/"},{"@type":"ListItem","position":2,"name":"Einn ma\u00f0ur eitt atkv\u00e6\u00f0i \u2014 en sum atkv\u00e6\u00f0i vega \u00feyngra en \u00f6nnur"}]},{"@type":"WebSite","@id":"https:\/\/www.norn.is\/einar\/#website","url":"https:\/\/www.norn.is\/einar\/","name":"Einar","description":"Pistlar Einars Steingr\u00edmssonar","potentialAction":[{"@type":"SearchAction","target":{"@type":"EntryPoint","urlTemplate":"https:\/\/www.norn.is\/einar\/?s={search_term_string}"},"query-input":{"@type":"PropertyValueSpecification","valueRequired":true,"valueName":"search_term_string"}}],"inLanguage":"is"},{"@type":"Person","@id":"https:\/\/www.norn.is\/einar\/#\/schema\/person\/19affadb841a22f7bfd4bdcd72a862d0","name":"einar","image":{"@type":"ImageObject","inLanguage":"is","@id":"https:\/\/secure.gravatar.com\/avatar\/6f5f5592f3cc45e338376db24f1672c636582d9c27d855e8f077f13ef13b17fd?s=96&d=mm&r=g","url":"https:\/\/secure.gravatar.com\/avatar\/6f5f5592f3cc45e338376db24f1672c636582d9c27d855e8f077f13ef13b17fd?s=96&d=mm&r=g","contentUrl":"https:\/\/secure.gravatar.com\/avatar\/6f5f5592f3cc45e338376db24f1672c636582d9c27d855e8f077f13ef13b17fd?s=96&d=mm&r=g","caption":"einar"},"url":"https:\/\/www.norn.is\/einar\/author\/einarsteingrimsson\/"}]}},"_links":{"self":[{"href":"https:\/\/www.norn.is\/einar\/wp-json\/wp\/v2\/posts\/96","targetHints":{"allow":["GET"]}}],"collection":[{"href":"https:\/\/www.norn.is\/einar\/wp-json\/wp\/v2\/posts"}],"about":[{"href":"https:\/\/www.norn.is\/einar\/wp-json\/wp\/v2\/types\/post"}],"author":[{"embeddable":true,"href":"https:\/\/www.norn.is\/einar\/wp-json\/wp\/v2\/users\/10"}],"replies":[{"embeddable":true,"href":"https:\/\/www.norn.is\/einar\/wp-json\/wp\/v2\/comments?post=96"}],"version-history":[{"count":1,"href":"https:\/\/www.norn.is\/einar\/wp-json\/wp\/v2\/posts\/96\/revisions"}],"predecessor-version":[{"id":97,"href":"https:\/\/www.norn.is\/einar\/wp-json\/wp\/v2\/posts\/96\/revisions\/97"}],"wp:attachment":[{"href":"https:\/\/www.norn.is\/einar\/wp-json\/wp\/v2\/media?parent=96"}],"wp:term":[{"taxonomy":"category","embeddable":true,"href":"https:\/\/www.norn.is\/einar\/wp-json\/wp\/v2\/categories?post=96"},{"taxonomy":"post_tag","embeddable":true,"href":"https:\/\/www.norn.is\/einar\/wp-json\/wp\/v2\/tags?post=96"}],"curies":[{"name":"wp","href":"https:\/\/api.w.org\/{rel}","templated":true}]}}