{"id":94,"date":"2011-06-07T13:12:30","date_gmt":"2011-06-07T13:12:30","guid":{"rendered":"http:\/\/www.norn.is\/einar\/?p=94"},"modified":"2017-09-24T11:05:41","modified_gmt":"2017-09-24T11:05:41","slug":"ranghugmyndir-um-haskolastarf-og-2007","status":"publish","type":"post","link":"https:\/\/www.norn.is\/einar\/2011\/06\/07\/ranghugmyndir-um-haskolastarf-og-2007\/","title":{"rendered":"Ranghugmyndir um h\u00e1sk\u00f3lastarf og 2007"},"content":{"rendered":"<p>N\u00fdlega kom fram\u00a0<a href=\"http:\/\/www.althingi.is\/altext\/139\/s\/1642.html\">\u00feings\u00e1lyktunartillaga<\/a>\u00a0\u201eum sameiningu h\u00e1sk\u00f3lastofnana og rekstur tveggja \u00f6flugra h\u00e1sk\u00f3la.\u201c\u00a0 Fyrir henni tala\u00f0i Baldur \u00de\u00f3rhallsson, vara\u00feingma\u00f0ur Samfylkingarinnar, og pr\u00f3fessor \u00ed stj\u00f3rnm\u00e1lafr\u00e6\u00f0i vi\u00f0 H\u00e1sk\u00f3la \u00cdslands.\u00a0 \u00deessi tillaga er ansi barnaleg og l\u00fdsir auk \u00feess litlum skilningi \u00e1 g\u00f3\u00f0u h\u00e1sk\u00f3lastarfi.\u00a0 \u00cd henni segir me\u00f0al annars (og ma\u00f0ur spyr sig hvort enn s\u00e9 \u00e1ri\u00f0 2007): \u201e\u00deannig ver\u00f0i starfr\u00e6ktar tv\u00e6r v\u00edsindastofnanir \u00e1 landinu me\u00f0 nokkrar starfsst\u00f6\u00f0var sem hafi getu til a\u00f0 vinna a\u00f0 ranns\u00f3knum og bj\u00f3\u00f0a upp \u00e1 h\u00e1sk\u00f3lakennslu eins og best gerist \u00ed heiminum.\u201c<!--more--><\/p>\n<p>Skilningsleysi flutningsmanna felst \u00ed \u00fev\u00ed a\u00f0 \u00e1 \u00cdslandi b\u00faa 320 \u00fe\u00fasund manns, h\u00e9r er hlutfallslega \u00e1l\u00edka margt f\u00f3lk \u00ed h\u00e1sk\u00f3lan\u00e1mi og mest gerist \u00ed heiminum, og \u00cdslendingar eru, \u00fev\u00ed mi\u00f0ur, ekki margfalt kl\u00e1rari en a\u00f0rar \u00fej\u00f3\u00f0ir \u00feegar kemur a\u00f0 v\u00edsindastarfi.\u00a0 S\u00e9 t.d. bori\u00f0 saman vi\u00f0 Kaliforn\u00edu, \u00fear sem langst\u00e6rstur hluti\u00a0<a href=\"http:\/\/en.wikipedia.org\/wiki\/University_of_California\">h\u00e1sk\u00f3lakerfisins<\/a>\u00a0er rekinn af r\u00edkinu, m\u00e1 sj\u00e1 a\u00f0 \u00ed efsta hlutanum af \u00feremur eru um 200 \u00fe\u00fasund nemendur (\u00feetta eru ranns\u00f3knah\u00e1sk\u00f3larnir \u00ed kerfinu, \u00fe.\u00e1.m. Berkeley, UCLA og a\u00f0rir minna \u00feekktir).\u00a0 \u00cdb\u00faar Kaliforn\u00edu eru 115 sinnum fleiri en \u00cdslendingar.\u00a0 Ef \u00edslenskur h\u00e1sk\u00f3li \u00e6tti a\u00f0 bj\u00f3\u00f0a upp \u00e1 \u00fea\u00f0 sem \u201ebest gerist \u00ed heiminum\u201c \u2014 og \u00fe\u00f3tt ekki v\u00e6ri gengi\u00f0 lengra en a\u00f0 bera sig saman vi\u00f0 ofangreindan hluta Kaliforn\u00edukerfisins, fremur en bara \u00fe\u00e1 sem fremst standa \u00e1 al\u00fej\u00f3\u00f0avettvangi \u2014 \u00fe\u00e1 v\u00e6ri \u00f3raunh\u00e6ft a\u00f0 reikna me\u00f0 a\u00f0 sl\u00edkur sk\u00f3li h\u00fdsti meira en tv\u00f6 \u00fe\u00fasund nemendur, \u00ed sta\u00f0 \u00feeirra fimmt\u00e1n-tuttugu \u00fe\u00fasunda sem h\u00e9r stunda n\u00e1m \u00e1 h\u00e1sk\u00f3lastigi.<\/p>\n<p>\u00cd stuttu m\u00e1li er fr\u00e1leitt a\u00f0 \u00e6tla a\u00f0 meira en t\u00edu pr\u00f3sent nemenda \u00ed \u00edslenskum h\u00e1sk\u00f3lum hafi bur\u00f0i til a\u00f0 stunda n\u00e1m \u00ed sk\u00f3lum sem bj\u00f3\u00f0a upp \u00e1 \u00fea\u00f0 sem \u201ebest gerist \u00ed heiminum.\u201c\u00a0 \u00cd sl\u00edkum h\u00e1sk\u00f3lum eru nefnilega ger\u00f0ar kr\u00f6fur sem einungis l\u00edtill hluti nemenda \u00ed \u00e1rgangi stendur undir, og \u00e1n sl\u00edkra nemenda er t\u00f3mt m\u00e1l a\u00f0 tala um fram\u00farskarandi h\u00e1sk\u00f3la.\u00a0 A\u00f0 sama skapi er \u00fatiloka\u00f0 a\u00f0 h\u00e9r \u00e1 landi s\u00e9 st\u00e6rra hlutfall af g\u00f3\u00f0um fr\u00e6\u00f0im\u00f6nnum en gerist annars sta\u00f0ar \u00ed heiminum.<\/p>\n<p>V\u00e6ri alvara \u00e1 bak vi\u00f0 hugmyndirnar um a\u00f0 byggja upp \u00f6flugt h\u00e1sk\u00f3lastarf m\u00e6tti skapa sl\u00edkan sk\u00f3la me\u00f0 \u00fev\u00ed a\u00f0 safna saman \u00fev\u00ed v\u00edsindaf\u00f3lki landsins sem stendur f\u00f6stum f\u00f3tum \u00ed al\u00fej\u00f3\u00f0asamf\u00e9laginu (og \u00fea\u00f0 einungis \u00e1 svi\u00f0um sem eru n\u00f3gu bur\u00f0ug h\u00e9r til a\u00f0 standa undir starfi sem s\u00f3mir s\u00e9r \u00e1 al\u00fej\u00f3\u00f0avettvangi).\u00a0 Hugmyndir \u00e1 \u00feessum n\u00f3tum voru lag\u00f0ar fram af \u00feremur me\u00f0limum svokalla\u00f0s r\u00fdnih\u00f3ps r\u00e1\u00f0herra sem \u00e1tti a\u00f0 gera till\u00f6gur um endurskipulagninguna sumari\u00f0 2009. \u00de\u00e6r hugmyndir m\u00e1 sj\u00e1\u00a0<a href=\"http:\/\/combinatorics.is\/einar\/stytt-alit-thoro-mkm-es.pdf\">h\u00e9r<\/a>, en skemmst er fr\u00e1 \u00fev\u00ed a\u00f0 segja a\u00f0 \u00fe\u00e6r hlutu ekki mikinn hlj\u00f3mgrunn \u00ed h\u00f3pnum, enda var hann samsettur \u00ed nokkurn veginn r\u00e9ttum hlutf\u00f6llum af f\u00f3lki \u00far \u00f6llum h\u00e1sk\u00f3lum landsins, og var\u00f0 \u00fev\u00ed a\u00f0 sams konar hagsmunag\u00e6slunefnd og vi\u00f0 m\u00e1tti b\u00faast, \u00fear sem samm\u00e6lst var um a\u00f0 gera n\u00e1nast engar breytingar.<\/p>\n<p>\u00dea\u00f0 er barnaskapur hj\u00e1 flutningsm\u00f6nnum \u00feings\u00e1lyktunartill\u00f6gunnar a\u00f0 segja a\u00f0 \u201eVerkefni h\u00e1sk\u00f3lanna er a\u00f0 koma s\u00e9r saman um hvernig sameiningu \u00feeirra er best h\u00e1tta\u00f0.\u201c\u00a0 H\u00e1sk\u00f3li \u00cdslands vill gleypa mestallt h\u00e1sk\u00f3lastarf \u00ed landinu, og hinir h\u00e1sk\u00f3larnir vilja ekki l\u00e1ta gleypa sig.\u00a0 Forysta sk\u00f3lanna mun \u00fev\u00ed aldrei koma s\u00e9r saman um sameiningar.\u00a0 Enda er ekki skynsamlegt a\u00f0 \u00e6tla a\u00f0 forysta tiltekinnar stofnunar vinni heilshugar a\u00f0 \u00fev\u00ed a\u00f0 leggja sj\u00e1lfa sig ni\u00f0ur.\u00a0 Auk \u00feess \u00fej\u00f3nar \u00fea\u00f0 varla hagsmunum eigendanna, r\u00edkisins fyrir h\u00f6nd almennings, a\u00f0 l\u00e1ta forystumenn stofnana sem e.t.v. \u00e6tti a\u00f0 gerbreyta e\u00f0a leggja ni\u00f0ur v\u00e9la um hvernig eigi a\u00f0 standa a\u00f0 \u00fev\u00ed.<\/p>\n<p>Ef \u00e6tti a\u00f0 byggja upp \u00f6flugt h\u00e1sk\u00f3lastarf \u00e1 \u00cdslandi (og \u00fea\u00f0 v\u00e6ri h\u00e6gt, \u00ed litlum m\u00e6li, \u00fer\u00e1tt fyrir f\u00e1menni og fj\u00e1rskort) \u00fe\u00e1 \u00feyrftu \u00feau yfirv\u00f6ld sem r\u00e1\u00f0a yfir fj\u00e1rframl\u00f6gunum a\u00f0 taka \u00e1kv\u00f6r\u00f0un um sl\u00edkt, og f\u00e1 til \u00feess verks a\u00f0ra en \u00fe\u00e1 sem n\u00fa r\u00e1\u00f0a l\u00f6gum og lofum \u00ed kerfinu.\u00a0 \u00dea\u00f0 hafa \u00feessi yfirv\u00f6ld (menntam\u00e1lar\u00e1\u00f0herrar) aldrei gert.\u00a0 \u00devert \u00e1 m\u00f3ti hefur ekkert raunverulegt eftirlit veri\u00f0 me\u00f0 g\u00e6\u00f0um h\u00e1sk\u00f3lastarfsins, og aldrei spurt hva\u00f0 fengist (\u00ed g\u00e6\u00f0um) fyrir f\u00e9\u00f0 sem lagt hefur veri\u00f0 \u00ed \u00feetta kerfi.<\/p>\n<p>\u00der\u00e1tt fyrir yfirl\u00fdsingar n\u00faverandi menntam\u00e1lar\u00e1\u00f0herra (sem er \u00ed leyfi sem stendur) um a\u00f0 endurskipuleggja \u00e6tti h\u00e1sk\u00f3lakerfi\u00f0 er ekkert sl\u00edkt \u00e1 prj\u00f3nunum.\u00a0 \u00dea\u00f0 hafa veri\u00f0 skrifa\u00f0ar nokkrar sk\u00fdrslur, sumar me\u00f0 g\u00f3\u00f0um \u00e1bendingum um gallana \u00ed kerfinu, en allar tilraunir til a\u00f0 koma \u00e1 teljandi breytingum hafa veri\u00f0 k\u00e6f\u00f0ar.\u00a0 \u00cd forystu fyrir \u00fev\u00ed verki hefur veri\u00f0 s\u00e9rstakur r\u00e1\u00f0gjafi r\u00e1\u00f0herra um endurskipulagningu h\u00e1sk\u00f3lakerfisins, Berglind R\u00f3s Magn\u00fasd\u00f3ttir.\u00a0 Eins og t\u00edtt er \u00ed \u00edslenskri stj\u00f3rns\u00fdslu er \u00fear \u00e1 fer\u00f0inni manneskja me\u00f0 enga reynslu af starfi \u00e1 \u00fev\u00ed svi\u00f0i sem h\u00fan \u00e1tti a\u00f0 lei\u00f0a endurskipulagninguna \u00e1, \u00fe.e.a.s. h\u00fan hefur aldrei starfa\u00f0 \u00ed h\u00e1sk\u00f3la (\u00f6\u00f0ru v\u00edsi en sem nemandi), hva\u00f0 \u00fe\u00e1 a\u00f0 h\u00fan hafi umfangsmikla reynslu af sl\u00edku starfi.<\/p>\n<p>Undirritu\u00f0um sag\u00f0i Berglind, sk\u00f6mmu eftir a\u00f0 h\u00fan var r\u00e1\u00f0in til starfans, a\u00f0 r\u00e1\u00f0uneyti\u00f0 hef\u00f0i s\u00e9r til r\u00e1\u00f0gjafar \u00ed \u00feessum m\u00e1lum tvo reynda h\u00e1sk\u00f3lamenn, \u00fe\u00e1 J\u00f3n Torfa J\u00f3nasson, forseta menntav\u00edsindasvi\u00f0s H\u00cd, og P\u00e1l Sk\u00falason, fyrrum rektor \u00feess sk\u00f3la.\u00a0 \u00dea\u00f0 er n\u00f3gu sl\u00e6mt a\u00f0 l\u00e1ta forystumenn \u00far einum \u00feeirra sk\u00f3la sem endurskipulagningin \u00e1tti a\u00f0 taka til r\u00e1\u00f0a h\u00e9r f\u00f6r.\u00a0 Ekki er sk\u00e1rra a\u00f0 umr\u00e6ddir menn eru \u00feekktir fyrir allt anna\u00f0 en a\u00f0 reyna a\u00f0 byggja upp \u00f6flugt h\u00e1sk\u00f3lastarf \u00ed al\u00fej\u00f3\u00f0legum samanbur\u00f0i, eins og er yfirl\u00fdst stefna H\u00cd og HR (en \u00ed \u00feeim sk\u00f3lum eru yfir 90% h\u00e1sk\u00f3lanema landsins).<\/p>\n<p>\u00deetta er kjarni vandans: \u00deeir sem r\u00e1\u00f0a l\u00f6gum og lofum \u00ed \u00edslensku h\u00e1sk\u00f3lastarfi vilja ekki hr\u00f3fla vi\u00f0 kerfinu, sem hyglir undirm\u00e1lsf\u00f3lki (\u00ed tr\u00e1ssi vi\u00f0 yfirl\u00fdsta stefnu HR og H\u00cd), neitar a\u00f0 hla\u00f0a undir starf \u00feeirra sem raunverulega eru framb\u00e6rilegir \u00e1 al\u00fej\u00f3\u00f0avettvangi, og kemur \u00feannig \u00ed veg fyrir a\u00f0 h\u00e6gt s\u00e9 a\u00f0 la\u00f0a til landsins f\u00f3lk sem g\u00e6ti st\u00f3reflt h\u00e1sk\u00f3lastarf h\u00e9r.<\/p>\n<p>H\u00e9r er svo \u00f6rl\u00edti\u00f0, en afar l\u00fdsandi, d\u00e6mi um \u00e1herslurnar sem \u00ed raun r\u00e1\u00f0a f\u00f6r \u00ed H\u00e1sk\u00f3la \u00cdslands, sem gefur sig \u00fat fyrir a\u00f0 vilja ver\u00f0a einn af hundra\u00f0 bestu \u00ed heimi (\u00e1standi\u00f0 er ekkert sk\u00e1rra \u00ed HR, \u00fe\u00f3tt \u00fear s\u00e9 um a\u00f0 r\u00e6\u00f0a annars konar kerfi): Samkv\u00e6mt vinnumatskerfi H\u00e1sk\u00f3la \u00cdslands f\u00e1 h\u00f6fundar sem eru einir \u00e1 grein \u00ed t\u00edmaritum eins og T\u00edmariti s\u00e1lfr\u00e6\u00f0inga, e\u00f0a RAUST (T\u00edmariti um raunv\u00edsindi og st\u00e6r\u00f0fr\u00e6\u00f0i), fj\u00f3rfalt fleiri punkta en Freysteinn Sigmundsson f\u00e9kk, sem fyrsti h\u00f6fundur, fyrir\u00a0<a href=\"http:\/\/www.nature.com\/nature\/journal\/v468\/n7322\/full\/nature09558.html\">\u00feessa grein<\/a>\u00a0\u00ed einu virtasta t\u00edmariti heims. Vinnumatskerfi\u00f0 r\u00e6\u00f0ur hluta af launum akadem\u00edskra starfsmanna, auk framgangs \u00feeirra.\u00a0 Ofangreint, sem er \u00fev\u00ed mi\u00f0ur d\u00e6migert fyrir kerfi\u00f0, veldur \u00fev\u00ed annars vegar a\u00f0 fram\u00farskarandi v\u00edsindam\u00f6nnum er refsa\u00f0 fyrir a\u00f0 gera sitt besta, samt\u00edmis \u00fev\u00ed sem starfsmenn eru hvattir til a\u00f0 ey\u00f0a t\u00edma s\u00ednum \u00ed a\u00f0 framlei\u00f0a greinar sem eru algerlega marklausar \u00ed \u00fev\u00ed al\u00fej\u00f3\u00f0asamf\u00e9lagi sem v\u00edsindin eru.\u00a0 A\u00f0 birta greinar um s\u00e1lfr\u00e6\u00f0i \u00e1 \u00edslensku er ekki \u00fe\u00e1tttaka \u00ed al\u00fej\u00f3\u00f0lega fr\u00e6\u00f0asamf\u00e9laginu, og erfitt er a\u00f0 verjast \u00feeim grun a\u00f0 \u00fea\u00f0 s\u00e9 gert vegna \u00feess a\u00f0 \u00fe\u00e6r fengjust aldrei sam\u00feykktar \u00ed g\u00f3\u00f0um al\u00fej\u00f3\u00f0legum t\u00edmaritum.\u00a0 T\u00edmariti\u00f0 RAUST er l\u00edka \u00e1 \u00edslensku, sem \u00fe\u00fd\u00f0ir a\u00f0 \u00fea\u00f0 er ekkert framlag til v\u00edsindasamf\u00e9lagsins \u00ed raunv\u00edsindum, auk \u00feess sem greinar \u00feess eru n\u00e1nast aldrei framlag til ranns\u00f3kna, heldur bara yfirlitsgreinar, skrifa\u00f0ar fyrir leikmenn.<\/p>\n<p>Eins og svo margt \u00e1 \u00cdslandi byggist \u00edslenska h\u00e1sk\u00f3lakerfi\u00f0, og v\u00f6ldin \u00ed \u00fev\u00ed, \u00e1 svikum og blekkingum,\u00a0 \u00ed bland vi\u00f0 hrokafullan \u00fev\u00e6tting um al\u00fej\u00f3\u00f0lega yfirbur\u00f0i, \u00e1 bor\u00f0 vi\u00f0 \u00fea\u00f0 sem t\u00ed\u00f0ka\u00f0ist \u00ed \u00edslenska fj\u00e1rm\u00e1laheiminum \u00e1 \u00e1runum fram a\u00f0 hruni.<\/p>\n","protected":false},"excerpt":{"rendered":"<p>N\u00fdlega kom fram\u00a0\u00feings\u00e1lyktunartillaga\u00a0\u201eum sameiningu h\u00e1sk\u00f3lastofnana og rekstur tveggja \u00f6flugra h\u00e1sk\u00f3la.\u201c\u00a0 Fyrir henni tala\u00f0i Baldur \u00de\u00f3rhallsson, vara\u00feingma\u00f0ur Samfylkingarinnar, og pr\u00f3fessor \u00ed stj\u00f3rnm\u00e1lafr\u00e6\u00f0i vi\u00f0 H\u00e1sk\u00f3la \u00cdslands.\u00a0 \u00deessi tillaga er ansi barnaleg og l\u00fdsir auk \u00feess litlum skilningi \u00e1 g\u00f3\u00f0u h\u00e1sk\u00f3lastarfi.\u00a0 \u00cd henni &hellip; <a href=\"https:\/\/www.norn.is\/einar\/2011\/06\/07\/ranghugmyndir-um-haskolastarf-og-2007\/\">Halda \u00e1fram a\u00f0 lesa <span class=\"meta-nav\">&rarr;<\/span><\/a><\/p>\n","protected":false},"author":10,"featured_media":0,"comment_status":"open","ping_status":"open","sticky":false,"template":"","format":"standard","meta":{"footnotes":""},"categories":[1,79],"tags":[80,82,83,84,85,81],"class_list":["post-94","post","type-post","status-publish","format-standard","hentry","category-oflokkad","category-haskolamal","tag-baldur-thorhallsson","tag-berglind-ros-magnusdottir","tag-endurskipulagning-haskolakerfisins","tag-haskoli-islands","tag-haskolinn-i-reykjavik","tag-sameining-haskola"],"yoast_head":"<!-- This site is optimized with the Yoast SEO plugin v27.5 - https:\/\/yoast.com\/product\/yoast-seo-wordpress\/ -->\n<title>Ranghugmyndir um h\u00e1sk\u00f3lastarf og 2007 - Einar<\/title>\n<meta name=\"robots\" content=\"index, follow, max-snippet:-1, max-image-preview:large, max-video-preview:-1\" \/>\n<link rel=\"canonical\" href=\"https:\/\/www.norn.is\/einar\/2011\/06\/07\/ranghugmyndir-um-haskolastarf-og-2007\/\" \/>\n<meta property=\"og:locale\" content=\"is_IS\" \/>\n<meta property=\"og:type\" content=\"article\" \/>\n<meta property=\"og:title\" content=\"Ranghugmyndir um h\u00e1sk\u00f3lastarf og 2007 - Einar\" \/>\n<meta property=\"og:description\" content=\"N\u00fdlega kom fram\u00a0\u00feings\u00e1lyktunartillaga\u00a0\u201eum sameiningu h\u00e1sk\u00f3lastofnana og rekstur tveggja \u00f6flugra h\u00e1sk\u00f3la.\u201c\u00a0 Fyrir henni tala\u00f0i Baldur \u00de\u00f3rhallsson, vara\u00feingma\u00f0ur Samfylkingarinnar, og pr\u00f3fessor \u00ed stj\u00f3rnm\u00e1lafr\u00e6\u00f0i vi\u00f0 H\u00e1sk\u00f3la \u00cdslands.\u00a0 \u00deessi tillaga er ansi barnaleg og l\u00fdsir auk \u00feess litlum skilningi \u00e1 g\u00f3\u00f0u h\u00e1sk\u00f3lastarfi.\u00a0 \u00cd henni &hellip; Halda \u00e1fram a\u00f0 lesa &rarr;\" \/>\n<meta property=\"og:url\" content=\"https:\/\/www.norn.is\/einar\/2011\/06\/07\/ranghugmyndir-um-haskolastarf-og-2007\/\" \/>\n<meta property=\"og:site_name\" content=\"Einar\" \/>\n<meta property=\"article:published_time\" content=\"2011-06-07T13:12:30+00:00\" \/>\n<meta property=\"article:modified_time\" content=\"2017-09-24T11:05:41+00:00\" \/>\n<meta name=\"author\" content=\"einar\" \/>\n<meta name=\"twitter:card\" content=\"summary_large_image\" \/>\n<meta name=\"twitter:label1\" content=\"Written by\" \/>\n\t<meta name=\"twitter:data1\" content=\"\" \/>\n\t<meta name=\"twitter:label2\" content=\"Est. reading time\" \/>\n\t<meta name=\"twitter:data2\" content=\"7 minutes\" \/>\n<script type=\"application\/ld+json\" class=\"yoast-schema-graph\">{\"@context\":\"https:\\\/\\\/schema.org\",\"@graph\":[{\"@type\":\"Article\",\"@id\":\"https:\\\/\\\/www.norn.is\\\/einar\\\/2011\\\/06\\\/07\\\/ranghugmyndir-um-haskolastarf-og-2007\\\/#article\",\"isPartOf\":{\"@id\":\"https:\\\/\\\/www.norn.is\\\/einar\\\/2011\\\/06\\\/07\\\/ranghugmyndir-um-haskolastarf-og-2007\\\/\"},\"author\":{\"name\":\"einar\",\"@id\":\"https:\\\/\\\/www.norn.is\\\/einar\\\/#\\\/schema\\\/person\\\/19affadb841a22f7bfd4bdcd72a862d0\"},\"headline\":\"Ranghugmyndir um h\u00e1sk\u00f3lastarf og 2007\",\"datePublished\":\"2011-06-07T13:12:30+00:00\",\"dateModified\":\"2017-09-24T11:05:41+00:00\",\"mainEntityOfPage\":{\"@id\":\"https:\\\/\\\/www.norn.is\\\/einar\\\/2011\\\/06\\\/07\\\/ranghugmyndir-um-haskolastarf-og-2007\\\/\"},\"wordCount\":1431,\"commentCount\":0,\"keywords\":[\"Baldur \u00de\u00f3rhallsson\",\"Berglind R\u00f3s Magn\u00fasd\u00f3ttir\",\"Endurskipulagning h\u00e1sk\u00f3lakerfisins\",\"H\u00e1sk\u00f3li \u00cdslands\",\"H\u00e1sk\u00f3linn \u00ed Reykjav\u00edk\",\"Sameining h\u00e1sk\u00f3la\"],\"articleSection\":[\"Allt efni\",\"H\u00e1sk\u00f3lam\u00e1l\"],\"inLanguage\":\"is\",\"potentialAction\":[{\"@type\":\"CommentAction\",\"name\":\"Comment\",\"target\":[\"https:\\\/\\\/www.norn.is\\\/einar\\\/2011\\\/06\\\/07\\\/ranghugmyndir-um-haskolastarf-og-2007\\\/#respond\"]}]},{\"@type\":\"WebPage\",\"@id\":\"https:\\\/\\\/www.norn.is\\\/einar\\\/2011\\\/06\\\/07\\\/ranghugmyndir-um-haskolastarf-og-2007\\\/\",\"url\":\"https:\\\/\\\/www.norn.is\\\/einar\\\/2011\\\/06\\\/07\\\/ranghugmyndir-um-haskolastarf-og-2007\\\/\",\"name\":\"Ranghugmyndir um h\u00e1sk\u00f3lastarf og 2007 - Einar\",\"isPartOf\":{\"@id\":\"https:\\\/\\\/www.norn.is\\\/einar\\\/#website\"},\"datePublished\":\"2011-06-07T13:12:30+00:00\",\"dateModified\":\"2017-09-24T11:05:41+00:00\",\"author\":{\"@id\":\"https:\\\/\\\/www.norn.is\\\/einar\\\/#\\\/schema\\\/person\\\/19affadb841a22f7bfd4bdcd72a862d0\"},\"breadcrumb\":{\"@id\":\"https:\\\/\\\/www.norn.is\\\/einar\\\/2011\\\/06\\\/07\\\/ranghugmyndir-um-haskolastarf-og-2007\\\/#breadcrumb\"},\"inLanguage\":\"is\",\"potentialAction\":[{\"@type\":\"ReadAction\",\"target\":[\"https:\\\/\\\/www.norn.is\\\/einar\\\/2011\\\/06\\\/07\\\/ranghugmyndir-um-haskolastarf-og-2007\\\/\"]}]},{\"@type\":\"BreadcrumbList\",\"@id\":\"https:\\\/\\\/www.norn.is\\\/einar\\\/2011\\\/06\\\/07\\\/ranghugmyndir-um-haskolastarf-og-2007\\\/#breadcrumb\",\"itemListElement\":[{\"@type\":\"ListItem\",\"position\":1,\"name\":\"Home\",\"item\":\"https:\\\/\\\/www.norn.is\\\/einar\\\/\"},{\"@type\":\"ListItem\",\"position\":2,\"name\":\"Ranghugmyndir um h\u00e1sk\u00f3lastarf og 2007\"}]},{\"@type\":\"WebSite\",\"@id\":\"https:\\\/\\\/www.norn.is\\\/einar\\\/#website\",\"url\":\"https:\\\/\\\/www.norn.is\\\/einar\\\/\",\"name\":\"Einar\",\"description\":\"Pistlar Einars Steingr\u00edmssonar\",\"potentialAction\":[{\"@type\":\"SearchAction\",\"target\":{\"@type\":\"EntryPoint\",\"urlTemplate\":\"https:\\\/\\\/www.norn.is\\\/einar\\\/?s={search_term_string}\"},\"query-input\":{\"@type\":\"PropertyValueSpecification\",\"valueRequired\":true,\"valueName\":\"search_term_string\"}}],\"inLanguage\":\"is\"},{\"@type\":\"Person\",\"@id\":\"https:\\\/\\\/www.norn.is\\\/einar\\\/#\\\/schema\\\/person\\\/19affadb841a22f7bfd4bdcd72a862d0\",\"name\":\"einar\",\"image\":{\"@type\":\"ImageObject\",\"inLanguage\":\"is\",\"@id\":\"https:\\\/\\\/secure.gravatar.com\\\/avatar\\\/6f5f5592f3cc45e338376db24f1672c636582d9c27d855e8f077f13ef13b17fd?s=96&d=mm&r=g\",\"url\":\"https:\\\/\\\/secure.gravatar.com\\\/avatar\\\/6f5f5592f3cc45e338376db24f1672c636582d9c27d855e8f077f13ef13b17fd?s=96&d=mm&r=g\",\"contentUrl\":\"https:\\\/\\\/secure.gravatar.com\\\/avatar\\\/6f5f5592f3cc45e338376db24f1672c636582d9c27d855e8f077f13ef13b17fd?s=96&d=mm&r=g\",\"caption\":\"einar\"},\"url\":\"https:\\\/\\\/www.norn.is\\\/einar\\\/author\\\/einarsteingrimsson\\\/\"}]}<\/script>\n<!-- \/ Yoast SEO plugin. -->","yoast_head_json":{"title":"Ranghugmyndir um h\u00e1sk\u00f3lastarf og 2007 - Einar","robots":{"index":"index","follow":"follow","max-snippet":"max-snippet:-1","max-image-preview":"max-image-preview:large","max-video-preview":"max-video-preview:-1"},"canonical":"https:\/\/www.norn.is\/einar\/2011\/06\/07\/ranghugmyndir-um-haskolastarf-og-2007\/","og_locale":"is_IS","og_type":"article","og_title":"Ranghugmyndir um h\u00e1sk\u00f3lastarf og 2007 - Einar","og_description":"N\u00fdlega kom fram\u00a0\u00feings\u00e1lyktunartillaga\u00a0\u201eum sameiningu h\u00e1sk\u00f3lastofnana og rekstur tveggja \u00f6flugra h\u00e1sk\u00f3la.\u201c\u00a0 Fyrir henni tala\u00f0i Baldur \u00de\u00f3rhallsson, vara\u00feingma\u00f0ur Samfylkingarinnar, og pr\u00f3fessor \u00ed stj\u00f3rnm\u00e1lafr\u00e6\u00f0i vi\u00f0 H\u00e1sk\u00f3la \u00cdslands.\u00a0 \u00deessi tillaga er ansi barnaleg og l\u00fdsir auk \u00feess litlum skilningi \u00e1 g\u00f3\u00f0u h\u00e1sk\u00f3lastarfi.\u00a0 \u00cd henni &hellip; Halda \u00e1fram a\u00f0 lesa &rarr;","og_url":"https:\/\/www.norn.is\/einar\/2011\/06\/07\/ranghugmyndir-um-haskolastarf-og-2007\/","og_site_name":"Einar","article_published_time":"2011-06-07T13:12:30+00:00","article_modified_time":"2017-09-24T11:05:41+00:00","author":"einar","twitter_card":"summary_large_image","twitter_misc":{"Written by":false,"Est. reading time":"7 minutes"},"schema":{"@context":"https:\/\/schema.org","@graph":[{"@type":"Article","@id":"https:\/\/www.norn.is\/einar\/2011\/06\/07\/ranghugmyndir-um-haskolastarf-og-2007\/#article","isPartOf":{"@id":"https:\/\/www.norn.is\/einar\/2011\/06\/07\/ranghugmyndir-um-haskolastarf-og-2007\/"},"author":{"name":"einar","@id":"https:\/\/www.norn.is\/einar\/#\/schema\/person\/19affadb841a22f7bfd4bdcd72a862d0"},"headline":"Ranghugmyndir um h\u00e1sk\u00f3lastarf og 2007","datePublished":"2011-06-07T13:12:30+00:00","dateModified":"2017-09-24T11:05:41+00:00","mainEntityOfPage":{"@id":"https:\/\/www.norn.is\/einar\/2011\/06\/07\/ranghugmyndir-um-haskolastarf-og-2007\/"},"wordCount":1431,"commentCount":0,"keywords":["Baldur \u00de\u00f3rhallsson","Berglind R\u00f3s Magn\u00fasd\u00f3ttir","Endurskipulagning h\u00e1sk\u00f3lakerfisins","H\u00e1sk\u00f3li \u00cdslands","H\u00e1sk\u00f3linn \u00ed Reykjav\u00edk","Sameining h\u00e1sk\u00f3la"],"articleSection":["Allt efni","H\u00e1sk\u00f3lam\u00e1l"],"inLanguage":"is","potentialAction":[{"@type":"CommentAction","name":"Comment","target":["https:\/\/www.norn.is\/einar\/2011\/06\/07\/ranghugmyndir-um-haskolastarf-og-2007\/#respond"]}]},{"@type":"WebPage","@id":"https:\/\/www.norn.is\/einar\/2011\/06\/07\/ranghugmyndir-um-haskolastarf-og-2007\/","url":"https:\/\/www.norn.is\/einar\/2011\/06\/07\/ranghugmyndir-um-haskolastarf-og-2007\/","name":"Ranghugmyndir um h\u00e1sk\u00f3lastarf og 2007 - Einar","isPartOf":{"@id":"https:\/\/www.norn.is\/einar\/#website"},"datePublished":"2011-06-07T13:12:30+00:00","dateModified":"2017-09-24T11:05:41+00:00","author":{"@id":"https:\/\/www.norn.is\/einar\/#\/schema\/person\/19affadb841a22f7bfd4bdcd72a862d0"},"breadcrumb":{"@id":"https:\/\/www.norn.is\/einar\/2011\/06\/07\/ranghugmyndir-um-haskolastarf-og-2007\/#breadcrumb"},"inLanguage":"is","potentialAction":[{"@type":"ReadAction","target":["https:\/\/www.norn.is\/einar\/2011\/06\/07\/ranghugmyndir-um-haskolastarf-og-2007\/"]}]},{"@type":"BreadcrumbList","@id":"https:\/\/www.norn.is\/einar\/2011\/06\/07\/ranghugmyndir-um-haskolastarf-og-2007\/#breadcrumb","itemListElement":[{"@type":"ListItem","position":1,"name":"Home","item":"https:\/\/www.norn.is\/einar\/"},{"@type":"ListItem","position":2,"name":"Ranghugmyndir um h\u00e1sk\u00f3lastarf og 2007"}]},{"@type":"WebSite","@id":"https:\/\/www.norn.is\/einar\/#website","url":"https:\/\/www.norn.is\/einar\/","name":"Einar","description":"Pistlar Einars Steingr\u00edmssonar","potentialAction":[{"@type":"SearchAction","target":{"@type":"EntryPoint","urlTemplate":"https:\/\/www.norn.is\/einar\/?s={search_term_string}"},"query-input":{"@type":"PropertyValueSpecification","valueRequired":true,"valueName":"search_term_string"}}],"inLanguage":"is"},{"@type":"Person","@id":"https:\/\/www.norn.is\/einar\/#\/schema\/person\/19affadb841a22f7bfd4bdcd72a862d0","name":"einar","image":{"@type":"ImageObject","inLanguage":"is","@id":"https:\/\/secure.gravatar.com\/avatar\/6f5f5592f3cc45e338376db24f1672c636582d9c27d855e8f077f13ef13b17fd?s=96&d=mm&r=g","url":"https:\/\/secure.gravatar.com\/avatar\/6f5f5592f3cc45e338376db24f1672c636582d9c27d855e8f077f13ef13b17fd?s=96&d=mm&r=g","contentUrl":"https:\/\/secure.gravatar.com\/avatar\/6f5f5592f3cc45e338376db24f1672c636582d9c27d855e8f077f13ef13b17fd?s=96&d=mm&r=g","caption":"einar"},"url":"https:\/\/www.norn.is\/einar\/author\/einarsteingrimsson\/"}]}},"_links":{"self":[{"href":"https:\/\/www.norn.is\/einar\/wp-json\/wp\/v2\/posts\/94","targetHints":{"allow":["GET"]}}],"collection":[{"href":"https:\/\/www.norn.is\/einar\/wp-json\/wp\/v2\/posts"}],"about":[{"href":"https:\/\/www.norn.is\/einar\/wp-json\/wp\/v2\/types\/post"}],"author":[{"embeddable":true,"href":"https:\/\/www.norn.is\/einar\/wp-json\/wp\/v2\/users\/10"}],"replies":[{"embeddable":true,"href":"https:\/\/www.norn.is\/einar\/wp-json\/wp\/v2\/comments?post=94"}],"version-history":[{"count":1,"href":"https:\/\/www.norn.is\/einar\/wp-json\/wp\/v2\/posts\/94\/revisions"}],"predecessor-version":[{"id":95,"href":"https:\/\/www.norn.is\/einar\/wp-json\/wp\/v2\/posts\/94\/revisions\/95"}],"wp:attachment":[{"href":"https:\/\/www.norn.is\/einar\/wp-json\/wp\/v2\/media?parent=94"}],"wp:term":[{"taxonomy":"category","embeddable":true,"href":"https:\/\/www.norn.is\/einar\/wp-json\/wp\/v2\/categories?post=94"},{"taxonomy":"post_tag","embeddable":true,"href":"https:\/\/www.norn.is\/einar\/wp-json\/wp\/v2\/tags?post=94"}],"curies":[{"name":"wp","href":"https:\/\/api.w.org\/{rel}","templated":true}]}}