{"id":92,"date":"2011-05-14T13:10:46","date_gmt":"2011-05-14T13:10:46","guid":{"rendered":"http:\/\/www.norn.is\/einar\/?p=92"},"modified":"2017-09-24T11:05:41","modified_gmt":"2017-09-24T11:05:41","slug":"langt-mal-karls-th-litil-svor","status":"publish","type":"post","link":"https:\/\/www.norn.is\/einar\/2011\/05\/14\/langt-mal-karls-th-litil-svor\/","title":{"rendered":"Langt m\u00e1l Karls Th. \u2014 l\u00edtil sv\u00f6r"},"content":{"rendered":"<p>Ritstj\u00f3ri Eyjunnar, Karl Th. Birgisson, reynir \u00ed\u00a0<a href=\"http:\/\/blog.eyjan.is\/karl\/2011\/05\/14\/um-frettaflutning-eyjunnar\/\">pistli<\/a>\u00a0a\u00f0 \u00fatsk\u00fdra hva\u00f0 ritstj\u00f3rn Eyjunnar var a\u00f0 hugsa \u00feegar h\u00fan birti n\u00fameri\u00f0 \u00e1 b\u00edl manns sem gruna\u00f0ur er um mor\u00f0.\u00a0 Einnig er fjalla\u00f0 um m\u00e1li\u00f0 \u00ed \u00feessari\u00a0<a href=\"http:\/\/eyjan.is\/2011\/05\/14\/ritstjori-upplysingar-um-bifreid-voru-birtar-til-ad-grunur-felli-ekki-a-saklausa\/\">fr\u00e9tt\u00a0<\/a>\u00e1 Eyjunni.<!--more--><\/p>\n<p>\u00deetta er langt m\u00e1l hj\u00e1 Karli, \u00fear sem hann reynir a\u00f0 r\u00e9ttl\u00e6ta birtinguna.\u00a0 R\u00f6k hans eru \u00feau a\u00f0 \u201eFyrir l\u00e1 a\u00f0 l\u00edk st\u00falkunnar fannst \u00ed nokkurra \u00e1ra g\u00f6mlum d\u00f6kkgr\u00e1um Mitsubishi Galant\u201c og a\u00f0 \u00fear me\u00f0 hafi falli\u00f0 grunur \u00e1 alla sem \u00e6ttu sl\u00edkan b\u00edl.<\/p>\n<p>Spurningin sem Karl svarar ekki \u00ed \u00feessu langa m\u00e1li er af hverju Eyjan \u00e6tti a\u00f0 fl\u00fdta s\u00e9r a\u00f0 taka af vafa um eiganda b\u00edlsins, \u00fe\u00f3tt myndir af b\u00edlnum hafi birst \u00ed \u00f6\u00f0rum fj\u00f6lmi\u00f0lum.\u00a0 Vilji fj\u00f6lmi\u00f0lar vernda alla a\u00f0standendur segja \u00feeir fr\u00e1 m\u00e1lav\u00f6xtum me\u00f0 \u00feeim h\u00e6tti a\u00f0 ekki s\u00e9 h\u00e6gt a\u00f0 tengja \u00fe\u00e1 vi\u00f0 einstaklinga.\u00a0 \u00deannig f\u00e1 a\u00f0standendur fr\u00e9ttirnar eftir \u00f6\u00f0rum lei\u00f0um \u00e1\u00f0ur en gert er opinbert um hva\u00f0a f\u00f3lk er a\u00f0 r\u00e6\u00f0a.\u00a0 \u00dea\u00f0 er vandalaust, og jafnan gert vi\u00f0 svipleg dau\u00f0sf\u00f6ll \u00fear sem ekki er gl\u00e6pum til a\u00f0 dreifa.<\/p>\n<p>\u00de\u00f3tt a\u00f0rir fj\u00f6lmi\u00f0lar hafi leyft s\u00e9r a\u00f0 birta strax myndir af b\u00edlnum er vands\u00e9\u00f0 af hverju Eyjan \u00e6tti a\u00f0 blanda s\u00e9r \u00ed \u00feann subbuskap.\u00a0 Gruninum um a\u00f0 Eyjan hafi einfaldlega misst sig \u00ed sorpbla\u00f0amennsku hefur \u00fev\u00ed ekki veri\u00f0 eytt.\u00a0 Og langloka ritstj\u00f3rans l\u00edtur enn \u00fat eins og aumlegt yfirkl\u00f3r, \u00ed sta\u00f0 \u00feeirrar afs\u00f6kunarbei\u00f0nar sem honum hef\u00f0i veri\u00f0 meiri s\u00f3mi a\u00f0.<\/p>\n","protected":false},"excerpt":{"rendered":"<p>Ritstj\u00f3ri Eyjunnar, Karl Th. Birgisson, reynir \u00ed\u00a0pistli\u00a0a\u00f0 \u00fatsk\u00fdra hva\u00f0 ritstj\u00f3rn Eyjunnar var a\u00f0 hugsa \u00feegar h\u00fan birti n\u00fameri\u00f0 \u00e1 b\u00edl manns sem gruna\u00f0ur er um mor\u00f0.\u00a0 Einnig er fjalla\u00f0 um m\u00e1li\u00f0 \u00ed \u00feessari\u00a0fr\u00e9tt\u00a0\u00e1 Eyjunni.<\/p>\n","protected":false},"author":10,"featured_media":0,"comment_status":"open","ping_status":"open","sticky":false,"template":"","format":"standard","meta":{"footnotes":""},"categories":[1,16],"tags":[40,78],"class_list":["post-92","post","type-post","status-publish","format-standard","hentry","category-oflokkad","category-fjolmidlar","tag-karl-th-birgisson","tag-sorpbladamennska"],"yoast_head":"<!-- This site is optimized with the Yoast SEO plugin v27.5 - https:\/\/yoast.com\/product\/yoast-seo-wordpress\/ -->\n<title>Langt m\u00e1l Karls Th. \u2014 l\u00edtil sv\u00f6r - Einar<\/title>\n<meta name=\"robots\" content=\"index, follow, max-snippet:-1, max-image-preview:large, max-video-preview:-1\" \/>\n<link rel=\"canonical\" href=\"https:\/\/www.norn.is\/einar\/2011\/05\/14\/langt-mal-karls-th-litil-svor\/\" \/>\n<meta property=\"og:locale\" content=\"is_IS\" \/>\n<meta property=\"og:type\" content=\"article\" \/>\n<meta property=\"og:title\" content=\"Langt m\u00e1l Karls Th. \u2014 l\u00edtil sv\u00f6r - Einar\" \/>\n<meta property=\"og:description\" content=\"Ritstj\u00f3ri Eyjunnar, Karl Th. Birgisson, reynir \u00ed\u00a0pistli\u00a0a\u00f0 \u00fatsk\u00fdra hva\u00f0 ritstj\u00f3rn Eyjunnar var a\u00f0 hugsa \u00feegar h\u00fan birti n\u00fameri\u00f0 \u00e1 b\u00edl manns sem gruna\u00f0ur er um mor\u00f0.\u00a0 Einnig er fjalla\u00f0 um m\u00e1li\u00f0 \u00ed \u00feessari\u00a0fr\u00e9tt\u00a0\u00e1 Eyjunni.\" \/>\n<meta property=\"og:url\" content=\"https:\/\/www.norn.is\/einar\/2011\/05\/14\/langt-mal-karls-th-litil-svor\/\" \/>\n<meta property=\"og:site_name\" content=\"Einar\" \/>\n<meta property=\"article:published_time\" content=\"2011-05-14T13:10:46+00:00\" \/>\n<meta property=\"article:modified_time\" content=\"2017-09-24T11:05:41+00:00\" \/>\n<meta name=\"author\" content=\"einar\" \/>\n<meta name=\"twitter:card\" content=\"summary_large_image\" \/>\n<meta name=\"twitter:label1\" content=\"Written by\" \/>\n\t<meta name=\"twitter:data1\" content=\"\" \/>\n\t<meta name=\"twitter:label2\" content=\"Est. reading time\" \/>\n\t<meta name=\"twitter:data2\" content=\"1 minute\" \/>\n<script type=\"application\/ld+json\" class=\"yoast-schema-graph\">{\"@context\":\"https:\\\/\\\/schema.org\",\"@graph\":[{\"@type\":\"Article\",\"@id\":\"https:\\\/\\\/www.norn.is\\\/einar\\\/2011\\\/05\\\/14\\\/langt-mal-karls-th-litil-svor\\\/#article\",\"isPartOf\":{\"@id\":\"https:\\\/\\\/www.norn.is\\\/einar\\\/2011\\\/05\\\/14\\\/langt-mal-karls-th-litil-svor\\\/\"},\"author\":{\"name\":\"einar\",\"@id\":\"https:\\\/\\\/www.norn.is\\\/einar\\\/#\\\/schema\\\/person\\\/19affadb841a22f7bfd4bdcd72a862d0\"},\"headline\":\"Langt m\u00e1l Karls Th. \u2014 l\u00edtil sv\u00f6r\",\"datePublished\":\"2011-05-14T13:10:46+00:00\",\"dateModified\":\"2017-09-24T11:05:41+00:00\",\"mainEntityOfPage\":{\"@id\":\"https:\\\/\\\/www.norn.is\\\/einar\\\/2011\\\/05\\\/14\\\/langt-mal-karls-th-litil-svor\\\/\"},\"wordCount\":285,\"commentCount\":0,\"keywords\":[\"Karl Th. Birgisson\",\"Sorpbla\u00f0amennska\"],\"articleSection\":[\"Allt efni\",\"Fj\u00f6lmi\u00f0lar\"],\"inLanguage\":\"is\",\"potentialAction\":[{\"@type\":\"CommentAction\",\"name\":\"Comment\",\"target\":[\"https:\\\/\\\/www.norn.is\\\/einar\\\/2011\\\/05\\\/14\\\/langt-mal-karls-th-litil-svor\\\/#respond\"]}]},{\"@type\":\"WebPage\",\"@id\":\"https:\\\/\\\/www.norn.is\\\/einar\\\/2011\\\/05\\\/14\\\/langt-mal-karls-th-litil-svor\\\/\",\"url\":\"https:\\\/\\\/www.norn.is\\\/einar\\\/2011\\\/05\\\/14\\\/langt-mal-karls-th-litil-svor\\\/\",\"name\":\"Langt m\u00e1l Karls Th. \u2014 l\u00edtil sv\u00f6r - Einar\",\"isPartOf\":{\"@id\":\"https:\\\/\\\/www.norn.is\\\/einar\\\/#website\"},\"datePublished\":\"2011-05-14T13:10:46+00:00\",\"dateModified\":\"2017-09-24T11:05:41+00:00\",\"author\":{\"@id\":\"https:\\\/\\\/www.norn.is\\\/einar\\\/#\\\/schema\\\/person\\\/19affadb841a22f7bfd4bdcd72a862d0\"},\"breadcrumb\":{\"@id\":\"https:\\\/\\\/www.norn.is\\\/einar\\\/2011\\\/05\\\/14\\\/langt-mal-karls-th-litil-svor\\\/#breadcrumb\"},\"inLanguage\":\"is\",\"potentialAction\":[{\"@type\":\"ReadAction\",\"target\":[\"https:\\\/\\\/www.norn.is\\\/einar\\\/2011\\\/05\\\/14\\\/langt-mal-karls-th-litil-svor\\\/\"]}]},{\"@type\":\"BreadcrumbList\",\"@id\":\"https:\\\/\\\/www.norn.is\\\/einar\\\/2011\\\/05\\\/14\\\/langt-mal-karls-th-litil-svor\\\/#breadcrumb\",\"itemListElement\":[{\"@type\":\"ListItem\",\"position\":1,\"name\":\"Home\",\"item\":\"https:\\\/\\\/www.norn.is\\\/einar\\\/\"},{\"@type\":\"ListItem\",\"position\":2,\"name\":\"Langt m\u00e1l Karls Th. \u2014 l\u00edtil sv\u00f6r\"}]},{\"@type\":\"WebSite\",\"@id\":\"https:\\\/\\\/www.norn.is\\\/einar\\\/#website\",\"url\":\"https:\\\/\\\/www.norn.is\\\/einar\\\/\",\"name\":\"Einar\",\"description\":\"Pistlar Einars Steingr\u00edmssonar\",\"potentialAction\":[{\"@type\":\"SearchAction\",\"target\":{\"@type\":\"EntryPoint\",\"urlTemplate\":\"https:\\\/\\\/www.norn.is\\\/einar\\\/?s={search_term_string}\"},\"query-input\":{\"@type\":\"PropertyValueSpecification\",\"valueRequired\":true,\"valueName\":\"search_term_string\"}}],\"inLanguage\":\"is\"},{\"@type\":\"Person\",\"@id\":\"https:\\\/\\\/www.norn.is\\\/einar\\\/#\\\/schema\\\/person\\\/19affadb841a22f7bfd4bdcd72a862d0\",\"name\":\"einar\",\"image\":{\"@type\":\"ImageObject\",\"inLanguage\":\"is\",\"@id\":\"https:\\\/\\\/secure.gravatar.com\\\/avatar\\\/6f5f5592f3cc45e338376db24f1672c636582d9c27d855e8f077f13ef13b17fd?s=96&d=mm&r=g\",\"url\":\"https:\\\/\\\/secure.gravatar.com\\\/avatar\\\/6f5f5592f3cc45e338376db24f1672c636582d9c27d855e8f077f13ef13b17fd?s=96&d=mm&r=g\",\"contentUrl\":\"https:\\\/\\\/secure.gravatar.com\\\/avatar\\\/6f5f5592f3cc45e338376db24f1672c636582d9c27d855e8f077f13ef13b17fd?s=96&d=mm&r=g\",\"caption\":\"einar\"},\"url\":\"https:\\\/\\\/www.norn.is\\\/einar\\\/author\\\/einarsteingrimsson\\\/\"}]}<\/script>\n<!-- \/ Yoast SEO plugin. -->","yoast_head_json":{"title":"Langt m\u00e1l Karls Th. \u2014 l\u00edtil sv\u00f6r - Einar","robots":{"index":"index","follow":"follow","max-snippet":"max-snippet:-1","max-image-preview":"max-image-preview:large","max-video-preview":"max-video-preview:-1"},"canonical":"https:\/\/www.norn.is\/einar\/2011\/05\/14\/langt-mal-karls-th-litil-svor\/","og_locale":"is_IS","og_type":"article","og_title":"Langt m\u00e1l Karls Th. \u2014 l\u00edtil sv\u00f6r - Einar","og_description":"Ritstj\u00f3ri Eyjunnar, Karl Th. Birgisson, reynir \u00ed\u00a0pistli\u00a0a\u00f0 \u00fatsk\u00fdra hva\u00f0 ritstj\u00f3rn Eyjunnar var a\u00f0 hugsa \u00feegar h\u00fan birti n\u00fameri\u00f0 \u00e1 b\u00edl manns sem gruna\u00f0ur er um mor\u00f0.\u00a0 Einnig er fjalla\u00f0 um m\u00e1li\u00f0 \u00ed \u00feessari\u00a0fr\u00e9tt\u00a0\u00e1 Eyjunni.","og_url":"https:\/\/www.norn.is\/einar\/2011\/05\/14\/langt-mal-karls-th-litil-svor\/","og_site_name":"Einar","article_published_time":"2011-05-14T13:10:46+00:00","article_modified_time":"2017-09-24T11:05:41+00:00","author":"einar","twitter_card":"summary_large_image","twitter_misc":{"Written by":false,"Est. reading time":"1 minute"},"schema":{"@context":"https:\/\/schema.org","@graph":[{"@type":"Article","@id":"https:\/\/www.norn.is\/einar\/2011\/05\/14\/langt-mal-karls-th-litil-svor\/#article","isPartOf":{"@id":"https:\/\/www.norn.is\/einar\/2011\/05\/14\/langt-mal-karls-th-litil-svor\/"},"author":{"name":"einar","@id":"https:\/\/www.norn.is\/einar\/#\/schema\/person\/19affadb841a22f7bfd4bdcd72a862d0"},"headline":"Langt m\u00e1l Karls Th. \u2014 l\u00edtil sv\u00f6r","datePublished":"2011-05-14T13:10:46+00:00","dateModified":"2017-09-24T11:05:41+00:00","mainEntityOfPage":{"@id":"https:\/\/www.norn.is\/einar\/2011\/05\/14\/langt-mal-karls-th-litil-svor\/"},"wordCount":285,"commentCount":0,"keywords":["Karl Th. Birgisson","Sorpbla\u00f0amennska"],"articleSection":["Allt efni","Fj\u00f6lmi\u00f0lar"],"inLanguage":"is","potentialAction":[{"@type":"CommentAction","name":"Comment","target":["https:\/\/www.norn.is\/einar\/2011\/05\/14\/langt-mal-karls-th-litil-svor\/#respond"]}]},{"@type":"WebPage","@id":"https:\/\/www.norn.is\/einar\/2011\/05\/14\/langt-mal-karls-th-litil-svor\/","url":"https:\/\/www.norn.is\/einar\/2011\/05\/14\/langt-mal-karls-th-litil-svor\/","name":"Langt m\u00e1l Karls Th. \u2014 l\u00edtil sv\u00f6r - Einar","isPartOf":{"@id":"https:\/\/www.norn.is\/einar\/#website"},"datePublished":"2011-05-14T13:10:46+00:00","dateModified":"2017-09-24T11:05:41+00:00","author":{"@id":"https:\/\/www.norn.is\/einar\/#\/schema\/person\/19affadb841a22f7bfd4bdcd72a862d0"},"breadcrumb":{"@id":"https:\/\/www.norn.is\/einar\/2011\/05\/14\/langt-mal-karls-th-litil-svor\/#breadcrumb"},"inLanguage":"is","potentialAction":[{"@type":"ReadAction","target":["https:\/\/www.norn.is\/einar\/2011\/05\/14\/langt-mal-karls-th-litil-svor\/"]}]},{"@type":"BreadcrumbList","@id":"https:\/\/www.norn.is\/einar\/2011\/05\/14\/langt-mal-karls-th-litil-svor\/#breadcrumb","itemListElement":[{"@type":"ListItem","position":1,"name":"Home","item":"https:\/\/www.norn.is\/einar\/"},{"@type":"ListItem","position":2,"name":"Langt m\u00e1l Karls Th. \u2014 l\u00edtil sv\u00f6r"}]},{"@type":"WebSite","@id":"https:\/\/www.norn.is\/einar\/#website","url":"https:\/\/www.norn.is\/einar\/","name":"Einar","description":"Pistlar Einars Steingr\u00edmssonar","potentialAction":[{"@type":"SearchAction","target":{"@type":"EntryPoint","urlTemplate":"https:\/\/www.norn.is\/einar\/?s={search_term_string}"},"query-input":{"@type":"PropertyValueSpecification","valueRequired":true,"valueName":"search_term_string"}}],"inLanguage":"is"},{"@type":"Person","@id":"https:\/\/www.norn.is\/einar\/#\/schema\/person\/19affadb841a22f7bfd4bdcd72a862d0","name":"einar","image":{"@type":"ImageObject","inLanguage":"is","@id":"https:\/\/secure.gravatar.com\/avatar\/6f5f5592f3cc45e338376db24f1672c636582d9c27d855e8f077f13ef13b17fd?s=96&d=mm&r=g","url":"https:\/\/secure.gravatar.com\/avatar\/6f5f5592f3cc45e338376db24f1672c636582d9c27d855e8f077f13ef13b17fd?s=96&d=mm&r=g","contentUrl":"https:\/\/secure.gravatar.com\/avatar\/6f5f5592f3cc45e338376db24f1672c636582d9c27d855e8f077f13ef13b17fd?s=96&d=mm&r=g","caption":"einar"},"url":"https:\/\/www.norn.is\/einar\/author\/einarsteingrimsson\/"}]}},"_links":{"self":[{"href":"https:\/\/www.norn.is\/einar\/wp-json\/wp\/v2\/posts\/92","targetHints":{"allow":["GET"]}}],"collection":[{"href":"https:\/\/www.norn.is\/einar\/wp-json\/wp\/v2\/posts"}],"about":[{"href":"https:\/\/www.norn.is\/einar\/wp-json\/wp\/v2\/types\/post"}],"author":[{"embeddable":true,"href":"https:\/\/www.norn.is\/einar\/wp-json\/wp\/v2\/users\/10"}],"replies":[{"embeddable":true,"href":"https:\/\/www.norn.is\/einar\/wp-json\/wp\/v2\/comments?post=92"}],"version-history":[{"count":1,"href":"https:\/\/www.norn.is\/einar\/wp-json\/wp\/v2\/posts\/92\/revisions"}],"predecessor-version":[{"id":93,"href":"https:\/\/www.norn.is\/einar\/wp-json\/wp\/v2\/posts\/92\/revisions\/93"}],"wp:attachment":[{"href":"https:\/\/www.norn.is\/einar\/wp-json\/wp\/v2\/media?parent=92"}],"wp:term":[{"taxonomy":"category","embeddable":true,"href":"https:\/\/www.norn.is\/einar\/wp-json\/wp\/v2\/categories?post=92"},{"taxonomy":"post_tag","embeddable":true,"href":"https:\/\/www.norn.is\/einar\/wp-json\/wp\/v2\/tags?post=92"}],"curies":[{"name":"wp","href":"https:\/\/api.w.org\/{rel}","templated":true}]}}