{"id":84,"date":"2011-04-18T13:01:20","date_gmt":"2011-04-18T13:01:20","guid":{"rendered":"http:\/\/www.norn.is\/einar\/?p=84"},"modified":"2017-09-24T11:05:41","modified_gmt":"2017-09-24T11:05:41","slug":"vilhjalmur-bullar-og-fjolmidlar-lepja-upp","status":"publish","type":"post","link":"https:\/\/www.norn.is\/einar\/2011\/04\/18\/vilhjalmur-bullar-og-fjolmidlar-lepja-upp\/","title":{"rendered":"Vilhj\u00e1lmur bullar og fj\u00f6lmi\u00f0lar lepja upp"},"content":{"rendered":"<p>Vilhj\u00e1lmi Egilssyni, framkv\u00e6mdastj\u00f3ra \u201eSamtaka Atvinnul\u00edfsins\u201c, l\u00edst illa \u00e1 \u00fej\u00f3\u00f0aratkv\u00e6\u00f0agrei\u00f0slu um framt\u00ed\u00f0 kv\u00f3takerfisins.\u00a0 \u00dea\u00f0 er skiljanlegt, \u00fev\u00ed hann hefur teki\u00f0 a\u00f0 s\u00e9r a\u00f0 vera s\u00e9rstakur talsma\u00f0ur \u00feeirra sem vilja halda \u00e1fram a\u00f0 ausa ofurgr\u00f3\u00f0a \u00ed eigin vasa \u00far \u00feeirri fiskvei\u00f0iau\u00f0lind sem yfirgn\u00e6fandi meirihluti \u00fej\u00f3\u00f0arinnar vill n\u00fa taka til s\u00edn aftur, eftir sl\u00e6ma reynslu s\u00ed\u00f0ustu \u00e1ra.<!--more--><\/p>\n<p>\u00dea\u00f0 er a\u00f0 nokkru skiljanlegt a\u00f0 Vilhj\u00e1lmur beiti s\u00e9r \u00ed \u00feessu m\u00e1li, \u00fe\u00f3tt hann fari \u00fear tr\u00falega gegn hagsmunum \u00fdmissa umbj\u00f3\u00f0enda sinna, sem l\u00edklega myndu frekar vilja ganga fr\u00e1 kjarasamningum til nokkurra \u00e1ra en a\u00f0 l\u00e1ta L\u00cd\u00da og Vilhj\u00e1lm taka \u00fe\u00e1 \u00ed g\u00edslingu til a\u00f0 kn\u00fdja \u00e1 um \u00e1framhaldandi einkayfirr\u00e1\u00f0 s\u00edn yfir \u00fev\u00ed sem \u00fej\u00f3\u00f0in \u00feykist eiga.<\/p>\n<p>\u00dea\u00f0 er enginn lengur hissa \u00e1 \u00fev\u00ed hva\u00f0 Vilhj\u00e1lmur bullar \u00f3l\u00e1nlega, \u00fe\u00f3tt menn greini \u00e1 um hvort \u00feetta s\u00e9 herk\u00e6nskubrag\u00f0 (eins og \u00feegar Georg W. Bush l\u00e9k aula \u00ed r\u00edkisstj\u00f3rakosningabar\u00e1ttu i Texas for\u00f0um t\u00ed\u00f0, og haf\u00f0i sigur).<\/p>\n<p>\u00dea\u00f0 er hins vegar r\u00e1\u00f0g\u00e1ta af hverju fj\u00f6lmi\u00f0lar \u00e1 bor\u00f0 vi\u00f0\u00a0<a href=\"http:\/\/visir.is\/log-um-fiskveidar-henta-illa-i-thjodaratkvaedi\/article\/2011110418936\">V\u00edsi<\/a>\u00a0og\u00a0<a href=\"http:\/\/eyjan.is\/2011\/04\/18\/sa-vill-semja-um-framtid-kvotakerfisins-en-list-illa-a-thjodaratkvaedi\/\">Eyjuna<\/a>\u00a0birta umhugsunarlaust \u00fev\u00e6ttinginn \u00far manninum \u00feegar hvert mannsbarn s\u00e9r a\u00f0 ekki stendur steinn yfir steini \u00ed \u201er\u00f6ksemdaf\u00e6rslu\u201c hans:<\/p>\n<blockquote class=\"gmail_quote\"><p>\u201eSj\u00e1var\u00fatvegsm\u00e1lin og \u00feessi l\u00f6ggj\u00f6f um fiskvei\u00f0ar er lifandi l\u00f6ggj\u00f6f sem \u00fearf alltaf a\u00f0 breyta \u00f6\u00f0ru hverju eftir a\u00f0st\u00e6\u00f0um. Og \u00fea\u00f0 getur veri\u00f0 mj\u00f6g \u00f3h\u00f6ndulegt ef \u00fearf alltaf a\u00f0 setja sl\u00edkar breytingar \u00ed \u00fej\u00f3\u00f0aratkv\u00e6\u00f0agrei\u00f0slu\u201c<\/p><\/blockquote>\n<p>Datt vi\u00f0komandi fr\u00e9ttam\u00f6nnum virkilega ekki \u00ed hug a\u00f0 spyrja af hverju \u00e6tti a\u00f0 \u00feurfa a\u00f0 \u201ebreyta \u00f6\u00f0ru hverju eftir a\u00f0st\u00e6\u00f0um\u201c hver \u00e6tti kv\u00f3tann?\u00a0 Hafa \u00feeir ekki fylgst me\u00f0 s\u00ednum eigin fj\u00f6lmi\u00f0lum og or\u00f0i\u00f0 \u00feess \u00e1skynja a\u00f0 yfirgn\u00e6fandi meirihluti \u00fej\u00f3\u00f0arinnar vill endurheimta eignarhaldi\u00f0 \u00e1 kv\u00f3tanum\u00a0<em>til eil\u00edf\u00f0ar<\/em>, og a\u00f0\u00a0 \u00ed \u00fej\u00f3\u00f0aratkv\u00e6\u00f0agrei\u00f0slu yr\u00f0i \u00fev\u00ed l\u00fdst yfir\u00a0<em>\u00ed eitt skipti fyrir \u00f6ll<\/em>?<\/p>\n","protected":false},"excerpt":{"rendered":"<p>Vilhj\u00e1lmi Egilssyni, framkv\u00e6mdastj\u00f3ra \u201eSamtaka Atvinnul\u00edfsins\u201c, l\u00edst illa \u00e1 \u00fej\u00f3\u00f0aratkv\u00e6\u00f0agrei\u00f0slu um framt\u00ed\u00f0 kv\u00f3takerfisins.\u00a0 \u00dea\u00f0 er skiljanlegt, \u00fev\u00ed hann hefur teki\u00f0 a\u00f0 s\u00e9r a\u00f0 vera s\u00e9rstakur talsma\u00f0ur \u00feeirra sem vilja halda \u00e1fram a\u00f0 ausa ofurgr\u00f3\u00f0a \u00ed eigin vasa \u00far \u00feeirri fiskvei\u00f0iau\u00f0lind sem &hellip; <a href=\"https:\/\/www.norn.is\/einar\/2011\/04\/18\/vilhjalmur-bullar-og-fjolmidlar-lepja-upp\/\">Halda \u00e1fram a\u00f0 lesa <span class=\"meta-nav\">&rarr;<\/span><\/a><\/p>\n","protected":false},"author":10,"featured_media":0,"comment_status":"open","ping_status":"open","sticky":false,"template":"","format":"standard","meta":{"footnotes":""},"categories":[1,16],"tags":[32,22,23,66],"class_list":["post-84","post","type-post","status-publish","format-standard","hentry","category-oflokkad","category-fjolmidlar","tag-kvotakerfid","tag-samtok-atvinnulifsins","tag-vilhjalmur-egilsson","tag-thjodaratkvaedagreidslur"],"yoast_head":"<!-- This site is optimized with the Yoast SEO plugin v27.5 - https:\/\/yoast.com\/product\/yoast-seo-wordpress\/ -->\n<title>Vilhj\u00e1lmur bullar og fj\u00f6lmi\u00f0lar lepja upp - Einar<\/title>\n<meta name=\"robots\" content=\"index, follow, max-snippet:-1, max-image-preview:large, max-video-preview:-1\" \/>\n<link rel=\"canonical\" href=\"https:\/\/www.norn.is\/einar\/2011\/04\/18\/vilhjalmur-bullar-og-fjolmidlar-lepja-upp\/\" \/>\n<meta property=\"og:locale\" content=\"is_IS\" \/>\n<meta property=\"og:type\" content=\"article\" \/>\n<meta property=\"og:title\" content=\"Vilhj\u00e1lmur bullar og fj\u00f6lmi\u00f0lar lepja upp - Einar\" \/>\n<meta property=\"og:description\" content=\"Vilhj\u00e1lmi Egilssyni, framkv\u00e6mdastj\u00f3ra \u201eSamtaka Atvinnul\u00edfsins\u201c, l\u00edst illa \u00e1 \u00fej\u00f3\u00f0aratkv\u00e6\u00f0agrei\u00f0slu um framt\u00ed\u00f0 kv\u00f3takerfisins.\u00a0 \u00dea\u00f0 er skiljanlegt, \u00fev\u00ed hann hefur teki\u00f0 a\u00f0 s\u00e9r a\u00f0 vera s\u00e9rstakur talsma\u00f0ur \u00feeirra sem vilja halda \u00e1fram a\u00f0 ausa ofurgr\u00f3\u00f0a \u00ed eigin vasa \u00far \u00feeirri fiskvei\u00f0iau\u00f0lind sem &hellip; Halda \u00e1fram a\u00f0 lesa &rarr;\" \/>\n<meta property=\"og:url\" content=\"https:\/\/www.norn.is\/einar\/2011\/04\/18\/vilhjalmur-bullar-og-fjolmidlar-lepja-upp\/\" \/>\n<meta property=\"og:site_name\" content=\"Einar\" \/>\n<meta property=\"article:published_time\" content=\"2011-04-18T13:01:20+00:00\" \/>\n<meta property=\"article:modified_time\" content=\"2017-09-24T11:05:41+00:00\" \/>\n<meta name=\"author\" content=\"einar\" \/>\n<meta name=\"twitter:card\" content=\"summary_large_image\" \/>\n<meta name=\"twitter:label1\" content=\"Written by\" \/>\n\t<meta name=\"twitter:data1\" content=\"\" \/>\n\t<meta name=\"twitter:label2\" content=\"Est. reading time\" \/>\n\t<meta name=\"twitter:data2\" content=\"2 minutes\" \/>\n<script type=\"application\/ld+json\" class=\"yoast-schema-graph\">{\"@context\":\"https:\\\/\\\/schema.org\",\"@graph\":[{\"@type\":\"Article\",\"@id\":\"https:\\\/\\\/www.norn.is\\\/einar\\\/2011\\\/04\\\/18\\\/vilhjalmur-bullar-og-fjolmidlar-lepja-upp\\\/#article\",\"isPartOf\":{\"@id\":\"https:\\\/\\\/www.norn.is\\\/einar\\\/2011\\\/04\\\/18\\\/vilhjalmur-bullar-og-fjolmidlar-lepja-upp\\\/\"},\"author\":{\"name\":\"einar\",\"@id\":\"https:\\\/\\\/www.norn.is\\\/einar\\\/#\\\/schema\\\/person\\\/19affadb841a22f7bfd4bdcd72a862d0\"},\"headline\":\"Vilhj\u00e1lmur bullar og fj\u00f6lmi\u00f0lar lepja upp\",\"datePublished\":\"2011-04-18T13:01:20+00:00\",\"dateModified\":\"2017-09-24T11:05:41+00:00\",\"mainEntityOfPage\":{\"@id\":\"https:\\\/\\\/www.norn.is\\\/einar\\\/2011\\\/04\\\/18\\\/vilhjalmur-bullar-og-fjolmidlar-lepja-upp\\\/\"},\"wordCount\":351,\"commentCount\":0,\"keywords\":[\"Kv\u00f3takerfi\u00f0\",\"Samt\u00f6k atvinnul\u00edfsins\",\"Vilhj\u00e1lmur Egilsson\",\"\u00dej\u00f3\u00f0aratkv\u00e6\u00f0agrei\u00f0slur\"],\"articleSection\":[\"Allt efni\",\"Fj\u00f6lmi\u00f0lar\"],\"inLanguage\":\"is\",\"potentialAction\":[{\"@type\":\"CommentAction\",\"name\":\"Comment\",\"target\":[\"https:\\\/\\\/www.norn.is\\\/einar\\\/2011\\\/04\\\/18\\\/vilhjalmur-bullar-og-fjolmidlar-lepja-upp\\\/#respond\"]}]},{\"@type\":\"WebPage\",\"@id\":\"https:\\\/\\\/www.norn.is\\\/einar\\\/2011\\\/04\\\/18\\\/vilhjalmur-bullar-og-fjolmidlar-lepja-upp\\\/\",\"url\":\"https:\\\/\\\/www.norn.is\\\/einar\\\/2011\\\/04\\\/18\\\/vilhjalmur-bullar-og-fjolmidlar-lepja-upp\\\/\",\"name\":\"Vilhj\u00e1lmur bullar og fj\u00f6lmi\u00f0lar lepja upp - Einar\",\"isPartOf\":{\"@id\":\"https:\\\/\\\/www.norn.is\\\/einar\\\/#website\"},\"datePublished\":\"2011-04-18T13:01:20+00:00\",\"dateModified\":\"2017-09-24T11:05:41+00:00\",\"author\":{\"@id\":\"https:\\\/\\\/www.norn.is\\\/einar\\\/#\\\/schema\\\/person\\\/19affadb841a22f7bfd4bdcd72a862d0\"},\"breadcrumb\":{\"@id\":\"https:\\\/\\\/www.norn.is\\\/einar\\\/2011\\\/04\\\/18\\\/vilhjalmur-bullar-og-fjolmidlar-lepja-upp\\\/#breadcrumb\"},\"inLanguage\":\"is\",\"potentialAction\":[{\"@type\":\"ReadAction\",\"target\":[\"https:\\\/\\\/www.norn.is\\\/einar\\\/2011\\\/04\\\/18\\\/vilhjalmur-bullar-og-fjolmidlar-lepja-upp\\\/\"]}]},{\"@type\":\"BreadcrumbList\",\"@id\":\"https:\\\/\\\/www.norn.is\\\/einar\\\/2011\\\/04\\\/18\\\/vilhjalmur-bullar-og-fjolmidlar-lepja-upp\\\/#breadcrumb\",\"itemListElement\":[{\"@type\":\"ListItem\",\"position\":1,\"name\":\"Home\",\"item\":\"https:\\\/\\\/www.norn.is\\\/einar\\\/\"},{\"@type\":\"ListItem\",\"position\":2,\"name\":\"Vilhj\u00e1lmur bullar og fj\u00f6lmi\u00f0lar lepja upp\"}]},{\"@type\":\"WebSite\",\"@id\":\"https:\\\/\\\/www.norn.is\\\/einar\\\/#website\",\"url\":\"https:\\\/\\\/www.norn.is\\\/einar\\\/\",\"name\":\"Einar\",\"description\":\"Pistlar Einars Steingr\u00edmssonar\",\"potentialAction\":[{\"@type\":\"SearchAction\",\"target\":{\"@type\":\"EntryPoint\",\"urlTemplate\":\"https:\\\/\\\/www.norn.is\\\/einar\\\/?s={search_term_string}\"},\"query-input\":{\"@type\":\"PropertyValueSpecification\",\"valueRequired\":true,\"valueName\":\"search_term_string\"}}],\"inLanguage\":\"is\"},{\"@type\":\"Person\",\"@id\":\"https:\\\/\\\/www.norn.is\\\/einar\\\/#\\\/schema\\\/person\\\/19affadb841a22f7bfd4bdcd72a862d0\",\"name\":\"einar\",\"image\":{\"@type\":\"ImageObject\",\"inLanguage\":\"is\",\"@id\":\"https:\\\/\\\/secure.gravatar.com\\\/avatar\\\/6f5f5592f3cc45e338376db24f1672c636582d9c27d855e8f077f13ef13b17fd?s=96&d=mm&r=g\",\"url\":\"https:\\\/\\\/secure.gravatar.com\\\/avatar\\\/6f5f5592f3cc45e338376db24f1672c636582d9c27d855e8f077f13ef13b17fd?s=96&d=mm&r=g\",\"contentUrl\":\"https:\\\/\\\/secure.gravatar.com\\\/avatar\\\/6f5f5592f3cc45e338376db24f1672c636582d9c27d855e8f077f13ef13b17fd?s=96&d=mm&r=g\",\"caption\":\"einar\"},\"url\":\"https:\\\/\\\/www.norn.is\\\/einar\\\/author\\\/einarsteingrimsson\\\/\"}]}<\/script>\n<!-- \/ Yoast SEO plugin. -->","yoast_head_json":{"title":"Vilhj\u00e1lmur bullar og fj\u00f6lmi\u00f0lar lepja upp - Einar","robots":{"index":"index","follow":"follow","max-snippet":"max-snippet:-1","max-image-preview":"max-image-preview:large","max-video-preview":"max-video-preview:-1"},"canonical":"https:\/\/www.norn.is\/einar\/2011\/04\/18\/vilhjalmur-bullar-og-fjolmidlar-lepja-upp\/","og_locale":"is_IS","og_type":"article","og_title":"Vilhj\u00e1lmur bullar og fj\u00f6lmi\u00f0lar lepja upp - Einar","og_description":"Vilhj\u00e1lmi Egilssyni, framkv\u00e6mdastj\u00f3ra \u201eSamtaka Atvinnul\u00edfsins\u201c, l\u00edst illa \u00e1 \u00fej\u00f3\u00f0aratkv\u00e6\u00f0agrei\u00f0slu um framt\u00ed\u00f0 kv\u00f3takerfisins.\u00a0 \u00dea\u00f0 er skiljanlegt, \u00fev\u00ed hann hefur teki\u00f0 a\u00f0 s\u00e9r a\u00f0 vera s\u00e9rstakur talsma\u00f0ur \u00feeirra sem vilja halda \u00e1fram a\u00f0 ausa ofurgr\u00f3\u00f0a \u00ed eigin vasa \u00far \u00feeirri fiskvei\u00f0iau\u00f0lind sem &hellip; Halda \u00e1fram a\u00f0 lesa &rarr;","og_url":"https:\/\/www.norn.is\/einar\/2011\/04\/18\/vilhjalmur-bullar-og-fjolmidlar-lepja-upp\/","og_site_name":"Einar","article_published_time":"2011-04-18T13:01:20+00:00","article_modified_time":"2017-09-24T11:05:41+00:00","author":"einar","twitter_card":"summary_large_image","twitter_misc":{"Written by":false,"Est. reading time":"2 minutes"},"schema":{"@context":"https:\/\/schema.org","@graph":[{"@type":"Article","@id":"https:\/\/www.norn.is\/einar\/2011\/04\/18\/vilhjalmur-bullar-og-fjolmidlar-lepja-upp\/#article","isPartOf":{"@id":"https:\/\/www.norn.is\/einar\/2011\/04\/18\/vilhjalmur-bullar-og-fjolmidlar-lepja-upp\/"},"author":{"name":"einar","@id":"https:\/\/www.norn.is\/einar\/#\/schema\/person\/19affadb841a22f7bfd4bdcd72a862d0"},"headline":"Vilhj\u00e1lmur bullar og fj\u00f6lmi\u00f0lar lepja upp","datePublished":"2011-04-18T13:01:20+00:00","dateModified":"2017-09-24T11:05:41+00:00","mainEntityOfPage":{"@id":"https:\/\/www.norn.is\/einar\/2011\/04\/18\/vilhjalmur-bullar-og-fjolmidlar-lepja-upp\/"},"wordCount":351,"commentCount":0,"keywords":["Kv\u00f3takerfi\u00f0","Samt\u00f6k atvinnul\u00edfsins","Vilhj\u00e1lmur Egilsson","\u00dej\u00f3\u00f0aratkv\u00e6\u00f0agrei\u00f0slur"],"articleSection":["Allt efni","Fj\u00f6lmi\u00f0lar"],"inLanguage":"is","potentialAction":[{"@type":"CommentAction","name":"Comment","target":["https:\/\/www.norn.is\/einar\/2011\/04\/18\/vilhjalmur-bullar-og-fjolmidlar-lepja-upp\/#respond"]}]},{"@type":"WebPage","@id":"https:\/\/www.norn.is\/einar\/2011\/04\/18\/vilhjalmur-bullar-og-fjolmidlar-lepja-upp\/","url":"https:\/\/www.norn.is\/einar\/2011\/04\/18\/vilhjalmur-bullar-og-fjolmidlar-lepja-upp\/","name":"Vilhj\u00e1lmur bullar og fj\u00f6lmi\u00f0lar lepja upp - Einar","isPartOf":{"@id":"https:\/\/www.norn.is\/einar\/#website"},"datePublished":"2011-04-18T13:01:20+00:00","dateModified":"2017-09-24T11:05:41+00:00","author":{"@id":"https:\/\/www.norn.is\/einar\/#\/schema\/person\/19affadb841a22f7bfd4bdcd72a862d0"},"breadcrumb":{"@id":"https:\/\/www.norn.is\/einar\/2011\/04\/18\/vilhjalmur-bullar-og-fjolmidlar-lepja-upp\/#breadcrumb"},"inLanguage":"is","potentialAction":[{"@type":"ReadAction","target":["https:\/\/www.norn.is\/einar\/2011\/04\/18\/vilhjalmur-bullar-og-fjolmidlar-lepja-upp\/"]}]},{"@type":"BreadcrumbList","@id":"https:\/\/www.norn.is\/einar\/2011\/04\/18\/vilhjalmur-bullar-og-fjolmidlar-lepja-upp\/#breadcrumb","itemListElement":[{"@type":"ListItem","position":1,"name":"Home","item":"https:\/\/www.norn.is\/einar\/"},{"@type":"ListItem","position":2,"name":"Vilhj\u00e1lmur bullar og fj\u00f6lmi\u00f0lar lepja upp"}]},{"@type":"WebSite","@id":"https:\/\/www.norn.is\/einar\/#website","url":"https:\/\/www.norn.is\/einar\/","name":"Einar","description":"Pistlar Einars Steingr\u00edmssonar","potentialAction":[{"@type":"SearchAction","target":{"@type":"EntryPoint","urlTemplate":"https:\/\/www.norn.is\/einar\/?s={search_term_string}"},"query-input":{"@type":"PropertyValueSpecification","valueRequired":true,"valueName":"search_term_string"}}],"inLanguage":"is"},{"@type":"Person","@id":"https:\/\/www.norn.is\/einar\/#\/schema\/person\/19affadb841a22f7bfd4bdcd72a862d0","name":"einar","image":{"@type":"ImageObject","inLanguage":"is","@id":"https:\/\/secure.gravatar.com\/avatar\/6f5f5592f3cc45e338376db24f1672c636582d9c27d855e8f077f13ef13b17fd?s=96&d=mm&r=g","url":"https:\/\/secure.gravatar.com\/avatar\/6f5f5592f3cc45e338376db24f1672c636582d9c27d855e8f077f13ef13b17fd?s=96&d=mm&r=g","contentUrl":"https:\/\/secure.gravatar.com\/avatar\/6f5f5592f3cc45e338376db24f1672c636582d9c27d855e8f077f13ef13b17fd?s=96&d=mm&r=g","caption":"einar"},"url":"https:\/\/www.norn.is\/einar\/author\/einarsteingrimsson\/"}]}},"_links":{"self":[{"href":"https:\/\/www.norn.is\/einar\/wp-json\/wp\/v2\/posts\/84","targetHints":{"allow":["GET"]}}],"collection":[{"href":"https:\/\/www.norn.is\/einar\/wp-json\/wp\/v2\/posts"}],"about":[{"href":"https:\/\/www.norn.is\/einar\/wp-json\/wp\/v2\/types\/post"}],"author":[{"embeddable":true,"href":"https:\/\/www.norn.is\/einar\/wp-json\/wp\/v2\/users\/10"}],"replies":[{"embeddable":true,"href":"https:\/\/www.norn.is\/einar\/wp-json\/wp\/v2\/comments?post=84"}],"version-history":[{"count":1,"href":"https:\/\/www.norn.is\/einar\/wp-json\/wp\/v2\/posts\/84\/revisions"}],"predecessor-version":[{"id":85,"href":"https:\/\/www.norn.is\/einar\/wp-json\/wp\/v2\/posts\/84\/revisions\/85"}],"wp:attachment":[{"href":"https:\/\/www.norn.is\/einar\/wp-json\/wp\/v2\/media?parent=84"}],"wp:term":[{"taxonomy":"category","embeddable":true,"href":"https:\/\/www.norn.is\/einar\/wp-json\/wp\/v2\/categories?post=84"},{"taxonomy":"post_tag","embeddable":true,"href":"https:\/\/www.norn.is\/einar\/wp-json\/wp\/v2\/tags?post=84"}],"curies":[{"name":"wp","href":"https:\/\/api.w.org\/{rel}","templated":true}]}}