{"id":80,"date":"2011-04-03T12:57:09","date_gmt":"2011-04-03T12:57:09","guid":{"rendered":"http:\/\/www.norn.is\/einar\/?p=80"},"modified":"2017-09-24T11:05:41","modified_gmt":"2017-09-24T11:05:41","slug":"priyanka-jussanam-og-ogmundur","status":"publish","type":"post","link":"https:\/\/www.norn.is\/einar\/2011\/04\/03\/priyanka-jussanam-og-ogmundur\/","title":{"rendered":"Priyanka, Jussanam og \u00d6gmundur"},"content":{"rendered":"<p>\u00dea\u00f0 er gle\u00f0ilegt a\u00f0 sj\u00e1 vi\u00f0br\u00f6g\u00f0in \u00ed fj\u00f6lmi\u00f0lum (og \u00e1 Facebook) vi\u00f0 \u00e1kallinu um stu\u00f0ning til handa Priyanka Thapa, ungri nepalskri st\u00falku sem b\u00fai\u00f0 hefur \u00e1 \u00cdslandi s\u00ed\u00f0astli\u00f0i\u00f0 \u00e1r, en \u00e1 yfir h\u00f6f\u00f0i s\u00e9r brottv\u00edsun, samkv\u00e6mt \u00e1kv\u00f6r\u00f0un \u00datlendngastofnunar, og s\u00ed\u00f0an a\u00f0 ver\u00f0a gift manni gegn vilja s\u00ednum \u00ed heimalandinu. \u00deessi miklu og almennu vi\u00f0br\u00f6g\u00f0 gera a\u00f0 verkum a\u00f0 ma\u00f0ur skammast s\u00edn a\u00f0eins minna fyrir a\u00f0 vera \u00cdslendingur, \u00fe\u00f3tt hryllilegt s\u00e9 a\u00f0 horfa upp \u00e1 mann\u00fa\u00f0arleysi\u00f0 sem einkennir \u00e1kvar\u00f0anir \u00feessarar stofnunar.<!--more--><\/p>\n<p>\u00deetta er \u00fev\u00ed mi\u00f0ur langt fr\u00e1 \u00fev\u00ed a\u00f0 vera einsd\u00e6mi, og reyndar eru \u00feeir fj\u00f6lmargir sem v\u00edsa\u00f0 hefur veri\u00f0 \u00far landi s\u00ed\u00f0ustu \u00e1rin, \u00e1 forsendum sem eru \u00ed besta falli grimmdarlegar, en \u00ed sumum tilfellum hreint brot \u00e1 \u00feeim al\u00fej\u00f3\u00f0as\u00e1ttm\u00e1lum sem \u00cdsland er \u00fe\u00f3 a\u00f0ili a\u00f0. Eiit sl\u00edkt m\u00e1l var brottv\u00edsun ungs \u00edrasks manns til Grikklands (\u00fea\u00f0an sem hann kom til \u00cdslands), S\u00fa \u00e1kv\u00f6r\u00f0un var \u00e1 endanum sta\u00f0fest af \u00fe\u00e1verandi d\u00f3msm\u00e1lar\u00e1\u00f0herra, R\u00f6gnu \u00c1rnad\u00f3ttur, sem af einhverjum \u00f3skiljanlegum \u00e1st\u00e6\u00f0um f\u00e9kk \u00e1 sig geislabaug \u00ed starfi, \u00fer\u00e1tt fyrir \u00f3ge\u00f0felldar \u00e1kvar\u00f0anir af \u00feessu tagi. Mannr\u00e9ttindad\u00f3mst\u00f3llinn \u00ed Strasbourg hefur \u00farskur\u00f0a\u00f0 a\u00f0 \u00fea\u00f0 brj\u00f3ti \u00e1 r\u00e9tti h\u00e6lisleitenda a\u00f0 senda \u00fe\u00e1 aftur til Grikklands, vegna illrar me\u00f0fer\u00f0ar \u00e1 \u00feeim \u00fear.<\/p>\n<p>Anna\u00f0 m\u00e1l sem veri\u00f0 hefur \u00ed fr\u00e9ttum af og til s\u00ed\u00f0asta \u00e1ri\u00f0 er m\u00e1l Jussanam Dejah fr\u00e1 Bras\u00edl\u00edu. H\u00fan var svipt landvistar- og atvinnuleyfi \u00ed ma\u00ed \u00ed fyrra, af \u00fev\u00ed h\u00fan skildi vi\u00f0 eiginmann sinn a\u00f0 bor\u00f0i og s\u00e6ng, \u00fe\u00f3tt l\u00f6gskilna\u00f0ur hafi enn ekki or\u00f0i\u00f0. \u00dear me\u00f0 missti h\u00fan starf sitt \u00e1 leiksk\u00f3la, \u00fear sem allt bendir til a\u00f0 h\u00fan hafi sta\u00f0i\u00f0 sig afar vel. \u00deetta er sm\u00e1narleg framkoma vi\u00f0 konu sem hefur \u00fea\u00f0 eitt til saka unni\u00f0 a\u00f0 vilja skilja vi\u00f0 \u00edslenskan eiginmann.<\/p>\n<p>\u00dea\u00f0 er eitthva\u00f0 miki\u00f0 a\u00f0 \u00e1 \u00datlendingastofnun sem s\u00edfellt br\u00fdtur gegn si\u00f0fer\u00f0isvitund st\u00f3rs hluta landsmanna. \u00dea\u00f0 er l\u00edka miki\u00f0 a\u00f0 \u00ed Innanr\u00edkisr\u00e1\u00f0uneyti \u00d6gmundar J\u00f3nassonar, sem t\u00f3k vi\u00f0 af R\u00f6gnu \u00c1rnad\u00f3ttur, a\u00f0 hafa ekkert gert \u00ed \u00feessum m\u00e1lum \u00feau tv\u00f6 \u00e1r sem r\u00edkisstj\u00f3rnin hefur seti\u00f0, \u00fev\u00ed m\u00e1l af \u00feessu tagi hafa s\u00edfellt veri\u00f0 \u00ed fr\u00e9ttum, \u00ed m\u00f6rg \u00e1r. R\u00e1\u00f0herra \u00e1 au\u00f0vita\u00f0 helst ekki a\u00f0 (\u00feurfa a\u00f0) skipta s\u00e9r beinl\u00ednis af m\u00e1lum af \u00feessu tagi, nema \u00feegar \u00feeim er \u00e1fr\u00fdja\u00f0 til hans, sem gerist reyndar. Hins vegar er \u00fea\u00f0 \u00f3fyrirgefanlegt af r\u00edkisstj\u00f3rninni, og \u00fe\u00e1 s\u00e9rstaklega r\u00e1\u00f0herra \u00feessara m\u00e1la, a\u00f0 horfa a\u00f0ger\u00f0alaus \u00e1 \u00fe\u00e6r lj\u00f3tu \u00e1kvar\u00f0anir sem \u00feessi stofnun tekur \u00e6 ofan \u00ed \u00e6.<\/p>\n","protected":false},"excerpt":{"rendered":"<p>\u00dea\u00f0 er gle\u00f0ilegt a\u00f0 sj\u00e1 vi\u00f0br\u00f6g\u00f0in \u00ed fj\u00f6lmi\u00f0lum (og \u00e1 Facebook) vi\u00f0 \u00e1kallinu um stu\u00f0ning til handa Priyanka Thapa, ungri nepalskri st\u00falku sem b\u00fai\u00f0 hefur \u00e1 \u00cdslandi s\u00ed\u00f0astli\u00f0i\u00f0 \u00e1r, en \u00e1 yfir h\u00f6f\u00f0i s\u00e9r brottv\u00edsun, samkv\u00e6mt \u00e1kv\u00f6r\u00f0un \u00datlendngastofnunar, og s\u00ed\u00f0an &hellip; <a href=\"https:\/\/www.norn.is\/einar\/2011\/04\/03\/priyanka-jussanam-og-ogmundur\/\">Halda \u00e1fram a\u00f0 lesa <span class=\"meta-nav\">&rarr;<\/span><\/a><\/p>\n","protected":false},"author":10,"featured_media":0,"comment_status":"open","ping_status":"open","sticky":false,"template":"","format":"standard","meta":{"footnotes":""},"categories":[1,58],"tags":[59,63,62,61,64],"class_list":["post-80","post","type-post","status-publish","format-standard","hentry","category-oflokkad","category-innflytjendur-og-flottafolk","tag-jussanam-dejah","tag-mannrettindadomstoll-evropu","tag-ogmundur-jonasson","tag-priyanka-thapa","tag-utlendingastofnun"],"yoast_head":"<!-- This site is optimized with the Yoast SEO plugin v27.5 - https:\/\/yoast.com\/product\/yoast-seo-wordpress\/ -->\n<title>Priyanka, Jussanam og \u00d6gmundur - Einar<\/title>\n<meta name=\"robots\" content=\"index, follow, max-snippet:-1, max-image-preview:large, max-video-preview:-1\" \/>\n<link rel=\"canonical\" href=\"https:\/\/www.norn.is\/einar\/2011\/04\/03\/priyanka-jussanam-og-ogmundur\/\" \/>\n<meta property=\"og:locale\" content=\"is_IS\" \/>\n<meta property=\"og:type\" content=\"article\" \/>\n<meta property=\"og:title\" content=\"Priyanka, Jussanam og \u00d6gmundur - Einar\" \/>\n<meta property=\"og:description\" content=\"\u00dea\u00f0 er gle\u00f0ilegt a\u00f0 sj\u00e1 vi\u00f0br\u00f6g\u00f0in \u00ed fj\u00f6lmi\u00f0lum (og \u00e1 Facebook) vi\u00f0 \u00e1kallinu um stu\u00f0ning til handa Priyanka Thapa, ungri nepalskri st\u00falku sem b\u00fai\u00f0 hefur \u00e1 \u00cdslandi s\u00ed\u00f0astli\u00f0i\u00f0 \u00e1r, en \u00e1 yfir h\u00f6f\u00f0i s\u00e9r brottv\u00edsun, samkv\u00e6mt \u00e1kv\u00f6r\u00f0un \u00datlendngastofnunar, og s\u00ed\u00f0an &hellip; Halda \u00e1fram a\u00f0 lesa &rarr;\" \/>\n<meta property=\"og:url\" content=\"https:\/\/www.norn.is\/einar\/2011\/04\/03\/priyanka-jussanam-og-ogmundur\/\" \/>\n<meta property=\"og:site_name\" content=\"Einar\" \/>\n<meta property=\"article:published_time\" content=\"2011-04-03T12:57:09+00:00\" \/>\n<meta property=\"article:modified_time\" content=\"2017-09-24T11:05:41+00:00\" \/>\n<meta name=\"author\" content=\"einar\" \/>\n<meta name=\"twitter:card\" content=\"summary_large_image\" \/>\n<meta name=\"twitter:label1\" content=\"Written by\" \/>\n\t<meta name=\"twitter:data1\" content=\"\" \/>\n\t<meta name=\"twitter:label2\" content=\"Est. reading time\" \/>\n\t<meta name=\"twitter:data2\" content=\"2 minutes\" \/>\n<script type=\"application\/ld+json\" class=\"yoast-schema-graph\">{\"@context\":\"https:\\\/\\\/schema.org\",\"@graph\":[{\"@type\":\"Article\",\"@id\":\"https:\\\/\\\/www.norn.is\\\/einar\\\/2011\\\/04\\\/03\\\/priyanka-jussanam-og-ogmundur\\\/#article\",\"isPartOf\":{\"@id\":\"https:\\\/\\\/www.norn.is\\\/einar\\\/2011\\\/04\\\/03\\\/priyanka-jussanam-og-ogmundur\\\/\"},\"author\":{\"name\":\"einar\",\"@id\":\"https:\\\/\\\/www.norn.is\\\/einar\\\/#\\\/schema\\\/person\\\/19affadb841a22f7bfd4bdcd72a862d0\"},\"headline\":\"Priyanka, Jussanam og \u00d6gmundur\",\"datePublished\":\"2011-04-03T12:57:09+00:00\",\"dateModified\":\"2017-09-24T11:05:41+00:00\",\"mainEntityOfPage\":{\"@id\":\"https:\\\/\\\/www.norn.is\\\/einar\\\/2011\\\/04\\\/03\\\/priyanka-jussanam-og-ogmundur\\\/\"},\"wordCount\":476,\"commentCount\":0,\"keywords\":[\"Jussanam Dejah\",\"Mannr\u00e9ttindad\u00f3mst\u00f3ll Evr\u00f3pu\",\"\u00d6gmundur J\u00f3nasson\",\"Priyanka Thapa\",\"\u00datlendingastofnun\"],\"articleSection\":[\"Allt efni\",\"Innflytjendur og fl\u00f3ttaf\u00f3lk\"],\"inLanguage\":\"is\",\"potentialAction\":[{\"@type\":\"CommentAction\",\"name\":\"Comment\",\"target\":[\"https:\\\/\\\/www.norn.is\\\/einar\\\/2011\\\/04\\\/03\\\/priyanka-jussanam-og-ogmundur\\\/#respond\"]}]},{\"@type\":\"WebPage\",\"@id\":\"https:\\\/\\\/www.norn.is\\\/einar\\\/2011\\\/04\\\/03\\\/priyanka-jussanam-og-ogmundur\\\/\",\"url\":\"https:\\\/\\\/www.norn.is\\\/einar\\\/2011\\\/04\\\/03\\\/priyanka-jussanam-og-ogmundur\\\/\",\"name\":\"Priyanka, Jussanam og \u00d6gmundur - Einar\",\"isPartOf\":{\"@id\":\"https:\\\/\\\/www.norn.is\\\/einar\\\/#website\"},\"datePublished\":\"2011-04-03T12:57:09+00:00\",\"dateModified\":\"2017-09-24T11:05:41+00:00\",\"author\":{\"@id\":\"https:\\\/\\\/www.norn.is\\\/einar\\\/#\\\/schema\\\/person\\\/19affadb841a22f7bfd4bdcd72a862d0\"},\"breadcrumb\":{\"@id\":\"https:\\\/\\\/www.norn.is\\\/einar\\\/2011\\\/04\\\/03\\\/priyanka-jussanam-og-ogmundur\\\/#breadcrumb\"},\"inLanguage\":\"is\",\"potentialAction\":[{\"@type\":\"ReadAction\",\"target\":[\"https:\\\/\\\/www.norn.is\\\/einar\\\/2011\\\/04\\\/03\\\/priyanka-jussanam-og-ogmundur\\\/\"]}]},{\"@type\":\"BreadcrumbList\",\"@id\":\"https:\\\/\\\/www.norn.is\\\/einar\\\/2011\\\/04\\\/03\\\/priyanka-jussanam-og-ogmundur\\\/#breadcrumb\",\"itemListElement\":[{\"@type\":\"ListItem\",\"position\":1,\"name\":\"Home\",\"item\":\"https:\\\/\\\/www.norn.is\\\/einar\\\/\"},{\"@type\":\"ListItem\",\"position\":2,\"name\":\"Priyanka, Jussanam og \u00d6gmundur\"}]},{\"@type\":\"WebSite\",\"@id\":\"https:\\\/\\\/www.norn.is\\\/einar\\\/#website\",\"url\":\"https:\\\/\\\/www.norn.is\\\/einar\\\/\",\"name\":\"Einar\",\"description\":\"Pistlar Einars Steingr\u00edmssonar\",\"potentialAction\":[{\"@type\":\"SearchAction\",\"target\":{\"@type\":\"EntryPoint\",\"urlTemplate\":\"https:\\\/\\\/www.norn.is\\\/einar\\\/?s={search_term_string}\"},\"query-input\":{\"@type\":\"PropertyValueSpecification\",\"valueRequired\":true,\"valueName\":\"search_term_string\"}}],\"inLanguage\":\"is\"},{\"@type\":\"Person\",\"@id\":\"https:\\\/\\\/www.norn.is\\\/einar\\\/#\\\/schema\\\/person\\\/19affadb841a22f7bfd4bdcd72a862d0\",\"name\":\"einar\",\"image\":{\"@type\":\"ImageObject\",\"inLanguage\":\"is\",\"@id\":\"https:\\\/\\\/secure.gravatar.com\\\/avatar\\\/6f5f5592f3cc45e338376db24f1672c636582d9c27d855e8f077f13ef13b17fd?s=96&d=mm&r=g\",\"url\":\"https:\\\/\\\/secure.gravatar.com\\\/avatar\\\/6f5f5592f3cc45e338376db24f1672c636582d9c27d855e8f077f13ef13b17fd?s=96&d=mm&r=g\",\"contentUrl\":\"https:\\\/\\\/secure.gravatar.com\\\/avatar\\\/6f5f5592f3cc45e338376db24f1672c636582d9c27d855e8f077f13ef13b17fd?s=96&d=mm&r=g\",\"caption\":\"einar\"},\"url\":\"https:\\\/\\\/www.norn.is\\\/einar\\\/author\\\/einarsteingrimsson\\\/\"}]}<\/script>\n<!-- \/ Yoast SEO plugin. -->","yoast_head_json":{"title":"Priyanka, Jussanam og \u00d6gmundur - Einar","robots":{"index":"index","follow":"follow","max-snippet":"max-snippet:-1","max-image-preview":"max-image-preview:large","max-video-preview":"max-video-preview:-1"},"canonical":"https:\/\/www.norn.is\/einar\/2011\/04\/03\/priyanka-jussanam-og-ogmundur\/","og_locale":"is_IS","og_type":"article","og_title":"Priyanka, Jussanam og \u00d6gmundur - Einar","og_description":"\u00dea\u00f0 er gle\u00f0ilegt a\u00f0 sj\u00e1 vi\u00f0br\u00f6g\u00f0in \u00ed fj\u00f6lmi\u00f0lum (og \u00e1 Facebook) vi\u00f0 \u00e1kallinu um stu\u00f0ning til handa Priyanka Thapa, ungri nepalskri st\u00falku sem b\u00fai\u00f0 hefur \u00e1 \u00cdslandi s\u00ed\u00f0astli\u00f0i\u00f0 \u00e1r, en \u00e1 yfir h\u00f6f\u00f0i s\u00e9r brottv\u00edsun, samkv\u00e6mt \u00e1kv\u00f6r\u00f0un \u00datlendngastofnunar, og s\u00ed\u00f0an &hellip; Halda \u00e1fram a\u00f0 lesa &rarr;","og_url":"https:\/\/www.norn.is\/einar\/2011\/04\/03\/priyanka-jussanam-og-ogmundur\/","og_site_name":"Einar","article_published_time":"2011-04-03T12:57:09+00:00","article_modified_time":"2017-09-24T11:05:41+00:00","author":"einar","twitter_card":"summary_large_image","twitter_misc":{"Written by":false,"Est. reading time":"2 minutes"},"schema":{"@context":"https:\/\/schema.org","@graph":[{"@type":"Article","@id":"https:\/\/www.norn.is\/einar\/2011\/04\/03\/priyanka-jussanam-og-ogmundur\/#article","isPartOf":{"@id":"https:\/\/www.norn.is\/einar\/2011\/04\/03\/priyanka-jussanam-og-ogmundur\/"},"author":{"name":"einar","@id":"https:\/\/www.norn.is\/einar\/#\/schema\/person\/19affadb841a22f7bfd4bdcd72a862d0"},"headline":"Priyanka, Jussanam og \u00d6gmundur","datePublished":"2011-04-03T12:57:09+00:00","dateModified":"2017-09-24T11:05:41+00:00","mainEntityOfPage":{"@id":"https:\/\/www.norn.is\/einar\/2011\/04\/03\/priyanka-jussanam-og-ogmundur\/"},"wordCount":476,"commentCount":0,"keywords":["Jussanam Dejah","Mannr\u00e9ttindad\u00f3mst\u00f3ll Evr\u00f3pu","\u00d6gmundur J\u00f3nasson","Priyanka Thapa","\u00datlendingastofnun"],"articleSection":["Allt efni","Innflytjendur og fl\u00f3ttaf\u00f3lk"],"inLanguage":"is","potentialAction":[{"@type":"CommentAction","name":"Comment","target":["https:\/\/www.norn.is\/einar\/2011\/04\/03\/priyanka-jussanam-og-ogmundur\/#respond"]}]},{"@type":"WebPage","@id":"https:\/\/www.norn.is\/einar\/2011\/04\/03\/priyanka-jussanam-og-ogmundur\/","url":"https:\/\/www.norn.is\/einar\/2011\/04\/03\/priyanka-jussanam-og-ogmundur\/","name":"Priyanka, Jussanam og \u00d6gmundur - Einar","isPartOf":{"@id":"https:\/\/www.norn.is\/einar\/#website"},"datePublished":"2011-04-03T12:57:09+00:00","dateModified":"2017-09-24T11:05:41+00:00","author":{"@id":"https:\/\/www.norn.is\/einar\/#\/schema\/person\/19affadb841a22f7bfd4bdcd72a862d0"},"breadcrumb":{"@id":"https:\/\/www.norn.is\/einar\/2011\/04\/03\/priyanka-jussanam-og-ogmundur\/#breadcrumb"},"inLanguage":"is","potentialAction":[{"@type":"ReadAction","target":["https:\/\/www.norn.is\/einar\/2011\/04\/03\/priyanka-jussanam-og-ogmundur\/"]}]},{"@type":"BreadcrumbList","@id":"https:\/\/www.norn.is\/einar\/2011\/04\/03\/priyanka-jussanam-og-ogmundur\/#breadcrumb","itemListElement":[{"@type":"ListItem","position":1,"name":"Home","item":"https:\/\/www.norn.is\/einar\/"},{"@type":"ListItem","position":2,"name":"Priyanka, Jussanam og \u00d6gmundur"}]},{"@type":"WebSite","@id":"https:\/\/www.norn.is\/einar\/#website","url":"https:\/\/www.norn.is\/einar\/","name":"Einar","description":"Pistlar Einars Steingr\u00edmssonar","potentialAction":[{"@type":"SearchAction","target":{"@type":"EntryPoint","urlTemplate":"https:\/\/www.norn.is\/einar\/?s={search_term_string}"},"query-input":{"@type":"PropertyValueSpecification","valueRequired":true,"valueName":"search_term_string"}}],"inLanguage":"is"},{"@type":"Person","@id":"https:\/\/www.norn.is\/einar\/#\/schema\/person\/19affadb841a22f7bfd4bdcd72a862d0","name":"einar","image":{"@type":"ImageObject","inLanguage":"is","@id":"https:\/\/secure.gravatar.com\/avatar\/6f5f5592f3cc45e338376db24f1672c636582d9c27d855e8f077f13ef13b17fd?s=96&d=mm&r=g","url":"https:\/\/secure.gravatar.com\/avatar\/6f5f5592f3cc45e338376db24f1672c636582d9c27d855e8f077f13ef13b17fd?s=96&d=mm&r=g","contentUrl":"https:\/\/secure.gravatar.com\/avatar\/6f5f5592f3cc45e338376db24f1672c636582d9c27d855e8f077f13ef13b17fd?s=96&d=mm&r=g","caption":"einar"},"url":"https:\/\/www.norn.is\/einar\/author\/einarsteingrimsson\/"}]}},"_links":{"self":[{"href":"https:\/\/www.norn.is\/einar\/wp-json\/wp\/v2\/posts\/80","targetHints":{"allow":["GET"]}}],"collection":[{"href":"https:\/\/www.norn.is\/einar\/wp-json\/wp\/v2\/posts"}],"about":[{"href":"https:\/\/www.norn.is\/einar\/wp-json\/wp\/v2\/types\/post"}],"author":[{"embeddable":true,"href":"https:\/\/www.norn.is\/einar\/wp-json\/wp\/v2\/users\/10"}],"replies":[{"embeddable":true,"href":"https:\/\/www.norn.is\/einar\/wp-json\/wp\/v2\/comments?post=80"}],"version-history":[{"count":1,"href":"https:\/\/www.norn.is\/einar\/wp-json\/wp\/v2\/posts\/80\/revisions"}],"predecessor-version":[{"id":81,"href":"https:\/\/www.norn.is\/einar\/wp-json\/wp\/v2\/posts\/80\/revisions\/81"}],"wp:attachment":[{"href":"https:\/\/www.norn.is\/einar\/wp-json\/wp\/v2\/media?parent=80"}],"wp:term":[{"taxonomy":"category","embeddable":true,"href":"https:\/\/www.norn.is\/einar\/wp-json\/wp\/v2\/categories?post=80"},{"taxonomy":"post_tag","embeddable":true,"href":"https:\/\/www.norn.is\/einar\/wp-json\/wp\/v2\/tags?post=80"}],"curies":[{"name":"wp","href":"https:\/\/api.w.org\/{rel}","templated":true}]}}