{"id":653,"date":"2017-06-11T08:23:59","date_gmt":"2017-06-11T08:23:59","guid":{"rendered":"http:\/\/www.norn.is\/einar\/?p=653"},"modified":"2017-09-24T10:58:22","modified_gmt":"2017-09-24T10:58:22","slug":"ad-hvitthvo-fuskid-opid-bref-til-forseta","status":"publish","type":"post","link":"https:\/\/www.norn.is\/einar\/2017\/06\/11\/ad-hvitthvo-fuskid-opid-bref-til-forseta\/","title":{"rendered":"A\u00f0 hv\u00edt\u00fevo f\u00faski\u00f0 \u2014 opi\u00f0 br\u00e9f til forseta"},"content":{"rendered":"<p><img loading=\"lazy\" decoding=\"async\" class=\"aligncenter size-full wp-image-654\" src=\"http:\/\/www.norn.is\/einar\/wp-content\/uploads\/sites\/29\/2017\/09\/gudni_th_lowres_2508_14-21-688x451.jpg\" alt=\"\" width=\"688\" height=\"451\" srcset=\"https:\/\/www.norn.is\/einar\/wp-content\/uploads\/sites\/29\/2017\/09\/gudni_th_lowres_2508_14-21-688x451.jpg 688w, https:\/\/www.norn.is\/einar\/wp-content\/uploads\/sites\/29\/2017\/09\/gudni_th_lowres_2508_14-21-688x451-300x197.jpg 300w, https:\/\/www.norn.is\/einar\/wp-content\/uploads\/sites\/29\/2017\/09\/gudni_th_lowres_2508_14-21-688x451-458x300.jpg 458w\" sizes=\"auto, (max-width: 688px) 100vw, 688px\" \/><\/p>\n<p class=\"m_6849508135205110994gmail-headline_article\"><strong>S\u00e6ll Gu\u00f0ni<\/strong><\/p>\n<p>\u00dea\u00f0 voru mikil vonbrig\u00f0i a\u00f0 sj\u00e1 r\u00f6kstu\u00f0ning \u00feinn fyrir \u00e1kv\u00f6r\u00f0uninni um a\u00f0 sta\u00f0festa skipun d\u00f3maranna \u00ed Landsr\u00e9tt. \u00c9g \u00e1tti alveg eins von \u00e1 a\u00f0 einhverjir l\u00f6gspekingar hef\u00f0u bent \u00fe\u00e9r \u00e1 lei\u00f0 til a\u00f0 r\u00e9ttl\u00e6ta \u00feetta sem \u00f6\u00f0rum hef\u00f0i yfirs\u00e9st. En \u00fea\u00f0 sem \u00fe\u00fa segir \u00ed\u00a0<a href=\"http:\/\/forseti.is\/media\/2392\/y2017_06_08_yfirlysing.pdf\" target=\"_blank\" rel=\"noopener\" data-saferedirecturl=\"https:\/\/www.google.com\/url?hl=en&amp;q=http:\/\/forseti.is\/media\/2392\/y2017_06_08_yfirlysing.pdf&amp;source=gmail&amp;ust=1497206246036000&amp;usg=AFQjCNFBNKu1XeWb3-hb5gaxjB-nutNdEA\">yfirl\u00fdsingu \u00feinni<\/a>\u00a0er fur\u00f0uleg samsu\u00f0a sem engan veginn tekur \u00e1 \u00fev\u00ed sem \u00e1greiningurinn sn\u00fdst um, og \u00fea\u00f0 er \u00fe\u00e9r ekki til s\u00f3ma.<!--more--><\/p>\n<p>R\u00f6kstu\u00f0ningurinn \u00ed yfirl\u00fdsingu \u00feinni sn\u00fdst a\u00f0allega um tvennt: A\u00f0 afgrei\u00f0sla m\u00e1lsins hafi veri\u00f0 \u00ed samr\u00e6mi vi\u00f0 \u00feingvenjur, sem sty\u00f0jist vi\u00f0 \u00feingsk\u00f6p, og a\u00f0 skrifstofa Al\u00feingis hafi komist a\u00f0 \u00feeirri ni\u00f0urst\u00f6\u00f0u a\u00f0 afgrei\u00f0slan hafi veri\u00f0 l\u00f6gm\u00e6t.<\/p>\n<p>Hvort tveggja er \u00fat \u00ed h\u00f6tt a\u00f0 leggja til grundvallar:<\/p>\n<p>Ef afgrei\u00f0slan f\u00f3r \u00ed b\u00e1ga vi\u00f0 d\u00f3mst\u00f3lal\u00f6gin, \u00fe\u00e1 geta \u00feingvenjur ekki gert hana l\u00f6gm\u00e6ta. Og almenn \u00e1kv\u00e6\u00f0i \u00ed \u00feingskapal\u00f6gum geta aldrei trompa\u00f0 \u00e1kv\u00e6\u00f0i \u00ed s\u00e9rl\u00f6gum, sem d\u00f3mst\u00f3lal\u00f6gin eru.<\/p>\n<p>A\u00f0 spyrja skrifstofu Al\u00feingis hvort h\u00fan telji a\u00f0 sta\u00f0i\u00f0 hafi veri\u00f0 a\u00f0 afgrei\u00f0slunni me\u00f0 l\u00f6gm\u00e6tum h\u00e6tti er \u00e1l\u00edka skynsamlegt og a\u00f0 spyrja f\u00f3lki\u00f0 \u00e1 skrifstofu \u00d3lafs \u00d3lafssonar hvort hann hafi nokku\u00f0 broti\u00f0 af s\u00e9r \u00ed Al-Thani-m\u00e1linu. \u00dea\u00f0 er sjokkerandi a\u00f0 sj\u00e1 \u00feig leggja sl\u00edkt til grundvallar, s\u00e9rstaklega \u00ed lj\u00f3si \u00feess a\u00f0 \u00fe\u00fa segir ekki fr\u00e1 neinum vi\u00f0r\u00e6\u00f0um \u00fe\u00ednum vi\u00f0 l\u00f6gfr\u00e6\u00f0inga sem eru \u00e1 \u00f6ndver\u00f0um mei\u00f0i, hva\u00f0 \u00fe\u00e1 r\u00f6ksemdaf\u00e6rslum \u00feeirra.<\/p>\n<p>\u00c1greiningurinn sn\u00fdst um t\u00falkun \u00feessa br\u00e1\u00f0abirg\u00f0a\u00e1kv\u00e6\u00f0is \u00ed\u00a0<a href=\"http:\/\/www.althingi.is\/lagas\/nuna\/2016050.html\" target=\"_blank\" rel=\"noopener\" data-saferedirecturl=\"https:\/\/www.google.com\/url?hl=en&amp;q=http:\/\/www.althingi.is\/lagas\/nuna\/2016050.html&amp;source=gmail&amp;ust=1497206246036000&amp;usg=AFQjCNGEOaFtozC6ijFnbI9cVfJTPU1JMA\">d\u00f3mst\u00f3lal\u00f6gum<\/a>:<\/p>\n<blockquote><p>\u201e\u00deegar r\u00e1\u00f0herra gerir till\u00f6gu um skipun \u00ed emb\u00e6tti d\u00f3mara vi\u00f0 Landsr\u00e9tt \u00ed fyrsta sinn skal hann leggja till\u00f6gu s\u00edna um hverja skipun fyrir Al\u00feingi til sam\u00feykktar. Sam\u00feykki Al\u00feingi till\u00f6gur r\u00e1\u00f0herra skal hann senda \u00fe\u00e6r forseta \u00cdslands sem skipar \u00ed emb\u00e6ttin, sbr. 21. gr. Sam\u00feykki Al\u00feingi ekki till\u00f6gu r\u00e1\u00f0herra um tiltekna skipun skal r\u00e1\u00f0herra leggja n\u00fdja till\u00f6gu fyrir Al\u00feingi til sam\u00feykktar.\u201c<\/p><\/blockquote>\n<p>Vegna \u00feess a\u00f0 s\u00e9rstaklega er tala\u00f0 um \u201ehverja skipun\u201c og \u201etiltekna skipun\u201c liggur beinast vi\u00f0 a\u00f0 t\u00falka \u00feetta \u00e1kv\u00e6\u00f0i svo a\u00f0 sam\u00feykkja \u00feurfi hverja skipun fyrir sig, en ekki allar \u00ed einu b\u00fanti, enda er vands\u00e9\u00f0 hver tilgangurinn hef\u00f0i annars veri\u00f0 me\u00f0 \u00feessu or\u00f0alagi, og s\u00e1 er\u00a0<a href=\"http:\/\/www.ruv.is\/frett\/althingi-atti-ad-taka-afstodu-til-hvers-og-eins\" target=\"_blank\" rel=\"noopener\" data-saferedirecturl=\"https:\/\/www.google.com\/url?hl=en&amp;q=http:\/\/www.ruv.is\/frett\/althingi-atti-ad-taka-afstodu-til-hvers-og-eins&amp;source=gmail&amp;ust=1497206246036000&amp;usg=AFQjCNETMbH91fQsJBKH-JwTdvHYBcslcg\">skilningur eins \u00feeirra l\u00f6gfr\u00e6\u00f0inga<\/a>\u00a0sem t\u00f3ku \u00fe\u00e1tt \u00ed a\u00f0 semja umr\u00e6tt \u00e1kv\u00e6\u00f0i.<\/p>\n<p>Vegna \u00feessarar \u00f3vissu, og \u00feess a\u00f0 \u00fea\u00f0 eru sterk r\u00f6k fyrir \u00fev\u00ed a\u00f0 \u00feingi\u00f0 hafi ekki fari\u00f0 a\u00f0 l\u00f6gum, er lj\u00f3st a\u00f0 \u00feessi afgrei\u00f0sla mun alltaf s\u00e6ta mikilli gagnr\u00fdni, og setja lj\u00f3tan blett \u00e1 starf Landsr\u00e9ttar sem er skipa\u00f0ur me\u00f0 \u00feessum vafasama h\u00e6tti.<\/p>\n<p>\u00deess vegna hef\u00f0ir\u00f0u \u00e1tt a\u00f0 synja \u00fev\u00ed a\u00f0 sta\u00f0festa \u00feessar skipanir. Aflei\u00f0ingin af \u00fev\u00ed hef\u00f0i tr\u00falegast einfaldlega or\u00f0i\u00f0 s\u00fa a\u00f0 \u00feingi\u00f0 hef\u00f0i fjalla\u00f0 aftur um m\u00e1li\u00f0 og sta\u00f0fest hverja skipun fyrir sig. \u00dear me\u00f0 hef\u00f0i s\u00e1 blettur veri\u00f0 \u00feveginn af r\u00e9ttinum.<\/p>\n<p>\u00dea\u00f0 er h\u00e6gt a\u00f0 hafa \u00fe\u00e1 afst\u00f6\u00f0u a\u00f0 forseti eigi bara a\u00f0 vera stimpilp\u00fa\u00f0i fyrir framkv\u00e6mda- og l\u00f6ggjafarvaldi\u00f0. En \u00fear sem \u00fe\u00fa hefur teki\u00f0 afst\u00f6\u00f0u til m\u00e1lsins ver\u00f0ur a\u00f0 krefjast \u00feess a\u00f0 \u00fe\u00fa vinnir \u00fe\u00e1 vinnu af heilindum og \u00e1 m\u00e1lefnalegan h\u00e1tt. \u00dea\u00f0 hefur \u00fe\u00fa ekki gert h\u00e9r; \u00feetta er hv\u00edt\u00fevottur, sem auglj\u00f3slega \u00fej\u00f3nar \u00feeim valdh\u00f6fum sem telja sig hafna yfir l\u00f6g og reglur, en ekki \u00feeim hagsmunum almennings sem \u00fe\u00fa \u00e6ttir a\u00f0 vinna fyrir.<\/p>\n<p>\u00dea\u00f0 voru mikil vonbrig\u00f0i.<\/p>\n<p>Kve\u00f0jur,<br \/>\nEinar<\/p>\n<p><a href=\"http:\/\/kvennabladid.is\/2017\/06\/11\/ad-hvitthvo-fuskid-opid-bref-til-forseta\/\">Einnig birt h\u00e9r<\/a><\/p>\n","protected":false},"excerpt":{"rendered":"<p>S\u00e6ll Gu\u00f0ni \u00dea\u00f0 voru mikil vonbrig\u00f0i a\u00f0 sj\u00e1 r\u00f6kstu\u00f0ning \u00feinn fyrir \u00e1kv\u00f6r\u00f0uninni um a\u00f0 sta\u00f0festa skipun d\u00f3maranna \u00ed Landsr\u00e9tt. \u00c9g \u00e1tti alveg eins von \u00e1 a\u00f0 einhverjir l\u00f6gspekingar hef\u00f0u bent \u00fe\u00e9r \u00e1 lei\u00f0 til a\u00f0 r\u00e9ttl\u00e6ta \u00feetta sem \u00f6\u00f0rum hef\u00f0i &hellip; <a href=\"https:\/\/www.norn.is\/einar\/2017\/06\/11\/ad-hvitthvo-fuskid-opid-bref-til-forseta\/\">Halda \u00e1fram a\u00f0 lesa <span class=\"meta-nav\">&rarr;<\/span><\/a><\/p>\n","protected":false},"author":10,"featured_media":654,"comment_status":"open","ping_status":"open","sticky":false,"template":"","format":"standard","meta":{"footnotes":""},"categories":[1,473],"tags":[469,452,468,477],"class_list":["post-653","post","type-post","status-publish","format-standard","has-post-thumbnail","hentry","category-oflokkad","category-stjornvold-og-stofnanir","tag-domstolalog","tag-gudni-th-johannesson","tag-landsrettur","tag-opid-bref"],"yoast_head":"<!-- This site is optimized with the Yoast SEO plugin v27.5 - https:\/\/yoast.com\/product\/yoast-seo-wordpress\/ -->\n<title>A\u00f0 hv\u00edt\u00fevo f\u00faski\u00f0 \u2014 opi\u00f0 br\u00e9f til forseta - Einar<\/title>\n<meta name=\"description\" content=\"S\u00e6ll Gu\u00f0ni \u00dea\u00f0 voru mikil vonbrig\u00f0i a\u00f0 sj\u00e1 r\u00f6kstu\u00f0ning \u00feinn fyrir \u00e1kv\u00f6r\u00f0uninni um a\u00f0 sta\u00f0festa skipun d\u00f3mara \u00ed Landsr\u00e9tt.\" \/>\n<meta name=\"robots\" content=\"index, follow, max-snippet:-1, max-image-preview:large, max-video-preview:-1\" \/>\n<link rel=\"canonical\" href=\"https:\/\/www.norn.is\/einar\/2017\/06\/11\/ad-hvitthvo-fuskid-opid-bref-til-forseta\/\" \/>\n<meta property=\"og:locale\" content=\"is_IS\" \/>\n<meta property=\"og:type\" content=\"article\" \/>\n<meta property=\"og:title\" content=\"A\u00f0 hv\u00edt\u00fevo f\u00faski\u00f0 \u2014 opi\u00f0 br\u00e9f til forseta - Einar\" \/>\n<meta property=\"og:description\" content=\"S\u00e6ll Gu\u00f0ni \u00dea\u00f0 voru mikil vonbrig\u00f0i a\u00f0 sj\u00e1 r\u00f6kstu\u00f0ning \u00feinn fyrir \u00e1kv\u00f6r\u00f0uninni um a\u00f0 sta\u00f0festa skipun d\u00f3mara \u00ed Landsr\u00e9tt.\" \/>\n<meta property=\"og:url\" content=\"https:\/\/www.norn.is\/einar\/2017\/06\/11\/ad-hvitthvo-fuskid-opid-bref-til-forseta\/\" \/>\n<meta property=\"og:site_name\" content=\"Einar\" \/>\n<meta property=\"article:published_time\" content=\"2017-06-11T08:23:59+00:00\" \/>\n<meta property=\"article:modified_time\" content=\"2017-09-24T10:58:22+00:00\" \/>\n<meta property=\"og:image\" content=\"https:\/\/www.norn.is\/einar\/wp-content\/uploads\/sites\/29\/2017\/09\/gudni_th_lowres_2508_14-21-688x451.jpg\" \/>\n\t<meta property=\"og:image:width\" content=\"688\" \/>\n\t<meta property=\"og:image:height\" content=\"451\" \/>\n\t<meta property=\"og:image:type\" content=\"image\/jpeg\" \/>\n<meta name=\"author\" content=\"einar\" \/>\n<meta name=\"twitter:card\" content=\"summary_large_image\" \/>\n<meta name=\"twitter:label1\" content=\"Written by\" \/>\n\t<meta name=\"twitter:data1\" content=\"\" \/>\n\t<meta name=\"twitter:label2\" content=\"Est. reading time\" \/>\n\t<meta name=\"twitter:data2\" content=\"3 minutes\" \/>\n<script type=\"application\/ld+json\" class=\"yoast-schema-graph\">{\"@context\":\"https:\\\/\\\/schema.org\",\"@graph\":[{\"@type\":\"Article\",\"@id\":\"https:\\\/\\\/www.norn.is\\\/einar\\\/2017\\\/06\\\/11\\\/ad-hvitthvo-fuskid-opid-bref-til-forseta\\\/#article\",\"isPartOf\":{\"@id\":\"https:\\\/\\\/www.norn.is\\\/einar\\\/2017\\\/06\\\/11\\\/ad-hvitthvo-fuskid-opid-bref-til-forseta\\\/\"},\"author\":{\"name\":\"einar\",\"@id\":\"https:\\\/\\\/www.norn.is\\\/einar\\\/#\\\/schema\\\/person\\\/19affadb841a22f7bfd4bdcd72a862d0\"},\"headline\":\"A\u00f0 hv\u00edt\u00fevo f\u00faski\u00f0 \u2014 opi\u00f0 br\u00e9f til forseta\",\"datePublished\":\"2017-06-11T08:23:59+00:00\",\"dateModified\":\"2017-09-24T10:58:22+00:00\",\"mainEntityOfPage\":{\"@id\":\"https:\\\/\\\/www.norn.is\\\/einar\\\/2017\\\/06\\\/11\\\/ad-hvitthvo-fuskid-opid-bref-til-forseta\\\/\"},\"wordCount\":645,\"commentCount\":0,\"image\":{\"@id\":\"https:\\\/\\\/www.norn.is\\\/einar\\\/2017\\\/06\\\/11\\\/ad-hvitthvo-fuskid-opid-bref-til-forseta\\\/#primaryimage\"},\"thumbnailUrl\":\"https:\\\/\\\/www.norn.is\\\/einar\\\/wp-content\\\/uploads\\\/sites\\\/29\\\/2017\\\/09\\\/gudni_th_lowres_2508_14-21-688x451.jpg\",\"keywords\":[\"D\u00f3mst\u00f3lal\u00f6g\",\"Gu\u00f0ni Th. J\u00f3hannesson\",\"Landsr\u00e9ttur\",\"Opi\u00f0 br\u00e9f\"],\"articleSection\":[\"Allt efni\",\"Stj\u00f3rnv\u00f6ld, stofnanir og r\u00edkisfyrirt\u00e6ki\"],\"inLanguage\":\"is\",\"potentialAction\":[{\"@type\":\"CommentAction\",\"name\":\"Comment\",\"target\":[\"https:\\\/\\\/www.norn.is\\\/einar\\\/2017\\\/06\\\/11\\\/ad-hvitthvo-fuskid-opid-bref-til-forseta\\\/#respond\"]}]},{\"@type\":\"WebPage\",\"@id\":\"https:\\\/\\\/www.norn.is\\\/einar\\\/2017\\\/06\\\/11\\\/ad-hvitthvo-fuskid-opid-bref-til-forseta\\\/\",\"url\":\"https:\\\/\\\/www.norn.is\\\/einar\\\/2017\\\/06\\\/11\\\/ad-hvitthvo-fuskid-opid-bref-til-forseta\\\/\",\"name\":\"A\u00f0 hv\u00edt\u00fevo f\u00faski\u00f0 \u2014 opi\u00f0 br\u00e9f til forseta - Einar\",\"isPartOf\":{\"@id\":\"https:\\\/\\\/www.norn.is\\\/einar\\\/#website\"},\"primaryImageOfPage\":{\"@id\":\"https:\\\/\\\/www.norn.is\\\/einar\\\/2017\\\/06\\\/11\\\/ad-hvitthvo-fuskid-opid-bref-til-forseta\\\/#primaryimage\"},\"image\":{\"@id\":\"https:\\\/\\\/www.norn.is\\\/einar\\\/2017\\\/06\\\/11\\\/ad-hvitthvo-fuskid-opid-bref-til-forseta\\\/#primaryimage\"},\"thumbnailUrl\":\"https:\\\/\\\/www.norn.is\\\/einar\\\/wp-content\\\/uploads\\\/sites\\\/29\\\/2017\\\/09\\\/gudni_th_lowres_2508_14-21-688x451.jpg\",\"datePublished\":\"2017-06-11T08:23:59+00:00\",\"dateModified\":\"2017-09-24T10:58:22+00:00\",\"author\":{\"@id\":\"https:\\\/\\\/www.norn.is\\\/einar\\\/#\\\/schema\\\/person\\\/19affadb841a22f7bfd4bdcd72a862d0\"},\"description\":\"S\u00e6ll Gu\u00f0ni \u00dea\u00f0 voru mikil vonbrig\u00f0i a\u00f0 sj\u00e1 r\u00f6kstu\u00f0ning \u00feinn fyrir \u00e1kv\u00f6r\u00f0uninni um a\u00f0 sta\u00f0festa skipun d\u00f3mara \u00ed Landsr\u00e9tt.\",\"breadcrumb\":{\"@id\":\"https:\\\/\\\/www.norn.is\\\/einar\\\/2017\\\/06\\\/11\\\/ad-hvitthvo-fuskid-opid-bref-til-forseta\\\/#breadcrumb\"},\"inLanguage\":\"is\",\"potentialAction\":[{\"@type\":\"ReadAction\",\"target\":[\"https:\\\/\\\/www.norn.is\\\/einar\\\/2017\\\/06\\\/11\\\/ad-hvitthvo-fuskid-opid-bref-til-forseta\\\/\"]}]},{\"@type\":\"ImageObject\",\"inLanguage\":\"is\",\"@id\":\"https:\\\/\\\/www.norn.is\\\/einar\\\/2017\\\/06\\\/11\\\/ad-hvitthvo-fuskid-opid-bref-til-forseta\\\/#primaryimage\",\"url\":\"https:\\\/\\\/www.norn.is\\\/einar\\\/wp-content\\\/uploads\\\/sites\\\/29\\\/2017\\\/09\\\/gudni_th_lowres_2508_14-21-688x451.jpg\",\"contentUrl\":\"https:\\\/\\\/www.norn.is\\\/einar\\\/wp-content\\\/uploads\\\/sites\\\/29\\\/2017\\\/09\\\/gudni_th_lowres_2508_14-21-688x451.jpg\",\"width\":688,\"height\":451},{\"@type\":\"BreadcrumbList\",\"@id\":\"https:\\\/\\\/www.norn.is\\\/einar\\\/2017\\\/06\\\/11\\\/ad-hvitthvo-fuskid-opid-bref-til-forseta\\\/#breadcrumb\",\"itemListElement\":[{\"@type\":\"ListItem\",\"position\":1,\"name\":\"Home\",\"item\":\"https:\\\/\\\/www.norn.is\\\/einar\\\/\"},{\"@type\":\"ListItem\",\"position\":2,\"name\":\"A\u00f0 hv\u00edt\u00fevo f\u00faski\u00f0 \u2014 opi\u00f0 br\u00e9f til forseta\"}]},{\"@type\":\"WebSite\",\"@id\":\"https:\\\/\\\/www.norn.is\\\/einar\\\/#website\",\"url\":\"https:\\\/\\\/www.norn.is\\\/einar\\\/\",\"name\":\"Einar\",\"description\":\"Pistlar Einars Steingr\u00edmssonar\",\"potentialAction\":[{\"@type\":\"SearchAction\",\"target\":{\"@type\":\"EntryPoint\",\"urlTemplate\":\"https:\\\/\\\/www.norn.is\\\/einar\\\/?s={search_term_string}\"},\"query-input\":{\"@type\":\"PropertyValueSpecification\",\"valueRequired\":true,\"valueName\":\"search_term_string\"}}],\"inLanguage\":\"is\"},{\"@type\":\"Person\",\"@id\":\"https:\\\/\\\/www.norn.is\\\/einar\\\/#\\\/schema\\\/person\\\/19affadb841a22f7bfd4bdcd72a862d0\",\"name\":\"einar\",\"image\":{\"@type\":\"ImageObject\",\"inLanguage\":\"is\",\"@id\":\"https:\\\/\\\/secure.gravatar.com\\\/avatar\\\/6f5f5592f3cc45e338376db24f1672c636582d9c27d855e8f077f13ef13b17fd?s=96&d=mm&r=g\",\"url\":\"https:\\\/\\\/secure.gravatar.com\\\/avatar\\\/6f5f5592f3cc45e338376db24f1672c636582d9c27d855e8f077f13ef13b17fd?s=96&d=mm&r=g\",\"contentUrl\":\"https:\\\/\\\/secure.gravatar.com\\\/avatar\\\/6f5f5592f3cc45e338376db24f1672c636582d9c27d855e8f077f13ef13b17fd?s=96&d=mm&r=g\",\"caption\":\"einar\"},\"url\":\"https:\\\/\\\/www.norn.is\\\/einar\\\/author\\\/einarsteingrimsson\\\/\"}]}<\/script>\n<!-- \/ Yoast SEO plugin. -->","yoast_head_json":{"title":"A\u00f0 hv\u00edt\u00fevo f\u00faski\u00f0 \u2014 opi\u00f0 br\u00e9f til forseta - Einar","description":"S\u00e6ll Gu\u00f0ni \u00dea\u00f0 voru mikil vonbrig\u00f0i a\u00f0 sj\u00e1 r\u00f6kstu\u00f0ning \u00feinn fyrir \u00e1kv\u00f6r\u00f0uninni um a\u00f0 sta\u00f0festa skipun d\u00f3mara \u00ed Landsr\u00e9tt.","robots":{"index":"index","follow":"follow","max-snippet":"max-snippet:-1","max-image-preview":"max-image-preview:large","max-video-preview":"max-video-preview:-1"},"canonical":"https:\/\/www.norn.is\/einar\/2017\/06\/11\/ad-hvitthvo-fuskid-opid-bref-til-forseta\/","og_locale":"is_IS","og_type":"article","og_title":"A\u00f0 hv\u00edt\u00fevo f\u00faski\u00f0 \u2014 opi\u00f0 br\u00e9f til forseta - Einar","og_description":"S\u00e6ll Gu\u00f0ni \u00dea\u00f0 voru mikil vonbrig\u00f0i a\u00f0 sj\u00e1 r\u00f6kstu\u00f0ning \u00feinn fyrir \u00e1kv\u00f6r\u00f0uninni um a\u00f0 sta\u00f0festa skipun d\u00f3mara \u00ed Landsr\u00e9tt.","og_url":"https:\/\/www.norn.is\/einar\/2017\/06\/11\/ad-hvitthvo-fuskid-opid-bref-til-forseta\/","og_site_name":"Einar","article_published_time":"2017-06-11T08:23:59+00:00","article_modified_time":"2017-09-24T10:58:22+00:00","og_image":[{"width":688,"height":451,"url":"https:\/\/www.norn.is\/einar\/wp-content\/uploads\/sites\/29\/2017\/09\/gudni_th_lowres_2508_14-21-688x451.jpg","type":"image\/jpeg"}],"author":"einar","twitter_card":"summary_large_image","twitter_misc":{"Written by":false,"Est. reading time":"3 minutes"},"schema":{"@context":"https:\/\/schema.org","@graph":[{"@type":"Article","@id":"https:\/\/www.norn.is\/einar\/2017\/06\/11\/ad-hvitthvo-fuskid-opid-bref-til-forseta\/#article","isPartOf":{"@id":"https:\/\/www.norn.is\/einar\/2017\/06\/11\/ad-hvitthvo-fuskid-opid-bref-til-forseta\/"},"author":{"name":"einar","@id":"https:\/\/www.norn.is\/einar\/#\/schema\/person\/19affadb841a22f7bfd4bdcd72a862d0"},"headline":"A\u00f0 hv\u00edt\u00fevo f\u00faski\u00f0 \u2014 opi\u00f0 br\u00e9f til forseta","datePublished":"2017-06-11T08:23:59+00:00","dateModified":"2017-09-24T10:58:22+00:00","mainEntityOfPage":{"@id":"https:\/\/www.norn.is\/einar\/2017\/06\/11\/ad-hvitthvo-fuskid-opid-bref-til-forseta\/"},"wordCount":645,"commentCount":0,"image":{"@id":"https:\/\/www.norn.is\/einar\/2017\/06\/11\/ad-hvitthvo-fuskid-opid-bref-til-forseta\/#primaryimage"},"thumbnailUrl":"https:\/\/www.norn.is\/einar\/wp-content\/uploads\/sites\/29\/2017\/09\/gudni_th_lowres_2508_14-21-688x451.jpg","keywords":["D\u00f3mst\u00f3lal\u00f6g","Gu\u00f0ni Th. J\u00f3hannesson","Landsr\u00e9ttur","Opi\u00f0 br\u00e9f"],"articleSection":["Allt efni","Stj\u00f3rnv\u00f6ld, stofnanir og r\u00edkisfyrirt\u00e6ki"],"inLanguage":"is","potentialAction":[{"@type":"CommentAction","name":"Comment","target":["https:\/\/www.norn.is\/einar\/2017\/06\/11\/ad-hvitthvo-fuskid-opid-bref-til-forseta\/#respond"]}]},{"@type":"WebPage","@id":"https:\/\/www.norn.is\/einar\/2017\/06\/11\/ad-hvitthvo-fuskid-opid-bref-til-forseta\/","url":"https:\/\/www.norn.is\/einar\/2017\/06\/11\/ad-hvitthvo-fuskid-opid-bref-til-forseta\/","name":"A\u00f0 hv\u00edt\u00fevo f\u00faski\u00f0 \u2014 opi\u00f0 br\u00e9f til forseta - Einar","isPartOf":{"@id":"https:\/\/www.norn.is\/einar\/#website"},"primaryImageOfPage":{"@id":"https:\/\/www.norn.is\/einar\/2017\/06\/11\/ad-hvitthvo-fuskid-opid-bref-til-forseta\/#primaryimage"},"image":{"@id":"https:\/\/www.norn.is\/einar\/2017\/06\/11\/ad-hvitthvo-fuskid-opid-bref-til-forseta\/#primaryimage"},"thumbnailUrl":"https:\/\/www.norn.is\/einar\/wp-content\/uploads\/sites\/29\/2017\/09\/gudni_th_lowres_2508_14-21-688x451.jpg","datePublished":"2017-06-11T08:23:59+00:00","dateModified":"2017-09-24T10:58:22+00:00","author":{"@id":"https:\/\/www.norn.is\/einar\/#\/schema\/person\/19affadb841a22f7bfd4bdcd72a862d0"},"description":"S\u00e6ll Gu\u00f0ni \u00dea\u00f0 voru mikil vonbrig\u00f0i a\u00f0 sj\u00e1 r\u00f6kstu\u00f0ning \u00feinn fyrir \u00e1kv\u00f6r\u00f0uninni um a\u00f0 sta\u00f0festa skipun d\u00f3mara \u00ed Landsr\u00e9tt.","breadcrumb":{"@id":"https:\/\/www.norn.is\/einar\/2017\/06\/11\/ad-hvitthvo-fuskid-opid-bref-til-forseta\/#breadcrumb"},"inLanguage":"is","potentialAction":[{"@type":"ReadAction","target":["https:\/\/www.norn.is\/einar\/2017\/06\/11\/ad-hvitthvo-fuskid-opid-bref-til-forseta\/"]}]},{"@type":"ImageObject","inLanguage":"is","@id":"https:\/\/www.norn.is\/einar\/2017\/06\/11\/ad-hvitthvo-fuskid-opid-bref-til-forseta\/#primaryimage","url":"https:\/\/www.norn.is\/einar\/wp-content\/uploads\/sites\/29\/2017\/09\/gudni_th_lowres_2508_14-21-688x451.jpg","contentUrl":"https:\/\/www.norn.is\/einar\/wp-content\/uploads\/sites\/29\/2017\/09\/gudni_th_lowres_2508_14-21-688x451.jpg","width":688,"height":451},{"@type":"BreadcrumbList","@id":"https:\/\/www.norn.is\/einar\/2017\/06\/11\/ad-hvitthvo-fuskid-opid-bref-til-forseta\/#breadcrumb","itemListElement":[{"@type":"ListItem","position":1,"name":"Home","item":"https:\/\/www.norn.is\/einar\/"},{"@type":"ListItem","position":2,"name":"A\u00f0 hv\u00edt\u00fevo f\u00faski\u00f0 \u2014 opi\u00f0 br\u00e9f til forseta"}]},{"@type":"WebSite","@id":"https:\/\/www.norn.is\/einar\/#website","url":"https:\/\/www.norn.is\/einar\/","name":"Einar","description":"Pistlar Einars Steingr\u00edmssonar","potentialAction":[{"@type":"SearchAction","target":{"@type":"EntryPoint","urlTemplate":"https:\/\/www.norn.is\/einar\/?s={search_term_string}"},"query-input":{"@type":"PropertyValueSpecification","valueRequired":true,"valueName":"search_term_string"}}],"inLanguage":"is"},{"@type":"Person","@id":"https:\/\/www.norn.is\/einar\/#\/schema\/person\/19affadb841a22f7bfd4bdcd72a862d0","name":"einar","image":{"@type":"ImageObject","inLanguage":"is","@id":"https:\/\/secure.gravatar.com\/avatar\/6f5f5592f3cc45e338376db24f1672c636582d9c27d855e8f077f13ef13b17fd?s=96&d=mm&r=g","url":"https:\/\/secure.gravatar.com\/avatar\/6f5f5592f3cc45e338376db24f1672c636582d9c27d855e8f077f13ef13b17fd?s=96&d=mm&r=g","contentUrl":"https:\/\/secure.gravatar.com\/avatar\/6f5f5592f3cc45e338376db24f1672c636582d9c27d855e8f077f13ef13b17fd?s=96&d=mm&r=g","caption":"einar"},"url":"https:\/\/www.norn.is\/einar\/author\/einarsteingrimsson\/"}]}},"_links":{"self":[{"href":"https:\/\/www.norn.is\/einar\/wp-json\/wp\/v2\/posts\/653","targetHints":{"allow":["GET"]}}],"collection":[{"href":"https:\/\/www.norn.is\/einar\/wp-json\/wp\/v2\/posts"}],"about":[{"href":"https:\/\/www.norn.is\/einar\/wp-json\/wp\/v2\/types\/post"}],"author":[{"embeddable":true,"href":"https:\/\/www.norn.is\/einar\/wp-json\/wp\/v2\/users\/10"}],"replies":[{"embeddable":true,"href":"https:\/\/www.norn.is\/einar\/wp-json\/wp\/v2\/comments?post=653"}],"version-history":[{"count":1,"href":"https:\/\/www.norn.is\/einar\/wp-json\/wp\/v2\/posts\/653\/revisions"}],"predecessor-version":[{"id":655,"href":"https:\/\/www.norn.is\/einar\/wp-json\/wp\/v2\/posts\/653\/revisions\/655"}],"wp:featuredmedia":[{"embeddable":true,"href":"https:\/\/www.norn.is\/einar\/wp-json\/wp\/v2\/media\/654"}],"wp:attachment":[{"href":"https:\/\/www.norn.is\/einar\/wp-json\/wp\/v2\/media?parent=653"}],"wp:term":[{"taxonomy":"category","embeddable":true,"href":"https:\/\/www.norn.is\/einar\/wp-json\/wp\/v2\/categories?post=653"},{"taxonomy":"post_tag","embeddable":true,"href":"https:\/\/www.norn.is\/einar\/wp-json\/wp\/v2\/tags?post=653"}],"curies":[{"name":"wp","href":"https:\/\/api.w.org\/{rel}","templated":true}]}}