{"id":644,"date":"2017-03-19T07:47:35","date_gmt":"2017-03-19T07:47:35","guid":{"rendered":"http:\/\/www.norn.is\/einar\/?p=644"},"modified":"2017-09-24T10:58:23","modified_gmt":"2017-09-24T10:58:23","slug":"thad-er-einfalt-mal-ad-leysa-husnaedisvandann","status":"publish","type":"post","link":"https:\/\/www.norn.is\/einar\/2017\/03\/19\/thad-er-einfalt-mal-ad-leysa-husnaedisvandann\/","title":{"rendered":"\u00dea\u00f0 er einfalt m\u00e1l a\u00f0 leysa h\u00fasn\u00e6\u00f0isvandann"},"content":{"rendered":"<p><img loading=\"lazy\" decoding=\"async\" class=\"aligncenter size-full wp-image-645\" src=\"http:\/\/www.norn.is\/einar\/wp-content\/uploads\/sites\/29\/2017\/09\/olafur-olafsson-688x451.jpg\" alt=\"\" width=\"688\" height=\"451\" srcset=\"https:\/\/www.norn.is\/einar\/wp-content\/uploads\/sites\/29\/2017\/09\/olafur-olafsson-688x451.jpg 688w, https:\/\/www.norn.is\/einar\/wp-content\/uploads\/sites\/29\/2017\/09\/olafur-olafsson-688x451-300x197.jpg 300w, https:\/\/www.norn.is\/einar\/wp-content\/uploads\/sites\/29\/2017\/09\/olafur-olafsson-688x451-458x300.jpg 458w\" sizes=\"auto, (max-width: 688px) 100vw, 688px\" \/><\/p>\n<p style=\"text-align: center;\"><em>Myndin er samsett af Kvennabla\u00f0inu<\/em><\/p>\n<p class=\"m_-8310666769024081767gmail-headline_article\">N\u00fdlega undirrita\u00f0i Dagur borgarstj\u00f3ri\u00a0<a href=\"http:\/\/kvennabladid.is\/2017\/03\/13\/332-ibudir-munu-risa-a-gelgjutanga\/\" target=\"_blank\" rel=\"noopener\" data-saferedirecturl=\"https:\/\/www.google.com\/url?hl=en&amp;q=http:\/\/kvennabladid.is\/2017\/03\/13\/332-ibudir-munu-risa-a-gelgjutanga\/&amp;source=gmail&amp;ust=1490003327089000&amp;usg=AFQjCNHAPUlLfo1Nv6XF4keLJCmAPWCXFw\">samning um byggingu 332 \u00edb\u00fa\u00f0a<\/a>\u00a0\u00e1 Gelgjutanga \u00ed Reykjav\u00edk. Markmi\u00f0i\u00f0 er v\u00e6ntanlega a\u00f0 l\u00e9tta svol\u00edti\u00f0 \u00feann gr\u00ed\u00f0arlega \u00fer\u00fdsting sem er \u00e1 h\u00fasn\u00e6\u00f0ismarka\u00f0i \u00e1 h\u00f6fu\u00f0borgarsv\u00e6\u00f0inu. \u00dea\u00f0 er g\u00f3\u00f0ra gjalda vert, og kannski algert aukaatri\u00f0i \u00fe\u00f3tt \u00fea\u00f0 s\u00e9 kaldh\u00e6\u00f0nislegt, a\u00f0\u00a0<a href=\"http:\/\/www.frettatiminn.is\/eignarhald-olafs-ekki-kynnt\/\" target=\"_blank\" rel=\"noopener\" data-saferedirecturl=\"https:\/\/www.google.com\/url?hl=en&amp;q=http:\/\/www.frettatiminn.is\/eignarhald-olafs-ekki-kynnt\/&amp;source=gmail&amp;ust=1490003327089000&amp;usg=AFQjCNGJptmN_ZR15wzw3Uh3ssBDyFUQNw\">eigandi fyrirt\u00e6kisins sem sami\u00f0 var vi\u00f0, og sem v\u00e6ntanlega mun gr\u00e6\u00f0a \u00feokkalega \u00e1 \u00feessu, er \u00d3lafur \u00d3lafsson<\/a>. Hann er einn af \u00feeim sem \u00e1byrg\u00f0 bera \u00e1 hruninu, sem er ein af ors\u00f6kum hins hryllilega \u00e1stands \u00ed h\u00fasn\u00e6\u00f0ism\u00e1lunum.<!--more--><\/p>\n<div class=\"m_-8310666769024081767gmail-post_content\">\n<p>En \u00fea\u00f0 er samt dapurlegt a\u00f0 sj\u00e1 borgarstj\u00f3ra svokalla\u00f0ra f\u00e9lagshyggjuflokka semja vi\u00f0 d\u00e6mdan st\u00f3rkap\u00edtalista um a\u00f0 byggja \u00f6rf\u00e1ar af \u00feeim \u00fe\u00fasundum \u00edb\u00fa\u00f0a sem \u00fearf til a\u00f0 koma \u00feessum m\u00e1lum \u00ed skikkanlegt horf, \u00ed sta\u00f0 \u00feess a\u00f0 vinna a\u00f0 \u00fev\u00ed a\u00f0 leysa vandann \u00ed eitt skipti fyrir \u00f6ll.<\/p>\n<p>H\u00fasn\u00e6\u00f0isvandinn \u00e1 \u00cdslandi er margs konar. A\u00f0 kaupa er brj\u00e1l\u00e6\u00f0islega d\u00fdrt vegna \u00feeirra okurvaxta sem f\u00f3lk \u00fearf a\u00f0 borga; \u00feeir hafa lengi veri\u00f0 \u00ferefaldir til fimmfaldir \u00e1 vi\u00f0 \u00fea\u00f0 sem gerist \u00ed n\u00e1grannal\u00f6ndum. Hin hli\u00f0in \u00e1 vandanum er a\u00f0 \u00fea\u00f0 er enginn \u00e1rei\u00f0anlegur leigumarka\u00f0ur \u00e1 \u00cdslandi, \u00f6fugt vi\u00f0 \u00fea\u00f0 sem gildir \u00ed flestum l\u00f6ndum sem vi\u00f0 \u00feekkjum.<\/p>\n<p>Vaxtaokri\u00f0 ver\u00f0ur erfitt a\u00f0 losna vi\u00f0, geri \u00e9g r\u00e1\u00f0 fyrir, me\u00f0an vi\u00f0 h\u00f6ldum \u00ed \u00f6rmyntina ISK. En \u00fea\u00f0 er einfalt m\u00e1l a\u00f0 b\u00faa til skikkanlegan leigumarka\u00f0. \u00dea\u00f0 er h\u00e6gt a\u00f0 gera svona:<\/p>\n<p>Hi\u00f0 opinbera (r\u00edki\u00f0, hugsanlega fyrir sveitarf\u00e9l\u00f6gin) tekur erlend l\u00e1n til langs t\u00edma (t.d. 50 \u00e1ra) til a\u00f0 byggja svo sem t\u00edu\u00fe\u00fasund leigu\u00edb\u00fa\u00f0ir \u00e1 n\u00e6stu 10 \u00e1rum (og svo fleiri eftir \u00fea\u00f0). Sl\u00edk l\u00e1n \u00e6tti a\u00f0 vera h\u00e6gt a\u00f0 f\u00e1 me\u00f0 1% v\u00f6xtum (sj\u00e1 t.d.\u00a0<a href=\"http:\/\/www.ruv.is\/frett\/hofum-lokad-a-mestu-erfidleikana\" target=\"_blank\" rel=\"noopener\" data-saferedirecturl=\"https:\/\/www.google.com\/url?hl=en&amp;q=http:\/\/www.ruv.is\/frett\/hofum-lokad-a-mestu-erfidleikana&amp;source=gmail&amp;ust=1490003327089000&amp;usg=AFQjCNEtF4WtCkBl_FhRt1V4-pK7JMiWOA\">\u00feetta<\/a>).<\/p>\n<p>Me\u00f0 \u00fev\u00ed a\u00f0 byggja mikinn fj\u00f6lda \u00edb\u00fa\u00f0a \u00ed einu, me\u00f0 skipulegum h\u00e6tti, m\u00e1 n\u00e1 byggingarkostna\u00f0inum talsvert ni\u00f0ur. Me\u00f0 1% raunvexti \u00e1 l\u00e1nunum g\u00e6ti leigan or\u00f0i\u00f0 miklu l\u00e6gri en gerist \u00e1 h\u00f6fu\u00f0borgarsv\u00e6\u00f0inu \u00ed dag, og alveg samb\u00e6rileg vi\u00f0 \u00fea\u00f0 sem gerist \u00ed n\u00e1grannal\u00f6ndunum, enda gr\u00e6\u00f0a jafnvel einkaa\u00f0ilar \u00fear \u00e1 \u00fev\u00ed a\u00f0 leigja \u00fat h\u00fasn\u00e6\u00f0i \u00e1 h\u00f3flegu ver\u00f0i. Hi\u00f0 opinbera \u00feyrfti ekki einu sinni a\u00f0 ni\u00f0urgrei\u00f0a vextina, \u00fe\u00f3tt \u00fea\u00f0 v\u00e6ri ekki endilega fr\u00e1gangss\u00f6k, enda fullt af sl\u00edkum ni\u00f0urgrei\u00f0slum \u00ed gangi til \u00fdmissa a\u00f0ila (t.d. f\u00e1 b\u00edlaleigur\u00a0<a href=\"http:\/\/www.ruv.is\/frett\/tollaafslattur-bilaleigubila-36-milljardar\" target=\"_blank\" rel=\"noopener\" data-saferedirecturl=\"https:\/\/www.google.com\/url?hl=en&amp;q=http:\/\/www.ruv.is\/frett\/tollaafslattur-bilaleigubila-36-milljardar&amp;source=gmail&amp;ust=1490003327089000&amp;usg=AFQjCNEKHu4qONKsQ1NZZWbVPfY5bFOb3w\">milljar\u00f0a \u00ed afsl\u00e1tt<\/a>\u00a0af tollum \u00e1 b\u00edla sem \u00fe\u00e6r kaupa).<\/p>\n<p>Einkaa\u00f0ilar munu aldrei sj\u00e1 s\u00e9r hag \u00ed a\u00f0 leigja \u00fat \u00edb\u00fa\u00f0arh\u00fasn\u00e6\u00f0i \u00e1 vi\u00f0r\u00e1\u00f0anlegu ver\u00f0i me\u00f0an raunvextir eru eins h\u00e1ir og raun ber vitni \u00e1 \u00cdslandi, auk \u00feess sem \u00feeir \u00e6tla s\u00e9r jafnan talsver\u00f0an hagna\u00f0. Hi\u00f0 opinbera getur hins vegar au\u00f0veldlega komi\u00f0 \u00e1 f\u00f3t sl\u00edkum leigumarka\u00f0i, \u00fear sem ver\u00f0i\u00f0 v\u00e6ri vi\u00f0unandi, og leigjendur g\u00e6tu b\u00fai\u00f0 eins lengi og \u00feeim s\u00fdndist \u00ed \u00edb\u00fa\u00f0um s\u00ednum, \u00ed sta\u00f0 \u00feess a\u00f0 vera allt \u00ed einu hent \u00fat af \u00fev\u00ed a\u00f0 d\u00f3ttir eigendanna var a\u00f0 koma heim \u00far n\u00e1mi.<\/p>\n<p>Hvernig \u00ed \u00f3sk\u00f6punum stendur \u00e1 \u00fev\u00ed a\u00f0 hinir svok\u00f6llu\u00f0u f\u00e9lagshyggjuflokkar \u00e1 \u00cdslandi hafa ekki hunskast til a\u00f0 beita s\u00e9r fyrir \u00feessu, og \u00fea\u00f0 fyrir l\u00f6ngu? Af hverju eru \u00feeir a\u00f0 tala um a\u00f0 byggja nokkur hundru\u00f0 \u00edb\u00fa\u00f0ir eins og \u00fea\u00f0 s\u00e9 st\u00f3rm\u00e1l, og berja s\u00e9r \u00e1 brj\u00f3st fyrir \u00fea\u00f0, \u00ed sta\u00f0 \u00feess a\u00f0 vinna a\u00f0 \u00fev\u00ed af alefli a\u00f0 r\u00edki og sveitarf\u00e9l\u00f6g byggi \u00fe\u00e1 tugi \u00fe\u00fasunda leigu\u00edb\u00fa\u00f0a sem \u00fearf til a\u00f0 h\u00fasn\u00e6\u00f0ism\u00e1lin komist \u00ed \u00feokkalegt og varanlegt horf?<\/p>\n<p><a href=\"http:\/\/kvennabladid.is\/2017\/03\/19\/thad-er-einfalt-mal-ad-leysa-husnaedisvandann\/\">Einnig birt h\u00e9r<\/a><\/p>\n<\/div>\n","protected":false},"excerpt":{"rendered":"<p>Myndin er samsett af Kvennabla\u00f0inu N\u00fdlega undirrita\u00f0i Dagur borgarstj\u00f3ri\u00a0samning um byggingu 332 \u00edb\u00fa\u00f0a\u00a0\u00e1 Gelgjutanga \u00ed Reykjav\u00edk. Markmi\u00f0i\u00f0 er v\u00e6ntanlega a\u00f0 l\u00e9tta svol\u00edti\u00f0 \u00feann gr\u00ed\u00f0arlega \u00fer\u00fdsting sem er \u00e1 h\u00fasn\u00e6\u00f0ismarka\u00f0i \u00e1 h\u00f6fu\u00f0borgarsv\u00e6\u00f0inu. \u00dea\u00f0 er g\u00f3\u00f0ra gjalda vert, og kannski algert aukaatri\u00f0i &hellip; <a href=\"https:\/\/www.norn.is\/einar\/2017\/03\/19\/thad-er-einfalt-mal-ad-leysa-husnaedisvandann\/\">Halda \u00e1fram a\u00f0 lesa <span class=\"meta-nav\">&rarr;<\/span><\/a><\/p>\n","protected":false},"author":10,"featured_media":645,"comment_status":"open","ping_status":"open","sticky":false,"template":"","format":"standard","meta":{"footnotes":""},"categories":[1,161],"tags":[265,133,465,48],"class_list":["post-644","post","type-post","status-publish","format-standard","has-post-thumbnail","hentry","category-oflokkad","category-lifskjor","tag-dagur-b-eggertsson","tag-husnaedismal","tag-olafur-olafsson","tag-reykjavikurborg"],"yoast_head":"<!-- This site is optimized with the Yoast SEO plugin v27.5 - https:\/\/yoast.com\/product\/yoast-seo-wordpress\/ -->\n<title>\u00dea\u00f0 er einfalt m\u00e1l a\u00f0 leysa h\u00fasn\u00e6\u00f0isvandann - Einar<\/title>\n<meta name=\"description\" content=\"Einkaa\u00f0ilar munu aldrei sj\u00e1 s\u00e9r hag \u00ed a\u00f0 leigja \u00fat \u00edb\u00fa\u00f0arh\u00fasn\u00e6\u00f0i \u00e1 vi\u00f0r\u00e1\u00f0anlegu ver\u00f0i me\u00f0an raunvextir eru eins h\u00e1ir og raun ber vitni \u00e1 \u00cdslandi,\" \/>\n<meta name=\"robots\" content=\"index, follow, max-snippet:-1, max-image-preview:large, max-video-preview:-1\" \/>\n<link rel=\"canonical\" href=\"https:\/\/www.norn.is\/einar\/2017\/03\/19\/thad-er-einfalt-mal-ad-leysa-husnaedisvandann\/\" \/>\n<meta property=\"og:locale\" content=\"is_IS\" \/>\n<meta property=\"og:type\" content=\"article\" \/>\n<meta property=\"og:title\" content=\"\u00dea\u00f0 er einfalt m\u00e1l a\u00f0 leysa h\u00fasn\u00e6\u00f0isvandann - Einar\" \/>\n<meta property=\"og:description\" content=\"Einkaa\u00f0ilar munu aldrei sj\u00e1 s\u00e9r hag \u00ed a\u00f0 leigja \u00fat \u00edb\u00fa\u00f0arh\u00fasn\u00e6\u00f0i \u00e1 vi\u00f0r\u00e1\u00f0anlegu ver\u00f0i me\u00f0an raunvextir eru eins h\u00e1ir og raun ber vitni \u00e1 \u00cdslandi,\" \/>\n<meta property=\"og:url\" content=\"https:\/\/www.norn.is\/einar\/2017\/03\/19\/thad-er-einfalt-mal-ad-leysa-husnaedisvandann\/\" \/>\n<meta property=\"og:site_name\" content=\"Einar\" \/>\n<meta property=\"article:published_time\" content=\"2017-03-19T07:47:35+00:00\" \/>\n<meta property=\"article:modified_time\" content=\"2017-09-24T10:58:23+00:00\" \/>\n<meta property=\"og:image\" content=\"https:\/\/www.norn.is\/einar\/wp-content\/uploads\/sites\/29\/2017\/09\/olafur-olafsson-688x451.jpg\" \/>\n\t<meta property=\"og:image:width\" content=\"688\" \/>\n\t<meta property=\"og:image:height\" content=\"451\" \/>\n\t<meta property=\"og:image:type\" content=\"image\/jpeg\" \/>\n<meta name=\"author\" content=\"einar\" \/>\n<meta name=\"twitter:card\" content=\"summary_large_image\" \/>\n<meta name=\"twitter:label1\" content=\"Written by\" \/>\n\t<meta name=\"twitter:data1\" content=\"\" \/>\n\t<meta name=\"twitter:label2\" content=\"Est. reading time\" \/>\n\t<meta name=\"twitter:data2\" content=\"3 minutes\" \/>\n<script type=\"application\/ld+json\" class=\"yoast-schema-graph\">{\"@context\":\"https:\\\/\\\/schema.org\",\"@graph\":[{\"@type\":\"Article\",\"@id\":\"https:\\\/\\\/www.norn.is\\\/einar\\\/2017\\\/03\\\/19\\\/thad-er-einfalt-mal-ad-leysa-husnaedisvandann\\\/#article\",\"isPartOf\":{\"@id\":\"https:\\\/\\\/www.norn.is\\\/einar\\\/2017\\\/03\\\/19\\\/thad-er-einfalt-mal-ad-leysa-husnaedisvandann\\\/\"},\"author\":{\"name\":\"einar\",\"@id\":\"https:\\\/\\\/www.norn.is\\\/einar\\\/#\\\/schema\\\/person\\\/19affadb841a22f7bfd4bdcd72a862d0\"},\"headline\":\"\u00dea\u00f0 er einfalt m\u00e1l a\u00f0 leysa h\u00fasn\u00e6\u00f0isvandann\",\"datePublished\":\"2017-03-19T07:47:35+00:00\",\"dateModified\":\"2017-09-24T10:58:23+00:00\",\"mainEntityOfPage\":{\"@id\":\"https:\\\/\\\/www.norn.is\\\/einar\\\/2017\\\/03\\\/19\\\/thad-er-einfalt-mal-ad-leysa-husnaedisvandann\\\/\"},\"wordCount\":638,\"commentCount\":0,\"image\":{\"@id\":\"https:\\\/\\\/www.norn.is\\\/einar\\\/2017\\\/03\\\/19\\\/thad-er-einfalt-mal-ad-leysa-husnaedisvandann\\\/#primaryimage\"},\"thumbnailUrl\":\"https:\\\/\\\/www.norn.is\\\/einar\\\/wp-content\\\/uploads\\\/sites\\\/29\\\/2017\\\/09\\\/olafur-olafsson-688x451.jpg\",\"keywords\":[\"Dagur B. Eggertsson\",\"H\u00fasn\u00e6\u00f0ism\u00e1l\",\"\u00d3lafur \u00d3lafsson\",\"Reykjav\u00edkurborg\"],\"articleSection\":[\"Allt efni\",\"L\u00edfskj\u00f6r, vinnumarka\u00f0ur, h\u00fasn\u00e6\u00f0ism\u00e1l o.fl\"],\"inLanguage\":\"is\",\"potentialAction\":[{\"@type\":\"CommentAction\",\"name\":\"Comment\",\"target\":[\"https:\\\/\\\/www.norn.is\\\/einar\\\/2017\\\/03\\\/19\\\/thad-er-einfalt-mal-ad-leysa-husnaedisvandann\\\/#respond\"]}]},{\"@type\":\"WebPage\",\"@id\":\"https:\\\/\\\/www.norn.is\\\/einar\\\/2017\\\/03\\\/19\\\/thad-er-einfalt-mal-ad-leysa-husnaedisvandann\\\/\",\"url\":\"https:\\\/\\\/www.norn.is\\\/einar\\\/2017\\\/03\\\/19\\\/thad-er-einfalt-mal-ad-leysa-husnaedisvandann\\\/\",\"name\":\"\u00dea\u00f0 er einfalt m\u00e1l a\u00f0 leysa h\u00fasn\u00e6\u00f0isvandann - Einar\",\"isPartOf\":{\"@id\":\"https:\\\/\\\/www.norn.is\\\/einar\\\/#website\"},\"primaryImageOfPage\":{\"@id\":\"https:\\\/\\\/www.norn.is\\\/einar\\\/2017\\\/03\\\/19\\\/thad-er-einfalt-mal-ad-leysa-husnaedisvandann\\\/#primaryimage\"},\"image\":{\"@id\":\"https:\\\/\\\/www.norn.is\\\/einar\\\/2017\\\/03\\\/19\\\/thad-er-einfalt-mal-ad-leysa-husnaedisvandann\\\/#primaryimage\"},\"thumbnailUrl\":\"https:\\\/\\\/www.norn.is\\\/einar\\\/wp-content\\\/uploads\\\/sites\\\/29\\\/2017\\\/09\\\/olafur-olafsson-688x451.jpg\",\"datePublished\":\"2017-03-19T07:47:35+00:00\",\"dateModified\":\"2017-09-24T10:58:23+00:00\",\"author\":{\"@id\":\"https:\\\/\\\/www.norn.is\\\/einar\\\/#\\\/schema\\\/person\\\/19affadb841a22f7bfd4bdcd72a862d0\"},\"description\":\"Einkaa\u00f0ilar munu aldrei sj\u00e1 s\u00e9r hag \u00ed a\u00f0 leigja \u00fat \u00edb\u00fa\u00f0arh\u00fasn\u00e6\u00f0i \u00e1 vi\u00f0r\u00e1\u00f0anlegu ver\u00f0i me\u00f0an raunvextir eru eins h\u00e1ir og raun ber vitni \u00e1 \u00cdslandi,\",\"breadcrumb\":{\"@id\":\"https:\\\/\\\/www.norn.is\\\/einar\\\/2017\\\/03\\\/19\\\/thad-er-einfalt-mal-ad-leysa-husnaedisvandann\\\/#breadcrumb\"},\"inLanguage\":\"is\",\"potentialAction\":[{\"@type\":\"ReadAction\",\"target\":[\"https:\\\/\\\/www.norn.is\\\/einar\\\/2017\\\/03\\\/19\\\/thad-er-einfalt-mal-ad-leysa-husnaedisvandann\\\/\"]}]},{\"@type\":\"ImageObject\",\"inLanguage\":\"is\",\"@id\":\"https:\\\/\\\/www.norn.is\\\/einar\\\/2017\\\/03\\\/19\\\/thad-er-einfalt-mal-ad-leysa-husnaedisvandann\\\/#primaryimage\",\"url\":\"https:\\\/\\\/www.norn.is\\\/einar\\\/wp-content\\\/uploads\\\/sites\\\/29\\\/2017\\\/09\\\/olafur-olafsson-688x451.jpg\",\"contentUrl\":\"https:\\\/\\\/www.norn.is\\\/einar\\\/wp-content\\\/uploads\\\/sites\\\/29\\\/2017\\\/09\\\/olafur-olafsson-688x451.jpg\",\"width\":688,\"height\":451},{\"@type\":\"BreadcrumbList\",\"@id\":\"https:\\\/\\\/www.norn.is\\\/einar\\\/2017\\\/03\\\/19\\\/thad-er-einfalt-mal-ad-leysa-husnaedisvandann\\\/#breadcrumb\",\"itemListElement\":[{\"@type\":\"ListItem\",\"position\":1,\"name\":\"Home\",\"item\":\"https:\\\/\\\/www.norn.is\\\/einar\\\/\"},{\"@type\":\"ListItem\",\"position\":2,\"name\":\"\u00dea\u00f0 er einfalt m\u00e1l a\u00f0 leysa h\u00fasn\u00e6\u00f0isvandann\"}]},{\"@type\":\"WebSite\",\"@id\":\"https:\\\/\\\/www.norn.is\\\/einar\\\/#website\",\"url\":\"https:\\\/\\\/www.norn.is\\\/einar\\\/\",\"name\":\"Einar\",\"description\":\"Pistlar Einars Steingr\u00edmssonar\",\"potentialAction\":[{\"@type\":\"SearchAction\",\"target\":{\"@type\":\"EntryPoint\",\"urlTemplate\":\"https:\\\/\\\/www.norn.is\\\/einar\\\/?s={search_term_string}\"},\"query-input\":{\"@type\":\"PropertyValueSpecification\",\"valueRequired\":true,\"valueName\":\"search_term_string\"}}],\"inLanguage\":\"is\"},{\"@type\":\"Person\",\"@id\":\"https:\\\/\\\/www.norn.is\\\/einar\\\/#\\\/schema\\\/person\\\/19affadb841a22f7bfd4bdcd72a862d0\",\"name\":\"einar\",\"image\":{\"@type\":\"ImageObject\",\"inLanguage\":\"is\",\"@id\":\"https:\\\/\\\/secure.gravatar.com\\\/avatar\\\/6f5f5592f3cc45e338376db24f1672c636582d9c27d855e8f077f13ef13b17fd?s=96&d=mm&r=g\",\"url\":\"https:\\\/\\\/secure.gravatar.com\\\/avatar\\\/6f5f5592f3cc45e338376db24f1672c636582d9c27d855e8f077f13ef13b17fd?s=96&d=mm&r=g\",\"contentUrl\":\"https:\\\/\\\/secure.gravatar.com\\\/avatar\\\/6f5f5592f3cc45e338376db24f1672c636582d9c27d855e8f077f13ef13b17fd?s=96&d=mm&r=g\",\"caption\":\"einar\"},\"url\":\"https:\\\/\\\/www.norn.is\\\/einar\\\/author\\\/einarsteingrimsson\\\/\"}]}<\/script>\n<!-- \/ Yoast SEO plugin. -->","yoast_head_json":{"title":"\u00dea\u00f0 er einfalt m\u00e1l a\u00f0 leysa h\u00fasn\u00e6\u00f0isvandann - Einar","description":"Einkaa\u00f0ilar munu aldrei sj\u00e1 s\u00e9r hag \u00ed a\u00f0 leigja \u00fat \u00edb\u00fa\u00f0arh\u00fasn\u00e6\u00f0i \u00e1 vi\u00f0r\u00e1\u00f0anlegu ver\u00f0i me\u00f0an raunvextir eru eins h\u00e1ir og raun ber vitni \u00e1 \u00cdslandi,","robots":{"index":"index","follow":"follow","max-snippet":"max-snippet:-1","max-image-preview":"max-image-preview:large","max-video-preview":"max-video-preview:-1"},"canonical":"https:\/\/www.norn.is\/einar\/2017\/03\/19\/thad-er-einfalt-mal-ad-leysa-husnaedisvandann\/","og_locale":"is_IS","og_type":"article","og_title":"\u00dea\u00f0 er einfalt m\u00e1l a\u00f0 leysa h\u00fasn\u00e6\u00f0isvandann - Einar","og_description":"Einkaa\u00f0ilar munu aldrei sj\u00e1 s\u00e9r hag \u00ed a\u00f0 leigja \u00fat \u00edb\u00fa\u00f0arh\u00fasn\u00e6\u00f0i \u00e1 vi\u00f0r\u00e1\u00f0anlegu ver\u00f0i me\u00f0an raunvextir eru eins h\u00e1ir og raun ber vitni \u00e1 \u00cdslandi,","og_url":"https:\/\/www.norn.is\/einar\/2017\/03\/19\/thad-er-einfalt-mal-ad-leysa-husnaedisvandann\/","og_site_name":"Einar","article_published_time":"2017-03-19T07:47:35+00:00","article_modified_time":"2017-09-24T10:58:23+00:00","og_image":[{"width":688,"height":451,"url":"https:\/\/www.norn.is\/einar\/wp-content\/uploads\/sites\/29\/2017\/09\/olafur-olafsson-688x451.jpg","type":"image\/jpeg"}],"author":"einar","twitter_card":"summary_large_image","twitter_misc":{"Written by":false,"Est. reading time":"3 minutes"},"schema":{"@context":"https:\/\/schema.org","@graph":[{"@type":"Article","@id":"https:\/\/www.norn.is\/einar\/2017\/03\/19\/thad-er-einfalt-mal-ad-leysa-husnaedisvandann\/#article","isPartOf":{"@id":"https:\/\/www.norn.is\/einar\/2017\/03\/19\/thad-er-einfalt-mal-ad-leysa-husnaedisvandann\/"},"author":{"name":"einar","@id":"https:\/\/www.norn.is\/einar\/#\/schema\/person\/19affadb841a22f7bfd4bdcd72a862d0"},"headline":"\u00dea\u00f0 er einfalt m\u00e1l a\u00f0 leysa h\u00fasn\u00e6\u00f0isvandann","datePublished":"2017-03-19T07:47:35+00:00","dateModified":"2017-09-24T10:58:23+00:00","mainEntityOfPage":{"@id":"https:\/\/www.norn.is\/einar\/2017\/03\/19\/thad-er-einfalt-mal-ad-leysa-husnaedisvandann\/"},"wordCount":638,"commentCount":0,"image":{"@id":"https:\/\/www.norn.is\/einar\/2017\/03\/19\/thad-er-einfalt-mal-ad-leysa-husnaedisvandann\/#primaryimage"},"thumbnailUrl":"https:\/\/www.norn.is\/einar\/wp-content\/uploads\/sites\/29\/2017\/09\/olafur-olafsson-688x451.jpg","keywords":["Dagur B. Eggertsson","H\u00fasn\u00e6\u00f0ism\u00e1l","\u00d3lafur \u00d3lafsson","Reykjav\u00edkurborg"],"articleSection":["Allt efni","L\u00edfskj\u00f6r, vinnumarka\u00f0ur, h\u00fasn\u00e6\u00f0ism\u00e1l o.fl"],"inLanguage":"is","potentialAction":[{"@type":"CommentAction","name":"Comment","target":["https:\/\/www.norn.is\/einar\/2017\/03\/19\/thad-er-einfalt-mal-ad-leysa-husnaedisvandann\/#respond"]}]},{"@type":"WebPage","@id":"https:\/\/www.norn.is\/einar\/2017\/03\/19\/thad-er-einfalt-mal-ad-leysa-husnaedisvandann\/","url":"https:\/\/www.norn.is\/einar\/2017\/03\/19\/thad-er-einfalt-mal-ad-leysa-husnaedisvandann\/","name":"\u00dea\u00f0 er einfalt m\u00e1l a\u00f0 leysa h\u00fasn\u00e6\u00f0isvandann - Einar","isPartOf":{"@id":"https:\/\/www.norn.is\/einar\/#website"},"primaryImageOfPage":{"@id":"https:\/\/www.norn.is\/einar\/2017\/03\/19\/thad-er-einfalt-mal-ad-leysa-husnaedisvandann\/#primaryimage"},"image":{"@id":"https:\/\/www.norn.is\/einar\/2017\/03\/19\/thad-er-einfalt-mal-ad-leysa-husnaedisvandann\/#primaryimage"},"thumbnailUrl":"https:\/\/www.norn.is\/einar\/wp-content\/uploads\/sites\/29\/2017\/09\/olafur-olafsson-688x451.jpg","datePublished":"2017-03-19T07:47:35+00:00","dateModified":"2017-09-24T10:58:23+00:00","author":{"@id":"https:\/\/www.norn.is\/einar\/#\/schema\/person\/19affadb841a22f7bfd4bdcd72a862d0"},"description":"Einkaa\u00f0ilar munu aldrei sj\u00e1 s\u00e9r hag \u00ed a\u00f0 leigja \u00fat \u00edb\u00fa\u00f0arh\u00fasn\u00e6\u00f0i \u00e1 vi\u00f0r\u00e1\u00f0anlegu ver\u00f0i me\u00f0an raunvextir eru eins h\u00e1ir og raun ber vitni \u00e1 \u00cdslandi,","breadcrumb":{"@id":"https:\/\/www.norn.is\/einar\/2017\/03\/19\/thad-er-einfalt-mal-ad-leysa-husnaedisvandann\/#breadcrumb"},"inLanguage":"is","potentialAction":[{"@type":"ReadAction","target":["https:\/\/www.norn.is\/einar\/2017\/03\/19\/thad-er-einfalt-mal-ad-leysa-husnaedisvandann\/"]}]},{"@type":"ImageObject","inLanguage":"is","@id":"https:\/\/www.norn.is\/einar\/2017\/03\/19\/thad-er-einfalt-mal-ad-leysa-husnaedisvandann\/#primaryimage","url":"https:\/\/www.norn.is\/einar\/wp-content\/uploads\/sites\/29\/2017\/09\/olafur-olafsson-688x451.jpg","contentUrl":"https:\/\/www.norn.is\/einar\/wp-content\/uploads\/sites\/29\/2017\/09\/olafur-olafsson-688x451.jpg","width":688,"height":451},{"@type":"BreadcrumbList","@id":"https:\/\/www.norn.is\/einar\/2017\/03\/19\/thad-er-einfalt-mal-ad-leysa-husnaedisvandann\/#breadcrumb","itemListElement":[{"@type":"ListItem","position":1,"name":"Home","item":"https:\/\/www.norn.is\/einar\/"},{"@type":"ListItem","position":2,"name":"\u00dea\u00f0 er einfalt m\u00e1l a\u00f0 leysa h\u00fasn\u00e6\u00f0isvandann"}]},{"@type":"WebSite","@id":"https:\/\/www.norn.is\/einar\/#website","url":"https:\/\/www.norn.is\/einar\/","name":"Einar","description":"Pistlar Einars Steingr\u00edmssonar","potentialAction":[{"@type":"SearchAction","target":{"@type":"EntryPoint","urlTemplate":"https:\/\/www.norn.is\/einar\/?s={search_term_string}"},"query-input":{"@type":"PropertyValueSpecification","valueRequired":true,"valueName":"search_term_string"}}],"inLanguage":"is"},{"@type":"Person","@id":"https:\/\/www.norn.is\/einar\/#\/schema\/person\/19affadb841a22f7bfd4bdcd72a862d0","name":"einar","image":{"@type":"ImageObject","inLanguage":"is","@id":"https:\/\/secure.gravatar.com\/avatar\/6f5f5592f3cc45e338376db24f1672c636582d9c27d855e8f077f13ef13b17fd?s=96&d=mm&r=g","url":"https:\/\/secure.gravatar.com\/avatar\/6f5f5592f3cc45e338376db24f1672c636582d9c27d855e8f077f13ef13b17fd?s=96&d=mm&r=g","contentUrl":"https:\/\/secure.gravatar.com\/avatar\/6f5f5592f3cc45e338376db24f1672c636582d9c27d855e8f077f13ef13b17fd?s=96&d=mm&r=g","caption":"einar"},"url":"https:\/\/www.norn.is\/einar\/author\/einarsteingrimsson\/"}]}},"_links":{"self":[{"href":"https:\/\/www.norn.is\/einar\/wp-json\/wp\/v2\/posts\/644","targetHints":{"allow":["GET"]}}],"collection":[{"href":"https:\/\/www.norn.is\/einar\/wp-json\/wp\/v2\/posts"}],"about":[{"href":"https:\/\/www.norn.is\/einar\/wp-json\/wp\/v2\/types\/post"}],"author":[{"embeddable":true,"href":"https:\/\/www.norn.is\/einar\/wp-json\/wp\/v2\/users\/10"}],"replies":[{"embeddable":true,"href":"https:\/\/www.norn.is\/einar\/wp-json\/wp\/v2\/comments?post=644"}],"version-history":[{"count":3,"href":"https:\/\/www.norn.is\/einar\/wp-json\/wp\/v2\/posts\/644\/revisions"}],"predecessor-version":[{"id":648,"href":"https:\/\/www.norn.is\/einar\/wp-json\/wp\/v2\/posts\/644\/revisions\/648"}],"wp:featuredmedia":[{"embeddable":true,"href":"https:\/\/www.norn.is\/einar\/wp-json\/wp\/v2\/media\/645"}],"wp:attachment":[{"href":"https:\/\/www.norn.is\/einar\/wp-json\/wp\/v2\/media?parent=644"}],"wp:term":[{"taxonomy":"category","embeddable":true,"href":"https:\/\/www.norn.is\/einar\/wp-json\/wp\/v2\/categories?post=644"},{"taxonomy":"post_tag","embeddable":true,"href":"https:\/\/www.norn.is\/einar\/wp-json\/wp\/v2\/tags?post=644"}],"curies":[{"name":"wp","href":"https:\/\/api.w.org\/{rel}","templated":true}]}}