{"id":640,"date":"2017-01-11T07:43:14","date_gmt":"2017-01-11T07:43:14","guid":{"rendered":"http:\/\/www.norn.is\/einar\/?p=640"},"modified":"2017-09-24T10:58:23","modified_gmt":"2017-09-24T10:58:23","slug":"kommunistar-taka-voldin-gengid-fellur","status":"publish","type":"post","link":"https:\/\/www.norn.is\/einar\/2017\/01\/11\/kommunistar-taka-voldin-gengid-fellur\/","title":{"rendered":"Komm\u00fanistar taka v\u00f6ldin, gengi\u00f0 fellur"},"content":{"rendered":"<p><img loading=\"lazy\" decoding=\"async\" class=\"aligncenter size-full wp-image-641\" src=\"http:\/\/www.norn.is\/einar\/wp-content\/uploads\/sites\/29\/2017\/09\/636073452946004189-307258808_ohhh-yeah-688x451.png\" alt=\"\" width=\"688\" height=\"451\" srcset=\"https:\/\/www.norn.is\/einar\/wp-content\/uploads\/sites\/29\/2017\/09\/636073452946004189-307258808_ohhh-yeah-688x451.png 688w, https:\/\/www.norn.is\/einar\/wp-content\/uploads\/sites\/29\/2017\/09\/636073452946004189-307258808_ohhh-yeah-688x451-300x197.png 300w, https:\/\/www.norn.is\/einar\/wp-content\/uploads\/sites\/29\/2017\/09\/636073452946004189-307258808_ohhh-yeah-688x451-458x300.png 458w\" sizes=\"auto, (max-width: 688px) 100vw, 688px\" \/>Gengi \u00edslensku kr\u00f3nunnar hefur falli\u00f0 gr\u00ed\u00f0arlega \u00ed dag og \u00ed g\u00e6r, \u00ed kj\u00f6lfar \u00feess a\u00f0 lj\u00f3st var\u00f0 a\u00f0 n\u00fd stj\u00f3rn er a\u00f0 taka vi\u00f0 v\u00f6ldum \u00ed landinu. \u00dea\u00f0 er al\u00feekkt a\u00f0 marka\u00f0ir vantreysta komm\u00fanistum og \u00f6\u00f0ru vinstrali\u00f0i til a\u00f0 fara me\u00f0 efnahagsm\u00e1l, og birtist \u00fea\u00f0 vantraust jafnan me\u00f0 sk\u00fdrum h\u00e6tti \u00ed gengis\u00fer\u00f3un.<!--more--><\/p>\n<p><img loading=\"lazy\" decoding=\"async\" class=\"aligncenter size-full wp-image-642\" src=\"http:\/\/www.norn.is\/einar\/wp-content\/uploads\/sites\/29\/2017\/09\/gengi2vikur.png\" alt=\"\" width=\"912\" height=\"390\" srcset=\"https:\/\/www.norn.is\/einar\/wp-content\/uploads\/sites\/29\/2017\/09\/gengi2vikur.png 912w, https:\/\/www.norn.is\/einar\/wp-content\/uploads\/sites\/29\/2017\/09\/gengi2vikur-300x128.png 300w, https:\/\/www.norn.is\/einar\/wp-content\/uploads\/sites\/29\/2017\/09\/gengi2vikur-768x328.png 768w, https:\/\/www.norn.is\/einar\/wp-content\/uploads\/sites\/29\/2017\/09\/gengi2vikur-500x214.png 500w\" sizes=\"auto, (max-width: 912px) 100vw, 912px\" \/><\/p>\n<p><a href=\"http:\/\/www.vb.is\/frettir\/sviptingar-hlutabrefamorkudum\/134653\/\">Sj\u00e1 einnig grein VB.<\/a><\/p>\n<p><a href=\"http:\/\/kvennabladid.is\/2017\/01\/11\/kommunistar-taka-voldin-gengid-fellur\/\">EInnig birt h\u00e9r<\/a><\/p>\n","protected":false},"excerpt":{"rendered":"<p>Gengi \u00edslensku kr\u00f3nunnar hefur falli\u00f0 gr\u00ed\u00f0arlega \u00ed dag og \u00ed g\u00e6r, \u00ed kj\u00f6lfar \u00feess a\u00f0 lj\u00f3st var\u00f0 a\u00f0 n\u00fd stj\u00f3rn er a\u00f0 taka vi\u00f0 v\u00f6ldum \u00ed landinu. \u00dea\u00f0 er al\u00feekkt a\u00f0 marka\u00f0ir vantreysta komm\u00fanistum og \u00f6\u00f0ru vinstrali\u00f0i til a\u00f0 fara &hellip; <a href=\"https:\/\/www.norn.is\/einar\/2017\/01\/11\/kommunistar-taka-voldin-gengid-fellur\/\">Halda \u00e1fram a\u00f0 lesa <span class=\"meta-nav\">&rarr;<\/span><\/a><\/p>\n","protected":false},"author":10,"featured_media":641,"comment_status":"open","ping_status":"open","sticky":false,"template":"","format":"standard","meta":{"footnotes":""},"categories":[1,138],"tags":[462,463,464],"class_list":["post-640","post","type-post","status-publish","format-standard","has-post-thumbnail","hentry","category-oflokkad","category-fjarmalakerfid-og-kapitalismi","tag-gengisfelling","tag-gengisthroun","tag-stjornarskipti-2016"],"yoast_head":"<!-- This site is optimized with the Yoast SEO plugin v27.5 - https:\/\/yoast.com\/product\/yoast-seo-wordpress\/ -->\n<title>Komm\u00fanistar taka v\u00f6ldin, gengi\u00f0 fellur - Einar<\/title>\n<meta name=\"description\" content=\"gengi \u00edslensku kr\u00f3nunnar hefur falli\u00f0 gr\u00ed\u00f0arlega \u00ed dag og \u00ed g\u00e6r, \u00ed kj\u00f6lfar \u00feess a\u00f0 lj\u00f3st var\u00f0 a\u00f0 n\u00fd stj\u00f3rn er a\u00f0 taka vi\u00f0 v\u00f6ldum \u00ed landinu.\" \/>\n<meta name=\"robots\" content=\"index, follow, max-snippet:-1, max-image-preview:large, max-video-preview:-1\" \/>\n<link rel=\"canonical\" href=\"https:\/\/www.norn.is\/einar\/2017\/01\/11\/kommunistar-taka-voldin-gengid-fellur\/\" \/>\n<meta property=\"og:locale\" content=\"is_IS\" \/>\n<meta property=\"og:type\" content=\"article\" \/>\n<meta property=\"og:title\" content=\"Komm\u00fanistar taka v\u00f6ldin, gengi\u00f0 fellur - Einar\" \/>\n<meta property=\"og:description\" content=\"gengi \u00edslensku kr\u00f3nunnar hefur falli\u00f0 gr\u00ed\u00f0arlega \u00ed dag og \u00ed g\u00e6r, \u00ed kj\u00f6lfar \u00feess a\u00f0 lj\u00f3st var\u00f0 a\u00f0 n\u00fd stj\u00f3rn er a\u00f0 taka vi\u00f0 v\u00f6ldum \u00ed landinu.\" \/>\n<meta property=\"og:url\" content=\"https:\/\/www.norn.is\/einar\/2017\/01\/11\/kommunistar-taka-voldin-gengid-fellur\/\" \/>\n<meta property=\"og:site_name\" content=\"Einar\" \/>\n<meta property=\"article:published_time\" content=\"2017-01-11T07:43:14+00:00\" \/>\n<meta property=\"article:modified_time\" content=\"2017-09-24T10:58:23+00:00\" \/>\n<meta property=\"og:image\" content=\"https:\/\/www.norn.is\/einar\/wp-content\/uploads\/sites\/29\/2017\/09\/636073452946004189-307258808_ohhh-yeah-688x451.png\" \/>\n\t<meta property=\"og:image:width\" content=\"688\" \/>\n\t<meta property=\"og:image:height\" content=\"451\" \/>\n\t<meta property=\"og:image:type\" content=\"image\/png\" \/>\n<meta name=\"author\" content=\"einar\" \/>\n<meta name=\"twitter:card\" content=\"summary_large_image\" \/>\n<meta name=\"twitter:label1\" content=\"Written by\" \/>\n\t<meta name=\"twitter:data1\" content=\"\" \/>\n<script type=\"application\/ld+json\" class=\"yoast-schema-graph\">{\"@context\":\"https:\\\/\\\/schema.org\",\"@graph\":[{\"@type\":\"Article\",\"@id\":\"https:\\\/\\\/www.norn.is\\\/einar\\\/2017\\\/01\\\/11\\\/kommunistar-taka-voldin-gengid-fellur\\\/#article\",\"isPartOf\":{\"@id\":\"https:\\\/\\\/www.norn.is\\\/einar\\\/2017\\\/01\\\/11\\\/kommunistar-taka-voldin-gengid-fellur\\\/\"},\"author\":{\"name\":\"einar\",\"@id\":\"https:\\\/\\\/www.norn.is\\\/einar\\\/#\\\/schema\\\/person\\\/19affadb841a22f7bfd4bdcd72a862d0\"},\"headline\":\"Komm\u00fanistar taka v\u00f6ldin, gengi\u00f0 fellur\",\"datePublished\":\"2017-01-11T07:43:14+00:00\",\"dateModified\":\"2017-09-24T10:58:23+00:00\",\"mainEntityOfPage\":{\"@id\":\"https:\\\/\\\/www.norn.is\\\/einar\\\/2017\\\/01\\\/11\\\/kommunistar-taka-voldin-gengid-fellur\\\/\"},\"wordCount\":78,\"commentCount\":0,\"image\":{\"@id\":\"https:\\\/\\\/www.norn.is\\\/einar\\\/2017\\\/01\\\/11\\\/kommunistar-taka-voldin-gengid-fellur\\\/#primaryimage\"},\"thumbnailUrl\":\"https:\\\/\\\/www.norn.is\\\/einar\\\/wp-content\\\/uploads\\\/sites\\\/29\\\/2017\\\/09\\\/636073452946004189-307258808_ohhh-yeah-688x451.png\",\"keywords\":[\"Gengisfelling\",\"Gengis\u00fer\u00f3un\",\"Stj\u00f3rnarskipti 2016\"],\"articleSection\":[\"Allt efni\",\"Fj\u00e1rm\u00e1lakerfi\u00f0 og kap\u00edtalismi\"],\"inLanguage\":\"is\",\"potentialAction\":[{\"@type\":\"CommentAction\",\"name\":\"Comment\",\"target\":[\"https:\\\/\\\/www.norn.is\\\/einar\\\/2017\\\/01\\\/11\\\/kommunistar-taka-voldin-gengid-fellur\\\/#respond\"]}]},{\"@type\":\"WebPage\",\"@id\":\"https:\\\/\\\/www.norn.is\\\/einar\\\/2017\\\/01\\\/11\\\/kommunistar-taka-voldin-gengid-fellur\\\/\",\"url\":\"https:\\\/\\\/www.norn.is\\\/einar\\\/2017\\\/01\\\/11\\\/kommunistar-taka-voldin-gengid-fellur\\\/\",\"name\":\"Komm\u00fanistar taka v\u00f6ldin, gengi\u00f0 fellur - Einar\",\"isPartOf\":{\"@id\":\"https:\\\/\\\/www.norn.is\\\/einar\\\/#website\"},\"primaryImageOfPage\":{\"@id\":\"https:\\\/\\\/www.norn.is\\\/einar\\\/2017\\\/01\\\/11\\\/kommunistar-taka-voldin-gengid-fellur\\\/#primaryimage\"},\"image\":{\"@id\":\"https:\\\/\\\/www.norn.is\\\/einar\\\/2017\\\/01\\\/11\\\/kommunistar-taka-voldin-gengid-fellur\\\/#primaryimage\"},\"thumbnailUrl\":\"https:\\\/\\\/www.norn.is\\\/einar\\\/wp-content\\\/uploads\\\/sites\\\/29\\\/2017\\\/09\\\/636073452946004189-307258808_ohhh-yeah-688x451.png\",\"datePublished\":\"2017-01-11T07:43:14+00:00\",\"dateModified\":\"2017-09-24T10:58:23+00:00\",\"author\":{\"@id\":\"https:\\\/\\\/www.norn.is\\\/einar\\\/#\\\/schema\\\/person\\\/19affadb841a22f7bfd4bdcd72a862d0\"},\"description\":\"gengi \u00edslensku kr\u00f3nunnar hefur falli\u00f0 gr\u00ed\u00f0arlega \u00ed dag og \u00ed g\u00e6r, \u00ed kj\u00f6lfar \u00feess a\u00f0 lj\u00f3st var\u00f0 a\u00f0 n\u00fd stj\u00f3rn er a\u00f0 taka vi\u00f0 v\u00f6ldum \u00ed landinu.\",\"breadcrumb\":{\"@id\":\"https:\\\/\\\/www.norn.is\\\/einar\\\/2017\\\/01\\\/11\\\/kommunistar-taka-voldin-gengid-fellur\\\/#breadcrumb\"},\"inLanguage\":\"is\",\"potentialAction\":[{\"@type\":\"ReadAction\",\"target\":[\"https:\\\/\\\/www.norn.is\\\/einar\\\/2017\\\/01\\\/11\\\/kommunistar-taka-voldin-gengid-fellur\\\/\"]}]},{\"@type\":\"ImageObject\",\"inLanguage\":\"is\",\"@id\":\"https:\\\/\\\/www.norn.is\\\/einar\\\/2017\\\/01\\\/11\\\/kommunistar-taka-voldin-gengid-fellur\\\/#primaryimage\",\"url\":\"https:\\\/\\\/www.norn.is\\\/einar\\\/wp-content\\\/uploads\\\/sites\\\/29\\\/2017\\\/09\\\/636073452946004189-307258808_ohhh-yeah-688x451.png\",\"contentUrl\":\"https:\\\/\\\/www.norn.is\\\/einar\\\/wp-content\\\/uploads\\\/sites\\\/29\\\/2017\\\/09\\\/636073452946004189-307258808_ohhh-yeah-688x451.png\",\"width\":688,\"height\":451},{\"@type\":\"BreadcrumbList\",\"@id\":\"https:\\\/\\\/www.norn.is\\\/einar\\\/2017\\\/01\\\/11\\\/kommunistar-taka-voldin-gengid-fellur\\\/#breadcrumb\",\"itemListElement\":[{\"@type\":\"ListItem\",\"position\":1,\"name\":\"Home\",\"item\":\"https:\\\/\\\/www.norn.is\\\/einar\\\/\"},{\"@type\":\"ListItem\",\"position\":2,\"name\":\"Komm\u00fanistar taka v\u00f6ldin, gengi\u00f0 fellur\"}]},{\"@type\":\"WebSite\",\"@id\":\"https:\\\/\\\/www.norn.is\\\/einar\\\/#website\",\"url\":\"https:\\\/\\\/www.norn.is\\\/einar\\\/\",\"name\":\"Einar\",\"description\":\"Pistlar Einars Steingr\u00edmssonar\",\"potentialAction\":[{\"@type\":\"SearchAction\",\"target\":{\"@type\":\"EntryPoint\",\"urlTemplate\":\"https:\\\/\\\/www.norn.is\\\/einar\\\/?s={search_term_string}\"},\"query-input\":{\"@type\":\"PropertyValueSpecification\",\"valueRequired\":true,\"valueName\":\"search_term_string\"}}],\"inLanguage\":\"is\"},{\"@type\":\"Person\",\"@id\":\"https:\\\/\\\/www.norn.is\\\/einar\\\/#\\\/schema\\\/person\\\/19affadb841a22f7bfd4bdcd72a862d0\",\"name\":\"einar\",\"image\":{\"@type\":\"ImageObject\",\"inLanguage\":\"is\",\"@id\":\"https:\\\/\\\/secure.gravatar.com\\\/avatar\\\/6f5f5592f3cc45e338376db24f1672c636582d9c27d855e8f077f13ef13b17fd?s=96&d=mm&r=g\",\"url\":\"https:\\\/\\\/secure.gravatar.com\\\/avatar\\\/6f5f5592f3cc45e338376db24f1672c636582d9c27d855e8f077f13ef13b17fd?s=96&d=mm&r=g\",\"contentUrl\":\"https:\\\/\\\/secure.gravatar.com\\\/avatar\\\/6f5f5592f3cc45e338376db24f1672c636582d9c27d855e8f077f13ef13b17fd?s=96&d=mm&r=g\",\"caption\":\"einar\"},\"url\":\"https:\\\/\\\/www.norn.is\\\/einar\\\/author\\\/einarsteingrimsson\\\/\"}]}<\/script>\n<!-- \/ Yoast SEO plugin. -->","yoast_head_json":{"title":"Komm\u00fanistar taka v\u00f6ldin, gengi\u00f0 fellur - Einar","description":"gengi \u00edslensku kr\u00f3nunnar hefur falli\u00f0 gr\u00ed\u00f0arlega \u00ed dag og \u00ed g\u00e6r, \u00ed kj\u00f6lfar \u00feess a\u00f0 lj\u00f3st var\u00f0 a\u00f0 n\u00fd stj\u00f3rn er a\u00f0 taka vi\u00f0 v\u00f6ldum \u00ed landinu.","robots":{"index":"index","follow":"follow","max-snippet":"max-snippet:-1","max-image-preview":"max-image-preview:large","max-video-preview":"max-video-preview:-1"},"canonical":"https:\/\/www.norn.is\/einar\/2017\/01\/11\/kommunistar-taka-voldin-gengid-fellur\/","og_locale":"is_IS","og_type":"article","og_title":"Komm\u00fanistar taka v\u00f6ldin, gengi\u00f0 fellur - Einar","og_description":"gengi \u00edslensku kr\u00f3nunnar hefur falli\u00f0 gr\u00ed\u00f0arlega \u00ed dag og \u00ed g\u00e6r, \u00ed kj\u00f6lfar \u00feess a\u00f0 lj\u00f3st var\u00f0 a\u00f0 n\u00fd stj\u00f3rn er a\u00f0 taka vi\u00f0 v\u00f6ldum \u00ed landinu.","og_url":"https:\/\/www.norn.is\/einar\/2017\/01\/11\/kommunistar-taka-voldin-gengid-fellur\/","og_site_name":"Einar","article_published_time":"2017-01-11T07:43:14+00:00","article_modified_time":"2017-09-24T10:58:23+00:00","og_image":[{"width":688,"height":451,"url":"https:\/\/www.norn.is\/einar\/wp-content\/uploads\/sites\/29\/2017\/09\/636073452946004189-307258808_ohhh-yeah-688x451.png","type":"image\/png"}],"author":"einar","twitter_card":"summary_large_image","twitter_misc":{"Written by":false},"schema":{"@context":"https:\/\/schema.org","@graph":[{"@type":"Article","@id":"https:\/\/www.norn.is\/einar\/2017\/01\/11\/kommunistar-taka-voldin-gengid-fellur\/#article","isPartOf":{"@id":"https:\/\/www.norn.is\/einar\/2017\/01\/11\/kommunistar-taka-voldin-gengid-fellur\/"},"author":{"name":"einar","@id":"https:\/\/www.norn.is\/einar\/#\/schema\/person\/19affadb841a22f7bfd4bdcd72a862d0"},"headline":"Komm\u00fanistar taka v\u00f6ldin, gengi\u00f0 fellur","datePublished":"2017-01-11T07:43:14+00:00","dateModified":"2017-09-24T10:58:23+00:00","mainEntityOfPage":{"@id":"https:\/\/www.norn.is\/einar\/2017\/01\/11\/kommunistar-taka-voldin-gengid-fellur\/"},"wordCount":78,"commentCount":0,"image":{"@id":"https:\/\/www.norn.is\/einar\/2017\/01\/11\/kommunistar-taka-voldin-gengid-fellur\/#primaryimage"},"thumbnailUrl":"https:\/\/www.norn.is\/einar\/wp-content\/uploads\/sites\/29\/2017\/09\/636073452946004189-307258808_ohhh-yeah-688x451.png","keywords":["Gengisfelling","Gengis\u00fer\u00f3un","Stj\u00f3rnarskipti 2016"],"articleSection":["Allt efni","Fj\u00e1rm\u00e1lakerfi\u00f0 og kap\u00edtalismi"],"inLanguage":"is","potentialAction":[{"@type":"CommentAction","name":"Comment","target":["https:\/\/www.norn.is\/einar\/2017\/01\/11\/kommunistar-taka-voldin-gengid-fellur\/#respond"]}]},{"@type":"WebPage","@id":"https:\/\/www.norn.is\/einar\/2017\/01\/11\/kommunistar-taka-voldin-gengid-fellur\/","url":"https:\/\/www.norn.is\/einar\/2017\/01\/11\/kommunistar-taka-voldin-gengid-fellur\/","name":"Komm\u00fanistar taka v\u00f6ldin, gengi\u00f0 fellur - Einar","isPartOf":{"@id":"https:\/\/www.norn.is\/einar\/#website"},"primaryImageOfPage":{"@id":"https:\/\/www.norn.is\/einar\/2017\/01\/11\/kommunistar-taka-voldin-gengid-fellur\/#primaryimage"},"image":{"@id":"https:\/\/www.norn.is\/einar\/2017\/01\/11\/kommunistar-taka-voldin-gengid-fellur\/#primaryimage"},"thumbnailUrl":"https:\/\/www.norn.is\/einar\/wp-content\/uploads\/sites\/29\/2017\/09\/636073452946004189-307258808_ohhh-yeah-688x451.png","datePublished":"2017-01-11T07:43:14+00:00","dateModified":"2017-09-24T10:58:23+00:00","author":{"@id":"https:\/\/www.norn.is\/einar\/#\/schema\/person\/19affadb841a22f7bfd4bdcd72a862d0"},"description":"gengi \u00edslensku kr\u00f3nunnar hefur falli\u00f0 gr\u00ed\u00f0arlega \u00ed dag og \u00ed g\u00e6r, \u00ed kj\u00f6lfar \u00feess a\u00f0 lj\u00f3st var\u00f0 a\u00f0 n\u00fd stj\u00f3rn er a\u00f0 taka vi\u00f0 v\u00f6ldum \u00ed landinu.","breadcrumb":{"@id":"https:\/\/www.norn.is\/einar\/2017\/01\/11\/kommunistar-taka-voldin-gengid-fellur\/#breadcrumb"},"inLanguage":"is","potentialAction":[{"@type":"ReadAction","target":["https:\/\/www.norn.is\/einar\/2017\/01\/11\/kommunistar-taka-voldin-gengid-fellur\/"]}]},{"@type":"ImageObject","inLanguage":"is","@id":"https:\/\/www.norn.is\/einar\/2017\/01\/11\/kommunistar-taka-voldin-gengid-fellur\/#primaryimage","url":"https:\/\/www.norn.is\/einar\/wp-content\/uploads\/sites\/29\/2017\/09\/636073452946004189-307258808_ohhh-yeah-688x451.png","contentUrl":"https:\/\/www.norn.is\/einar\/wp-content\/uploads\/sites\/29\/2017\/09\/636073452946004189-307258808_ohhh-yeah-688x451.png","width":688,"height":451},{"@type":"BreadcrumbList","@id":"https:\/\/www.norn.is\/einar\/2017\/01\/11\/kommunistar-taka-voldin-gengid-fellur\/#breadcrumb","itemListElement":[{"@type":"ListItem","position":1,"name":"Home","item":"https:\/\/www.norn.is\/einar\/"},{"@type":"ListItem","position":2,"name":"Komm\u00fanistar taka v\u00f6ldin, gengi\u00f0 fellur"}]},{"@type":"WebSite","@id":"https:\/\/www.norn.is\/einar\/#website","url":"https:\/\/www.norn.is\/einar\/","name":"Einar","description":"Pistlar Einars Steingr\u00edmssonar","potentialAction":[{"@type":"SearchAction","target":{"@type":"EntryPoint","urlTemplate":"https:\/\/www.norn.is\/einar\/?s={search_term_string}"},"query-input":{"@type":"PropertyValueSpecification","valueRequired":true,"valueName":"search_term_string"}}],"inLanguage":"is"},{"@type":"Person","@id":"https:\/\/www.norn.is\/einar\/#\/schema\/person\/19affadb841a22f7bfd4bdcd72a862d0","name":"einar","image":{"@type":"ImageObject","inLanguage":"is","@id":"https:\/\/secure.gravatar.com\/avatar\/6f5f5592f3cc45e338376db24f1672c636582d9c27d855e8f077f13ef13b17fd?s=96&d=mm&r=g","url":"https:\/\/secure.gravatar.com\/avatar\/6f5f5592f3cc45e338376db24f1672c636582d9c27d855e8f077f13ef13b17fd?s=96&d=mm&r=g","contentUrl":"https:\/\/secure.gravatar.com\/avatar\/6f5f5592f3cc45e338376db24f1672c636582d9c27d855e8f077f13ef13b17fd?s=96&d=mm&r=g","caption":"einar"},"url":"https:\/\/www.norn.is\/einar\/author\/einarsteingrimsson\/"}]}},"_links":{"self":[{"href":"https:\/\/www.norn.is\/einar\/wp-json\/wp\/v2\/posts\/640","targetHints":{"allow":["GET"]}}],"collection":[{"href":"https:\/\/www.norn.is\/einar\/wp-json\/wp\/v2\/posts"}],"about":[{"href":"https:\/\/www.norn.is\/einar\/wp-json\/wp\/v2\/types\/post"}],"author":[{"embeddable":true,"href":"https:\/\/www.norn.is\/einar\/wp-json\/wp\/v2\/users\/10"}],"replies":[{"embeddable":true,"href":"https:\/\/www.norn.is\/einar\/wp-json\/wp\/v2\/comments?post=640"}],"version-history":[{"count":1,"href":"https:\/\/www.norn.is\/einar\/wp-json\/wp\/v2\/posts\/640\/revisions"}],"predecessor-version":[{"id":643,"href":"https:\/\/www.norn.is\/einar\/wp-json\/wp\/v2\/posts\/640\/revisions\/643"}],"wp:featuredmedia":[{"embeddable":true,"href":"https:\/\/www.norn.is\/einar\/wp-json\/wp\/v2\/media\/641"}],"wp:attachment":[{"href":"https:\/\/www.norn.is\/einar\/wp-json\/wp\/v2\/media?parent=640"}],"wp:term":[{"taxonomy":"category","embeddable":true,"href":"https:\/\/www.norn.is\/einar\/wp-json\/wp\/v2\/categories?post=640"},{"taxonomy":"post_tag","embeddable":true,"href":"https:\/\/www.norn.is\/einar\/wp-json\/wp\/v2\/tags?post=640"}],"curies":[{"name":"wp","href":"https:\/\/api.w.org\/{rel}","templated":true}]}}