{"id":606,"date":"2015-12-09T22:36:22","date_gmt":"2015-12-09T22:36:22","guid":{"rendered":"http:\/\/www.norn.is\/einar\/?p=606"},"modified":"2017-09-24T10:58:56","modified_gmt":"2017-09-24T10:58:56","slug":"opid-bref-til-olafar-nordal-um-haelisleitendur","status":"publish","type":"post","link":"https:\/\/www.norn.is\/einar\/2015\/12\/09\/opid-bref-til-olafar-nordal-um-haelisleitendur\/","title":{"rendered":"Opi\u00f0 br\u00e9f til \u00d3lafar Nordal um h\u00e6lisleitendur"},"content":{"rendered":"<p><img loading=\"lazy\" decoding=\"async\" class=\"aligncenter size-full wp-image-607\" src=\"http:\/\/www.norn.is\/einar\/wp-content\/uploads\/sites\/29\/2017\/09\/28a4749-20x30-200dpi-688x451.jpg\" alt=\"\" width=\"688\" height=\"451\" srcset=\"https:\/\/www.norn.is\/einar\/wp-content\/uploads\/sites\/29\/2017\/09\/28a4749-20x30-200dpi-688x451.jpg 688w, https:\/\/www.norn.is\/einar\/wp-content\/uploads\/sites\/29\/2017\/09\/28a4749-20x30-200dpi-688x451-300x197.jpg 300w, https:\/\/www.norn.is\/einar\/wp-content\/uploads\/sites\/29\/2017\/09\/28a4749-20x30-200dpi-688x451-458x300.jpg 458w\" sizes=\"auto, (max-width: 688px) 100vw, 688px\" \/>S\u00e6l \u00d3l\u00f6f,<\/p>\n<p>\u00deegar \u00e9g \u00e1kva\u00f0 a\u00f0 skrifa \u00fe\u00e9r var \u00fea\u00f0 \u00feessi fr\u00e9tt sem \u00e9g haf\u00f0i \u00ed huga, og \u00e6tla\u00f0i eiginlega bara a\u00f0 fjalla um hana:<\/p>\n<p><a href=\"http:\/\/www.dv.is\/frettir\/2015\/12\/8\/fjogurra-manna-fjolskylda-rekin-ur-landi-langveikur-sonur-faer-ekki-lyf\/\" target=\"_blank\" rel=\"noopener\">http:\/\/www.dv.is\/frettir\/2015\/<wbr \/>12\/8\/fjogurra-manna-<wbr \/>fjolskylda-rekin-ur-landi-<wbr \/>langveikur-sonur-faer-ekki-<wbr \/>lyf\/<\/a><!--more--><\/p>\n<p>Og bara a\u00f0 bi\u00f0ja \u00feig, kurteislega og innilega, a\u00f0 s\u00fdna ekki \u00fe\u00e1 grimmd a\u00f0 v\u00edsa \u00feessu f\u00f3lki \u00far landi. Sem \u00e9g geri h\u00e9r me\u00f0. En, svo rifju\u00f0ust upp fyrir m\u00e9r fleiri m\u00e1l sem \u00fe\u00fa ber\u00f0 \u00e1byrg\u00f0 \u00e1.<\/p>\n<p>\u00cdslensk yfirv\u00f6ld hafa hr\u00e6\u00f0ilega oft komi\u00f0 illa fram vi\u00f0 h\u00e6lisleitendur s\u00ed\u00f0ustu \u00e1rin. \u00c9g \u00feekki vel til nokkurra m\u00e1la \u00fear sem b\u00e6\u00f0i \u00datlendingastofnun og forverar \u00fe\u00ednir \u00e1 r\u00e1\u00f0herrast\u00f3li hafa tv\u00edm\u00e6lalaust broti\u00f0 gegn \u00feeim mannr\u00e9ttindas\u00e1ttm\u00e1lum sem \u00cdsland er a\u00f0ili a\u00f0. \u00cdsland hefur ekki beinl\u00ednis fengi\u00f0 neina d\u00f3ma \u00e1 sig hj\u00e1 Mannr\u00e9ttindad\u00f3mst\u00f3li Evr\u00f3pu \u00ed m\u00e1lefnum h\u00e6lisleitenda enn sem komi\u00f0 er, en \u00f3h\u00e6tt er a\u00f0 segja a\u00f0 einn af forverum \u00fe\u00ednum hafi gert sig sekan um mannr\u00e9ttindabrot samkv\u00e6mt d\u00f3mum MDE, eins og fram kemur \u00ed \u00fev\u00ed sem er reifa\u00f0 h\u00e9r, um brot sem afs\u00f6ku\u00f0 voru, ranglega au\u00f0vita\u00f0, me\u00f0 Dyflinnarregluger\u00f0inni:<\/p>\n<p><a href=\"http:\/\/stofnanir.hi.is\/mannrettindastofnun\/sites\/files\/mannrettindastofnun\/Mannrettindi%201%20hefti%202011%203%20pr.pdf\" target=\"_blank\" rel=\"noopener\">http:\/\/stofnanir.hi.is\/<wbr \/>mannrettindastofnun\/sites\/<wbr \/>files\/mannrettindastofnun\/<wbr \/>Mannrettindi%201%20hefti%<wbr \/>202011%203%20pr.pdf<\/a><\/p>\n<p>N\u00fdlega var sagt fr\u00e1 \u00fev\u00ed \u00ed fr\u00e9ttum a\u00f0 til st\u00e6\u00f0i a\u00f0 senda h\u00e6lisleitendur tilbaka til \u00cdtal\u00edu, me\u00f0 sk\u00edrskotun til Dyflinnarregluger\u00f0arinnar. \u00dea\u00f0 er \u00f3mann\u00fa\u00f0legt \u00ed meira lagi, \u00fev\u00ed allir vita hvernig sta\u00f0an er \u00ed m\u00e1lum fl\u00f3ttamanna \u00fear. \u00dea\u00f0 er l\u00edka l\u00edtilmannlegt af jafn r\u00edku landi og \u00cdslandi, sem hefur teki\u00f0 \u00e1 m\u00f3ti svo \u00f3tr\u00falega f\u00e1um h\u00e6lisleitendum. \u00c9g vona a\u00f0 \u00fe\u00fa takir ekki \u00fe\u00e1 \u00e1h\u00e6ttu a\u00f0 MDE muni \u00farskur\u00f0a a\u00f0 \u00fe\u00fa hafir gert \u00feig seka um mannr\u00e9ttindabrot, sem v\u00e6ri ekki bara lj\u00f3tt \u00ed sj\u00e1lfu s\u00e9r, heldur enn verra \u00ed lj\u00f3si \u00feess a\u00f0 \u00fe\u00fa ert \u00e6\u00f0sta vald \u00ed mannr\u00e9ttindam\u00e1lum \u00e1 \u00cdslandi.<\/p>\n<p>En ef \u00fe\u00fa st\u00f6\u00f0var ekki brottv\u00edsanir til \u00cdtal\u00edu, sem \u00fe\u00fa hefur sj\u00e1lf l\u00fdst yfir a\u00f0 s\u00e9 ekki \u201e\u00f6ruggt land\u201c (sem er alveg r\u00e9tt hj\u00e1 \u00fe\u00e9r), \u00fe\u00e1 \u00e1ttu \u00e1 h\u00e6ttu a\u00f0 ver\u00f0a d\u00e6md sek. Ekki bara af MDE, heldur l\u00edka af s\u00f6gunni, eins og forverar \u00fe\u00ednir sem v\u00edsu\u00f0u gy\u00f0ingum \u00e1 dyr fyrir \u00e1ttat\u00edu \u00e1rum e\u00f0a svo.<\/p>\n<p>Ef \u00fe\u00fa ert hei\u00f0arleg manneskja, sem \u00e9g geng \u00fat fr\u00e1, og mannvinur, frekar en hitt, sem \u00e9g geng l\u00edka \u00fat fr\u00e1, \u00fe\u00e1 s\u00e9 \u00e9g ekki a\u00f0 \u00fe\u00fa eigir neina kosti a\u00f0ra en a\u00f0 l\u00fdsa yfir, og sj\u00e1 til, a\u00f0 engri manneskju ver\u00f0i v\u00edsa\u00f0 tilbaka til \u00cdtal\u00edu, Grikklands e\u00f0a Ungverjalands \u00e1 grundvelli Dyflinnarregluger\u00f0arinnar. S\u00fa regluger\u00f0 var ekki sett til a\u00f0 l\u00f6nd eins og \u00cdsland g\u00e6tu komist hj\u00e1 \u00fev\u00ed a\u00f0 s\u00fdna mann\u00fa\u00f0 og sanngirni. A\u00f0 \u00edslensk yfirv\u00f6ld reyni a\u00f0 notf\u00e6ra s\u00e9r \u00feessa regluger\u00f0 er \u00ed besta falli grimmdarlegt, en tr\u00falega l\u00edka mannr\u00e9ttindabrot. Sem yr\u00f0i \u00e1 \u00fe\u00edna \u00e1byrg\u00f0. \u00c1 \u00fe\u00edna \u00e1byrg\u00f0, sem r\u00e1\u00f0herra mannr\u00e9ttindam\u00e1la \u00e1 \u00cdslandi.<\/p>\n<p>Hugsa\u00f0u m\u00e1li\u00f0, \u00d3l\u00f6f. Hugsa\u00f0u m\u00e1li\u00f0 og veltu fyrir \u00fe\u00e9r hvort \u00fe\u00fa vilt kannski h\u00e6tta \u00e1 a\u00f0 veita dvalarleyfi f\u00f3lki sem \u00fe\u00fa g\u00e6tir m\u00f6gulega komist upp me\u00f0 a\u00f0 halda fram a\u00f0 eigi ekki r\u00e9tt \u00e1 \u00fev\u00ed. E\u00f0a frekar h\u00e6tta \u00e1 a\u00f0 senda f\u00f3lk \u00fat \u00ed algera \u00f3vissu, e\u00f0a eitthva\u00f0 \u00fea\u00f0an af verra. Hvort \u00fe\u00fa vilt h\u00e6tta \u00e1 a\u00f0 brj\u00f3ta gegn \u00fev\u00ed sem heilagast \u00e1 a\u00f0 vera \u00ed mannheimum, mannr\u00e9ttindum. Og taka \u00fe\u00e1 \u00e1h\u00e6ttu a\u00f0 ver\u00f0a d\u00e6md af s\u00f6gunni, eins og \u00feeir sem \u00fath\u00fdstu gy\u00f0ingunum, og ver\u00f0a d\u00e6md eins og allir nema einn vegfarendanna \u00ed s\u00f6gunni um miskunnsama Samverjann.<\/p>\n<p>Hugsa\u00f0u m\u00e1li\u00f0, \u00d3l\u00f6f.<\/p>\n<p>Bestu kve\u00f0jur,<\/p>\n<p>Einar<\/p>\n<p><!--more--><\/p>\n","protected":false},"excerpt":{"rendered":"<p>S\u00e6l \u00d3l\u00f6f, \u00deegar \u00e9g \u00e1kva\u00f0 a\u00f0 skrifa \u00fe\u00e9r var \u00fea\u00f0 \u00feessi fr\u00e9tt sem \u00e9g haf\u00f0i \u00ed huga, og \u00e6tla\u00f0i eiginlega bara a\u00f0 fjalla um hana: http:\/\/www.dv.is\/frettir\/2015\/12\/8\/fjogurra-manna-fjolskylda-rekin-ur-landi-langveikur-sonur-faer-ekki-lyf\/<\/p>\n","protected":false},"author":10,"featured_media":0,"comment_status":"open","ping_status":"open","sticky":false,"template":"","format":"standard","meta":{"footnotes":""},"categories":[1,58],"tags":[198,63,433,477,64],"class_list":["post-606","post","type-post","status-publish","format-standard","hentry","category-oflokkad","category-innflytjendur-og-flottafolk","tag-dyflinnarreglugerdin","tag-mannrettindadomstoll-evropu","tag-olof-nordal","tag-opid-bref","tag-utlendingastofnun"],"yoast_head":"<!-- This site is optimized with the Yoast SEO plugin v27.5 - https:\/\/yoast.com\/product\/yoast-seo-wordpress\/ -->\n<title>Opi\u00f0 br\u00e9f til \u00d3lafar Nordal um h\u00e6lisleitendur - Einar<\/title>\n<meta name=\"robots\" content=\"index, follow, max-snippet:-1, max-image-preview:large, max-video-preview:-1\" \/>\n<link rel=\"canonical\" href=\"https:\/\/www.norn.is\/einar\/2015\/12\/09\/opid-bref-til-olafar-nordal-um-haelisleitendur\/\" \/>\n<meta property=\"og:locale\" content=\"is_IS\" \/>\n<meta property=\"og:type\" content=\"article\" \/>\n<meta property=\"og:title\" content=\"Opi\u00f0 br\u00e9f til \u00d3lafar Nordal um h\u00e6lisleitendur - Einar\" \/>\n<meta property=\"og:description\" content=\"S\u00e6l \u00d3l\u00f6f, \u00deegar \u00e9g \u00e1kva\u00f0 a\u00f0 skrifa \u00fe\u00e9r var \u00fea\u00f0 \u00feessi fr\u00e9tt sem \u00e9g haf\u00f0i \u00ed huga, og \u00e6tla\u00f0i eiginlega bara a\u00f0 fjalla um hana: http:\/\/www.dv.is\/frettir\/2015\/12\/8\/fjogurra-manna-fjolskylda-rekin-ur-landi-langveikur-sonur-faer-ekki-lyf\/\" \/>\n<meta property=\"og:url\" content=\"https:\/\/www.norn.is\/einar\/2015\/12\/09\/opid-bref-til-olafar-nordal-um-haelisleitendur\/\" \/>\n<meta property=\"og:site_name\" content=\"Einar\" \/>\n<meta property=\"article:published_time\" content=\"2015-12-09T22:36:22+00:00\" \/>\n<meta property=\"article:modified_time\" content=\"2017-09-24T10:58:56+00:00\" \/>\n<meta property=\"og:image\" content=\"http:\/\/www.norn.is\/einar\/wp-content\/uploads\/sites\/29\/2017\/09\/28a4749-20x30-200dpi-688x451.jpg\" \/>\n<meta name=\"author\" content=\"einar\" \/>\n<meta name=\"twitter:card\" content=\"summary_large_image\" \/>\n<meta name=\"twitter:label1\" content=\"Written by\" \/>\n\t<meta name=\"twitter:data1\" content=\"\" \/>\n\t<meta name=\"twitter:label2\" content=\"Est. reading time\" \/>\n\t<meta name=\"twitter:data2\" content=\"3 minutes\" \/>\n<script type=\"application\/ld+json\" class=\"yoast-schema-graph\">{\"@context\":\"https:\\\/\\\/schema.org\",\"@graph\":[{\"@type\":\"Article\",\"@id\":\"https:\\\/\\\/www.norn.is\\\/einar\\\/2015\\\/12\\\/09\\\/opid-bref-til-olafar-nordal-um-haelisleitendur\\\/#article\",\"isPartOf\":{\"@id\":\"https:\\\/\\\/www.norn.is\\\/einar\\\/2015\\\/12\\\/09\\\/opid-bref-til-olafar-nordal-um-haelisleitendur\\\/\"},\"author\":{\"name\":\"einar\",\"@id\":\"https:\\\/\\\/www.norn.is\\\/einar\\\/#\\\/schema\\\/person\\\/19affadb841a22f7bfd4bdcd72a862d0\"},\"headline\":\"Opi\u00f0 br\u00e9f til \u00d3lafar Nordal um h\u00e6lisleitendur\",\"datePublished\":\"2015-12-09T22:36:22+00:00\",\"dateModified\":\"2017-09-24T10:58:56+00:00\",\"mainEntityOfPage\":{\"@id\":\"https:\\\/\\\/www.norn.is\\\/einar\\\/2015\\\/12\\\/09\\\/opid-bref-til-olafar-nordal-um-haelisleitendur\\\/\"},\"wordCount\":638,\"commentCount\":0,\"image\":{\"@id\":\"https:\\\/\\\/www.norn.is\\\/einar\\\/2015\\\/12\\\/09\\\/opid-bref-til-olafar-nordal-um-haelisleitendur\\\/#primaryimage\"},\"thumbnailUrl\":\"http:\\\/\\\/www.norn.is\\\/einar\\\/wp-content\\\/uploads\\\/sites\\\/29\\\/2017\\\/09\\\/28a4749-20x30-200dpi-688x451.jpg\",\"keywords\":[\"Dyflinnarregluger\u00f0in\",\"Mannr\u00e9ttindad\u00f3mst\u00f3ll Evr\u00f3pu\",\"\u00d3l\u00f6f Nordal\",\"Opi\u00f0 br\u00e9f\",\"\u00datlendingastofnun\"],\"articleSection\":[\"Allt efni\",\"Innflytjendur og fl\u00f3ttaf\u00f3lk\"],\"inLanguage\":\"is\",\"potentialAction\":[{\"@type\":\"CommentAction\",\"name\":\"Comment\",\"target\":[\"https:\\\/\\\/www.norn.is\\\/einar\\\/2015\\\/12\\\/09\\\/opid-bref-til-olafar-nordal-um-haelisleitendur\\\/#respond\"]}]},{\"@type\":\"WebPage\",\"@id\":\"https:\\\/\\\/www.norn.is\\\/einar\\\/2015\\\/12\\\/09\\\/opid-bref-til-olafar-nordal-um-haelisleitendur\\\/\",\"url\":\"https:\\\/\\\/www.norn.is\\\/einar\\\/2015\\\/12\\\/09\\\/opid-bref-til-olafar-nordal-um-haelisleitendur\\\/\",\"name\":\"Opi\u00f0 br\u00e9f til \u00d3lafar Nordal um h\u00e6lisleitendur - Einar\",\"isPartOf\":{\"@id\":\"https:\\\/\\\/www.norn.is\\\/einar\\\/#website\"},\"primaryImageOfPage\":{\"@id\":\"https:\\\/\\\/www.norn.is\\\/einar\\\/2015\\\/12\\\/09\\\/opid-bref-til-olafar-nordal-um-haelisleitendur\\\/#primaryimage\"},\"image\":{\"@id\":\"https:\\\/\\\/www.norn.is\\\/einar\\\/2015\\\/12\\\/09\\\/opid-bref-til-olafar-nordal-um-haelisleitendur\\\/#primaryimage\"},\"thumbnailUrl\":\"http:\\\/\\\/www.norn.is\\\/einar\\\/wp-content\\\/uploads\\\/sites\\\/29\\\/2017\\\/09\\\/28a4749-20x30-200dpi-688x451.jpg\",\"datePublished\":\"2015-12-09T22:36:22+00:00\",\"dateModified\":\"2017-09-24T10:58:56+00:00\",\"author\":{\"@id\":\"https:\\\/\\\/www.norn.is\\\/einar\\\/#\\\/schema\\\/person\\\/19affadb841a22f7bfd4bdcd72a862d0\"},\"breadcrumb\":{\"@id\":\"https:\\\/\\\/www.norn.is\\\/einar\\\/2015\\\/12\\\/09\\\/opid-bref-til-olafar-nordal-um-haelisleitendur\\\/#breadcrumb\"},\"inLanguage\":\"is\",\"potentialAction\":[{\"@type\":\"ReadAction\",\"target\":[\"https:\\\/\\\/www.norn.is\\\/einar\\\/2015\\\/12\\\/09\\\/opid-bref-til-olafar-nordal-um-haelisleitendur\\\/\"]}]},{\"@type\":\"ImageObject\",\"inLanguage\":\"is\",\"@id\":\"https:\\\/\\\/www.norn.is\\\/einar\\\/2015\\\/12\\\/09\\\/opid-bref-til-olafar-nordal-um-haelisleitendur\\\/#primaryimage\",\"url\":\"https:\\\/\\\/www.norn.is\\\/einar\\\/wp-content\\\/uploads\\\/sites\\\/29\\\/2017\\\/09\\\/28a4749-20x30-200dpi-688x451.jpg\",\"contentUrl\":\"https:\\\/\\\/www.norn.is\\\/einar\\\/wp-content\\\/uploads\\\/sites\\\/29\\\/2017\\\/09\\\/28a4749-20x30-200dpi-688x451.jpg\",\"width\":688,\"height\":451},{\"@type\":\"BreadcrumbList\",\"@id\":\"https:\\\/\\\/www.norn.is\\\/einar\\\/2015\\\/12\\\/09\\\/opid-bref-til-olafar-nordal-um-haelisleitendur\\\/#breadcrumb\",\"itemListElement\":[{\"@type\":\"ListItem\",\"position\":1,\"name\":\"Home\",\"item\":\"https:\\\/\\\/www.norn.is\\\/einar\\\/\"},{\"@type\":\"ListItem\",\"position\":2,\"name\":\"Opi\u00f0 br\u00e9f til \u00d3lafar Nordal um h\u00e6lisleitendur\"}]},{\"@type\":\"WebSite\",\"@id\":\"https:\\\/\\\/www.norn.is\\\/einar\\\/#website\",\"url\":\"https:\\\/\\\/www.norn.is\\\/einar\\\/\",\"name\":\"Einar\",\"description\":\"Pistlar Einars Steingr\u00edmssonar\",\"potentialAction\":[{\"@type\":\"SearchAction\",\"target\":{\"@type\":\"EntryPoint\",\"urlTemplate\":\"https:\\\/\\\/www.norn.is\\\/einar\\\/?s={search_term_string}\"},\"query-input\":{\"@type\":\"PropertyValueSpecification\",\"valueRequired\":true,\"valueName\":\"search_term_string\"}}],\"inLanguage\":\"is\"},{\"@type\":\"Person\",\"@id\":\"https:\\\/\\\/www.norn.is\\\/einar\\\/#\\\/schema\\\/person\\\/19affadb841a22f7bfd4bdcd72a862d0\",\"name\":\"einar\",\"image\":{\"@type\":\"ImageObject\",\"inLanguage\":\"is\",\"@id\":\"https:\\\/\\\/secure.gravatar.com\\\/avatar\\\/6f5f5592f3cc45e338376db24f1672c636582d9c27d855e8f077f13ef13b17fd?s=96&d=mm&r=g\",\"url\":\"https:\\\/\\\/secure.gravatar.com\\\/avatar\\\/6f5f5592f3cc45e338376db24f1672c636582d9c27d855e8f077f13ef13b17fd?s=96&d=mm&r=g\",\"contentUrl\":\"https:\\\/\\\/secure.gravatar.com\\\/avatar\\\/6f5f5592f3cc45e338376db24f1672c636582d9c27d855e8f077f13ef13b17fd?s=96&d=mm&r=g\",\"caption\":\"einar\"},\"url\":\"https:\\\/\\\/www.norn.is\\\/einar\\\/author\\\/einarsteingrimsson\\\/\"}]}<\/script>\n<!-- \/ Yoast SEO plugin. -->","yoast_head_json":{"title":"Opi\u00f0 br\u00e9f til \u00d3lafar Nordal um h\u00e6lisleitendur - Einar","robots":{"index":"index","follow":"follow","max-snippet":"max-snippet:-1","max-image-preview":"max-image-preview:large","max-video-preview":"max-video-preview:-1"},"canonical":"https:\/\/www.norn.is\/einar\/2015\/12\/09\/opid-bref-til-olafar-nordal-um-haelisleitendur\/","og_locale":"is_IS","og_type":"article","og_title":"Opi\u00f0 br\u00e9f til \u00d3lafar Nordal um h\u00e6lisleitendur - Einar","og_description":"S\u00e6l \u00d3l\u00f6f, \u00deegar \u00e9g \u00e1kva\u00f0 a\u00f0 skrifa \u00fe\u00e9r var \u00fea\u00f0 \u00feessi fr\u00e9tt sem \u00e9g haf\u00f0i \u00ed huga, og \u00e6tla\u00f0i eiginlega bara a\u00f0 fjalla um hana: http:\/\/www.dv.is\/frettir\/2015\/12\/8\/fjogurra-manna-fjolskylda-rekin-ur-landi-langveikur-sonur-faer-ekki-lyf\/","og_url":"https:\/\/www.norn.is\/einar\/2015\/12\/09\/opid-bref-til-olafar-nordal-um-haelisleitendur\/","og_site_name":"Einar","article_published_time":"2015-12-09T22:36:22+00:00","article_modified_time":"2017-09-24T10:58:56+00:00","og_image":[{"url":"http:\/\/www.norn.is\/einar\/wp-content\/uploads\/sites\/29\/2017\/09\/28a4749-20x30-200dpi-688x451.jpg","type":"","width":"","height":""}],"author":"einar","twitter_card":"summary_large_image","twitter_misc":{"Written by":false,"Est. reading time":"3 minutes"},"schema":{"@context":"https:\/\/schema.org","@graph":[{"@type":"Article","@id":"https:\/\/www.norn.is\/einar\/2015\/12\/09\/opid-bref-til-olafar-nordal-um-haelisleitendur\/#article","isPartOf":{"@id":"https:\/\/www.norn.is\/einar\/2015\/12\/09\/opid-bref-til-olafar-nordal-um-haelisleitendur\/"},"author":{"name":"einar","@id":"https:\/\/www.norn.is\/einar\/#\/schema\/person\/19affadb841a22f7bfd4bdcd72a862d0"},"headline":"Opi\u00f0 br\u00e9f til \u00d3lafar Nordal um h\u00e6lisleitendur","datePublished":"2015-12-09T22:36:22+00:00","dateModified":"2017-09-24T10:58:56+00:00","mainEntityOfPage":{"@id":"https:\/\/www.norn.is\/einar\/2015\/12\/09\/opid-bref-til-olafar-nordal-um-haelisleitendur\/"},"wordCount":638,"commentCount":0,"image":{"@id":"https:\/\/www.norn.is\/einar\/2015\/12\/09\/opid-bref-til-olafar-nordal-um-haelisleitendur\/#primaryimage"},"thumbnailUrl":"http:\/\/www.norn.is\/einar\/wp-content\/uploads\/sites\/29\/2017\/09\/28a4749-20x30-200dpi-688x451.jpg","keywords":["Dyflinnarregluger\u00f0in","Mannr\u00e9ttindad\u00f3mst\u00f3ll Evr\u00f3pu","\u00d3l\u00f6f Nordal","Opi\u00f0 br\u00e9f","\u00datlendingastofnun"],"articleSection":["Allt efni","Innflytjendur og fl\u00f3ttaf\u00f3lk"],"inLanguage":"is","potentialAction":[{"@type":"CommentAction","name":"Comment","target":["https:\/\/www.norn.is\/einar\/2015\/12\/09\/opid-bref-til-olafar-nordal-um-haelisleitendur\/#respond"]}]},{"@type":"WebPage","@id":"https:\/\/www.norn.is\/einar\/2015\/12\/09\/opid-bref-til-olafar-nordal-um-haelisleitendur\/","url":"https:\/\/www.norn.is\/einar\/2015\/12\/09\/opid-bref-til-olafar-nordal-um-haelisleitendur\/","name":"Opi\u00f0 br\u00e9f til \u00d3lafar Nordal um h\u00e6lisleitendur - Einar","isPartOf":{"@id":"https:\/\/www.norn.is\/einar\/#website"},"primaryImageOfPage":{"@id":"https:\/\/www.norn.is\/einar\/2015\/12\/09\/opid-bref-til-olafar-nordal-um-haelisleitendur\/#primaryimage"},"image":{"@id":"https:\/\/www.norn.is\/einar\/2015\/12\/09\/opid-bref-til-olafar-nordal-um-haelisleitendur\/#primaryimage"},"thumbnailUrl":"http:\/\/www.norn.is\/einar\/wp-content\/uploads\/sites\/29\/2017\/09\/28a4749-20x30-200dpi-688x451.jpg","datePublished":"2015-12-09T22:36:22+00:00","dateModified":"2017-09-24T10:58:56+00:00","author":{"@id":"https:\/\/www.norn.is\/einar\/#\/schema\/person\/19affadb841a22f7bfd4bdcd72a862d0"},"breadcrumb":{"@id":"https:\/\/www.norn.is\/einar\/2015\/12\/09\/opid-bref-til-olafar-nordal-um-haelisleitendur\/#breadcrumb"},"inLanguage":"is","potentialAction":[{"@type":"ReadAction","target":["https:\/\/www.norn.is\/einar\/2015\/12\/09\/opid-bref-til-olafar-nordal-um-haelisleitendur\/"]}]},{"@type":"ImageObject","inLanguage":"is","@id":"https:\/\/www.norn.is\/einar\/2015\/12\/09\/opid-bref-til-olafar-nordal-um-haelisleitendur\/#primaryimage","url":"https:\/\/www.norn.is\/einar\/wp-content\/uploads\/sites\/29\/2017\/09\/28a4749-20x30-200dpi-688x451.jpg","contentUrl":"https:\/\/www.norn.is\/einar\/wp-content\/uploads\/sites\/29\/2017\/09\/28a4749-20x30-200dpi-688x451.jpg","width":688,"height":451},{"@type":"BreadcrumbList","@id":"https:\/\/www.norn.is\/einar\/2015\/12\/09\/opid-bref-til-olafar-nordal-um-haelisleitendur\/#breadcrumb","itemListElement":[{"@type":"ListItem","position":1,"name":"Home","item":"https:\/\/www.norn.is\/einar\/"},{"@type":"ListItem","position":2,"name":"Opi\u00f0 br\u00e9f til \u00d3lafar Nordal um h\u00e6lisleitendur"}]},{"@type":"WebSite","@id":"https:\/\/www.norn.is\/einar\/#website","url":"https:\/\/www.norn.is\/einar\/","name":"Einar","description":"Pistlar Einars Steingr\u00edmssonar","potentialAction":[{"@type":"SearchAction","target":{"@type":"EntryPoint","urlTemplate":"https:\/\/www.norn.is\/einar\/?s={search_term_string}"},"query-input":{"@type":"PropertyValueSpecification","valueRequired":true,"valueName":"search_term_string"}}],"inLanguage":"is"},{"@type":"Person","@id":"https:\/\/www.norn.is\/einar\/#\/schema\/person\/19affadb841a22f7bfd4bdcd72a862d0","name":"einar","image":{"@type":"ImageObject","inLanguage":"is","@id":"https:\/\/secure.gravatar.com\/avatar\/6f5f5592f3cc45e338376db24f1672c636582d9c27d855e8f077f13ef13b17fd?s=96&d=mm&r=g","url":"https:\/\/secure.gravatar.com\/avatar\/6f5f5592f3cc45e338376db24f1672c636582d9c27d855e8f077f13ef13b17fd?s=96&d=mm&r=g","contentUrl":"https:\/\/secure.gravatar.com\/avatar\/6f5f5592f3cc45e338376db24f1672c636582d9c27d855e8f077f13ef13b17fd?s=96&d=mm&r=g","caption":"einar"},"url":"https:\/\/www.norn.is\/einar\/author\/einarsteingrimsson\/"}]}},"_links":{"self":[{"href":"https:\/\/www.norn.is\/einar\/wp-json\/wp\/v2\/posts\/606","targetHints":{"allow":["GET"]}}],"collection":[{"href":"https:\/\/www.norn.is\/einar\/wp-json\/wp\/v2\/posts"}],"about":[{"href":"https:\/\/www.norn.is\/einar\/wp-json\/wp\/v2\/types\/post"}],"author":[{"embeddable":true,"href":"https:\/\/www.norn.is\/einar\/wp-json\/wp\/v2\/users\/10"}],"replies":[{"embeddable":true,"href":"https:\/\/www.norn.is\/einar\/wp-json\/wp\/v2\/comments?post=606"}],"version-history":[{"count":1,"href":"https:\/\/www.norn.is\/einar\/wp-json\/wp\/v2\/posts\/606\/revisions"}],"predecessor-version":[{"id":608,"href":"https:\/\/www.norn.is\/einar\/wp-json\/wp\/v2\/posts\/606\/revisions\/608"}],"wp:attachment":[{"href":"https:\/\/www.norn.is\/einar\/wp-json\/wp\/v2\/media?parent=606"}],"wp:term":[{"taxonomy":"category","embeddable":true,"href":"https:\/\/www.norn.is\/einar\/wp-json\/wp\/v2\/categories?post=606"},{"taxonomy":"post_tag","embeddable":true,"href":"https:\/\/www.norn.is\/einar\/wp-json\/wp\/v2\/tags?post=606"}],"curies":[{"name":"wp","href":"https:\/\/api.w.org\/{rel}","templated":true}]}}