{"id":558,"date":"2015-03-26T06:54:43","date_gmt":"2015-03-26T06:54:43","guid":{"rendered":"http:\/\/www.norn.is\/einar\/?p=558"},"modified":"2017-09-24T10:59:30","modified_gmt":"2017-09-24T10:59:30","slug":"jafnrettismal-i-haskola-islands","status":"publish","type":"post","link":"https:\/\/www.norn.is\/einar\/2015\/03\/26\/jafnrettismal-i-haskola-islands\/","title":{"rendered":"Jafnr\u00e9ttism\u00e1l \u00ed H\u00e1sk\u00f3la \u00cdslands"},"content":{"rendered":"<p><img loading=\"lazy\" decoding=\"async\" class=\"aligncenter size-full wp-image-559\" src=\"http:\/\/www.norn.is\/einar\/wp-content\/uploads\/sites\/29\/2017\/09\/einar_steingrimsson-688x451.jpg\" alt=\"\" width=\"688\" height=\"451\" srcset=\"https:\/\/www.norn.is\/einar\/wp-content\/uploads\/sites\/29\/2017\/09\/einar_steingrimsson-688x451.jpg 688w, https:\/\/www.norn.is\/einar\/wp-content\/uploads\/sites\/29\/2017\/09\/einar_steingrimsson-688x451-300x197.jpg 300w, https:\/\/www.norn.is\/einar\/wp-content\/uploads\/sites\/29\/2017\/09\/einar_steingrimsson-688x451-458x300.jpg 458w\" sizes=\"auto, (max-width: 688px) 100vw, 688px\" \/>Jafnr\u00e9ttisnefnd H\u00e1sk\u00f3la \u00cdslands sendi m\u00e9r eftirfarandi erindi \u00feann 24. mars, vegna\u00a0<a href=\"http:\/\/www.hi.is\/vidburdir\/malfundur_med_frambjodendum_i_rektorskjori_vid_haskola_islands_malefni_haskola_islands\">m\u00e1lfundar sem f\u00e9lag pr\u00f3fessora stendur fyrir \u00ed dag<\/a>, til kynningar \u00e1 frambj\u00f3\u00f0endum til rektorskj\u00f6rs \u00ed H\u00e1sk\u00f3la \u00cdslands.<\/p>\n<p>\u00dear sem efni fundarins var \u00fe\u00e1 l\u00f6ngu \u00e1kve\u00f0i\u00f0 og \u00e9g b\u00fainn a\u00f0 undirb\u00faa mig \u00ed samr\u00e6mi vi\u00f0 \u00fea\u00f0, gat ekki komi\u00f0 \u00fev\u00ed vi\u00f0 a\u00f0 fjalla um \u00feessi m\u00e1l \u00e1 \u00feeim stutta t\u00edma sem frambj\u00f3\u00f0endum er \u00e6tla\u00f0ur, en \u00e1kva\u00f0 svara \u00feess \u00ed sta\u00f0 h\u00e9r.<!--more--><\/p>\n<p>&nbsp;<\/p>\n<h2><b>Erindi jafnr\u00e9ttisnefndar:<\/b><\/h2>\n<p>Vi\u00f0 umfj\u00f6llun \u00fe\u00edna um \u00feau m\u00e1lefni sem lagt er upp me\u00f0 \u00e1 fundi rektorsframbj\u00f3\u00f0enda \u00e1 fimmtudag \u00f3ska fulltr\u00faar \u00ed jafnr\u00e9ttisnefnd sk\u00f3lans eftir \u00fev\u00ed a\u00f0 \u00fe\u00fa fjallir um jafnr\u00e9ttism\u00e1l innan H\u00e1sk\u00f3lans \u00ed samhengi vi\u00f0 m\u00e1lefnin. H\u00e1sk\u00f3li \u00cdslands gaf \u00fat mj\u00f6g metna\u00f0arfulla stefnu um jafnr\u00e9ttism\u00e1l sem gildir fyrir \u00e1rin 2013 \u2013 2017. Okkur finnst mikilv\u00e6gt a\u00f0 heyra hva\u00f0a m\u00e1lefni \u00far jafnr\u00e9ttis\u00e1\u00e6tlun \u00fe\u00fa teljir mikilv\u00e6gt a\u00f0 ver\u00f0i sett \u00ed forgang og hvernig \u00feau skuli fj\u00e1rmagna. \u00d6rf\u00e1 d\u00e6mi um m\u00e1lefni eru:<\/p>\n<ul>\n<li>A\u00f0gengi \u2013 \u00ed v\u00ed\u00f0u samhengi, m.a. algild h\u00f6nnun sem reglan vi\u00f0 n\u00fdbyggingar, sko\u00f0a fj\u00f6lbreyttari \u00fatf\u00e6rslu kennsluh\u00e1tta og n\u00e1msmats (vi\u00f0eigandi a\u00f0l\u00f6gun) \u00e1n \u00feess a\u00f0 slegi\u00f0 s\u00e9 af kr\u00f6fum, stu\u00f0ningur vi\u00f0 erlenda nemendur<\/li>\n<li>Fr\u00e6\u00f0sla um jafnr\u00e9ttism\u00e1l skylda fyrir stj\u00f3rnendur og anna\u00f0 starfsf\u00f3lk vi\u00f0 n\u00fdr\u00e1\u00f0ningar<\/li>\n<li>Fj\u00f6lskylduv\u00e6nar a\u00f0st\u00e6\u00f0ur \u00ed n\u00e1mi og starfi<\/li>\n<li>Jafnr\u00e9ttisn\u00e1m sem skylda \u00ed einst\u00f6kum n\u00e1msbrautum, t.d. \u00ed kennaran\u00e1mi<\/li>\n<li>Konur me\u00f0al pr\u00f3fessora \u2013 a\u00f0ger\u00f0ir<\/li>\n<li>Konur me\u00f0al stj\u00f3rnenda<\/li>\n<li>L\u00e1gt hlutfall annars kynsins \u00ed tilteknum n\u00e1msbrautum, og hlutfall karla me\u00f0al nemenda \u00ed heild (\u00fe.e. \u00e1st\u00e6\u00f0ur \u00feess a\u00f0 konum hefur fj\u00f6lga\u00f0 hra\u00f0ar en k\u00f6rlum undanfarna \u00e1ratugi)<\/li>\n<\/ul>\n<p>&nbsp;<\/p>\n<h2><b>Sv\u00f6r m\u00edn<\/b><\/h2>\n<p>Var\u00f0andi spurninguna um \u00fea\u00f0 hva\u00f0a m\u00e1lefni \u00far<a href=\"http:\/\/www.hi.is\/adalvefur\/jafnrettisaaetlun#Lei%C3%B0arlj%C3%B3s\">\u00a0jafnr\u00e9ttis\u00e1\u00e6tluninni<\/a>\u00a0\u00e9g telji a\u00f0 eigi a\u00f0 setja \u00ed forgang \u00fe\u00e1 tel \u00e9g 3ja markmi\u00f0 \u00e1\u00e6tlunarinnar \u201ea\u00f0 taka fullt tillit til jafnr\u00e9ttissj\u00f3narmi\u00f0a vi\u00f0 skipulag n\u00e1ms, kennslu og ranns\u00f3kna\u201c vera mikilv\u00e6gast og undrast \u00e9g st\u00f3rum a\u00f0 \u00fea\u00f0 skuli ekki \u00feegar vera \u00e1liti\u00f0 svo sj\u00e1lfsagt a\u00f0 \u00f3\u00fearft s\u00e9 a\u00f0 r\u00e6\u00f0a \u00fea\u00f0. Til allrar hamingju er almennt ekki kostna\u00f0arsamt a\u00f0 framfylgja svo sj\u00e1lfs\u00f6g\u00f0um hlutum \u00ed daglegu starfi.<\/p>\n<p>&nbsp;<\/p>\n<h3>A\u00f0gengi:<\/h3>\n<p>\u00c9g geri m\u00e9r ekki grein fyrir kostna\u00f0i sk\u00f3lans vegna s\u00e9r\u00fearfa fatla\u00f0ra en reikna me\u00f0 fj\u00e1rframl\u00f6gum fr\u00e1 r\u00edkinu vegna \u00feess.<\/p>\n<p>Hva\u00f0 var\u00f0ar a\u00f0gengi \u00ed \u00feeirri merkingu a\u00f0 komast fer\u00f0a sinna um l\u00f3\u00f0 og h\u00fasn\u00e6\u00f0i sk\u00f3lans, \u00fe\u00e1 gilda einfaldlega l\u00f6g \u00ed landinu sem kve\u00f0a \u00e1 um a\u00f0 stefna skuli a\u00f0 a\u00f0gengi fyrir alla, auk \u00feess sem b\u00e6\u00f0i Stj\u00f3rnarskr\u00e1in og Mannr\u00e9ttindas\u00e1ttm\u00e1li Evr\u00f3pu banna mismunun \u00e1 grundvelli f\u00f6tlunar. \u00dea\u00f0 heyrir undir Mannvirkjastofnun a\u00f0 sj\u00e1 til \u00feess a\u00f0 h\u00f6nnun bygginga s\u00e9 fulln\u00e6gjandi a\u00f0 \u00feessu leyti.<\/p>\n<p>Hva\u00f0 snertir fj\u00f6lbreyttari \u00fatf\u00e6rslu kennsluh\u00e1tta og n\u00e1msmats \u00fe\u00e1 veit \u00e9g ekki me\u00f0 hva\u00f0a h\u00e6tti n\u00faverandi forysta sk\u00f3lans hefur tryggt r\u00e9tt fatla\u00f0ra en \u00e9g hef almennt \u00e1huga \u00e1 a\u00f0 vinna a\u00f0 \u00farb\u00f3tum \u00ed kennslu- og n\u00e1msmatsm\u00e1lum og \u00fear eru nemendur me\u00f0 s\u00e9r\u00fearfir ekkert undanskildir. \u00c1ri\u00f0 1999 f\u00e9ll d\u00f3mur \u00ed H\u00e6star\u00e9tti \u00fear sem blindri konu voru d\u00e6mdar miskab\u00e6tur vegna vanr\u00e6kslu H\u00cd \u00e1 \u00fev\u00ed a\u00f0 koma til m\u00f3ts vi\u00f0 \u00fearfir hennar, \u00fea\u00f0 er \u00ed m\u00ednum huga blettur \u00e1 s\u00f6gu sk\u00f3lans a\u00f0 nemandi hafi \u00feurft a\u00f0 fara me\u00f0 sl\u00edkt m\u00e1l fyrir d\u00f3mst\u00f3la.<\/p>\n<p>&nbsp;<\/p>\n<h3>Jafnr\u00e9ttisfr\u00e6\u00f0sla fyrir stj\u00f3rnendur:<\/h3>\n<p>\u00c9g tel ekki \u00fe\u00f6rf \u00e1 s\u00e9rstakri fr\u00e6\u00f0slu um jafnr\u00e9ttism\u00e1l fyrir stj\u00f3rnendur. \u00dea\u00f0 er sj\u00e1lfsagt a\u00f0 jafnr\u00e9ttisnefnd beini \u00fev\u00ed til stj\u00f3rnenda a\u00f0 hafa \u00ed huga a\u00f0 flest h\u00f6fum vi\u00f0 \u00f3me\u00f0vita\u00f0a ford\u00f3ma gagnvart f\u00f3lki sem vi\u00f0 skilgreinum sem minnihlutah\u00f3pa. Til d\u00e6mis m\u00e1 benda \u00e1 ranns\u00f3kn sem s\u00fdnir tilhneigingu akadem\u00edskra starfsmanna til a\u00f0<a href=\"http:\/\/www.timeshighereducation.co.uk\/421746.article\">\u00a0gefa verkum meira v\u00e6gi ef karlma\u00f0ur er skrifa\u00f0ur fyrir \u00feeim<\/a>.\u00a0 \u00deeir ford\u00f3mar stafa ekki af f\u00e1fr\u00e6\u00f0i heldur eimir eftir af aldag\u00f6mlum hugsunarh\u00e6tti. \u00c9g tel \u00fev\u00ed a\u00f0 umfangsmikil fr\u00e6\u00f0sla myndi ekki skila meiri \u00e1rangri en vinsamleg \u00e1bending. \u00deegar eru fyrir hendi k\u00e6rulei\u00f0ir sem fara m\u00e1 ef f\u00f3lki er mismuna\u00f0 \u00e1 \u00f3m\u00e1lefnalegum forsendum.<\/p>\n<p>\u00c9g hef ekki \u00ed hyggju a\u00f0 gr\u00edpa til s\u00e9rstakra a\u00f0ger\u00f0a vegna kynjahlutfalls me\u00f0al starfsf\u00f3lks H\u00cd nema komi \u00ed lj\u00f3s a\u00f0 kerfisbundin mismunun eigi s\u00e9r sta\u00f0. Sl\u00edkt mun \u00e9g aldrei l\u00ed\u00f0a en \u00fe\u00e6r t\u00f6lur sem liggja fyrir gefa ekki tilefni til a\u00f0 \u00e6tla a\u00f0 svo s\u00e9.<\/p>\n<p>&nbsp;<\/p>\n<h6><img loading=\"lazy\" decoding=\"async\" class=\"aligncenter size-full wp-image-561\" src=\"http:\/\/www.norn.is\/einar\/wp-content\/uploads\/sites\/29\/2017\/09\/kynja-nradningar.png\" alt=\"\" width=\"1280\" height=\"714\" srcset=\"https:\/\/www.norn.is\/einar\/wp-content\/uploads\/sites\/29\/2017\/09\/kynja-nradningar.png 1280w, https:\/\/www.norn.is\/einar\/wp-content\/uploads\/sites\/29\/2017\/09\/kynja-nradningar-300x167.png 300w, https:\/\/www.norn.is\/einar\/wp-content\/uploads\/sites\/29\/2017\/09\/kynja-nradningar-768x428.png 768w, https:\/\/www.norn.is\/einar\/wp-content\/uploads\/sites\/29\/2017\/09\/kynja-nradningar-1024x571.png 1024w, https:\/\/www.norn.is\/einar\/wp-content\/uploads\/sites\/29\/2017\/09\/kynja-nradningar-500x279.png 500w\" sizes=\"auto, (max-width: 1280px) 100vw, 1280px\" \/>\u00deessar t\u00f6lur eru teknar\u00a0<a href=\"http:\/\/www.hi.is\/adalvefur\/jafnretti_i_tolum\">h\u00e9\u00f0an<\/a><\/h6>\n<h3><\/h3>\n<p>&nbsp;<\/p>\n<h3>Fj\u00f6lskylduv\u00e6nar a\u00f0st\u00e6\u00f0ur:<\/h3>\n<p>Ef H\u00e1sk\u00f3li \u00cdslands er ekki ger\u00f3l\u00edkur \u00f6llum \u00feeim h\u00e1sk\u00f3lum sem \u00e9g \u00feekki af eigin raun, er ekki \u00e1st\u00e6\u00f0a til a\u00f0 hafa \u00feungar \u00e1hyggjur af \u00feessum \u00fe\u00e6tti. H\u00e1sk\u00f3laf\u00f3lk b\u00fdr almennt vi\u00f0 fj\u00f6lskylduv\u00e6nar a\u00f0st\u00e6\u00f0ur \u00fear sem l\u00edti\u00f0 er um vi\u00f0veruskyldu \u00e1 kv\u00f6ldin e\u00f0a \u00e1 helgid\u00f6gum.<\/p>\n<p>\u00deeir sem stunda ranns\u00f3knir hafa miklu meira sj\u00e1lfr\u00e6\u00f0i um \u00fea\u00f0 hvernig \u00feeir skipuleggja vinnut\u00edma sinn en \u00feorri laun\u00feega og hluta \u00feess starfs er oft h\u00e6gt a\u00f0 stunda a\u00f0 heiman. \u00c9g er hinsvegar ekki innanb\u00fa\u00f0arma\u00f0ur \u00ed H\u00cd svo ef jafnr\u00e9ttisnefnd hefur a\u00f0ra mynd af \u00e1standinu \u00fe\u00e1 \u00feigg \u00e9g \u00e1bendingar.<\/p>\n<p>\u00deess m\u00e1 geta a\u00f0 \u00e9g hef \u00ed m\u00f6rg \u00e1r tala\u00f0 fyrir sveigjanlegum vinnut\u00edma.<\/p>\n<p>&nbsp;<\/p>\n<h3>Jafnr\u00e9ttisn\u00e1m sem skylda \u00e1 einst\u00f6kum n\u00e1msbrautum:<\/h3>\n<p>A\u00f0 sj\u00e1lfs\u00f6g\u00f0u \u00e1 a\u00f0 fr\u00e6\u00f0a kennaranema um st\u00f6\u00f0u minnihlutah\u00f3pa. Margir h\u00f3par barna eru \u00ed vi\u00f0kv\u00e6mri st\u00f6\u00f0u, t.d. er miki\u00f0 brottfall \u00far sk\u00f3la me\u00f0al fyrstu kynsl\u00f3\u00f0ar \u00cdslendinga (\u00fe.e.a.s. barna innflytjenda), f\u00f6tlu\u00f0 b\u00f6rn ganga n\u00fa \u00ed almenna sk\u00f3la og hinsegin f\u00f3lk ver\u00f0ur \u00e6 s\u00fdnilegra. \u00c1r\u00ed\u00f0andi er a\u00f0 jafnr\u00e9ttisfr\u00e6\u00f0sla, eins og \u00f6ll \u00f6nnur kennsla sem fram fer \u00ed h\u00e1sk\u00f3lum, s\u00e9 bygg\u00f0 \u00e1 v\u00f6ndu\u00f0um ranns\u00f3knum, sem standast v\u00edsindalegar kr\u00f6fur.<\/p>\n<p>\u00c1 flestum n\u00e1msbrautum \u00e6tti \u00fe\u00f3 n\u00e1mi\u00f0 a\u00f0 sn\u00faast um \u00fej\u00e1lfun \u00ed v\u00edsindalegum a\u00f0fer\u00f0um en ekki jafnr\u00e9ttism\u00e1l, ekkert frekar en um t.d. umhverfism\u00e1l, l\u00fd\u00f0r\u00e6\u00f0i e\u00f0a \u00f6nnur m\u00e1l sem hafa gildi fyrir samf\u00e9lagi\u00f0 almennt, fremur en \u00feau fr\u00e6\u00f0i sem um r\u00e6\u00f0ir.<\/p>\n<p>&nbsp;<\/p>\n<h3>Konur me\u00f0al pr\u00f3fessora og konur me\u00f0al stj\u00f3rnenda<\/h3>\n<p>Mikilv\u00e6gt er a\u00f0 H\u00e1sk\u00f3linn l\u00e1ti ekkert anna\u00f0 en ver\u00f0leika r\u00e1\u00f0a \u00fev\u00ed hverjir veljast til starfa og f\u00e1 framgang \u00ed st\u00f6\u00f0ur. Konum \u00ed pr\u00f3fessorsst\u00f6\u00f0um og \u00f6\u00f0rum akadem\u00edskum st\u00f6\u00f0um hefur fj\u00f6lga\u00f0 hratt \u00e1 s\u00ed\u00f0ustu \u00e1ratugum. \u00cd dag eru konur \u00ed yfirgn\u00e6fandi meirihluta h\u00e1sk\u00f3lanema. \u00dea\u00f0 eru \u00fev\u00ed allar l\u00edkur \u00e1 a\u00f0 n\u00f3g frambo\u00f0 ver\u00f0i af framb\u00e6rilegum konum \u00ed pr\u00f3fessorsst\u00f6\u00f0ur \u00e1 n\u00e6stu \u00e1rum. \u00dea\u00f0 sama \u00e1 vi\u00f0 um stj\u00f3rnendur, ef svo fer fram sem horfir ver\u00f0a konur \u00ed meirihluta stj\u00f3rnenda eftir nokkur \u00e1r.<\/p>\n<p>\u00c9g tel r\u00e9tt og nau\u00f0synlegt a\u00f0 breyta \u00feeirri stefnu sem H\u00cd hefur vi\u00f0haft gagnvart \u00fatlendingum me\u00f0 \u00fev\u00ed a\u00f0 augl\u00fdsa st\u00f6\u00f0ur seint, illa, \u00e1 s\u00e9r\u00edslenskum vettvangi og stundum eing\u00f6ngu \u00e1 \u00edslensku. \u00dea\u00f0 er ekki gott a\u00f0 segja hversu m\u00f6rgum afbur\u00f0a v\u00edsindakonum og -k\u00f6rlum vi\u00f0 h\u00f6fum misst af vegna \u00feeirrar stefnu a\u00f0 halda utana\u00f0komandi f\u00f3lki fr\u00e1 sk\u00f3lanum.<\/p>\n<p>&nbsp;<\/p>\n<h3><b>\u00c1st\u00e6\u00f0ur \u00feess a\u00f0 kynjahlutf\u00f6ll \u00ed n\u00e1mi hafa breyst<\/b><\/h3>\n<p>Fyrir \u00fev\u00ed eru marg\u00fe\u00e6ttar samf\u00e9lagslegar og p\u00f3lit\u00edskar \u00e1st\u00e6\u00f0ur sem f\u00e9lagsv\u00edsindaf\u00f3lk leitast n\u00fa vi\u00f0 a\u00f0 varpa lj\u00f3si \u00e1.\u00deetta er a\u00f0 m\u00ednu mati \u00e1hugavert en \u00e9g tel \u00fea\u00f0 hvorki \u00e1 valdi n\u00e9 \u00ed verkahring h\u00e1sk\u00f3la a\u00f0 skipta s\u00e9r af n\u00e1msvali kynjanna e\u00f0a reyna a\u00f0 handst\u00fdra piltum \u00ed h\u00e1sk\u00f3lan\u00e1m.<\/p>\n<p>Vi\u00f0 \u00e6ttum l\u00edka a\u00f0 spyrja hvort skynsamlegt s\u00e9 a\u00f0 leggja mikla \u00e1herslu \u00e1 flokkun f\u00f3lks \u00ed konur og karla \u00feegar lj\u00f3st er or\u00f0i\u00f0 a\u00f0 margt f\u00f3lk l\u00edtur ekki \u00e1 sig sem anna\u00f0 hvort karl e\u00f0a konu.<\/p>\n<h6><img loading=\"lazy\" decoding=\"async\" class=\"aligncenter size-full wp-image-560\" src=\"http:\/\/www.norn.is\/einar\/wp-content\/uploads\/sites\/29\/2017\/09\/kynjahlutfll-1024x569.png\" alt=\"\" width=\"1024\" height=\"569\" srcset=\"https:\/\/www.norn.is\/einar\/wp-content\/uploads\/sites\/29\/2017\/09\/kynjahlutfll-1024x569.png 1024w, https:\/\/www.norn.is\/einar\/wp-content\/uploads\/sites\/29\/2017\/09\/kynjahlutfll-1024x569-300x167.png 300w, https:\/\/www.norn.is\/einar\/wp-content\/uploads\/sites\/29\/2017\/09\/kynjahlutfll-1024x569-768x427.png 768w, https:\/\/www.norn.is\/einar\/wp-content\/uploads\/sites\/29\/2017\/09\/kynjahlutfll-1024x569-500x278.png 500w\" sizes=\"auto, (max-width: 1024px) 100vw, 1024px\" \/>Skv n\u00fdjum uppl\u00fdsingum fr\u00e1 Rann\u00eds<\/h6>\n<p>\u2014-<\/p>\n<h6>Einar Steingr\u00edmsson er \u00ed frambo\u00f0i til rektorskj\u00f6rs \u00ed H\u00cd sem fram fer 13. apr\u00edl.<br \/>\nUppl\u00fdsingar um helstu stefnum\u00e1l hans er a\u00f0 finna\u00a0<a href=\"https:\/\/www.facebook.com\/notes\/einar-steingr%C3%ADmsson-rektorskj%C3%B6r-%C3%AD-h%C3%AD\/stefna-m%C3%ADn-fyrir-h%C3%A1sk%C3%B3la-%C3%ADslands\/329731167230618\">h\u00e9r<\/a><\/h6>\n<p>&nbsp;<\/p>\n<p><a href=\"http:\/\/kvennabladid.is\/2015\/03\/26\/jafnrettismal-i-haskola-islands\/\">Einnig birt h\u00e9r<\/a><\/p>\n","protected":false},"excerpt":{"rendered":"<p>Jafnr\u00e9ttisnefnd H\u00e1sk\u00f3la \u00cdslands sendi m\u00e9r eftirfarandi erindi \u00feann 24. mars, vegna\u00a0m\u00e1lfundar sem f\u00e9lag pr\u00f3fessora stendur fyrir \u00ed dag, til kynningar \u00e1 frambj\u00f3\u00f0endum til rektorskj\u00f6rs \u00ed H\u00e1sk\u00f3la \u00cdslands. \u00dear sem efni fundarins var \u00fe\u00e1 l\u00f6ngu \u00e1kve\u00f0i\u00f0 og \u00e9g b\u00fainn a\u00f0 undirb\u00faa &hellip; <a href=\"https:\/\/www.norn.is\/einar\/2015\/03\/26\/jafnrettismal-i-haskola-islands\/\">Halda \u00e1fram a\u00f0 lesa <span class=\"meta-nav\">&rarr;<\/span><\/a><\/p>\n","protected":false},"author":10,"featured_media":0,"comment_status":"open","ping_status":"open","sticky":false,"template":"","format":"standard","meta":{"footnotes":""},"categories":[1,79,190],"tags":[84,221,410,411,403],"class_list":["post-558","post","type-post","status-publish","format-standard","hentry","category-oflokkad","category-haskolamal","category-kynjapolitik","tag-haskoli-islands","tag-jafnretti","tag-jafnrettisnefnd-haskola-islands","tag-kynjahlutfoll","tag-rektorskjor"],"yoast_head":"<!-- This site is optimized with the Yoast SEO plugin v27.5 - https:\/\/yoast.com\/product\/yoast-seo-wordpress\/ -->\n<title>Jafnr\u00e9ttism\u00e1l \u00ed H\u00e1sk\u00f3la \u00cdslands - Einar<\/title>\n<meta name=\"robots\" content=\"index, follow, max-snippet:-1, max-image-preview:large, max-video-preview:-1\" \/>\n<link rel=\"canonical\" href=\"https:\/\/www.norn.is\/einar\/2015\/03\/26\/jafnrettismal-i-haskola-islands\/\" \/>\n<meta property=\"og:locale\" content=\"is_IS\" \/>\n<meta property=\"og:type\" content=\"article\" \/>\n<meta property=\"og:title\" content=\"Jafnr\u00e9ttism\u00e1l \u00ed H\u00e1sk\u00f3la \u00cdslands - Einar\" \/>\n<meta property=\"og:description\" content=\"Jafnr\u00e9ttisnefnd H\u00e1sk\u00f3la \u00cdslands sendi m\u00e9r eftirfarandi erindi \u00feann 24. mars, vegna\u00a0m\u00e1lfundar sem f\u00e9lag pr\u00f3fessora stendur fyrir \u00ed dag, til kynningar \u00e1 frambj\u00f3\u00f0endum til rektorskj\u00f6rs \u00ed H\u00e1sk\u00f3la \u00cdslands. \u00dear sem efni fundarins var \u00fe\u00e1 l\u00f6ngu \u00e1kve\u00f0i\u00f0 og \u00e9g b\u00fainn a\u00f0 undirb\u00faa &hellip; Halda \u00e1fram a\u00f0 lesa &rarr;\" \/>\n<meta property=\"og:url\" content=\"https:\/\/www.norn.is\/einar\/2015\/03\/26\/jafnrettismal-i-haskola-islands\/\" \/>\n<meta property=\"og:site_name\" content=\"Einar\" \/>\n<meta property=\"article:published_time\" content=\"2015-03-26T06:54:43+00:00\" \/>\n<meta property=\"article:modified_time\" content=\"2017-09-24T10:59:30+00:00\" \/>\n<meta property=\"og:image\" content=\"http:\/\/www.norn.is\/einar\/wp-content\/uploads\/sites\/29\/2017\/09\/einar_steingrimsson-688x451.jpg\" \/>\n<meta name=\"author\" content=\"einar\" \/>\n<meta name=\"twitter:card\" content=\"summary_large_image\" \/>\n<meta name=\"twitter:label1\" content=\"Written by\" \/>\n\t<meta name=\"twitter:data1\" content=\"\" \/>\n\t<meta name=\"twitter:label2\" content=\"Est. reading time\" \/>\n\t<meta name=\"twitter:data2\" content=\"7 minutes\" \/>\n<script type=\"application\/ld+json\" class=\"yoast-schema-graph\">{\"@context\":\"https:\\\/\\\/schema.org\",\"@graph\":[{\"@type\":\"Article\",\"@id\":\"https:\\\/\\\/www.norn.is\\\/einar\\\/2015\\\/03\\\/26\\\/jafnrettismal-i-haskola-islands\\\/#article\",\"isPartOf\":{\"@id\":\"https:\\\/\\\/www.norn.is\\\/einar\\\/2015\\\/03\\\/26\\\/jafnrettismal-i-haskola-islands\\\/\"},\"author\":{\"name\":\"einar\",\"@id\":\"https:\\\/\\\/www.norn.is\\\/einar\\\/#\\\/schema\\\/person\\\/19affadb841a22f7bfd4bdcd72a862d0\"},\"headline\":\"Jafnr\u00e9ttism\u00e1l \u00ed H\u00e1sk\u00f3la \u00cdslands\",\"datePublished\":\"2015-03-26T06:54:43+00:00\",\"dateModified\":\"2017-09-24T10:59:30+00:00\",\"mainEntityOfPage\":{\"@id\":\"https:\\\/\\\/www.norn.is\\\/einar\\\/2015\\\/03\\\/26\\\/jafnrettismal-i-haskola-islands\\\/\"},\"wordCount\":1444,\"commentCount\":0,\"image\":{\"@id\":\"https:\\\/\\\/www.norn.is\\\/einar\\\/2015\\\/03\\\/26\\\/jafnrettismal-i-haskola-islands\\\/#primaryimage\"},\"thumbnailUrl\":\"http:\\\/\\\/www.norn.is\\\/einar\\\/wp-content\\\/uploads\\\/sites\\\/29\\\/2017\\\/09\\\/einar_steingrimsson-688x451.jpg\",\"keywords\":[\"H\u00e1sk\u00f3li \u00cdslands\",\"Jafnr\u00e9tti\",\"Jafnr\u00e9ttisnefnd H\u00e1sk\u00f3la \u00cdslands\",\"Kynjahlutf\u00f6ll\",\"Rektorskj\u00f6r\"],\"articleSection\":[\"Allt efni\",\"H\u00e1sk\u00f3lam\u00e1l\",\"Kynjap\u00f3lit\u00edk og jafnr\u00e9ttism\u00e1l\"],\"inLanguage\":\"is\",\"potentialAction\":[{\"@type\":\"CommentAction\",\"name\":\"Comment\",\"target\":[\"https:\\\/\\\/www.norn.is\\\/einar\\\/2015\\\/03\\\/26\\\/jafnrettismal-i-haskola-islands\\\/#respond\"]}]},{\"@type\":\"WebPage\",\"@id\":\"https:\\\/\\\/www.norn.is\\\/einar\\\/2015\\\/03\\\/26\\\/jafnrettismal-i-haskola-islands\\\/\",\"url\":\"https:\\\/\\\/www.norn.is\\\/einar\\\/2015\\\/03\\\/26\\\/jafnrettismal-i-haskola-islands\\\/\",\"name\":\"Jafnr\u00e9ttism\u00e1l \u00ed H\u00e1sk\u00f3la \u00cdslands - Einar\",\"isPartOf\":{\"@id\":\"https:\\\/\\\/www.norn.is\\\/einar\\\/#website\"},\"primaryImageOfPage\":{\"@id\":\"https:\\\/\\\/www.norn.is\\\/einar\\\/2015\\\/03\\\/26\\\/jafnrettismal-i-haskola-islands\\\/#primaryimage\"},\"image\":{\"@id\":\"https:\\\/\\\/www.norn.is\\\/einar\\\/2015\\\/03\\\/26\\\/jafnrettismal-i-haskola-islands\\\/#primaryimage\"},\"thumbnailUrl\":\"http:\\\/\\\/www.norn.is\\\/einar\\\/wp-content\\\/uploads\\\/sites\\\/29\\\/2017\\\/09\\\/einar_steingrimsson-688x451.jpg\",\"datePublished\":\"2015-03-26T06:54:43+00:00\",\"dateModified\":\"2017-09-24T10:59:30+00:00\",\"author\":{\"@id\":\"https:\\\/\\\/www.norn.is\\\/einar\\\/#\\\/schema\\\/person\\\/19affadb841a22f7bfd4bdcd72a862d0\"},\"breadcrumb\":{\"@id\":\"https:\\\/\\\/www.norn.is\\\/einar\\\/2015\\\/03\\\/26\\\/jafnrettismal-i-haskola-islands\\\/#breadcrumb\"},\"inLanguage\":\"is\",\"potentialAction\":[{\"@type\":\"ReadAction\",\"target\":[\"https:\\\/\\\/www.norn.is\\\/einar\\\/2015\\\/03\\\/26\\\/jafnrettismal-i-haskola-islands\\\/\"]}]},{\"@type\":\"ImageObject\",\"inLanguage\":\"is\",\"@id\":\"https:\\\/\\\/www.norn.is\\\/einar\\\/2015\\\/03\\\/26\\\/jafnrettismal-i-haskola-islands\\\/#primaryimage\",\"url\":\"https:\\\/\\\/www.norn.is\\\/einar\\\/wp-content\\\/uploads\\\/sites\\\/29\\\/2017\\\/09\\\/einar_steingrimsson-688x451.jpg\",\"contentUrl\":\"https:\\\/\\\/www.norn.is\\\/einar\\\/wp-content\\\/uploads\\\/sites\\\/29\\\/2017\\\/09\\\/einar_steingrimsson-688x451.jpg\",\"width\":688,\"height\":451},{\"@type\":\"BreadcrumbList\",\"@id\":\"https:\\\/\\\/www.norn.is\\\/einar\\\/2015\\\/03\\\/26\\\/jafnrettismal-i-haskola-islands\\\/#breadcrumb\",\"itemListElement\":[{\"@type\":\"ListItem\",\"position\":1,\"name\":\"Home\",\"item\":\"https:\\\/\\\/www.norn.is\\\/einar\\\/\"},{\"@type\":\"ListItem\",\"position\":2,\"name\":\"Jafnr\u00e9ttism\u00e1l \u00ed H\u00e1sk\u00f3la \u00cdslands\"}]},{\"@type\":\"WebSite\",\"@id\":\"https:\\\/\\\/www.norn.is\\\/einar\\\/#website\",\"url\":\"https:\\\/\\\/www.norn.is\\\/einar\\\/\",\"name\":\"Einar\",\"description\":\"Pistlar Einars Steingr\u00edmssonar\",\"potentialAction\":[{\"@type\":\"SearchAction\",\"target\":{\"@type\":\"EntryPoint\",\"urlTemplate\":\"https:\\\/\\\/www.norn.is\\\/einar\\\/?s={search_term_string}\"},\"query-input\":{\"@type\":\"PropertyValueSpecification\",\"valueRequired\":true,\"valueName\":\"search_term_string\"}}],\"inLanguage\":\"is\"},{\"@type\":\"Person\",\"@id\":\"https:\\\/\\\/www.norn.is\\\/einar\\\/#\\\/schema\\\/person\\\/19affadb841a22f7bfd4bdcd72a862d0\",\"name\":\"einar\",\"image\":{\"@type\":\"ImageObject\",\"inLanguage\":\"is\",\"@id\":\"https:\\\/\\\/secure.gravatar.com\\\/avatar\\\/6f5f5592f3cc45e338376db24f1672c636582d9c27d855e8f077f13ef13b17fd?s=96&d=mm&r=g\",\"url\":\"https:\\\/\\\/secure.gravatar.com\\\/avatar\\\/6f5f5592f3cc45e338376db24f1672c636582d9c27d855e8f077f13ef13b17fd?s=96&d=mm&r=g\",\"contentUrl\":\"https:\\\/\\\/secure.gravatar.com\\\/avatar\\\/6f5f5592f3cc45e338376db24f1672c636582d9c27d855e8f077f13ef13b17fd?s=96&d=mm&r=g\",\"caption\":\"einar\"},\"url\":\"https:\\\/\\\/www.norn.is\\\/einar\\\/author\\\/einarsteingrimsson\\\/\"}]}<\/script>\n<!-- \/ Yoast SEO plugin. -->","yoast_head_json":{"title":"Jafnr\u00e9ttism\u00e1l \u00ed H\u00e1sk\u00f3la \u00cdslands - Einar","robots":{"index":"index","follow":"follow","max-snippet":"max-snippet:-1","max-image-preview":"max-image-preview:large","max-video-preview":"max-video-preview:-1"},"canonical":"https:\/\/www.norn.is\/einar\/2015\/03\/26\/jafnrettismal-i-haskola-islands\/","og_locale":"is_IS","og_type":"article","og_title":"Jafnr\u00e9ttism\u00e1l \u00ed H\u00e1sk\u00f3la \u00cdslands - Einar","og_description":"Jafnr\u00e9ttisnefnd H\u00e1sk\u00f3la \u00cdslands sendi m\u00e9r eftirfarandi erindi \u00feann 24. mars, vegna\u00a0m\u00e1lfundar sem f\u00e9lag pr\u00f3fessora stendur fyrir \u00ed dag, til kynningar \u00e1 frambj\u00f3\u00f0endum til rektorskj\u00f6rs \u00ed H\u00e1sk\u00f3la \u00cdslands. \u00dear sem efni fundarins var \u00fe\u00e1 l\u00f6ngu \u00e1kve\u00f0i\u00f0 og \u00e9g b\u00fainn a\u00f0 undirb\u00faa &hellip; Halda \u00e1fram a\u00f0 lesa &rarr;","og_url":"https:\/\/www.norn.is\/einar\/2015\/03\/26\/jafnrettismal-i-haskola-islands\/","og_site_name":"Einar","article_published_time":"2015-03-26T06:54:43+00:00","article_modified_time":"2017-09-24T10:59:30+00:00","og_image":[{"url":"http:\/\/www.norn.is\/einar\/wp-content\/uploads\/sites\/29\/2017\/09\/einar_steingrimsson-688x451.jpg","type":"","width":"","height":""}],"author":"einar","twitter_card":"summary_large_image","twitter_misc":{"Written by":false,"Est. reading time":"7 minutes"},"schema":{"@context":"https:\/\/schema.org","@graph":[{"@type":"Article","@id":"https:\/\/www.norn.is\/einar\/2015\/03\/26\/jafnrettismal-i-haskola-islands\/#article","isPartOf":{"@id":"https:\/\/www.norn.is\/einar\/2015\/03\/26\/jafnrettismal-i-haskola-islands\/"},"author":{"name":"einar","@id":"https:\/\/www.norn.is\/einar\/#\/schema\/person\/19affadb841a22f7bfd4bdcd72a862d0"},"headline":"Jafnr\u00e9ttism\u00e1l \u00ed H\u00e1sk\u00f3la \u00cdslands","datePublished":"2015-03-26T06:54:43+00:00","dateModified":"2017-09-24T10:59:30+00:00","mainEntityOfPage":{"@id":"https:\/\/www.norn.is\/einar\/2015\/03\/26\/jafnrettismal-i-haskola-islands\/"},"wordCount":1444,"commentCount":0,"image":{"@id":"https:\/\/www.norn.is\/einar\/2015\/03\/26\/jafnrettismal-i-haskola-islands\/#primaryimage"},"thumbnailUrl":"http:\/\/www.norn.is\/einar\/wp-content\/uploads\/sites\/29\/2017\/09\/einar_steingrimsson-688x451.jpg","keywords":["H\u00e1sk\u00f3li \u00cdslands","Jafnr\u00e9tti","Jafnr\u00e9ttisnefnd H\u00e1sk\u00f3la \u00cdslands","Kynjahlutf\u00f6ll","Rektorskj\u00f6r"],"articleSection":["Allt efni","H\u00e1sk\u00f3lam\u00e1l","Kynjap\u00f3lit\u00edk og jafnr\u00e9ttism\u00e1l"],"inLanguage":"is","potentialAction":[{"@type":"CommentAction","name":"Comment","target":["https:\/\/www.norn.is\/einar\/2015\/03\/26\/jafnrettismal-i-haskola-islands\/#respond"]}]},{"@type":"WebPage","@id":"https:\/\/www.norn.is\/einar\/2015\/03\/26\/jafnrettismal-i-haskola-islands\/","url":"https:\/\/www.norn.is\/einar\/2015\/03\/26\/jafnrettismal-i-haskola-islands\/","name":"Jafnr\u00e9ttism\u00e1l \u00ed H\u00e1sk\u00f3la \u00cdslands - Einar","isPartOf":{"@id":"https:\/\/www.norn.is\/einar\/#website"},"primaryImageOfPage":{"@id":"https:\/\/www.norn.is\/einar\/2015\/03\/26\/jafnrettismal-i-haskola-islands\/#primaryimage"},"image":{"@id":"https:\/\/www.norn.is\/einar\/2015\/03\/26\/jafnrettismal-i-haskola-islands\/#primaryimage"},"thumbnailUrl":"http:\/\/www.norn.is\/einar\/wp-content\/uploads\/sites\/29\/2017\/09\/einar_steingrimsson-688x451.jpg","datePublished":"2015-03-26T06:54:43+00:00","dateModified":"2017-09-24T10:59:30+00:00","author":{"@id":"https:\/\/www.norn.is\/einar\/#\/schema\/person\/19affadb841a22f7bfd4bdcd72a862d0"},"breadcrumb":{"@id":"https:\/\/www.norn.is\/einar\/2015\/03\/26\/jafnrettismal-i-haskola-islands\/#breadcrumb"},"inLanguage":"is","potentialAction":[{"@type":"ReadAction","target":["https:\/\/www.norn.is\/einar\/2015\/03\/26\/jafnrettismal-i-haskola-islands\/"]}]},{"@type":"ImageObject","inLanguage":"is","@id":"https:\/\/www.norn.is\/einar\/2015\/03\/26\/jafnrettismal-i-haskola-islands\/#primaryimage","url":"https:\/\/www.norn.is\/einar\/wp-content\/uploads\/sites\/29\/2017\/09\/einar_steingrimsson-688x451.jpg","contentUrl":"https:\/\/www.norn.is\/einar\/wp-content\/uploads\/sites\/29\/2017\/09\/einar_steingrimsson-688x451.jpg","width":688,"height":451},{"@type":"BreadcrumbList","@id":"https:\/\/www.norn.is\/einar\/2015\/03\/26\/jafnrettismal-i-haskola-islands\/#breadcrumb","itemListElement":[{"@type":"ListItem","position":1,"name":"Home","item":"https:\/\/www.norn.is\/einar\/"},{"@type":"ListItem","position":2,"name":"Jafnr\u00e9ttism\u00e1l \u00ed H\u00e1sk\u00f3la \u00cdslands"}]},{"@type":"WebSite","@id":"https:\/\/www.norn.is\/einar\/#website","url":"https:\/\/www.norn.is\/einar\/","name":"Einar","description":"Pistlar Einars Steingr\u00edmssonar","potentialAction":[{"@type":"SearchAction","target":{"@type":"EntryPoint","urlTemplate":"https:\/\/www.norn.is\/einar\/?s={search_term_string}"},"query-input":{"@type":"PropertyValueSpecification","valueRequired":true,"valueName":"search_term_string"}}],"inLanguage":"is"},{"@type":"Person","@id":"https:\/\/www.norn.is\/einar\/#\/schema\/person\/19affadb841a22f7bfd4bdcd72a862d0","name":"einar","image":{"@type":"ImageObject","inLanguage":"is","@id":"https:\/\/secure.gravatar.com\/avatar\/6f5f5592f3cc45e338376db24f1672c636582d9c27d855e8f077f13ef13b17fd?s=96&d=mm&r=g","url":"https:\/\/secure.gravatar.com\/avatar\/6f5f5592f3cc45e338376db24f1672c636582d9c27d855e8f077f13ef13b17fd?s=96&d=mm&r=g","contentUrl":"https:\/\/secure.gravatar.com\/avatar\/6f5f5592f3cc45e338376db24f1672c636582d9c27d855e8f077f13ef13b17fd?s=96&d=mm&r=g","caption":"einar"},"url":"https:\/\/www.norn.is\/einar\/author\/einarsteingrimsson\/"}]}},"_links":{"self":[{"href":"https:\/\/www.norn.is\/einar\/wp-json\/wp\/v2\/posts\/558","targetHints":{"allow":["GET"]}}],"collection":[{"href":"https:\/\/www.norn.is\/einar\/wp-json\/wp\/v2\/posts"}],"about":[{"href":"https:\/\/www.norn.is\/einar\/wp-json\/wp\/v2\/types\/post"}],"author":[{"embeddable":true,"href":"https:\/\/www.norn.is\/einar\/wp-json\/wp\/v2\/users\/10"}],"replies":[{"embeddable":true,"href":"https:\/\/www.norn.is\/einar\/wp-json\/wp\/v2\/comments?post=558"}],"version-history":[{"count":1,"href":"https:\/\/www.norn.is\/einar\/wp-json\/wp\/v2\/posts\/558\/revisions"}],"predecessor-version":[{"id":562,"href":"https:\/\/www.norn.is\/einar\/wp-json\/wp\/v2\/posts\/558\/revisions\/562"}],"wp:attachment":[{"href":"https:\/\/www.norn.is\/einar\/wp-json\/wp\/v2\/media?parent=558"}],"wp:term":[{"taxonomy":"category","embeddable":true,"href":"https:\/\/www.norn.is\/einar\/wp-json\/wp\/v2\/categories?post=558"},{"taxonomy":"post_tag","embeddable":true,"href":"https:\/\/www.norn.is\/einar\/wp-json\/wp\/v2\/tags?post=558"}],"curies":[{"name":"wp","href":"https:\/\/api.w.org\/{rel}","templated":true}]}}