{"id":555,"date":"2015-02-24T06:50:23","date_gmt":"2015-02-24T06:50:23","guid":{"rendered":"http:\/\/www.norn.is\/einar\/?p=555"},"modified":"2017-09-24T10:59:30","modified_gmt":"2017-09-24T10:59:30","slug":"fjarmognun-haskola-islands","status":"publish","type":"post","link":"https:\/\/www.norn.is\/einar\/2015\/02\/24\/fjarmognun-haskola-islands\/","title":{"rendered":"Fj\u00e1rm\u00f6gnun H\u00e1sk\u00f3la \u00cdslands"},"content":{"rendered":"<p><img loading=\"lazy\" decoding=\"async\" class=\"aligncenter size-full wp-image-556\" src=\"http:\/\/www.norn.is\/einar\/wp-content\/uploads\/sites\/29\/2017\/09\/fjarmunir-688x451.jpg\" alt=\"\" width=\"688\" height=\"451\" srcset=\"https:\/\/www.norn.is\/einar\/wp-content\/uploads\/sites\/29\/2017\/09\/fjarmunir-688x451.jpg 688w, https:\/\/www.norn.is\/einar\/wp-content\/uploads\/sites\/29\/2017\/09\/fjarmunir-688x451-300x197.jpg 300w, https:\/\/www.norn.is\/einar\/wp-content\/uploads\/sites\/29\/2017\/09\/fjarmunir-688x451-458x300.jpg 458w\" sizes=\"auto, (max-width: 688px) 100vw, 688px\" \/>\u00cd fr\u00e9ttum\u00a0<a href=\"http:\/\/www.ruv.is\/sarpurinn\/tiufrettir\/23022015\" target=\"_blank\" rel=\"noopener\">R\u00daV \u00ed g\u00e6rkv\u00f6ldi<\/a>\u00a0 (byrjar \u00e1 5:53) t\u00f6lu\u00f0u b\u00e6\u00f0i forseti l\u00e6knadeildar H\u00e1sk\u00f3la \u00cdslands, Magn\u00fas Karl Magn\u00fasson, og h\u00e1sk\u00f3lar\u00e1\u00f0sma\u00f0urinn Jakob \u00d3. Sigur\u00f0sson um b\u00e1ga fj\u00e1rhagsst\u00f6\u00f0u sk\u00f3lans, og Magn\u00fas tala\u00f0i um a\u00f0 \u00fea\u00f0 \u00feyrfti a\u00f0 endurfj\u00e1rmagna h\u00e1sk\u00f3lakerfi\u00f0 \u00ed heild sinni og a\u00f0 \u00feetta \u00feyrftu frambj\u00f3\u00f0endur til rektors H\u00cd a\u00f0 l\u00e1ta til s\u00edn taka.<!--more--><\/p>\n<p>Til a\u00f0 sannf\u00e6ra stj\u00f3rnv\u00f6ld um a\u00f0 skynsamlegt s\u00e9 a\u00f0 veita meira f\u00e9 \u00ed H\u00cd \u00fearf sk\u00f3linn a\u00f0 leggja fram sannf\u00e6randi stefnu sem felur \u00ed s\u00e9r \u00feess konar breytingar \u00e1 starfi hans sem l\u00edklegar eru til a\u00f0 n\u00fdta fj\u00e1rmuni hans betur. Ekki bara til a\u00f0 breg\u00f0ast sem best vi\u00f0 n\u00faverandi fj\u00e1rskorti, heldur l\u00edka til a\u00f0 tryggt s\u00e9 a\u00f0 auki\u00f0 f\u00e9 ver\u00f0i vel nota\u00f0.<\/p>\n<p>Eitt af \u00fev\u00ed sem oft er kvarta\u00f0 yfir, og \u00f6rugglega r\u00e9ttilega, er a\u00f0 \u00ed H\u00cd s\u00e9u of margir nemendur mi\u00f0a\u00f0 vi\u00f0 kennara. Ein lei\u00f0 til a\u00f0 laga \u00feetta er a\u00f0 fj\u00f6lga kennurum. Hin lei\u00f0in er a\u00f0 f\u00e6kka nemendum, og vi\u00f0 ver\u00f0um a\u00f0 vera tilb\u00fain a\u00f0 r\u00e6\u00f0a \u00feann m\u00f6guleika, og hvort \u00fea\u00f0 s\u00e9 e.t.v. skynsamlegt \u00fat fr\u00e1 g\u00e6\u00f0um sk\u00f3lans, jafnvel \u00fe\u00f3tt hann fengi miklu meira f\u00e9. \u00de\u00f3tt vissulega s\u00e9 h\u00e6gt a\u00f0 \u00fej\u00f3na \u00fe\u00f6rfum nemenda me\u00f0 talsvert \u00f3l\u00edkan bakgrunn og getu eru takm\u00f6rk fyrir \u00fev\u00ed hversu mikil s\u00fa breidd m\u00e1 vera \u00e1\u00f0ur en h\u00fan kemur ni\u00f0ur \u00e1 kennslunni.<\/p>\n<p>\u00dea\u00f0 hefur veri\u00f0 r\u00e6tt um a\u00f0 endurskipuleggja h\u00e1sk\u00f3lakerfi\u00f0 \u00ed heild sinni fr\u00e1 \u00fev\u00ed fyrir hrun. Eftir hrun var tala\u00f0 um \u00fea\u00f0 sem nau\u00f0syn, \u00ed lj\u00f3si yfirvofandi ni\u00f0urskur\u00f0ar, en \u00fat \u00far \u00fev\u00ed kom n\u00e1kv\u00e6mlega ekki neitt. Eitt af \u00fev\u00ed sem H\u00e1sk\u00f3li \u00cdslands \u00e6tti a\u00f0 vera tilb\u00fainn a\u00f0 r\u00e6\u00f0a \u00ed \u00feeim efnum er hvort \u00cdsland \u00e6tti a\u00f0 hafa svipa\u00f0 tv\u00edskipt kerfi og er \u00ed flestum samb\u00e6rilegum l\u00f6ndum, \u00fear sem l\u00edtill hluti nemenda stundar n\u00e1m \u00ed h\u00e1sk\u00f3lum me\u00f0 mikla \u00e1herslu \u00e1 ranns\u00f3knir, en meirihlutinn \u00ed sk\u00f3lum \u00fear sem \u00e1herslan er \u00e1 kennslu. \u00dea\u00f0 er a.m.k. erfitt a\u00f0 skilja af hverju \u00cdsland \u00e1 a\u00f0 geta sta\u00f0i\u00f0 undir h\u00e1sk\u00f3lakerfi \u00fear sem allt akadem\u00edskt starfsf\u00f3lk hefur ranns\u00f3knaskyldu.<\/p>\n<p>Ein lei\u00f0 til a\u00f0 n\u00fdta f\u00e9 H\u00cd betur er a\u00f0 afl\u00e9tta ranns\u00f3knaskyldunni \u00e1 \u00fev\u00ed starfsf\u00f3lki sem ekki stundar ranns\u00f3knir af \u00feeim g\u00e6\u00f0um sem stefna sk\u00f3lans mi\u00f0ast vi\u00f0 a\u00f0 efla, \u00fe.e.a.s. ranns\u00f3knum sem standast al\u00fej\u00f3\u00f0legan samanbur\u00f0. \u00deannig myndi sparast mikill t\u00edmi, sem h\u00e6gt v\u00e6ri a\u00f0 nota \u00ed anna\u00f0, me\u00f0al annars a\u00f0 sinna kennslu og \u00fer\u00f3un hennar betur.<\/p>\n<p>H\u00e9r m\u00e1 lesa um\u00a0<a href=\"http:\/\/blog.pressan.is\/einar\/2015\/02\/12\/saeki-um-starf-rektors-vid-haskola-islands\/\" target=\"_blank\" rel=\"noopener\">heildarstefnu m\u00edn fyrir H\u00cd<\/a>.<\/p>\n<p><a href=\"http:\/\/kvennabladid.is\/2015\/02\/24\/fjarmognun-haskola-islands\/\">Einnig birt h\u00e9r<\/a><\/p>\n","protected":false},"excerpt":{"rendered":"<p>\u00cd fr\u00e9ttum\u00a0R\u00daV \u00ed g\u00e6rkv\u00f6ldi\u00a0 (byrjar \u00e1 5:53) t\u00f6lu\u00f0u b\u00e6\u00f0i forseti l\u00e6knadeildar H\u00e1sk\u00f3la \u00cdslands, Magn\u00fas Karl Magn\u00fasson, og h\u00e1sk\u00f3lar\u00e1\u00f0sma\u00f0urinn Jakob \u00d3. Sigur\u00f0sson um b\u00e1ga fj\u00e1rhagsst\u00f6\u00f0u sk\u00f3lans, og Magn\u00fas tala\u00f0i um a\u00f0 \u00fea\u00f0 \u00feyrfti a\u00f0 endurfj\u00e1rmagna h\u00e1sk\u00f3lakerfi\u00f0 \u00ed heild sinni og a\u00f0 &hellip; <a href=\"https:\/\/www.norn.is\/einar\/2015\/02\/24\/fjarmognun-haskola-islands\/\">Halda \u00e1fram a\u00f0 lesa <span class=\"meta-nav\">&rarr;<\/span><\/a><\/p>\n","protected":false},"author":10,"featured_media":0,"comment_status":"open","ping_status":"open","sticky":false,"template":"","format":"standard","meta":{"footnotes":""},"categories":[1,79],"tags":[407,84,409,408,403],"class_list":["post-555","post","type-post","status-publish","format-standard","hentry","category-oflokkad","category-haskolamal","tag-fjarmognun-hi","tag-haskoli-islands","tag-jakob-o-sigurdsson","tag-magnus-karl-magnusson","tag-rektorskjor"],"yoast_head":"<!-- This site is optimized with the Yoast SEO plugin v27.5 - https:\/\/yoast.com\/product\/yoast-seo-wordpress\/ -->\n<title>Fj\u00e1rm\u00f6gnun H\u00e1sk\u00f3la \u00cdslands - Einar<\/title>\n<meta name=\"robots\" content=\"index, follow, max-snippet:-1, max-image-preview:large, max-video-preview:-1\" \/>\n<link rel=\"canonical\" href=\"https:\/\/www.norn.is\/einar\/2015\/02\/24\/fjarmognun-haskola-islands\/\" \/>\n<meta property=\"og:locale\" content=\"is_IS\" \/>\n<meta property=\"og:type\" content=\"article\" \/>\n<meta property=\"og:title\" content=\"Fj\u00e1rm\u00f6gnun H\u00e1sk\u00f3la \u00cdslands - Einar\" \/>\n<meta property=\"og:description\" content=\"\u00cd fr\u00e9ttum\u00a0R\u00daV \u00ed g\u00e6rkv\u00f6ldi\u00a0 (byrjar \u00e1 5:53) t\u00f6lu\u00f0u b\u00e6\u00f0i forseti l\u00e6knadeildar H\u00e1sk\u00f3la \u00cdslands, Magn\u00fas Karl Magn\u00fasson, og h\u00e1sk\u00f3lar\u00e1\u00f0sma\u00f0urinn Jakob \u00d3. Sigur\u00f0sson um b\u00e1ga fj\u00e1rhagsst\u00f6\u00f0u sk\u00f3lans, og Magn\u00fas tala\u00f0i um a\u00f0 \u00fea\u00f0 \u00feyrfti a\u00f0 endurfj\u00e1rmagna h\u00e1sk\u00f3lakerfi\u00f0 \u00ed heild sinni og a\u00f0 &hellip; Halda \u00e1fram a\u00f0 lesa &rarr;\" \/>\n<meta property=\"og:url\" content=\"https:\/\/www.norn.is\/einar\/2015\/02\/24\/fjarmognun-haskola-islands\/\" \/>\n<meta property=\"og:site_name\" content=\"Einar\" \/>\n<meta property=\"article:published_time\" content=\"2015-02-24T06:50:23+00:00\" \/>\n<meta property=\"article:modified_time\" content=\"2017-09-24T10:59:30+00:00\" \/>\n<meta property=\"og:image\" content=\"http:\/\/www.norn.is\/einar\/wp-content\/uploads\/sites\/29\/2017\/09\/fjarmunir-688x451.jpg\" \/>\n<meta name=\"author\" content=\"einar\" \/>\n<meta name=\"twitter:card\" content=\"summary_large_image\" \/>\n<meta name=\"twitter:label1\" content=\"Written by\" \/>\n\t<meta name=\"twitter:data1\" content=\"\" \/>\n\t<meta name=\"twitter:label2\" content=\"Est. reading time\" \/>\n\t<meta name=\"twitter:data2\" content=\"2 minutes\" \/>\n<script type=\"application\/ld+json\" class=\"yoast-schema-graph\">{\"@context\":\"https:\\\/\\\/schema.org\",\"@graph\":[{\"@type\":\"Article\",\"@id\":\"https:\\\/\\\/www.norn.is\\\/einar\\\/2015\\\/02\\\/24\\\/fjarmognun-haskola-islands\\\/#article\",\"isPartOf\":{\"@id\":\"https:\\\/\\\/www.norn.is\\\/einar\\\/2015\\\/02\\\/24\\\/fjarmognun-haskola-islands\\\/\"},\"author\":{\"name\":\"einar\",\"@id\":\"https:\\\/\\\/www.norn.is\\\/einar\\\/#\\\/schema\\\/person\\\/19affadb841a22f7bfd4bdcd72a862d0\"},\"headline\":\"Fj\u00e1rm\u00f6gnun H\u00e1sk\u00f3la \u00cdslands\",\"datePublished\":\"2015-02-24T06:50:23+00:00\",\"dateModified\":\"2017-09-24T10:59:30+00:00\",\"mainEntityOfPage\":{\"@id\":\"https:\\\/\\\/www.norn.is\\\/einar\\\/2015\\\/02\\\/24\\\/fjarmognun-haskola-islands\\\/\"},\"wordCount\":487,\"commentCount\":0,\"image\":{\"@id\":\"https:\\\/\\\/www.norn.is\\\/einar\\\/2015\\\/02\\\/24\\\/fjarmognun-haskola-islands\\\/#primaryimage\"},\"thumbnailUrl\":\"http:\\\/\\\/www.norn.is\\\/einar\\\/wp-content\\\/uploads\\\/sites\\\/29\\\/2017\\\/09\\\/fjarmunir-688x451.jpg\",\"keywords\":[\"Fj\u00e1rm\u00f6gnun H\u00cd\",\"H\u00e1sk\u00f3li \u00cdslands\",\"Jakob \u00d3. Sigur\u00f0sson\",\"Magn\u00fas Karl Magn\u00fasson\",\"Rektorskj\u00f6r\"],\"articleSection\":[\"Allt efni\",\"H\u00e1sk\u00f3lam\u00e1l\"],\"inLanguage\":\"is\",\"potentialAction\":[{\"@type\":\"CommentAction\",\"name\":\"Comment\",\"target\":[\"https:\\\/\\\/www.norn.is\\\/einar\\\/2015\\\/02\\\/24\\\/fjarmognun-haskola-islands\\\/#respond\"]}]},{\"@type\":\"WebPage\",\"@id\":\"https:\\\/\\\/www.norn.is\\\/einar\\\/2015\\\/02\\\/24\\\/fjarmognun-haskola-islands\\\/\",\"url\":\"https:\\\/\\\/www.norn.is\\\/einar\\\/2015\\\/02\\\/24\\\/fjarmognun-haskola-islands\\\/\",\"name\":\"Fj\u00e1rm\u00f6gnun H\u00e1sk\u00f3la \u00cdslands - Einar\",\"isPartOf\":{\"@id\":\"https:\\\/\\\/www.norn.is\\\/einar\\\/#website\"},\"primaryImageOfPage\":{\"@id\":\"https:\\\/\\\/www.norn.is\\\/einar\\\/2015\\\/02\\\/24\\\/fjarmognun-haskola-islands\\\/#primaryimage\"},\"image\":{\"@id\":\"https:\\\/\\\/www.norn.is\\\/einar\\\/2015\\\/02\\\/24\\\/fjarmognun-haskola-islands\\\/#primaryimage\"},\"thumbnailUrl\":\"http:\\\/\\\/www.norn.is\\\/einar\\\/wp-content\\\/uploads\\\/sites\\\/29\\\/2017\\\/09\\\/fjarmunir-688x451.jpg\",\"datePublished\":\"2015-02-24T06:50:23+00:00\",\"dateModified\":\"2017-09-24T10:59:30+00:00\",\"author\":{\"@id\":\"https:\\\/\\\/www.norn.is\\\/einar\\\/#\\\/schema\\\/person\\\/19affadb841a22f7bfd4bdcd72a862d0\"},\"breadcrumb\":{\"@id\":\"https:\\\/\\\/www.norn.is\\\/einar\\\/2015\\\/02\\\/24\\\/fjarmognun-haskola-islands\\\/#breadcrumb\"},\"inLanguage\":\"is\",\"potentialAction\":[{\"@type\":\"ReadAction\",\"target\":[\"https:\\\/\\\/www.norn.is\\\/einar\\\/2015\\\/02\\\/24\\\/fjarmognun-haskola-islands\\\/\"]}]},{\"@type\":\"ImageObject\",\"inLanguage\":\"is\",\"@id\":\"https:\\\/\\\/www.norn.is\\\/einar\\\/2015\\\/02\\\/24\\\/fjarmognun-haskola-islands\\\/#primaryimage\",\"url\":\"https:\\\/\\\/www.norn.is\\\/einar\\\/wp-content\\\/uploads\\\/sites\\\/29\\\/2017\\\/09\\\/fjarmunir-688x451.jpg\",\"contentUrl\":\"https:\\\/\\\/www.norn.is\\\/einar\\\/wp-content\\\/uploads\\\/sites\\\/29\\\/2017\\\/09\\\/fjarmunir-688x451.jpg\",\"width\":688,\"height\":451},{\"@type\":\"BreadcrumbList\",\"@id\":\"https:\\\/\\\/www.norn.is\\\/einar\\\/2015\\\/02\\\/24\\\/fjarmognun-haskola-islands\\\/#breadcrumb\",\"itemListElement\":[{\"@type\":\"ListItem\",\"position\":1,\"name\":\"Home\",\"item\":\"https:\\\/\\\/www.norn.is\\\/einar\\\/\"},{\"@type\":\"ListItem\",\"position\":2,\"name\":\"Fj\u00e1rm\u00f6gnun H\u00e1sk\u00f3la \u00cdslands\"}]},{\"@type\":\"WebSite\",\"@id\":\"https:\\\/\\\/www.norn.is\\\/einar\\\/#website\",\"url\":\"https:\\\/\\\/www.norn.is\\\/einar\\\/\",\"name\":\"Einar\",\"description\":\"Pistlar Einars Steingr\u00edmssonar\",\"potentialAction\":[{\"@type\":\"SearchAction\",\"target\":{\"@type\":\"EntryPoint\",\"urlTemplate\":\"https:\\\/\\\/www.norn.is\\\/einar\\\/?s={search_term_string}\"},\"query-input\":{\"@type\":\"PropertyValueSpecification\",\"valueRequired\":true,\"valueName\":\"search_term_string\"}}],\"inLanguage\":\"is\"},{\"@type\":\"Person\",\"@id\":\"https:\\\/\\\/www.norn.is\\\/einar\\\/#\\\/schema\\\/person\\\/19affadb841a22f7bfd4bdcd72a862d0\",\"name\":\"einar\",\"image\":{\"@type\":\"ImageObject\",\"inLanguage\":\"is\",\"@id\":\"https:\\\/\\\/secure.gravatar.com\\\/avatar\\\/6f5f5592f3cc45e338376db24f1672c636582d9c27d855e8f077f13ef13b17fd?s=96&d=mm&r=g\",\"url\":\"https:\\\/\\\/secure.gravatar.com\\\/avatar\\\/6f5f5592f3cc45e338376db24f1672c636582d9c27d855e8f077f13ef13b17fd?s=96&d=mm&r=g\",\"contentUrl\":\"https:\\\/\\\/secure.gravatar.com\\\/avatar\\\/6f5f5592f3cc45e338376db24f1672c636582d9c27d855e8f077f13ef13b17fd?s=96&d=mm&r=g\",\"caption\":\"einar\"},\"url\":\"https:\\\/\\\/www.norn.is\\\/einar\\\/author\\\/einarsteingrimsson\\\/\"}]}<\/script>\n<!-- \/ Yoast SEO plugin. -->","yoast_head_json":{"title":"Fj\u00e1rm\u00f6gnun H\u00e1sk\u00f3la \u00cdslands - Einar","robots":{"index":"index","follow":"follow","max-snippet":"max-snippet:-1","max-image-preview":"max-image-preview:large","max-video-preview":"max-video-preview:-1"},"canonical":"https:\/\/www.norn.is\/einar\/2015\/02\/24\/fjarmognun-haskola-islands\/","og_locale":"is_IS","og_type":"article","og_title":"Fj\u00e1rm\u00f6gnun H\u00e1sk\u00f3la \u00cdslands - Einar","og_description":"\u00cd fr\u00e9ttum\u00a0R\u00daV \u00ed g\u00e6rkv\u00f6ldi\u00a0 (byrjar \u00e1 5:53) t\u00f6lu\u00f0u b\u00e6\u00f0i forseti l\u00e6knadeildar H\u00e1sk\u00f3la \u00cdslands, Magn\u00fas Karl Magn\u00fasson, og h\u00e1sk\u00f3lar\u00e1\u00f0sma\u00f0urinn Jakob \u00d3. Sigur\u00f0sson um b\u00e1ga fj\u00e1rhagsst\u00f6\u00f0u sk\u00f3lans, og Magn\u00fas tala\u00f0i um a\u00f0 \u00fea\u00f0 \u00feyrfti a\u00f0 endurfj\u00e1rmagna h\u00e1sk\u00f3lakerfi\u00f0 \u00ed heild sinni og a\u00f0 &hellip; Halda \u00e1fram a\u00f0 lesa &rarr;","og_url":"https:\/\/www.norn.is\/einar\/2015\/02\/24\/fjarmognun-haskola-islands\/","og_site_name":"Einar","article_published_time":"2015-02-24T06:50:23+00:00","article_modified_time":"2017-09-24T10:59:30+00:00","og_image":[{"url":"http:\/\/www.norn.is\/einar\/wp-content\/uploads\/sites\/29\/2017\/09\/fjarmunir-688x451.jpg","type":"","width":"","height":""}],"author":"einar","twitter_card":"summary_large_image","twitter_misc":{"Written by":false,"Est. reading time":"2 minutes"},"schema":{"@context":"https:\/\/schema.org","@graph":[{"@type":"Article","@id":"https:\/\/www.norn.is\/einar\/2015\/02\/24\/fjarmognun-haskola-islands\/#article","isPartOf":{"@id":"https:\/\/www.norn.is\/einar\/2015\/02\/24\/fjarmognun-haskola-islands\/"},"author":{"name":"einar","@id":"https:\/\/www.norn.is\/einar\/#\/schema\/person\/19affadb841a22f7bfd4bdcd72a862d0"},"headline":"Fj\u00e1rm\u00f6gnun H\u00e1sk\u00f3la \u00cdslands","datePublished":"2015-02-24T06:50:23+00:00","dateModified":"2017-09-24T10:59:30+00:00","mainEntityOfPage":{"@id":"https:\/\/www.norn.is\/einar\/2015\/02\/24\/fjarmognun-haskola-islands\/"},"wordCount":487,"commentCount":0,"image":{"@id":"https:\/\/www.norn.is\/einar\/2015\/02\/24\/fjarmognun-haskola-islands\/#primaryimage"},"thumbnailUrl":"http:\/\/www.norn.is\/einar\/wp-content\/uploads\/sites\/29\/2017\/09\/fjarmunir-688x451.jpg","keywords":["Fj\u00e1rm\u00f6gnun H\u00cd","H\u00e1sk\u00f3li \u00cdslands","Jakob \u00d3. Sigur\u00f0sson","Magn\u00fas Karl Magn\u00fasson","Rektorskj\u00f6r"],"articleSection":["Allt efni","H\u00e1sk\u00f3lam\u00e1l"],"inLanguage":"is","potentialAction":[{"@type":"CommentAction","name":"Comment","target":["https:\/\/www.norn.is\/einar\/2015\/02\/24\/fjarmognun-haskola-islands\/#respond"]}]},{"@type":"WebPage","@id":"https:\/\/www.norn.is\/einar\/2015\/02\/24\/fjarmognun-haskola-islands\/","url":"https:\/\/www.norn.is\/einar\/2015\/02\/24\/fjarmognun-haskola-islands\/","name":"Fj\u00e1rm\u00f6gnun H\u00e1sk\u00f3la \u00cdslands - Einar","isPartOf":{"@id":"https:\/\/www.norn.is\/einar\/#website"},"primaryImageOfPage":{"@id":"https:\/\/www.norn.is\/einar\/2015\/02\/24\/fjarmognun-haskola-islands\/#primaryimage"},"image":{"@id":"https:\/\/www.norn.is\/einar\/2015\/02\/24\/fjarmognun-haskola-islands\/#primaryimage"},"thumbnailUrl":"http:\/\/www.norn.is\/einar\/wp-content\/uploads\/sites\/29\/2017\/09\/fjarmunir-688x451.jpg","datePublished":"2015-02-24T06:50:23+00:00","dateModified":"2017-09-24T10:59:30+00:00","author":{"@id":"https:\/\/www.norn.is\/einar\/#\/schema\/person\/19affadb841a22f7bfd4bdcd72a862d0"},"breadcrumb":{"@id":"https:\/\/www.norn.is\/einar\/2015\/02\/24\/fjarmognun-haskola-islands\/#breadcrumb"},"inLanguage":"is","potentialAction":[{"@type":"ReadAction","target":["https:\/\/www.norn.is\/einar\/2015\/02\/24\/fjarmognun-haskola-islands\/"]}]},{"@type":"ImageObject","inLanguage":"is","@id":"https:\/\/www.norn.is\/einar\/2015\/02\/24\/fjarmognun-haskola-islands\/#primaryimage","url":"https:\/\/www.norn.is\/einar\/wp-content\/uploads\/sites\/29\/2017\/09\/fjarmunir-688x451.jpg","contentUrl":"https:\/\/www.norn.is\/einar\/wp-content\/uploads\/sites\/29\/2017\/09\/fjarmunir-688x451.jpg","width":688,"height":451},{"@type":"BreadcrumbList","@id":"https:\/\/www.norn.is\/einar\/2015\/02\/24\/fjarmognun-haskola-islands\/#breadcrumb","itemListElement":[{"@type":"ListItem","position":1,"name":"Home","item":"https:\/\/www.norn.is\/einar\/"},{"@type":"ListItem","position":2,"name":"Fj\u00e1rm\u00f6gnun H\u00e1sk\u00f3la \u00cdslands"}]},{"@type":"WebSite","@id":"https:\/\/www.norn.is\/einar\/#website","url":"https:\/\/www.norn.is\/einar\/","name":"Einar","description":"Pistlar Einars Steingr\u00edmssonar","potentialAction":[{"@type":"SearchAction","target":{"@type":"EntryPoint","urlTemplate":"https:\/\/www.norn.is\/einar\/?s={search_term_string}"},"query-input":{"@type":"PropertyValueSpecification","valueRequired":true,"valueName":"search_term_string"}}],"inLanguage":"is"},{"@type":"Person","@id":"https:\/\/www.norn.is\/einar\/#\/schema\/person\/19affadb841a22f7bfd4bdcd72a862d0","name":"einar","image":{"@type":"ImageObject","inLanguage":"is","@id":"https:\/\/secure.gravatar.com\/avatar\/6f5f5592f3cc45e338376db24f1672c636582d9c27d855e8f077f13ef13b17fd?s=96&d=mm&r=g","url":"https:\/\/secure.gravatar.com\/avatar\/6f5f5592f3cc45e338376db24f1672c636582d9c27d855e8f077f13ef13b17fd?s=96&d=mm&r=g","contentUrl":"https:\/\/secure.gravatar.com\/avatar\/6f5f5592f3cc45e338376db24f1672c636582d9c27d855e8f077f13ef13b17fd?s=96&d=mm&r=g","caption":"einar"},"url":"https:\/\/www.norn.is\/einar\/author\/einarsteingrimsson\/"}]}},"_links":{"self":[{"href":"https:\/\/www.norn.is\/einar\/wp-json\/wp\/v2\/posts\/555","targetHints":{"allow":["GET"]}}],"collection":[{"href":"https:\/\/www.norn.is\/einar\/wp-json\/wp\/v2\/posts"}],"about":[{"href":"https:\/\/www.norn.is\/einar\/wp-json\/wp\/v2\/types\/post"}],"author":[{"embeddable":true,"href":"https:\/\/www.norn.is\/einar\/wp-json\/wp\/v2\/users\/10"}],"replies":[{"embeddable":true,"href":"https:\/\/www.norn.is\/einar\/wp-json\/wp\/v2\/comments?post=555"}],"version-history":[{"count":1,"href":"https:\/\/www.norn.is\/einar\/wp-json\/wp\/v2\/posts\/555\/revisions"}],"predecessor-version":[{"id":557,"href":"https:\/\/www.norn.is\/einar\/wp-json\/wp\/v2\/posts\/555\/revisions\/557"}],"wp:attachment":[{"href":"https:\/\/www.norn.is\/einar\/wp-json\/wp\/v2\/media?parent=555"}],"wp:term":[{"taxonomy":"category","embeddable":true,"href":"https:\/\/www.norn.is\/einar\/wp-json\/wp\/v2\/categories?post=555"},{"taxonomy":"post_tag","embeddable":true,"href":"https:\/\/www.norn.is\/einar\/wp-json\/wp\/v2\/tags?post=555"}],"curies":[{"name":"wp","href":"https:\/\/api.w.org\/{rel}","templated":true}]}}