{"id":547,"date":"2015-01-28T06:37:40","date_gmt":"2015-01-28T06:37:40","guid":{"rendered":"http:\/\/www.norn.is\/einar\/?p=547"},"modified":"2017-09-24T11:53:17","modified_gmt":"2017-09-24T11:53:17","slug":"rettleysi-fataekra-og-tilfinningarok-audi-svarad","status":"publish","type":"post","link":"https:\/\/www.norn.is\/einar\/2015\/01\/28\/rettleysi-fataekra-og-tilfinningarok-audi-svarad\/","title":{"rendered":"R\u00e9ttleysi f\u00e1t\u00e6kra og tilfinningar\u00f6k \u2013 Au\u00f0i svara\u00f0"},"content":{"rendered":"<p><img loading=\"lazy\" decoding=\"async\" class=\"aligncenter size-full wp-image-548\" src=\"http:\/\/www.norn.is\/einar\/wp-content\/uploads\/sites\/29\/2017\/09\/screenshot-2015-01-28-15-23-11-688x451.jpg\" alt=\"\" width=\"688\" height=\"451\" srcset=\"https:\/\/www.norn.is\/einar\/wp-content\/uploads\/sites\/29\/2017\/09\/screenshot-2015-01-28-15-23-11-688x451.jpg 688w, https:\/\/www.norn.is\/einar\/wp-content\/uploads\/sites\/29\/2017\/09\/screenshot-2015-01-28-15-23-11-688x451-300x197.jpg 300w, https:\/\/www.norn.is\/einar\/wp-content\/uploads\/sites\/29\/2017\/09\/screenshot-2015-01-28-15-23-11-688x451-458x300.jpg 458w\" sizes=\"auto, (max-width: 688px) 100vw, 688px\" \/><\/p>\n<p>Au\u00f0ur Styrk\u00e1rsd\u00f3ttir skrifa\u00f0i \u00ed g\u00e6r grein \u00ed Kvennabla\u00f0i\u00f0 sem h\u00fan nefnir \u201e<a href=\"http:\/\/kvennabladid.is\/2015\/01\/27\/rangfaerslur-um-kosningarettinn\/\" target=\"_blank\" rel=\"noopener\">Rangf\u00e6rslur um kosningar\u00e9ttinn<\/a>\u201c og telur sig \u00feurfa a\u00f0 \u201elei\u00f0r\u00e9tta \u00fea\u00f0 sem rangt er fari\u00f0 me\u00f0\u201c \u00ed grein eftir\u00a0<a href=\"http:\/\/kvennabladid.is\/2015\/01\/24\/prudmenni-i-pilsvasa\/\" target=\"_blank\" rel=\"noopener\">Steinunni \u00d3l\u00ednu<\/a>\u00a0og\u00a0<a href=\"http:\/\/kvennabladid.is\/2015\/01\/22\/hvenaer-fengu-karlar-kosningarett\/\" target=\"_blank\" rel=\"noopener\">annarri eftir mig<\/a>, um kosningar\u00e9tt kvenna og karla.<!--more--><\/p>\n<p>\u00dea\u00f0 eina sem h\u00fan fjallar um \u00ed minni grein, og sem h\u00fan segir sj\u00e1lf a\u00f0 sn\u00faist um smekk (og \u00fear me\u00f0 ekki um r\u00e9tt e\u00f0a rangt), er hvort \u00fea\u00f0 hafi veri\u00f0 r\u00e9tt hj\u00e1 m\u00e9r a\u00f0 tala um \u00fea\u00f0 sem \u201ealmennan\u201c r\u00e9tt \u00feegar konur 40 \u00e1ra og eldri fengu kosningar\u00e9tt. (\u00dea\u00f0 ger\u00f0ist ekki 1915, eins og l\u00f6ngum hefur veri\u00f0 haldi\u00f0 fram, heldur 1916, eins og Steinunn \u00d3l\u00edna\u00a0<a href=\"http:\/\/kvennabladid.is\/2015\/01\/28\/skommin-hann-jon-audi-styrkarsdottur-svarad\/\">greinir h\u00e9r fr\u00e1<\/a>, og athyglisvert a\u00f0 \u00fea\u00f0 f\u00f3lk sem hefur rannsaka\u00f0 \u00feetta m\u00e1l og tala\u00f0 svo miki\u00f0 um \u00fea\u00f0 skuli ekki hafa \u00e1tta\u00f0 sig \u00e1 \u00feessu.)<\/p>\n<p>\u00dea\u00f0 er vissulega r\u00e9tt hj\u00e1 Au\u00f0i a\u00f0 auk aldurstakmarkana (upphaflega vi\u00f0 40 \u00e1r) voru sett fleiri skilyr\u00f0i fyrir kosningar\u00e9tti, svo sem a\u00f0 manneskja m\u00e6tti ekki hafa veri\u00f0 svipt fj\u00e1rr\u00e6\u00f0i e\u00f0a hafa \u201e\u00f3hreint\u201c sakavottor\u00f0. \u00dea\u00f0 m\u00e1 \u00fev\u00ed alveg til sanns vegar f\u00e6ra sem Au\u00f0ur segir a\u00f0 \u00e9g hafi nota\u00f0 or\u00f0i\u00f0 \u201ealmennur\u201c of frj\u00e1lslega um \u00feann kosningar\u00e9tt sem konur 40 \u00e1ra og eldri fengu 1916, sem og jafngamlir karlar sem \u00e1\u00f0ur h\u00f6f\u00f0u ekki noti\u00f0 hans, af \u00fev\u00ed a\u00f0 \u00feeir voru verkamenn e\u00f0a vinnumenn.<\/p>\n<p>En \u00fea\u00f0 \u00e6tti hins vegar a\u00f0 vera lj\u00f3st af \u00fev\u00ed sem \u00e9g sag\u00f0i a\u00f0 \u00e9g var a\u00f0 benda \u00e1 a\u00f0 \u00fea\u00f0 voru ekki bara konur yfir 40 \u00e1ra aldri sem fengu \u00fearna kosningar\u00e9tt \u00ed fyrsta sinn, heldur l\u00edka margir karlar \u00e1 sama aldri. A\u00f0 lakast settu karlarnir \u00ed samf\u00e9laginu voru a\u00f0 \u00feessu leyti alveg jafn k\u00faga\u00f0ir og konur almennt. Og a\u00f0 \u00fer\u00e1tt fyrir allt \u00fea\u00f0 sem skrifa\u00f0 hefur veri\u00f0 og tala\u00f0 um mikilv\u00e6gi \u00feessa \u00e1fanga hefur n\u00e1nast aldrei veri\u00f0 minnst \u00e1 \u00feessa karla, sem tilheyr\u00f0u \u00feeim l\u00e6gstsettu \u00ed samf\u00e9laginu.<\/p>\n<p>Alveg s\u00e9rstaklega var \u00e9g a\u00f0 vekja athygli \u00e1 \u00fev\u00ed sem m\u00e9r finnst vera \u201es\u00f6guf\u00f6r\u00f0un\u201c \u00ed umfj\u00f6lluninni um \u00feetta m\u00e1l, a\u00f0 \u00fea\u00f0 er jafnan tala\u00f0 eins og \u00feessir l\u00e6gst settu karlar skipti engu m\u00e1li. \u00deannig er \u00fea\u00f0 nefnilega oft enn \u00feann dag \u00ed dag, a\u00f0 \u00feeir karlar sem verst hafa \u00fea\u00f0 \u00ed samf\u00e9laginu eru s\u00edst \u00ed betri st\u00f6\u00f0u en l\u00e6gst settur konurnar, og \u00e1 \u00feessu vir\u00f0ist l\u00edtil breyting hafa or\u00f0i\u00f0, enda eiga \u00feessir karlar s\u00e9r f\u00e1a m\u00e1lsvara. Og \u201ejafnr\u00e9ttisbar\u00e1tta\u201c \u00feeirra sem aldrei tala um anna\u00f0 en meinta mismunun gagnvart konum er ekki meiri jafnr\u00e9ttisbar\u00e1tta en svo a\u00f0 karlar eru \u00fear einfaldlega ekki taldir me\u00f0.<\/p>\n<p>Au\u00f0ur segir l\u00edka a\u00f0 \u00fea\u00f0 hafi veri\u00f0 14% karla sem fengu kosningar\u00e9tt 1916, og setur spurningamerki vi\u00f0 \u00fea\u00f0 hvort \u00fea\u00f0 hafi veri\u00f0 \u201est\u00f3r hluti\u201c karla (eins og Steinunn \u00d3l\u00edna tala\u00f0i um). Au\u00f0vita\u00f0 m\u00e1 deila um \u00fea\u00f0 hva\u00f0 s\u00e9 st\u00f3rt \u00ed \u00feessu samhengi, en \u00e9g s\u00e9 ekki tilganginn \u00ed \u00fev\u00ed. \u00dea\u00f0 sem m\u00e1li skiptir er a\u00f0 \u00feessi 14% karla h\u00f6f\u00f0u ekki kosningar\u00e9tt \u00e1\u00f0ur, sem var jafn \u00f3s\u00e6milegt gagnvart \u00feeim eins og \u00fea\u00f0 var gagnvart konum. \u00deetta hlutfall karla samsvarar n\u00fa um 18 \u00fe\u00fasund k\u00f6rlum yfir \u00e1tj\u00e1n \u00e1ra aldri. \u00dea\u00f0 sem veri\u00f0 var a\u00f0 r\u00e6\u00f0a er hli\u00f0st\u00e6tt \u00fev\u00ed a\u00f0 18 \u00fe\u00fasund karlar \u00e1 kosningaaldri hef\u00f0u ekki kosningar\u00e9tt \u00ed dag, vegna \u00feess a\u00f0 \u00feeir v\u00e6ru of f\u00e1t\u00e6kir. Engum dytti \u00ed hug \u00ed dag a\u00f0 \u00fea\u00f0 v\u00e6ri ekki st\u00f3rkostlegt mannr\u00e9ttindabrot, og f\u00e1um myndi detta \u00ed hug \u00a0a\u00f0 gera a\u00f0 umr\u00e6\u00f0uefni hvort \u00fear v\u00e6ri um a\u00f0 r\u00e6\u00f0a \u201est\u00f3ran hlut\u201c karlmanna. Nema kannski gallh\u00f6r\u00f0um fem\u00ednistum \u2026<\/p>\n<p>\u00dea\u00f0 er ekki \u00far vegi a\u00f0 hafa \u00ed huga \u00ed \u00feessu sambandi a\u00f0 14% er einmitt mj\u00f6g n\u00e1l\u00e6gt \u00fev\u00ed a\u00f0 vera hlutfall svartra\u00a0\u00ed Bandar\u00edkjunum \u00ed dag.<\/p>\n<p>Fyrir utan ofangreint segir Au\u00f0ur bara \u00feetta um \u00fea\u00f0 sem \u00e9g skrifa\u00f0i:<\/p>\n<blockquote><p>\u201eUm anna\u00f0 \u00ed grein Einars Steingr\u00edmssonar get \u00e9g ekki fjalla\u00f0, enda fremur \u00e1 svi\u00f0i tilfinningasko\u00f0ana en sta\u00f0reynda og b\u00fd\u00f0ur ekki upp \u00e1 r\u00f6kr\u00e6\u00f0ur.\u201c<\/p><\/blockquote>\n<p>Au\u00f0ur telur sem sagt a\u00f0 \u00fea\u00f0 s\u00e9u \u201etilfinningasko\u00f0anir\u201c a\u00f0 \u00e9g<\/p>\n<ul>\n<li>geri athugasemdir vi\u00f0 a\u00f0 \u00feessum sta\u00f0reyndum um kosningar\u00e9tt karla er l\u00edtt haldi\u00f0 \u00e1 lofti \u00ed m\u00e1lflutningi \u00feeirra a\u00f0ila (\u00fe.\u00e1.m. Au\u00f0ar) sem standa a\u00f0 h\u00e1t\u00ed\u00f0ah\u00f6ldunum vegna kosningar\u00e9ttar kvenna,<\/li>\n<li>haldi fram a\u00f0 um spillingu hafi veri\u00f0 a\u00f0 r\u00e6\u00f0a \u00feegar \u00c1sta R. \u00feingforseti beitti s\u00e9r fyrir \u00fev\u00ed a\u00f0 Al\u00feingi fj\u00e1rmagna\u00f0i st\u00f6\u00f0u framkv\u00e6mdastj\u00f3ra vegna h\u00e1t\u00ed\u00f0ahaldanna, s\u00f3tti sj\u00e1lf um og f\u00e9kk starfi\u00f0 (\u00ed \u201esamkeppni\u201c vi\u00f0 74 a\u00f0ra), starf sem var \u00fathluta\u00f0 af fors\u00e6tisnefndinni sem h\u00fan haf\u00f0i sk\u00f6mmu \u00e1\u00f0ur veitt forst\u00f6\u00f0u,<\/li>\n<li>spyrji hvers konar jafnr\u00e9ttisstefna \u00fea\u00f0 s\u00e9 hj\u00e1 Reykjav\u00edkurborg a\u00f0 \u00e6tla a\u00f0 jafna laun h\u00e6stsettu emb\u00e6ttismanna hennar, en l\u00e1ti s\u00e9r ekki detta \u00ed hug a\u00f0 h\u00e6kka l\u00e1g laun leiksk\u00f3lakennara sem n\u00e1nast allir eru konur.<\/li>\n<\/ul>\n<p>Burts\u00e9\u00f0 fr\u00e1 \u00fev\u00ed hva\u00f0 \u00e1tt s\u00e9 vi\u00f0 me\u00f0 a\u00f0 \u00feetta s\u00e9u \u201etilfinningasko\u00f0anir\u201c \u00fe\u00e1 er athyglisvert a\u00f0 nota sl\u00edkan stimpil til a\u00f0 afgrei\u00f0a sko\u00f0anir. \u00deetta er nefnilega klass\u00edsk a\u00f0fer\u00f0 karlrembusv\u00edna vi\u00f0 a\u00f0 gera l\u00edti\u00f0 \u00far sko\u00f0unum kvenna\u00a0<strong>\u2026<\/strong><\/p>\n<p>&nbsp;<\/p>\n<h6>Lj\u00f3smynd\u00a0efst \u00ed grein eftir Frederick W.W.Howell.F\u00f3lki\u00f0 \u00e1 Holti \u00e1 S\u00ed\u00f0u\u00ed Vestur-Skaftafellss\u00fdslu um 1900.\u00a0Heimild\/<a href=\"http:\/\/lemurinn.is\/2013\/01\/08\/folkid-a-holti-a-sidu-um-1900\/\">Lem\u00farinn.is<\/a><\/h6>\n<p>&nbsp;<\/p>\n<p><a href=\"http:\/\/kvennabladid.is\/2015\/01\/28\/rettleysi-fataekra-og-tilfinningarok-audi-svarad\/\">Einnig birt h\u00e9r\u00a0<\/a><\/p>\n","protected":false},"excerpt":{"rendered":"<p>Au\u00f0ur Styrk\u00e1rsd\u00f3ttir skrifa\u00f0i \u00ed g\u00e6r grein \u00ed Kvennabla\u00f0i\u00f0 sem h\u00fan nefnir \u201eRangf\u00e6rslur um kosningar\u00e9ttinn\u201c og telur sig \u00feurfa a\u00f0 \u201elei\u00f0r\u00e9tta \u00fea\u00f0 sem rangt er fari\u00f0 me\u00f0\u201c \u00ed grein eftir\u00a0Steinunni \u00d3l\u00ednu\u00a0og\u00a0annarri eftir mig, um kosningar\u00e9tt kvenna og karla.<\/p>\n","protected":false},"author":10,"featured_media":0,"comment_status":"open","ping_status":"open","sticky":false,"template":"","format":"standard","meta":{"footnotes":""},"categories":[1,190],"tags":[401,397,400,398,402],"class_list":["post-547","post","type-post","status-publish","format-standard","hentry","category-oflokkad","category-kynjapolitik","tag-audur-styrkarsdottir","tag-kosningarettur","tag-kvennasogusafn-islands","tag-kvenrettindi","tag-steinunn-olina"],"yoast_head":"<!-- This site is optimized with the Yoast SEO plugin v27.5 - https:\/\/yoast.com\/product\/yoast-seo-wordpress\/ -->\n<title>R\u00e9ttleysi f\u00e1t\u00e6kra og tilfinningar\u00f6k \u2013 Au\u00f0i svara\u00f0 - Einar<\/title>\n<meta name=\"description\" content=\"lakast settu karlarnir \u00ed samf\u00e9laginu voru a\u00f0 \u00feessu leyti alveg jafn k\u00faga\u00f0ir og konur almennt.\" \/>\n<meta name=\"robots\" content=\"index, follow, max-snippet:-1, max-image-preview:large, max-video-preview:-1\" \/>\n<link rel=\"canonical\" href=\"https:\/\/www.norn.is\/einar\/2015\/01\/28\/rettleysi-fataekra-og-tilfinningarok-audi-svarad\/\" \/>\n<meta property=\"og:locale\" content=\"is_IS\" \/>\n<meta property=\"og:type\" content=\"article\" \/>\n<meta property=\"og:title\" content=\"R\u00e9ttleysi f\u00e1t\u00e6kra og tilfinningar\u00f6k \u2013 Au\u00f0i svara\u00f0 - Einar\" \/>\n<meta property=\"og:description\" content=\"lakast settu karlarnir \u00ed samf\u00e9laginu voru a\u00f0 \u00feessu leyti alveg jafn k\u00faga\u00f0ir og konur almennt.\" \/>\n<meta property=\"og:url\" content=\"https:\/\/www.norn.is\/einar\/2015\/01\/28\/rettleysi-fataekra-og-tilfinningarok-audi-svarad\/\" \/>\n<meta property=\"og:site_name\" content=\"Einar\" \/>\n<meta property=\"article:published_time\" content=\"2015-01-28T06:37:40+00:00\" \/>\n<meta property=\"article:modified_time\" content=\"2017-09-24T11:53:17+00:00\" \/>\n<meta name=\"author\" content=\"einar\" \/>\n<meta name=\"twitter:card\" content=\"summary_large_image\" \/>\n<meta name=\"twitter:image\" content=\"http:\/\/www.norn.is\/einar\/wp-content\/uploads\/sites\/29\/2017\/09\/screenshot-2015-01-28-15-23-11-688x451.jpg\" \/>\n<meta name=\"twitter:label1\" content=\"Written by\" \/>\n\t<meta name=\"twitter:data1\" content=\"\" \/>\n\t<meta name=\"twitter:label2\" content=\"Est. reading time\" \/>\n\t<meta name=\"twitter:data2\" content=\"5 minutes\" \/>\n<script type=\"application\/ld+json\" class=\"yoast-schema-graph\">{\"@context\":\"https:\\\/\\\/schema.org\",\"@graph\":[{\"@type\":\"Article\",\"@id\":\"https:\\\/\\\/www.norn.is\\\/einar\\\/2015\\\/01\\\/28\\\/rettleysi-fataekra-og-tilfinningarok-audi-svarad\\\/#article\",\"isPartOf\":{\"@id\":\"https:\\\/\\\/www.norn.is\\\/einar\\\/2015\\\/01\\\/28\\\/rettleysi-fataekra-og-tilfinningarok-audi-svarad\\\/\"},\"author\":{\"name\":\"einar\",\"@id\":\"https:\\\/\\\/www.norn.is\\\/einar\\\/#\\\/schema\\\/person\\\/19affadb841a22f7bfd4bdcd72a862d0\"},\"headline\":\"R\u00e9ttleysi f\u00e1t\u00e6kra og tilfinningar\u00f6k \u2013 Au\u00f0i svara\u00f0\",\"datePublished\":\"2015-01-28T06:37:40+00:00\",\"dateModified\":\"2017-09-24T11:53:17+00:00\",\"mainEntityOfPage\":{\"@id\":\"https:\\\/\\\/www.norn.is\\\/einar\\\/2015\\\/01\\\/28\\\/rettleysi-fataekra-og-tilfinningarok-audi-svarad\\\/\"},\"wordCount\":938,\"commentCount\":0,\"image\":{\"@id\":\"https:\\\/\\\/www.norn.is\\\/einar\\\/2015\\\/01\\\/28\\\/rettleysi-fataekra-og-tilfinningarok-audi-svarad\\\/#primaryimage\"},\"thumbnailUrl\":\"http:\\\/\\\/www.norn.is\\\/einar\\\/wp-content\\\/uploads\\\/sites\\\/29\\\/2017\\\/09\\\/screenshot-2015-01-28-15-23-11-688x451.jpg\",\"keywords\":[\"Au\u00f0ur Styrk\u00e1rsd\u00f3ttir\",\"Kosningar\u00e9ttur\",\"Kvennas\u00f6gusafn \u00cdslands\",\"Kvenr\u00e9ttindi\",\"Steinunn \u00d3l\u00edna\"],\"articleSection\":[\"Allt efni\",\"Kynjap\u00f3lit\u00edk og jafnr\u00e9ttism\u00e1l\"],\"inLanguage\":\"is\",\"potentialAction\":[{\"@type\":\"CommentAction\",\"name\":\"Comment\",\"target\":[\"https:\\\/\\\/www.norn.is\\\/einar\\\/2015\\\/01\\\/28\\\/rettleysi-fataekra-og-tilfinningarok-audi-svarad\\\/#respond\"]}]},{\"@type\":\"WebPage\",\"@id\":\"https:\\\/\\\/www.norn.is\\\/einar\\\/2015\\\/01\\\/28\\\/rettleysi-fataekra-og-tilfinningarok-audi-svarad\\\/\",\"url\":\"https:\\\/\\\/www.norn.is\\\/einar\\\/2015\\\/01\\\/28\\\/rettleysi-fataekra-og-tilfinningarok-audi-svarad\\\/\",\"name\":\"R\u00e9ttleysi f\u00e1t\u00e6kra og tilfinningar\u00f6k \u2013 Au\u00f0i svara\u00f0 - Einar\",\"isPartOf\":{\"@id\":\"https:\\\/\\\/www.norn.is\\\/einar\\\/#website\"},\"primaryImageOfPage\":{\"@id\":\"https:\\\/\\\/www.norn.is\\\/einar\\\/2015\\\/01\\\/28\\\/rettleysi-fataekra-og-tilfinningarok-audi-svarad\\\/#primaryimage\"},\"image\":{\"@id\":\"https:\\\/\\\/www.norn.is\\\/einar\\\/2015\\\/01\\\/28\\\/rettleysi-fataekra-og-tilfinningarok-audi-svarad\\\/#primaryimage\"},\"thumbnailUrl\":\"http:\\\/\\\/www.norn.is\\\/einar\\\/wp-content\\\/uploads\\\/sites\\\/29\\\/2017\\\/09\\\/screenshot-2015-01-28-15-23-11-688x451.jpg\",\"datePublished\":\"2015-01-28T06:37:40+00:00\",\"dateModified\":\"2017-09-24T11:53:17+00:00\",\"author\":{\"@id\":\"https:\\\/\\\/www.norn.is\\\/einar\\\/#\\\/schema\\\/person\\\/19affadb841a22f7bfd4bdcd72a862d0\"},\"description\":\"lakast settu karlarnir \u00ed samf\u00e9laginu voru a\u00f0 \u00feessu leyti alveg jafn k\u00faga\u00f0ir og konur almennt.\",\"breadcrumb\":{\"@id\":\"https:\\\/\\\/www.norn.is\\\/einar\\\/2015\\\/01\\\/28\\\/rettleysi-fataekra-og-tilfinningarok-audi-svarad\\\/#breadcrumb\"},\"inLanguage\":\"is\",\"potentialAction\":[{\"@type\":\"ReadAction\",\"target\":[\"https:\\\/\\\/www.norn.is\\\/einar\\\/2015\\\/01\\\/28\\\/rettleysi-fataekra-og-tilfinningarok-audi-svarad\\\/\"]}]},{\"@type\":\"ImageObject\",\"inLanguage\":\"is\",\"@id\":\"https:\\\/\\\/www.norn.is\\\/einar\\\/2015\\\/01\\\/28\\\/rettleysi-fataekra-og-tilfinningarok-audi-svarad\\\/#primaryimage\",\"url\":\"http:\\\/\\\/www.norn.is\\\/einar\\\/wp-content\\\/uploads\\\/sites\\\/29\\\/2017\\\/09\\\/screenshot-2015-01-28-15-23-11-688x451.jpg\",\"contentUrl\":\"http:\\\/\\\/www.norn.is\\\/einar\\\/wp-content\\\/uploads\\\/sites\\\/29\\\/2017\\\/09\\\/screenshot-2015-01-28-15-23-11-688x451.jpg\"},{\"@type\":\"BreadcrumbList\",\"@id\":\"https:\\\/\\\/www.norn.is\\\/einar\\\/2015\\\/01\\\/28\\\/rettleysi-fataekra-og-tilfinningarok-audi-svarad\\\/#breadcrumb\",\"itemListElement\":[{\"@type\":\"ListItem\",\"position\":1,\"name\":\"Home\",\"item\":\"https:\\\/\\\/www.norn.is\\\/einar\\\/\"},{\"@type\":\"ListItem\",\"position\":2,\"name\":\"R\u00e9ttleysi f\u00e1t\u00e6kra og tilfinningar\u00f6k \u2013 Au\u00f0i svara\u00f0\"}]},{\"@type\":\"WebSite\",\"@id\":\"https:\\\/\\\/www.norn.is\\\/einar\\\/#website\",\"url\":\"https:\\\/\\\/www.norn.is\\\/einar\\\/\",\"name\":\"Einar\",\"description\":\"Pistlar Einars Steingr\u00edmssonar\",\"potentialAction\":[{\"@type\":\"SearchAction\",\"target\":{\"@type\":\"EntryPoint\",\"urlTemplate\":\"https:\\\/\\\/www.norn.is\\\/einar\\\/?s={search_term_string}\"},\"query-input\":{\"@type\":\"PropertyValueSpecification\",\"valueRequired\":true,\"valueName\":\"search_term_string\"}}],\"inLanguage\":\"is\"},{\"@type\":\"Person\",\"@id\":\"https:\\\/\\\/www.norn.is\\\/einar\\\/#\\\/schema\\\/person\\\/19affadb841a22f7bfd4bdcd72a862d0\",\"name\":\"einar\",\"image\":{\"@type\":\"ImageObject\",\"inLanguage\":\"is\",\"@id\":\"https:\\\/\\\/secure.gravatar.com\\\/avatar\\\/6f5f5592f3cc45e338376db24f1672c636582d9c27d855e8f077f13ef13b17fd?s=96&d=mm&r=g\",\"url\":\"https:\\\/\\\/secure.gravatar.com\\\/avatar\\\/6f5f5592f3cc45e338376db24f1672c636582d9c27d855e8f077f13ef13b17fd?s=96&d=mm&r=g\",\"contentUrl\":\"https:\\\/\\\/secure.gravatar.com\\\/avatar\\\/6f5f5592f3cc45e338376db24f1672c636582d9c27d855e8f077f13ef13b17fd?s=96&d=mm&r=g\",\"caption\":\"einar\"},\"url\":\"https:\\\/\\\/www.norn.is\\\/einar\\\/author\\\/einarsteingrimsson\\\/\"}]}<\/script>\n<!-- \/ Yoast SEO plugin. -->","yoast_head_json":{"title":"R\u00e9ttleysi f\u00e1t\u00e6kra og tilfinningar\u00f6k \u2013 Au\u00f0i svara\u00f0 - Einar","description":"lakast settu karlarnir \u00ed samf\u00e9laginu voru a\u00f0 \u00feessu leyti alveg jafn k\u00faga\u00f0ir og konur almennt.","robots":{"index":"index","follow":"follow","max-snippet":"max-snippet:-1","max-image-preview":"max-image-preview:large","max-video-preview":"max-video-preview:-1"},"canonical":"https:\/\/www.norn.is\/einar\/2015\/01\/28\/rettleysi-fataekra-og-tilfinningarok-audi-svarad\/","og_locale":"is_IS","og_type":"article","og_title":"R\u00e9ttleysi f\u00e1t\u00e6kra og tilfinningar\u00f6k \u2013 Au\u00f0i svara\u00f0 - Einar","og_description":"lakast settu karlarnir \u00ed samf\u00e9laginu voru a\u00f0 \u00feessu leyti alveg jafn k\u00faga\u00f0ir og konur almennt.","og_url":"https:\/\/www.norn.is\/einar\/2015\/01\/28\/rettleysi-fataekra-og-tilfinningarok-audi-svarad\/","og_site_name":"Einar","article_published_time":"2015-01-28T06:37:40+00:00","article_modified_time":"2017-09-24T11:53:17+00:00","author":"einar","twitter_card":"summary_large_image","twitter_image":"http:\/\/www.norn.is\/einar\/wp-content\/uploads\/sites\/29\/2017\/09\/screenshot-2015-01-28-15-23-11-688x451.jpg","twitter_misc":{"Written by":false,"Est. reading time":"5 minutes"},"schema":{"@context":"https:\/\/schema.org","@graph":[{"@type":"Article","@id":"https:\/\/www.norn.is\/einar\/2015\/01\/28\/rettleysi-fataekra-og-tilfinningarok-audi-svarad\/#article","isPartOf":{"@id":"https:\/\/www.norn.is\/einar\/2015\/01\/28\/rettleysi-fataekra-og-tilfinningarok-audi-svarad\/"},"author":{"name":"einar","@id":"https:\/\/www.norn.is\/einar\/#\/schema\/person\/19affadb841a22f7bfd4bdcd72a862d0"},"headline":"R\u00e9ttleysi f\u00e1t\u00e6kra og tilfinningar\u00f6k \u2013 Au\u00f0i svara\u00f0","datePublished":"2015-01-28T06:37:40+00:00","dateModified":"2017-09-24T11:53:17+00:00","mainEntityOfPage":{"@id":"https:\/\/www.norn.is\/einar\/2015\/01\/28\/rettleysi-fataekra-og-tilfinningarok-audi-svarad\/"},"wordCount":938,"commentCount":0,"image":{"@id":"https:\/\/www.norn.is\/einar\/2015\/01\/28\/rettleysi-fataekra-og-tilfinningarok-audi-svarad\/#primaryimage"},"thumbnailUrl":"http:\/\/www.norn.is\/einar\/wp-content\/uploads\/sites\/29\/2017\/09\/screenshot-2015-01-28-15-23-11-688x451.jpg","keywords":["Au\u00f0ur Styrk\u00e1rsd\u00f3ttir","Kosningar\u00e9ttur","Kvennas\u00f6gusafn \u00cdslands","Kvenr\u00e9ttindi","Steinunn \u00d3l\u00edna"],"articleSection":["Allt efni","Kynjap\u00f3lit\u00edk og jafnr\u00e9ttism\u00e1l"],"inLanguage":"is","potentialAction":[{"@type":"CommentAction","name":"Comment","target":["https:\/\/www.norn.is\/einar\/2015\/01\/28\/rettleysi-fataekra-og-tilfinningarok-audi-svarad\/#respond"]}]},{"@type":"WebPage","@id":"https:\/\/www.norn.is\/einar\/2015\/01\/28\/rettleysi-fataekra-og-tilfinningarok-audi-svarad\/","url":"https:\/\/www.norn.is\/einar\/2015\/01\/28\/rettleysi-fataekra-og-tilfinningarok-audi-svarad\/","name":"R\u00e9ttleysi f\u00e1t\u00e6kra og tilfinningar\u00f6k \u2013 Au\u00f0i svara\u00f0 - Einar","isPartOf":{"@id":"https:\/\/www.norn.is\/einar\/#website"},"primaryImageOfPage":{"@id":"https:\/\/www.norn.is\/einar\/2015\/01\/28\/rettleysi-fataekra-og-tilfinningarok-audi-svarad\/#primaryimage"},"image":{"@id":"https:\/\/www.norn.is\/einar\/2015\/01\/28\/rettleysi-fataekra-og-tilfinningarok-audi-svarad\/#primaryimage"},"thumbnailUrl":"http:\/\/www.norn.is\/einar\/wp-content\/uploads\/sites\/29\/2017\/09\/screenshot-2015-01-28-15-23-11-688x451.jpg","datePublished":"2015-01-28T06:37:40+00:00","dateModified":"2017-09-24T11:53:17+00:00","author":{"@id":"https:\/\/www.norn.is\/einar\/#\/schema\/person\/19affadb841a22f7bfd4bdcd72a862d0"},"description":"lakast settu karlarnir \u00ed samf\u00e9laginu voru a\u00f0 \u00feessu leyti alveg jafn k\u00faga\u00f0ir og konur almennt.","breadcrumb":{"@id":"https:\/\/www.norn.is\/einar\/2015\/01\/28\/rettleysi-fataekra-og-tilfinningarok-audi-svarad\/#breadcrumb"},"inLanguage":"is","potentialAction":[{"@type":"ReadAction","target":["https:\/\/www.norn.is\/einar\/2015\/01\/28\/rettleysi-fataekra-og-tilfinningarok-audi-svarad\/"]}]},{"@type":"ImageObject","inLanguage":"is","@id":"https:\/\/www.norn.is\/einar\/2015\/01\/28\/rettleysi-fataekra-og-tilfinningarok-audi-svarad\/#primaryimage","url":"http:\/\/www.norn.is\/einar\/wp-content\/uploads\/sites\/29\/2017\/09\/screenshot-2015-01-28-15-23-11-688x451.jpg","contentUrl":"http:\/\/www.norn.is\/einar\/wp-content\/uploads\/sites\/29\/2017\/09\/screenshot-2015-01-28-15-23-11-688x451.jpg"},{"@type":"BreadcrumbList","@id":"https:\/\/www.norn.is\/einar\/2015\/01\/28\/rettleysi-fataekra-og-tilfinningarok-audi-svarad\/#breadcrumb","itemListElement":[{"@type":"ListItem","position":1,"name":"Home","item":"https:\/\/www.norn.is\/einar\/"},{"@type":"ListItem","position":2,"name":"R\u00e9ttleysi f\u00e1t\u00e6kra og tilfinningar\u00f6k \u2013 Au\u00f0i svara\u00f0"}]},{"@type":"WebSite","@id":"https:\/\/www.norn.is\/einar\/#website","url":"https:\/\/www.norn.is\/einar\/","name":"Einar","description":"Pistlar Einars Steingr\u00edmssonar","potentialAction":[{"@type":"SearchAction","target":{"@type":"EntryPoint","urlTemplate":"https:\/\/www.norn.is\/einar\/?s={search_term_string}"},"query-input":{"@type":"PropertyValueSpecification","valueRequired":true,"valueName":"search_term_string"}}],"inLanguage":"is"},{"@type":"Person","@id":"https:\/\/www.norn.is\/einar\/#\/schema\/person\/19affadb841a22f7bfd4bdcd72a862d0","name":"einar","image":{"@type":"ImageObject","inLanguage":"is","@id":"https:\/\/secure.gravatar.com\/avatar\/6f5f5592f3cc45e338376db24f1672c636582d9c27d855e8f077f13ef13b17fd?s=96&d=mm&r=g","url":"https:\/\/secure.gravatar.com\/avatar\/6f5f5592f3cc45e338376db24f1672c636582d9c27d855e8f077f13ef13b17fd?s=96&d=mm&r=g","contentUrl":"https:\/\/secure.gravatar.com\/avatar\/6f5f5592f3cc45e338376db24f1672c636582d9c27d855e8f077f13ef13b17fd?s=96&d=mm&r=g","caption":"einar"},"url":"https:\/\/www.norn.is\/einar\/author\/einarsteingrimsson\/"}]}},"_links":{"self":[{"href":"https:\/\/www.norn.is\/einar\/wp-json\/wp\/v2\/posts\/547","targetHints":{"allow":["GET"]}}],"collection":[{"href":"https:\/\/www.norn.is\/einar\/wp-json\/wp\/v2\/posts"}],"about":[{"href":"https:\/\/www.norn.is\/einar\/wp-json\/wp\/v2\/types\/post"}],"author":[{"embeddable":true,"href":"https:\/\/www.norn.is\/einar\/wp-json\/wp\/v2\/users\/10"}],"replies":[{"embeddable":true,"href":"https:\/\/www.norn.is\/einar\/wp-json\/wp\/v2\/comments?post=547"}],"version-history":[{"count":1,"href":"https:\/\/www.norn.is\/einar\/wp-json\/wp\/v2\/posts\/547\/revisions"}],"predecessor-version":[{"id":549,"href":"https:\/\/www.norn.is\/einar\/wp-json\/wp\/v2\/posts\/547\/revisions\/549"}],"wp:attachment":[{"href":"https:\/\/www.norn.is\/einar\/wp-json\/wp\/v2\/media?parent=547"}],"wp:term":[{"taxonomy":"category","embeddable":true,"href":"https:\/\/www.norn.is\/einar\/wp-json\/wp\/v2\/categories?post=547"},{"taxonomy":"post_tag","embeddable":true,"href":"https:\/\/www.norn.is\/einar\/wp-json\/wp\/v2\/tags?post=547"}],"curies":[{"name":"wp","href":"https:\/\/api.w.org\/{rel}","templated":true}]}}