{"id":540,"date":"2014-12-17T12:47:15","date_gmt":"2014-12-17T12:47:15","guid":{"rendered":"http:\/\/www.norn.is\/einar\/?p=540"},"modified":"2017-09-24T11:02:59","modified_gmt":"2017-09-24T11:02:59","slug":"baenafolk-og-mannrettindi","status":"publish","type":"post","link":"https:\/\/www.norn.is\/einar\/2014\/12\/17\/baenafolk-og-mannrettindi\/","title":{"rendered":"B\u00e6naf\u00f3lk og mannr\u00e9ttindi"},"content":{"rendered":"<p>Sumt f\u00f3lk telur a\u00f0 Tony Omos eigi ekki a\u00f0 f\u00e1 landvistarleyfi \u00e1 \u00cdslandi, af \u00fev\u00ed a\u00f0 s\u00e9 hann ekki \u00f6rugglega\u00a0sekur, \u00fe\u00e1 s\u00e9 a\u00f0 minnsta kosti l\u00edklegt a\u00f0 hann s\u00e9 sekur um gl\u00e6pi (og \u00fea\u00f0 f\u00f3lk vir\u00f0ist engu m\u00e1li skipta a\u00f0 engar \u00e1rei\u00f0anlegar v\u00edsbendingar s\u00e9u um \u00fea\u00f0). \u00deetta f\u00f3lk telur a\u00f0 mannr\u00e9ttindin sem fl\u00f3ttaf\u00f3lk \u00e1 almennt a\u00f0 nj\u00f3ta eigi ekki a\u00f0 gilda um Tony, af \u00fev\u00ed a\u00f0 hann s\u00e9 sennilega ekki n\u00f3gu g\u00f3\u00f0 manneskja til \u00feess.<!--more--><\/p>\n<p>Margir telja a\u00f0 b\u00e6naf\u00f3lki\u00f0 sem vill m\u00f3tm\u00e6la f\u00f3sturey\u00f0ingum (fri\u00f0samlega) vi\u00f0 Landsp\u00edtalann eigi ekki a\u00f0 f\u00e1 a\u00f0 nj\u00f3ta \u00feess tj\u00e1ningarfrelsis a\u00f0 m\u00f3tm\u00e6la \u00e1 almannaf\u00e6ri, af \u00fev\u00ed a\u00f0 sko\u00f0anir \u00feess geti s\u00e6rt anna\u00f0 f\u00f3lk.<\/p>\n<p>\u00cd b\u00e1\u00f0um tilfellum er tala\u00f0 fyrir \u00fev\u00ed a\u00f0 gera undantekningar fr\u00e1 \u00feeirri meginreglu a\u00f0 mannr\u00e9ttindi eigi a\u00f0 gilda fyrir alla, og a\u00f0 \u00fea\u00f0 megi ekki takmarka \u00feau nema r\u00edkir almannahagsmunir s\u00e9u \u00ed ve\u00f0i. \u00cd b\u00e1\u00f0um tilfellum er veri\u00f0 a\u00f0 krefjast \u00feess a\u00f0 mannr\u00e9ttindi gildi ekki fyrir tilteki\u00f0 f\u00f3lk sem vill nj\u00f3ta \u00feeirra.<\/p>\n<p>\u00c9g s\u00e9 engan afgerandi mun \u00e1 \u00feessum tveim m\u00e1lum fr\u00e1 sj\u00f3narhorni mannr\u00e9ttinda, bara hli\u00f0st\u00e6\u00f0u. Og v\u00edsasta lei\u00f0in til a\u00f0 mola \u00far mannr\u00e9ttindum er a\u00f0 verja \u00feau ekki skilyr\u00f0islaust.<\/p>\n","protected":false},"excerpt":{"rendered":"<p>Sumt f\u00f3lk telur a\u00f0 Tony Omos eigi ekki a\u00f0 f\u00e1 landvistarleyfi \u00e1 \u00cdslandi, af \u00fev\u00ed a\u00f0 s\u00e9 hann ekki \u00f6rugglega\u00a0sekur, \u00fe\u00e1 s\u00e9 a\u00f0 minnsta kosti l\u00edklegt a\u00f0 hann s\u00e9 sekur um gl\u00e6pi (og \u00fea\u00f0 f\u00f3lk vir\u00f0ist engu m\u00e1li skipta a\u00f0 &hellip; <a href=\"https:\/\/www.norn.is\/einar\/2014\/12\/17\/baenafolk-og-mannrettindi\/\">Halda \u00e1fram a\u00f0 lesa <span class=\"meta-nav\">&rarr;<\/span><\/a><\/p>\n","protected":false},"author":10,"featured_media":0,"comment_status":"open","ping_status":"open","sticky":false,"template":"","format":"standard","meta":{"footnotes":""},"categories":[1,26],"tags":[396,5,395],"class_list":["post-540","post","type-post","status-publish","format-standard","hentry","category-oflokkad","category-mannrettindi","tag-fostureydingar","tag-tjaningarfrelsi","tag-tony-omos"],"yoast_head":"<!-- This site is optimized with the Yoast SEO plugin v27.4 - https:\/\/yoast.com\/product\/yoast-seo-wordpress\/ -->\n<title>B\u00e6naf\u00f3lk og mannr\u00e9ttindi - Einar<\/title>\n<meta name=\"robots\" content=\"index, follow, max-snippet:-1, max-image-preview:large, max-video-preview:-1\" \/>\n<link rel=\"canonical\" href=\"https:\/\/www.norn.is\/einar\/2014\/12\/17\/baenafolk-og-mannrettindi\/\" \/>\n<meta property=\"og:locale\" content=\"is_IS\" \/>\n<meta property=\"og:type\" content=\"article\" \/>\n<meta property=\"og:title\" content=\"B\u00e6naf\u00f3lk og mannr\u00e9ttindi - Einar\" \/>\n<meta property=\"og:description\" content=\"Sumt f\u00f3lk telur a\u00f0 Tony Omos eigi ekki a\u00f0 f\u00e1 landvistarleyfi \u00e1 \u00cdslandi, af \u00fev\u00ed a\u00f0 s\u00e9 hann ekki \u00f6rugglega\u00a0sekur, \u00fe\u00e1 s\u00e9 a\u00f0 minnsta kosti l\u00edklegt a\u00f0 hann s\u00e9 sekur um gl\u00e6pi (og \u00fea\u00f0 f\u00f3lk vir\u00f0ist engu m\u00e1li skipta a\u00f0 &hellip; Halda \u00e1fram a\u00f0 lesa &rarr;\" \/>\n<meta property=\"og:url\" content=\"https:\/\/www.norn.is\/einar\/2014\/12\/17\/baenafolk-og-mannrettindi\/\" \/>\n<meta property=\"og:site_name\" content=\"Einar\" \/>\n<meta property=\"article:published_time\" content=\"2014-12-17T12:47:15+00:00\" \/>\n<meta property=\"article:modified_time\" content=\"2017-09-24T11:02:59+00:00\" \/>\n<meta name=\"author\" content=\"einar\" \/>\n<meta name=\"twitter:card\" content=\"summary_large_image\" \/>\n<meta name=\"twitter:label1\" content=\"Written by\" \/>\n\t<meta name=\"twitter:data1\" content=\"\" \/>\n\t<meta name=\"twitter:label2\" content=\"Est. reading time\" \/>\n\t<meta name=\"twitter:data2\" content=\"1 minute\" \/>\n<script type=\"application\/ld+json\" class=\"yoast-schema-graph\">{\"@context\":\"https:\\\/\\\/schema.org\",\"@graph\":[{\"@type\":\"Article\",\"@id\":\"https:\\\/\\\/www.norn.is\\\/einar\\\/2014\\\/12\\\/17\\\/baenafolk-og-mannrettindi\\\/#article\",\"isPartOf\":{\"@id\":\"https:\\\/\\\/www.norn.is\\\/einar\\\/2014\\\/12\\\/17\\\/baenafolk-og-mannrettindi\\\/\"},\"author\":{\"name\":\"einar\",\"@id\":\"https:\\\/\\\/www.norn.is\\\/einar\\\/#\\\/schema\\\/person\\\/19affadb841a22f7bfd4bdcd72a862d0\"},\"headline\":\"B\u00e6naf\u00f3lk og mannr\u00e9ttindi\",\"datePublished\":\"2014-12-17T12:47:15+00:00\",\"dateModified\":\"2017-09-24T11:02:59+00:00\",\"mainEntityOfPage\":{\"@id\":\"https:\\\/\\\/www.norn.is\\\/einar\\\/2014\\\/12\\\/17\\\/baenafolk-og-mannrettindi\\\/\"},\"wordCount\":235,\"commentCount\":0,\"keywords\":[\"F\u00f3sturey\u00f0ingar\",\"Tj\u00e1ningarfrelsi\",\"Tony Omos\"],\"articleSection\":[\"Allt efni\",\"Mannr\u00e9ttindi\"],\"inLanguage\":\"is\",\"potentialAction\":[{\"@type\":\"CommentAction\",\"name\":\"Comment\",\"target\":[\"https:\\\/\\\/www.norn.is\\\/einar\\\/2014\\\/12\\\/17\\\/baenafolk-og-mannrettindi\\\/#respond\"]}]},{\"@type\":\"WebPage\",\"@id\":\"https:\\\/\\\/www.norn.is\\\/einar\\\/2014\\\/12\\\/17\\\/baenafolk-og-mannrettindi\\\/\",\"url\":\"https:\\\/\\\/www.norn.is\\\/einar\\\/2014\\\/12\\\/17\\\/baenafolk-og-mannrettindi\\\/\",\"name\":\"B\u00e6naf\u00f3lk og mannr\u00e9ttindi - Einar\",\"isPartOf\":{\"@id\":\"https:\\\/\\\/www.norn.is\\\/einar\\\/#website\"},\"datePublished\":\"2014-12-17T12:47:15+00:00\",\"dateModified\":\"2017-09-24T11:02:59+00:00\",\"author\":{\"@id\":\"https:\\\/\\\/www.norn.is\\\/einar\\\/#\\\/schema\\\/person\\\/19affadb841a22f7bfd4bdcd72a862d0\"},\"breadcrumb\":{\"@id\":\"https:\\\/\\\/www.norn.is\\\/einar\\\/2014\\\/12\\\/17\\\/baenafolk-og-mannrettindi\\\/#breadcrumb\"},\"inLanguage\":\"is\",\"potentialAction\":[{\"@type\":\"ReadAction\",\"target\":[\"https:\\\/\\\/www.norn.is\\\/einar\\\/2014\\\/12\\\/17\\\/baenafolk-og-mannrettindi\\\/\"]}]},{\"@type\":\"BreadcrumbList\",\"@id\":\"https:\\\/\\\/www.norn.is\\\/einar\\\/2014\\\/12\\\/17\\\/baenafolk-og-mannrettindi\\\/#breadcrumb\",\"itemListElement\":[{\"@type\":\"ListItem\",\"position\":1,\"name\":\"Home\",\"item\":\"https:\\\/\\\/www.norn.is\\\/einar\\\/\"},{\"@type\":\"ListItem\",\"position\":2,\"name\":\"B\u00e6naf\u00f3lk og mannr\u00e9ttindi\"}]},{\"@type\":\"WebSite\",\"@id\":\"https:\\\/\\\/www.norn.is\\\/einar\\\/#website\",\"url\":\"https:\\\/\\\/www.norn.is\\\/einar\\\/\",\"name\":\"Einar\",\"description\":\"Pistlar Einars Steingr\u00edmssonar\",\"potentialAction\":[{\"@type\":\"SearchAction\",\"target\":{\"@type\":\"EntryPoint\",\"urlTemplate\":\"https:\\\/\\\/www.norn.is\\\/einar\\\/?s={search_term_string}\"},\"query-input\":{\"@type\":\"PropertyValueSpecification\",\"valueRequired\":true,\"valueName\":\"search_term_string\"}}],\"inLanguage\":\"is\"},{\"@type\":\"Person\",\"@id\":\"https:\\\/\\\/www.norn.is\\\/einar\\\/#\\\/schema\\\/person\\\/19affadb841a22f7bfd4bdcd72a862d0\",\"name\":\"einar\",\"image\":{\"@type\":\"ImageObject\",\"inLanguage\":\"is\",\"@id\":\"https:\\\/\\\/secure.gravatar.com\\\/avatar\\\/6f5f5592f3cc45e338376db24f1672c636582d9c27d855e8f077f13ef13b17fd?s=96&d=mm&r=g\",\"url\":\"https:\\\/\\\/secure.gravatar.com\\\/avatar\\\/6f5f5592f3cc45e338376db24f1672c636582d9c27d855e8f077f13ef13b17fd?s=96&d=mm&r=g\",\"contentUrl\":\"https:\\\/\\\/secure.gravatar.com\\\/avatar\\\/6f5f5592f3cc45e338376db24f1672c636582d9c27d855e8f077f13ef13b17fd?s=96&d=mm&r=g\",\"caption\":\"einar\"},\"url\":\"https:\\\/\\\/www.norn.is\\\/einar\\\/author\\\/einarsteingrimsson\\\/\"}]}<\/script>\n<!-- \/ Yoast SEO plugin. -->","yoast_head_json":{"title":"B\u00e6naf\u00f3lk og mannr\u00e9ttindi - Einar","robots":{"index":"index","follow":"follow","max-snippet":"max-snippet:-1","max-image-preview":"max-image-preview:large","max-video-preview":"max-video-preview:-1"},"canonical":"https:\/\/www.norn.is\/einar\/2014\/12\/17\/baenafolk-og-mannrettindi\/","og_locale":"is_IS","og_type":"article","og_title":"B\u00e6naf\u00f3lk og mannr\u00e9ttindi - Einar","og_description":"Sumt f\u00f3lk telur a\u00f0 Tony Omos eigi ekki a\u00f0 f\u00e1 landvistarleyfi \u00e1 \u00cdslandi, af \u00fev\u00ed a\u00f0 s\u00e9 hann ekki \u00f6rugglega\u00a0sekur, \u00fe\u00e1 s\u00e9 a\u00f0 minnsta kosti l\u00edklegt a\u00f0 hann s\u00e9 sekur um gl\u00e6pi (og \u00fea\u00f0 f\u00f3lk vir\u00f0ist engu m\u00e1li skipta a\u00f0 &hellip; Halda \u00e1fram a\u00f0 lesa &rarr;","og_url":"https:\/\/www.norn.is\/einar\/2014\/12\/17\/baenafolk-og-mannrettindi\/","og_site_name":"Einar","article_published_time":"2014-12-17T12:47:15+00:00","article_modified_time":"2017-09-24T11:02:59+00:00","author":"einar","twitter_card":"summary_large_image","twitter_misc":{"Written by":false,"Est. reading time":"1 minute"},"schema":{"@context":"https:\/\/schema.org","@graph":[{"@type":"Article","@id":"https:\/\/www.norn.is\/einar\/2014\/12\/17\/baenafolk-og-mannrettindi\/#article","isPartOf":{"@id":"https:\/\/www.norn.is\/einar\/2014\/12\/17\/baenafolk-og-mannrettindi\/"},"author":{"name":"einar","@id":"https:\/\/www.norn.is\/einar\/#\/schema\/person\/19affadb841a22f7bfd4bdcd72a862d0"},"headline":"B\u00e6naf\u00f3lk og mannr\u00e9ttindi","datePublished":"2014-12-17T12:47:15+00:00","dateModified":"2017-09-24T11:02:59+00:00","mainEntityOfPage":{"@id":"https:\/\/www.norn.is\/einar\/2014\/12\/17\/baenafolk-og-mannrettindi\/"},"wordCount":235,"commentCount":0,"keywords":["F\u00f3sturey\u00f0ingar","Tj\u00e1ningarfrelsi","Tony Omos"],"articleSection":["Allt efni","Mannr\u00e9ttindi"],"inLanguage":"is","potentialAction":[{"@type":"CommentAction","name":"Comment","target":["https:\/\/www.norn.is\/einar\/2014\/12\/17\/baenafolk-og-mannrettindi\/#respond"]}]},{"@type":"WebPage","@id":"https:\/\/www.norn.is\/einar\/2014\/12\/17\/baenafolk-og-mannrettindi\/","url":"https:\/\/www.norn.is\/einar\/2014\/12\/17\/baenafolk-og-mannrettindi\/","name":"B\u00e6naf\u00f3lk og mannr\u00e9ttindi - Einar","isPartOf":{"@id":"https:\/\/www.norn.is\/einar\/#website"},"datePublished":"2014-12-17T12:47:15+00:00","dateModified":"2017-09-24T11:02:59+00:00","author":{"@id":"https:\/\/www.norn.is\/einar\/#\/schema\/person\/19affadb841a22f7bfd4bdcd72a862d0"},"breadcrumb":{"@id":"https:\/\/www.norn.is\/einar\/2014\/12\/17\/baenafolk-og-mannrettindi\/#breadcrumb"},"inLanguage":"is","potentialAction":[{"@type":"ReadAction","target":["https:\/\/www.norn.is\/einar\/2014\/12\/17\/baenafolk-og-mannrettindi\/"]}]},{"@type":"BreadcrumbList","@id":"https:\/\/www.norn.is\/einar\/2014\/12\/17\/baenafolk-og-mannrettindi\/#breadcrumb","itemListElement":[{"@type":"ListItem","position":1,"name":"Home","item":"https:\/\/www.norn.is\/einar\/"},{"@type":"ListItem","position":2,"name":"B\u00e6naf\u00f3lk og mannr\u00e9ttindi"}]},{"@type":"WebSite","@id":"https:\/\/www.norn.is\/einar\/#website","url":"https:\/\/www.norn.is\/einar\/","name":"Einar","description":"Pistlar Einars Steingr\u00edmssonar","potentialAction":[{"@type":"SearchAction","target":{"@type":"EntryPoint","urlTemplate":"https:\/\/www.norn.is\/einar\/?s={search_term_string}"},"query-input":{"@type":"PropertyValueSpecification","valueRequired":true,"valueName":"search_term_string"}}],"inLanguage":"is"},{"@type":"Person","@id":"https:\/\/www.norn.is\/einar\/#\/schema\/person\/19affadb841a22f7bfd4bdcd72a862d0","name":"einar","image":{"@type":"ImageObject","inLanguage":"is","@id":"https:\/\/secure.gravatar.com\/avatar\/6f5f5592f3cc45e338376db24f1672c636582d9c27d855e8f077f13ef13b17fd?s=96&d=mm&r=g","url":"https:\/\/secure.gravatar.com\/avatar\/6f5f5592f3cc45e338376db24f1672c636582d9c27d855e8f077f13ef13b17fd?s=96&d=mm&r=g","contentUrl":"https:\/\/secure.gravatar.com\/avatar\/6f5f5592f3cc45e338376db24f1672c636582d9c27d855e8f077f13ef13b17fd?s=96&d=mm&r=g","caption":"einar"},"url":"https:\/\/www.norn.is\/einar\/author\/einarsteingrimsson\/"}]}},"_links":{"self":[{"href":"https:\/\/www.norn.is\/einar\/wp-json\/wp\/v2\/posts\/540","targetHints":{"allow":["GET"]}}],"collection":[{"href":"https:\/\/www.norn.is\/einar\/wp-json\/wp\/v2\/posts"}],"about":[{"href":"https:\/\/www.norn.is\/einar\/wp-json\/wp\/v2\/types\/post"}],"author":[{"embeddable":true,"href":"https:\/\/www.norn.is\/einar\/wp-json\/wp\/v2\/users\/10"}],"replies":[{"embeddable":true,"href":"https:\/\/www.norn.is\/einar\/wp-json\/wp\/v2\/comments?post=540"}],"version-history":[{"count":1,"href":"https:\/\/www.norn.is\/einar\/wp-json\/wp\/v2\/posts\/540\/revisions"}],"predecessor-version":[{"id":541,"href":"https:\/\/www.norn.is\/einar\/wp-json\/wp\/v2\/posts\/540\/revisions\/541"}],"wp:attachment":[{"href":"https:\/\/www.norn.is\/einar\/wp-json\/wp\/v2\/media?parent=540"}],"wp:term":[{"taxonomy":"category","embeddable":true,"href":"https:\/\/www.norn.is\/einar\/wp-json\/wp\/v2\/categories?post=540"},{"taxonomy":"post_tag","embeddable":true,"href":"https:\/\/www.norn.is\/einar\/wp-json\/wp\/v2\/tags?post=540"}],"curies":[{"name":"wp","href":"https:\/\/api.w.org\/{rel}","templated":true}]}}