{"id":532,"date":"2014-11-24T12:40:39","date_gmt":"2014-11-24T12:40:39","guid":{"rendered":"http:\/\/www.norn.is\/einar\/?p=532"},"modified":"2017-09-24T11:02:59","modified_gmt":"2017-09-24T11:02:59","slug":"utvistun-saumad-ad-laglaunafolki","status":"publish","type":"post","link":"https:\/\/www.norn.is\/einar\/2014\/11\/24\/utvistun-saumad-ad-laglaunafolki\/","title":{"rendered":"\u00datvistun: Sauma\u00f0 a\u00f0 l\u00e1glaunaf\u00f3lki"},"content":{"rendered":"<p><img loading=\"lazy\" decoding=\"async\" class=\"aligncenter size-full wp-image-533\" src=\"http:\/\/www.norn.is\/einar\/wp-content\/uploads\/sites\/29\/2017\/09\/screen-shot-2014-11-24-at-01-55-25-e-h-688x451.jpg\" alt=\"\" width=\"688\" height=\"451\" srcset=\"https:\/\/www.norn.is\/einar\/wp-content\/uploads\/sites\/29\/2017\/09\/screen-shot-2014-11-24-at-01-55-25-e-h-688x451.jpg 688w, https:\/\/www.norn.is\/einar\/wp-content\/uploads\/sites\/29\/2017\/09\/screen-shot-2014-11-24-at-01-55-25-e-h-688x451-300x197.jpg 300w, https:\/\/www.norn.is\/einar\/wp-content\/uploads\/sites\/29\/2017\/09\/screen-shot-2014-11-24-at-01-55-25-e-h-688x451-458x300.jpg 458w\" sizes=\"auto, (max-width: 688px) 100vw, 688px\" \/><\/p>\n<p>Talsvert hefur veri\u00f0 fjalla\u00f0 \u00ed fj\u00f6lmi\u00f0lum s\u00ed\u00f0ustu daga um \u00fatvistun \u00e1 r\u00e6stingum \u00ed opinberum stofnunum, eins og Landsp\u00edtalanum og Stj\u00f3rnarr\u00e1\u00f0inu.\u00a0<a href=\"http:\/\/kvennabladid.is\/2014\/11\/23\/ad-reka-raestingarkonur\/\">\u00cd g\u00e6r sk\u00fdr\u00f0i \u00e9g h\u00e9r fr\u00e1\u00a0<\/a>tilraunum m\u00ednum til a\u00f0 f\u00e1 uppl\u00fdsingar um \u00e1st\u00e6\u00f0urnar a\u00f0 baki \u00fev\u00ed a\u00f0 Rekstrarf\u00e9lag Stj\u00f3rnarr\u00e1\u00f0sins sag\u00f0i n\u00fdlega upp sautj\u00e1n r\u00e6stingakonum, \u00ed \u00fev\u00ed skyni a\u00f0 bj\u00f3\u00f0a verki\u00f0 \u00fat. Erfi\u00f0lega gengur a\u00f0 f\u00e1 \u00fe\u00e6r uppl\u00fdsingar, en \u00fdmislegt \u00ed \u00fev\u00ed sem \u00feegar er komi\u00f0 fram vekur grunsemdir um a\u00f0 m\u00e1li\u00f0 s\u00e9 ekki eins einfalt og \u00feeir vilja vera l\u00e1ta sem \u00e1byrg\u00f0ina bera.<!--more--><\/p>\n<p>A\u00f0ger\u00f0ir af \u00feessu tagi vir\u00f0ast byggja \u00e1 svokalla\u00f0ri\u00a0<a href=\"http:\/\/www.fjarmalaraduneyti.is\/media\/Utgefin_rit\/Utvistunarstefna-rikisins.pdf\">\u00datvistunarstefnu r\u00edkisins<\/a>, \u00fear sem segir me\u00f0al annars \u00feetta:<\/p>\n<blockquote class=\"center\"><p>\u201e\u00datvistun er \u00e6tla\u00f0 a\u00f0 auka skilvirkni \u00ed rekstri r\u00edkisins me\u00f0 \u00fev\u00ed a\u00f0 innlei\u00f0a samkeppni vi\u00f0 veitingu \u00fej\u00f3nustu. Me\u00f0 \u00fatvistun er \u00feannig dregi\u00f0 \u00far kostna\u00f0i r\u00edkisins vi\u00f0 kaup og veitingu \u00fej\u00f3nustu.\u201c<\/p><\/blockquote>\n<p>\u00dea\u00f0 er au\u00f0vita\u00f0 gott og blessa\u00f0 a\u00f0 r\u00edki\u00f0 fari eins vel me\u00f0 peninga og m\u00f6gulegt er, og au\u00f0vita\u00f0 er sj\u00e1lfsagt \u00ed m\u00f6rgum tilvikum a\u00f0 l\u00e1ta a\u00f0ra en fasta starfsmenn hins opinbera leysa verkefni fyrir r\u00edki\u00f0, ef \u00fea\u00f0 er \u00f3d\u00fdrara. \u00dea\u00f0 sem vantar \u00fe\u00f3 algerlega \u00ed umr\u00e6dda \u00fatvistunarstefnu er krafan um a\u00f0 athugu\u00f0 s\u00e9u \u00feau samf\u00e9lagslegu \u00e1hrif sem sl\u00edkar \u00fatvistanir geti haft. \u00dear er annars vegar um a\u00f0 r\u00e6\u00f0a hreina \u00fatreikninga \u00e1 \u00fev\u00ed hvort r\u00edki\u00f0 muni tapa e\u00f0a spara \u00e1 \u00fatvistun \u00feegar teki\u00f0 er tillit til allra \u00fe\u00e1tta sem \u00e1hrif hafa \u00e1 fj\u00e1rhag r\u00edkisins og annarra opinberra a\u00f0ila.\u00a0Hins vegar um samf\u00e9lagslega \u00e1byrg\u00f0 hins opinbera gagnvart \u00fev\u00ed f\u00f3lki sem ver\u00f0ur fyrir bar\u00f0inu \u00e1 \u00fev\u00ed a\u00f0 vinna \u00feess er \u00fatvistu\u00f0.<\/p>\n<p>J\u00f3n Dan\u00edelsson ger\u00f0i nokku\u00f0\u00a0<a href=\"http:\/\/herdubreid.is\/gridarleg-sparnadarfaeri-i-raestingum\/\">\u00edtarlega \u00fattekt<\/a>\u00a0\u00e1 \u00fev\u00ed var\u00f0andi brottrekstur r\u00e6stingakvenna stj\u00f3rnarr\u00e1\u00f0sins, \u00fear sem hann bendir \u00e1, me\u00f0al \u00fdmissa annarra \u00fe\u00e1tta, a\u00f0 talsver\u00f0ar l\u00edkur s\u00e9u \u00e1 a\u00f0 einhverjar \u00feeirra ver\u00f0i \u00ed kj\u00f6lfari\u00f0 atvinnulausar, sem \u00f3hj\u00e1kv\u00e6milega kostar hi\u00f0 opinbera talsvert f\u00e9. \u00deannig g\u00e6ti \u00fatvistun \u00e1 endanum valdi\u00f0 tapi fyrir opinbera a\u00f0ila, \u00fe\u00f3tt \u00fatreikningarnir s\u00fdni anna\u00f0 \u00ed upphafi, af \u00fev\u00ed a\u00f0 \u00feeim sem \u00fe\u00e1 gera ber ekki a\u00f0 taka tillit til sl\u00edkra \u00fe\u00e1tta.<\/p>\n<p>\u00dea\u00f0 sem er \u00fe\u00f3 kannski verra er a\u00f0 ekkert er minnst \u00e1 samf\u00e9lagslega \u00e1byrg\u00f0 r\u00edkisins \u00feegar svona verkefni eru annars vegar. Kannski m\u00e1 rekja \u00e1st\u00e6\u00f0urnar til \u00feess a\u00f0 stefnan var samin 2006, \u00feegar \u00cdsland var best \u00ed heimi, Vi\u00f0skiptar\u00e1\u00f0 l\u00fdsti yfir a\u00f0 \u00cdsland g\u00e6ti ekkert l\u00e6rt af hinum Nor\u00f0url\u00f6ndunum af \u00fev\u00ed a\u00f0 vi\u00f0 st\u00e6\u00f0um \u00feeim miklu framar \u00e1 flestum svi\u00f0um, og r\u00edkisstj\u00f3rnin sam\u00feykkti n\u00e1nast allar kr\u00f6fur Vi\u00f0skiptar\u00e1\u00f0s um lagasetningar. \u00cd stefnunni er tala\u00f0 fj\u00e1lglega \u00e1 \u00feessum n\u00f3tum, um a\u00f0 \u00fatvistun og marka\u00f0sv\u00e6\u00f0ing verkefna r\u00edkisins lei\u00f0i til \u00feess a\u00f0 \u201eS\u00e9r\u00feekking og reynsla n\u00fdtist \u00feannig atvinnul\u00edfinu \u00ed heild og styrkir al\u00fej\u00f3\u00f0lega samkeppnisst\u00f6\u00f0u \u00feess\u201c, en sem sagt ekkert minnst \u00e1 \u00e1byrg\u00f0 r\u00edkisins gagnvart \u00fev\u00ed f\u00f3lki sem ver\u00f0ur fyrir bar\u00f0inu \u00e1 sl\u00edkri \u00fatvistun til einkaa\u00f0ila.<\/p>\n<p>\u00cd tilfelli r\u00e6stingakvennanna \u00ed stj\u00f3rnarr\u00e1\u00f0inu er veri\u00f0 a\u00f0 r\u00e1\u00f0ast \u00e1 kj\u00f6r l\u00e1glaunaf\u00f3lks, og tr\u00falega hrekja margt af \u00fev\u00ed \u00fat \u00ed atvinnuleysi s\u00ed\u00f0ustu \u00e1rin sem hef\u00f0u \u00e1tt a\u00f0 tilheyra starfs\u00e6vinni. \u00dear er hvorki hirt um hver hinn endanlegi kostna\u00f0ur ver\u00f0i fyrir r\u00edki\u00f0 og a\u00f0ra opinbera a\u00f0ila, hva\u00f0 \u00fe\u00e1 a\u00f0 nokkru m\u00e1li skipti hva\u00f0a \u00e1hrif \u00feetta muni hafa \u00e1 andlega l\u00ed\u00f0an kvennanna sem margar hafa sinnt \u00feessu starfi afar lengi.<\/p>\n<p>\u00cd stuttu m\u00e1li vir\u00f0ist \u00fatvistunarstefna r\u00edkisins, \u00ed m\u00f6rgum tilfellum, ganga \u00fat \u00e1 a\u00f0 l\u00e6kka laun f\u00f3lks sem er \u00feegar me\u00f0 mj\u00f6g l\u00e1g laun, og skipta \u201ehagna\u00f0inum\u201c sem af hl\u00fdst \u00e1 milli r\u00edkissj\u00f3\u00f0s og f\u00f3lks \u00fati \u00ed b\u00e6 sem f\u00e6r a\u00f0 gr\u00e6\u00f0a \u00feannig \u00e1 vinnu annarra, \u00e1n \u00feess a\u00f0 nokkur \u00e1st\u00e6\u00f0a s\u00e9 til a\u00f0 \u00e6tla a\u00f0 \u00fea\u00f0 s\u00e9 \u00ed sj\u00e1lfu s\u00e9r til hagsb\u00f3ta fyrir almenning, \u00fe.e.a.s. r\u00edki\u00f0. Nema hva\u00f0 alls er \u00f3v\u00edst a\u00f0 sparna\u00f0ur r\u00edkisins ver\u00f0i nokkur, \u00feegar teki\u00f0 er tillit til \u00e1hrifa \u00feess a\u00f0 segja upp vi\u00f0komandi l\u00e1glaunaf\u00f3lki. \u00deess vegna er svo erfitt a\u00f0 verjast \u00feeirri tilhugsun a\u00f0 markmi\u00f0i\u00f0 s\u00e9 ekki s\u00edst a\u00f0 geta hyglt einkavinum valdsins, enda d\u00e6min um sl\u00edkt m\u00fdm\u00f6rg.<\/p>\n<p>S\u00e1 grunur minnkar ekkert \u00feegar haft er \u00ed huga a\u00f0 r\u00e1\u00f0herrarnir sem bera \u00e1byrg\u00f0 \u00e1 \u00feessum a\u00f0f\u00f6rum l\u00e1ta almenning borga undir sig l\u00faxusb\u00edla \u00e1n \u00feess a\u00f0 nokkur skipti s\u00e9r af \u00fev\u00ed hversu miklu af almannaf\u00e9 \u00feeir ey\u00f0a \u00ed \u00fea\u00f0.<\/p>\n","protected":false},"excerpt":{"rendered":"<p>Talsvert hefur veri\u00f0 fjalla\u00f0 \u00ed fj\u00f6lmi\u00f0lum s\u00ed\u00f0ustu daga um \u00fatvistun \u00e1 r\u00e6stingum \u00ed opinberum stofnunum, eins og Landsp\u00edtalanum og Stj\u00f3rnarr\u00e1\u00f0inu.\u00a0\u00cd g\u00e6r sk\u00fdr\u00f0i \u00e9g h\u00e9r fr\u00e1\u00a0tilraunum m\u00ednum til a\u00f0 f\u00e1 uppl\u00fdsingar um \u00e1st\u00e6\u00f0urnar a\u00f0 baki \u00fev\u00ed a\u00f0 Rekstrarf\u00e9lag Stj\u00f3rnarr\u00e1\u00f0sins sag\u00f0i n\u00fdlega &hellip; <a href=\"https:\/\/www.norn.is\/einar\/2014\/11\/24\/utvistun-saumad-ad-laglaunafolki\/\">Halda \u00e1fram a\u00f0 lesa <span class=\"meta-nav\">&rarr;<\/span><\/a><\/p>\n","protected":false},"author":10,"featured_media":0,"comment_status":"open","ping_status":"open","sticky":false,"template":"","format":"standard","meta":{"footnotes":""},"categories":[1,161],"tags":[264,392,393],"class_list":["post-532","post","type-post","status-publish","format-standard","hentry","category-oflokkad","category-lifskjor","tag-jon-danielsson","tag-rekstarfelag-stjornarradsins","tag-utivistun"],"yoast_head":"<!-- This site is optimized with the Yoast SEO plugin v27.5 - https:\/\/yoast.com\/product\/yoast-seo-wordpress\/ -->\n<title>\u00datvistun: Sauma\u00f0 a\u00f0 l\u00e1glaunaf\u00f3lki - Einar<\/title>\n<meta name=\"robots\" content=\"index, follow, max-snippet:-1, max-image-preview:large, max-video-preview:-1\" \/>\n<link rel=\"canonical\" href=\"https:\/\/www.norn.is\/einar\/2014\/11\/24\/utvistun-saumad-ad-laglaunafolki\/\" \/>\n<meta property=\"og:locale\" content=\"is_IS\" \/>\n<meta property=\"og:type\" content=\"article\" \/>\n<meta property=\"og:title\" content=\"\u00datvistun: Sauma\u00f0 a\u00f0 l\u00e1glaunaf\u00f3lki - Einar\" \/>\n<meta property=\"og:description\" content=\"Talsvert hefur veri\u00f0 fjalla\u00f0 \u00ed fj\u00f6lmi\u00f0lum s\u00ed\u00f0ustu daga um \u00fatvistun \u00e1 r\u00e6stingum \u00ed opinberum stofnunum, eins og Landsp\u00edtalanum og Stj\u00f3rnarr\u00e1\u00f0inu.\u00a0\u00cd g\u00e6r sk\u00fdr\u00f0i \u00e9g h\u00e9r fr\u00e1\u00a0tilraunum m\u00ednum til a\u00f0 f\u00e1 uppl\u00fdsingar um \u00e1st\u00e6\u00f0urnar a\u00f0 baki \u00fev\u00ed a\u00f0 Rekstrarf\u00e9lag Stj\u00f3rnarr\u00e1\u00f0sins sag\u00f0i n\u00fdlega &hellip; Halda \u00e1fram a\u00f0 lesa &rarr;\" \/>\n<meta property=\"og:url\" content=\"https:\/\/www.norn.is\/einar\/2014\/11\/24\/utvistun-saumad-ad-laglaunafolki\/\" \/>\n<meta property=\"og:site_name\" content=\"Einar\" \/>\n<meta property=\"article:published_time\" content=\"2014-11-24T12:40:39+00:00\" \/>\n<meta property=\"article:modified_time\" content=\"2017-09-24T11:02:59+00:00\" \/>\n<meta property=\"og:image\" content=\"http:\/\/www.norn.is\/einar\/wp-content\/uploads\/sites\/29\/2017\/09\/screen-shot-2014-11-24-at-01-55-25-e-h-688x451.jpg\" \/>\n<meta name=\"author\" content=\"einar\" \/>\n<meta name=\"twitter:card\" content=\"summary_large_image\" \/>\n<meta name=\"twitter:label1\" content=\"Written by\" \/>\n\t<meta name=\"twitter:data1\" content=\"\" \/>\n\t<meta name=\"twitter:label2\" content=\"Est. reading time\" \/>\n\t<meta name=\"twitter:data2\" content=\"4 minutes\" \/>\n<script type=\"application\/ld+json\" class=\"yoast-schema-graph\">{\"@context\":\"https:\\\/\\\/schema.org\",\"@graph\":[{\"@type\":\"Article\",\"@id\":\"https:\\\/\\\/www.norn.is\\\/einar\\\/2014\\\/11\\\/24\\\/utvistun-saumad-ad-laglaunafolki\\\/#article\",\"isPartOf\":{\"@id\":\"https:\\\/\\\/www.norn.is\\\/einar\\\/2014\\\/11\\\/24\\\/utvistun-saumad-ad-laglaunafolki\\\/\"},\"author\":{\"name\":\"einar\",\"@id\":\"https:\\\/\\\/www.norn.is\\\/einar\\\/#\\\/schema\\\/person\\\/19affadb841a22f7bfd4bdcd72a862d0\"},\"headline\":\"\u00datvistun: Sauma\u00f0 a\u00f0 l\u00e1glaunaf\u00f3lki\",\"datePublished\":\"2014-11-24T12:40:39+00:00\",\"dateModified\":\"2017-09-24T11:02:59+00:00\",\"mainEntityOfPage\":{\"@id\":\"https:\\\/\\\/www.norn.is\\\/einar\\\/2014\\\/11\\\/24\\\/utvistun-saumad-ad-laglaunafolki\\\/\"},\"wordCount\":798,\"commentCount\":0,\"image\":{\"@id\":\"https:\\\/\\\/www.norn.is\\\/einar\\\/2014\\\/11\\\/24\\\/utvistun-saumad-ad-laglaunafolki\\\/#primaryimage\"},\"thumbnailUrl\":\"http:\\\/\\\/www.norn.is\\\/einar\\\/wp-content\\\/uploads\\\/sites\\\/29\\\/2017\\\/09\\\/screen-shot-2014-11-24-at-01-55-25-e-h-688x451.jpg\",\"keywords\":[\"J\u00f3n Dan\u00edelsson\",\"Rekstarf\u00e9lag stj\u00f3rnarr\u00e1\u00f0sins\",\"\u00dativistun\"],\"articleSection\":[\"Allt efni\",\"L\u00edfskj\u00f6r, vinnumarka\u00f0ur, h\u00fasn\u00e6\u00f0ism\u00e1l o.fl\"],\"inLanguage\":\"is\",\"potentialAction\":[{\"@type\":\"CommentAction\",\"name\":\"Comment\",\"target\":[\"https:\\\/\\\/www.norn.is\\\/einar\\\/2014\\\/11\\\/24\\\/utvistun-saumad-ad-laglaunafolki\\\/#respond\"]}]},{\"@type\":\"WebPage\",\"@id\":\"https:\\\/\\\/www.norn.is\\\/einar\\\/2014\\\/11\\\/24\\\/utvistun-saumad-ad-laglaunafolki\\\/\",\"url\":\"https:\\\/\\\/www.norn.is\\\/einar\\\/2014\\\/11\\\/24\\\/utvistun-saumad-ad-laglaunafolki\\\/\",\"name\":\"\u00datvistun: Sauma\u00f0 a\u00f0 l\u00e1glaunaf\u00f3lki - Einar\",\"isPartOf\":{\"@id\":\"https:\\\/\\\/www.norn.is\\\/einar\\\/#website\"},\"primaryImageOfPage\":{\"@id\":\"https:\\\/\\\/www.norn.is\\\/einar\\\/2014\\\/11\\\/24\\\/utvistun-saumad-ad-laglaunafolki\\\/#primaryimage\"},\"image\":{\"@id\":\"https:\\\/\\\/www.norn.is\\\/einar\\\/2014\\\/11\\\/24\\\/utvistun-saumad-ad-laglaunafolki\\\/#primaryimage\"},\"thumbnailUrl\":\"http:\\\/\\\/www.norn.is\\\/einar\\\/wp-content\\\/uploads\\\/sites\\\/29\\\/2017\\\/09\\\/screen-shot-2014-11-24-at-01-55-25-e-h-688x451.jpg\",\"datePublished\":\"2014-11-24T12:40:39+00:00\",\"dateModified\":\"2017-09-24T11:02:59+00:00\",\"author\":{\"@id\":\"https:\\\/\\\/www.norn.is\\\/einar\\\/#\\\/schema\\\/person\\\/19affadb841a22f7bfd4bdcd72a862d0\"},\"breadcrumb\":{\"@id\":\"https:\\\/\\\/www.norn.is\\\/einar\\\/2014\\\/11\\\/24\\\/utvistun-saumad-ad-laglaunafolki\\\/#breadcrumb\"},\"inLanguage\":\"is\",\"potentialAction\":[{\"@type\":\"ReadAction\",\"target\":[\"https:\\\/\\\/www.norn.is\\\/einar\\\/2014\\\/11\\\/24\\\/utvistun-saumad-ad-laglaunafolki\\\/\"]}]},{\"@type\":\"ImageObject\",\"inLanguage\":\"is\",\"@id\":\"https:\\\/\\\/www.norn.is\\\/einar\\\/2014\\\/11\\\/24\\\/utvistun-saumad-ad-laglaunafolki\\\/#primaryimage\",\"url\":\"https:\\\/\\\/www.norn.is\\\/einar\\\/wp-content\\\/uploads\\\/sites\\\/29\\\/2017\\\/09\\\/screen-shot-2014-11-24-at-01-55-25-e-h-688x451.jpg\",\"contentUrl\":\"https:\\\/\\\/www.norn.is\\\/einar\\\/wp-content\\\/uploads\\\/sites\\\/29\\\/2017\\\/09\\\/screen-shot-2014-11-24-at-01-55-25-e-h-688x451.jpg\",\"width\":688,\"height\":451},{\"@type\":\"BreadcrumbList\",\"@id\":\"https:\\\/\\\/www.norn.is\\\/einar\\\/2014\\\/11\\\/24\\\/utvistun-saumad-ad-laglaunafolki\\\/#breadcrumb\",\"itemListElement\":[{\"@type\":\"ListItem\",\"position\":1,\"name\":\"Home\",\"item\":\"https:\\\/\\\/www.norn.is\\\/einar\\\/\"},{\"@type\":\"ListItem\",\"position\":2,\"name\":\"\u00datvistun: Sauma\u00f0 a\u00f0 l\u00e1glaunaf\u00f3lki\"}]},{\"@type\":\"WebSite\",\"@id\":\"https:\\\/\\\/www.norn.is\\\/einar\\\/#website\",\"url\":\"https:\\\/\\\/www.norn.is\\\/einar\\\/\",\"name\":\"Einar\",\"description\":\"Pistlar Einars Steingr\u00edmssonar\",\"potentialAction\":[{\"@type\":\"SearchAction\",\"target\":{\"@type\":\"EntryPoint\",\"urlTemplate\":\"https:\\\/\\\/www.norn.is\\\/einar\\\/?s={search_term_string}\"},\"query-input\":{\"@type\":\"PropertyValueSpecification\",\"valueRequired\":true,\"valueName\":\"search_term_string\"}}],\"inLanguage\":\"is\"},{\"@type\":\"Person\",\"@id\":\"https:\\\/\\\/www.norn.is\\\/einar\\\/#\\\/schema\\\/person\\\/19affadb841a22f7bfd4bdcd72a862d0\",\"name\":\"einar\",\"image\":{\"@type\":\"ImageObject\",\"inLanguage\":\"is\",\"@id\":\"https:\\\/\\\/secure.gravatar.com\\\/avatar\\\/6f5f5592f3cc45e338376db24f1672c636582d9c27d855e8f077f13ef13b17fd?s=96&d=mm&r=g\",\"url\":\"https:\\\/\\\/secure.gravatar.com\\\/avatar\\\/6f5f5592f3cc45e338376db24f1672c636582d9c27d855e8f077f13ef13b17fd?s=96&d=mm&r=g\",\"contentUrl\":\"https:\\\/\\\/secure.gravatar.com\\\/avatar\\\/6f5f5592f3cc45e338376db24f1672c636582d9c27d855e8f077f13ef13b17fd?s=96&d=mm&r=g\",\"caption\":\"einar\"},\"url\":\"https:\\\/\\\/www.norn.is\\\/einar\\\/author\\\/einarsteingrimsson\\\/\"}]}<\/script>\n<!-- \/ Yoast SEO plugin. -->","yoast_head_json":{"title":"\u00datvistun: Sauma\u00f0 a\u00f0 l\u00e1glaunaf\u00f3lki - Einar","robots":{"index":"index","follow":"follow","max-snippet":"max-snippet:-1","max-image-preview":"max-image-preview:large","max-video-preview":"max-video-preview:-1"},"canonical":"https:\/\/www.norn.is\/einar\/2014\/11\/24\/utvistun-saumad-ad-laglaunafolki\/","og_locale":"is_IS","og_type":"article","og_title":"\u00datvistun: Sauma\u00f0 a\u00f0 l\u00e1glaunaf\u00f3lki - Einar","og_description":"Talsvert hefur veri\u00f0 fjalla\u00f0 \u00ed fj\u00f6lmi\u00f0lum s\u00ed\u00f0ustu daga um \u00fatvistun \u00e1 r\u00e6stingum \u00ed opinberum stofnunum, eins og Landsp\u00edtalanum og Stj\u00f3rnarr\u00e1\u00f0inu.\u00a0\u00cd g\u00e6r sk\u00fdr\u00f0i \u00e9g h\u00e9r fr\u00e1\u00a0tilraunum m\u00ednum til a\u00f0 f\u00e1 uppl\u00fdsingar um \u00e1st\u00e6\u00f0urnar a\u00f0 baki \u00fev\u00ed a\u00f0 Rekstrarf\u00e9lag Stj\u00f3rnarr\u00e1\u00f0sins sag\u00f0i n\u00fdlega &hellip; Halda \u00e1fram a\u00f0 lesa &rarr;","og_url":"https:\/\/www.norn.is\/einar\/2014\/11\/24\/utvistun-saumad-ad-laglaunafolki\/","og_site_name":"Einar","article_published_time":"2014-11-24T12:40:39+00:00","article_modified_time":"2017-09-24T11:02:59+00:00","og_image":[{"url":"http:\/\/www.norn.is\/einar\/wp-content\/uploads\/sites\/29\/2017\/09\/screen-shot-2014-11-24-at-01-55-25-e-h-688x451.jpg","type":"","width":"","height":""}],"author":"einar","twitter_card":"summary_large_image","twitter_misc":{"Written by":false,"Est. reading time":"4 minutes"},"schema":{"@context":"https:\/\/schema.org","@graph":[{"@type":"Article","@id":"https:\/\/www.norn.is\/einar\/2014\/11\/24\/utvistun-saumad-ad-laglaunafolki\/#article","isPartOf":{"@id":"https:\/\/www.norn.is\/einar\/2014\/11\/24\/utvistun-saumad-ad-laglaunafolki\/"},"author":{"name":"einar","@id":"https:\/\/www.norn.is\/einar\/#\/schema\/person\/19affadb841a22f7bfd4bdcd72a862d0"},"headline":"\u00datvistun: Sauma\u00f0 a\u00f0 l\u00e1glaunaf\u00f3lki","datePublished":"2014-11-24T12:40:39+00:00","dateModified":"2017-09-24T11:02:59+00:00","mainEntityOfPage":{"@id":"https:\/\/www.norn.is\/einar\/2014\/11\/24\/utvistun-saumad-ad-laglaunafolki\/"},"wordCount":798,"commentCount":0,"image":{"@id":"https:\/\/www.norn.is\/einar\/2014\/11\/24\/utvistun-saumad-ad-laglaunafolki\/#primaryimage"},"thumbnailUrl":"http:\/\/www.norn.is\/einar\/wp-content\/uploads\/sites\/29\/2017\/09\/screen-shot-2014-11-24-at-01-55-25-e-h-688x451.jpg","keywords":["J\u00f3n Dan\u00edelsson","Rekstarf\u00e9lag stj\u00f3rnarr\u00e1\u00f0sins","\u00dativistun"],"articleSection":["Allt efni","L\u00edfskj\u00f6r, vinnumarka\u00f0ur, h\u00fasn\u00e6\u00f0ism\u00e1l o.fl"],"inLanguage":"is","potentialAction":[{"@type":"CommentAction","name":"Comment","target":["https:\/\/www.norn.is\/einar\/2014\/11\/24\/utvistun-saumad-ad-laglaunafolki\/#respond"]}]},{"@type":"WebPage","@id":"https:\/\/www.norn.is\/einar\/2014\/11\/24\/utvistun-saumad-ad-laglaunafolki\/","url":"https:\/\/www.norn.is\/einar\/2014\/11\/24\/utvistun-saumad-ad-laglaunafolki\/","name":"\u00datvistun: Sauma\u00f0 a\u00f0 l\u00e1glaunaf\u00f3lki - Einar","isPartOf":{"@id":"https:\/\/www.norn.is\/einar\/#website"},"primaryImageOfPage":{"@id":"https:\/\/www.norn.is\/einar\/2014\/11\/24\/utvistun-saumad-ad-laglaunafolki\/#primaryimage"},"image":{"@id":"https:\/\/www.norn.is\/einar\/2014\/11\/24\/utvistun-saumad-ad-laglaunafolki\/#primaryimage"},"thumbnailUrl":"http:\/\/www.norn.is\/einar\/wp-content\/uploads\/sites\/29\/2017\/09\/screen-shot-2014-11-24-at-01-55-25-e-h-688x451.jpg","datePublished":"2014-11-24T12:40:39+00:00","dateModified":"2017-09-24T11:02:59+00:00","author":{"@id":"https:\/\/www.norn.is\/einar\/#\/schema\/person\/19affadb841a22f7bfd4bdcd72a862d0"},"breadcrumb":{"@id":"https:\/\/www.norn.is\/einar\/2014\/11\/24\/utvistun-saumad-ad-laglaunafolki\/#breadcrumb"},"inLanguage":"is","potentialAction":[{"@type":"ReadAction","target":["https:\/\/www.norn.is\/einar\/2014\/11\/24\/utvistun-saumad-ad-laglaunafolki\/"]}]},{"@type":"ImageObject","inLanguage":"is","@id":"https:\/\/www.norn.is\/einar\/2014\/11\/24\/utvistun-saumad-ad-laglaunafolki\/#primaryimage","url":"https:\/\/www.norn.is\/einar\/wp-content\/uploads\/sites\/29\/2017\/09\/screen-shot-2014-11-24-at-01-55-25-e-h-688x451.jpg","contentUrl":"https:\/\/www.norn.is\/einar\/wp-content\/uploads\/sites\/29\/2017\/09\/screen-shot-2014-11-24-at-01-55-25-e-h-688x451.jpg","width":688,"height":451},{"@type":"BreadcrumbList","@id":"https:\/\/www.norn.is\/einar\/2014\/11\/24\/utvistun-saumad-ad-laglaunafolki\/#breadcrumb","itemListElement":[{"@type":"ListItem","position":1,"name":"Home","item":"https:\/\/www.norn.is\/einar\/"},{"@type":"ListItem","position":2,"name":"\u00datvistun: Sauma\u00f0 a\u00f0 l\u00e1glaunaf\u00f3lki"}]},{"@type":"WebSite","@id":"https:\/\/www.norn.is\/einar\/#website","url":"https:\/\/www.norn.is\/einar\/","name":"Einar","description":"Pistlar Einars Steingr\u00edmssonar","potentialAction":[{"@type":"SearchAction","target":{"@type":"EntryPoint","urlTemplate":"https:\/\/www.norn.is\/einar\/?s={search_term_string}"},"query-input":{"@type":"PropertyValueSpecification","valueRequired":true,"valueName":"search_term_string"}}],"inLanguage":"is"},{"@type":"Person","@id":"https:\/\/www.norn.is\/einar\/#\/schema\/person\/19affadb841a22f7bfd4bdcd72a862d0","name":"einar","image":{"@type":"ImageObject","inLanguage":"is","@id":"https:\/\/secure.gravatar.com\/avatar\/6f5f5592f3cc45e338376db24f1672c636582d9c27d855e8f077f13ef13b17fd?s=96&d=mm&r=g","url":"https:\/\/secure.gravatar.com\/avatar\/6f5f5592f3cc45e338376db24f1672c636582d9c27d855e8f077f13ef13b17fd?s=96&d=mm&r=g","contentUrl":"https:\/\/secure.gravatar.com\/avatar\/6f5f5592f3cc45e338376db24f1672c636582d9c27d855e8f077f13ef13b17fd?s=96&d=mm&r=g","caption":"einar"},"url":"https:\/\/www.norn.is\/einar\/author\/einarsteingrimsson\/"}]}},"_links":{"self":[{"href":"https:\/\/www.norn.is\/einar\/wp-json\/wp\/v2\/posts\/532","targetHints":{"allow":["GET"]}}],"collection":[{"href":"https:\/\/www.norn.is\/einar\/wp-json\/wp\/v2\/posts"}],"about":[{"href":"https:\/\/www.norn.is\/einar\/wp-json\/wp\/v2\/types\/post"}],"author":[{"embeddable":true,"href":"https:\/\/www.norn.is\/einar\/wp-json\/wp\/v2\/users\/10"}],"replies":[{"embeddable":true,"href":"https:\/\/www.norn.is\/einar\/wp-json\/wp\/v2\/comments?post=532"}],"version-history":[{"count":1,"href":"https:\/\/www.norn.is\/einar\/wp-json\/wp\/v2\/posts\/532\/revisions"}],"predecessor-version":[{"id":534,"href":"https:\/\/www.norn.is\/einar\/wp-json\/wp\/v2\/posts\/532\/revisions\/534"}],"wp:attachment":[{"href":"https:\/\/www.norn.is\/einar\/wp-json\/wp\/v2\/media?parent=532"}],"wp:term":[{"taxonomy":"category","embeddable":true,"href":"https:\/\/www.norn.is\/einar\/wp-json\/wp\/v2\/categories?post=532"},{"taxonomy":"post_tag","embeddable":true,"href":"https:\/\/www.norn.is\/einar\/wp-json\/wp\/v2\/tags?post=532"}],"curies":[{"name":"wp","href":"https:\/\/api.w.org\/{rel}","templated":true}]}}