{"id":525,"date":"2014-11-12T12:35:21","date_gmt":"2014-11-12T12:35:21","guid":{"rendered":"http:\/\/www.norn.is\/einar\/?p=525"},"modified":"2017-09-24T11:02:59","modified_gmt":"2017-09-24T11:02:59","slug":"utlendingafordomar-hja-arna-pali-eda","status":"publish","type":"post","link":"https:\/\/www.norn.is\/einar\/2014\/11\/12\/utlendingafordomar-hja-arna-pali-eda\/","title":{"rendered":"\u00datlendingaford\u00f3mar hj\u00e1 \u00c1rna P\u00e1li, e\u00f0a \u2026?"},"content":{"rendered":"<p><img loading=\"lazy\" decoding=\"async\" class=\"aligncenter size-full wp-image-526\" src=\"http:\/\/www.norn.is\/einar\/wp-content\/uploads\/sites\/29\/2017\/09\/mynd11-688x451.jpg\" alt=\"\" width=\"688\" height=\"451\" srcset=\"https:\/\/www.norn.is\/einar\/wp-content\/uploads\/sites\/29\/2017\/09\/mynd11-688x451.jpg 688w, https:\/\/www.norn.is\/einar\/wp-content\/uploads\/sites\/29\/2017\/09\/mynd11-688x451-300x197.jpg 300w, https:\/\/www.norn.is\/einar\/wp-content\/uploads\/sites\/29\/2017\/09\/mynd11-688x451-458x300.jpg 458w\" sizes=\"auto, (max-width: 688px) 100vw, 688px\" \/>\u00cd\u00a0<a href=\"http:\/\/www.samfylkingin.is\/Frettir\/ID\/4169\/Jofn_tkifri_athafnafrelsi_og_go_almannajonusta\" target=\"_blank\" rel=\"noopener\">r\u00e6\u00f0u \u00e1 flokksstj\u00f3rnarfundi<\/a>\u00a0<wbr \/>Samfylkingarinnar \u00feann 1. n\u00f3vember s\u00ed\u00f0astli\u00f0inn sag\u00f0i forma\u00f0ur flokksins, \u00c1rni P\u00e1ll \u00c1rnason, me\u00f0al annars \u00feetta:<\/p>\n<blockquote class=\"center\"><p>\u201e\u00cdslendingar me\u00f0 meiri menntun flytja utan. \u00datlendingar me\u00f0 litla sk\u00f3lag\u00f6ngu flytja til landsins.\u201c<\/p><\/blockquote>\n<p><!--more--><\/p>\n<p>\u00c9g sendi \u00c1rna P\u00e1li t\u00f6lvup\u00f3st fyrir viku (og s\u00ed\u00f0an tv\u00e6r \u00edtrekanir) og spur\u00f0i hva\u00f0 hann hef\u00f0i fyrir s\u00e9r \u00ed \u00feessari sta\u00f0h\u00e6fingu. Hann hefur ekki svara\u00f0. Einu g\u00f6gnin sem \u00e9g hef rekist \u00e1 sem tengjast \u00feessu er\u00a0<a href=\"http:\/\/www.mcc.is\/media\/frettir\/Innflytjendur_a_Islandi_(nyrri_utgafa).pdf\" target=\"_blank\" rel=\"noopener\">Vi\u00f0horfsk\u00f6nnun F\u00e9lagsv\u00edsindastofnunar H\u00e1sk\u00f3la \u00cdslands og Fj\u00f6lmenningarseturs<\/a>\u00a0fr\u00e1 okt\u00f3ber 2009. S\u00fa k\u00f6nnun gefur alls ekki \u00e1rei\u00f0anlega mynd af sk\u00f3lag\u00f6ngu innflytjenda \u00e1 \u00cdslandi, af \u00fev\u00ed a\u00f0 h\u00fan er bygg\u00f0 \u00e1 sv\u00f6rum f\u00f3lks sem n\u00e1\u00f0ist \u00ed og vildi taka \u00fe\u00e1tt, svo ekki er tryggt a\u00f0 \u00fartaki\u00f0 s\u00e9 d\u00e6migert. En \u00feetta eru einu g\u00f6gn sem \u00e9g hef rekist \u00e1 um \u00feetta (eftir \u00e1bendingu \u00ed g\u00f3\u00f0um pistli \u00c1rna Matth\u00edassonar um \u00fatlendingaford\u00f3ma, \u00ed Morgunbla\u00f0inu 4. n\u00f3vember).<\/p>\n<p>Af \u00feeim innflytjendum sem sv\u00f6ru\u00f0u vi\u00f0horfsk\u00f6nnuninni 2009 h\u00f6f\u00f0u um 22% loki\u00f0 starfsn\u00e1mi e\u00f0a i\u00f0nn\u00e1mi, um 13% b\u00f3klegu framhaldssk\u00f3lan\u00e1mi og um 51% h\u00e1sk\u00f3lan\u00e1mi. N\u00fa veit kannski enginn hva\u00f0a sk\u00f3lag\u00f6ngu \u00feeir \u00cdslendingar hafa loki\u00f0 sem flust hafa fr\u00e1 landinu s\u00ed\u00f0ustu \u00e1rin, en samkv\u00e6mt\u00a0<a href=\"http:\/\/www.hagstofa.is\/?PageID=95&amp;NewsID=5983\" target=\"_blank\" rel=\"noopener\">t\u00f6lum Hagstofunnar<\/a>\u00a0h\u00f6f\u00f0u \u00e1ri\u00f0 2010 a\u00f0eins um 25% \u00cdslendinga loki\u00f0 h\u00e1sk\u00f3lan\u00e1mi og um 36% framhaldssk\u00f3la.<\/p>\n<p>N\u00fa er au\u00f0vita\u00f0 ekki \u00fatiloka\u00f0 a\u00f0 \u00c1rni P\u00e1ll hafi \u00ed h\u00f6ndunum g\u00f6gn sem sty\u00f0ji sta\u00f0h\u00e6fingu hans, en \u00e9g leyfi m\u00e9r a\u00f0 efast um \u00fea\u00f0, s\u00e9rstaklega \u00ed lj\u00f3si \u00feess a\u00f0 hann vill ekki svara spurningu minni, sem \u00e6tti a\u00f0 vera einfalt m\u00e1l, ef hann getur bent \u00e1 sl\u00edk g\u00f6gn. S\u00e1 grunur er \u00fev\u00ed sterkur a\u00f0 h\u00e9r s\u00e9 \u00c1rni P\u00e1ll a\u00f0 sta\u00f0h\u00e6fa hluti sem hann veit ekki.<\/p>\n<p>\u00dea\u00f0 v\u00e6ri kannski ekki st\u00f3rm\u00e1l \u00fe\u00f3tt forma\u00f0ur stj\u00f3rnm\u00e1laflokks henti \u00e1 lofti t\u00f6lfr\u00e6\u00f0ilegar sta\u00f0h\u00e6fingar sem hann hefur ekki neinar heimildir fyrir, en \u00fea\u00f0 er verra en bagalegt a\u00f0 gera sl\u00edkt \u00ed m\u00e1li sem \u00feessu, \u00fear sem ford\u00f3mar gegn \u00fatlendingum eru \u00f3\u00fe\u00e6gilega algengir \u00e1 \u00cdslandi og ekki b\u00e6tandi \u00e1 \u00fe\u00e1.<\/p>\n<p>\u00dea\u00f0 gerir \u00feetta m\u00e1l l\u00edka verra a\u00f0 \u00feetta er ekki \u00ed fyrsta sinn sem \u00c1rni P\u00e1ll hefur sagt \u201e\u00f3heppilega\u201c hluti um \u00fatlendingam\u00e1l. \u00cd kosningasj\u00f3nvarpi R\u00daV \u00ed sveitarstj\u00f3rnarkosningunum s\u00ed\u00f0astli\u00f0i\u00f0 vor, \u00fear sem fjalla\u00f0 var um \u00fatspil Frams\u00f3knar \u00ed moskum\u00e1linu, sag\u00f0i \u00c1rni nefnilega a\u00f0 \u00fea\u00f0 v\u00e6ri e\u00f0lilegt og m\u00e1lefnalegt a\u00f0 f\u00f3lk hef\u00f0i \u201e\u00f3tta \u00ed brj\u00f3sti um st\u00f6\u00f0u s\u00edna og um f\u00f3lk fr\u00e1 framandi l\u00f6ndum\u201c. \u00de\u00f3tt h\u00e6gt s\u00e9 a\u00f0 skilja sl\u00edkan \u00f3tta, s\u00e9rstaklega \u00ed samf\u00e9lagi \u00fear sem st\u00f6\u00f0ugt dynur \u00e1 okkur ford\u00f3ma\u00e1r\u00f3\u00f0ur, \u00fe\u00e1 er skelfilegt a\u00f0 forma\u00f0ur stj\u00f3rnm\u00e1laflokks haldi \u00fev\u00ed fram a\u00f0 hann s\u00e9 e\u00f0lilegur og m\u00e1lefnalegur.<\/p>\n<p>\u00c9g geri ekki r\u00e1\u00f0 fyrir a\u00f0 \u00c1rni P\u00e1ll s\u00e9 rasisti \u00ed venjulegri merkingu \u00feess or\u00f0s, en rasisminn, eins og svo margt anna\u00f0 lj\u00f3tt, l\u00e6\u00f0ist gjarnan bakdyramegin inn \u00ed hugskot okkar. \u00c9g geri l\u00edka r\u00e1\u00f0 fyrir a\u00f0 langflestu Samfylkingarf\u00f3lki bj\u00f3\u00f0i vi\u00f0 \u00fatlendingaand\u00fa\u00f0, og vilji ekki sj\u00e1 sl\u00edkt \u00ed flokki s\u00ednum. En \u00fe\u00e1 \u00fearf l\u00edka a\u00f0 taka til \u00ed huga formannsins, og sj\u00e1 til \u00feess a\u00f0 hann losi sig vi\u00f0 vafasamar hugmyndir og falli ekki aftur \u00ed \u00fe\u00e1 gryfju a\u00f0 \u00e9ta upp ford\u00f3mana sem eru illu heilli \u00e1 sveimi \u00ed samf\u00e9laginu.<\/p>\n<p><a href=\"http:\/\/kvennabladid.is\/2014\/11\/12\/utlendingafordomar-hja-arna-pali-eda\/\">Einnig birt h\u00e9r<\/a><\/p>\n","protected":false},"excerpt":{"rendered":"<p>\u00cd\u00a0r\u00e6\u00f0u \u00e1 flokksstj\u00f3rnarfundi\u00a0Samfylkingarinnar \u00feann 1. n\u00f3vember s\u00ed\u00f0astli\u00f0inn sag\u00f0i forma\u00f0ur flokksins, \u00c1rni P\u00e1ll \u00c1rnason, me\u00f0al annars \u00feetta: \u201e\u00cdslendingar me\u00f0 meiri menntun flytja utan. \u00datlendingar me\u00f0 litla sk\u00f3lag\u00f6ngu flytja til landsins.\u201c<\/p>\n","protected":false},"author":10,"featured_media":0,"comment_status":"open","ping_status":"open","sticky":false,"template":"","format":"standard","meta":{"footnotes":""},"categories":[1,58],"tags":[293,189,165],"class_list":["post-525","post","type-post","status-publish","format-standard","hentry","category-oflokkad","category-innflytjendur-og-flottafolk","tag-arni-pall-arnason","tag-fordomar","tag-vafasom-visindi"],"yoast_head":"<!-- This site is optimized with the Yoast SEO plugin v27.4 - https:\/\/yoast.com\/product\/yoast-seo-wordpress\/ -->\n<title>\u00datlendingaford\u00f3mar hj\u00e1 \u00c1rna P\u00e1li, e\u00f0a \u2026? - Einar<\/title>\n<meta name=\"robots\" content=\"index, follow, max-snippet:-1, max-image-preview:large, max-video-preview:-1\" \/>\n<link rel=\"canonical\" href=\"https:\/\/www.norn.is\/einar\/2014\/11\/12\/utlendingafordomar-hja-arna-pali-eda\/\" \/>\n<meta property=\"og:locale\" content=\"is_IS\" \/>\n<meta property=\"og:type\" content=\"article\" \/>\n<meta property=\"og:title\" content=\"\u00datlendingaford\u00f3mar hj\u00e1 \u00c1rna P\u00e1li, e\u00f0a \u2026? - Einar\" \/>\n<meta property=\"og:description\" content=\"\u00cd\u00a0r\u00e6\u00f0u \u00e1 flokksstj\u00f3rnarfundi\u00a0Samfylkingarinnar \u00feann 1. n\u00f3vember s\u00ed\u00f0astli\u00f0inn sag\u00f0i forma\u00f0ur flokksins, \u00c1rni P\u00e1ll \u00c1rnason, me\u00f0al annars \u00feetta: \u201e\u00cdslendingar me\u00f0 meiri menntun flytja utan. \u00datlendingar me\u00f0 litla sk\u00f3lag\u00f6ngu flytja til landsins.\u201c\" \/>\n<meta property=\"og:url\" content=\"https:\/\/www.norn.is\/einar\/2014\/11\/12\/utlendingafordomar-hja-arna-pali-eda\/\" \/>\n<meta property=\"og:site_name\" content=\"Einar\" \/>\n<meta property=\"article:published_time\" content=\"2014-11-12T12:35:21+00:00\" \/>\n<meta property=\"article:modified_time\" content=\"2017-09-24T11:02:59+00:00\" \/>\n<meta property=\"og:image\" content=\"http:\/\/www.norn.is\/einar\/wp-content\/uploads\/sites\/29\/2017\/09\/mynd11-688x451.jpg\" \/>\n<meta name=\"author\" content=\"einar\" \/>\n<meta name=\"twitter:card\" content=\"summary_large_image\" \/>\n<meta name=\"twitter:label1\" content=\"Written by\" \/>\n\t<meta name=\"twitter:data1\" content=\"\" \/>\n\t<meta name=\"twitter:label2\" content=\"Est. reading time\" \/>\n\t<meta name=\"twitter:data2\" content=\"3 minutes\" \/>\n<script type=\"application\/ld+json\" class=\"yoast-schema-graph\">{\"@context\":\"https:\\\/\\\/schema.org\",\"@graph\":[{\"@type\":\"Article\",\"@id\":\"https:\\\/\\\/www.norn.is\\\/einar\\\/2014\\\/11\\\/12\\\/utlendingafordomar-hja-arna-pali-eda\\\/#article\",\"isPartOf\":{\"@id\":\"https:\\\/\\\/www.norn.is\\\/einar\\\/2014\\\/11\\\/12\\\/utlendingafordomar-hja-arna-pali-eda\\\/\"},\"author\":{\"name\":\"einar\",\"@id\":\"https:\\\/\\\/www.norn.is\\\/einar\\\/#\\\/schema\\\/person\\\/19affadb841a22f7bfd4bdcd72a862d0\"},\"headline\":\"\u00datlendingaford\u00f3mar hj\u00e1 \u00c1rna P\u00e1li, e\u00f0a \u2026?\",\"datePublished\":\"2014-11-12T12:35:21+00:00\",\"dateModified\":\"2017-09-24T11:02:59+00:00\",\"mainEntityOfPage\":{\"@id\":\"https:\\\/\\\/www.norn.is\\\/einar\\\/2014\\\/11\\\/12\\\/utlendingafordomar-hja-arna-pali-eda\\\/\"},\"wordCount\":608,\"commentCount\":0,\"image\":{\"@id\":\"https:\\\/\\\/www.norn.is\\\/einar\\\/2014\\\/11\\\/12\\\/utlendingafordomar-hja-arna-pali-eda\\\/#primaryimage\"},\"thumbnailUrl\":\"http:\\\/\\\/www.norn.is\\\/einar\\\/wp-content\\\/uploads\\\/sites\\\/29\\\/2017\\\/09\\\/mynd11-688x451.jpg\",\"keywords\":[\"\u00c1rni P\u00e1ll \u00c1rnason\",\"Ford\u00f3mar\",\"Vafas\u00f6m v\u00edsindi\"],\"articleSection\":[\"Allt efni\",\"Innflytjendur og fl\u00f3ttaf\u00f3lk\"],\"inLanguage\":\"is\",\"potentialAction\":[{\"@type\":\"CommentAction\",\"name\":\"Comment\",\"target\":[\"https:\\\/\\\/www.norn.is\\\/einar\\\/2014\\\/11\\\/12\\\/utlendingafordomar-hja-arna-pali-eda\\\/#respond\"]}]},{\"@type\":\"WebPage\",\"@id\":\"https:\\\/\\\/www.norn.is\\\/einar\\\/2014\\\/11\\\/12\\\/utlendingafordomar-hja-arna-pali-eda\\\/\",\"url\":\"https:\\\/\\\/www.norn.is\\\/einar\\\/2014\\\/11\\\/12\\\/utlendingafordomar-hja-arna-pali-eda\\\/\",\"name\":\"\u00datlendingaford\u00f3mar hj\u00e1 \u00c1rna P\u00e1li, e\u00f0a \u2026? - Einar\",\"isPartOf\":{\"@id\":\"https:\\\/\\\/www.norn.is\\\/einar\\\/#website\"},\"primaryImageOfPage\":{\"@id\":\"https:\\\/\\\/www.norn.is\\\/einar\\\/2014\\\/11\\\/12\\\/utlendingafordomar-hja-arna-pali-eda\\\/#primaryimage\"},\"image\":{\"@id\":\"https:\\\/\\\/www.norn.is\\\/einar\\\/2014\\\/11\\\/12\\\/utlendingafordomar-hja-arna-pali-eda\\\/#primaryimage\"},\"thumbnailUrl\":\"http:\\\/\\\/www.norn.is\\\/einar\\\/wp-content\\\/uploads\\\/sites\\\/29\\\/2017\\\/09\\\/mynd11-688x451.jpg\",\"datePublished\":\"2014-11-12T12:35:21+00:00\",\"dateModified\":\"2017-09-24T11:02:59+00:00\",\"author\":{\"@id\":\"https:\\\/\\\/www.norn.is\\\/einar\\\/#\\\/schema\\\/person\\\/19affadb841a22f7bfd4bdcd72a862d0\"},\"breadcrumb\":{\"@id\":\"https:\\\/\\\/www.norn.is\\\/einar\\\/2014\\\/11\\\/12\\\/utlendingafordomar-hja-arna-pali-eda\\\/#breadcrumb\"},\"inLanguage\":\"is\",\"potentialAction\":[{\"@type\":\"ReadAction\",\"target\":[\"https:\\\/\\\/www.norn.is\\\/einar\\\/2014\\\/11\\\/12\\\/utlendingafordomar-hja-arna-pali-eda\\\/\"]}]},{\"@type\":\"ImageObject\",\"inLanguage\":\"is\",\"@id\":\"https:\\\/\\\/www.norn.is\\\/einar\\\/2014\\\/11\\\/12\\\/utlendingafordomar-hja-arna-pali-eda\\\/#primaryimage\",\"url\":\"https:\\\/\\\/www.norn.is\\\/einar\\\/wp-content\\\/uploads\\\/sites\\\/29\\\/2017\\\/09\\\/mynd11-688x451.jpg\",\"contentUrl\":\"https:\\\/\\\/www.norn.is\\\/einar\\\/wp-content\\\/uploads\\\/sites\\\/29\\\/2017\\\/09\\\/mynd11-688x451.jpg\",\"width\":688,\"height\":451},{\"@type\":\"BreadcrumbList\",\"@id\":\"https:\\\/\\\/www.norn.is\\\/einar\\\/2014\\\/11\\\/12\\\/utlendingafordomar-hja-arna-pali-eda\\\/#breadcrumb\",\"itemListElement\":[{\"@type\":\"ListItem\",\"position\":1,\"name\":\"Home\",\"item\":\"https:\\\/\\\/www.norn.is\\\/einar\\\/\"},{\"@type\":\"ListItem\",\"position\":2,\"name\":\"\u00datlendingaford\u00f3mar hj\u00e1 \u00c1rna P\u00e1li, e\u00f0a \u2026?\"}]},{\"@type\":\"WebSite\",\"@id\":\"https:\\\/\\\/www.norn.is\\\/einar\\\/#website\",\"url\":\"https:\\\/\\\/www.norn.is\\\/einar\\\/\",\"name\":\"Einar\",\"description\":\"Pistlar Einars Steingr\u00edmssonar\",\"potentialAction\":[{\"@type\":\"SearchAction\",\"target\":{\"@type\":\"EntryPoint\",\"urlTemplate\":\"https:\\\/\\\/www.norn.is\\\/einar\\\/?s={search_term_string}\"},\"query-input\":{\"@type\":\"PropertyValueSpecification\",\"valueRequired\":true,\"valueName\":\"search_term_string\"}}],\"inLanguage\":\"is\"},{\"@type\":\"Person\",\"@id\":\"https:\\\/\\\/www.norn.is\\\/einar\\\/#\\\/schema\\\/person\\\/19affadb841a22f7bfd4bdcd72a862d0\",\"name\":\"einar\",\"image\":{\"@type\":\"ImageObject\",\"inLanguage\":\"is\",\"@id\":\"https:\\\/\\\/secure.gravatar.com\\\/avatar\\\/6f5f5592f3cc45e338376db24f1672c636582d9c27d855e8f077f13ef13b17fd?s=96&d=mm&r=g\",\"url\":\"https:\\\/\\\/secure.gravatar.com\\\/avatar\\\/6f5f5592f3cc45e338376db24f1672c636582d9c27d855e8f077f13ef13b17fd?s=96&d=mm&r=g\",\"contentUrl\":\"https:\\\/\\\/secure.gravatar.com\\\/avatar\\\/6f5f5592f3cc45e338376db24f1672c636582d9c27d855e8f077f13ef13b17fd?s=96&d=mm&r=g\",\"caption\":\"einar\"},\"url\":\"https:\\\/\\\/www.norn.is\\\/einar\\\/author\\\/einarsteingrimsson\\\/\"}]}<\/script>\n<!-- \/ Yoast SEO plugin. -->","yoast_head_json":{"title":"\u00datlendingaford\u00f3mar hj\u00e1 \u00c1rna P\u00e1li, e\u00f0a \u2026? - Einar","robots":{"index":"index","follow":"follow","max-snippet":"max-snippet:-1","max-image-preview":"max-image-preview:large","max-video-preview":"max-video-preview:-1"},"canonical":"https:\/\/www.norn.is\/einar\/2014\/11\/12\/utlendingafordomar-hja-arna-pali-eda\/","og_locale":"is_IS","og_type":"article","og_title":"\u00datlendingaford\u00f3mar hj\u00e1 \u00c1rna P\u00e1li, e\u00f0a \u2026? - Einar","og_description":"\u00cd\u00a0r\u00e6\u00f0u \u00e1 flokksstj\u00f3rnarfundi\u00a0Samfylkingarinnar \u00feann 1. n\u00f3vember s\u00ed\u00f0astli\u00f0inn sag\u00f0i forma\u00f0ur flokksins, \u00c1rni P\u00e1ll \u00c1rnason, me\u00f0al annars \u00feetta: \u201e\u00cdslendingar me\u00f0 meiri menntun flytja utan. \u00datlendingar me\u00f0 litla sk\u00f3lag\u00f6ngu flytja til landsins.\u201c","og_url":"https:\/\/www.norn.is\/einar\/2014\/11\/12\/utlendingafordomar-hja-arna-pali-eda\/","og_site_name":"Einar","article_published_time":"2014-11-12T12:35:21+00:00","article_modified_time":"2017-09-24T11:02:59+00:00","og_image":[{"url":"http:\/\/www.norn.is\/einar\/wp-content\/uploads\/sites\/29\/2017\/09\/mynd11-688x451.jpg","type":"","width":"","height":""}],"author":"einar","twitter_card":"summary_large_image","twitter_misc":{"Written by":false,"Est. reading time":"3 minutes"},"schema":{"@context":"https:\/\/schema.org","@graph":[{"@type":"Article","@id":"https:\/\/www.norn.is\/einar\/2014\/11\/12\/utlendingafordomar-hja-arna-pali-eda\/#article","isPartOf":{"@id":"https:\/\/www.norn.is\/einar\/2014\/11\/12\/utlendingafordomar-hja-arna-pali-eda\/"},"author":{"name":"einar","@id":"https:\/\/www.norn.is\/einar\/#\/schema\/person\/19affadb841a22f7bfd4bdcd72a862d0"},"headline":"\u00datlendingaford\u00f3mar hj\u00e1 \u00c1rna P\u00e1li, e\u00f0a \u2026?","datePublished":"2014-11-12T12:35:21+00:00","dateModified":"2017-09-24T11:02:59+00:00","mainEntityOfPage":{"@id":"https:\/\/www.norn.is\/einar\/2014\/11\/12\/utlendingafordomar-hja-arna-pali-eda\/"},"wordCount":608,"commentCount":0,"image":{"@id":"https:\/\/www.norn.is\/einar\/2014\/11\/12\/utlendingafordomar-hja-arna-pali-eda\/#primaryimage"},"thumbnailUrl":"http:\/\/www.norn.is\/einar\/wp-content\/uploads\/sites\/29\/2017\/09\/mynd11-688x451.jpg","keywords":["\u00c1rni P\u00e1ll \u00c1rnason","Ford\u00f3mar","Vafas\u00f6m v\u00edsindi"],"articleSection":["Allt efni","Innflytjendur og fl\u00f3ttaf\u00f3lk"],"inLanguage":"is","potentialAction":[{"@type":"CommentAction","name":"Comment","target":["https:\/\/www.norn.is\/einar\/2014\/11\/12\/utlendingafordomar-hja-arna-pali-eda\/#respond"]}]},{"@type":"WebPage","@id":"https:\/\/www.norn.is\/einar\/2014\/11\/12\/utlendingafordomar-hja-arna-pali-eda\/","url":"https:\/\/www.norn.is\/einar\/2014\/11\/12\/utlendingafordomar-hja-arna-pali-eda\/","name":"\u00datlendingaford\u00f3mar hj\u00e1 \u00c1rna P\u00e1li, e\u00f0a \u2026? - Einar","isPartOf":{"@id":"https:\/\/www.norn.is\/einar\/#website"},"primaryImageOfPage":{"@id":"https:\/\/www.norn.is\/einar\/2014\/11\/12\/utlendingafordomar-hja-arna-pali-eda\/#primaryimage"},"image":{"@id":"https:\/\/www.norn.is\/einar\/2014\/11\/12\/utlendingafordomar-hja-arna-pali-eda\/#primaryimage"},"thumbnailUrl":"http:\/\/www.norn.is\/einar\/wp-content\/uploads\/sites\/29\/2017\/09\/mynd11-688x451.jpg","datePublished":"2014-11-12T12:35:21+00:00","dateModified":"2017-09-24T11:02:59+00:00","author":{"@id":"https:\/\/www.norn.is\/einar\/#\/schema\/person\/19affadb841a22f7bfd4bdcd72a862d0"},"breadcrumb":{"@id":"https:\/\/www.norn.is\/einar\/2014\/11\/12\/utlendingafordomar-hja-arna-pali-eda\/#breadcrumb"},"inLanguage":"is","potentialAction":[{"@type":"ReadAction","target":["https:\/\/www.norn.is\/einar\/2014\/11\/12\/utlendingafordomar-hja-arna-pali-eda\/"]}]},{"@type":"ImageObject","inLanguage":"is","@id":"https:\/\/www.norn.is\/einar\/2014\/11\/12\/utlendingafordomar-hja-arna-pali-eda\/#primaryimage","url":"https:\/\/www.norn.is\/einar\/wp-content\/uploads\/sites\/29\/2017\/09\/mynd11-688x451.jpg","contentUrl":"https:\/\/www.norn.is\/einar\/wp-content\/uploads\/sites\/29\/2017\/09\/mynd11-688x451.jpg","width":688,"height":451},{"@type":"BreadcrumbList","@id":"https:\/\/www.norn.is\/einar\/2014\/11\/12\/utlendingafordomar-hja-arna-pali-eda\/#breadcrumb","itemListElement":[{"@type":"ListItem","position":1,"name":"Home","item":"https:\/\/www.norn.is\/einar\/"},{"@type":"ListItem","position":2,"name":"\u00datlendingaford\u00f3mar hj\u00e1 \u00c1rna P\u00e1li, e\u00f0a \u2026?"}]},{"@type":"WebSite","@id":"https:\/\/www.norn.is\/einar\/#website","url":"https:\/\/www.norn.is\/einar\/","name":"Einar","description":"Pistlar Einars Steingr\u00edmssonar","potentialAction":[{"@type":"SearchAction","target":{"@type":"EntryPoint","urlTemplate":"https:\/\/www.norn.is\/einar\/?s={search_term_string}"},"query-input":{"@type":"PropertyValueSpecification","valueRequired":true,"valueName":"search_term_string"}}],"inLanguage":"is"},{"@type":"Person","@id":"https:\/\/www.norn.is\/einar\/#\/schema\/person\/19affadb841a22f7bfd4bdcd72a862d0","name":"einar","image":{"@type":"ImageObject","inLanguage":"is","@id":"https:\/\/secure.gravatar.com\/avatar\/6f5f5592f3cc45e338376db24f1672c636582d9c27d855e8f077f13ef13b17fd?s=96&d=mm&r=g","url":"https:\/\/secure.gravatar.com\/avatar\/6f5f5592f3cc45e338376db24f1672c636582d9c27d855e8f077f13ef13b17fd?s=96&d=mm&r=g","contentUrl":"https:\/\/secure.gravatar.com\/avatar\/6f5f5592f3cc45e338376db24f1672c636582d9c27d855e8f077f13ef13b17fd?s=96&d=mm&r=g","caption":"einar"},"url":"https:\/\/www.norn.is\/einar\/author\/einarsteingrimsson\/"}]}},"_links":{"self":[{"href":"https:\/\/www.norn.is\/einar\/wp-json\/wp\/v2\/posts\/525","targetHints":{"allow":["GET"]}}],"collection":[{"href":"https:\/\/www.norn.is\/einar\/wp-json\/wp\/v2\/posts"}],"about":[{"href":"https:\/\/www.norn.is\/einar\/wp-json\/wp\/v2\/types\/post"}],"author":[{"embeddable":true,"href":"https:\/\/www.norn.is\/einar\/wp-json\/wp\/v2\/users\/10"}],"replies":[{"embeddable":true,"href":"https:\/\/www.norn.is\/einar\/wp-json\/wp\/v2\/comments?post=525"}],"version-history":[{"count":1,"href":"https:\/\/www.norn.is\/einar\/wp-json\/wp\/v2\/posts\/525\/revisions"}],"predecessor-version":[{"id":527,"href":"https:\/\/www.norn.is\/einar\/wp-json\/wp\/v2\/posts\/525\/revisions\/527"}],"wp:attachment":[{"href":"https:\/\/www.norn.is\/einar\/wp-json\/wp\/v2\/media?parent=525"}],"wp:term":[{"taxonomy":"category","embeddable":true,"href":"https:\/\/www.norn.is\/einar\/wp-json\/wp\/v2\/categories?post=525"},{"taxonomy":"post_tag","embeddable":true,"href":"https:\/\/www.norn.is\/einar\/wp-json\/wp\/v2\/tags?post=525"}],"curies":[{"name":"wp","href":"https:\/\/api.w.org\/{rel}","templated":true}]}}