{"id":521,"date":"2014-11-05T12:29:06","date_gmt":"2014-11-05T12:29:06","guid":{"rendered":"http:\/\/www.norn.is\/einar\/?p=521"},"modified":"2017-09-24T11:02:59","modified_gmt":"2017-09-24T11:02:59","slug":"loggan-ma-drepa-thig-thu-matt-ekki-vita-af-hverju","status":"publish","type":"post","link":"https:\/\/www.norn.is\/einar\/2014\/11\/05\/loggan-ma-drepa-thig-thu-matt-ekki-vita-af-hverju\/","title":{"rendered":"L\u00f6ggan m\u00e1 drepa \u00feig. \u00de\u00fa m\u00e1tt ekki vita af hverju."},"content":{"rendered":"<p>\u00cd g\u00e6r fengu nokkrir \u00feingmenn, \u00feeir sem sitja \u00ed allsherjar- og menntam\u00e1lanefnd, a\u00f0\u00a0<a href=\"http:\/\/www.visir.is\/fengu-ad-sja-leynilegar-reglur-um-valdbeitingarheimildir-logreglunnar\/article\/2014141109615\">sko\u00f0a \u00fe\u00e6r reglur<\/a>\u00a0sem l\u00f6greglan hefur sett um notkun s\u00edna \u00e1 vopnum. \u00dea\u00f0 hefur v\u00e6ntanlega veri\u00f0 l\u00f6greglan sj\u00e1lf sem allra n\u00e1\u00f0arsamlegast leyf\u00f0i nokkrum manneskjum \u00e1 \u00feinginu, sem \u00e1 a\u00f0 fara me\u00f0 \u00e6\u00f0sta vald \u00fej\u00f3\u00f0arinnar, a\u00f0 berja augum \u00feessar leynilegu reglur, me\u00f0 \u00fev\u00ed skilyr\u00f0i a\u00f0 \u00feingmennirnir t\u00e6kju ekki afrit og seg\u00f0u alls engum fr\u00e1.<!--more--><\/p>\n<p>Al\u00feingi \u00e1 reyndar, e\u00f0lilega, a\u00f0 hafa eftirlit me\u00f0 framkv\u00e6mdavaldinu, en eins og gildir um fleiri m\u00e1l (t.d. mannr\u00e9ttindi m\u00f3tm\u00e6lenda) vir\u00f0ist l\u00f6greglan vera hafin yfir \u00f6ll l\u00f6g \u00ed landinu,\u00a0<a href=\"http:\/\/blog.pressan.is\/einar\/2012\/12\/19\/mega-domstolar-hunsa-stjornarskra\/\">\u00fear me\u00f0 talda stj\u00f3rnarskr\u00e1na<\/a>.<\/p>\n<p>L\u00f6greglan er sem sagt me\u00f0 reglur, sem h\u00fan hefur sett sj\u00e1lf, um \u00fea\u00f0 hven\u00e6r h\u00fan megi drepa \u00feig. En \u00fe\u00fa m\u00e1tt ekki vita vi\u00f0 hva\u00f0a a\u00f0st\u00e6\u00f0ur h\u00fan telur a\u00f0 henni s\u00e9 \u00fea\u00f0 leyfilegt. Og nei, \u00fea\u00f0 er enginn sem hefur neitt eftirlit me\u00f0 \u00feessu, l\u00f6greglan r\u00e6\u00f0ur \u00fev\u00ed alveg sj\u00e1lf hverja h\u00fan m\u00e1 drepa og hven\u00e6r.<\/p>\n","protected":false},"excerpt":{"rendered":"<p>\u00cd g\u00e6r fengu nokkrir \u00feingmenn, \u00feeir sem sitja \u00ed allsherjar- og menntam\u00e1lanefnd, a\u00f0\u00a0sko\u00f0a \u00fe\u00e6r reglur\u00a0sem l\u00f6greglan hefur sett um notkun s\u00edna \u00e1 vopnum. \u00dea\u00f0 hefur v\u00e6ntanlega veri\u00f0 l\u00f6greglan sj\u00e1lf sem allra n\u00e1\u00f0arsamlegast leyf\u00f0i nokkrum manneskjum \u00e1 \u00feinginu, sem \u00e1 a\u00f0 &hellip; <a href=\"https:\/\/www.norn.is\/einar\/2014\/11\/05\/loggan-ma-drepa-thig-thu-matt-ekki-vita-af-hverju\/\">Halda \u00e1fram a\u00f0 lesa <span class=\"meta-nav\">&rarr;<\/span><\/a><\/p>\n","protected":false},"author":10,"featured_media":0,"comment_status":"open","ping_status":"open","sticky":false,"template":"","format":"standard","meta":{"footnotes":""},"categories":[1,473],"tags":[387,113,332,159,105],"class_list":["post-521","post","type-post","status-publish","format-standard","hentry","category-oflokkad","category-stjornvold-og-stofnanir","tag-allsherjar-og-menntamalanefnd","tag-gagnsaei-og-leyndarhyggja","tag-hraunbaejarmalid","tag-logreglan","tag-ytra-eftirlit"],"yoast_head":"<!-- This site is optimized with the Yoast SEO plugin v27.5 - https:\/\/yoast.com\/product\/yoast-seo-wordpress\/ -->\n<title>L\u00f6ggan m\u00e1 drepa \u00feig. \u00de\u00fa m\u00e1tt ekki vita af hverju. - Einar<\/title>\n<meta name=\"robots\" content=\"index, follow, max-snippet:-1, max-image-preview:large, max-video-preview:-1\" \/>\n<link rel=\"canonical\" href=\"https:\/\/www.norn.is\/einar\/2014\/11\/05\/loggan-ma-drepa-thig-thu-matt-ekki-vita-af-hverju\/\" \/>\n<meta property=\"og:locale\" content=\"is_IS\" \/>\n<meta property=\"og:type\" content=\"article\" \/>\n<meta property=\"og:title\" content=\"L\u00f6ggan m\u00e1 drepa \u00feig. \u00de\u00fa m\u00e1tt ekki vita af hverju. - Einar\" \/>\n<meta property=\"og:description\" content=\"\u00cd g\u00e6r fengu nokkrir \u00feingmenn, \u00feeir sem sitja \u00ed allsherjar- og menntam\u00e1lanefnd, a\u00f0\u00a0sko\u00f0a \u00fe\u00e6r reglur\u00a0sem l\u00f6greglan hefur sett um notkun s\u00edna \u00e1 vopnum. \u00dea\u00f0 hefur v\u00e6ntanlega veri\u00f0 l\u00f6greglan sj\u00e1lf sem allra n\u00e1\u00f0arsamlegast leyf\u00f0i nokkrum manneskjum \u00e1 \u00feinginu, sem \u00e1 a\u00f0 &hellip; Halda \u00e1fram a\u00f0 lesa &rarr;\" \/>\n<meta property=\"og:url\" content=\"https:\/\/www.norn.is\/einar\/2014\/11\/05\/loggan-ma-drepa-thig-thu-matt-ekki-vita-af-hverju\/\" \/>\n<meta property=\"og:site_name\" content=\"Einar\" \/>\n<meta property=\"article:published_time\" content=\"2014-11-05T12:29:06+00:00\" \/>\n<meta property=\"article:modified_time\" content=\"2017-09-24T11:02:59+00:00\" \/>\n<meta name=\"author\" content=\"einar\" \/>\n<meta name=\"twitter:card\" content=\"summary_large_image\" \/>\n<meta name=\"twitter:label1\" content=\"Written by\" \/>\n\t<meta name=\"twitter:data1\" content=\"\" \/>\n\t<meta name=\"twitter:label2\" content=\"Est. reading time\" \/>\n\t<meta name=\"twitter:data2\" content=\"1 minute\" \/>\n<script type=\"application\/ld+json\" class=\"yoast-schema-graph\">{\"@context\":\"https:\\\/\\\/schema.org\",\"@graph\":[{\"@type\":\"Article\",\"@id\":\"https:\\\/\\\/www.norn.is\\\/einar\\\/2014\\\/11\\\/05\\\/loggan-ma-drepa-thig-thu-matt-ekki-vita-af-hverju\\\/#article\",\"isPartOf\":{\"@id\":\"https:\\\/\\\/www.norn.is\\\/einar\\\/2014\\\/11\\\/05\\\/loggan-ma-drepa-thig-thu-matt-ekki-vita-af-hverju\\\/\"},\"author\":{\"name\":\"einar\",\"@id\":\"https:\\\/\\\/www.norn.is\\\/einar\\\/#\\\/schema\\\/person\\\/19affadb841a22f7bfd4bdcd72a862d0\"},\"headline\":\"L\u00f6ggan m\u00e1 drepa \u00feig. \u00de\u00fa m\u00e1tt ekki vita af hverju.\",\"datePublished\":\"2014-11-05T12:29:06+00:00\",\"dateModified\":\"2017-09-24T11:02:59+00:00\",\"mainEntityOfPage\":{\"@id\":\"https:\\\/\\\/www.norn.is\\\/einar\\\/2014\\\/11\\\/05\\\/loggan-ma-drepa-thig-thu-matt-ekki-vita-af-hverju\\\/\"},\"wordCount\":198,\"commentCount\":0,\"keywords\":[\"Allsherjar- og menntam\u00e1lanefnd\",\"Gagns\u00e6i og leyndarhyggja\",\"Hraunb\u00e6jarm\u00e1li\u00f0\",\"L\u00f6greglan\",\"Ytra eftirlit\"],\"articleSection\":[\"Allt efni\",\"Stj\u00f3rnv\u00f6ld, stofnanir og r\u00edkisfyrirt\u00e6ki\"],\"inLanguage\":\"is\",\"potentialAction\":[{\"@type\":\"CommentAction\",\"name\":\"Comment\",\"target\":[\"https:\\\/\\\/www.norn.is\\\/einar\\\/2014\\\/11\\\/05\\\/loggan-ma-drepa-thig-thu-matt-ekki-vita-af-hverju\\\/#respond\"]}]},{\"@type\":\"WebPage\",\"@id\":\"https:\\\/\\\/www.norn.is\\\/einar\\\/2014\\\/11\\\/05\\\/loggan-ma-drepa-thig-thu-matt-ekki-vita-af-hverju\\\/\",\"url\":\"https:\\\/\\\/www.norn.is\\\/einar\\\/2014\\\/11\\\/05\\\/loggan-ma-drepa-thig-thu-matt-ekki-vita-af-hverju\\\/\",\"name\":\"L\u00f6ggan m\u00e1 drepa \u00feig. \u00de\u00fa m\u00e1tt ekki vita af hverju. - Einar\",\"isPartOf\":{\"@id\":\"https:\\\/\\\/www.norn.is\\\/einar\\\/#website\"},\"datePublished\":\"2014-11-05T12:29:06+00:00\",\"dateModified\":\"2017-09-24T11:02:59+00:00\",\"author\":{\"@id\":\"https:\\\/\\\/www.norn.is\\\/einar\\\/#\\\/schema\\\/person\\\/19affadb841a22f7bfd4bdcd72a862d0\"},\"breadcrumb\":{\"@id\":\"https:\\\/\\\/www.norn.is\\\/einar\\\/2014\\\/11\\\/05\\\/loggan-ma-drepa-thig-thu-matt-ekki-vita-af-hverju\\\/#breadcrumb\"},\"inLanguage\":\"is\",\"potentialAction\":[{\"@type\":\"ReadAction\",\"target\":[\"https:\\\/\\\/www.norn.is\\\/einar\\\/2014\\\/11\\\/05\\\/loggan-ma-drepa-thig-thu-matt-ekki-vita-af-hverju\\\/\"]}]},{\"@type\":\"BreadcrumbList\",\"@id\":\"https:\\\/\\\/www.norn.is\\\/einar\\\/2014\\\/11\\\/05\\\/loggan-ma-drepa-thig-thu-matt-ekki-vita-af-hverju\\\/#breadcrumb\",\"itemListElement\":[{\"@type\":\"ListItem\",\"position\":1,\"name\":\"Home\",\"item\":\"https:\\\/\\\/www.norn.is\\\/einar\\\/\"},{\"@type\":\"ListItem\",\"position\":2,\"name\":\"L\u00f6ggan m\u00e1 drepa \u00feig. \u00de\u00fa m\u00e1tt ekki vita af hverju.\"}]},{\"@type\":\"WebSite\",\"@id\":\"https:\\\/\\\/www.norn.is\\\/einar\\\/#website\",\"url\":\"https:\\\/\\\/www.norn.is\\\/einar\\\/\",\"name\":\"Einar\",\"description\":\"Pistlar Einars Steingr\u00edmssonar\",\"potentialAction\":[{\"@type\":\"SearchAction\",\"target\":{\"@type\":\"EntryPoint\",\"urlTemplate\":\"https:\\\/\\\/www.norn.is\\\/einar\\\/?s={search_term_string}\"},\"query-input\":{\"@type\":\"PropertyValueSpecification\",\"valueRequired\":true,\"valueName\":\"search_term_string\"}}],\"inLanguage\":\"is\"},{\"@type\":\"Person\",\"@id\":\"https:\\\/\\\/www.norn.is\\\/einar\\\/#\\\/schema\\\/person\\\/19affadb841a22f7bfd4bdcd72a862d0\",\"name\":\"einar\",\"image\":{\"@type\":\"ImageObject\",\"inLanguage\":\"is\",\"@id\":\"https:\\\/\\\/secure.gravatar.com\\\/avatar\\\/6f5f5592f3cc45e338376db24f1672c636582d9c27d855e8f077f13ef13b17fd?s=96&d=mm&r=g\",\"url\":\"https:\\\/\\\/secure.gravatar.com\\\/avatar\\\/6f5f5592f3cc45e338376db24f1672c636582d9c27d855e8f077f13ef13b17fd?s=96&d=mm&r=g\",\"contentUrl\":\"https:\\\/\\\/secure.gravatar.com\\\/avatar\\\/6f5f5592f3cc45e338376db24f1672c636582d9c27d855e8f077f13ef13b17fd?s=96&d=mm&r=g\",\"caption\":\"einar\"},\"url\":\"https:\\\/\\\/www.norn.is\\\/einar\\\/author\\\/einarsteingrimsson\\\/\"}]}<\/script>\n<!-- \/ Yoast SEO plugin. -->","yoast_head_json":{"title":"L\u00f6ggan m\u00e1 drepa \u00feig. \u00de\u00fa m\u00e1tt ekki vita af hverju. - Einar","robots":{"index":"index","follow":"follow","max-snippet":"max-snippet:-1","max-image-preview":"max-image-preview:large","max-video-preview":"max-video-preview:-1"},"canonical":"https:\/\/www.norn.is\/einar\/2014\/11\/05\/loggan-ma-drepa-thig-thu-matt-ekki-vita-af-hverju\/","og_locale":"is_IS","og_type":"article","og_title":"L\u00f6ggan m\u00e1 drepa \u00feig. \u00de\u00fa m\u00e1tt ekki vita af hverju. - Einar","og_description":"\u00cd g\u00e6r fengu nokkrir \u00feingmenn, \u00feeir sem sitja \u00ed allsherjar- og menntam\u00e1lanefnd, a\u00f0\u00a0sko\u00f0a \u00fe\u00e6r reglur\u00a0sem l\u00f6greglan hefur sett um notkun s\u00edna \u00e1 vopnum. \u00dea\u00f0 hefur v\u00e6ntanlega veri\u00f0 l\u00f6greglan sj\u00e1lf sem allra n\u00e1\u00f0arsamlegast leyf\u00f0i nokkrum manneskjum \u00e1 \u00feinginu, sem \u00e1 a\u00f0 &hellip; Halda \u00e1fram a\u00f0 lesa &rarr;","og_url":"https:\/\/www.norn.is\/einar\/2014\/11\/05\/loggan-ma-drepa-thig-thu-matt-ekki-vita-af-hverju\/","og_site_name":"Einar","article_published_time":"2014-11-05T12:29:06+00:00","article_modified_time":"2017-09-24T11:02:59+00:00","author":"einar","twitter_card":"summary_large_image","twitter_misc":{"Written by":false,"Est. reading time":"1 minute"},"schema":{"@context":"https:\/\/schema.org","@graph":[{"@type":"Article","@id":"https:\/\/www.norn.is\/einar\/2014\/11\/05\/loggan-ma-drepa-thig-thu-matt-ekki-vita-af-hverju\/#article","isPartOf":{"@id":"https:\/\/www.norn.is\/einar\/2014\/11\/05\/loggan-ma-drepa-thig-thu-matt-ekki-vita-af-hverju\/"},"author":{"name":"einar","@id":"https:\/\/www.norn.is\/einar\/#\/schema\/person\/19affadb841a22f7bfd4bdcd72a862d0"},"headline":"L\u00f6ggan m\u00e1 drepa \u00feig. \u00de\u00fa m\u00e1tt ekki vita af hverju.","datePublished":"2014-11-05T12:29:06+00:00","dateModified":"2017-09-24T11:02:59+00:00","mainEntityOfPage":{"@id":"https:\/\/www.norn.is\/einar\/2014\/11\/05\/loggan-ma-drepa-thig-thu-matt-ekki-vita-af-hverju\/"},"wordCount":198,"commentCount":0,"keywords":["Allsherjar- og menntam\u00e1lanefnd","Gagns\u00e6i og leyndarhyggja","Hraunb\u00e6jarm\u00e1li\u00f0","L\u00f6greglan","Ytra eftirlit"],"articleSection":["Allt efni","Stj\u00f3rnv\u00f6ld, stofnanir og r\u00edkisfyrirt\u00e6ki"],"inLanguage":"is","potentialAction":[{"@type":"CommentAction","name":"Comment","target":["https:\/\/www.norn.is\/einar\/2014\/11\/05\/loggan-ma-drepa-thig-thu-matt-ekki-vita-af-hverju\/#respond"]}]},{"@type":"WebPage","@id":"https:\/\/www.norn.is\/einar\/2014\/11\/05\/loggan-ma-drepa-thig-thu-matt-ekki-vita-af-hverju\/","url":"https:\/\/www.norn.is\/einar\/2014\/11\/05\/loggan-ma-drepa-thig-thu-matt-ekki-vita-af-hverju\/","name":"L\u00f6ggan m\u00e1 drepa \u00feig. \u00de\u00fa m\u00e1tt ekki vita af hverju. - Einar","isPartOf":{"@id":"https:\/\/www.norn.is\/einar\/#website"},"datePublished":"2014-11-05T12:29:06+00:00","dateModified":"2017-09-24T11:02:59+00:00","author":{"@id":"https:\/\/www.norn.is\/einar\/#\/schema\/person\/19affadb841a22f7bfd4bdcd72a862d0"},"breadcrumb":{"@id":"https:\/\/www.norn.is\/einar\/2014\/11\/05\/loggan-ma-drepa-thig-thu-matt-ekki-vita-af-hverju\/#breadcrumb"},"inLanguage":"is","potentialAction":[{"@type":"ReadAction","target":["https:\/\/www.norn.is\/einar\/2014\/11\/05\/loggan-ma-drepa-thig-thu-matt-ekki-vita-af-hverju\/"]}]},{"@type":"BreadcrumbList","@id":"https:\/\/www.norn.is\/einar\/2014\/11\/05\/loggan-ma-drepa-thig-thu-matt-ekki-vita-af-hverju\/#breadcrumb","itemListElement":[{"@type":"ListItem","position":1,"name":"Home","item":"https:\/\/www.norn.is\/einar\/"},{"@type":"ListItem","position":2,"name":"L\u00f6ggan m\u00e1 drepa \u00feig. \u00de\u00fa m\u00e1tt ekki vita af hverju."}]},{"@type":"WebSite","@id":"https:\/\/www.norn.is\/einar\/#website","url":"https:\/\/www.norn.is\/einar\/","name":"Einar","description":"Pistlar Einars Steingr\u00edmssonar","potentialAction":[{"@type":"SearchAction","target":{"@type":"EntryPoint","urlTemplate":"https:\/\/www.norn.is\/einar\/?s={search_term_string}"},"query-input":{"@type":"PropertyValueSpecification","valueRequired":true,"valueName":"search_term_string"}}],"inLanguage":"is"},{"@type":"Person","@id":"https:\/\/www.norn.is\/einar\/#\/schema\/person\/19affadb841a22f7bfd4bdcd72a862d0","name":"einar","image":{"@type":"ImageObject","inLanguage":"is","@id":"https:\/\/secure.gravatar.com\/avatar\/6f5f5592f3cc45e338376db24f1672c636582d9c27d855e8f077f13ef13b17fd?s=96&d=mm&r=g","url":"https:\/\/secure.gravatar.com\/avatar\/6f5f5592f3cc45e338376db24f1672c636582d9c27d855e8f077f13ef13b17fd?s=96&d=mm&r=g","contentUrl":"https:\/\/secure.gravatar.com\/avatar\/6f5f5592f3cc45e338376db24f1672c636582d9c27d855e8f077f13ef13b17fd?s=96&d=mm&r=g","caption":"einar"},"url":"https:\/\/www.norn.is\/einar\/author\/einarsteingrimsson\/"}]}},"_links":{"self":[{"href":"https:\/\/www.norn.is\/einar\/wp-json\/wp\/v2\/posts\/521","targetHints":{"allow":["GET"]}}],"collection":[{"href":"https:\/\/www.norn.is\/einar\/wp-json\/wp\/v2\/posts"}],"about":[{"href":"https:\/\/www.norn.is\/einar\/wp-json\/wp\/v2\/types\/post"}],"author":[{"embeddable":true,"href":"https:\/\/www.norn.is\/einar\/wp-json\/wp\/v2\/users\/10"}],"replies":[{"embeddable":true,"href":"https:\/\/www.norn.is\/einar\/wp-json\/wp\/v2\/comments?post=521"}],"version-history":[{"count":1,"href":"https:\/\/www.norn.is\/einar\/wp-json\/wp\/v2\/posts\/521\/revisions"}],"predecessor-version":[{"id":522,"href":"https:\/\/www.norn.is\/einar\/wp-json\/wp\/v2\/posts\/521\/revisions\/522"}],"wp:attachment":[{"href":"https:\/\/www.norn.is\/einar\/wp-json\/wp\/v2\/media?parent=521"}],"wp:term":[{"taxonomy":"category","embeddable":true,"href":"https:\/\/www.norn.is\/einar\/wp-json\/wp\/v2\/categories?post=521"},{"taxonomy":"post_tag","embeddable":true,"href":"https:\/\/www.norn.is\/einar\/wp-json\/wp\/v2\/tags?post=521"}],"curies":[{"name":"wp","href":"https:\/\/api.w.org\/{rel}","templated":true}]}}