{"id":515,"date":"2014-10-07T12:23:01","date_gmt":"2014-10-07T12:23:01","guid":{"rendered":"http:\/\/www.norn.is\/einar\/?p=515"},"modified":"2017-09-24T11:02:59","modified_gmt":"2017-09-24T11:02:59","slug":"ekki-vara-vid-ef-haetta-er-a-ferdum","status":"publish","type":"post","link":"https:\/\/www.norn.is\/einar\/2014\/10\/07\/ekki-vara-vid-ef-haetta-er-a-ferdum\/","title":{"rendered":"Ekki vara vi\u00f0 ef h\u00e6tta er \u00e1 fer\u00f0um!"},"content":{"rendered":"<div>\u00cd\u00a0<a href=\"http:\/\/www.althingi.is\/lagas\/nuna\/2014066.html\">l\u00f6gum um Fj\u00e1rm\u00e1last\u00f6\u00f0ugleikar\u00e1\u00f0<\/a>\u00a0stendur eftirfarandi:<\/div>\n<div><\/div>\n<blockquote>\n<div>\u201eFj\u00e1rm\u00e1last\u00f6\u00f0ugleikar\u00e1\u00f0 birtir tilm\u00e6li s\u00edn og r\u00f6kstu\u00f0ning fyrir \u00feeim \u00ed heild e\u00f0a a\u00f0 hluta, nema birting \u00feeirra geti haft neikv\u00e6\u00f0 \u00e1hrif \u00e1 fj\u00e1rm\u00e1last\u00f6\u00f0ugleika. Fari stj\u00f3rnvald ekki a\u00f0 tilm\u00e6lum fj\u00e1rm\u00e1last\u00f6\u00f0ugleikar\u00e1\u00f0s skal einnig birta skriflegan r\u00f6kstu\u00f0ning vi\u00f0eigandi stj\u00f3rnvalds nema birtingin geti haft neikv\u00e6\u00f0 \u00e1hrif \u00e1 fj\u00e1rm\u00e1last\u00f6\u00f0ugleika.\u201c<\/div>\n<\/blockquote>\n<p><!--more--><\/p>\n<div><\/div>\n<div>Hversu vel gafst \u00feessi leyndarhyggja, til verndar \u201efj\u00e1rm\u00e1last\u00f6\u00f0ugleika\u201c, fyrir s\u00ed\u00f0asta hrun? \u00a0Lj\u00f3st er a\u00f0 \u00fdmsir a\u00f0ilar innan \u00e6\u00f0stu stj\u00f3rns\u00fdslu vissu a\u00f0 bankarnir voru a\u00f0 falli komnir um h\u00e1lfu \u00e1ri \u00e1\u00f0ur en \u00feeir f\u00e9llu. \u00a0\u00cd sta\u00f0 \u00feess a\u00f0 segja sannleikann \u00fe\u00f6g\u00f0u \u00feeir ekki bara, heldur lugu b\u00f3kstaflega bl\u00e1kalt um g\u00f3\u00f0a st\u00f6\u00f0u bankanna, til a\u00f0 vernda \u201efj\u00e1rm\u00e1last\u00f6\u00f0ugleika\u201c.<\/div>\n<div><\/div>\n<div>Dettur einhverjum \u00ed hug a\u00f0 \u00fea\u00f0 hafi veri\u00f0 skynsamlegt a\u00f0 halda \u00feessari st\u00f6\u00f0u leyndri \u00ed h\u00e1lft \u00e1r \u00ed vi\u00f0b\u00f3t?<\/div>\n<div><\/div>\n<div>Hef\u00f0i \u00fea\u00f0 ef til vill geta\u00f0 takmarka\u00f0 tj\u00f3ni\u00f0 af falli bankanna ef sagt hef\u00f0i veri\u00f0 satt og r\u00e9tt fr\u00e1 \u00fev\u00ed hve illa \u00feeir st\u00f3\u00f0u \u00feegar \u00fea\u00f0 var or\u00f0i\u00f0 lj\u00f3st?<\/div>\n<div><\/div>\n<div>Hef\u00f0i ef til vill veri\u00f0 betra a\u00f0 segja almenningi \u00ed landinu fr\u00e1 vonlausri st\u00f6\u00f0u bankanna, \u00ed sta\u00f0 \u00feess a\u00f0 l\u00e1na \u00feeim tugi milljar\u00f0a af almannaf\u00e9 r\u00e9tt fyrir hrun?<\/div>\n<div><\/div>\n<div>Hverra hagsmuni er meiningin a\u00f0 verja me\u00f0 \u00feeirri leynd sem \u00e1 a\u00f0 einkenna starf \u00feessa r\u00e1\u00f0s? \u00a0Af hverju \u00e6tti \u00fea\u00f0 a\u00f0 \u00fej\u00f3na hagsmunum almennings a\u00f0 f\u00e1 ekki a\u00f0 vita \u00feegar h\u00e6tta er \u00e1 fer\u00f0um?<\/div>\n<div><\/div>\n","protected":false},"excerpt":{"rendered":"<p>\u00cd\u00a0l\u00f6gum um Fj\u00e1rm\u00e1last\u00f6\u00f0ugleikar\u00e1\u00f0\u00a0stendur eftirfarandi: \u201eFj\u00e1rm\u00e1last\u00f6\u00f0ugleikar\u00e1\u00f0 birtir tilm\u00e6li s\u00edn og r\u00f6kstu\u00f0ning fyrir \u00feeim \u00ed heild e\u00f0a a\u00f0 hluta, nema birting \u00feeirra geti haft neikv\u00e6\u00f0 \u00e1hrif \u00e1 fj\u00e1rm\u00e1last\u00f6\u00f0ugleika. Fari stj\u00f3rnvald ekki a\u00f0 tilm\u00e6lum fj\u00e1rm\u00e1last\u00f6\u00f0ugleikar\u00e1\u00f0s skal einnig birta skriflegan r\u00f6kstu\u00f0ning vi\u00f0eigandi stj\u00f3rnvalds nema &hellip; <a href=\"https:\/\/www.norn.is\/einar\/2014\/10\/07\/ekki-vara-vid-ef-haetta-er-a-ferdum\/\">Halda \u00e1fram a\u00f0 lesa <span class=\"meta-nav\">&rarr;<\/span><\/a><\/p>\n","protected":false},"author":10,"featured_media":0,"comment_status":"open","ping_status":"open","sticky":false,"template":"","format":"standard","meta":{"footnotes":""},"categories":[1,4],"tags":[382,113],"class_list":["post-515","post","type-post","status-publish","format-standard","hentry","category-oflokkad","category-log-og-rettarkerfi","tag-fjarmalastodugleikarad","tag-gagnsaei-og-leyndarhyggja"],"yoast_head":"<!-- This site is optimized with the Yoast SEO plugin v27.5 - https:\/\/yoast.com\/product\/yoast-seo-wordpress\/ -->\n<title>Ekki vara vi\u00f0 ef h\u00e6tta er \u00e1 fer\u00f0um! - Einar<\/title>\n<meta name=\"robots\" content=\"index, follow, max-snippet:-1, max-image-preview:large, max-video-preview:-1\" \/>\n<link rel=\"canonical\" href=\"https:\/\/www.norn.is\/einar\/2014\/10\/07\/ekki-vara-vid-ef-haetta-er-a-ferdum\/\" \/>\n<meta property=\"og:locale\" content=\"is_IS\" \/>\n<meta property=\"og:type\" content=\"article\" \/>\n<meta property=\"og:title\" content=\"Ekki vara vi\u00f0 ef h\u00e6tta er \u00e1 fer\u00f0um! - Einar\" \/>\n<meta property=\"og:description\" content=\"\u00cd\u00a0l\u00f6gum um Fj\u00e1rm\u00e1last\u00f6\u00f0ugleikar\u00e1\u00f0\u00a0stendur eftirfarandi: \u201eFj\u00e1rm\u00e1last\u00f6\u00f0ugleikar\u00e1\u00f0 birtir tilm\u00e6li s\u00edn og r\u00f6kstu\u00f0ning fyrir \u00feeim \u00ed heild e\u00f0a a\u00f0 hluta, nema birting \u00feeirra geti haft neikv\u00e6\u00f0 \u00e1hrif \u00e1 fj\u00e1rm\u00e1last\u00f6\u00f0ugleika. Fari stj\u00f3rnvald ekki a\u00f0 tilm\u00e6lum fj\u00e1rm\u00e1last\u00f6\u00f0ugleikar\u00e1\u00f0s skal einnig birta skriflegan r\u00f6kstu\u00f0ning vi\u00f0eigandi stj\u00f3rnvalds nema &hellip; Halda \u00e1fram a\u00f0 lesa &rarr;\" \/>\n<meta property=\"og:url\" content=\"https:\/\/www.norn.is\/einar\/2014\/10\/07\/ekki-vara-vid-ef-haetta-er-a-ferdum\/\" \/>\n<meta property=\"og:site_name\" content=\"Einar\" \/>\n<meta property=\"article:published_time\" content=\"2014-10-07T12:23:01+00:00\" \/>\n<meta property=\"article:modified_time\" content=\"2017-09-24T11:02:59+00:00\" \/>\n<meta name=\"author\" content=\"einar\" \/>\n<meta name=\"twitter:card\" content=\"summary_large_image\" \/>\n<meta name=\"twitter:label1\" content=\"Written by\" \/>\n\t<meta name=\"twitter:data1\" content=\"\" \/>\n\t<meta name=\"twitter:label2\" content=\"Est. reading time\" \/>\n\t<meta name=\"twitter:data2\" content=\"1 minute\" \/>\n<script type=\"application\/ld+json\" class=\"yoast-schema-graph\">{\"@context\":\"https:\\\/\\\/schema.org\",\"@graph\":[{\"@type\":\"Article\",\"@id\":\"https:\\\/\\\/www.norn.is\\\/einar\\\/2014\\\/10\\\/07\\\/ekki-vara-vid-ef-haetta-er-a-ferdum\\\/#article\",\"isPartOf\":{\"@id\":\"https:\\\/\\\/www.norn.is\\\/einar\\\/2014\\\/10\\\/07\\\/ekki-vara-vid-ef-haetta-er-a-ferdum\\\/\"},\"author\":{\"name\":\"einar\",\"@id\":\"https:\\\/\\\/www.norn.is\\\/einar\\\/#\\\/schema\\\/person\\\/19affadb841a22f7bfd4bdcd72a862d0\"},\"headline\":\"Ekki vara vi\u00f0 ef h\u00e6tta er \u00e1 fer\u00f0um!\",\"datePublished\":\"2014-10-07T12:23:01+00:00\",\"dateModified\":\"2017-09-24T11:02:59+00:00\",\"mainEntityOfPage\":{\"@id\":\"https:\\\/\\\/www.norn.is\\\/einar\\\/2014\\\/10\\\/07\\\/ekki-vara-vid-ef-haetta-er-a-ferdum\\\/\"},\"wordCount\":277,\"commentCount\":0,\"keywords\":[\"Fj\u00e1rm\u00e1last\u00f6\u00f0ugleikar\u00e1\u00f0\",\"Gagns\u00e6i og leyndarhyggja\"],\"articleSection\":[\"Allt efni\",\"L\u00f6g og r\u00e9ttarkerfi\"],\"inLanguage\":\"is\",\"potentialAction\":[{\"@type\":\"CommentAction\",\"name\":\"Comment\",\"target\":[\"https:\\\/\\\/www.norn.is\\\/einar\\\/2014\\\/10\\\/07\\\/ekki-vara-vid-ef-haetta-er-a-ferdum\\\/#respond\"]}]},{\"@type\":\"WebPage\",\"@id\":\"https:\\\/\\\/www.norn.is\\\/einar\\\/2014\\\/10\\\/07\\\/ekki-vara-vid-ef-haetta-er-a-ferdum\\\/\",\"url\":\"https:\\\/\\\/www.norn.is\\\/einar\\\/2014\\\/10\\\/07\\\/ekki-vara-vid-ef-haetta-er-a-ferdum\\\/\",\"name\":\"Ekki vara vi\u00f0 ef h\u00e6tta er \u00e1 fer\u00f0um! - Einar\",\"isPartOf\":{\"@id\":\"https:\\\/\\\/www.norn.is\\\/einar\\\/#website\"},\"datePublished\":\"2014-10-07T12:23:01+00:00\",\"dateModified\":\"2017-09-24T11:02:59+00:00\",\"author\":{\"@id\":\"https:\\\/\\\/www.norn.is\\\/einar\\\/#\\\/schema\\\/person\\\/19affadb841a22f7bfd4bdcd72a862d0\"},\"breadcrumb\":{\"@id\":\"https:\\\/\\\/www.norn.is\\\/einar\\\/2014\\\/10\\\/07\\\/ekki-vara-vid-ef-haetta-er-a-ferdum\\\/#breadcrumb\"},\"inLanguage\":\"is\",\"potentialAction\":[{\"@type\":\"ReadAction\",\"target\":[\"https:\\\/\\\/www.norn.is\\\/einar\\\/2014\\\/10\\\/07\\\/ekki-vara-vid-ef-haetta-er-a-ferdum\\\/\"]}]},{\"@type\":\"BreadcrumbList\",\"@id\":\"https:\\\/\\\/www.norn.is\\\/einar\\\/2014\\\/10\\\/07\\\/ekki-vara-vid-ef-haetta-er-a-ferdum\\\/#breadcrumb\",\"itemListElement\":[{\"@type\":\"ListItem\",\"position\":1,\"name\":\"Home\",\"item\":\"https:\\\/\\\/www.norn.is\\\/einar\\\/\"},{\"@type\":\"ListItem\",\"position\":2,\"name\":\"Ekki vara vi\u00f0 ef h\u00e6tta er \u00e1 fer\u00f0um!\"}]},{\"@type\":\"WebSite\",\"@id\":\"https:\\\/\\\/www.norn.is\\\/einar\\\/#website\",\"url\":\"https:\\\/\\\/www.norn.is\\\/einar\\\/\",\"name\":\"Einar\",\"description\":\"Pistlar Einars Steingr\u00edmssonar\",\"potentialAction\":[{\"@type\":\"SearchAction\",\"target\":{\"@type\":\"EntryPoint\",\"urlTemplate\":\"https:\\\/\\\/www.norn.is\\\/einar\\\/?s={search_term_string}\"},\"query-input\":{\"@type\":\"PropertyValueSpecification\",\"valueRequired\":true,\"valueName\":\"search_term_string\"}}],\"inLanguage\":\"is\"},{\"@type\":\"Person\",\"@id\":\"https:\\\/\\\/www.norn.is\\\/einar\\\/#\\\/schema\\\/person\\\/19affadb841a22f7bfd4bdcd72a862d0\",\"name\":\"einar\",\"image\":{\"@type\":\"ImageObject\",\"inLanguage\":\"is\",\"@id\":\"https:\\\/\\\/secure.gravatar.com\\\/avatar\\\/6f5f5592f3cc45e338376db24f1672c636582d9c27d855e8f077f13ef13b17fd?s=96&d=mm&r=g\",\"url\":\"https:\\\/\\\/secure.gravatar.com\\\/avatar\\\/6f5f5592f3cc45e338376db24f1672c636582d9c27d855e8f077f13ef13b17fd?s=96&d=mm&r=g\",\"contentUrl\":\"https:\\\/\\\/secure.gravatar.com\\\/avatar\\\/6f5f5592f3cc45e338376db24f1672c636582d9c27d855e8f077f13ef13b17fd?s=96&d=mm&r=g\",\"caption\":\"einar\"},\"url\":\"https:\\\/\\\/www.norn.is\\\/einar\\\/author\\\/einarsteingrimsson\\\/\"}]}<\/script>\n<!-- \/ Yoast SEO plugin. -->","yoast_head_json":{"title":"Ekki vara vi\u00f0 ef h\u00e6tta er \u00e1 fer\u00f0um! - Einar","robots":{"index":"index","follow":"follow","max-snippet":"max-snippet:-1","max-image-preview":"max-image-preview:large","max-video-preview":"max-video-preview:-1"},"canonical":"https:\/\/www.norn.is\/einar\/2014\/10\/07\/ekki-vara-vid-ef-haetta-er-a-ferdum\/","og_locale":"is_IS","og_type":"article","og_title":"Ekki vara vi\u00f0 ef h\u00e6tta er \u00e1 fer\u00f0um! - Einar","og_description":"\u00cd\u00a0l\u00f6gum um Fj\u00e1rm\u00e1last\u00f6\u00f0ugleikar\u00e1\u00f0\u00a0stendur eftirfarandi: \u201eFj\u00e1rm\u00e1last\u00f6\u00f0ugleikar\u00e1\u00f0 birtir tilm\u00e6li s\u00edn og r\u00f6kstu\u00f0ning fyrir \u00feeim \u00ed heild e\u00f0a a\u00f0 hluta, nema birting \u00feeirra geti haft neikv\u00e6\u00f0 \u00e1hrif \u00e1 fj\u00e1rm\u00e1last\u00f6\u00f0ugleika. Fari stj\u00f3rnvald ekki a\u00f0 tilm\u00e6lum fj\u00e1rm\u00e1last\u00f6\u00f0ugleikar\u00e1\u00f0s skal einnig birta skriflegan r\u00f6kstu\u00f0ning vi\u00f0eigandi stj\u00f3rnvalds nema &hellip; Halda \u00e1fram a\u00f0 lesa &rarr;","og_url":"https:\/\/www.norn.is\/einar\/2014\/10\/07\/ekki-vara-vid-ef-haetta-er-a-ferdum\/","og_site_name":"Einar","article_published_time":"2014-10-07T12:23:01+00:00","article_modified_time":"2017-09-24T11:02:59+00:00","author":"einar","twitter_card":"summary_large_image","twitter_misc":{"Written by":false,"Est. reading time":"1 minute"},"schema":{"@context":"https:\/\/schema.org","@graph":[{"@type":"Article","@id":"https:\/\/www.norn.is\/einar\/2014\/10\/07\/ekki-vara-vid-ef-haetta-er-a-ferdum\/#article","isPartOf":{"@id":"https:\/\/www.norn.is\/einar\/2014\/10\/07\/ekki-vara-vid-ef-haetta-er-a-ferdum\/"},"author":{"name":"einar","@id":"https:\/\/www.norn.is\/einar\/#\/schema\/person\/19affadb841a22f7bfd4bdcd72a862d0"},"headline":"Ekki vara vi\u00f0 ef h\u00e6tta er \u00e1 fer\u00f0um!","datePublished":"2014-10-07T12:23:01+00:00","dateModified":"2017-09-24T11:02:59+00:00","mainEntityOfPage":{"@id":"https:\/\/www.norn.is\/einar\/2014\/10\/07\/ekki-vara-vid-ef-haetta-er-a-ferdum\/"},"wordCount":277,"commentCount":0,"keywords":["Fj\u00e1rm\u00e1last\u00f6\u00f0ugleikar\u00e1\u00f0","Gagns\u00e6i og leyndarhyggja"],"articleSection":["Allt efni","L\u00f6g og r\u00e9ttarkerfi"],"inLanguage":"is","potentialAction":[{"@type":"CommentAction","name":"Comment","target":["https:\/\/www.norn.is\/einar\/2014\/10\/07\/ekki-vara-vid-ef-haetta-er-a-ferdum\/#respond"]}]},{"@type":"WebPage","@id":"https:\/\/www.norn.is\/einar\/2014\/10\/07\/ekki-vara-vid-ef-haetta-er-a-ferdum\/","url":"https:\/\/www.norn.is\/einar\/2014\/10\/07\/ekki-vara-vid-ef-haetta-er-a-ferdum\/","name":"Ekki vara vi\u00f0 ef h\u00e6tta er \u00e1 fer\u00f0um! - Einar","isPartOf":{"@id":"https:\/\/www.norn.is\/einar\/#website"},"datePublished":"2014-10-07T12:23:01+00:00","dateModified":"2017-09-24T11:02:59+00:00","author":{"@id":"https:\/\/www.norn.is\/einar\/#\/schema\/person\/19affadb841a22f7bfd4bdcd72a862d0"},"breadcrumb":{"@id":"https:\/\/www.norn.is\/einar\/2014\/10\/07\/ekki-vara-vid-ef-haetta-er-a-ferdum\/#breadcrumb"},"inLanguage":"is","potentialAction":[{"@type":"ReadAction","target":["https:\/\/www.norn.is\/einar\/2014\/10\/07\/ekki-vara-vid-ef-haetta-er-a-ferdum\/"]}]},{"@type":"BreadcrumbList","@id":"https:\/\/www.norn.is\/einar\/2014\/10\/07\/ekki-vara-vid-ef-haetta-er-a-ferdum\/#breadcrumb","itemListElement":[{"@type":"ListItem","position":1,"name":"Home","item":"https:\/\/www.norn.is\/einar\/"},{"@type":"ListItem","position":2,"name":"Ekki vara vi\u00f0 ef h\u00e6tta er \u00e1 fer\u00f0um!"}]},{"@type":"WebSite","@id":"https:\/\/www.norn.is\/einar\/#website","url":"https:\/\/www.norn.is\/einar\/","name":"Einar","description":"Pistlar Einars Steingr\u00edmssonar","potentialAction":[{"@type":"SearchAction","target":{"@type":"EntryPoint","urlTemplate":"https:\/\/www.norn.is\/einar\/?s={search_term_string}"},"query-input":{"@type":"PropertyValueSpecification","valueRequired":true,"valueName":"search_term_string"}}],"inLanguage":"is"},{"@type":"Person","@id":"https:\/\/www.norn.is\/einar\/#\/schema\/person\/19affadb841a22f7bfd4bdcd72a862d0","name":"einar","image":{"@type":"ImageObject","inLanguage":"is","@id":"https:\/\/secure.gravatar.com\/avatar\/6f5f5592f3cc45e338376db24f1672c636582d9c27d855e8f077f13ef13b17fd?s=96&d=mm&r=g","url":"https:\/\/secure.gravatar.com\/avatar\/6f5f5592f3cc45e338376db24f1672c636582d9c27d855e8f077f13ef13b17fd?s=96&d=mm&r=g","contentUrl":"https:\/\/secure.gravatar.com\/avatar\/6f5f5592f3cc45e338376db24f1672c636582d9c27d855e8f077f13ef13b17fd?s=96&d=mm&r=g","caption":"einar"},"url":"https:\/\/www.norn.is\/einar\/author\/einarsteingrimsson\/"}]}},"_links":{"self":[{"href":"https:\/\/www.norn.is\/einar\/wp-json\/wp\/v2\/posts\/515","targetHints":{"allow":["GET"]}}],"collection":[{"href":"https:\/\/www.norn.is\/einar\/wp-json\/wp\/v2\/posts"}],"about":[{"href":"https:\/\/www.norn.is\/einar\/wp-json\/wp\/v2\/types\/post"}],"author":[{"embeddable":true,"href":"https:\/\/www.norn.is\/einar\/wp-json\/wp\/v2\/users\/10"}],"replies":[{"embeddable":true,"href":"https:\/\/www.norn.is\/einar\/wp-json\/wp\/v2\/comments?post=515"}],"version-history":[{"count":1,"href":"https:\/\/www.norn.is\/einar\/wp-json\/wp\/v2\/posts\/515\/revisions"}],"predecessor-version":[{"id":516,"href":"https:\/\/www.norn.is\/einar\/wp-json\/wp\/v2\/posts\/515\/revisions\/516"}],"wp:attachment":[{"href":"https:\/\/www.norn.is\/einar\/wp-json\/wp\/v2\/media?parent=515"}],"wp:term":[{"taxonomy":"category","embeddable":true,"href":"https:\/\/www.norn.is\/einar\/wp-json\/wp\/v2\/categories?post=515"},{"taxonomy":"post_tag","embeddable":true,"href":"https:\/\/www.norn.is\/einar\/wp-json\/wp\/v2\/tags?post=515"}],"curies":[{"name":"wp","href":"https:\/\/api.w.org\/{rel}","templated":true}]}}