{"id":513,"date":"2014-09-24T12:21:27","date_gmt":"2014-09-24T12:21:27","guid":{"rendered":"http:\/\/www.norn.is\/einar\/?p=513"},"modified":"2017-09-24T11:02:59","modified_gmt":"2017-09-24T11:02:59","slug":"alnafna-dottur-thingflokksformannsins","status":"publish","type":"post","link":"https:\/\/www.norn.is\/einar\/2014\/09\/24\/alnafna-dottur-thingflokksformannsins\/","title":{"rendered":"Alnafna d\u00f3ttur \u00feingflokksformannsins"},"content":{"rendered":"<div>Sigr\u00fan Magn\u00fasd\u00f3ttir, \u00feingflokksforma\u00f0ur Frams\u00f3knarflokksins, hefur lagt fram\u00a0<a href=\"http:\/\/www.althingi.is\/altext\/144\/s\/0024.html\">till\u00f6gu til \u00feings\u00e1lyktunar<\/a>\u00a0um a\u00f0 r\u00edkisstj\u00f3rnin beiti s\u00e9r fyrir \u201estofnun ranns\u00f3knarklasa \u00e1 svi\u00f0i taugav\u00edsinda og taugahr\u00f6rnunarsj\u00fakd\u00f3ma\u201c. \u00a0\u00ddmsir hafa l\u00e1ti\u00f0 heyra \u00fea\u00f0 \u00ed s\u00e9r a\u00f0 ekki s\u00e9 gott a\u00f0 \u00feingmenn reyni a\u00f0 handst\u00fdra v\u00edsindastarfi \u00ed landinu, enda s\u00e9 \u00f3m\u00f6gulegt a\u00f0 sj\u00e1 fyrir \u00e1 hva\u00f0a svi\u00f0um l\u00edklegast s\u00e9 a\u00f0 framfarir ver\u00f0i \u00ed v\u00edsindaranns\u00f3knum, og alls ekki s\u00e9 h\u00e6gt a\u00f0 tryggja \u00e1rangur \u00e1 tilteknu s\u00e9rsvi\u00f0i me\u00f0 \u00fev\u00ed a\u00f0 veita \u00ed \u00fea\u00f0 f\u00e9.<\/div>\n<p><!--more--><\/p>\n<div><\/div>\n<div>\u00dea\u00f0 er hins vegar skemmtileg tilviljun a\u00f0 Sigr\u00fan \u00e1 d\u00f3ttur a\u00f0 nafni Ragnhildur \u00de\u00f3ra K\u00e1rad\u00f3ttir og\u00a0<a href=\"http:\/\/www.neuroscience.cam.ac.uk\/directory\/profile.php?rk385\">kona me\u00f0 n\u00e1kv\u00e6mlega sama nafn<\/a>\u00a0stundar einmitt ranns\u00f3knir \u00ed \u201eneuroscience\u201c, sem \u00e1 \u00edslensku \u00fatleggst sem taugav\u00edsindi. \u00a0 \u00cd \u00fej\u00f3\u00f0skr\u00e1 er a\u00f0 v\u00edsu bara a\u00f0 finna eina manneskju me\u00f0 \u00feessu nafni, en \u00fea\u00f0 hlj\u00f3ta a\u00f0 vera mist\u00f6k; varla getur veri\u00f0 a\u00f0 Sigr\u00fan s\u00e9 beinl\u00ednis a\u00f0 leggja til a\u00f0 Al\u00feingi veiti s\u00e9rst\u00f6ku f\u00e9 \u00ed ranns\u00f3knir \u00e1 s\u00e9rsvi\u00f0i d\u00f3ttur sinnar?<\/div>\n<div><\/div>\n","protected":false},"excerpt":{"rendered":"<p>Sigr\u00fan Magn\u00fasd\u00f3ttir, \u00feingflokksforma\u00f0ur Frams\u00f3knarflokksins, hefur lagt fram\u00a0till\u00f6gu til \u00feings\u00e1lyktunar\u00a0um a\u00f0 r\u00edkisstj\u00f3rnin beiti s\u00e9r fyrir \u201estofnun ranns\u00f3knarklasa \u00e1 svi\u00f0i taugav\u00edsinda og taugahr\u00f6rnunarsj\u00fakd\u00f3ma\u201c. \u00a0\u00ddmsir hafa l\u00e1ti\u00f0 heyra \u00fea\u00f0 \u00ed s\u00e9r a\u00f0 ekki s\u00e9 gott a\u00f0 \u00feingmenn reyni a\u00f0 handst\u00fdra v\u00edsindastarfi \u00ed landinu, &hellip; <a href=\"https:\/\/www.norn.is\/einar\/2014\/09\/24\/alnafna-dottur-thingflokksformannsins\/\">Halda \u00e1fram a\u00f0 lesa <span class=\"meta-nav\">&rarr;<\/span><\/a><\/p>\n","protected":false},"author":10,"featured_media":0,"comment_status":"open","ping_status":"open","sticky":false,"template":"","format":"standard","meta":{"footnotes":""},"categories":[1,43],"tags":[381,380,101],"class_list":["post-513","post","type-post","status-publish","format-standard","hentry","category-oflokkad","category-lydraedismal-og-stjornarskra","tag-framsoknarflokkurinn","tag-sigrun-magnusdottir","tag-valdaklikur-og-spilling"],"yoast_head":"<!-- This site is optimized with the Yoast SEO plugin v27.5 - https:\/\/yoast.com\/product\/yoast-seo-wordpress\/ -->\n<title>Alnafna d\u00f3ttur \u00feingflokksformannsins - Einar<\/title>\n<meta name=\"robots\" content=\"index, follow, max-snippet:-1, max-image-preview:large, max-video-preview:-1\" \/>\n<link rel=\"canonical\" href=\"https:\/\/www.norn.is\/einar\/2014\/09\/24\/alnafna-dottur-thingflokksformannsins\/\" \/>\n<meta property=\"og:locale\" content=\"is_IS\" \/>\n<meta property=\"og:type\" content=\"article\" \/>\n<meta property=\"og:title\" content=\"Alnafna d\u00f3ttur \u00feingflokksformannsins - Einar\" \/>\n<meta property=\"og:description\" content=\"Sigr\u00fan Magn\u00fasd\u00f3ttir, \u00feingflokksforma\u00f0ur Frams\u00f3knarflokksins, hefur lagt fram\u00a0till\u00f6gu til \u00feings\u00e1lyktunar\u00a0um a\u00f0 r\u00edkisstj\u00f3rnin beiti s\u00e9r fyrir \u201estofnun ranns\u00f3knarklasa \u00e1 svi\u00f0i taugav\u00edsinda og taugahr\u00f6rnunarsj\u00fakd\u00f3ma\u201c. \u00a0\u00ddmsir hafa l\u00e1ti\u00f0 heyra \u00fea\u00f0 \u00ed s\u00e9r a\u00f0 ekki s\u00e9 gott a\u00f0 \u00feingmenn reyni a\u00f0 handst\u00fdra v\u00edsindastarfi \u00ed landinu, &hellip; Halda \u00e1fram a\u00f0 lesa &rarr;\" \/>\n<meta property=\"og:url\" content=\"https:\/\/www.norn.is\/einar\/2014\/09\/24\/alnafna-dottur-thingflokksformannsins\/\" \/>\n<meta property=\"og:site_name\" content=\"Einar\" \/>\n<meta property=\"article:published_time\" content=\"2014-09-24T12:21:27+00:00\" \/>\n<meta property=\"article:modified_time\" content=\"2017-09-24T11:02:59+00:00\" \/>\n<meta name=\"author\" content=\"einar\" \/>\n<meta name=\"twitter:card\" content=\"summary_large_image\" \/>\n<meta name=\"twitter:label1\" content=\"Written by\" \/>\n\t<meta name=\"twitter:data1\" content=\"\" \/>\n\t<meta name=\"twitter:label2\" content=\"Est. reading time\" \/>\n\t<meta name=\"twitter:data2\" content=\"1 minute\" \/>\n<script type=\"application\/ld+json\" class=\"yoast-schema-graph\">{\"@context\":\"https:\\\/\\\/schema.org\",\"@graph\":[{\"@type\":\"Article\",\"@id\":\"https:\\\/\\\/www.norn.is\\\/einar\\\/2014\\\/09\\\/24\\\/alnafna-dottur-thingflokksformannsins\\\/#article\",\"isPartOf\":{\"@id\":\"https:\\\/\\\/www.norn.is\\\/einar\\\/2014\\\/09\\\/24\\\/alnafna-dottur-thingflokksformannsins\\\/\"},\"author\":{\"name\":\"einar\",\"@id\":\"https:\\\/\\\/www.norn.is\\\/einar\\\/#\\\/schema\\\/person\\\/19affadb841a22f7bfd4bdcd72a862d0\"},\"headline\":\"Alnafna d\u00f3ttur \u00feingflokksformannsins\",\"datePublished\":\"2014-09-24T12:21:27+00:00\",\"dateModified\":\"2017-09-24T11:02:59+00:00\",\"mainEntityOfPage\":{\"@id\":\"https:\\\/\\\/www.norn.is\\\/einar\\\/2014\\\/09\\\/24\\\/alnafna-dottur-thingflokksformannsins\\\/\"},\"wordCount\":190,\"commentCount\":0,\"keywords\":[\"Frams\u00f3knarflokkurinn\",\"Sigr\u00fan Magn\u00fasd\u00f3ttir\",\"Valdakl\u00edkur og spilling\"],\"articleSection\":[\"Allt efni\",\"L\u00fd\u00f0r\u00e6\u00f0ism\u00e1l og stj\u00f3rnarskr\u00e1\"],\"inLanguage\":\"is\",\"potentialAction\":[{\"@type\":\"CommentAction\",\"name\":\"Comment\",\"target\":[\"https:\\\/\\\/www.norn.is\\\/einar\\\/2014\\\/09\\\/24\\\/alnafna-dottur-thingflokksformannsins\\\/#respond\"]}]},{\"@type\":\"WebPage\",\"@id\":\"https:\\\/\\\/www.norn.is\\\/einar\\\/2014\\\/09\\\/24\\\/alnafna-dottur-thingflokksformannsins\\\/\",\"url\":\"https:\\\/\\\/www.norn.is\\\/einar\\\/2014\\\/09\\\/24\\\/alnafna-dottur-thingflokksformannsins\\\/\",\"name\":\"Alnafna d\u00f3ttur \u00feingflokksformannsins - Einar\",\"isPartOf\":{\"@id\":\"https:\\\/\\\/www.norn.is\\\/einar\\\/#website\"},\"datePublished\":\"2014-09-24T12:21:27+00:00\",\"dateModified\":\"2017-09-24T11:02:59+00:00\",\"author\":{\"@id\":\"https:\\\/\\\/www.norn.is\\\/einar\\\/#\\\/schema\\\/person\\\/19affadb841a22f7bfd4bdcd72a862d0\"},\"breadcrumb\":{\"@id\":\"https:\\\/\\\/www.norn.is\\\/einar\\\/2014\\\/09\\\/24\\\/alnafna-dottur-thingflokksformannsins\\\/#breadcrumb\"},\"inLanguage\":\"is\",\"potentialAction\":[{\"@type\":\"ReadAction\",\"target\":[\"https:\\\/\\\/www.norn.is\\\/einar\\\/2014\\\/09\\\/24\\\/alnafna-dottur-thingflokksformannsins\\\/\"]}]},{\"@type\":\"BreadcrumbList\",\"@id\":\"https:\\\/\\\/www.norn.is\\\/einar\\\/2014\\\/09\\\/24\\\/alnafna-dottur-thingflokksformannsins\\\/#breadcrumb\",\"itemListElement\":[{\"@type\":\"ListItem\",\"position\":1,\"name\":\"Home\",\"item\":\"https:\\\/\\\/www.norn.is\\\/einar\\\/\"},{\"@type\":\"ListItem\",\"position\":2,\"name\":\"Alnafna d\u00f3ttur \u00feingflokksformannsins\"}]},{\"@type\":\"WebSite\",\"@id\":\"https:\\\/\\\/www.norn.is\\\/einar\\\/#website\",\"url\":\"https:\\\/\\\/www.norn.is\\\/einar\\\/\",\"name\":\"Einar\",\"description\":\"Pistlar Einars Steingr\u00edmssonar\",\"potentialAction\":[{\"@type\":\"SearchAction\",\"target\":{\"@type\":\"EntryPoint\",\"urlTemplate\":\"https:\\\/\\\/www.norn.is\\\/einar\\\/?s={search_term_string}\"},\"query-input\":{\"@type\":\"PropertyValueSpecification\",\"valueRequired\":true,\"valueName\":\"search_term_string\"}}],\"inLanguage\":\"is\"},{\"@type\":\"Person\",\"@id\":\"https:\\\/\\\/www.norn.is\\\/einar\\\/#\\\/schema\\\/person\\\/19affadb841a22f7bfd4bdcd72a862d0\",\"name\":\"einar\",\"image\":{\"@type\":\"ImageObject\",\"inLanguage\":\"is\",\"@id\":\"https:\\\/\\\/secure.gravatar.com\\\/avatar\\\/6f5f5592f3cc45e338376db24f1672c636582d9c27d855e8f077f13ef13b17fd?s=96&d=mm&r=g\",\"url\":\"https:\\\/\\\/secure.gravatar.com\\\/avatar\\\/6f5f5592f3cc45e338376db24f1672c636582d9c27d855e8f077f13ef13b17fd?s=96&d=mm&r=g\",\"contentUrl\":\"https:\\\/\\\/secure.gravatar.com\\\/avatar\\\/6f5f5592f3cc45e338376db24f1672c636582d9c27d855e8f077f13ef13b17fd?s=96&d=mm&r=g\",\"caption\":\"einar\"},\"url\":\"https:\\\/\\\/www.norn.is\\\/einar\\\/author\\\/einarsteingrimsson\\\/\"}]}<\/script>\n<!-- \/ Yoast SEO plugin. -->","yoast_head_json":{"title":"Alnafna d\u00f3ttur \u00feingflokksformannsins - Einar","robots":{"index":"index","follow":"follow","max-snippet":"max-snippet:-1","max-image-preview":"max-image-preview:large","max-video-preview":"max-video-preview:-1"},"canonical":"https:\/\/www.norn.is\/einar\/2014\/09\/24\/alnafna-dottur-thingflokksformannsins\/","og_locale":"is_IS","og_type":"article","og_title":"Alnafna d\u00f3ttur \u00feingflokksformannsins - Einar","og_description":"Sigr\u00fan Magn\u00fasd\u00f3ttir, \u00feingflokksforma\u00f0ur Frams\u00f3knarflokksins, hefur lagt fram\u00a0till\u00f6gu til \u00feings\u00e1lyktunar\u00a0um a\u00f0 r\u00edkisstj\u00f3rnin beiti s\u00e9r fyrir \u201estofnun ranns\u00f3knarklasa \u00e1 svi\u00f0i taugav\u00edsinda og taugahr\u00f6rnunarsj\u00fakd\u00f3ma\u201c. \u00a0\u00ddmsir hafa l\u00e1ti\u00f0 heyra \u00fea\u00f0 \u00ed s\u00e9r a\u00f0 ekki s\u00e9 gott a\u00f0 \u00feingmenn reyni a\u00f0 handst\u00fdra v\u00edsindastarfi \u00ed landinu, &hellip; Halda \u00e1fram a\u00f0 lesa &rarr;","og_url":"https:\/\/www.norn.is\/einar\/2014\/09\/24\/alnafna-dottur-thingflokksformannsins\/","og_site_name":"Einar","article_published_time":"2014-09-24T12:21:27+00:00","article_modified_time":"2017-09-24T11:02:59+00:00","author":"einar","twitter_card":"summary_large_image","twitter_misc":{"Written by":false,"Est. reading time":"1 minute"},"schema":{"@context":"https:\/\/schema.org","@graph":[{"@type":"Article","@id":"https:\/\/www.norn.is\/einar\/2014\/09\/24\/alnafna-dottur-thingflokksformannsins\/#article","isPartOf":{"@id":"https:\/\/www.norn.is\/einar\/2014\/09\/24\/alnafna-dottur-thingflokksformannsins\/"},"author":{"name":"einar","@id":"https:\/\/www.norn.is\/einar\/#\/schema\/person\/19affadb841a22f7bfd4bdcd72a862d0"},"headline":"Alnafna d\u00f3ttur \u00feingflokksformannsins","datePublished":"2014-09-24T12:21:27+00:00","dateModified":"2017-09-24T11:02:59+00:00","mainEntityOfPage":{"@id":"https:\/\/www.norn.is\/einar\/2014\/09\/24\/alnafna-dottur-thingflokksformannsins\/"},"wordCount":190,"commentCount":0,"keywords":["Frams\u00f3knarflokkurinn","Sigr\u00fan Magn\u00fasd\u00f3ttir","Valdakl\u00edkur og spilling"],"articleSection":["Allt efni","L\u00fd\u00f0r\u00e6\u00f0ism\u00e1l og stj\u00f3rnarskr\u00e1"],"inLanguage":"is","potentialAction":[{"@type":"CommentAction","name":"Comment","target":["https:\/\/www.norn.is\/einar\/2014\/09\/24\/alnafna-dottur-thingflokksformannsins\/#respond"]}]},{"@type":"WebPage","@id":"https:\/\/www.norn.is\/einar\/2014\/09\/24\/alnafna-dottur-thingflokksformannsins\/","url":"https:\/\/www.norn.is\/einar\/2014\/09\/24\/alnafna-dottur-thingflokksformannsins\/","name":"Alnafna d\u00f3ttur \u00feingflokksformannsins - Einar","isPartOf":{"@id":"https:\/\/www.norn.is\/einar\/#website"},"datePublished":"2014-09-24T12:21:27+00:00","dateModified":"2017-09-24T11:02:59+00:00","author":{"@id":"https:\/\/www.norn.is\/einar\/#\/schema\/person\/19affadb841a22f7bfd4bdcd72a862d0"},"breadcrumb":{"@id":"https:\/\/www.norn.is\/einar\/2014\/09\/24\/alnafna-dottur-thingflokksformannsins\/#breadcrumb"},"inLanguage":"is","potentialAction":[{"@type":"ReadAction","target":["https:\/\/www.norn.is\/einar\/2014\/09\/24\/alnafna-dottur-thingflokksformannsins\/"]}]},{"@type":"BreadcrumbList","@id":"https:\/\/www.norn.is\/einar\/2014\/09\/24\/alnafna-dottur-thingflokksformannsins\/#breadcrumb","itemListElement":[{"@type":"ListItem","position":1,"name":"Home","item":"https:\/\/www.norn.is\/einar\/"},{"@type":"ListItem","position":2,"name":"Alnafna d\u00f3ttur \u00feingflokksformannsins"}]},{"@type":"WebSite","@id":"https:\/\/www.norn.is\/einar\/#website","url":"https:\/\/www.norn.is\/einar\/","name":"Einar","description":"Pistlar Einars Steingr\u00edmssonar","potentialAction":[{"@type":"SearchAction","target":{"@type":"EntryPoint","urlTemplate":"https:\/\/www.norn.is\/einar\/?s={search_term_string}"},"query-input":{"@type":"PropertyValueSpecification","valueRequired":true,"valueName":"search_term_string"}}],"inLanguage":"is"},{"@type":"Person","@id":"https:\/\/www.norn.is\/einar\/#\/schema\/person\/19affadb841a22f7bfd4bdcd72a862d0","name":"einar","image":{"@type":"ImageObject","inLanguage":"is","@id":"https:\/\/secure.gravatar.com\/avatar\/6f5f5592f3cc45e338376db24f1672c636582d9c27d855e8f077f13ef13b17fd?s=96&d=mm&r=g","url":"https:\/\/secure.gravatar.com\/avatar\/6f5f5592f3cc45e338376db24f1672c636582d9c27d855e8f077f13ef13b17fd?s=96&d=mm&r=g","contentUrl":"https:\/\/secure.gravatar.com\/avatar\/6f5f5592f3cc45e338376db24f1672c636582d9c27d855e8f077f13ef13b17fd?s=96&d=mm&r=g","caption":"einar"},"url":"https:\/\/www.norn.is\/einar\/author\/einarsteingrimsson\/"}]}},"_links":{"self":[{"href":"https:\/\/www.norn.is\/einar\/wp-json\/wp\/v2\/posts\/513","targetHints":{"allow":["GET"]}}],"collection":[{"href":"https:\/\/www.norn.is\/einar\/wp-json\/wp\/v2\/posts"}],"about":[{"href":"https:\/\/www.norn.is\/einar\/wp-json\/wp\/v2\/types\/post"}],"author":[{"embeddable":true,"href":"https:\/\/www.norn.is\/einar\/wp-json\/wp\/v2\/users\/10"}],"replies":[{"embeddable":true,"href":"https:\/\/www.norn.is\/einar\/wp-json\/wp\/v2\/comments?post=513"}],"version-history":[{"count":1,"href":"https:\/\/www.norn.is\/einar\/wp-json\/wp\/v2\/posts\/513\/revisions"}],"predecessor-version":[{"id":514,"href":"https:\/\/www.norn.is\/einar\/wp-json\/wp\/v2\/posts\/513\/revisions\/514"}],"wp:attachment":[{"href":"https:\/\/www.norn.is\/einar\/wp-json\/wp\/v2\/media?parent=513"}],"wp:term":[{"taxonomy":"category","embeddable":true,"href":"https:\/\/www.norn.is\/einar\/wp-json\/wp\/v2\/categories?post=513"},{"taxonomy":"post_tag","embeddable":true,"href":"https:\/\/www.norn.is\/einar\/wp-json\/wp\/v2\/tags?post=513"}],"curies":[{"name":"wp","href":"https:\/\/api.w.org\/{rel}","templated":true}]}}