{"id":51,"date":"2011-02-17T12:07:25","date_gmt":"2011-02-17T12:07:25","guid":{"rendered":"http:\/\/www.norn.is\/einar\/?p=51"},"modified":"2017-09-24T11:05:42","modified_gmt":"2017-09-24T11:05:42","slug":"hvad-verdur-um-thingforseta-sem-lygur","status":"publish","type":"post","link":"https:\/\/www.norn.is\/einar\/2011\/02\/17\/hvad-verdur-um-thingforseta-sem-lygur\/","title":{"rendered":"Hva\u00f0 ver\u00f0ur um \u00feingforseta sem l\u00fdgur?"},"content":{"rendered":"<div>\u00c1sta R. J\u00f3hannesd\u00f3ttir, forseti Al\u00feingis, neita\u00f0i sta\u00f0fastlega a\u00f0 tj\u00e1 sig um m\u00e1l N\u00edmenninganna \u00e1 me\u00f0an \u00fea\u00f0 v\u00e6ri fyrir d\u00f3mst\u00f3lum.\u00a0 \u00deann 17. ma\u00ed 2010, l\u00f6ngu eftir a\u00f0 \u00e1k\u00e6ra var gefin \u00fat, haf\u00f0i \u00c1sta hins vegar sent J\u00f3ni \u00d3lafssyni, pr\u00f3fessor \u00e1 Bifr\u00f6st, t\u00f6lvup\u00f3st, \u00ed tilefni af umm\u00e6lum hans \u00ed \u00fatvarpi um m\u00e1li\u00f0. \u00dear sag\u00f0i h\u00fan me\u00f0al annars (allan p\u00f3stinn m\u00e1 sj\u00e1\u00a0<a href=\"http:\/\/blog.eyjan.is\/einar\/2011\/01\/13\/ologlegt-samrad-saksoknara-og-althingis\/\">h\u00e9r<\/a>):<\/div>\n<p><!--more--><\/p>\n<p>&nbsp;<\/p>\n<blockquote><p>Umfj\u00f6llun um m\u00e1laferli gegn svok\u00f6llu\u00f0um 9 menningum er \u00e1 algj\u00f6rum villig\u00f6tum.<br \/>\nSta\u00f0reyndir eru \u00feessar:<\/p>\n<p>8. desember 2008 r\u00e6\u00f0st h\u00f3pur f\u00f3lks inn \u00ed Al\u00feingish\u00fasi\u00f0 bakdyrameginn, beitir \u00feingver\u00f0i ofbeldi til a\u00f0 komast upp \u00e1 \u00feingpalla, \u2013 yfirbugar \u00fe\u00e1 og slasar starfsf\u00f3lk \u00feingsins.<br \/>\nAtbur\u00f0ir \u00feessir koma greinilega fram \u00e1 uppt\u00f6ku \u00ed \u00f6ryggismyndav\u00e9l.<\/p><\/blockquote>\n<p>&nbsp;<\/p>\n<p>\u00de\u00f3tt starfsmenn Al\u00feingis hafi (eins og fram kom \u00ed r\u00e9ttarh\u00f6ldunum) vali\u00f0 \u00far \u00f6ryggismyndav\u00e9lunum \u00fe\u00e1 kafla sem \u00feeim fundust \u201e\u00e1hugaver\u00f0astir\u201c fyrir sig, \u00fe\u00e1 var \u00fe\u00f3 alveg lj\u00f3st af \u00feeim uppt\u00f6kum a\u00f0 \u00feessi h\u00f3pur f\u00f3lks sem \u201er\u00e6\u00f0st\u201c inn \u00ed \u00feingh\u00fasi\u00f0 slasa\u00f0i alls engan, enda var ni\u00f0ursta\u00f0a r\u00e9ttarins \u00ed samr\u00e6mi vi\u00f0 \u00fea\u00f0.<\/p>\n<p>Almenningur vissi a\u00f0 v\u00edsu l\u00edti\u00f0 um hva\u00f0 v\u00e6ri h\u00e6ft \u00ed \u00e1s\u00f6kunum um a\u00f0 N\u00edmenningarnir hef\u00f0u slasa\u00f0 f\u00f3lk fyrr en umr\u00e6dd upptaka var s\u00fdnd \u00ed sj\u00f3nvarpi.\u00a0 En \u00c1sta haf\u00f0i au\u00f0vita\u00f0 a\u00f0gang a\u00f0 uppt\u00f6kunni, enda v\u00edsar h\u00fan \u00ed hana \u00feegar h\u00fan setur fram \u00feessar r\u00f6ngu \u00e1sakanir \u00ed p\u00f3stinum til J\u00f3ns.<\/p>\n<p>\u00dear sem auglj\u00f3st er af \u00feessari uppt\u00f6ku a\u00f0 \u00c1sta fer me\u00f0 rangt m\u00e1l, eins og d\u00f3murinn sta\u00f0festi, og \u00fear sem h\u00fan byggir sta\u00f0h\u00e6fingar s\u00ednar einmitt \u00e1 v\u00edsun \u00ed uppt\u00f6kuna, er erfitt a\u00f0 t\u00falka \u00feetta \u00f6\u00f0ru v\u00edsi en svo a\u00f0 h\u00fan hafi v\u00edsvitandi sagt \u00f3satt.\u00a0 \u00dea\u00f0 er a\u00f0 segja, a\u00f0 forseti Al\u00feingis hafi logi\u00f0 bl\u00e1kalt.<\/p>\n<p>M\u00f6r\u00f0ur \u00c1rnason f\u00f3r fram \u00e1 \u00fea\u00f0 \u00e1 Al\u00feingi \u00ed g\u00e6r a\u00f0 \u00c1sta forseti b\u00e6\u00f0i N\u00edmenningana strax afs\u00f6kunar \u00e1 \u00fev\u00ed sem ger\u00f0ist, en h\u00fan svara\u00f0i honum ekki, og fr\u00e9ttastofa R\u00daV n\u00e1\u00f0i ekki \u00ed hana.\u00a0 Ragnar A\u00f0alsteinsson, l\u00f6gma\u00f0ur nokkurra af N\u00edmenningunum, hefur lagt til a\u00f0 fram fari \u00f3h\u00e1\u00f0 ranns\u00f3kn \u00e1 a\u00f0komu \u00feingsins a\u00f0 m\u00e1linu.\u00a0 Hvort tveggja \u00e6tti a\u00f0 vera sj\u00e1lfsagt m\u00e1l.<\/p>\n<p>Fyrirgefningarbei\u00f0ni \u00c1stu myndi vafalaust l\u00e9tta henni \u00feessa \u00feungu byr\u00f0i nokku\u00f0, og flestir myndu tr\u00falega l\u00edta hana mildari augum ef h\u00fan i\u00f0ra\u00f0ist og hef\u00f0i \u00ed s\u00e9r mannd\u00f3m til a\u00f0 s\u00fdna \u00fea\u00f0.<\/p>\n<p>En \u00fea\u00f0 er samt h\u00e6pi\u00f0 a\u00f0 Al\u00feingi geti haldi\u00f0 nokkurri vir\u00f0ingu ef \u00fea\u00f0 l\u00e6tur sitja \u00e1fram forseta sem or\u00f0i\u00f0 hefur uppv\u00eds a\u00f0 \u00fev\u00ed a\u00f0 lj\u00faga um jafnalvarlegt m\u00e1l, a\u00f0 lj\u00faga \u00feungum s\u00f6kum upp \u00e1 saklaust f\u00f3lk.<\/p>\n","protected":false},"excerpt":{"rendered":"<p>\u00c1sta R. J\u00f3hannesd\u00f3ttir, forseti Al\u00feingis, neita\u00f0i sta\u00f0fastlega a\u00f0 tj\u00e1 sig um m\u00e1l N\u00edmenninganna \u00e1 me\u00f0an \u00fea\u00f0 v\u00e6ri fyrir d\u00f3mst\u00f3lum.\u00a0 \u00deann 17. ma\u00ed 2010, l\u00f6ngu eftir a\u00f0 \u00e1k\u00e6ra var gefin \u00fat, haf\u00f0i \u00c1sta hins vegar sent J\u00f3ni \u00d3lafssyni, pr\u00f3fessor \u00e1 Bifr\u00f6st, &hellip; <a href=\"https:\/\/www.norn.is\/einar\/2011\/02\/17\/hvad-verdur-um-thingforseta-sem-lygur\/\">Halda \u00e1fram a\u00f0 lesa <span class=\"meta-nav\">&rarr;<\/span><\/a><\/p>\n","protected":false},"author":10,"featured_media":0,"comment_status":"open","ping_status":"open","sticky":false,"template":"","format":"standard","meta":{"footnotes":""},"categories":[1,4],"tags":[7,36,3],"class_list":["post-51","post","type-post","status-publish","format-standard","hentry","category-oflokkad","category-log-og-rettarkerfi","tag-asta-r-johannesdottir","tag-jon-olafsson-professor","tag-nimenningamalid"],"yoast_head":"<!-- This site is optimized with the Yoast SEO plugin v27.5 - https:\/\/yoast.com\/product\/yoast-seo-wordpress\/ -->\n<title>Hva\u00f0 ver\u00f0ur um \u00feingforseta sem l\u00fdgur? - Einar<\/title>\n<meta name=\"robots\" content=\"index, follow, max-snippet:-1, max-image-preview:large, max-video-preview:-1\" \/>\n<link rel=\"canonical\" href=\"https:\/\/www.norn.is\/einar\/2011\/02\/17\/hvad-verdur-um-thingforseta-sem-lygur\/\" \/>\n<meta property=\"og:locale\" content=\"is_IS\" \/>\n<meta property=\"og:type\" content=\"article\" \/>\n<meta property=\"og:title\" content=\"Hva\u00f0 ver\u00f0ur um \u00feingforseta sem l\u00fdgur? - Einar\" \/>\n<meta property=\"og:description\" content=\"\u00c1sta R. J\u00f3hannesd\u00f3ttir, forseti Al\u00feingis, neita\u00f0i sta\u00f0fastlega a\u00f0 tj\u00e1 sig um m\u00e1l N\u00edmenninganna \u00e1 me\u00f0an \u00fea\u00f0 v\u00e6ri fyrir d\u00f3mst\u00f3lum.\u00a0 \u00deann 17. ma\u00ed 2010, l\u00f6ngu eftir a\u00f0 \u00e1k\u00e6ra var gefin \u00fat, haf\u00f0i \u00c1sta hins vegar sent J\u00f3ni \u00d3lafssyni, pr\u00f3fessor \u00e1 Bifr\u00f6st, &hellip; Halda \u00e1fram a\u00f0 lesa &rarr;\" \/>\n<meta property=\"og:url\" content=\"https:\/\/www.norn.is\/einar\/2011\/02\/17\/hvad-verdur-um-thingforseta-sem-lygur\/\" \/>\n<meta property=\"og:site_name\" content=\"Einar\" \/>\n<meta property=\"article:published_time\" content=\"2011-02-17T12:07:25+00:00\" \/>\n<meta property=\"article:modified_time\" content=\"2017-09-24T11:05:42+00:00\" \/>\n<meta name=\"author\" content=\"einar\" \/>\n<meta name=\"twitter:card\" content=\"summary_large_image\" \/>\n<meta name=\"twitter:label1\" content=\"Written by\" \/>\n\t<meta name=\"twitter:data1\" content=\"\" \/>\n\t<meta name=\"twitter:label2\" content=\"Est. reading time\" \/>\n\t<meta name=\"twitter:data2\" content=\"2 minutes\" \/>\n<script type=\"application\/ld+json\" class=\"yoast-schema-graph\">{\"@context\":\"https:\\\/\\\/schema.org\",\"@graph\":[{\"@type\":\"Article\",\"@id\":\"https:\\\/\\\/www.norn.is\\\/einar\\\/2011\\\/02\\\/17\\\/hvad-verdur-um-thingforseta-sem-lygur\\\/#article\",\"isPartOf\":{\"@id\":\"https:\\\/\\\/www.norn.is\\\/einar\\\/2011\\\/02\\\/17\\\/hvad-verdur-um-thingforseta-sem-lygur\\\/\"},\"author\":{\"name\":\"einar\",\"@id\":\"https:\\\/\\\/www.norn.is\\\/einar\\\/#\\\/schema\\\/person\\\/19affadb841a22f7bfd4bdcd72a862d0\"},\"headline\":\"Hva\u00f0 ver\u00f0ur um \u00feingforseta sem l\u00fdgur?\",\"datePublished\":\"2011-02-17T12:07:25+00:00\",\"dateModified\":\"2017-09-24T11:05:42+00:00\",\"mainEntityOfPage\":{\"@id\":\"https:\\\/\\\/www.norn.is\\\/einar\\\/2011\\\/02\\\/17\\\/hvad-verdur-um-thingforseta-sem-lygur\\\/\"},\"wordCount\":502,\"commentCount\":0,\"keywords\":[\"\u00c1sta R. J\u00f3hannesd\u00f3ttir\",\"J\u00f3n \u00d3lafsson pr\u00f3fessor\",\"N\u00edmenningam\u00e1li\u00f0\"],\"articleSection\":[\"Allt efni\",\"L\u00f6g og r\u00e9ttarkerfi\"],\"inLanguage\":\"is\",\"potentialAction\":[{\"@type\":\"CommentAction\",\"name\":\"Comment\",\"target\":[\"https:\\\/\\\/www.norn.is\\\/einar\\\/2011\\\/02\\\/17\\\/hvad-verdur-um-thingforseta-sem-lygur\\\/#respond\"]}]},{\"@type\":\"WebPage\",\"@id\":\"https:\\\/\\\/www.norn.is\\\/einar\\\/2011\\\/02\\\/17\\\/hvad-verdur-um-thingforseta-sem-lygur\\\/\",\"url\":\"https:\\\/\\\/www.norn.is\\\/einar\\\/2011\\\/02\\\/17\\\/hvad-verdur-um-thingforseta-sem-lygur\\\/\",\"name\":\"Hva\u00f0 ver\u00f0ur um \u00feingforseta sem l\u00fdgur? - Einar\",\"isPartOf\":{\"@id\":\"https:\\\/\\\/www.norn.is\\\/einar\\\/#website\"},\"datePublished\":\"2011-02-17T12:07:25+00:00\",\"dateModified\":\"2017-09-24T11:05:42+00:00\",\"author\":{\"@id\":\"https:\\\/\\\/www.norn.is\\\/einar\\\/#\\\/schema\\\/person\\\/19affadb841a22f7bfd4bdcd72a862d0\"},\"breadcrumb\":{\"@id\":\"https:\\\/\\\/www.norn.is\\\/einar\\\/2011\\\/02\\\/17\\\/hvad-verdur-um-thingforseta-sem-lygur\\\/#breadcrumb\"},\"inLanguage\":\"is\",\"potentialAction\":[{\"@type\":\"ReadAction\",\"target\":[\"https:\\\/\\\/www.norn.is\\\/einar\\\/2011\\\/02\\\/17\\\/hvad-verdur-um-thingforseta-sem-lygur\\\/\"]}]},{\"@type\":\"BreadcrumbList\",\"@id\":\"https:\\\/\\\/www.norn.is\\\/einar\\\/2011\\\/02\\\/17\\\/hvad-verdur-um-thingforseta-sem-lygur\\\/#breadcrumb\",\"itemListElement\":[{\"@type\":\"ListItem\",\"position\":1,\"name\":\"Home\",\"item\":\"https:\\\/\\\/www.norn.is\\\/einar\\\/\"},{\"@type\":\"ListItem\",\"position\":2,\"name\":\"Hva\u00f0 ver\u00f0ur um \u00feingforseta sem l\u00fdgur?\"}]},{\"@type\":\"WebSite\",\"@id\":\"https:\\\/\\\/www.norn.is\\\/einar\\\/#website\",\"url\":\"https:\\\/\\\/www.norn.is\\\/einar\\\/\",\"name\":\"Einar\",\"description\":\"Pistlar Einars Steingr\u00edmssonar\",\"potentialAction\":[{\"@type\":\"SearchAction\",\"target\":{\"@type\":\"EntryPoint\",\"urlTemplate\":\"https:\\\/\\\/www.norn.is\\\/einar\\\/?s={search_term_string}\"},\"query-input\":{\"@type\":\"PropertyValueSpecification\",\"valueRequired\":true,\"valueName\":\"search_term_string\"}}],\"inLanguage\":\"is\"},{\"@type\":\"Person\",\"@id\":\"https:\\\/\\\/www.norn.is\\\/einar\\\/#\\\/schema\\\/person\\\/19affadb841a22f7bfd4bdcd72a862d0\",\"name\":\"einar\",\"image\":{\"@type\":\"ImageObject\",\"inLanguage\":\"is\",\"@id\":\"https:\\\/\\\/secure.gravatar.com\\\/avatar\\\/6f5f5592f3cc45e338376db24f1672c636582d9c27d855e8f077f13ef13b17fd?s=96&d=mm&r=g\",\"url\":\"https:\\\/\\\/secure.gravatar.com\\\/avatar\\\/6f5f5592f3cc45e338376db24f1672c636582d9c27d855e8f077f13ef13b17fd?s=96&d=mm&r=g\",\"contentUrl\":\"https:\\\/\\\/secure.gravatar.com\\\/avatar\\\/6f5f5592f3cc45e338376db24f1672c636582d9c27d855e8f077f13ef13b17fd?s=96&d=mm&r=g\",\"caption\":\"einar\"},\"url\":\"https:\\\/\\\/www.norn.is\\\/einar\\\/author\\\/einarsteingrimsson\\\/\"}]}<\/script>\n<!-- \/ Yoast SEO plugin. -->","yoast_head_json":{"title":"Hva\u00f0 ver\u00f0ur um \u00feingforseta sem l\u00fdgur? - Einar","robots":{"index":"index","follow":"follow","max-snippet":"max-snippet:-1","max-image-preview":"max-image-preview:large","max-video-preview":"max-video-preview:-1"},"canonical":"https:\/\/www.norn.is\/einar\/2011\/02\/17\/hvad-verdur-um-thingforseta-sem-lygur\/","og_locale":"is_IS","og_type":"article","og_title":"Hva\u00f0 ver\u00f0ur um \u00feingforseta sem l\u00fdgur? - Einar","og_description":"\u00c1sta R. J\u00f3hannesd\u00f3ttir, forseti Al\u00feingis, neita\u00f0i sta\u00f0fastlega a\u00f0 tj\u00e1 sig um m\u00e1l N\u00edmenninganna \u00e1 me\u00f0an \u00fea\u00f0 v\u00e6ri fyrir d\u00f3mst\u00f3lum.\u00a0 \u00deann 17. ma\u00ed 2010, l\u00f6ngu eftir a\u00f0 \u00e1k\u00e6ra var gefin \u00fat, haf\u00f0i \u00c1sta hins vegar sent J\u00f3ni \u00d3lafssyni, pr\u00f3fessor \u00e1 Bifr\u00f6st, &hellip; Halda \u00e1fram a\u00f0 lesa &rarr;","og_url":"https:\/\/www.norn.is\/einar\/2011\/02\/17\/hvad-verdur-um-thingforseta-sem-lygur\/","og_site_name":"Einar","article_published_time":"2011-02-17T12:07:25+00:00","article_modified_time":"2017-09-24T11:05:42+00:00","author":"einar","twitter_card":"summary_large_image","twitter_misc":{"Written by":false,"Est. reading time":"2 minutes"},"schema":{"@context":"https:\/\/schema.org","@graph":[{"@type":"Article","@id":"https:\/\/www.norn.is\/einar\/2011\/02\/17\/hvad-verdur-um-thingforseta-sem-lygur\/#article","isPartOf":{"@id":"https:\/\/www.norn.is\/einar\/2011\/02\/17\/hvad-verdur-um-thingforseta-sem-lygur\/"},"author":{"name":"einar","@id":"https:\/\/www.norn.is\/einar\/#\/schema\/person\/19affadb841a22f7bfd4bdcd72a862d0"},"headline":"Hva\u00f0 ver\u00f0ur um \u00feingforseta sem l\u00fdgur?","datePublished":"2011-02-17T12:07:25+00:00","dateModified":"2017-09-24T11:05:42+00:00","mainEntityOfPage":{"@id":"https:\/\/www.norn.is\/einar\/2011\/02\/17\/hvad-verdur-um-thingforseta-sem-lygur\/"},"wordCount":502,"commentCount":0,"keywords":["\u00c1sta R. J\u00f3hannesd\u00f3ttir","J\u00f3n \u00d3lafsson pr\u00f3fessor","N\u00edmenningam\u00e1li\u00f0"],"articleSection":["Allt efni","L\u00f6g og r\u00e9ttarkerfi"],"inLanguage":"is","potentialAction":[{"@type":"CommentAction","name":"Comment","target":["https:\/\/www.norn.is\/einar\/2011\/02\/17\/hvad-verdur-um-thingforseta-sem-lygur\/#respond"]}]},{"@type":"WebPage","@id":"https:\/\/www.norn.is\/einar\/2011\/02\/17\/hvad-verdur-um-thingforseta-sem-lygur\/","url":"https:\/\/www.norn.is\/einar\/2011\/02\/17\/hvad-verdur-um-thingforseta-sem-lygur\/","name":"Hva\u00f0 ver\u00f0ur um \u00feingforseta sem l\u00fdgur? - Einar","isPartOf":{"@id":"https:\/\/www.norn.is\/einar\/#website"},"datePublished":"2011-02-17T12:07:25+00:00","dateModified":"2017-09-24T11:05:42+00:00","author":{"@id":"https:\/\/www.norn.is\/einar\/#\/schema\/person\/19affadb841a22f7bfd4bdcd72a862d0"},"breadcrumb":{"@id":"https:\/\/www.norn.is\/einar\/2011\/02\/17\/hvad-verdur-um-thingforseta-sem-lygur\/#breadcrumb"},"inLanguage":"is","potentialAction":[{"@type":"ReadAction","target":["https:\/\/www.norn.is\/einar\/2011\/02\/17\/hvad-verdur-um-thingforseta-sem-lygur\/"]}]},{"@type":"BreadcrumbList","@id":"https:\/\/www.norn.is\/einar\/2011\/02\/17\/hvad-verdur-um-thingforseta-sem-lygur\/#breadcrumb","itemListElement":[{"@type":"ListItem","position":1,"name":"Home","item":"https:\/\/www.norn.is\/einar\/"},{"@type":"ListItem","position":2,"name":"Hva\u00f0 ver\u00f0ur um \u00feingforseta sem l\u00fdgur?"}]},{"@type":"WebSite","@id":"https:\/\/www.norn.is\/einar\/#website","url":"https:\/\/www.norn.is\/einar\/","name":"Einar","description":"Pistlar Einars Steingr\u00edmssonar","potentialAction":[{"@type":"SearchAction","target":{"@type":"EntryPoint","urlTemplate":"https:\/\/www.norn.is\/einar\/?s={search_term_string}"},"query-input":{"@type":"PropertyValueSpecification","valueRequired":true,"valueName":"search_term_string"}}],"inLanguage":"is"},{"@type":"Person","@id":"https:\/\/www.norn.is\/einar\/#\/schema\/person\/19affadb841a22f7bfd4bdcd72a862d0","name":"einar","image":{"@type":"ImageObject","inLanguage":"is","@id":"https:\/\/secure.gravatar.com\/avatar\/6f5f5592f3cc45e338376db24f1672c636582d9c27d855e8f077f13ef13b17fd?s=96&d=mm&r=g","url":"https:\/\/secure.gravatar.com\/avatar\/6f5f5592f3cc45e338376db24f1672c636582d9c27d855e8f077f13ef13b17fd?s=96&d=mm&r=g","contentUrl":"https:\/\/secure.gravatar.com\/avatar\/6f5f5592f3cc45e338376db24f1672c636582d9c27d855e8f077f13ef13b17fd?s=96&d=mm&r=g","caption":"einar"},"url":"https:\/\/www.norn.is\/einar\/author\/einarsteingrimsson\/"}]}},"_links":{"self":[{"href":"https:\/\/www.norn.is\/einar\/wp-json\/wp\/v2\/posts\/51","targetHints":{"allow":["GET"]}}],"collection":[{"href":"https:\/\/www.norn.is\/einar\/wp-json\/wp\/v2\/posts"}],"about":[{"href":"https:\/\/www.norn.is\/einar\/wp-json\/wp\/v2\/types\/post"}],"author":[{"embeddable":true,"href":"https:\/\/www.norn.is\/einar\/wp-json\/wp\/v2\/users\/10"}],"replies":[{"embeddable":true,"href":"https:\/\/www.norn.is\/einar\/wp-json\/wp\/v2\/comments?post=51"}],"version-history":[{"count":1,"href":"https:\/\/www.norn.is\/einar\/wp-json\/wp\/v2\/posts\/51\/revisions"}],"predecessor-version":[{"id":52,"href":"https:\/\/www.norn.is\/einar\/wp-json\/wp\/v2\/posts\/51\/revisions\/52"}],"wp:attachment":[{"href":"https:\/\/www.norn.is\/einar\/wp-json\/wp\/v2\/media?parent=51"}],"wp:term":[{"taxonomy":"category","embeddable":true,"href":"https:\/\/www.norn.is\/einar\/wp-json\/wp\/v2\/categories?post=51"},{"taxonomy":"post_tag","embeddable":true,"href":"https:\/\/www.norn.is\/einar\/wp-json\/wp\/v2\/tags?post=51"}],"curies":[{"name":"wp","href":"https:\/\/api.w.org\/{rel}","templated":true}]}}