{"id":502,"date":"2014-09-12T12:09:58","date_gmt":"2014-09-12T12:09:58","guid":{"rendered":"http:\/\/www.norn.is\/einar\/?p=502"},"modified":"2017-09-24T11:02:59","modified_gmt":"2017-09-24T11:02:59","slug":"skinkumelluhugmyndafraedi-i-flensborg","status":"publish","type":"post","link":"https:\/\/www.norn.is\/einar\/2014\/09\/12\/skinkumelluhugmyndafraedi-i-flensborg\/","title":{"rendered":"Skinkumelluhugmyndafr\u00e6\u00f0i \u00ed Flensborg"},"content":{"rendered":"<p>\u00cd framhaldi af <a href=\"http:\/\/www.norn.is\/einar\/2014\/09\/11\/radgatan-um-hugmyndafraedi-skolameistara-flensborgarskola\/\">\u00feessari grein <\/a>sem einnig\u00a0<a href=\"http:\/\/kvennabladid.is\/2014\/09\/11\/radgatan-um-hugmyndafraedi-skolameistara-flensborgarskola\/\">birtist \u00ed Kvennabla\u00f0inu<\/a>\u00a0\u00ed g\u00e6r.<\/p>\n<p>\u00deess m\u00e1 geta a\u00f0 \u00e9g skrifa\u00f0i Magn\u00fasi sk\u00f3lameistara \u00ed Flensborg \u00ed fyrrakv\u00f6ld og bar upp nokkrar spurningar um \u00fe\u00e1 \u201ehugmyndafr\u00e6\u00f0i\u201c sem hann segir a\u00f0 karakterar skemmtikraftanna umr\u00e6ddu samr\u00fdmist ekki. \u00a0Magn\u00fas vildi ekki svara, en spur\u00f0i \u00ed sta\u00f0inn \u00ed hva\u00f0a tilgangi \u00e9g kalla\u00f0i eftir sv\u00f6rum vi\u00f0 \u00feessu. \u00a0\u00c9g \u00fatsk\u00fdr\u00f0i fyrir honum (\u00fe\u00f3tt m\u00e9r finnist \u00f3s\u00e6milegt af forst\u00f6\u00f0um\u00f6nnum opinberra stofnana a\u00f0 krefja spyrjendur um sl\u00edkt) a\u00f0 \u00e9g teldi e\u00f0lilegt a\u00f0 almennir borgarar grennslist fyrir um hvernig\u00a0\u00a0starfsemi opinberra stofnana er h\u00e1tta\u00f0. \u00a0\u00deegar \u00e9g svo spur\u00f0i aftur hven\u00e6r \u00e9g m\u00e6tti b\u00faast vi\u00f0 sv\u00f6rum sag\u00f0i Magn\u00fas \u00feetta:<!--more--><\/p>\n<blockquote><p>\u201eHva\u00f0 var\u00f0ar \u00f6nnur atri\u00f0i spurning \u00feinna fimm \u00fe\u00e1 eru \u00feetta einmitt m\u00e1l sem veri\u00f0 er a\u00f0 vinna sig \u00ed gegnum \u00ed umr\u00e6\u00f0um innan sk\u00f3lans. \u00c9g vil \u00fev\u00ed s\u00ed\u00f0ur setja \u00feau \u00ed umr\u00e6\u00f0u annars sta\u00f0ar fyrr en vi\u00f0 h\u00f6fum n\u00e1\u00f0 a\u00f0 vinna okkur lengra \u00e1lei\u00f0is.\u201c<\/p><\/blockquote>\n<p>Magn\u00fas hefur reyndar sj\u00e1lfur sett \u00feessi m\u00e1l \u00ed umr\u00e6\u00f0u \u00ed fj\u00f6lmi\u00f0lum, en honum finnst sem sagt sj\u00e1lfsagt a\u00f0 beita s\u00e9r fyrir \u00fev\u00ed a\u00f0 Byrgismelluskinkusk\u00e1ldi\u00f0 Erpur s\u00e9\u00a0fengi\u00f0 \u00ed sta\u00f0inn fyrir a\u00f0ra tvo skemmtikrafta, \u00e1n \u00feess a\u00f0 \u00fatsk\u00fdra mismuninn \u00ed \u201ehugmyndafr\u00e6\u00f0i\u201c \u00feessara manna. \u00a0Magn\u00fasi \u00fe\u00f3tti l\u00edka sj\u00e1lfsagt a\u00f0 vega me\u00f0 alvarlegum h\u00e6tti, \u00a0\u00e1 opinberum vettvangi, gegn starfshei\u00f0ri \u00feeirra sem hann hafna\u00f0i, \u00e1 grundvelli \u201ehugmyndafr\u00e6\u00f0i\u201c sem veri\u00f0 er a\u00f0 \u201evinna sig gegnum \u00ed umr\u00e6\u00f0um innan sk\u00f3lans\u201c, og sem hann treystir s\u00e9r ekki til a\u00f0 \u00fatsk\u00fdra hver er.<\/p>\n<p>Ma\u00f0ur veltir \u00f3neitanlega fyrir s\u00e9r hvort Magn\u00fas telji sj\u00e1lfan sig, me\u00f0 \u00feessari framg\u00f6ngu sinni, \u00a0vera g\u00f3\u00f0a fyrirmynd nemendum sk\u00f3lans \u2026<\/p>\n<p>[custom-related-posts title=&#8220;Fyrri grein&#8220; order_by=&#8220;title&#8220; order=&#8220;ASC&#8220; none_text=&#8220;None found&#8220;]<\/p>\n","protected":false},"excerpt":{"rendered":"<p>\u00cd framhaldi af \u00feessari grein sem einnig\u00a0birtist \u00ed Kvennabla\u00f0inu\u00a0\u00ed g\u00e6r. \u00deess m\u00e1 geta a\u00f0 \u00e9g skrifa\u00f0i Magn\u00fasi sk\u00f3lameistara \u00ed Flensborg \u00ed fyrrakv\u00f6ld og bar upp nokkrar spurningar um \u00fe\u00e1 \u201ehugmyndafr\u00e6\u00f0i\u201c sem hann segir a\u00f0 karakterar skemmtikraftanna umr\u00e6ddu samr\u00fdmist ekki. \u00a0Magn\u00fas &hellip; <a href=\"https:\/\/www.norn.is\/einar\/2014\/09\/12\/skinkumelluhugmyndafraedi-i-flensborg\/\">Halda \u00e1fram a\u00f0 lesa <span class=\"meta-nav\">&rarr;<\/span><\/a><\/p>\n","protected":false},"author":10,"featured_media":0,"comment_status":"open","ping_status":"open","sticky":false,"template":"","format":"standard","meta":{"footnotes":""},"categories":[1,190],"tags":[377,113,378],"class_list":["post-502","post","type-post","status-publish","format-standard","hentry","category-oflokkad","category-kynjapolitik","tag-flensborgarskoli","tag-gagnsaei-og-leyndarhyggja","tag-magnus-thorkelsson"],"yoast_head":"<!-- This site is optimized with the Yoast SEO plugin v27.5 - https:\/\/yoast.com\/product\/yoast-seo-wordpress\/ -->\n<title>Skinkumelluhugmyndafr\u00e6\u00f0i \u00ed Flensborg - Einar<\/title>\n<meta name=\"robots\" content=\"index, follow, max-snippet:-1, max-image-preview:large, max-video-preview:-1\" \/>\n<link rel=\"canonical\" href=\"https:\/\/www.norn.is\/einar\/2014\/09\/12\/skinkumelluhugmyndafraedi-i-flensborg\/\" \/>\n<meta property=\"og:locale\" content=\"is_IS\" \/>\n<meta property=\"og:type\" content=\"article\" \/>\n<meta property=\"og:title\" content=\"Skinkumelluhugmyndafr\u00e6\u00f0i \u00ed Flensborg - Einar\" \/>\n<meta property=\"og:description\" content=\"\u00cd framhaldi af \u00feessari grein sem einnig\u00a0birtist \u00ed Kvennabla\u00f0inu\u00a0\u00ed g\u00e6r. \u00deess m\u00e1 geta a\u00f0 \u00e9g skrifa\u00f0i Magn\u00fasi sk\u00f3lameistara \u00ed Flensborg \u00ed fyrrakv\u00f6ld og bar upp nokkrar spurningar um \u00fe\u00e1 \u201ehugmyndafr\u00e6\u00f0i\u201c sem hann segir a\u00f0 karakterar skemmtikraftanna umr\u00e6ddu samr\u00fdmist ekki. \u00a0Magn\u00fas &hellip; Halda \u00e1fram a\u00f0 lesa &rarr;\" \/>\n<meta property=\"og:url\" content=\"https:\/\/www.norn.is\/einar\/2014\/09\/12\/skinkumelluhugmyndafraedi-i-flensborg\/\" \/>\n<meta property=\"og:site_name\" content=\"Einar\" \/>\n<meta property=\"article:published_time\" content=\"2014-09-12T12:09:58+00:00\" \/>\n<meta property=\"article:modified_time\" content=\"2017-09-24T11:02:59+00:00\" \/>\n<meta name=\"author\" content=\"einar\" \/>\n<meta name=\"twitter:card\" content=\"summary_large_image\" \/>\n<meta name=\"twitter:label1\" content=\"Written by\" \/>\n\t<meta name=\"twitter:data1\" content=\"\" \/>\n\t<meta name=\"twitter:label2\" content=\"Est. reading time\" \/>\n\t<meta name=\"twitter:data2\" content=\"2 minutes\" \/>\n<script type=\"application\/ld+json\" class=\"yoast-schema-graph\">{\"@context\":\"https:\\\/\\\/schema.org\",\"@graph\":[{\"@type\":\"Article\",\"@id\":\"https:\\\/\\\/www.norn.is\\\/einar\\\/2014\\\/09\\\/12\\\/skinkumelluhugmyndafraedi-i-flensborg\\\/#article\",\"isPartOf\":{\"@id\":\"https:\\\/\\\/www.norn.is\\\/einar\\\/2014\\\/09\\\/12\\\/skinkumelluhugmyndafraedi-i-flensborg\\\/\"},\"author\":{\"name\":\"einar\",\"@id\":\"https:\\\/\\\/www.norn.is\\\/einar\\\/#\\\/schema\\\/person\\\/19affadb841a22f7bfd4bdcd72a862d0\"},\"headline\":\"Skinkumelluhugmyndafr\u00e6\u00f0i \u00ed Flensborg\",\"datePublished\":\"2014-09-12T12:09:58+00:00\",\"dateModified\":\"2017-09-24T11:02:59+00:00\",\"mainEntityOfPage\":{\"@id\":\"https:\\\/\\\/www.norn.is\\\/einar\\\/2014\\\/09\\\/12\\\/skinkumelluhugmyndafraedi-i-flensborg\\\/\"},\"wordCount\":322,\"commentCount\":0,\"keywords\":[\"Flensborgarsk\u00f3li\",\"Gagns\u00e6i og leyndarhyggja\",\"Magn\u00fas \u00deorkelsson\"],\"articleSection\":[\"Allt efni\",\"Kynjap\u00f3lit\u00edk og jafnr\u00e9ttism\u00e1l\"],\"inLanguage\":\"is\",\"potentialAction\":[{\"@type\":\"CommentAction\",\"name\":\"Comment\",\"target\":[\"https:\\\/\\\/www.norn.is\\\/einar\\\/2014\\\/09\\\/12\\\/skinkumelluhugmyndafraedi-i-flensborg\\\/#respond\"]}]},{\"@type\":\"WebPage\",\"@id\":\"https:\\\/\\\/www.norn.is\\\/einar\\\/2014\\\/09\\\/12\\\/skinkumelluhugmyndafraedi-i-flensborg\\\/\",\"url\":\"https:\\\/\\\/www.norn.is\\\/einar\\\/2014\\\/09\\\/12\\\/skinkumelluhugmyndafraedi-i-flensborg\\\/\",\"name\":\"Skinkumelluhugmyndafr\u00e6\u00f0i \u00ed Flensborg - Einar\",\"isPartOf\":{\"@id\":\"https:\\\/\\\/www.norn.is\\\/einar\\\/#website\"},\"datePublished\":\"2014-09-12T12:09:58+00:00\",\"dateModified\":\"2017-09-24T11:02:59+00:00\",\"author\":{\"@id\":\"https:\\\/\\\/www.norn.is\\\/einar\\\/#\\\/schema\\\/person\\\/19affadb841a22f7bfd4bdcd72a862d0\"},\"breadcrumb\":{\"@id\":\"https:\\\/\\\/www.norn.is\\\/einar\\\/2014\\\/09\\\/12\\\/skinkumelluhugmyndafraedi-i-flensborg\\\/#breadcrumb\"},\"inLanguage\":\"is\",\"potentialAction\":[{\"@type\":\"ReadAction\",\"target\":[\"https:\\\/\\\/www.norn.is\\\/einar\\\/2014\\\/09\\\/12\\\/skinkumelluhugmyndafraedi-i-flensborg\\\/\"]}]},{\"@type\":\"BreadcrumbList\",\"@id\":\"https:\\\/\\\/www.norn.is\\\/einar\\\/2014\\\/09\\\/12\\\/skinkumelluhugmyndafraedi-i-flensborg\\\/#breadcrumb\",\"itemListElement\":[{\"@type\":\"ListItem\",\"position\":1,\"name\":\"Home\",\"item\":\"https:\\\/\\\/www.norn.is\\\/einar\\\/\"},{\"@type\":\"ListItem\",\"position\":2,\"name\":\"Skinkumelluhugmyndafr\u00e6\u00f0i \u00ed Flensborg\"}]},{\"@type\":\"WebSite\",\"@id\":\"https:\\\/\\\/www.norn.is\\\/einar\\\/#website\",\"url\":\"https:\\\/\\\/www.norn.is\\\/einar\\\/\",\"name\":\"Einar\",\"description\":\"Pistlar Einars Steingr\u00edmssonar\",\"potentialAction\":[{\"@type\":\"SearchAction\",\"target\":{\"@type\":\"EntryPoint\",\"urlTemplate\":\"https:\\\/\\\/www.norn.is\\\/einar\\\/?s={search_term_string}\"},\"query-input\":{\"@type\":\"PropertyValueSpecification\",\"valueRequired\":true,\"valueName\":\"search_term_string\"}}],\"inLanguage\":\"is\"},{\"@type\":\"Person\",\"@id\":\"https:\\\/\\\/www.norn.is\\\/einar\\\/#\\\/schema\\\/person\\\/19affadb841a22f7bfd4bdcd72a862d0\",\"name\":\"einar\",\"image\":{\"@type\":\"ImageObject\",\"inLanguage\":\"is\",\"@id\":\"https:\\\/\\\/secure.gravatar.com\\\/avatar\\\/6f5f5592f3cc45e338376db24f1672c636582d9c27d855e8f077f13ef13b17fd?s=96&d=mm&r=g\",\"url\":\"https:\\\/\\\/secure.gravatar.com\\\/avatar\\\/6f5f5592f3cc45e338376db24f1672c636582d9c27d855e8f077f13ef13b17fd?s=96&d=mm&r=g\",\"contentUrl\":\"https:\\\/\\\/secure.gravatar.com\\\/avatar\\\/6f5f5592f3cc45e338376db24f1672c636582d9c27d855e8f077f13ef13b17fd?s=96&d=mm&r=g\",\"caption\":\"einar\"},\"url\":\"https:\\\/\\\/www.norn.is\\\/einar\\\/author\\\/einarsteingrimsson\\\/\"}]}<\/script>\n<!-- \/ Yoast SEO plugin. -->","yoast_head_json":{"title":"Skinkumelluhugmyndafr\u00e6\u00f0i \u00ed Flensborg - Einar","robots":{"index":"index","follow":"follow","max-snippet":"max-snippet:-1","max-image-preview":"max-image-preview:large","max-video-preview":"max-video-preview:-1"},"canonical":"https:\/\/www.norn.is\/einar\/2014\/09\/12\/skinkumelluhugmyndafraedi-i-flensborg\/","og_locale":"is_IS","og_type":"article","og_title":"Skinkumelluhugmyndafr\u00e6\u00f0i \u00ed Flensborg - Einar","og_description":"\u00cd framhaldi af \u00feessari grein sem einnig\u00a0birtist \u00ed Kvennabla\u00f0inu\u00a0\u00ed g\u00e6r. \u00deess m\u00e1 geta a\u00f0 \u00e9g skrifa\u00f0i Magn\u00fasi sk\u00f3lameistara \u00ed Flensborg \u00ed fyrrakv\u00f6ld og bar upp nokkrar spurningar um \u00fe\u00e1 \u201ehugmyndafr\u00e6\u00f0i\u201c sem hann segir a\u00f0 karakterar skemmtikraftanna umr\u00e6ddu samr\u00fdmist ekki. \u00a0Magn\u00fas &hellip; Halda \u00e1fram a\u00f0 lesa &rarr;","og_url":"https:\/\/www.norn.is\/einar\/2014\/09\/12\/skinkumelluhugmyndafraedi-i-flensborg\/","og_site_name":"Einar","article_published_time":"2014-09-12T12:09:58+00:00","article_modified_time":"2017-09-24T11:02:59+00:00","author":"einar","twitter_card":"summary_large_image","twitter_misc":{"Written by":false,"Est. reading time":"2 minutes"},"schema":{"@context":"https:\/\/schema.org","@graph":[{"@type":"Article","@id":"https:\/\/www.norn.is\/einar\/2014\/09\/12\/skinkumelluhugmyndafraedi-i-flensborg\/#article","isPartOf":{"@id":"https:\/\/www.norn.is\/einar\/2014\/09\/12\/skinkumelluhugmyndafraedi-i-flensborg\/"},"author":{"name":"einar","@id":"https:\/\/www.norn.is\/einar\/#\/schema\/person\/19affadb841a22f7bfd4bdcd72a862d0"},"headline":"Skinkumelluhugmyndafr\u00e6\u00f0i \u00ed Flensborg","datePublished":"2014-09-12T12:09:58+00:00","dateModified":"2017-09-24T11:02:59+00:00","mainEntityOfPage":{"@id":"https:\/\/www.norn.is\/einar\/2014\/09\/12\/skinkumelluhugmyndafraedi-i-flensborg\/"},"wordCount":322,"commentCount":0,"keywords":["Flensborgarsk\u00f3li","Gagns\u00e6i og leyndarhyggja","Magn\u00fas \u00deorkelsson"],"articleSection":["Allt efni","Kynjap\u00f3lit\u00edk og jafnr\u00e9ttism\u00e1l"],"inLanguage":"is","potentialAction":[{"@type":"CommentAction","name":"Comment","target":["https:\/\/www.norn.is\/einar\/2014\/09\/12\/skinkumelluhugmyndafraedi-i-flensborg\/#respond"]}]},{"@type":"WebPage","@id":"https:\/\/www.norn.is\/einar\/2014\/09\/12\/skinkumelluhugmyndafraedi-i-flensborg\/","url":"https:\/\/www.norn.is\/einar\/2014\/09\/12\/skinkumelluhugmyndafraedi-i-flensborg\/","name":"Skinkumelluhugmyndafr\u00e6\u00f0i \u00ed Flensborg - Einar","isPartOf":{"@id":"https:\/\/www.norn.is\/einar\/#website"},"datePublished":"2014-09-12T12:09:58+00:00","dateModified":"2017-09-24T11:02:59+00:00","author":{"@id":"https:\/\/www.norn.is\/einar\/#\/schema\/person\/19affadb841a22f7bfd4bdcd72a862d0"},"breadcrumb":{"@id":"https:\/\/www.norn.is\/einar\/2014\/09\/12\/skinkumelluhugmyndafraedi-i-flensborg\/#breadcrumb"},"inLanguage":"is","potentialAction":[{"@type":"ReadAction","target":["https:\/\/www.norn.is\/einar\/2014\/09\/12\/skinkumelluhugmyndafraedi-i-flensborg\/"]}]},{"@type":"BreadcrumbList","@id":"https:\/\/www.norn.is\/einar\/2014\/09\/12\/skinkumelluhugmyndafraedi-i-flensborg\/#breadcrumb","itemListElement":[{"@type":"ListItem","position":1,"name":"Home","item":"https:\/\/www.norn.is\/einar\/"},{"@type":"ListItem","position":2,"name":"Skinkumelluhugmyndafr\u00e6\u00f0i \u00ed Flensborg"}]},{"@type":"WebSite","@id":"https:\/\/www.norn.is\/einar\/#website","url":"https:\/\/www.norn.is\/einar\/","name":"Einar","description":"Pistlar Einars Steingr\u00edmssonar","potentialAction":[{"@type":"SearchAction","target":{"@type":"EntryPoint","urlTemplate":"https:\/\/www.norn.is\/einar\/?s={search_term_string}"},"query-input":{"@type":"PropertyValueSpecification","valueRequired":true,"valueName":"search_term_string"}}],"inLanguage":"is"},{"@type":"Person","@id":"https:\/\/www.norn.is\/einar\/#\/schema\/person\/19affadb841a22f7bfd4bdcd72a862d0","name":"einar","image":{"@type":"ImageObject","inLanguage":"is","@id":"https:\/\/secure.gravatar.com\/avatar\/6f5f5592f3cc45e338376db24f1672c636582d9c27d855e8f077f13ef13b17fd?s=96&d=mm&r=g","url":"https:\/\/secure.gravatar.com\/avatar\/6f5f5592f3cc45e338376db24f1672c636582d9c27d855e8f077f13ef13b17fd?s=96&d=mm&r=g","contentUrl":"https:\/\/secure.gravatar.com\/avatar\/6f5f5592f3cc45e338376db24f1672c636582d9c27d855e8f077f13ef13b17fd?s=96&d=mm&r=g","caption":"einar"},"url":"https:\/\/www.norn.is\/einar\/author\/einarsteingrimsson\/"}]}},"_links":{"self":[{"href":"https:\/\/www.norn.is\/einar\/wp-json\/wp\/v2\/posts\/502","targetHints":{"allow":["GET"]}}],"collection":[{"href":"https:\/\/www.norn.is\/einar\/wp-json\/wp\/v2\/posts"}],"about":[{"href":"https:\/\/www.norn.is\/einar\/wp-json\/wp\/v2\/types\/post"}],"author":[{"embeddable":true,"href":"https:\/\/www.norn.is\/einar\/wp-json\/wp\/v2\/users\/10"}],"replies":[{"embeddable":true,"href":"https:\/\/www.norn.is\/einar\/wp-json\/wp\/v2\/comments?post=502"}],"version-history":[{"count":3,"href":"https:\/\/www.norn.is\/einar\/wp-json\/wp\/v2\/posts\/502\/revisions"}],"predecessor-version":[{"id":512,"href":"https:\/\/www.norn.is\/einar\/wp-json\/wp\/v2\/posts\/502\/revisions\/512"}],"wp:attachment":[{"href":"https:\/\/www.norn.is\/einar\/wp-json\/wp\/v2\/media?parent=502"}],"wp:term":[{"taxonomy":"category","embeddable":true,"href":"https:\/\/www.norn.is\/einar\/wp-json\/wp\/v2\/categories?post=502"},{"taxonomy":"post_tag","embeddable":true,"href":"https:\/\/www.norn.is\/einar\/wp-json\/wp\/v2\/tags?post=502"}],"curies":[{"name":"wp","href":"https:\/\/api.w.org\/{rel}","templated":true}]}}