{"id":500,"date":"2014-08-28T12:07:24","date_gmt":"2014-08-28T12:07:24","guid":{"rendered":"http:\/\/www.norn.is\/einar\/?p=500"},"modified":"2017-09-24T11:02:59","modified_gmt":"2017-09-24T11:02:59","slug":"rangfaerslur-og-utursnuningar-honnu-birnu","status":"publish","type":"post","link":"https:\/\/www.norn.is\/einar\/2014\/08\/28\/rangfaerslur-og-utursnuningar-honnu-birnu\/","title":{"rendered":"Rangf\u00e6rslur og \u00fat\u00farsn\u00faningar H\u00f6nnu Birnu"},"content":{"rendered":"<div><img loading=\"lazy\" decoding=\"async\" class=\"aligncenter size-full wp-image-504\" src=\"http:\/\/www.norn.is\/einar\/wp-content\/uploads\/sites\/29\/2014\/08\/Hanna-Birna.jpg\" alt=\"\" width=\"688\" height=\"451\" srcset=\"https:\/\/www.norn.is\/einar\/wp-content\/uploads\/sites\/29\/2014\/08\/Hanna-Birna.jpg 688w, https:\/\/www.norn.is\/einar\/wp-content\/uploads\/sites\/29\/2014\/08\/Hanna-Birna-300x197.jpg 300w, https:\/\/www.norn.is\/einar\/wp-content\/uploads\/sites\/29\/2014\/08\/Hanna-Birna-458x300.jpg 458w\" sizes=\"auto, (max-width: 688px) 100vw, 688px\" \/><\/div>\n<div><\/div>\n<div>Miki\u00f0 hefur veri\u00f0 fjalla\u00f0 um sj\u00f3nvarpsvi\u00f0t\u00f6lin vi\u00f0 H\u00f6nnu Birnu \u00e1 St\u00f6\u00f0 2 og \u00ed Kastlj\u00f3si \u00ed fyrrakv\u00f6ld, sem og fyrri yfirl\u00fdsingar hennar um lekam\u00e1li\u00f0. \u00a0Ekki er van\u00fe\u00f6rf \u00e1, \u00fev\u00ed Hanna Birna hefur ekki skirrst vi\u00f0 a\u00f0 lj\u00faga a\u00f0 Al\u00feingi, og \u00fea\u00f0 oftar en einu sinni, auk \u00feess sem h\u00fan v\u00e9k s\u00e9r hj\u00e1 \u00fev\u00ed a\u00f0 svara \u00f6llum spurningum \u00ed umr\u00e6ddum vi\u00f0t\u00f6lum. \u00a0\u00cd sta\u00f0inn f\u00f3r h\u00fan \u00fat \u00ed m\u00f3a \u00ed mi\u00f0ri fyrstu setningu \u00e1 eftir hverri sl\u00edkri spurningu. \u00a0Hanna Birna er \u00fatsmogin \u00ed \u00feessari i\u00f0ju, og h\u00fan er l\u00edka n\u00f3gu laus vi\u00f0 \u00fe\u00e6r si\u00f0fer\u00f0iskr\u00f6fur sem nokkurn veginn heilbrigt f\u00f3lk gerir til sj\u00e1lfs s\u00edn, en \u00fea\u00f0 er l\u00edklega nau\u00f0synlegt til a\u00f0 halda \u00fat svo lengi a\u00f0 fara me\u00f0 endalaus og auglj\u00f3s \u00f3sannindi um sama m\u00e1li\u00f0.<\/div>\n<p><!--more--><\/p>\n<div><\/div>\n<div>Tvennt hef \u00e9g \u00fe\u00f3 ekki s\u00e9\u00f0 fjalla\u00f0 um enn \u00ed fj\u00f6lmi\u00f0lum af \u00fat\u00farsn\u00faningum H\u00f6nnu Birnu.<\/div>\n<div><\/div>\n<div>\u00cd fyrsta lagi hefur Hanna Birna endurteki\u00f0 tala\u00f0 um a\u00f0 \u00fea\u00f0 \u00feyrfti s\u00e9rstakar verklagsreglur (sem h\u00fan gefur \u00ed skyn a\u00f0 s\u00e9u ekki til) \u00feegar l\u00f6gregla rannsakar sakam\u00e1l sem beinast gegn starfsm\u00f6nnum r\u00e1\u00f0uneytis. \u00a0\u00c9g get ekki \u00edmynda\u00f0 m\u00e9r anna\u00f0 en a\u00f0 l\u00f6gregla hafi verklagsreglur um hvernig sta\u00f0i\u00f0 skuli a\u00f0 ranns\u00f3kn sakam\u00e1la. \u00a0Og haldi Hanna Birna a\u00f0 \u00fe\u00e6r eigi a\u00f0 vera me\u00f0 \u00f6\u00f0rum h\u00e6tti \u00feegar r\u00e1\u00f0uneytisstarfsmenn eiga \u00ed hlut hefur h\u00fan ekki \u00e1tta\u00f0 sig \u00e1 a\u00f0 gagnvart l\u00f6gunum eiga allir a\u00f0 vera jafnir. \u00a0En \u00fea\u00f0 er ekki \u00ed fyrsta, og ekki \u00ed anna\u00f0 e\u00f0a \u00feri\u00f0ja, skipti\u00f0 sem h\u00fan afhj\u00fapar algera van\u00feekkingu \u00e1 \u00fev\u00ed r\u00e9ttarkerfi sem h\u00fan hefur veri\u00f0 \u00e6\u00f0sta vald yfir.<\/div>\n<div><\/div>\n<div>Eigi Hanna Birna vi\u00f0 a\u00f0 \u00fea\u00f0 \u00feurfi s\u00e9rstakar verklagsreglur \u00feegar l\u00f6gregla rannsakar yfirmann sinn, \u00fe\u00e1 eru \u00fe\u00e6r \u201ereglur\u201c til \u00ed \u00f6llum n\u00e1grannal\u00f6ndunum. \u00a0\u00de\u00e6r eru hluti af \u00fev\u00ed sem kalla\u00f0 er \u201esi\u00f0fer\u00f0i\u201c og \u00ed m\u00e1lum af \u00feessu tagi v\u00edkur r\u00e1\u00f0herra einfaldlega strax \u00feegar svona stendur \u00e1. \u00a0Ekki 16% heldur hundra\u00f0 pr\u00f3sent.<\/div>\n<div><\/div>\n<div>\u00cd \u00f6\u00f0ru lagi hefur Hanna Birna hamra\u00f0 \u00e1 \u00fev\u00ed a\u00f0 h\u00fan hafi nau\u00f0synlega \u00feurft a\u00f0 tala vi\u00f0 l\u00f6greglustj\u00f3rann sem st\u00fdr\u00f0i ranns\u00f3kninni af \u00fev\u00ed a\u00f0 \u00ed r\u00e1\u00f0uneytinu s\u00e9 svo miki\u00f0 af tr\u00fana\u00f0arg\u00f6gnum sem megi ekki fara \u00e1 flakk. \u00a0\u00deetta er \u00f3m\u00f6gulegt a\u00f0 skilja \u00f6\u00f0ru v\u00edsi en svo a\u00f0 Hanna Birna telji a\u00f0 l\u00f6greglan brj\u00f3ti reglulega tr\u00fana\u00f0 \u00feegar h\u00fan f\u00e6st vi\u00f0 vi\u00f0kv\u00e6m g\u00f6gn sem oft koma fyrir \u00ed ranns\u00f3knum hennar. \u00a0\u00dev\u00ed mi\u00f0ur hefur ekkert fr\u00e9ttaf\u00f3lk enn spurt H\u00f6nnu Birnu hvort h\u00fan telji a\u00f0 sl\u00edk l\u00f6gbrot s\u00e9u algeng innan l\u00f6greglunnar, og af hverju h\u00fan hafi ekkert gert \u00ed \u00fev\u00ed fyrr, verandi \u00e6\u00f0sti yfirma\u00f0ur hennar.<\/div>\n<div><\/div>\n<div>Vi\u00f0 \u00feetta m\u00e1 svo b\u00e6ta annarri s\u00e9rkennilegri sta\u00f0h\u00e6fingu, fr\u00e1 fors\u00e6tisr\u00e1\u00f0herra, sem\u00a0<a href=\"http:\/\/www.ruv.is\/frett\/vill-bida-eftir-svari-innanrikisradherra\">R\u00daV hefur \u00fatvarpa\u00f0<\/a>\u00e1n \u00feess a\u00f0 gera athugasemdir. \u00a0Hann sag\u00f0i<\/div>\n<blockquote>\n<div>\u201e\u00c9g held a\u00f0 \u00fea\u00f0 s\u00e9u mannr\u00e9ttindi allra, \u00fear me\u00f0 tali\u00f0 r\u00e1\u00f0herra a\u00f0 menn f\u00e1i andm\u00e6lar\u00e9tt \u00feegar \u00feeir eru saka\u00f0ir um hluti,\u201c<\/div>\n<\/blockquote>\n<div>(\u00deetta var reyndar \u00ed anna\u00f0 skipti sem \u00feetta birtist \u00ed fr\u00e9ttum R\u00daV, en \u00e9g finn ekki fyrri fr\u00e9ttina, enda er vefur R\u00daV me\u00f0 \u00fev\u00ed l\u00e9legasta sem \u00feekkist \u00e1 netinu.)<\/div>\n<div><\/div>\n<div>\u00cd fyrsta lagi hefur Umbo\u00f0sma\u00f0ur Al\u00feingis ekki saka\u00f0 H\u00f6nnu Birnu um eitt n\u00e9 neitt. \u00a0Og \u00ed \u00f6\u00f0ru lagi \u00e1 andm\u00e6lar\u00e9ttur alls ekki vi\u00f0 \u00fea\u00f0 sem fors\u00e6tisr\u00e1\u00f0herrann er a\u00f0 tala um h\u00e9r, eins og sj\u00e1 m\u00e1 \u00ed\u00a0<a href=\"http:\/\/www.althingi.is\/lagas\/nuna\/1993037.html\">stj\u00f3rns\u00fdslu\u00f6gum:<\/a><\/div>\n<blockquote>\n<div>13. gr. Andm\u00e6lar\u00e9ttur.<\/div>\n<div>\u00a0A\u00f0ili m\u00e1ls skal eiga \u00feess kost a\u00f0 tj\u00e1 sig um efni m\u00e1ls \u00e1\u00f0ur en stj\u00f3rnvald tekur \u00e1kv\u00f6r\u00f0un \u00ed \u00fev\u00ed, enda liggi ekki fyrir \u00ed g\u00f6gnum m\u00e1lsins afsta\u00f0a hans og r\u00f6k fyrir henni e\u00f0a sl\u00edkt s\u00e9 auglj\u00f3slega \u00f3\u00fearft.<\/div>\n<\/blockquote>\n<div>\n<p>Umbo\u00f0sma\u00f0ur er ekki stj\u00f3rnvald, og hann hefur ekki teki\u00f0 neina \u00e1kv\u00f6r\u00f0un \u00ed m\u00e1li H\u00f6nnu Birnu, heldur einungis fari\u00f0 fram \u00e1 sv\u00f6r hennar vi\u00f0 spurningum. \u00a0\u00dea\u00f0 hefur hann reyndar gert tv\u00edvegis \u00e1\u00f0ur, svo Hanna Birna hefur fengi\u00f0, og hefur enn, n\u00e6g t\u00e6kif\u00e6ri til \u201eandm\u00e6la\u201c.<\/p>\n<p>En, \u00fea\u00f0 kemur kannski ekki \u00e1 \u00f3vart a\u00f0 vi\u00f0 m\u00e1lum r\u00e9ttarkerfisins s\u00e9 a\u00f0 taka ma\u00f0ur \u00a0(fors\u00e6tisr\u00e1\u00f0herra) sem hefur jafn l\u00edtinn skilning \u00e1 \u00fev\u00ed og fyrirrennarinn \u2026<\/p>\n<\/div>\n<p><a href=\"http:\/\/kvennabladid.is\/2014\/08\/28\/rangfaerslur-og-utursnuningar-honnu-birnu\/\">Einnig birt h\u00e9r<\/a><\/p>\n","protected":false},"excerpt":{"rendered":"<p>Miki\u00f0 hefur veri\u00f0 fjalla\u00f0 um sj\u00f3nvarpsvi\u00f0t\u00f6lin vi\u00f0 H\u00f6nnu Birnu \u00e1 St\u00f6\u00f0 2 og \u00ed Kastlj\u00f3si \u00ed fyrrakv\u00f6ld, sem og fyrri yfirl\u00fdsingar hennar um lekam\u00e1li\u00f0. \u00a0Ekki er van\u00fe\u00f6rf \u00e1, \u00fev\u00ed Hanna Birna hefur ekki skirrst vi\u00f0 a\u00f0 lj\u00faga a\u00f0 Al\u00feingi, og &hellip; <a href=\"https:\/\/www.norn.is\/einar\/2014\/08\/28\/rangfaerslur-og-utursnuningar-honnu-birnu\/\">Halda \u00e1fram a\u00f0 lesa <span class=\"meta-nav\">&rarr;<\/span><\/a><\/p>\n","protected":false},"author":10,"featured_media":0,"comment_status":"open","ping_status":"open","sticky":false,"template":"","format":"standard","meta":{"footnotes":""},"categories":[1,43],"tags":[326,329],"class_list":["post-500","post","type-post","status-publish","format-standard","hentry","category-oflokkad","category-lydraedismal-og-stjornarskra","tag-hanna-birna-kristjansdottir","tag-lekamal-innanrikisraduneytisins"],"yoast_head":"<!-- This site is optimized with the Yoast SEO plugin v27.5 - https:\/\/yoast.com\/product\/yoast-seo-wordpress\/ -->\n<title>Rangf\u00e6rslur og \u00fat\u00farsn\u00faningar H\u00f6nnu Birnu - Einar<\/title>\n<meta name=\"robots\" content=\"index, follow, max-snippet:-1, max-image-preview:large, max-video-preview:-1\" \/>\n<link rel=\"canonical\" href=\"https:\/\/www.norn.is\/einar\/2014\/08\/28\/rangfaerslur-og-utursnuningar-honnu-birnu\/\" \/>\n<meta property=\"og:locale\" content=\"is_IS\" \/>\n<meta property=\"og:type\" content=\"article\" \/>\n<meta property=\"og:title\" content=\"Rangf\u00e6rslur og \u00fat\u00farsn\u00faningar H\u00f6nnu Birnu - Einar\" \/>\n<meta property=\"og:description\" content=\"Miki\u00f0 hefur veri\u00f0 fjalla\u00f0 um sj\u00f3nvarpsvi\u00f0t\u00f6lin vi\u00f0 H\u00f6nnu Birnu \u00e1 St\u00f6\u00f0 2 og \u00ed Kastlj\u00f3si \u00ed fyrrakv\u00f6ld, sem og fyrri yfirl\u00fdsingar hennar um lekam\u00e1li\u00f0. \u00a0Ekki er van\u00fe\u00f6rf \u00e1, \u00fev\u00ed Hanna Birna hefur ekki skirrst vi\u00f0 a\u00f0 lj\u00faga a\u00f0 Al\u00feingi, og &hellip; Halda \u00e1fram a\u00f0 lesa &rarr;\" \/>\n<meta property=\"og:url\" content=\"https:\/\/www.norn.is\/einar\/2014\/08\/28\/rangfaerslur-og-utursnuningar-honnu-birnu\/\" \/>\n<meta property=\"og:site_name\" content=\"Einar\" \/>\n<meta property=\"article:published_time\" content=\"2014-08-28T12:07:24+00:00\" \/>\n<meta property=\"article:modified_time\" content=\"2017-09-24T11:02:59+00:00\" \/>\n<meta property=\"og:image\" content=\"http:\/\/www.norn.is\/einar\/wp-content\/uploads\/sites\/29\/2014\/08\/Hanna-Birna.jpg\" \/>\n<meta name=\"author\" content=\"einar\" \/>\n<meta name=\"twitter:card\" content=\"summary_large_image\" \/>\n<meta name=\"twitter:label1\" content=\"Written by\" \/>\n\t<meta name=\"twitter:data1\" content=\"\" \/>\n\t<meta name=\"twitter:label2\" content=\"Est. reading time\" \/>\n\t<meta name=\"twitter:data2\" content=\"4 minutes\" \/>\n<script type=\"application\/ld+json\" class=\"yoast-schema-graph\">{\"@context\":\"https:\\\/\\\/schema.org\",\"@graph\":[{\"@type\":\"Article\",\"@id\":\"https:\\\/\\\/www.norn.is\\\/einar\\\/2014\\\/08\\\/28\\\/rangfaerslur-og-utursnuningar-honnu-birnu\\\/#article\",\"isPartOf\":{\"@id\":\"https:\\\/\\\/www.norn.is\\\/einar\\\/2014\\\/08\\\/28\\\/rangfaerslur-og-utursnuningar-honnu-birnu\\\/\"},\"author\":{\"name\":\"einar\",\"@id\":\"https:\\\/\\\/www.norn.is\\\/einar\\\/#\\\/schema\\\/person\\\/19affadb841a22f7bfd4bdcd72a862d0\"},\"headline\":\"Rangf\u00e6rslur og \u00fat\u00farsn\u00faningar H\u00f6nnu Birnu\",\"datePublished\":\"2014-08-28T12:07:24+00:00\",\"dateModified\":\"2017-09-24T11:02:59+00:00\",\"mainEntityOfPage\":{\"@id\":\"https:\\\/\\\/www.norn.is\\\/einar\\\/2014\\\/08\\\/28\\\/rangfaerslur-og-utursnuningar-honnu-birnu\\\/\"},\"wordCount\":755,\"commentCount\":0,\"image\":{\"@id\":\"https:\\\/\\\/www.norn.is\\\/einar\\\/2014\\\/08\\\/28\\\/rangfaerslur-og-utursnuningar-honnu-birnu\\\/#primaryimage\"},\"thumbnailUrl\":\"http:\\\/\\\/www.norn.is\\\/einar\\\/wp-content\\\/uploads\\\/sites\\\/29\\\/2014\\\/08\\\/Hanna-Birna.jpg\",\"keywords\":[\"Hanna Birna Kristj\u00e1nsd\u00f3ttir\",\"Lekam\u00e1l Innanr\u00edkisr\u00e1\u00f0uneytisins\"],\"articleSection\":[\"Allt efni\",\"L\u00fd\u00f0r\u00e6\u00f0ism\u00e1l og stj\u00f3rnarskr\u00e1\"],\"inLanguage\":\"is\",\"potentialAction\":[{\"@type\":\"CommentAction\",\"name\":\"Comment\",\"target\":[\"https:\\\/\\\/www.norn.is\\\/einar\\\/2014\\\/08\\\/28\\\/rangfaerslur-og-utursnuningar-honnu-birnu\\\/#respond\"]}]},{\"@type\":\"WebPage\",\"@id\":\"https:\\\/\\\/www.norn.is\\\/einar\\\/2014\\\/08\\\/28\\\/rangfaerslur-og-utursnuningar-honnu-birnu\\\/\",\"url\":\"https:\\\/\\\/www.norn.is\\\/einar\\\/2014\\\/08\\\/28\\\/rangfaerslur-og-utursnuningar-honnu-birnu\\\/\",\"name\":\"Rangf\u00e6rslur og \u00fat\u00farsn\u00faningar H\u00f6nnu Birnu - Einar\",\"isPartOf\":{\"@id\":\"https:\\\/\\\/www.norn.is\\\/einar\\\/#website\"},\"primaryImageOfPage\":{\"@id\":\"https:\\\/\\\/www.norn.is\\\/einar\\\/2014\\\/08\\\/28\\\/rangfaerslur-og-utursnuningar-honnu-birnu\\\/#primaryimage\"},\"image\":{\"@id\":\"https:\\\/\\\/www.norn.is\\\/einar\\\/2014\\\/08\\\/28\\\/rangfaerslur-og-utursnuningar-honnu-birnu\\\/#primaryimage\"},\"thumbnailUrl\":\"http:\\\/\\\/www.norn.is\\\/einar\\\/wp-content\\\/uploads\\\/sites\\\/29\\\/2014\\\/08\\\/Hanna-Birna.jpg\",\"datePublished\":\"2014-08-28T12:07:24+00:00\",\"dateModified\":\"2017-09-24T11:02:59+00:00\",\"author\":{\"@id\":\"https:\\\/\\\/www.norn.is\\\/einar\\\/#\\\/schema\\\/person\\\/19affadb841a22f7bfd4bdcd72a862d0\"},\"breadcrumb\":{\"@id\":\"https:\\\/\\\/www.norn.is\\\/einar\\\/2014\\\/08\\\/28\\\/rangfaerslur-og-utursnuningar-honnu-birnu\\\/#breadcrumb\"},\"inLanguage\":\"is\",\"potentialAction\":[{\"@type\":\"ReadAction\",\"target\":[\"https:\\\/\\\/www.norn.is\\\/einar\\\/2014\\\/08\\\/28\\\/rangfaerslur-og-utursnuningar-honnu-birnu\\\/\"]}]},{\"@type\":\"ImageObject\",\"inLanguage\":\"is\",\"@id\":\"https:\\\/\\\/www.norn.is\\\/einar\\\/2014\\\/08\\\/28\\\/rangfaerslur-og-utursnuningar-honnu-birnu\\\/#primaryimage\",\"url\":\"https:\\\/\\\/www.norn.is\\\/einar\\\/wp-content\\\/uploads\\\/sites\\\/29\\\/2014\\\/08\\\/Hanna-Birna.jpg\",\"contentUrl\":\"https:\\\/\\\/www.norn.is\\\/einar\\\/wp-content\\\/uploads\\\/sites\\\/29\\\/2014\\\/08\\\/Hanna-Birna.jpg\",\"width\":688,\"height\":451},{\"@type\":\"BreadcrumbList\",\"@id\":\"https:\\\/\\\/www.norn.is\\\/einar\\\/2014\\\/08\\\/28\\\/rangfaerslur-og-utursnuningar-honnu-birnu\\\/#breadcrumb\",\"itemListElement\":[{\"@type\":\"ListItem\",\"position\":1,\"name\":\"Home\",\"item\":\"https:\\\/\\\/www.norn.is\\\/einar\\\/\"},{\"@type\":\"ListItem\",\"position\":2,\"name\":\"Rangf\u00e6rslur og \u00fat\u00farsn\u00faningar H\u00f6nnu Birnu\"}]},{\"@type\":\"WebSite\",\"@id\":\"https:\\\/\\\/www.norn.is\\\/einar\\\/#website\",\"url\":\"https:\\\/\\\/www.norn.is\\\/einar\\\/\",\"name\":\"Einar\",\"description\":\"Pistlar Einars Steingr\u00edmssonar\",\"potentialAction\":[{\"@type\":\"SearchAction\",\"target\":{\"@type\":\"EntryPoint\",\"urlTemplate\":\"https:\\\/\\\/www.norn.is\\\/einar\\\/?s={search_term_string}\"},\"query-input\":{\"@type\":\"PropertyValueSpecification\",\"valueRequired\":true,\"valueName\":\"search_term_string\"}}],\"inLanguage\":\"is\"},{\"@type\":\"Person\",\"@id\":\"https:\\\/\\\/www.norn.is\\\/einar\\\/#\\\/schema\\\/person\\\/19affadb841a22f7bfd4bdcd72a862d0\",\"name\":\"einar\",\"image\":{\"@type\":\"ImageObject\",\"inLanguage\":\"is\",\"@id\":\"https:\\\/\\\/secure.gravatar.com\\\/avatar\\\/6f5f5592f3cc45e338376db24f1672c636582d9c27d855e8f077f13ef13b17fd?s=96&d=mm&r=g\",\"url\":\"https:\\\/\\\/secure.gravatar.com\\\/avatar\\\/6f5f5592f3cc45e338376db24f1672c636582d9c27d855e8f077f13ef13b17fd?s=96&d=mm&r=g\",\"contentUrl\":\"https:\\\/\\\/secure.gravatar.com\\\/avatar\\\/6f5f5592f3cc45e338376db24f1672c636582d9c27d855e8f077f13ef13b17fd?s=96&d=mm&r=g\",\"caption\":\"einar\"},\"url\":\"https:\\\/\\\/www.norn.is\\\/einar\\\/author\\\/einarsteingrimsson\\\/\"}]}<\/script>\n<!-- \/ Yoast SEO plugin. -->","yoast_head_json":{"title":"Rangf\u00e6rslur og \u00fat\u00farsn\u00faningar H\u00f6nnu Birnu - Einar","robots":{"index":"index","follow":"follow","max-snippet":"max-snippet:-1","max-image-preview":"max-image-preview:large","max-video-preview":"max-video-preview:-1"},"canonical":"https:\/\/www.norn.is\/einar\/2014\/08\/28\/rangfaerslur-og-utursnuningar-honnu-birnu\/","og_locale":"is_IS","og_type":"article","og_title":"Rangf\u00e6rslur og \u00fat\u00farsn\u00faningar H\u00f6nnu Birnu - Einar","og_description":"Miki\u00f0 hefur veri\u00f0 fjalla\u00f0 um sj\u00f3nvarpsvi\u00f0t\u00f6lin vi\u00f0 H\u00f6nnu Birnu \u00e1 St\u00f6\u00f0 2 og \u00ed Kastlj\u00f3si \u00ed fyrrakv\u00f6ld, sem og fyrri yfirl\u00fdsingar hennar um lekam\u00e1li\u00f0. \u00a0Ekki er van\u00fe\u00f6rf \u00e1, \u00fev\u00ed Hanna Birna hefur ekki skirrst vi\u00f0 a\u00f0 lj\u00faga a\u00f0 Al\u00feingi, og &hellip; Halda \u00e1fram a\u00f0 lesa &rarr;","og_url":"https:\/\/www.norn.is\/einar\/2014\/08\/28\/rangfaerslur-og-utursnuningar-honnu-birnu\/","og_site_name":"Einar","article_published_time":"2014-08-28T12:07:24+00:00","article_modified_time":"2017-09-24T11:02:59+00:00","og_image":[{"url":"http:\/\/www.norn.is\/einar\/wp-content\/uploads\/sites\/29\/2014\/08\/Hanna-Birna.jpg","type":"","width":"","height":""}],"author":"einar","twitter_card":"summary_large_image","twitter_misc":{"Written by":false,"Est. reading time":"4 minutes"},"schema":{"@context":"https:\/\/schema.org","@graph":[{"@type":"Article","@id":"https:\/\/www.norn.is\/einar\/2014\/08\/28\/rangfaerslur-og-utursnuningar-honnu-birnu\/#article","isPartOf":{"@id":"https:\/\/www.norn.is\/einar\/2014\/08\/28\/rangfaerslur-og-utursnuningar-honnu-birnu\/"},"author":{"name":"einar","@id":"https:\/\/www.norn.is\/einar\/#\/schema\/person\/19affadb841a22f7bfd4bdcd72a862d0"},"headline":"Rangf\u00e6rslur og \u00fat\u00farsn\u00faningar H\u00f6nnu Birnu","datePublished":"2014-08-28T12:07:24+00:00","dateModified":"2017-09-24T11:02:59+00:00","mainEntityOfPage":{"@id":"https:\/\/www.norn.is\/einar\/2014\/08\/28\/rangfaerslur-og-utursnuningar-honnu-birnu\/"},"wordCount":755,"commentCount":0,"image":{"@id":"https:\/\/www.norn.is\/einar\/2014\/08\/28\/rangfaerslur-og-utursnuningar-honnu-birnu\/#primaryimage"},"thumbnailUrl":"http:\/\/www.norn.is\/einar\/wp-content\/uploads\/sites\/29\/2014\/08\/Hanna-Birna.jpg","keywords":["Hanna Birna Kristj\u00e1nsd\u00f3ttir","Lekam\u00e1l Innanr\u00edkisr\u00e1\u00f0uneytisins"],"articleSection":["Allt efni","L\u00fd\u00f0r\u00e6\u00f0ism\u00e1l og stj\u00f3rnarskr\u00e1"],"inLanguage":"is","potentialAction":[{"@type":"CommentAction","name":"Comment","target":["https:\/\/www.norn.is\/einar\/2014\/08\/28\/rangfaerslur-og-utursnuningar-honnu-birnu\/#respond"]}]},{"@type":"WebPage","@id":"https:\/\/www.norn.is\/einar\/2014\/08\/28\/rangfaerslur-og-utursnuningar-honnu-birnu\/","url":"https:\/\/www.norn.is\/einar\/2014\/08\/28\/rangfaerslur-og-utursnuningar-honnu-birnu\/","name":"Rangf\u00e6rslur og \u00fat\u00farsn\u00faningar H\u00f6nnu Birnu - Einar","isPartOf":{"@id":"https:\/\/www.norn.is\/einar\/#website"},"primaryImageOfPage":{"@id":"https:\/\/www.norn.is\/einar\/2014\/08\/28\/rangfaerslur-og-utursnuningar-honnu-birnu\/#primaryimage"},"image":{"@id":"https:\/\/www.norn.is\/einar\/2014\/08\/28\/rangfaerslur-og-utursnuningar-honnu-birnu\/#primaryimage"},"thumbnailUrl":"http:\/\/www.norn.is\/einar\/wp-content\/uploads\/sites\/29\/2014\/08\/Hanna-Birna.jpg","datePublished":"2014-08-28T12:07:24+00:00","dateModified":"2017-09-24T11:02:59+00:00","author":{"@id":"https:\/\/www.norn.is\/einar\/#\/schema\/person\/19affadb841a22f7bfd4bdcd72a862d0"},"breadcrumb":{"@id":"https:\/\/www.norn.is\/einar\/2014\/08\/28\/rangfaerslur-og-utursnuningar-honnu-birnu\/#breadcrumb"},"inLanguage":"is","potentialAction":[{"@type":"ReadAction","target":["https:\/\/www.norn.is\/einar\/2014\/08\/28\/rangfaerslur-og-utursnuningar-honnu-birnu\/"]}]},{"@type":"ImageObject","inLanguage":"is","@id":"https:\/\/www.norn.is\/einar\/2014\/08\/28\/rangfaerslur-og-utursnuningar-honnu-birnu\/#primaryimage","url":"https:\/\/www.norn.is\/einar\/wp-content\/uploads\/sites\/29\/2014\/08\/Hanna-Birna.jpg","contentUrl":"https:\/\/www.norn.is\/einar\/wp-content\/uploads\/sites\/29\/2014\/08\/Hanna-Birna.jpg","width":688,"height":451},{"@type":"BreadcrumbList","@id":"https:\/\/www.norn.is\/einar\/2014\/08\/28\/rangfaerslur-og-utursnuningar-honnu-birnu\/#breadcrumb","itemListElement":[{"@type":"ListItem","position":1,"name":"Home","item":"https:\/\/www.norn.is\/einar\/"},{"@type":"ListItem","position":2,"name":"Rangf\u00e6rslur og \u00fat\u00farsn\u00faningar H\u00f6nnu Birnu"}]},{"@type":"WebSite","@id":"https:\/\/www.norn.is\/einar\/#website","url":"https:\/\/www.norn.is\/einar\/","name":"Einar","description":"Pistlar Einars Steingr\u00edmssonar","potentialAction":[{"@type":"SearchAction","target":{"@type":"EntryPoint","urlTemplate":"https:\/\/www.norn.is\/einar\/?s={search_term_string}"},"query-input":{"@type":"PropertyValueSpecification","valueRequired":true,"valueName":"search_term_string"}}],"inLanguage":"is"},{"@type":"Person","@id":"https:\/\/www.norn.is\/einar\/#\/schema\/person\/19affadb841a22f7bfd4bdcd72a862d0","name":"einar","image":{"@type":"ImageObject","inLanguage":"is","@id":"https:\/\/secure.gravatar.com\/avatar\/6f5f5592f3cc45e338376db24f1672c636582d9c27d855e8f077f13ef13b17fd?s=96&d=mm&r=g","url":"https:\/\/secure.gravatar.com\/avatar\/6f5f5592f3cc45e338376db24f1672c636582d9c27d855e8f077f13ef13b17fd?s=96&d=mm&r=g","contentUrl":"https:\/\/secure.gravatar.com\/avatar\/6f5f5592f3cc45e338376db24f1672c636582d9c27d855e8f077f13ef13b17fd?s=96&d=mm&r=g","caption":"einar"},"url":"https:\/\/www.norn.is\/einar\/author\/einarsteingrimsson\/"}]}},"_links":{"self":[{"href":"https:\/\/www.norn.is\/einar\/wp-json\/wp\/v2\/posts\/500","targetHints":{"allow":["GET"]}}],"collection":[{"href":"https:\/\/www.norn.is\/einar\/wp-json\/wp\/v2\/posts"}],"about":[{"href":"https:\/\/www.norn.is\/einar\/wp-json\/wp\/v2\/types\/post"}],"author":[{"embeddable":true,"href":"https:\/\/www.norn.is\/einar\/wp-json\/wp\/v2\/users\/10"}],"replies":[{"embeddable":true,"href":"https:\/\/www.norn.is\/einar\/wp-json\/wp\/v2\/comments?post=500"}],"version-history":[{"count":2,"href":"https:\/\/www.norn.is\/einar\/wp-json\/wp\/v2\/posts\/500\/revisions"}],"predecessor-version":[{"id":505,"href":"https:\/\/www.norn.is\/einar\/wp-json\/wp\/v2\/posts\/500\/revisions\/505"}],"wp:attachment":[{"href":"https:\/\/www.norn.is\/einar\/wp-json\/wp\/v2\/media?parent=500"}],"wp:term":[{"taxonomy":"category","embeddable":true,"href":"https:\/\/www.norn.is\/einar\/wp-json\/wp\/v2\/categories?post=500"},{"taxonomy":"post_tag","embeddable":true,"href":"https:\/\/www.norn.is\/einar\/wp-json\/wp\/v2\/tags?post=500"}],"curies":[{"name":"wp","href":"https:\/\/api.w.org\/{rel}","templated":true}]}}