{"id":5,"date":"2011-01-13T11:05:13","date_gmt":"2011-01-13T11:05:13","guid":{"rendered":"http:\/\/www.norn.is\/einar\/?p=5"},"modified":"2017-09-24T11:06:07","modified_gmt":"2017-09-24T11:06:07","slug":"svivirdileg-akaera-aras-a-tjaningarfrelsid","status":"publish","type":"post","link":"https:\/\/www.norn.is\/einar\/2011\/01\/13\/svivirdileg-akaera-aras-a-tjaningarfrelsid\/","title":{"rendered":"Sv\u00edvir\u00f0ileg \u00e1k\u00e6ra \u2014 \u00e1r\u00e1s \u00e1 tj\u00e1ningarfrelsi\u00f0"},"content":{"rendered":"<p>Enn hefur varla veri\u00f0 r\u00e9tta\u00f0 yfir nokkrum af \u00feeim sem \u00e1byrg\u00f0 bera \u00e1 hruninu.\u00a0 \u00cd n\u00e6stu viku fer hins vegar fram a\u00f0alme\u00f0fer\u00f0 \u00ed N\u00edmenningam\u00e1linu svokalla\u00f0a.\u00a0 \u00dea\u00f0 er \u00f6murlegur vitnisbur\u00f0ur um \u00edslenska r\u00e9ttarr\u00edki\u00f0, \u00fev\u00ed h\u00e9r er fyrir r\u00e9tti f\u00f3lk sem m\u00f3tm\u00e6lti (fri\u00f0samlega) \u00ed kj\u00f6lfar hrunsins.\u00a0 \u00dea\u00f0 er \u00e1k\u00e6rt fyrir gl\u00e6p sem aldrei var framinn, en saks\u00f3knari krefst \u00feungra fangelsisd\u00f3ma yfir \u00fev\u00ed fyrir \u00feessar tilb\u00fanu sakir. \u00a0\u00a0<a href=\"http:\/\/is.wikipedia.org\/wiki\/N%C3%ADmenningarnir%20\" target=\"_blank\" rel=\"noopener\">H\u00e9r<\/a>\u00a0eru \u00fdmsar uppl\u00fdsingar um m\u00e1li\u00f0, en \u00feetta er \u00ed stuttu m\u00e1li \u00fea\u00f0 sem ger\u00f0ist:<!--more--><\/p>\n<p>\u00deann 8. desember 2008 gekk h\u00f3pur f\u00f3lks inn \u00ed Al\u00feingish\u00fasi\u00f0 til a\u00f0 fara \u00e1 \u00feingpalla.\u00a0 Af \u00feeim sem komust \u00e1 pallana t\u00f3kst tveimur a\u00f0 hr\u00f3pa \u00f6rf\u00e1 or\u00f0 a\u00f0 \u00feingm\u00f6nnum.\u00a0 Af \u00feeim fj\u00f6lda manns sem var vi\u00f0staddur voru n\u00edu \u00e1k\u00e6r\u00f0ir fyrir \u00fdmis brot \u00ed tengslum vi\u00f0 \u00feetta.\u00a0 \u00deessir n\u00edu vir\u00f0ast hafa veri\u00f0 valdir af handah\u00f3fi. Stimpingar ur\u00f0u milli starfsmanna Al\u00feingis og \u00feeirra sem inn vildu, og var sta\u00f0h\u00e6ft a\u00f0 einhver N\u00edmenninganna\u00a0 hef\u00f0i hrint starfsmanni \u00feingsins \u00feannig a\u00f0 hann slasa\u00f0ist.\u00a0 S\u00ed\u00f0ar kom \u00ed lj\u00f3s, \u00ed mynduppt\u00f6kum sem s\u00fdndar voru \u00ed sj\u00f3nvarpi, a\u00f0 \u00feessi sta\u00f0h\u00e6fing var r\u00f6ng.<\/p>\n<p>M\u00e1li\u00f0 var k\u00e6rt til l\u00f6greglu, sem rannsaka\u00f0i \u00fea\u00f0, og komst me\u00f0al annars a\u00f0 \u00feeirri ni\u00f0urst\u00f6\u00f0u a\u00f0 ekki b\u00e6ri a\u00f0 k\u00e6ra \u00e1 grundvelli 100. greinar almennra hegningarlaga, en skrifstofustj\u00f3ri Al\u00feingis haf\u00f0i nefnt hana \u00ed br\u00e9fi til l\u00f6greglunnar.\u00a0 Eftir a\u00f0 r\u00edkissaks\u00f3knari haf\u00f0i veri\u00f0 \u00farskur\u00f0a\u00f0ur vanh\u00e6fur til a\u00f0 fjalla um m\u00e1li\u00f0 var L\u00e1ra V. J\u00fal\u00edusd\u00f3ttir sett r\u00edkissaks\u00f3knari \u00ed m\u00e1linu.\u00a0 \u00cd tr\u00e1ssi vi\u00f0 ni\u00f0urst\u00f6\u00f0u l\u00f6gregluranns\u00f3knarinnar \u00e1kva\u00f0 h\u00fan a\u00f0 \u00e1k\u00e6ra \u00e1 grundvelli 100. greinar, auk annarra.\u00a0 M.a. f\u00f3r h\u00fan fram \u00e1 \u00fea\u00f0 \u00ed t\u00f6lvup\u00f3sti til skrifstofustj\u00f3ra Al\u00feingis a\u00f0 k\u00e6rt yr\u00f0i fyrir brot \u00e1 231. grein hegningarlaga, \u00fe.e.a.s. fyrir \u201eh\u00fasbrot\u201c, \u00fev\u00ed ekki v\u00e6ri h\u00e6gt a\u00f0 \u00e1k\u00e6ra fyrir sl\u00edkt nema fram k\u00e6mi k\u00e6ra fr\u00e1 brota\u00feola, \u00fe.e.a.s. Al\u00feingi.\u00a0 Um \u00feann hluta m\u00e1lsins mun \u00e9g fjalla s\u00ed\u00f0ar h\u00e9r.<\/p>\n<p>\u00deessi 100. grein almennra hegningarlaga hlj\u00f3\u00f0ar svo: \u201eHver, sem r\u00e6\u00f0st \u00e1 Al\u00feingi, svo a\u00f0 \u00fev\u00ed e\u00f0a sj\u00e1lfr\u00e6\u00f0i \u00feess er h\u00e6tta b\u00fain, l\u00e6tur bo\u00f0 \u00fat ganga, sem a\u00f0 \u00fev\u00ed l\u00fdtur, e\u00f0a hl\u00fd\u00f0ir sl\u00edku bo\u00f0i, skal s\u00e6ta fangelsi ekki skemur en 1 \u00e1r, og getur refsingin or\u00f0i\u00f0 \u00e6vilangt fangelsi, ef sakir eru mj\u00f6g miklar.\u201c\u00a0 \u00deessi h\u00f6r\u00f0u vi\u00f0url\u00f6g stafa af \u00fev\u00ed a\u00f0 h\u00e9r er \u00e1tt vi\u00f0 tilraunir til valdar\u00e1ns, eins og lj\u00f3st ver\u00f0ur ef lesi\u00f0 er lagafrumvarpi\u00f0 fr\u00e1 \u00fev\u00ed a\u00f0 \u00feessi l\u00f6g voru sett (1940), og af \u00fev\u00ed samhengi sem \u00feau tilheyra, \u00fe.e.a.s. XI. kafla almennra hegningarlaga, en yfirskrift hans er\u00a0<em>Brot gegn stj\u00f3rnskipan r\u00edkisins og \u00e6\u00f0stu stj\u00f3rnv\u00f6ldum \u00feess<\/em>\u00a0og er \u00fear me\u00f0al annars fjalla\u00f0 um uppreisnir, mor\u00f0 \u00e1 forsetanum og hry\u00f0juverk.\u00a0 A\u00f0 halda \u00fev\u00ed fram a\u00f0 N\u00edmenningarnir (og allur s\u00e1 fj\u00f6ldi f\u00f3lks sem \u00feeir voru hluti af) hafi \u00e6tla\u00f0 a\u00f0 svipta Al\u00feingi \u201esj\u00e1lfr\u00e6\u00f0i\u201c \u00feess, hva\u00f0 \u00fe\u00e1 a\u00f0 \u00feeir hef\u00f0u geta\u00f0 gert eitthva\u00f0 sl\u00edkt, v\u00e6ri hl\u00e6gilegt ef ekki v\u00e6ri um svo alvarlega \u00e1k\u00e6ru a\u00f0 r\u00e6\u00f0a.\u00a0 Undir henni hafa N\u00edmenningarnir \u00feurft a\u00f0 sitja \u00ed br\u00e1\u00f0um \u00e1r, og ey\u00f0a \u00f3m\u00e6ldum t\u00edma \u00ed a\u00f0 verja sig, svo ekki s\u00e9 minnst \u00e1 \u00fea\u00f0 andlega \u00e1lag sem \u00fea\u00f0 er a\u00f0 sitja undir \u00e1k\u00e6ru um alvarlegan gl\u00e6p, og geta \u00e1 me\u00f0an engar \u00e1\u00e6tlanir gert um framt\u00ed\u00f0 s\u00edna.<\/p>\n<p>\u00de\u00f3tt f\u00f3lk hafi \u00f3l\u00edkar sko\u00f0anir \u00e1 \u00feessu m\u00e1li hefur n\u00e1nast enginn treyst s\u00e9r til a\u00f0 verja \u00fe\u00e1 \u00e1kv\u00f6r\u00f0un L\u00e1ru V. J\u00fal\u00edusd\u00f3ttur a\u00f0 \u00e1k\u00e6ra fyrir brot \u00e1 100. greininni.\u00a0 Fj\u00f6ldi manns, \u00fear \u00e1 me\u00f0al h\u00f3pur al\u00feingismanna, hefur hins vegar m\u00f3tm\u00e6lt \u00feessu har\u00f0lega.\u00a0 H\u00e9r er nefnilega um a\u00f0 r\u00e6\u00f0a sv\u00edvir\u00f0ilega a\u00f0f\u00f6r r\u00edkisvaldsins a\u00f0 saklausu f\u00f3lki, og hins vegar alvarlega \u00e1r\u00e1s \u00e1 frelsi\u00f0 til a\u00f0 m\u00f3tm\u00e6la.<\/p>\n<p>Al\u00feingi ber mikla \u00e1byrg\u00f0 \u00ed \u00feessu m\u00e1li, og sorglegt a\u00f0 \u00fea\u00f0 skuli ekki frekar vera \u00ed fararbroddi vi\u00f0 a\u00f0 vernda tj\u00e1ningarfrelsi\u00f0.\u00a0 \u00dea\u00f0 er \u00fe\u00f3 settur saks\u00f3knari, L\u00e1ra V. J\u00fal\u00edusd\u00f3ttir, sem ber h\u00f6fu\u00f0\u00e1byrg\u00f0ina.\u00a0 H\u00fan \u00e6tti a\u00f0 afturkalla \u00e1k\u00e6rurnar \u00e1\u00f0ur en \u00fea\u00f0 er or\u00f0i\u00f0 of seint, \u00fe.e.a.s. \u00e1\u00f0ur en a\u00f0alme\u00f0fer\u00f0in hefst.\u00a0 Geri h\u00fan \u00fea\u00f0 ekki mun h\u00fan vinna lj\u00f3tt skemmdarverk \u00e1 \u00edslensku r\u00e9ttarfari (og eigin l\u00f6gmannshei\u00f0ri), \u00fev\u00ed jafnvel \u00fe\u00f3tt s\u00fdkna\u00f0 ver\u00f0i er \u00fea\u00f0 \u00f3fyrirgefanleg \u00e1r\u00e1s \u00e1 saklaust f\u00f3lk a\u00f0 \u00e1k\u00e6ra \u00fea\u00f0 fyrir alvarlegan gl\u00e6p sem aldrei var framinn.<\/p>\n","protected":false},"excerpt":{"rendered":"<p>Enn hefur varla veri\u00f0 r\u00e9tta\u00f0 yfir nokkrum af \u00feeim sem \u00e1byrg\u00f0 bera \u00e1 hruninu.\u00a0 \u00cd n\u00e6stu viku fer hins vegar fram a\u00f0alme\u00f0fer\u00f0 \u00ed N\u00edmenningam\u00e1linu svokalla\u00f0a.\u00a0 \u00dea\u00f0 er \u00f6murlegur vitnisbur\u00f0ur um \u00edslenska r\u00e9ttarr\u00edki\u00f0, \u00fev\u00ed h\u00e9r er fyrir r\u00e9tti f\u00f3lk sem m\u00f3tm\u00e6lti &hellip; <a href=\"https:\/\/www.norn.is\/einar\/2011\/01\/13\/svivirdileg-akaera-aras-a-tjaningarfrelsid\/\">Halda \u00e1fram a\u00f0 lesa <span class=\"meta-nav\">&rarr;<\/span><\/a><\/p>\n","protected":false},"author":10,"featured_media":0,"comment_status":"open","ping_status":"open","sticky":false,"template":"","format":"standard","meta":{"footnotes":""},"categories":[1,26],"tags":[49,3,5],"class_list":["post-5","post","type-post","status-publish","format-standard","hentry","category-oflokkad","category-mannrettindi","tag-motmaeli","tag-nimenningamalid","tag-tjaningarfrelsi"],"yoast_head":"<!-- This site is optimized with the Yoast SEO plugin v27.5 - https:\/\/yoast.com\/product\/yoast-seo-wordpress\/ -->\n<title>Sv\u00edvir\u00f0ileg \u00e1k\u00e6ra \u2014 \u00e1r\u00e1s \u00e1 tj\u00e1ningarfrelsi\u00f0 - Einar<\/title>\n<meta name=\"robots\" content=\"index, follow, max-snippet:-1, max-image-preview:large, max-video-preview:-1\" \/>\n<link rel=\"canonical\" href=\"https:\/\/www.norn.is\/einar\/2011\/01\/13\/svivirdileg-akaera-aras-a-tjaningarfrelsid\/\" \/>\n<meta property=\"og:locale\" content=\"is_IS\" \/>\n<meta property=\"og:type\" content=\"article\" \/>\n<meta property=\"og:title\" content=\"Sv\u00edvir\u00f0ileg \u00e1k\u00e6ra \u2014 \u00e1r\u00e1s \u00e1 tj\u00e1ningarfrelsi\u00f0 - Einar\" \/>\n<meta property=\"og:description\" content=\"Enn hefur varla veri\u00f0 r\u00e9tta\u00f0 yfir nokkrum af \u00feeim sem \u00e1byrg\u00f0 bera \u00e1 hruninu.\u00a0 \u00cd n\u00e6stu viku fer hins vegar fram a\u00f0alme\u00f0fer\u00f0 \u00ed N\u00edmenningam\u00e1linu svokalla\u00f0a.\u00a0 \u00dea\u00f0 er \u00f6murlegur vitnisbur\u00f0ur um \u00edslenska r\u00e9ttarr\u00edki\u00f0, \u00fev\u00ed h\u00e9r er fyrir r\u00e9tti f\u00f3lk sem m\u00f3tm\u00e6lti &hellip; Halda \u00e1fram a\u00f0 lesa &rarr;\" \/>\n<meta property=\"og:url\" content=\"https:\/\/www.norn.is\/einar\/2011\/01\/13\/svivirdileg-akaera-aras-a-tjaningarfrelsid\/\" \/>\n<meta property=\"og:site_name\" content=\"Einar\" \/>\n<meta property=\"article:published_time\" content=\"2011-01-13T11:05:13+00:00\" \/>\n<meta property=\"article:modified_time\" content=\"2017-09-24T11:06:07+00:00\" \/>\n<meta name=\"author\" content=\"einar\" \/>\n<meta name=\"twitter:card\" content=\"summary_large_image\" \/>\n<meta name=\"twitter:label1\" content=\"Written by\" \/>\n\t<meta name=\"twitter:data1\" content=\"\" \/>\n\t<meta name=\"twitter:label2\" content=\"Est. reading time\" \/>\n\t<meta name=\"twitter:data2\" content=\"4 minutes\" \/>\n<script type=\"application\/ld+json\" class=\"yoast-schema-graph\">{\"@context\":\"https:\\\/\\\/schema.org\",\"@graph\":[{\"@type\":\"Article\",\"@id\":\"https:\\\/\\\/www.norn.is\\\/einar\\\/2011\\\/01\\\/13\\\/svivirdileg-akaera-aras-a-tjaningarfrelsid\\\/#article\",\"isPartOf\":{\"@id\":\"https:\\\/\\\/www.norn.is\\\/einar\\\/2011\\\/01\\\/13\\\/svivirdileg-akaera-aras-a-tjaningarfrelsid\\\/\"},\"author\":{\"name\":\"einar\",\"@id\":\"https:\\\/\\\/www.norn.is\\\/einar\\\/#\\\/schema\\\/person\\\/19affadb841a22f7bfd4bdcd72a862d0\"},\"headline\":\"Sv\u00edvir\u00f0ileg \u00e1k\u00e6ra \u2014 \u00e1r\u00e1s \u00e1 tj\u00e1ningarfrelsi\u00f0\",\"datePublished\":\"2011-01-13T11:05:13+00:00\",\"dateModified\":\"2017-09-24T11:06:07+00:00\",\"mainEntityOfPage\":{\"@id\":\"https:\\\/\\\/www.norn.is\\\/einar\\\/2011\\\/01\\\/13\\\/svivirdileg-akaera-aras-a-tjaningarfrelsid\\\/\"},\"wordCount\":847,\"commentCount\":0,\"keywords\":[\"M\u00f3tm\u00e6li\",\"N\u00edmenningam\u00e1li\u00f0\",\"Tj\u00e1ningarfrelsi\"],\"articleSection\":[\"Allt efni\",\"Mannr\u00e9ttindi\"],\"inLanguage\":\"is\",\"potentialAction\":[{\"@type\":\"CommentAction\",\"name\":\"Comment\",\"target\":[\"https:\\\/\\\/www.norn.is\\\/einar\\\/2011\\\/01\\\/13\\\/svivirdileg-akaera-aras-a-tjaningarfrelsid\\\/#respond\"]}]},{\"@type\":\"WebPage\",\"@id\":\"https:\\\/\\\/www.norn.is\\\/einar\\\/2011\\\/01\\\/13\\\/svivirdileg-akaera-aras-a-tjaningarfrelsid\\\/\",\"url\":\"https:\\\/\\\/www.norn.is\\\/einar\\\/2011\\\/01\\\/13\\\/svivirdileg-akaera-aras-a-tjaningarfrelsid\\\/\",\"name\":\"Sv\u00edvir\u00f0ileg \u00e1k\u00e6ra \u2014 \u00e1r\u00e1s \u00e1 tj\u00e1ningarfrelsi\u00f0 - Einar\",\"isPartOf\":{\"@id\":\"https:\\\/\\\/www.norn.is\\\/einar\\\/#website\"},\"datePublished\":\"2011-01-13T11:05:13+00:00\",\"dateModified\":\"2017-09-24T11:06:07+00:00\",\"author\":{\"@id\":\"https:\\\/\\\/www.norn.is\\\/einar\\\/#\\\/schema\\\/person\\\/19affadb841a22f7bfd4bdcd72a862d0\"},\"breadcrumb\":{\"@id\":\"https:\\\/\\\/www.norn.is\\\/einar\\\/2011\\\/01\\\/13\\\/svivirdileg-akaera-aras-a-tjaningarfrelsid\\\/#breadcrumb\"},\"inLanguage\":\"is\",\"potentialAction\":[{\"@type\":\"ReadAction\",\"target\":[\"https:\\\/\\\/www.norn.is\\\/einar\\\/2011\\\/01\\\/13\\\/svivirdileg-akaera-aras-a-tjaningarfrelsid\\\/\"]}]},{\"@type\":\"BreadcrumbList\",\"@id\":\"https:\\\/\\\/www.norn.is\\\/einar\\\/2011\\\/01\\\/13\\\/svivirdileg-akaera-aras-a-tjaningarfrelsid\\\/#breadcrumb\",\"itemListElement\":[{\"@type\":\"ListItem\",\"position\":1,\"name\":\"Home\",\"item\":\"https:\\\/\\\/www.norn.is\\\/einar\\\/\"},{\"@type\":\"ListItem\",\"position\":2,\"name\":\"Sv\u00edvir\u00f0ileg \u00e1k\u00e6ra \u2014 \u00e1r\u00e1s \u00e1 tj\u00e1ningarfrelsi\u00f0\"}]},{\"@type\":\"WebSite\",\"@id\":\"https:\\\/\\\/www.norn.is\\\/einar\\\/#website\",\"url\":\"https:\\\/\\\/www.norn.is\\\/einar\\\/\",\"name\":\"Einar\",\"description\":\"Pistlar Einars Steingr\u00edmssonar\",\"potentialAction\":[{\"@type\":\"SearchAction\",\"target\":{\"@type\":\"EntryPoint\",\"urlTemplate\":\"https:\\\/\\\/www.norn.is\\\/einar\\\/?s={search_term_string}\"},\"query-input\":{\"@type\":\"PropertyValueSpecification\",\"valueRequired\":true,\"valueName\":\"search_term_string\"}}],\"inLanguage\":\"is\"},{\"@type\":\"Person\",\"@id\":\"https:\\\/\\\/www.norn.is\\\/einar\\\/#\\\/schema\\\/person\\\/19affadb841a22f7bfd4bdcd72a862d0\",\"name\":\"einar\",\"image\":{\"@type\":\"ImageObject\",\"inLanguage\":\"is\",\"@id\":\"https:\\\/\\\/secure.gravatar.com\\\/avatar\\\/6f5f5592f3cc45e338376db24f1672c636582d9c27d855e8f077f13ef13b17fd?s=96&d=mm&r=g\",\"url\":\"https:\\\/\\\/secure.gravatar.com\\\/avatar\\\/6f5f5592f3cc45e338376db24f1672c636582d9c27d855e8f077f13ef13b17fd?s=96&d=mm&r=g\",\"contentUrl\":\"https:\\\/\\\/secure.gravatar.com\\\/avatar\\\/6f5f5592f3cc45e338376db24f1672c636582d9c27d855e8f077f13ef13b17fd?s=96&d=mm&r=g\",\"caption\":\"einar\"},\"url\":\"https:\\\/\\\/www.norn.is\\\/einar\\\/author\\\/einarsteingrimsson\\\/\"}]}<\/script>\n<!-- \/ Yoast SEO plugin. -->","yoast_head_json":{"title":"Sv\u00edvir\u00f0ileg \u00e1k\u00e6ra \u2014 \u00e1r\u00e1s \u00e1 tj\u00e1ningarfrelsi\u00f0 - Einar","robots":{"index":"index","follow":"follow","max-snippet":"max-snippet:-1","max-image-preview":"max-image-preview:large","max-video-preview":"max-video-preview:-1"},"canonical":"https:\/\/www.norn.is\/einar\/2011\/01\/13\/svivirdileg-akaera-aras-a-tjaningarfrelsid\/","og_locale":"is_IS","og_type":"article","og_title":"Sv\u00edvir\u00f0ileg \u00e1k\u00e6ra \u2014 \u00e1r\u00e1s \u00e1 tj\u00e1ningarfrelsi\u00f0 - Einar","og_description":"Enn hefur varla veri\u00f0 r\u00e9tta\u00f0 yfir nokkrum af \u00feeim sem \u00e1byrg\u00f0 bera \u00e1 hruninu.\u00a0 \u00cd n\u00e6stu viku fer hins vegar fram a\u00f0alme\u00f0fer\u00f0 \u00ed N\u00edmenningam\u00e1linu svokalla\u00f0a.\u00a0 \u00dea\u00f0 er \u00f6murlegur vitnisbur\u00f0ur um \u00edslenska r\u00e9ttarr\u00edki\u00f0, \u00fev\u00ed h\u00e9r er fyrir r\u00e9tti f\u00f3lk sem m\u00f3tm\u00e6lti &hellip; Halda \u00e1fram a\u00f0 lesa &rarr;","og_url":"https:\/\/www.norn.is\/einar\/2011\/01\/13\/svivirdileg-akaera-aras-a-tjaningarfrelsid\/","og_site_name":"Einar","article_published_time":"2011-01-13T11:05:13+00:00","article_modified_time":"2017-09-24T11:06:07+00:00","author":"einar","twitter_card":"summary_large_image","twitter_misc":{"Written by":false,"Est. reading time":"4 minutes"},"schema":{"@context":"https:\/\/schema.org","@graph":[{"@type":"Article","@id":"https:\/\/www.norn.is\/einar\/2011\/01\/13\/svivirdileg-akaera-aras-a-tjaningarfrelsid\/#article","isPartOf":{"@id":"https:\/\/www.norn.is\/einar\/2011\/01\/13\/svivirdileg-akaera-aras-a-tjaningarfrelsid\/"},"author":{"name":"einar","@id":"https:\/\/www.norn.is\/einar\/#\/schema\/person\/19affadb841a22f7bfd4bdcd72a862d0"},"headline":"Sv\u00edvir\u00f0ileg \u00e1k\u00e6ra \u2014 \u00e1r\u00e1s \u00e1 tj\u00e1ningarfrelsi\u00f0","datePublished":"2011-01-13T11:05:13+00:00","dateModified":"2017-09-24T11:06:07+00:00","mainEntityOfPage":{"@id":"https:\/\/www.norn.is\/einar\/2011\/01\/13\/svivirdileg-akaera-aras-a-tjaningarfrelsid\/"},"wordCount":847,"commentCount":0,"keywords":["M\u00f3tm\u00e6li","N\u00edmenningam\u00e1li\u00f0","Tj\u00e1ningarfrelsi"],"articleSection":["Allt efni","Mannr\u00e9ttindi"],"inLanguage":"is","potentialAction":[{"@type":"CommentAction","name":"Comment","target":["https:\/\/www.norn.is\/einar\/2011\/01\/13\/svivirdileg-akaera-aras-a-tjaningarfrelsid\/#respond"]}]},{"@type":"WebPage","@id":"https:\/\/www.norn.is\/einar\/2011\/01\/13\/svivirdileg-akaera-aras-a-tjaningarfrelsid\/","url":"https:\/\/www.norn.is\/einar\/2011\/01\/13\/svivirdileg-akaera-aras-a-tjaningarfrelsid\/","name":"Sv\u00edvir\u00f0ileg \u00e1k\u00e6ra \u2014 \u00e1r\u00e1s \u00e1 tj\u00e1ningarfrelsi\u00f0 - Einar","isPartOf":{"@id":"https:\/\/www.norn.is\/einar\/#website"},"datePublished":"2011-01-13T11:05:13+00:00","dateModified":"2017-09-24T11:06:07+00:00","author":{"@id":"https:\/\/www.norn.is\/einar\/#\/schema\/person\/19affadb841a22f7bfd4bdcd72a862d0"},"breadcrumb":{"@id":"https:\/\/www.norn.is\/einar\/2011\/01\/13\/svivirdileg-akaera-aras-a-tjaningarfrelsid\/#breadcrumb"},"inLanguage":"is","potentialAction":[{"@type":"ReadAction","target":["https:\/\/www.norn.is\/einar\/2011\/01\/13\/svivirdileg-akaera-aras-a-tjaningarfrelsid\/"]}]},{"@type":"BreadcrumbList","@id":"https:\/\/www.norn.is\/einar\/2011\/01\/13\/svivirdileg-akaera-aras-a-tjaningarfrelsid\/#breadcrumb","itemListElement":[{"@type":"ListItem","position":1,"name":"Home","item":"https:\/\/www.norn.is\/einar\/"},{"@type":"ListItem","position":2,"name":"Sv\u00edvir\u00f0ileg \u00e1k\u00e6ra \u2014 \u00e1r\u00e1s \u00e1 tj\u00e1ningarfrelsi\u00f0"}]},{"@type":"WebSite","@id":"https:\/\/www.norn.is\/einar\/#website","url":"https:\/\/www.norn.is\/einar\/","name":"Einar","description":"Pistlar Einars Steingr\u00edmssonar","potentialAction":[{"@type":"SearchAction","target":{"@type":"EntryPoint","urlTemplate":"https:\/\/www.norn.is\/einar\/?s={search_term_string}"},"query-input":{"@type":"PropertyValueSpecification","valueRequired":true,"valueName":"search_term_string"}}],"inLanguage":"is"},{"@type":"Person","@id":"https:\/\/www.norn.is\/einar\/#\/schema\/person\/19affadb841a22f7bfd4bdcd72a862d0","name":"einar","image":{"@type":"ImageObject","inLanguage":"is","@id":"https:\/\/secure.gravatar.com\/avatar\/6f5f5592f3cc45e338376db24f1672c636582d9c27d855e8f077f13ef13b17fd?s=96&d=mm&r=g","url":"https:\/\/secure.gravatar.com\/avatar\/6f5f5592f3cc45e338376db24f1672c636582d9c27d855e8f077f13ef13b17fd?s=96&d=mm&r=g","contentUrl":"https:\/\/secure.gravatar.com\/avatar\/6f5f5592f3cc45e338376db24f1672c636582d9c27d855e8f077f13ef13b17fd?s=96&d=mm&r=g","caption":"einar"},"url":"https:\/\/www.norn.is\/einar\/author\/einarsteingrimsson\/"}]}},"_links":{"self":[{"href":"https:\/\/www.norn.is\/einar\/wp-json\/wp\/v2\/posts\/5","targetHints":{"allow":["GET"]}}],"collection":[{"href":"https:\/\/www.norn.is\/einar\/wp-json\/wp\/v2\/posts"}],"about":[{"href":"https:\/\/www.norn.is\/einar\/wp-json\/wp\/v2\/types\/post"}],"author":[{"embeddable":true,"href":"https:\/\/www.norn.is\/einar\/wp-json\/wp\/v2\/users\/10"}],"replies":[{"embeddable":true,"href":"https:\/\/www.norn.is\/einar\/wp-json\/wp\/v2\/comments?post=5"}],"version-history":[{"count":2,"href":"https:\/\/www.norn.is\/einar\/wp-json\/wp\/v2\/posts\/5\/revisions"}],"predecessor-version":[{"id":9,"href":"https:\/\/www.norn.is\/einar\/wp-json\/wp\/v2\/posts\/5\/revisions\/9"}],"wp:attachment":[{"href":"https:\/\/www.norn.is\/einar\/wp-json\/wp\/v2\/media?parent=5"}],"wp:term":[{"taxonomy":"category","embeddable":true,"href":"https:\/\/www.norn.is\/einar\/wp-json\/wp\/v2\/categories?post=5"},{"taxonomy":"post_tag","embeddable":true,"href":"https:\/\/www.norn.is\/einar\/wp-json\/wp\/v2\/tags?post=5"}],"curies":[{"name":"wp","href":"https:\/\/api.w.org\/{rel}","templated":true}]}}