{"id":485,"date":"2014-05-06T06:51:02","date_gmt":"2014-05-06T06:51:02","guid":{"rendered":"http:\/\/www.norn.is\/einar\/?p=485"},"modified":"2017-09-24T11:02:59","modified_gmt":"2017-09-24T11:02:59","slug":"opid-bref-til-einars-k-thingforseta","status":"publish","type":"post","link":"https:\/\/www.norn.is\/einar\/2014\/05\/06\/opid-bref-til-einars-k-thingforseta\/","title":{"rendered":"Opi\u00f0 br\u00e9f til Einars K. \u00feingforseta"},"content":{"rendered":"<p>S\u00e6ll nafni<\/p>\n<div>\u00dea\u00f0 var n\u00f3gu sl\u00e6mt gerr\u00e6\u00f0i\u00f0 (svo ma\u00f0ur segi ekki valdar\u00e1ni\u00f0) sem \u00fe\u00fa framdir \u00e1 Al\u00feingi \u00ed dag, \u00fear sem \u00fe\u00fa \u00e1kva\u00f0st a\u00f0 innanr\u00edkisr\u00e1\u00f0herra skyldi undan\u00feeginn \u00fev\u00ed sem hinga\u00f0 til hefur veri\u00f0 \u00e1litin skylda r\u00e1\u00f0herra, a\u00f0 svara spurningum \u00feingmanna. \u00a0\u00deetta ger\u00f0ir \u00fe\u00fa \u00e1n \u00feess a\u00f0 hafa til \u00feess nokkurn r\u00e9tt, nema r\u00e9tt valdn\u00ed\u00f0ingsins sem telur a\u00f0 eigin v\u00f6ld r\u00e9ttl\u00e6ti hva\u00f0a yfirgang sem er.<\/div>\n<p><!--more--><\/p>\n<div><\/div>\n<div>\u00dea\u00f0 er s\u00e9rlega sl\u00e1andi a\u00f0 forseti Al\u00feingis komi fram me\u00f0 \u00feessum h\u00e6tti, \u00fev\u00ed \u00fe\u00e9r er fullkunnugt um a\u00f0 hlutverk \u00feingforseta er a\u00f0 tryggja a\u00f0 st\u00f6rf \u00feingsins fari fram me\u00f0 s\u00f3masamlegum h\u00e6tti, en\u00a0<i>ekki<\/i>\u00a0a\u00f0 hl\u00edfa eigin p\u00f3lit\u00edsku vopnasystkinum vi\u00f0 \u00fev\u00ed a\u00f0 svara r\u00e9ttm\u00e6tum spurningum um framg\u00f6ngu s\u00edna.<\/div>\n<div><\/div>\n<div>Hafi einhver l\u00e1ti\u00f0 s\u00e9r detta \u00ed hug a\u00f0 \u00fea\u00f0 hafi veri\u00f0 hlutlaust mat \u00feitt \u00e1 st\u00f6rfum \u00feingsins sem r\u00e9\u00f0i f\u00f6r \u00ed \u00feessari einr\u00e6\u00f0isherralegu \u00e1kv\u00f6r\u00f0un \u00feinni, \u00fe\u00e1 s\u00fdndir\u00f0u sk\u00f6mmu s\u00ed\u00f0ar svo ekki var\u00f0 um villst hva\u00f0 vakti fyrir \u00fe\u00e9r, \u00feegar \u00fe\u00fa dj\u00f6fla\u00f0ist \u00e1 bj\u00f6liunni eins og vitfirrtur dj\u00e1kni \u00ed kirkjuturni til a\u00f0 reyna a\u00f0 yfirgn\u00e6fa or\u00f0 \u00feingmanns sem var a\u00f0 segja \u00f3\u00fe\u00e6gilega hluti um flokkssystur \u00fe\u00edna innanr\u00edkisr\u00e1\u00f0herrann. \u00a0\u00deegar r\u00e1\u00f0herrann kom svo n\u00e6stur \u00ed r\u00e6\u00f0ust\u00f3l og f\u00f3r fram yfir t\u00edma sinn var bj\u00f6llukonsert \u00feinn allt \u00ed einu or\u00f0inn a\u00f0 l\u00e1gv\u00e6rum kli\u00f0 lotningarfullra k\u00f3rdrengja.<\/div>\n<div><\/div>\n<div>\u00de\u00fa \u00e6ttir a\u00f0 skammast \u00fe\u00edn, nafni, og bi\u00f0jast fyrirgefningar \u00e1 \u00feessu \u00ed skyndi, frammi fyrir al\u00fej\u00f3\u00f0. \u00a0A\u00f0 \u00f6\u00f0rum kosti, ef \u00fe\u00fa ert ekki ma\u00f0ur til \u00feess, \u00e6ttir\u00f0u a\u00f0 afsala \u00fe\u00e9r b\u00e6\u00f0i forsetatitlinum og \u00feingmennskunni, sem \u00fe\u00fa ert \u00fe\u00e1 ekki b\u00f3gur til a\u00f0 r\u00e1\u00f0a vi\u00f0.<\/div>\n<div><\/div>\n<div>Me\u00f0 sam\u00fa\u00f0arkve\u00f0ju,<\/div>\n<div><\/div>\n<div>Einar<\/div>\n","protected":false},"excerpt":{"rendered":"<p>S\u00e6ll nafni \u00dea\u00f0 var n\u00f3gu sl\u00e6mt gerr\u00e6\u00f0i\u00f0 (svo ma\u00f0ur segi ekki valdar\u00e1ni\u00f0) sem \u00fe\u00fa framdir \u00e1 Al\u00feingi \u00ed dag, \u00fear sem \u00fe\u00fa \u00e1kva\u00f0st a\u00f0 innanr\u00edkisr\u00e1\u00f0herra skyldi undan\u00feeginn \u00fev\u00ed sem hinga\u00f0 til hefur veri\u00f0 \u00e1litin skylda r\u00e1\u00f0herra, a\u00f0 svara spurningum \u00feingmanna. &hellip; <a href=\"https:\/\/www.norn.is\/einar\/2014\/05\/06\/opid-bref-til-einars-k-thingforseta\/\">Halda \u00e1fram a\u00f0 lesa <span class=\"meta-nav\">&rarr;<\/span><\/a><\/p>\n","protected":false},"author":10,"featured_media":0,"comment_status":"open","ping_status":"open","sticky":false,"template":"","format":"standard","meta":{"footnotes":""},"categories":[1,43],"tags":[366,368,329,477,367],"class_list":["post-485","post","type-post","status-publish","format-standard","hentry","category-oflokkad","category-lydraedismal-og-stjornarskra","tag-einar-k-gudfinnsson","tag-forseti-althingis","tag-lekamal-innanrikisraduneytisins","tag-opid-bref","tag-thingskop"],"yoast_head":"<!-- This site is optimized with the Yoast SEO plugin v27.5 - https:\/\/yoast.com\/product\/yoast-seo-wordpress\/ -->\n<title>Opi\u00f0 br\u00e9f til Einars K. \u00feingforseta - Einar<\/title>\n<meta name=\"robots\" content=\"index, follow, max-snippet:-1, max-image-preview:large, max-video-preview:-1\" \/>\n<link rel=\"canonical\" href=\"https:\/\/www.norn.is\/einar\/2014\/05\/06\/opid-bref-til-einars-k-thingforseta\/\" \/>\n<meta property=\"og:locale\" content=\"is_IS\" \/>\n<meta property=\"og:type\" content=\"article\" \/>\n<meta property=\"og:title\" content=\"Opi\u00f0 br\u00e9f til Einars K. \u00feingforseta - Einar\" \/>\n<meta property=\"og:description\" content=\"S\u00e6ll nafni \u00dea\u00f0 var n\u00f3gu sl\u00e6mt gerr\u00e6\u00f0i\u00f0 (svo ma\u00f0ur segi ekki valdar\u00e1ni\u00f0) sem \u00fe\u00fa framdir \u00e1 Al\u00feingi \u00ed dag, \u00fear sem \u00fe\u00fa \u00e1kva\u00f0st a\u00f0 innanr\u00edkisr\u00e1\u00f0herra skyldi undan\u00feeginn \u00fev\u00ed sem hinga\u00f0 til hefur veri\u00f0 \u00e1litin skylda r\u00e1\u00f0herra, a\u00f0 svara spurningum \u00feingmanna. &hellip; Halda \u00e1fram a\u00f0 lesa &rarr;\" \/>\n<meta property=\"og:url\" content=\"https:\/\/www.norn.is\/einar\/2014\/05\/06\/opid-bref-til-einars-k-thingforseta\/\" \/>\n<meta property=\"og:site_name\" content=\"Einar\" \/>\n<meta property=\"article:published_time\" content=\"2014-05-06T06:51:02+00:00\" \/>\n<meta property=\"article:modified_time\" content=\"2017-09-24T11:02:59+00:00\" \/>\n<meta name=\"author\" content=\"einar\" \/>\n<meta name=\"twitter:card\" content=\"summary_large_image\" \/>\n<meta name=\"twitter:label1\" content=\"Written by\" \/>\n\t<meta name=\"twitter:data1\" content=\"\" \/>\n\t<meta name=\"twitter:label2\" content=\"Est. reading time\" \/>\n\t<meta name=\"twitter:data2\" content=\"2 minutes\" \/>\n<script type=\"application\/ld+json\" class=\"yoast-schema-graph\">{\"@context\":\"https:\\\/\\\/schema.org\",\"@graph\":[{\"@type\":\"Article\",\"@id\":\"https:\\\/\\\/www.norn.is\\\/einar\\\/2014\\\/05\\\/06\\\/opid-bref-til-einars-k-thingforseta\\\/#article\",\"isPartOf\":{\"@id\":\"https:\\\/\\\/www.norn.is\\\/einar\\\/2014\\\/05\\\/06\\\/opid-bref-til-einars-k-thingforseta\\\/\"},\"author\":{\"name\":\"einar\",\"@id\":\"https:\\\/\\\/www.norn.is\\\/einar\\\/#\\\/schema\\\/person\\\/19affadb841a22f7bfd4bdcd72a862d0\"},\"headline\":\"Opi\u00f0 br\u00e9f til Einars K. \u00feingforseta\",\"datePublished\":\"2014-05-06T06:51:02+00:00\",\"dateModified\":\"2017-09-24T11:02:59+00:00\",\"mainEntityOfPage\":{\"@id\":\"https:\\\/\\\/www.norn.is\\\/einar\\\/2014\\\/05\\\/06\\\/opid-bref-til-einars-k-thingforseta\\\/\"},\"wordCount\":309,\"commentCount\":0,\"keywords\":[\"Einar K. Gu\u00f0finnsson\",\"Forseti Al\u00feingis\",\"Lekam\u00e1l Innanr\u00edkisr\u00e1\u00f0uneytisins\",\"Opi\u00f0 br\u00e9f\",\"\u00deingsk\u00f6p\"],\"articleSection\":[\"Allt efni\",\"L\u00fd\u00f0r\u00e6\u00f0ism\u00e1l og stj\u00f3rnarskr\u00e1\"],\"inLanguage\":\"is\",\"potentialAction\":[{\"@type\":\"CommentAction\",\"name\":\"Comment\",\"target\":[\"https:\\\/\\\/www.norn.is\\\/einar\\\/2014\\\/05\\\/06\\\/opid-bref-til-einars-k-thingforseta\\\/#respond\"]}]},{\"@type\":\"WebPage\",\"@id\":\"https:\\\/\\\/www.norn.is\\\/einar\\\/2014\\\/05\\\/06\\\/opid-bref-til-einars-k-thingforseta\\\/\",\"url\":\"https:\\\/\\\/www.norn.is\\\/einar\\\/2014\\\/05\\\/06\\\/opid-bref-til-einars-k-thingforseta\\\/\",\"name\":\"Opi\u00f0 br\u00e9f til Einars K. \u00feingforseta - Einar\",\"isPartOf\":{\"@id\":\"https:\\\/\\\/www.norn.is\\\/einar\\\/#website\"},\"datePublished\":\"2014-05-06T06:51:02+00:00\",\"dateModified\":\"2017-09-24T11:02:59+00:00\",\"author\":{\"@id\":\"https:\\\/\\\/www.norn.is\\\/einar\\\/#\\\/schema\\\/person\\\/19affadb841a22f7bfd4bdcd72a862d0\"},\"breadcrumb\":{\"@id\":\"https:\\\/\\\/www.norn.is\\\/einar\\\/2014\\\/05\\\/06\\\/opid-bref-til-einars-k-thingforseta\\\/#breadcrumb\"},\"inLanguage\":\"is\",\"potentialAction\":[{\"@type\":\"ReadAction\",\"target\":[\"https:\\\/\\\/www.norn.is\\\/einar\\\/2014\\\/05\\\/06\\\/opid-bref-til-einars-k-thingforseta\\\/\"]}]},{\"@type\":\"BreadcrumbList\",\"@id\":\"https:\\\/\\\/www.norn.is\\\/einar\\\/2014\\\/05\\\/06\\\/opid-bref-til-einars-k-thingforseta\\\/#breadcrumb\",\"itemListElement\":[{\"@type\":\"ListItem\",\"position\":1,\"name\":\"Home\",\"item\":\"https:\\\/\\\/www.norn.is\\\/einar\\\/\"},{\"@type\":\"ListItem\",\"position\":2,\"name\":\"Opi\u00f0 br\u00e9f til Einars K. \u00feingforseta\"}]},{\"@type\":\"WebSite\",\"@id\":\"https:\\\/\\\/www.norn.is\\\/einar\\\/#website\",\"url\":\"https:\\\/\\\/www.norn.is\\\/einar\\\/\",\"name\":\"Einar\",\"description\":\"Pistlar Einars Steingr\u00edmssonar\",\"potentialAction\":[{\"@type\":\"SearchAction\",\"target\":{\"@type\":\"EntryPoint\",\"urlTemplate\":\"https:\\\/\\\/www.norn.is\\\/einar\\\/?s={search_term_string}\"},\"query-input\":{\"@type\":\"PropertyValueSpecification\",\"valueRequired\":true,\"valueName\":\"search_term_string\"}}],\"inLanguage\":\"is\"},{\"@type\":\"Person\",\"@id\":\"https:\\\/\\\/www.norn.is\\\/einar\\\/#\\\/schema\\\/person\\\/19affadb841a22f7bfd4bdcd72a862d0\",\"name\":\"einar\",\"image\":{\"@type\":\"ImageObject\",\"inLanguage\":\"is\",\"@id\":\"https:\\\/\\\/secure.gravatar.com\\\/avatar\\\/6f5f5592f3cc45e338376db24f1672c636582d9c27d855e8f077f13ef13b17fd?s=96&d=mm&r=g\",\"url\":\"https:\\\/\\\/secure.gravatar.com\\\/avatar\\\/6f5f5592f3cc45e338376db24f1672c636582d9c27d855e8f077f13ef13b17fd?s=96&d=mm&r=g\",\"contentUrl\":\"https:\\\/\\\/secure.gravatar.com\\\/avatar\\\/6f5f5592f3cc45e338376db24f1672c636582d9c27d855e8f077f13ef13b17fd?s=96&d=mm&r=g\",\"caption\":\"einar\"},\"url\":\"https:\\\/\\\/www.norn.is\\\/einar\\\/author\\\/einarsteingrimsson\\\/\"}]}<\/script>\n<!-- \/ Yoast SEO plugin. -->","yoast_head_json":{"title":"Opi\u00f0 br\u00e9f til Einars K. \u00feingforseta - Einar","robots":{"index":"index","follow":"follow","max-snippet":"max-snippet:-1","max-image-preview":"max-image-preview:large","max-video-preview":"max-video-preview:-1"},"canonical":"https:\/\/www.norn.is\/einar\/2014\/05\/06\/opid-bref-til-einars-k-thingforseta\/","og_locale":"is_IS","og_type":"article","og_title":"Opi\u00f0 br\u00e9f til Einars K. \u00feingforseta - Einar","og_description":"S\u00e6ll nafni \u00dea\u00f0 var n\u00f3gu sl\u00e6mt gerr\u00e6\u00f0i\u00f0 (svo ma\u00f0ur segi ekki valdar\u00e1ni\u00f0) sem \u00fe\u00fa framdir \u00e1 Al\u00feingi \u00ed dag, \u00fear sem \u00fe\u00fa \u00e1kva\u00f0st a\u00f0 innanr\u00edkisr\u00e1\u00f0herra skyldi undan\u00feeginn \u00fev\u00ed sem hinga\u00f0 til hefur veri\u00f0 \u00e1litin skylda r\u00e1\u00f0herra, a\u00f0 svara spurningum \u00feingmanna. &hellip; Halda \u00e1fram a\u00f0 lesa &rarr;","og_url":"https:\/\/www.norn.is\/einar\/2014\/05\/06\/opid-bref-til-einars-k-thingforseta\/","og_site_name":"Einar","article_published_time":"2014-05-06T06:51:02+00:00","article_modified_time":"2017-09-24T11:02:59+00:00","author":"einar","twitter_card":"summary_large_image","twitter_misc":{"Written by":false,"Est. reading time":"2 minutes"},"schema":{"@context":"https:\/\/schema.org","@graph":[{"@type":"Article","@id":"https:\/\/www.norn.is\/einar\/2014\/05\/06\/opid-bref-til-einars-k-thingforseta\/#article","isPartOf":{"@id":"https:\/\/www.norn.is\/einar\/2014\/05\/06\/opid-bref-til-einars-k-thingforseta\/"},"author":{"name":"einar","@id":"https:\/\/www.norn.is\/einar\/#\/schema\/person\/19affadb841a22f7bfd4bdcd72a862d0"},"headline":"Opi\u00f0 br\u00e9f til Einars K. \u00feingforseta","datePublished":"2014-05-06T06:51:02+00:00","dateModified":"2017-09-24T11:02:59+00:00","mainEntityOfPage":{"@id":"https:\/\/www.norn.is\/einar\/2014\/05\/06\/opid-bref-til-einars-k-thingforseta\/"},"wordCount":309,"commentCount":0,"keywords":["Einar K. Gu\u00f0finnsson","Forseti Al\u00feingis","Lekam\u00e1l Innanr\u00edkisr\u00e1\u00f0uneytisins","Opi\u00f0 br\u00e9f","\u00deingsk\u00f6p"],"articleSection":["Allt efni","L\u00fd\u00f0r\u00e6\u00f0ism\u00e1l og stj\u00f3rnarskr\u00e1"],"inLanguage":"is","potentialAction":[{"@type":"CommentAction","name":"Comment","target":["https:\/\/www.norn.is\/einar\/2014\/05\/06\/opid-bref-til-einars-k-thingforseta\/#respond"]}]},{"@type":"WebPage","@id":"https:\/\/www.norn.is\/einar\/2014\/05\/06\/opid-bref-til-einars-k-thingforseta\/","url":"https:\/\/www.norn.is\/einar\/2014\/05\/06\/opid-bref-til-einars-k-thingforseta\/","name":"Opi\u00f0 br\u00e9f til Einars K. \u00feingforseta - Einar","isPartOf":{"@id":"https:\/\/www.norn.is\/einar\/#website"},"datePublished":"2014-05-06T06:51:02+00:00","dateModified":"2017-09-24T11:02:59+00:00","author":{"@id":"https:\/\/www.norn.is\/einar\/#\/schema\/person\/19affadb841a22f7bfd4bdcd72a862d0"},"breadcrumb":{"@id":"https:\/\/www.norn.is\/einar\/2014\/05\/06\/opid-bref-til-einars-k-thingforseta\/#breadcrumb"},"inLanguage":"is","potentialAction":[{"@type":"ReadAction","target":["https:\/\/www.norn.is\/einar\/2014\/05\/06\/opid-bref-til-einars-k-thingforseta\/"]}]},{"@type":"BreadcrumbList","@id":"https:\/\/www.norn.is\/einar\/2014\/05\/06\/opid-bref-til-einars-k-thingforseta\/#breadcrumb","itemListElement":[{"@type":"ListItem","position":1,"name":"Home","item":"https:\/\/www.norn.is\/einar\/"},{"@type":"ListItem","position":2,"name":"Opi\u00f0 br\u00e9f til Einars K. \u00feingforseta"}]},{"@type":"WebSite","@id":"https:\/\/www.norn.is\/einar\/#website","url":"https:\/\/www.norn.is\/einar\/","name":"Einar","description":"Pistlar Einars Steingr\u00edmssonar","potentialAction":[{"@type":"SearchAction","target":{"@type":"EntryPoint","urlTemplate":"https:\/\/www.norn.is\/einar\/?s={search_term_string}"},"query-input":{"@type":"PropertyValueSpecification","valueRequired":true,"valueName":"search_term_string"}}],"inLanguage":"is"},{"@type":"Person","@id":"https:\/\/www.norn.is\/einar\/#\/schema\/person\/19affadb841a22f7bfd4bdcd72a862d0","name":"einar","image":{"@type":"ImageObject","inLanguage":"is","@id":"https:\/\/secure.gravatar.com\/avatar\/6f5f5592f3cc45e338376db24f1672c636582d9c27d855e8f077f13ef13b17fd?s=96&d=mm&r=g","url":"https:\/\/secure.gravatar.com\/avatar\/6f5f5592f3cc45e338376db24f1672c636582d9c27d855e8f077f13ef13b17fd?s=96&d=mm&r=g","contentUrl":"https:\/\/secure.gravatar.com\/avatar\/6f5f5592f3cc45e338376db24f1672c636582d9c27d855e8f077f13ef13b17fd?s=96&d=mm&r=g","caption":"einar"},"url":"https:\/\/www.norn.is\/einar\/author\/einarsteingrimsson\/"}]}},"_links":{"self":[{"href":"https:\/\/www.norn.is\/einar\/wp-json\/wp\/v2\/posts\/485","targetHints":{"allow":["GET"]}}],"collection":[{"href":"https:\/\/www.norn.is\/einar\/wp-json\/wp\/v2\/posts"}],"about":[{"href":"https:\/\/www.norn.is\/einar\/wp-json\/wp\/v2\/types\/post"}],"author":[{"embeddable":true,"href":"https:\/\/www.norn.is\/einar\/wp-json\/wp\/v2\/users\/10"}],"replies":[{"embeddable":true,"href":"https:\/\/www.norn.is\/einar\/wp-json\/wp\/v2\/comments?post=485"}],"version-history":[{"count":1,"href":"https:\/\/www.norn.is\/einar\/wp-json\/wp\/v2\/posts\/485\/revisions"}],"predecessor-version":[{"id":486,"href":"https:\/\/www.norn.is\/einar\/wp-json\/wp\/v2\/posts\/485\/revisions\/486"}],"wp:attachment":[{"href":"https:\/\/www.norn.is\/einar\/wp-json\/wp\/v2\/media?parent=485"}],"wp:term":[{"taxonomy":"category","embeddable":true,"href":"https:\/\/www.norn.is\/einar\/wp-json\/wp\/v2\/categories?post=485"},{"taxonomy":"post_tag","embeddable":true,"href":"https:\/\/www.norn.is\/einar\/wp-json\/wp\/v2\/tags?post=485"}],"curies":[{"name":"wp","href":"https:\/\/api.w.org\/{rel}","templated":true}]}}