{"id":472,"date":"2014-02-22T15:22:23","date_gmt":"2014-02-22T15:22:23","guid":{"rendered":"http:\/\/www.norn.is\/einar\/?p=472"},"modified":"2017-09-24T11:02:59","modified_gmt":"2017-09-24T11:02:59","slug":"til-varnar-vitisengli","status":"publish","type":"post","link":"https:\/\/www.norn.is\/einar\/2014\/02\/22\/til-varnar-vitisengli\/","title":{"rendered":"Til varnar V\u00edtisengli"},"content":{"rendered":"<div>Fyrir t\u00e6pum 40 \u00e1rum voru nokkur ungmenni hneppt \u00ed g\u00e6sluvar\u00f0hald, og beitt har\u00f0r\u00e6\u00f0i sem n\u00e1nast allir eru \u00ed dag samm\u00e1la um a\u00f0 hafi veri\u00f0 vi\u00f0urstyggilegt. \u00a0 \u00deetta f\u00f3lk sat \u00ed g\u00e6sluvar\u00f0haldi \u00e1rum saman, sumt \u00ed algerri einangrun, og var b\u00f3kstaflega pynta\u00f0, b\u00e6\u00f0i andlega og l\u00edkamlega. \u00a0\u00deetta ger\u00f0ist \u00e1 \u00cdslandi og \u00fe\u00f3tt n\u00fa s\u00e9u langflestir samm\u00e1la um a\u00f0 \u00feetta hafi veri\u00f0 sv\u00edvir\u00f0ileg me\u00f0fer\u00f0 gilti allt \u00f6\u00f0ru m\u00e1li \u00fe\u00e1.<\/div>\n<p><!--more--><\/p>\n<div><\/div>\n<div>\u00deegar m\u00e1laferlin st\u00f3\u00f0u yfir voru fj\u00f6lmi\u00f0lar landsins nokku\u00f0 samtaka \u00ed a\u00f0 ford\u00e6ma sakborninga (sem voru \u00e1k\u00e6r\u00f0ir fyrir mor\u00f0 sem f\u00e1tt bendir til a\u00f0 hafi veri\u00f0 framin, hva\u00f0 \u00fe\u00e1 af \u00feessu f\u00f3lki). \u00a0\u00de\u00f3tt \u00e9g hafi sj\u00e1lfur \u00feegar \u00feetta var haft tilt\u00f6lulega l\u00edtinn \u00e1huga \u00e1 \u00feessum m\u00e1lum, og engar s\u00e9rstakar efasemdir um sekt sakborninga, er m\u00e9r \u00fe\u00f3 minnisst\u00e6tt a\u00f0 m\u00e9r bl\u00f6skra\u00f0i gersamlega \u00feegar \u00dej\u00f3\u00f0viljinn (sem \u00e1tti a\u00f0 vera m\u00e1lsvari \u00feeirra sem \u00e1ttu undir h\u00f6gg a\u00f0 s\u00e6kja \u00ed samf\u00e9laginu) birti sem fyrirs\u00f6gn, \u00e1n athugasemda, sta\u00f0h\u00e6fingu r\u00edkissaks\u00f3knara um a\u00f0 \u00fej\u00f3\u00f0f\u00e9lagi\u00f0 \u00e6tti \u201er\u00e9tt \u00e1 vernd gegn \u00feessum m\u00f6nnum\u201c.<\/div>\n<div><\/div>\n<div>\u00dea\u00f0 er heldur ekkert s\u00e9rlega langt s\u00ed\u00f0an s\u00e9rstakur saks\u00f3knari, settur vegna bei\u00f0ni um enduruppt\u00f6ku m\u00e1lsins, sag\u00f0i a\u00f0 \u00feetta v\u00e6ru n\u00fa engir \u201ek\u00f3rdrengir sem hef\u00f0u veri\u00f0 s\u00f3ttir \u00ed fermingarveislu\u201c, en \u00e1 \u00cdslandi r\u00ed\u00f0ur subbuskapurinn sjaldan vi\u00f0 einteyming \u00ed stj\u00f3rns\u00fdslunni; hann hefur jafnan marga til rei\u00f0ar.<\/div>\n<div><\/div>\n<div>\u00c1 \u00feeim t\u00edma sem \u00feetta m\u00e1l var \u00ed \u201eranns\u00f3kn\u201c og svo fyrir d\u00f3mst\u00f3lum voru f\u00e1ir sem efu\u00f0ust um sekt \u00feeirra sem \u00e1k\u00e6r\u00f0ir voru. \u00a0N\u00fana, 40 \u00e1rum s\u00ed\u00f0ar, eftir \u00f6tula bar\u00e1ttu \u00fdmiss f\u00f3lks sem aldrei gafst upp \u00e1 a\u00f0 benda \u00e1 \u00fe\u00e1 hatursfullu ge\u00f0veiki \u00e1k\u00e6ruvalds og d\u00f3msvalds sem kom svo gl\u00f6ggt fram \u00ed \u00feessu m\u00e1li, hefur almennings\u00e1liti\u00f0 sn\u00faist. \u00a0\u00dea\u00f0 er vel, en \u00fea\u00f0 er \u00a0au\u00f0velt a\u00f0 vera vitur eftir\u00e1, og sorglega erfitt a\u00f0 vera vitur fyrirfram, e\u00f0a a\u00f0 minnsta kosti a\u00f0 vera vitur \u00e1 r\u00e9ttum t\u00edma \u2026<\/div>\n<div><\/div>\n<div>Fyrir r\u00famu \u00e1ri var kve\u00f0inn upp\u00a0<a href=\"http:\/\/www.haestirettur.is\/domar?nr=8591\">d\u00f3mur \u00ed H\u00e6star\u00e9tti<\/a>, sem sta\u00f0festi s\u00fdknud\u00f3m h\u00e9ra\u00f0sd\u00f3ms fr\u00e1 \u00e1rinu \u00e1\u00f0ur, yfir manni sem \u00ed d\u00f3mi H\u00e6star\u00e9ttar er nefndur \u201eX\u201c. \u00a0Lesi ma\u00f0ur d\u00f3m H\u00e6star\u00e9ttar (sem inniheldur d\u00f3m H\u00e9ra\u00f0sd\u00f3ms Reykjav\u00edkur) er erfitt a\u00f0 komast a\u00f0 annarri ni\u00f0urst\u00f6\u00f0u en a\u00f0 l\u00f6greglan sem h\u00e9lt X \u00ed g\u00e6sluvar\u00f0haldi hafi aldrei haft nokkra minnstu \u00e1st\u00e6\u00f0u, a\u00f0ra en eigin ford\u00f3ma e\u00f0a eitthva\u00f0 \u00fea\u00f0an af verra, til a\u00f0 gruna X um a\u00f0ild a\u00f0 \u00fev\u00ed broti sem nokkrir kunningjar hans voru sakfelldir fyrir. \u00a0Samt sat X \u00ed g\u00e6sluvar\u00f0haldi \u00ed fimm m\u00e1nu\u00f0i, \u00fear af \u00ed fj\u00f3rar vikur \u00ed einangrun \u00fear sem hann f\u00e9kk ekki einu sinni a\u00f0 hafa sambandi vi\u00f0 n\u00e1nustu \u00e6ttingja.<\/div>\n<div><\/div>\n<div>Af hverju \u00feurfti \u00fe\u00e1 \u00feessi ma\u00f0ur, sem \u00f3m\u00f6gulegt var a\u00f0 tengja vi\u00f0 umr\u00e6dd brot, a\u00f0 s\u00e6ta \u00feessu har\u00f0r\u00e6\u00f0i, sem flest f\u00f3lk gerir s\u00e9r sennilega grein fyrir a\u00f0 er l\u00edklegt til a\u00f0 valda meirih\u00e1ttar s\u00e1larkv\u00f6lum, auk \u00feess tj\u00f3ns sem fj\u00f6lskylda vi\u00f0komandi var\u00f0 fyrir? \u00a0Svari\u00f0 er einfalt. \u00a0Hann er ekki neinn \u201ek\u00f3rdrengur s\u00f3ttur \u00ed fermingarveislu\u201c. \u00a0Ma\u00f0urinn heitir Einar Ingi Marteinsson, hefur vi\u00f0urnefni\u00f0 \u201eBoom\u201c, og tilheyr\u00f0i \u00e1 t\u00edmabili samt\u00f6kum V\u00edtisengla. \u00a0\u00dea\u00f0 er erfitt a\u00f0 sj\u00e1 anna\u00f0 en a\u00f0 \u00fea\u00f0 s\u00e9 eina \u00e1st\u00e6\u00f0an fyrir \u00feessari sv\u00edvir\u00f0ilegu framkomu l\u00f6greglu gagnvart honum, sem d\u00f3mst\u00f3lar sam\u00feykktu, \u00fe\u00f3tt \u00feeir s\u00fdknu\u00f0u hann s\u00ed\u00f0ar algerlega, af \u00fev\u00ed a\u00f0 ekkert benti nokkurn t\u00edma til a\u00f0ildar hans.<\/div>\n<div><\/div>\n<div>\u00c9g efast ekki um a\u00f0 me\u00f0limir V\u00edtisengla s\u00e9u (sumir) ofbeldismenn (\u00fe\u00f3tt sta\u00f0h\u00e6fingar l\u00f6greglu og sumra l\u00fd\u00f0skrumandi r\u00e1\u00f0herra um h\u00e6ttuna af \u00feeim, samanbori\u00f0 vi\u00f0 \u201evenjulega\u201c gl\u00e6pastarfsemi, s\u00e9u auglj\u00f3slega lygar, mi\u00f0a\u00f0 vi\u00f0 hversu au\u00f0velt l\u00f6gregla hefur \u00e1tt me\u00f0 a\u00f0 loka st\u00f3ran hluta \u00feeirra inni langt\u00edmum saman). \u00a0En, mannr\u00e9ttindi eru ekki bara fyrir okkur g\u00f3\u00f0a f\u00f3lki\u00f0. \u00a0\u00deau eru ekki bara fyrir k\u00f3rdrengi s\u00f3tta \u00ed fermingarveislur. \u00a0Mannr\u00e9ttindi heita mannr\u00e9ttindi af \u00fev\u00ed a\u00f0 \u00feau eru r\u00e9ttindi alls f\u00f3lks. \u00a0\u00deeir einir eru \u00ed raun hlynntir mannr\u00e9ttindum sem finnst sj\u00e1lfsagt a\u00f0 \u201evonda\u201c f\u00f3lki\u00f0 nj\u00f3ti \u00feeirra l\u00edka til hins \u00edtrasta. \u00a0Hinir, sem telja a\u00f0 \u201evonda\u201c f\u00f3lki\u00f0 eigi ekki skili\u00f0 a\u00f0 nj\u00f3ta mannr\u00e9ttinda eru ekki mannr\u00e9ttindasinnar heldur \u00f3vitar e\u00f0a hr\u00e6snarar.<\/div>\n<div><\/div>\n<div>A\u00f0 halda manni \u00ed g\u00e6sluvar\u00f0haldi m\u00e1nu\u00f0um saman, og \u00ed algerri einangrun fr\u00e1 \u00e1stvinum s\u00ednum vikum saman, \u00feegar ekkert bendir til a\u00f0 hann s\u00e9 sekur um alvarlegt afbrot, er auglj\u00f3st brot \u00e1 mannr\u00e9ttindum. \u00a0\u00dear er greinilega um a\u00f0 r\u00e6\u00f0a k\u00fagunar- e\u00f0a hefndara\u00f0ger\u00f0ir af h\u00e1lfu f\u00f3lks sem misnotar \u00fea\u00f0 vald sem \u00fev\u00ed hefur veri\u00f0 fali\u00f0, f\u00f3lks sem \u00e6tti sj\u00e1lft a\u00f0 s\u00e6ta refsingu fyrir sv\u00edvir\u00f0una. \u00a0En \u00e1 \u00cdslandi eru yfirv\u00f6ld aldrei \u00e1byrg fyrir neinu. \u00a0\u00deau geta \u00feess vegna pynta\u00f0 f\u00f3lk, jafnvel f\u00f3lk sem r\u00e9ttarkerfi\u00f0 hl\u00fdtur a\u00f0 l\u00edta \u00e1 sem saklaust, \u00e1n \u00feess a\u00f0 nokkrum v\u00f6rnum ver\u00f0i komi\u00f0 vi\u00f0, og \u00e1n \u00feess a\u00f0 f\u00f3lki\u00f0 sem pyntar \u00feurfi nokkurn t\u00edma a\u00f0 svara til saka, e\u00f0a \u00feeir sem bera \u00e1byrg\u00f0 \u00e1 b\u00f6\u00f0lunum.<\/div>\n<div><\/div>\n<div>\u00dea\u00f0 er, sem betur fer, au\u00f0velt a\u00f0 finna til me\u00f0 sakborningum \u00ed Geirfinnsm\u00e1linu. \u00a0N\u00fana. \u00a0Flestum veitist okkur hins vegar erfi\u00f0ara a\u00f0 finna til me\u00f0 \u00feeim sem veri\u00f0 er a\u00f0 pynta \u00fe\u00e1 og \u00fe\u00e1 stundina, hva\u00f0 \u00fe\u00e1 a\u00f0 gera eitthva\u00f0 \u00ed m\u00e1linu.<\/div>\n","protected":false},"excerpt":{"rendered":"<p>Fyrir t\u00e6pum 40 \u00e1rum voru nokkur ungmenni hneppt \u00ed g\u00e6sluvar\u00f0hald, og beitt har\u00f0r\u00e6\u00f0i sem n\u00e1nast allir eru \u00ed dag samm\u00e1la um a\u00f0 hafi veri\u00f0 vi\u00f0urstyggilegt. \u00a0 \u00deetta f\u00f3lk sat \u00ed g\u00e6sluvar\u00f0haldi \u00e1rum saman, sumt \u00ed algerri einangrun, og var b\u00f3kstaflega &hellip; <a href=\"https:\/\/www.norn.is\/einar\/2014\/02\/22\/til-varnar-vitisengli\/\">Halda \u00e1fram a\u00f0 lesa <span class=\"meta-nav\">&rarr;<\/span><\/a><\/p>\n","protected":false},"author":10,"featured_media":0,"comment_status":"open","ping_status":"open","sticky":false,"template":"","format":"standard","meta":{"footnotes":""},"categories":[1,4],"tags":[357,114,356,355],"class_list":["post-472","post","type-post","status-publish","format-standard","hentry","category-oflokkad","category-log-og-rettarkerfi","tag-einar-boom","tag-gudmundar-og-geirfinnsmal","tag-ologmaett-gaesluvardhald","tag-vitisenglamalid"],"yoast_head":"<!-- This site is optimized with the Yoast SEO plugin v27.5 - https:\/\/yoast.com\/product\/yoast-seo-wordpress\/ -->\n<title>Til varnar V\u00edtisengli - Einar<\/title>\n<meta name=\"robots\" content=\"index, follow, max-snippet:-1, max-image-preview:large, max-video-preview:-1\" \/>\n<link rel=\"canonical\" href=\"https:\/\/www.norn.is\/einar\/2014\/02\/22\/til-varnar-vitisengli\/\" \/>\n<meta property=\"og:locale\" content=\"is_IS\" \/>\n<meta property=\"og:type\" content=\"article\" \/>\n<meta property=\"og:title\" content=\"Til varnar V\u00edtisengli - Einar\" \/>\n<meta property=\"og:description\" content=\"Fyrir t\u00e6pum 40 \u00e1rum voru nokkur ungmenni hneppt \u00ed g\u00e6sluvar\u00f0hald, og beitt har\u00f0r\u00e6\u00f0i sem n\u00e1nast allir eru \u00ed dag samm\u00e1la um a\u00f0 hafi veri\u00f0 vi\u00f0urstyggilegt. \u00a0 \u00deetta f\u00f3lk sat \u00ed g\u00e6sluvar\u00f0haldi \u00e1rum saman, sumt \u00ed algerri einangrun, og var b\u00f3kstaflega &hellip; Halda \u00e1fram a\u00f0 lesa &rarr;\" \/>\n<meta property=\"og:url\" content=\"https:\/\/www.norn.is\/einar\/2014\/02\/22\/til-varnar-vitisengli\/\" \/>\n<meta property=\"og:site_name\" content=\"Einar\" \/>\n<meta property=\"article:published_time\" content=\"2014-02-22T15:22:23+00:00\" \/>\n<meta property=\"article:modified_time\" content=\"2017-09-24T11:02:59+00:00\" \/>\n<meta name=\"author\" content=\"einar\" \/>\n<meta name=\"twitter:card\" content=\"summary_large_image\" \/>\n<meta name=\"twitter:label1\" content=\"Written by\" \/>\n\t<meta name=\"twitter:data1\" content=\"\" \/>\n\t<meta name=\"twitter:label2\" content=\"Est. reading time\" \/>\n\t<meta name=\"twitter:data2\" content=\"5 minutes\" \/>\n<script type=\"application\/ld+json\" class=\"yoast-schema-graph\">{\"@context\":\"https:\\\/\\\/schema.org\",\"@graph\":[{\"@type\":\"Article\",\"@id\":\"https:\\\/\\\/www.norn.is\\\/einar\\\/2014\\\/02\\\/22\\\/til-varnar-vitisengli\\\/#article\",\"isPartOf\":{\"@id\":\"https:\\\/\\\/www.norn.is\\\/einar\\\/2014\\\/02\\\/22\\\/til-varnar-vitisengli\\\/\"},\"author\":{\"name\":\"einar\",\"@id\":\"https:\\\/\\\/www.norn.is\\\/einar\\\/#\\\/schema\\\/person\\\/19affadb841a22f7bfd4bdcd72a862d0\"},\"headline\":\"Til varnar V\u00edtisengli\",\"datePublished\":\"2014-02-22T15:22:23+00:00\",\"dateModified\":\"2017-09-24T11:02:59+00:00\",\"mainEntityOfPage\":{\"@id\":\"https:\\\/\\\/www.norn.is\\\/einar\\\/2014\\\/02\\\/22\\\/til-varnar-vitisengli\\\/\"},\"wordCount\":970,\"commentCount\":0,\"keywords\":[\"Einar Boom\",\"Gu\u00f0mundar- og Geirfinnsm\u00e1l\",\"\u00d3l\u00f6gm\u00e6tt g\u00e6sluvar\u00f0hald\",\"V\u00edtisenglam\u00e1li\u00f0\"],\"articleSection\":[\"Allt efni\",\"L\u00f6g og r\u00e9ttarkerfi\"],\"inLanguage\":\"is\",\"potentialAction\":[{\"@type\":\"CommentAction\",\"name\":\"Comment\",\"target\":[\"https:\\\/\\\/www.norn.is\\\/einar\\\/2014\\\/02\\\/22\\\/til-varnar-vitisengli\\\/#respond\"]}]},{\"@type\":\"WebPage\",\"@id\":\"https:\\\/\\\/www.norn.is\\\/einar\\\/2014\\\/02\\\/22\\\/til-varnar-vitisengli\\\/\",\"url\":\"https:\\\/\\\/www.norn.is\\\/einar\\\/2014\\\/02\\\/22\\\/til-varnar-vitisengli\\\/\",\"name\":\"Til varnar V\u00edtisengli - Einar\",\"isPartOf\":{\"@id\":\"https:\\\/\\\/www.norn.is\\\/einar\\\/#website\"},\"datePublished\":\"2014-02-22T15:22:23+00:00\",\"dateModified\":\"2017-09-24T11:02:59+00:00\",\"author\":{\"@id\":\"https:\\\/\\\/www.norn.is\\\/einar\\\/#\\\/schema\\\/person\\\/19affadb841a22f7bfd4bdcd72a862d0\"},\"breadcrumb\":{\"@id\":\"https:\\\/\\\/www.norn.is\\\/einar\\\/2014\\\/02\\\/22\\\/til-varnar-vitisengli\\\/#breadcrumb\"},\"inLanguage\":\"is\",\"potentialAction\":[{\"@type\":\"ReadAction\",\"target\":[\"https:\\\/\\\/www.norn.is\\\/einar\\\/2014\\\/02\\\/22\\\/til-varnar-vitisengli\\\/\"]}]},{\"@type\":\"BreadcrumbList\",\"@id\":\"https:\\\/\\\/www.norn.is\\\/einar\\\/2014\\\/02\\\/22\\\/til-varnar-vitisengli\\\/#breadcrumb\",\"itemListElement\":[{\"@type\":\"ListItem\",\"position\":1,\"name\":\"Home\",\"item\":\"https:\\\/\\\/www.norn.is\\\/einar\\\/\"},{\"@type\":\"ListItem\",\"position\":2,\"name\":\"Til varnar V\u00edtisengli\"}]},{\"@type\":\"WebSite\",\"@id\":\"https:\\\/\\\/www.norn.is\\\/einar\\\/#website\",\"url\":\"https:\\\/\\\/www.norn.is\\\/einar\\\/\",\"name\":\"Einar\",\"description\":\"Pistlar Einars Steingr\u00edmssonar\",\"potentialAction\":[{\"@type\":\"SearchAction\",\"target\":{\"@type\":\"EntryPoint\",\"urlTemplate\":\"https:\\\/\\\/www.norn.is\\\/einar\\\/?s={search_term_string}\"},\"query-input\":{\"@type\":\"PropertyValueSpecification\",\"valueRequired\":true,\"valueName\":\"search_term_string\"}}],\"inLanguage\":\"is\"},{\"@type\":\"Person\",\"@id\":\"https:\\\/\\\/www.norn.is\\\/einar\\\/#\\\/schema\\\/person\\\/19affadb841a22f7bfd4bdcd72a862d0\",\"name\":\"einar\",\"image\":{\"@type\":\"ImageObject\",\"inLanguage\":\"is\",\"@id\":\"https:\\\/\\\/secure.gravatar.com\\\/avatar\\\/6f5f5592f3cc45e338376db24f1672c636582d9c27d855e8f077f13ef13b17fd?s=96&d=mm&r=g\",\"url\":\"https:\\\/\\\/secure.gravatar.com\\\/avatar\\\/6f5f5592f3cc45e338376db24f1672c636582d9c27d855e8f077f13ef13b17fd?s=96&d=mm&r=g\",\"contentUrl\":\"https:\\\/\\\/secure.gravatar.com\\\/avatar\\\/6f5f5592f3cc45e338376db24f1672c636582d9c27d855e8f077f13ef13b17fd?s=96&d=mm&r=g\",\"caption\":\"einar\"},\"url\":\"https:\\\/\\\/www.norn.is\\\/einar\\\/author\\\/einarsteingrimsson\\\/\"}]}<\/script>\n<!-- \/ Yoast SEO plugin. -->","yoast_head_json":{"title":"Til varnar V\u00edtisengli - Einar","robots":{"index":"index","follow":"follow","max-snippet":"max-snippet:-1","max-image-preview":"max-image-preview:large","max-video-preview":"max-video-preview:-1"},"canonical":"https:\/\/www.norn.is\/einar\/2014\/02\/22\/til-varnar-vitisengli\/","og_locale":"is_IS","og_type":"article","og_title":"Til varnar V\u00edtisengli - Einar","og_description":"Fyrir t\u00e6pum 40 \u00e1rum voru nokkur ungmenni hneppt \u00ed g\u00e6sluvar\u00f0hald, og beitt har\u00f0r\u00e6\u00f0i sem n\u00e1nast allir eru \u00ed dag samm\u00e1la um a\u00f0 hafi veri\u00f0 vi\u00f0urstyggilegt. \u00a0 \u00deetta f\u00f3lk sat \u00ed g\u00e6sluvar\u00f0haldi \u00e1rum saman, sumt \u00ed algerri einangrun, og var b\u00f3kstaflega &hellip; Halda \u00e1fram a\u00f0 lesa &rarr;","og_url":"https:\/\/www.norn.is\/einar\/2014\/02\/22\/til-varnar-vitisengli\/","og_site_name":"Einar","article_published_time":"2014-02-22T15:22:23+00:00","article_modified_time":"2017-09-24T11:02:59+00:00","author":"einar","twitter_card":"summary_large_image","twitter_misc":{"Written by":false,"Est. reading time":"5 minutes"},"schema":{"@context":"https:\/\/schema.org","@graph":[{"@type":"Article","@id":"https:\/\/www.norn.is\/einar\/2014\/02\/22\/til-varnar-vitisengli\/#article","isPartOf":{"@id":"https:\/\/www.norn.is\/einar\/2014\/02\/22\/til-varnar-vitisengli\/"},"author":{"name":"einar","@id":"https:\/\/www.norn.is\/einar\/#\/schema\/person\/19affadb841a22f7bfd4bdcd72a862d0"},"headline":"Til varnar V\u00edtisengli","datePublished":"2014-02-22T15:22:23+00:00","dateModified":"2017-09-24T11:02:59+00:00","mainEntityOfPage":{"@id":"https:\/\/www.norn.is\/einar\/2014\/02\/22\/til-varnar-vitisengli\/"},"wordCount":970,"commentCount":0,"keywords":["Einar Boom","Gu\u00f0mundar- og Geirfinnsm\u00e1l","\u00d3l\u00f6gm\u00e6tt g\u00e6sluvar\u00f0hald","V\u00edtisenglam\u00e1li\u00f0"],"articleSection":["Allt efni","L\u00f6g og r\u00e9ttarkerfi"],"inLanguage":"is","potentialAction":[{"@type":"CommentAction","name":"Comment","target":["https:\/\/www.norn.is\/einar\/2014\/02\/22\/til-varnar-vitisengli\/#respond"]}]},{"@type":"WebPage","@id":"https:\/\/www.norn.is\/einar\/2014\/02\/22\/til-varnar-vitisengli\/","url":"https:\/\/www.norn.is\/einar\/2014\/02\/22\/til-varnar-vitisengli\/","name":"Til varnar V\u00edtisengli - Einar","isPartOf":{"@id":"https:\/\/www.norn.is\/einar\/#website"},"datePublished":"2014-02-22T15:22:23+00:00","dateModified":"2017-09-24T11:02:59+00:00","author":{"@id":"https:\/\/www.norn.is\/einar\/#\/schema\/person\/19affadb841a22f7bfd4bdcd72a862d0"},"breadcrumb":{"@id":"https:\/\/www.norn.is\/einar\/2014\/02\/22\/til-varnar-vitisengli\/#breadcrumb"},"inLanguage":"is","potentialAction":[{"@type":"ReadAction","target":["https:\/\/www.norn.is\/einar\/2014\/02\/22\/til-varnar-vitisengli\/"]}]},{"@type":"BreadcrumbList","@id":"https:\/\/www.norn.is\/einar\/2014\/02\/22\/til-varnar-vitisengli\/#breadcrumb","itemListElement":[{"@type":"ListItem","position":1,"name":"Home","item":"https:\/\/www.norn.is\/einar\/"},{"@type":"ListItem","position":2,"name":"Til varnar V\u00edtisengli"}]},{"@type":"WebSite","@id":"https:\/\/www.norn.is\/einar\/#website","url":"https:\/\/www.norn.is\/einar\/","name":"Einar","description":"Pistlar Einars Steingr\u00edmssonar","potentialAction":[{"@type":"SearchAction","target":{"@type":"EntryPoint","urlTemplate":"https:\/\/www.norn.is\/einar\/?s={search_term_string}"},"query-input":{"@type":"PropertyValueSpecification","valueRequired":true,"valueName":"search_term_string"}}],"inLanguage":"is"},{"@type":"Person","@id":"https:\/\/www.norn.is\/einar\/#\/schema\/person\/19affadb841a22f7bfd4bdcd72a862d0","name":"einar","image":{"@type":"ImageObject","inLanguage":"is","@id":"https:\/\/secure.gravatar.com\/avatar\/6f5f5592f3cc45e338376db24f1672c636582d9c27d855e8f077f13ef13b17fd?s=96&d=mm&r=g","url":"https:\/\/secure.gravatar.com\/avatar\/6f5f5592f3cc45e338376db24f1672c636582d9c27d855e8f077f13ef13b17fd?s=96&d=mm&r=g","contentUrl":"https:\/\/secure.gravatar.com\/avatar\/6f5f5592f3cc45e338376db24f1672c636582d9c27d855e8f077f13ef13b17fd?s=96&d=mm&r=g","caption":"einar"},"url":"https:\/\/www.norn.is\/einar\/author\/einarsteingrimsson\/"}]}},"_links":{"self":[{"href":"https:\/\/www.norn.is\/einar\/wp-json\/wp\/v2\/posts\/472","targetHints":{"allow":["GET"]}}],"collection":[{"href":"https:\/\/www.norn.is\/einar\/wp-json\/wp\/v2\/posts"}],"about":[{"href":"https:\/\/www.norn.is\/einar\/wp-json\/wp\/v2\/types\/post"}],"author":[{"embeddable":true,"href":"https:\/\/www.norn.is\/einar\/wp-json\/wp\/v2\/users\/10"}],"replies":[{"embeddable":true,"href":"https:\/\/www.norn.is\/einar\/wp-json\/wp\/v2\/comments?post=472"}],"version-history":[{"count":1,"href":"https:\/\/www.norn.is\/einar\/wp-json\/wp\/v2\/posts\/472\/revisions"}],"predecessor-version":[{"id":473,"href":"https:\/\/www.norn.is\/einar\/wp-json\/wp\/v2\/posts\/472\/revisions\/473"}],"wp:attachment":[{"href":"https:\/\/www.norn.is\/einar\/wp-json\/wp\/v2\/media?parent=472"}],"wp:term":[{"taxonomy":"category","embeddable":true,"href":"https:\/\/www.norn.is\/einar\/wp-json\/wp\/v2\/categories?post=472"},{"taxonomy":"post_tag","embeddable":true,"href":"https:\/\/www.norn.is\/einar\/wp-json\/wp\/v2\/tags?post=472"}],"curies":[{"name":"wp","href":"https:\/\/api.w.org\/{rel}","templated":true}]}}