{"id":464,"date":"2014-02-08T15:15:33","date_gmt":"2014-02-08T15:15:33","guid":{"rendered":"http:\/\/www.norn.is\/einar\/?p=464"},"modified":"2017-09-24T11:02:59","modified_gmt":"2017-09-24T11:02:59","slug":"jay-leno-graetur-i-kvoldfrettum-ruv","status":"publish","type":"post","link":"https:\/\/www.norn.is\/einar\/2014\/02\/08\/jay-leno-graetur-i-kvoldfrettum-ruv\/","title":{"rendered":"Jay Leno gr\u00e6tur \u00ed kv\u00f6ldfr\u00e9ttum R\u00daV"},"content":{"rendered":"<div>\u00cd\u00a0<a href=\"http:\/\/www.ruv.is\/sarpurinn\/spegillinn\/07022014-0\">\u00fatvarpsfr\u00e9ttum\u00a0R\u00daV\u00a0\u00ed g\u00e6rkv\u00f6ldi<\/a>\u00a0var sagt fr\u00e1 \u00fev\u00ed a\u00f0 r\u00edkissaks\u00f3knari hef\u00f0i lagt fyrir l\u00f6greglu a\u00f0 rannsaka lekam\u00e1l\u00a0innanr\u00edkisr\u00e1\u00f0uneytisins, vegna k\u00e6ru \u00e1 hendur r\u00e1\u00f0herra og \u00f6\u00f0rum starfsm\u00f6nnum\u00a0r\u00e1\u00f0uneytisins.<\/div>\n<p><!--more--><\/p>\n<div><\/div>\n<div>\u00cd fr\u00e9ttat\u00edmanum var vi\u00f0tal vi\u00f0 r\u00e1\u00f0herrann, H\u00f6nnu Birnu Kristj\u00e1nsd\u00f3ttur, \u00fear sem h\u00fan sag\u00f0ist ekki myndu v\u00edkja me\u00f0an \u00e1 l\u00f6gregluranns\u00f3kn st\u00e6\u00f0i, af \u00fev\u00ed a\u00f0 k\u00e6ran beindist ekki gegn henni pers\u00f3nulega, heldur gegn r\u00e1\u00f0uneytinu. \u00a0\u00dea\u00f0 er reyndar rangt, \u00fev\u00ed \u00fea\u00f0 voru starfsmenn r\u00e1\u00f0uneytisins sem voru k\u00e6r\u00f0ir, en ekki r\u00e1\u00f0uneyti\u00f0, og ef k\u00e6rt ver\u00f0ur \u00ed framhaldi af \u00feessari ranns\u00f3kn ver\u00f0a \u00fea\u00f0 pers\u00f3nur sem ver\u00f0a k\u00e6r\u00f0ar. \u00a0Hitt er ekki s\u00ed\u00f0ur f\u00e1r\u00e1nlegt, a\u00f0 halda fram a\u00f0 r\u00e1\u00f0herra \u00feurfi ekki a\u00f0 v\u00edkja \u00feegar hann s\u00e6tir ranns\u00f3kn vegna gruns um alvarlegt l\u00f6gbrot \u00ed starfi, af \u00fev\u00ed a\u00f0 pers\u00f3na r\u00e1\u00f0herrans hafi ekki veri\u00f0 k\u00e6r\u00f0. \u00a0Aflei\u00f0ing af \u00feeirri r\u00f6ksemdaf\u00e6rslu er a\u00f0 r\u00e1\u00f0herra g\u00e6ti frami\u00f0 hvers konar l\u00f6gbrot \u00ed starfi, og \u00feyrfti ekki a\u00f0 v\u00edkja af \u00fev\u00ed a\u00f0 \u00fea\u00f0 v\u00e6ri r\u00e1\u00f0herrann sem hef\u00f0i broti\u00f0 af s\u00e9r en ekki pers\u00f3nan \u00ed st\u00f3lnum.<\/div>\n<div><\/div>\n<div>\u00dea\u00f0 var l\u00edka haft eftir H\u00f6nnu Birnu \u00ed\u00a0<a href=\"http:\/\/www.ruv.is\/frett\/hanna-birna-aetlar-ekki-ad-vikja\">fr\u00e9ttum R\u00daV um m\u00e1li\u00f0<\/a>\u00a0a\u00f0 \u00a0\u201eh\u00e9r s\u00e9\u00a0\u00a0a\u00f0skilna\u00f0ur d\u00f3msvalds og framkv\u00e6mdavalds\u201c og a\u00f0 \u201eAlmenningur getur treyst \u00fev\u00ed a\u00f0 l\u00f6greglan muni rannsaka \u00feetta faglega og me\u00f0 v\u00f6ndu\u00f0um h\u00e6tti \u00fer\u00e1tt fyrir a\u00f0 \u00fea\u00f0 kunni me\u00f0 einhverjum h\u00e6tti a\u00f0 sn\u00faast um r\u00e1\u00f0uneyti\u00f0 e\u00f0a undirstofnanir \u00feess.\u201c \u00a0Hanna Birna var samt ekki spur\u00f0 hva\u00f0 \u00feetta k\u00e6mi vi\u00f0 a\u00f0skilna\u00f0i d\u00f3ms- og framkv\u00e6mdavalds, \u00fe\u00f3tt b\u00e6\u00f0i r\u00e1\u00f0herrann og l\u00f6greglan sem \u00e1 a\u00f0 rannsaka hann s\u00e9u hluti af framkv\u00e6mdavaldinu.<\/div>\n<div><\/div>\n<div>Fr\u00e9ttaf\u00f3lk\u00a0R\u00daV\u00a0ba\u00f0 ekki um neinn r\u00f6kstu\u00f0ning vi\u00f0 \u00feessa botnlausu \u00fev\u00e6lu, n\u00e9 heldur velti \u00fea\u00f0 upp spurningunni, e\u00f0a spur\u00f0i l\u00f6gfr\u00f3tt f\u00f3lk, um hugsanlegt vanh\u00e6fi r\u00e1\u00f0herrans, sem er j\u00fa \u00e6\u00f0sti yfirma\u00f0ur \u00feeirrar l\u00f6greglu sem \u00e1 a\u00f0 rannsaka hann og n\u00e1nustu samstarfsmenn.<\/div>\n<div><\/div>\n<div>Me\u00f0 \u00feessu var \u00fe\u00f3 ekki \u00f6ll sagan s\u00f6g\u00f0 \u00ed fr\u00e9ttat\u00edma\u00a0R\u00daV. \u00a0\u00dear var \u00ed framhaldinu tala\u00f0 vi\u00f0 Bjarna Benediktsson (\u00e1n \u00feess \u00fatsk\u00fdrt v\u00e6ri af hverju sko\u00f0un fj\u00e1rm\u00e1lar\u00e1\u00f0herra \u00e1 m\u00e1linu v\u00e6ri\u00a0\u00e1hugaver\u00f0ari\u00a0en sko\u00f0un mannsins \u00e1 g\u00f6tunni). \u00a0Bjarni taldi e\u00f0lilegt a\u00f0 Hanna Birna s\u00e6ti \u00e1fram og sag\u00f0i a\u00f0 \u201eef \u00fea\u00f0 f\u00e6ri svo a\u00f0 \u00ed hvert skipti sem r\u00e1\u00f0herra d\u00f3msm\u00e1la \u00feyrfti a\u00f0 v\u00edkja vegna k\u00e6ru myndi \u00fea\u00f0 kalla \u00e1 mikla upplausn yfir starfsemi\u00a0r\u00e1\u00f0uneytisins.\u201c \u00a0H\u00e9r er reyndar ekki um a\u00f0 r\u00e6\u00f0a k\u00e6ru einhvers\u00a0kver\u00falants\u00a0\u00fati \u00ed b\u00e6 sem er \u00edtreka\u00f0 a\u00f0 gera s\u00e9r leik a\u00f0 \u00fev\u00ed a\u00f0 trufla st\u00f6rf\u00a0r\u00e1\u00f0uneytisins. \u00a0Auk \u00feess er h\u00e9r ekki bara um k\u00e6ru a\u00f0 r\u00e6\u00f0a. \u00a0\u00dea\u00f0 er nefnilega\u00a0<em>r\u00edkissaks\u00f3knari<\/em>\u00a0sem hefur\u00a0<em>rannsaka\u00f0 m\u00e1li\u00f0<\/em>\u00a0\u00ed tvo m\u00e1nu\u00f0i, vegna k\u00e6ru, og komist a\u00f0 \u00feeirri ni\u00f0urst\u00f6\u00f0u a\u00f0 tilefni s\u00e9 til a\u00f0 l\u00e1ta fara fram l\u00f6gregluranns\u00f3kn.<\/div>\n<div><\/div>\n<div>Ekki heldur ba\u00f0 fr\u00e9ttaf\u00f3lk\u00a0R\u00daV\u00a0um neinn r\u00f6kstu\u00f0ning Bjarna fyrir fullyr\u00f0ingum hans, hva\u00f0 \u00fe\u00e1 a\u00f0 \u00fea\u00f0 hafi fett fingur \u00fat \u00ed \u00feessa s\u00e9rkennilegu sta\u00f0h\u00e6fingu, n\u00e9 heldur leita\u00f0i \u00fea\u00f0 \u00e1lits \u00feeirra sem eitthva\u00f0 kunna um \u00feau l\u00f6g sem \u00fe\u00f3 eiga a\u00f0 gilda \u00ed landinu.<\/div>\n<div><\/div>\n<div>\u00cd \u00feessa fr\u00e9tt var ekki s\u00f3a\u00f0 nema r\u00famri m\u00edn\u00fatu af h\u00e1lft\u00edma kv\u00f6ldfr\u00e9ttum. \u00a0\u00dea\u00f0 var vel, \u00fev\u00ed annars hef\u00f0i ekki veri\u00f0 h\u00e6gt a\u00f0 gera n\u00e6gileg skil kj\u00f6kri\u00a0Jays\u00a0Leno, sem mun hafa st\u00fdrt \u00fe\u00e6ttinum\u00a0<i>The Tonight Show<\/i>\u00a0\u00ed s\u00ed\u00f0asta sinn \u00ed fyrradag, og er al\u00fej\u00f3\u00f0 mikil eftirsj\u00e1 a\u00f0 honum.<\/div>\n","protected":false},"excerpt":{"rendered":"<p>\u00cd\u00a0\u00fatvarpsfr\u00e9ttum\u00a0R\u00daV\u00a0\u00ed g\u00e6rkv\u00f6ldi\u00a0var sagt fr\u00e1 \u00fev\u00ed a\u00f0 r\u00edkissaks\u00f3knari hef\u00f0i lagt fyrir l\u00f6greglu a\u00f0 rannsaka lekam\u00e1l\u00a0innanr\u00edkisr\u00e1\u00f0uneytisins, vegna k\u00e6ru \u00e1 hendur r\u00e1\u00f0herra og \u00f6\u00f0rum starfsm\u00f6nnum\u00a0r\u00e1\u00f0uneytisins.<\/p>\n","protected":false},"author":10,"featured_media":0,"comment_status":"open","ping_status":"open","sticky":false,"template":"","format":"standard","meta":{"footnotes":""},"categories":[1,16,43],"tags":[326,329,156,249],"class_list":["post-464","post","type-post","status-publish","format-standard","hentry","category-oflokkad","category-fjolmidlar","category-lydraedismal-og-stjornarskra","tag-hanna-birna-kristjansdottir","tag-lekamal-innanrikisraduneytisins","tag-rikissaksoknari","tag-rikisutvarpid"],"yoast_head":"<!-- This site is optimized with the Yoast SEO plugin v27.5 - https:\/\/yoast.com\/product\/yoast-seo-wordpress\/ -->\n<title>Jay Leno gr\u00e6tur \u00ed kv\u00f6ldfr\u00e9ttum R\u00daV - Einar<\/title>\n<meta name=\"robots\" content=\"index, follow, max-snippet:-1, max-image-preview:large, max-video-preview:-1\" \/>\n<link rel=\"canonical\" href=\"https:\/\/www.norn.is\/einar\/2014\/02\/08\/jay-leno-graetur-i-kvoldfrettum-ruv\/\" \/>\n<meta property=\"og:locale\" content=\"is_IS\" \/>\n<meta property=\"og:type\" content=\"article\" \/>\n<meta property=\"og:title\" content=\"Jay Leno gr\u00e6tur \u00ed kv\u00f6ldfr\u00e9ttum R\u00daV - Einar\" \/>\n<meta property=\"og:description\" content=\"\u00cd\u00a0\u00fatvarpsfr\u00e9ttum\u00a0R\u00daV\u00a0\u00ed g\u00e6rkv\u00f6ldi\u00a0var sagt fr\u00e1 \u00fev\u00ed a\u00f0 r\u00edkissaks\u00f3knari hef\u00f0i lagt fyrir l\u00f6greglu a\u00f0 rannsaka lekam\u00e1l\u00a0innanr\u00edkisr\u00e1\u00f0uneytisins, vegna k\u00e6ru \u00e1 hendur r\u00e1\u00f0herra og \u00f6\u00f0rum starfsm\u00f6nnum\u00a0r\u00e1\u00f0uneytisins.\" \/>\n<meta property=\"og:url\" content=\"https:\/\/www.norn.is\/einar\/2014\/02\/08\/jay-leno-graetur-i-kvoldfrettum-ruv\/\" \/>\n<meta property=\"og:site_name\" content=\"Einar\" \/>\n<meta property=\"article:published_time\" content=\"2014-02-08T15:15:33+00:00\" \/>\n<meta property=\"article:modified_time\" content=\"2017-09-24T11:02:59+00:00\" \/>\n<meta name=\"author\" content=\"einar\" \/>\n<meta name=\"twitter:card\" content=\"summary_large_image\" \/>\n<meta name=\"twitter:label1\" content=\"Written by\" \/>\n\t<meta name=\"twitter:data1\" content=\"\" \/>\n\t<meta name=\"twitter:label2\" content=\"Est. reading time\" \/>\n\t<meta name=\"twitter:data2\" content=\"3 minutes\" \/>\n<script type=\"application\/ld+json\" class=\"yoast-schema-graph\">{\"@context\":\"https:\\\/\\\/schema.org\",\"@graph\":[{\"@type\":\"Article\",\"@id\":\"https:\\\/\\\/www.norn.is\\\/einar\\\/2014\\\/02\\\/08\\\/jay-leno-graetur-i-kvoldfrettum-ruv\\\/#article\",\"isPartOf\":{\"@id\":\"https:\\\/\\\/www.norn.is\\\/einar\\\/2014\\\/02\\\/08\\\/jay-leno-graetur-i-kvoldfrettum-ruv\\\/\"},\"author\":{\"name\":\"einar\",\"@id\":\"https:\\\/\\\/www.norn.is\\\/einar\\\/#\\\/schema\\\/person\\\/19affadb841a22f7bfd4bdcd72a862d0\"},\"headline\":\"Jay Leno gr\u00e6tur \u00ed kv\u00f6ldfr\u00e9ttum R\u00daV\",\"datePublished\":\"2014-02-08T15:15:33+00:00\",\"dateModified\":\"2017-09-24T11:02:59+00:00\",\"mainEntityOfPage\":{\"@id\":\"https:\\\/\\\/www.norn.is\\\/einar\\\/2014\\\/02\\\/08\\\/jay-leno-graetur-i-kvoldfrettum-ruv\\\/\"},\"wordCount\":670,\"commentCount\":0,\"keywords\":[\"Hanna Birna Kristj\u00e1nsd\u00f3ttir\",\"Lekam\u00e1l Innanr\u00edkisr\u00e1\u00f0uneytisins\",\"R\u00edkissaks\u00f3knari\",\"R\u00edkis\u00fatvarpi\u00f0\"],\"articleSection\":[\"Allt efni\",\"Fj\u00f6lmi\u00f0lar\",\"L\u00fd\u00f0r\u00e6\u00f0ism\u00e1l og stj\u00f3rnarskr\u00e1\"],\"inLanguage\":\"is\",\"potentialAction\":[{\"@type\":\"CommentAction\",\"name\":\"Comment\",\"target\":[\"https:\\\/\\\/www.norn.is\\\/einar\\\/2014\\\/02\\\/08\\\/jay-leno-graetur-i-kvoldfrettum-ruv\\\/#respond\"]}]},{\"@type\":\"WebPage\",\"@id\":\"https:\\\/\\\/www.norn.is\\\/einar\\\/2014\\\/02\\\/08\\\/jay-leno-graetur-i-kvoldfrettum-ruv\\\/\",\"url\":\"https:\\\/\\\/www.norn.is\\\/einar\\\/2014\\\/02\\\/08\\\/jay-leno-graetur-i-kvoldfrettum-ruv\\\/\",\"name\":\"Jay Leno gr\u00e6tur \u00ed kv\u00f6ldfr\u00e9ttum R\u00daV - Einar\",\"isPartOf\":{\"@id\":\"https:\\\/\\\/www.norn.is\\\/einar\\\/#website\"},\"datePublished\":\"2014-02-08T15:15:33+00:00\",\"dateModified\":\"2017-09-24T11:02:59+00:00\",\"author\":{\"@id\":\"https:\\\/\\\/www.norn.is\\\/einar\\\/#\\\/schema\\\/person\\\/19affadb841a22f7bfd4bdcd72a862d0\"},\"breadcrumb\":{\"@id\":\"https:\\\/\\\/www.norn.is\\\/einar\\\/2014\\\/02\\\/08\\\/jay-leno-graetur-i-kvoldfrettum-ruv\\\/#breadcrumb\"},\"inLanguage\":\"is\",\"potentialAction\":[{\"@type\":\"ReadAction\",\"target\":[\"https:\\\/\\\/www.norn.is\\\/einar\\\/2014\\\/02\\\/08\\\/jay-leno-graetur-i-kvoldfrettum-ruv\\\/\"]}]},{\"@type\":\"BreadcrumbList\",\"@id\":\"https:\\\/\\\/www.norn.is\\\/einar\\\/2014\\\/02\\\/08\\\/jay-leno-graetur-i-kvoldfrettum-ruv\\\/#breadcrumb\",\"itemListElement\":[{\"@type\":\"ListItem\",\"position\":1,\"name\":\"Home\",\"item\":\"https:\\\/\\\/www.norn.is\\\/einar\\\/\"},{\"@type\":\"ListItem\",\"position\":2,\"name\":\"Jay Leno gr\u00e6tur \u00ed kv\u00f6ldfr\u00e9ttum R\u00daV\"}]},{\"@type\":\"WebSite\",\"@id\":\"https:\\\/\\\/www.norn.is\\\/einar\\\/#website\",\"url\":\"https:\\\/\\\/www.norn.is\\\/einar\\\/\",\"name\":\"Einar\",\"description\":\"Pistlar Einars Steingr\u00edmssonar\",\"potentialAction\":[{\"@type\":\"SearchAction\",\"target\":{\"@type\":\"EntryPoint\",\"urlTemplate\":\"https:\\\/\\\/www.norn.is\\\/einar\\\/?s={search_term_string}\"},\"query-input\":{\"@type\":\"PropertyValueSpecification\",\"valueRequired\":true,\"valueName\":\"search_term_string\"}}],\"inLanguage\":\"is\"},{\"@type\":\"Person\",\"@id\":\"https:\\\/\\\/www.norn.is\\\/einar\\\/#\\\/schema\\\/person\\\/19affadb841a22f7bfd4bdcd72a862d0\",\"name\":\"einar\",\"image\":{\"@type\":\"ImageObject\",\"inLanguage\":\"is\",\"@id\":\"https:\\\/\\\/secure.gravatar.com\\\/avatar\\\/6f5f5592f3cc45e338376db24f1672c636582d9c27d855e8f077f13ef13b17fd?s=96&d=mm&r=g\",\"url\":\"https:\\\/\\\/secure.gravatar.com\\\/avatar\\\/6f5f5592f3cc45e338376db24f1672c636582d9c27d855e8f077f13ef13b17fd?s=96&d=mm&r=g\",\"contentUrl\":\"https:\\\/\\\/secure.gravatar.com\\\/avatar\\\/6f5f5592f3cc45e338376db24f1672c636582d9c27d855e8f077f13ef13b17fd?s=96&d=mm&r=g\",\"caption\":\"einar\"},\"url\":\"https:\\\/\\\/www.norn.is\\\/einar\\\/author\\\/einarsteingrimsson\\\/\"}]}<\/script>\n<!-- \/ Yoast SEO plugin. -->","yoast_head_json":{"title":"Jay Leno gr\u00e6tur \u00ed kv\u00f6ldfr\u00e9ttum R\u00daV - Einar","robots":{"index":"index","follow":"follow","max-snippet":"max-snippet:-1","max-image-preview":"max-image-preview:large","max-video-preview":"max-video-preview:-1"},"canonical":"https:\/\/www.norn.is\/einar\/2014\/02\/08\/jay-leno-graetur-i-kvoldfrettum-ruv\/","og_locale":"is_IS","og_type":"article","og_title":"Jay Leno gr\u00e6tur \u00ed kv\u00f6ldfr\u00e9ttum R\u00daV - Einar","og_description":"\u00cd\u00a0\u00fatvarpsfr\u00e9ttum\u00a0R\u00daV\u00a0\u00ed g\u00e6rkv\u00f6ldi\u00a0var sagt fr\u00e1 \u00fev\u00ed a\u00f0 r\u00edkissaks\u00f3knari hef\u00f0i lagt fyrir l\u00f6greglu a\u00f0 rannsaka lekam\u00e1l\u00a0innanr\u00edkisr\u00e1\u00f0uneytisins, vegna k\u00e6ru \u00e1 hendur r\u00e1\u00f0herra og \u00f6\u00f0rum starfsm\u00f6nnum\u00a0r\u00e1\u00f0uneytisins.","og_url":"https:\/\/www.norn.is\/einar\/2014\/02\/08\/jay-leno-graetur-i-kvoldfrettum-ruv\/","og_site_name":"Einar","article_published_time":"2014-02-08T15:15:33+00:00","article_modified_time":"2017-09-24T11:02:59+00:00","author":"einar","twitter_card":"summary_large_image","twitter_misc":{"Written by":false,"Est. reading time":"3 minutes"},"schema":{"@context":"https:\/\/schema.org","@graph":[{"@type":"Article","@id":"https:\/\/www.norn.is\/einar\/2014\/02\/08\/jay-leno-graetur-i-kvoldfrettum-ruv\/#article","isPartOf":{"@id":"https:\/\/www.norn.is\/einar\/2014\/02\/08\/jay-leno-graetur-i-kvoldfrettum-ruv\/"},"author":{"name":"einar","@id":"https:\/\/www.norn.is\/einar\/#\/schema\/person\/19affadb841a22f7bfd4bdcd72a862d0"},"headline":"Jay Leno gr\u00e6tur \u00ed kv\u00f6ldfr\u00e9ttum R\u00daV","datePublished":"2014-02-08T15:15:33+00:00","dateModified":"2017-09-24T11:02:59+00:00","mainEntityOfPage":{"@id":"https:\/\/www.norn.is\/einar\/2014\/02\/08\/jay-leno-graetur-i-kvoldfrettum-ruv\/"},"wordCount":670,"commentCount":0,"keywords":["Hanna Birna Kristj\u00e1nsd\u00f3ttir","Lekam\u00e1l Innanr\u00edkisr\u00e1\u00f0uneytisins","R\u00edkissaks\u00f3knari","R\u00edkis\u00fatvarpi\u00f0"],"articleSection":["Allt efni","Fj\u00f6lmi\u00f0lar","L\u00fd\u00f0r\u00e6\u00f0ism\u00e1l og stj\u00f3rnarskr\u00e1"],"inLanguage":"is","potentialAction":[{"@type":"CommentAction","name":"Comment","target":["https:\/\/www.norn.is\/einar\/2014\/02\/08\/jay-leno-graetur-i-kvoldfrettum-ruv\/#respond"]}]},{"@type":"WebPage","@id":"https:\/\/www.norn.is\/einar\/2014\/02\/08\/jay-leno-graetur-i-kvoldfrettum-ruv\/","url":"https:\/\/www.norn.is\/einar\/2014\/02\/08\/jay-leno-graetur-i-kvoldfrettum-ruv\/","name":"Jay Leno gr\u00e6tur \u00ed kv\u00f6ldfr\u00e9ttum R\u00daV - Einar","isPartOf":{"@id":"https:\/\/www.norn.is\/einar\/#website"},"datePublished":"2014-02-08T15:15:33+00:00","dateModified":"2017-09-24T11:02:59+00:00","author":{"@id":"https:\/\/www.norn.is\/einar\/#\/schema\/person\/19affadb841a22f7bfd4bdcd72a862d0"},"breadcrumb":{"@id":"https:\/\/www.norn.is\/einar\/2014\/02\/08\/jay-leno-graetur-i-kvoldfrettum-ruv\/#breadcrumb"},"inLanguage":"is","potentialAction":[{"@type":"ReadAction","target":["https:\/\/www.norn.is\/einar\/2014\/02\/08\/jay-leno-graetur-i-kvoldfrettum-ruv\/"]}]},{"@type":"BreadcrumbList","@id":"https:\/\/www.norn.is\/einar\/2014\/02\/08\/jay-leno-graetur-i-kvoldfrettum-ruv\/#breadcrumb","itemListElement":[{"@type":"ListItem","position":1,"name":"Home","item":"https:\/\/www.norn.is\/einar\/"},{"@type":"ListItem","position":2,"name":"Jay Leno gr\u00e6tur \u00ed kv\u00f6ldfr\u00e9ttum R\u00daV"}]},{"@type":"WebSite","@id":"https:\/\/www.norn.is\/einar\/#website","url":"https:\/\/www.norn.is\/einar\/","name":"Einar","description":"Pistlar Einars Steingr\u00edmssonar","potentialAction":[{"@type":"SearchAction","target":{"@type":"EntryPoint","urlTemplate":"https:\/\/www.norn.is\/einar\/?s={search_term_string}"},"query-input":{"@type":"PropertyValueSpecification","valueRequired":true,"valueName":"search_term_string"}}],"inLanguage":"is"},{"@type":"Person","@id":"https:\/\/www.norn.is\/einar\/#\/schema\/person\/19affadb841a22f7bfd4bdcd72a862d0","name":"einar","image":{"@type":"ImageObject","inLanguage":"is","@id":"https:\/\/secure.gravatar.com\/avatar\/6f5f5592f3cc45e338376db24f1672c636582d9c27d855e8f077f13ef13b17fd?s=96&d=mm&r=g","url":"https:\/\/secure.gravatar.com\/avatar\/6f5f5592f3cc45e338376db24f1672c636582d9c27d855e8f077f13ef13b17fd?s=96&d=mm&r=g","contentUrl":"https:\/\/secure.gravatar.com\/avatar\/6f5f5592f3cc45e338376db24f1672c636582d9c27d855e8f077f13ef13b17fd?s=96&d=mm&r=g","caption":"einar"},"url":"https:\/\/www.norn.is\/einar\/author\/einarsteingrimsson\/"}]}},"_links":{"self":[{"href":"https:\/\/www.norn.is\/einar\/wp-json\/wp\/v2\/posts\/464","targetHints":{"allow":["GET"]}}],"collection":[{"href":"https:\/\/www.norn.is\/einar\/wp-json\/wp\/v2\/posts"}],"about":[{"href":"https:\/\/www.norn.is\/einar\/wp-json\/wp\/v2\/types\/post"}],"author":[{"embeddable":true,"href":"https:\/\/www.norn.is\/einar\/wp-json\/wp\/v2\/users\/10"}],"replies":[{"embeddable":true,"href":"https:\/\/www.norn.is\/einar\/wp-json\/wp\/v2\/comments?post=464"}],"version-history":[{"count":1,"href":"https:\/\/www.norn.is\/einar\/wp-json\/wp\/v2\/posts\/464\/revisions"}],"predecessor-version":[{"id":465,"href":"https:\/\/www.norn.is\/einar\/wp-json\/wp\/v2\/posts\/464\/revisions\/465"}],"wp:attachment":[{"href":"https:\/\/www.norn.is\/einar\/wp-json\/wp\/v2\/media?parent=464"}],"wp:term":[{"taxonomy":"category","embeddable":true,"href":"https:\/\/www.norn.is\/einar\/wp-json\/wp\/v2\/categories?post=464"},{"taxonomy":"post_tag","embeddable":true,"href":"https:\/\/www.norn.is\/einar\/wp-json\/wp\/v2\/tags?post=464"}],"curies":[{"name":"wp","href":"https:\/\/api.w.org\/{rel}","templated":true}]}}