{"id":460,"date":"2014-02-05T15:11:00","date_gmt":"2014-02-05T15:11:00","guid":{"rendered":"http:\/\/www.norn.is\/einar\/?p=460"},"modified":"2017-09-24T11:03:00","modified_gmt":"2017-09-24T11:03:00","slug":"samsaeri-til-verndar-honnu-birnu","status":"publish","type":"post","link":"https:\/\/www.norn.is\/einar\/2014\/02\/05\/samsaeri-til-verndar-honnu-birnu\/","title":{"rendered":"Sams\u00e6ri til verndar H\u00f6nnu Birnu?"},"content":{"rendered":"<div>\u00c9g er sjaldan hrifinn af sams\u00e6riskenningum, og \u00fe\u00f3tt m\u00e9r lei\u00f0ist endalausar \u201etilvitnanir\u201c sem eru daglegt brau\u00f0 \u00e1 samf\u00e9lagsmi\u00f0lunum \u00fe\u00e1 \u00e1 \u00e9g m\u00e9r \u00fe\u00f3 eina sem \u00e9g held upp \u00e1. \u00a0\u00c1 \u00edslensku g\u00e6ti h\u00fan hlj\u00f3\u00f0a\u00f0 svo: \u201eEkki l\u00edta \u00e1 \u00fea\u00f0 sem sams\u00e6ri sem au\u00f0velt er a\u00f0 \u00fatsk\u00fdra me\u00f0 heimsku\u201c. \u00a0(\u00c1 frumm\u00e1linu(?) ensku: \u201eNever attribute to conspiracy that which can be adequately explained by stupidity\u201c.)<\/div>\n<p><!--more--><\/p>\n<div><\/div>\n<div>\u00deetta \u00e1 s\u00e9rstaklega vel vi\u00f0 \u00e1 \u00cdslandi, \u00fev\u00ed \u00fea\u00f0 er oft \u00f3gerningur a\u00f0 skera \u00far um hvort \u00fea\u00f0 er f\u00fask e\u00f0a spilling (heimska e\u00f0a sams\u00e6ri) sem er a\u00f0 baki \u00fdmsum \u00e1kv\u00f6r\u00f0unum og a\u00f0ger\u00f0aleysi \u00ed stj\u00f3rns\u00fdslunni sem eru \u00ed himinhr\u00f3pandi andst\u00f6\u00f0u vi\u00f0 heilbrig\u00f0a skynsemi og hagsmuni almennings. \u00a0\u00dev\u00ed \u00e6tla \u00e9g ekki a\u00f0 halda fram fullum fetum a\u00f0 \u00fea\u00f0 s\u00e9 raunverulegt sams\u00e6ri, \u00fear sem valdaf\u00f3lk hafi beinl\u00ednis tala\u00f0 sig saman, sem veldur \u00fev\u00ed sem vir\u00f0ast vera me\u00f0vita\u00f0ar a\u00f0ger\u00f0ir til a\u00f0 koma \u00ed veg fyrir a\u00f0 r\u00e9ttl\u00e6ti\u00f0 n\u00e1i fram a\u00f0 ganga \u00ed lekam\u00e1li innanr\u00edkisr\u00e1\u00f0uneytisins. \u00a0En framganga l\u00f6greglu og r\u00edkissaks\u00f3knara \u00ed m\u00e1linu vekur \u00f3neitanlega sl\u00edkar grunsemdir.<\/div>\n<div><\/div>\n<div>Fyrstu \u00e1bendingar og\/e\u00f0a k\u00e6rur um lekam\u00e1li\u00f0 (sem fyrst var fjalla\u00f0 um Morgunbla\u00f0inu og Fr\u00e9ttabla\u00f0inu 20. n\u00f3vember) voru sendar l\u00f6greglu \u00ed lok n\u00f3vember (og hugsanlega fyrr). \u00a0Me\u00f0al \u00feeirra sem k\u00e6r\u00f0u var l\u00f6gma\u00f0ur eins \u00feeirra sem n\u00edddir voru ni\u00f0ur \u00ed minnisbla\u00f0inu sem vir\u00f0ist hafa veri\u00f0 sami\u00f0 \u00ed r\u00e1\u00f0uneytinu og leki\u00f0 \u00fea\u00f0an. \u00a0Sj\u00e1lfur sendi \u00e9g l\u00f6greglu sl\u00edka \u00e1bendingu, \u00e1 netfangi\u00f0 abending@lrh.is. \u00a0\u00c9g f\u00e9kk svar f\u00e1um d\u00f6gum s\u00ed\u00f0ar, fr\u00e1 Her\u00f0i J\u00f3hannessyni a\u00f0sto\u00f0arl\u00f6greglustj\u00f3ra. \u00a0Hann r\u00e1\u00f0lag\u00f0i m\u00e9r af einhverjum \u00e1st\u00e6\u00f0um a\u00f0 senda skriflega k\u00e6ru, \u00e1 papp\u00edr, en benti l\u00edka \u00e1 52. gr.\u00a0<a href=\"http:\/\/www.althingi.is\/lagas\/nuna\/2008088.html\">laga um me\u00f0fer\u00f0 sakam\u00e1la nr. 88\/2008<\/a>, \u00fear sem kemur fram a\u00f0 l\u00f6greglu beri a\u00f0 \u201ehefja ranns\u00f3kn \u00fat af vitneskju e\u00f0a grun um a\u00f0 refsivert brot hafi veri\u00f0 frami\u00f0 hvort sem henni hefur borist k\u00e6ra e\u00f0a ekki\u201c. \u00a0Grunurinn var auglj\u00f3slega sterkur \u00ed \u00feessu m\u00e1li, \u00fear sem Morgunbla\u00f0i\u00f0 h\u00e9lt fram a\u00f0 \u00fea\u00f0 v\u00e6ri me\u00f0 minnisbla\u00f0 fr\u00e1 r\u00e1\u00f0uneytinu, og \u00fev\u00ed m\u00f3tm\u00e6lti r\u00e1\u00f0uneyti\u00f0 aldrei.<\/div>\n<div><\/div>\n<div>\u00deegar \u00e9g spur\u00f0i H\u00f6r\u00f0 svo, fyrir nokkrum d\u00f6gum, hvort \u00fea\u00f0 v\u00e6ri r\u00e9tt a\u00f0 l\u00f6gregla hef\u00f0i ekki hafi\u00f0 ranns\u00f3kn \u00e1 m\u00e1linu svara\u00f0i hann og sag\u00f0i \u201e\u00c9g s\u00e9 ekki a\u00f0 nein k\u00e6ra e\u00f0a erindi fr\u00e1 \u00fe\u00e9r s\u00e9 skr\u00e1\u00f0 h\u00e9r.\u201c \u00a0\u00deegar \u00e9g benti honum \u00e1 fyrri skrif hans svara\u00f0i hann:<\/div>\n<div><\/div>\n<blockquote>\n<div>\u201eHins vegar er r\u00edkissaks\u00f3knari a\u00f0 sko\u00f0a \u00feetta m\u00e1l \u00feannig a\u00f0 \u00fea\u00f0 f\u00e6r me\u00f0fer\u00f0, hvort sem \u00fe\u00edn \u00e1bending komst til skila e\u00f0a ekki.<\/div>\n<div>M\u00e1li\u00f0 er til athugunar hj\u00e1 r\u00edkissaks\u00f3knara og \u00fear af lei\u00f0andi er l\u00f6greglan ekki me\u00f0 ranns\u00f3kn \u00ed gangi \u00e1 sama t\u00edma.\u201c<\/div>\n<div><\/div>\n<\/blockquote>\n<div>\u00c9g spur\u00f0i H\u00f6r\u00f0 \u00fe\u00e1 aftur, fyrir tveim d\u00f6gum, af hverju hann seg\u00f0i a\u00f0 \u201e\u00fear af lei\u00f0andi\u201c v\u00e6ri l\u00f6gregla ekki a\u00f0 rannsaka m\u00e1li\u00f0. \u00a0Enn fremur spur\u00f0i \u00e9g hvort \u00fea\u00f0 v\u00e6ri ekki r\u00e9tt skili\u00f0 hj\u00e1 m\u00e9r a\u00f0 saks\u00f3knari hef\u00f0i hafi\u00f0 ranns\u00f3kn\u00a0<em>eftir<\/em>\u00a0a\u00f0 m\u00e1li\u00f0 var k\u00e6rt til l\u00f6greglu, og hver hef\u00f0i teki\u00f0 \u00fe\u00e1 \u00e1kv\u00f6r\u00f0un hj\u00e1 l\u00f6greglunni a\u00f0 rannsaka ekki m\u00e1li\u00f0. \u00a0H\u00f6r\u00f0ur hefur ekki svara\u00f0 \u00fev\u00ed enn.<\/div>\n<div><\/div>\n<div>\u00deegar l\u00f6greglu er tilkynnt um grun um alvarleg afbrot v\u00e6ntir ma\u00f0ur \u00feess a\u00f0 \u00feeir sem grunur beinist a\u00f0 s\u00e9u yfirheyr\u00f0ir \u00ed skyndi, sem og a\u00f0rir sem l\u00edklegt er a\u00f0 haft geti vitneskju um m\u00e1lavexti. \u00a0\u00deess vegna hef\u00f0i veri\u00f0 e\u00f0lilegt a\u00f0 yfirheyra r\u00e1\u00f0uneytisstj\u00f3ra, r\u00e1\u00f0herra og a\u00f0sto\u00f0armenn hennar tvo, ekki s\u00edst \u00fear sem annar \u00feeirra sag\u00f0i \u00ed bla\u00f0avi\u00f0tali, a\u00f0spur\u00f0ur um minnisbla\u00f0i\u00f0, a\u00f0 einhverjir starfsmenn r\u00e1\u00f0uneytisins \u201eg\u00e6tu veri\u00f0 a\u00f0 b\u00faa til einhverja punkta hj\u00e1 s\u00e9r\u201c. \u00a0Auk \u00feess hef\u00f0i, \u00feegar \u201evenjulegt\u201c f\u00f3lk \u00e1 \u00ed hlut, l\u00edklega veri\u00f0 ger\u00f0 h\u00fasleit til a\u00f0 reyna a\u00f0 finna s\u00f6nnunarg\u00f6gn. \u00a0Ekkert af \u00feessu var gert,\u00a0og enn, meira en tveim m\u00e1nu\u00f0um s\u00ed\u00f0ar, hefur l\u00f6gregla ekkert a\u00f0hafst.<\/div>\n<div><\/div>\n<div><strong>\u00deetta er sams\u00e6riskenningin:<\/strong>\u00a0\u00a0L\u00f6gregla og r\u00edkissaks\u00f3knari (sem b\u00e6\u00f0i heyra undir \u00fe\u00e1 sem gruna\u00f0ir eru) hafa komi\u00f0 s\u00e9r saman um a\u00f0 l\u00e1ta r\u00edkissaks\u00f3knara \u201erannsaka\u201c m\u00e1li\u00f0. \u00a0\u00deannig sleppa hinir grunu\u00f0u vi\u00f0 \u00f3\u00fe\u00e6gilegar spurningar \u00ed yfirheyrslum l\u00f6greglu. \u00a0\u00cd sta\u00f0inn f\u00e1 \u00feeir nokkra m\u00e1nu\u00f0i til a\u00f0 svara skriflegum spurningum r\u00edkissaks\u00f3knara, og komast upp me\u00f0 a\u00f0 veita svo \u00f3fulln\u00e6gjandi sv\u00f6r, \u00feegar \u00feeir loks svara eftir d\u00fak og disk, a\u00f0 saks\u00f3knari \u00fearf a\u00f0 bi\u00f0ja \u00fe\u00e1, n\u00e1\u00f0arsamlegast, a\u00f0 segja s\u00e9r meira um meint afbrot s\u00edn svo h\u00e6gt s\u00e9 a\u00f0 \u00e1k\u00e6ra \u00fe\u00e1 og refsa \u00feeim.<\/div>\n<div><\/div>\n<div>\u00deegar n\u00f3gu langur t\u00edmi er li\u00f0inn til a\u00f0 \u00fatiloka\u00f0 s\u00e9 a\u00f0 rannsaka m\u00e1li\u00f0 me\u00f0 fulln\u00e6gjandi h\u01fdtti, af \u00fev\u00ed a\u00f0 hinir grunu\u00f0u hafa fengi\u00f0 r\u00e1\u00f0r\u00fam til a\u00f0 ey\u00f0a \u00f6llum h\u00e6ttulegum g\u00f6gnum og tala sig saman um hverju \u00feeir eigi a\u00f0 lj\u00faga, l\u00fdsir r\u00edkissaks\u00f3knari \u00fev\u00ed yfir a\u00f0 ekki s\u00e9 tilefni til l\u00f6gregluranns\u00f3knar.<\/div>\n<div><\/div>\n<div>\u00c9g vona a\u00f0 \u00e9g hafi rangt fyrir m\u00e9r, og a\u00f0 Sigr\u00ed\u00f0ur Fri\u00f0j\u00f3nsd\u00f3ttir r\u00edkissaks\u00f3knari s\u00e9 ekki a\u00f0 draga \u201eranns\u00f3kn\u201c m\u00e1lsins \u00e1 langinn til a\u00f0 ey\u00f0ileggja alla m\u00f6guleika \u00e1 a\u00f0 r\u00e9ttl\u00e6ti\u00f0 n\u00e1i fram a\u00f0 ganga. \u00a0En, \u00e9g hef \u00e1hyggjur af a\u00f0 \u00fea\u00f0 ver\u00f0i ni\u00f0ursta\u00f0an af \u00feessum vinnubr\u00f6g\u00f0um, sem engum geta gagnast nema hinum grunu\u00f0u.<\/div>\n<div><\/div>\n","protected":false},"excerpt":{"rendered":"<p>\u00c9g er sjaldan hrifinn af sams\u00e6riskenningum, og \u00fe\u00f3tt m\u00e9r lei\u00f0ist endalausar \u201etilvitnanir\u201c sem eru daglegt brau\u00f0 \u00e1 samf\u00e9lagsmi\u00f0lunum \u00fe\u00e1 \u00e1 \u00e9g m\u00e9r \u00fe\u00f3 eina sem \u00e9g held upp \u00e1. \u00a0\u00c1 \u00edslensku g\u00e6ti h\u00fan hlj\u00f3\u00f0a\u00f0 svo: \u201eEkki l\u00edta \u00e1 \u00fea\u00f0 sem &hellip; <a href=\"https:\/\/www.norn.is\/einar\/2014\/02\/05\/samsaeri-til-verndar-honnu-birnu\/\">Halda \u00e1fram a\u00f0 lesa <span class=\"meta-nav\">&rarr;<\/span><\/a><\/p>\n","protected":false},"author":10,"featured_media":0,"comment_status":"open","ping_status":"open","sticky":false,"template":"","format":"standard","meta":{"footnotes":""},"categories":[1,473],"tags":[350,329,156,258,101],"class_list":["post-460","post","type-post","status-publish","format-standard","hentry","category-oflokkad","category-stjornvold-og-stofnanir","tag-hordur-johannesson","tag-lekamal-innanrikisraduneytisins","tag-rikissaksoknari","tag-samsaeriskenningar","tag-valdaklikur-og-spilling"],"yoast_head":"<!-- This site is optimized with the Yoast SEO plugin v27.5 - https:\/\/yoast.com\/product\/yoast-seo-wordpress\/ -->\n<title>Sams\u00e6ri til verndar H\u00f6nnu Birnu? - Einar<\/title>\n<meta name=\"robots\" content=\"index, follow, max-snippet:-1, max-image-preview:large, max-video-preview:-1\" \/>\n<link rel=\"canonical\" href=\"https:\/\/www.norn.is\/einar\/2014\/02\/05\/samsaeri-til-verndar-honnu-birnu\/\" \/>\n<meta property=\"og:locale\" content=\"is_IS\" \/>\n<meta property=\"og:type\" content=\"article\" \/>\n<meta property=\"og:title\" content=\"Sams\u00e6ri til verndar H\u00f6nnu Birnu? - Einar\" \/>\n<meta property=\"og:description\" content=\"\u00c9g er sjaldan hrifinn af sams\u00e6riskenningum, og \u00fe\u00f3tt m\u00e9r lei\u00f0ist endalausar \u201etilvitnanir\u201c sem eru daglegt brau\u00f0 \u00e1 samf\u00e9lagsmi\u00f0lunum \u00fe\u00e1 \u00e1 \u00e9g m\u00e9r \u00fe\u00f3 eina sem \u00e9g held upp \u00e1. \u00a0\u00c1 \u00edslensku g\u00e6ti h\u00fan hlj\u00f3\u00f0a\u00f0 svo: \u201eEkki l\u00edta \u00e1 \u00fea\u00f0 sem &hellip; Halda \u00e1fram a\u00f0 lesa &rarr;\" \/>\n<meta property=\"og:url\" content=\"https:\/\/www.norn.is\/einar\/2014\/02\/05\/samsaeri-til-verndar-honnu-birnu\/\" \/>\n<meta property=\"og:site_name\" content=\"Einar\" \/>\n<meta property=\"article:published_time\" content=\"2014-02-05T15:11:00+00:00\" \/>\n<meta property=\"article:modified_time\" content=\"2017-09-24T11:03:00+00:00\" \/>\n<meta name=\"author\" content=\"einar\" \/>\n<meta name=\"twitter:card\" content=\"summary_large_image\" \/>\n<meta name=\"twitter:label1\" content=\"Written by\" \/>\n\t<meta name=\"twitter:data1\" content=\"\" \/>\n\t<meta name=\"twitter:label2\" content=\"Est. reading time\" \/>\n\t<meta name=\"twitter:data2\" content=\"5 minutes\" \/>\n<script type=\"application\/ld+json\" class=\"yoast-schema-graph\">{\"@context\":\"https:\\\/\\\/schema.org\",\"@graph\":[{\"@type\":\"Article\",\"@id\":\"https:\\\/\\\/www.norn.is\\\/einar\\\/2014\\\/02\\\/05\\\/samsaeri-til-verndar-honnu-birnu\\\/#article\",\"isPartOf\":{\"@id\":\"https:\\\/\\\/www.norn.is\\\/einar\\\/2014\\\/02\\\/05\\\/samsaeri-til-verndar-honnu-birnu\\\/\"},\"author\":{\"name\":\"einar\",\"@id\":\"https:\\\/\\\/www.norn.is\\\/einar\\\/#\\\/schema\\\/person\\\/19affadb841a22f7bfd4bdcd72a862d0\"},\"headline\":\"Sams\u00e6ri til verndar H\u00f6nnu Birnu?\",\"datePublished\":\"2014-02-05T15:11:00+00:00\",\"dateModified\":\"2017-09-24T11:03:00+00:00\",\"mainEntityOfPage\":{\"@id\":\"https:\\\/\\\/www.norn.is\\\/einar\\\/2014\\\/02\\\/05\\\/samsaeri-til-verndar-honnu-birnu\\\/\"},\"wordCount\":988,\"commentCount\":0,\"keywords\":[\"H\u00f6r\u00f0ur J\u00f3hannesson\",\"Lekam\u00e1l Innanr\u00edkisr\u00e1\u00f0uneytisins\",\"R\u00edkissaks\u00f3knari\",\"Sams\u00e6riskenningar\",\"Valdakl\u00edkur og spilling\"],\"articleSection\":[\"Allt efni\",\"Stj\u00f3rnv\u00f6ld, stofnanir og r\u00edkisfyrirt\u00e6ki\"],\"inLanguage\":\"is\",\"potentialAction\":[{\"@type\":\"CommentAction\",\"name\":\"Comment\",\"target\":[\"https:\\\/\\\/www.norn.is\\\/einar\\\/2014\\\/02\\\/05\\\/samsaeri-til-verndar-honnu-birnu\\\/#respond\"]}]},{\"@type\":\"WebPage\",\"@id\":\"https:\\\/\\\/www.norn.is\\\/einar\\\/2014\\\/02\\\/05\\\/samsaeri-til-verndar-honnu-birnu\\\/\",\"url\":\"https:\\\/\\\/www.norn.is\\\/einar\\\/2014\\\/02\\\/05\\\/samsaeri-til-verndar-honnu-birnu\\\/\",\"name\":\"Sams\u00e6ri til verndar H\u00f6nnu Birnu? - Einar\",\"isPartOf\":{\"@id\":\"https:\\\/\\\/www.norn.is\\\/einar\\\/#website\"},\"datePublished\":\"2014-02-05T15:11:00+00:00\",\"dateModified\":\"2017-09-24T11:03:00+00:00\",\"author\":{\"@id\":\"https:\\\/\\\/www.norn.is\\\/einar\\\/#\\\/schema\\\/person\\\/19affadb841a22f7bfd4bdcd72a862d0\"},\"breadcrumb\":{\"@id\":\"https:\\\/\\\/www.norn.is\\\/einar\\\/2014\\\/02\\\/05\\\/samsaeri-til-verndar-honnu-birnu\\\/#breadcrumb\"},\"inLanguage\":\"is\",\"potentialAction\":[{\"@type\":\"ReadAction\",\"target\":[\"https:\\\/\\\/www.norn.is\\\/einar\\\/2014\\\/02\\\/05\\\/samsaeri-til-verndar-honnu-birnu\\\/\"]}]},{\"@type\":\"BreadcrumbList\",\"@id\":\"https:\\\/\\\/www.norn.is\\\/einar\\\/2014\\\/02\\\/05\\\/samsaeri-til-verndar-honnu-birnu\\\/#breadcrumb\",\"itemListElement\":[{\"@type\":\"ListItem\",\"position\":1,\"name\":\"Home\",\"item\":\"https:\\\/\\\/www.norn.is\\\/einar\\\/\"},{\"@type\":\"ListItem\",\"position\":2,\"name\":\"Sams\u00e6ri til verndar H\u00f6nnu Birnu?\"}]},{\"@type\":\"WebSite\",\"@id\":\"https:\\\/\\\/www.norn.is\\\/einar\\\/#website\",\"url\":\"https:\\\/\\\/www.norn.is\\\/einar\\\/\",\"name\":\"Einar\",\"description\":\"Pistlar Einars Steingr\u00edmssonar\",\"potentialAction\":[{\"@type\":\"SearchAction\",\"target\":{\"@type\":\"EntryPoint\",\"urlTemplate\":\"https:\\\/\\\/www.norn.is\\\/einar\\\/?s={search_term_string}\"},\"query-input\":{\"@type\":\"PropertyValueSpecification\",\"valueRequired\":true,\"valueName\":\"search_term_string\"}}],\"inLanguage\":\"is\"},{\"@type\":\"Person\",\"@id\":\"https:\\\/\\\/www.norn.is\\\/einar\\\/#\\\/schema\\\/person\\\/19affadb841a22f7bfd4bdcd72a862d0\",\"name\":\"einar\",\"image\":{\"@type\":\"ImageObject\",\"inLanguage\":\"is\",\"@id\":\"https:\\\/\\\/secure.gravatar.com\\\/avatar\\\/6f5f5592f3cc45e338376db24f1672c636582d9c27d855e8f077f13ef13b17fd?s=96&d=mm&r=g\",\"url\":\"https:\\\/\\\/secure.gravatar.com\\\/avatar\\\/6f5f5592f3cc45e338376db24f1672c636582d9c27d855e8f077f13ef13b17fd?s=96&d=mm&r=g\",\"contentUrl\":\"https:\\\/\\\/secure.gravatar.com\\\/avatar\\\/6f5f5592f3cc45e338376db24f1672c636582d9c27d855e8f077f13ef13b17fd?s=96&d=mm&r=g\",\"caption\":\"einar\"},\"url\":\"https:\\\/\\\/www.norn.is\\\/einar\\\/author\\\/einarsteingrimsson\\\/\"}]}<\/script>\n<!-- \/ Yoast SEO plugin. -->","yoast_head_json":{"title":"Sams\u00e6ri til verndar H\u00f6nnu Birnu? - Einar","robots":{"index":"index","follow":"follow","max-snippet":"max-snippet:-1","max-image-preview":"max-image-preview:large","max-video-preview":"max-video-preview:-1"},"canonical":"https:\/\/www.norn.is\/einar\/2014\/02\/05\/samsaeri-til-verndar-honnu-birnu\/","og_locale":"is_IS","og_type":"article","og_title":"Sams\u00e6ri til verndar H\u00f6nnu Birnu? - Einar","og_description":"\u00c9g er sjaldan hrifinn af sams\u00e6riskenningum, og \u00fe\u00f3tt m\u00e9r lei\u00f0ist endalausar \u201etilvitnanir\u201c sem eru daglegt brau\u00f0 \u00e1 samf\u00e9lagsmi\u00f0lunum \u00fe\u00e1 \u00e1 \u00e9g m\u00e9r \u00fe\u00f3 eina sem \u00e9g held upp \u00e1. \u00a0\u00c1 \u00edslensku g\u00e6ti h\u00fan hlj\u00f3\u00f0a\u00f0 svo: \u201eEkki l\u00edta \u00e1 \u00fea\u00f0 sem &hellip; Halda \u00e1fram a\u00f0 lesa &rarr;","og_url":"https:\/\/www.norn.is\/einar\/2014\/02\/05\/samsaeri-til-verndar-honnu-birnu\/","og_site_name":"Einar","article_published_time":"2014-02-05T15:11:00+00:00","article_modified_time":"2017-09-24T11:03:00+00:00","author":"einar","twitter_card":"summary_large_image","twitter_misc":{"Written by":false,"Est. reading time":"5 minutes"},"schema":{"@context":"https:\/\/schema.org","@graph":[{"@type":"Article","@id":"https:\/\/www.norn.is\/einar\/2014\/02\/05\/samsaeri-til-verndar-honnu-birnu\/#article","isPartOf":{"@id":"https:\/\/www.norn.is\/einar\/2014\/02\/05\/samsaeri-til-verndar-honnu-birnu\/"},"author":{"name":"einar","@id":"https:\/\/www.norn.is\/einar\/#\/schema\/person\/19affadb841a22f7bfd4bdcd72a862d0"},"headline":"Sams\u00e6ri til verndar H\u00f6nnu Birnu?","datePublished":"2014-02-05T15:11:00+00:00","dateModified":"2017-09-24T11:03:00+00:00","mainEntityOfPage":{"@id":"https:\/\/www.norn.is\/einar\/2014\/02\/05\/samsaeri-til-verndar-honnu-birnu\/"},"wordCount":988,"commentCount":0,"keywords":["H\u00f6r\u00f0ur J\u00f3hannesson","Lekam\u00e1l Innanr\u00edkisr\u00e1\u00f0uneytisins","R\u00edkissaks\u00f3knari","Sams\u00e6riskenningar","Valdakl\u00edkur og spilling"],"articleSection":["Allt efni","Stj\u00f3rnv\u00f6ld, stofnanir og r\u00edkisfyrirt\u00e6ki"],"inLanguage":"is","potentialAction":[{"@type":"CommentAction","name":"Comment","target":["https:\/\/www.norn.is\/einar\/2014\/02\/05\/samsaeri-til-verndar-honnu-birnu\/#respond"]}]},{"@type":"WebPage","@id":"https:\/\/www.norn.is\/einar\/2014\/02\/05\/samsaeri-til-verndar-honnu-birnu\/","url":"https:\/\/www.norn.is\/einar\/2014\/02\/05\/samsaeri-til-verndar-honnu-birnu\/","name":"Sams\u00e6ri til verndar H\u00f6nnu Birnu? - Einar","isPartOf":{"@id":"https:\/\/www.norn.is\/einar\/#website"},"datePublished":"2014-02-05T15:11:00+00:00","dateModified":"2017-09-24T11:03:00+00:00","author":{"@id":"https:\/\/www.norn.is\/einar\/#\/schema\/person\/19affadb841a22f7bfd4bdcd72a862d0"},"breadcrumb":{"@id":"https:\/\/www.norn.is\/einar\/2014\/02\/05\/samsaeri-til-verndar-honnu-birnu\/#breadcrumb"},"inLanguage":"is","potentialAction":[{"@type":"ReadAction","target":["https:\/\/www.norn.is\/einar\/2014\/02\/05\/samsaeri-til-verndar-honnu-birnu\/"]}]},{"@type":"BreadcrumbList","@id":"https:\/\/www.norn.is\/einar\/2014\/02\/05\/samsaeri-til-verndar-honnu-birnu\/#breadcrumb","itemListElement":[{"@type":"ListItem","position":1,"name":"Home","item":"https:\/\/www.norn.is\/einar\/"},{"@type":"ListItem","position":2,"name":"Sams\u00e6ri til verndar H\u00f6nnu Birnu?"}]},{"@type":"WebSite","@id":"https:\/\/www.norn.is\/einar\/#website","url":"https:\/\/www.norn.is\/einar\/","name":"Einar","description":"Pistlar Einars Steingr\u00edmssonar","potentialAction":[{"@type":"SearchAction","target":{"@type":"EntryPoint","urlTemplate":"https:\/\/www.norn.is\/einar\/?s={search_term_string}"},"query-input":{"@type":"PropertyValueSpecification","valueRequired":true,"valueName":"search_term_string"}}],"inLanguage":"is"},{"@type":"Person","@id":"https:\/\/www.norn.is\/einar\/#\/schema\/person\/19affadb841a22f7bfd4bdcd72a862d0","name":"einar","image":{"@type":"ImageObject","inLanguage":"is","@id":"https:\/\/secure.gravatar.com\/avatar\/6f5f5592f3cc45e338376db24f1672c636582d9c27d855e8f077f13ef13b17fd?s=96&d=mm&r=g","url":"https:\/\/secure.gravatar.com\/avatar\/6f5f5592f3cc45e338376db24f1672c636582d9c27d855e8f077f13ef13b17fd?s=96&d=mm&r=g","contentUrl":"https:\/\/secure.gravatar.com\/avatar\/6f5f5592f3cc45e338376db24f1672c636582d9c27d855e8f077f13ef13b17fd?s=96&d=mm&r=g","caption":"einar"},"url":"https:\/\/www.norn.is\/einar\/author\/einarsteingrimsson\/"}]}},"_links":{"self":[{"href":"https:\/\/www.norn.is\/einar\/wp-json\/wp\/v2\/posts\/460","targetHints":{"allow":["GET"]}}],"collection":[{"href":"https:\/\/www.norn.is\/einar\/wp-json\/wp\/v2\/posts"}],"about":[{"href":"https:\/\/www.norn.is\/einar\/wp-json\/wp\/v2\/types\/post"}],"author":[{"embeddable":true,"href":"https:\/\/www.norn.is\/einar\/wp-json\/wp\/v2\/users\/10"}],"replies":[{"embeddable":true,"href":"https:\/\/www.norn.is\/einar\/wp-json\/wp\/v2\/comments?post=460"}],"version-history":[{"count":1,"href":"https:\/\/www.norn.is\/einar\/wp-json\/wp\/v2\/posts\/460\/revisions"}],"predecessor-version":[{"id":461,"href":"https:\/\/www.norn.is\/einar\/wp-json\/wp\/v2\/posts\/460\/revisions\/461"}],"wp:attachment":[{"href":"https:\/\/www.norn.is\/einar\/wp-json\/wp\/v2\/media?parent=460"}],"wp:term":[{"taxonomy":"category","embeddable":true,"href":"https:\/\/www.norn.is\/einar\/wp-json\/wp\/v2\/categories?post=460"},{"taxonomy":"post_tag","embeddable":true,"href":"https:\/\/www.norn.is\/einar\/wp-json\/wp\/v2\/tags?post=460"}],"curies":[{"name":"wp","href":"https:\/\/api.w.org\/{rel}","templated":true}]}}