{"id":456,"date":"2014-01-31T15:07:48","date_gmt":"2014-01-31T15:07:48","guid":{"rendered":"http:\/\/www.norn.is\/einar\/?p=456"},"modified":"2017-09-24T11:03:00","modified_gmt":"2017-09-24T11:03:00","slug":"saksoknari-hanna-birna-og-vitisenglar","status":"publish","type":"post","link":"https:\/\/www.norn.is\/einar\/2014\/01\/31\/saksoknari-hanna-birna-og-vitisenglar\/","title":{"rendered":"Saks\u00f3knari, Hanna Birna og V\u00edtisenglar"},"content":{"rendered":"<div>Eftirfarandi br\u00e9f var \u00e9g a\u00f0 senda r\u00edkissaks\u00f3knara (Sigr\u00ed\u00f0i Fri\u00f0j\u00f3nsd\u00f3ttur), me\u00f0 spurningum vegna \u201eranns\u00f3knar\u201c hennar \u00e1 lekam\u00e1linu \u00ed innanr\u00edkisr\u00e1\u00f0uneytinu.<\/div>\n<p><!--more--><\/p>\n<div><\/div>\n<div>Auk \u00feess sem \u00fear er spurt m\u00e1 velta fyrir s\u00e9r hvort \u00fea\u00f0 skipti m\u00e1li h\u00e9r a\u00f0 r\u00edkissaks\u00f3knari (og l\u00f6greglan, sem hefur ekki a\u00f0hafst \u00fer\u00e1tt fyrir k\u00e6rur) s\u00e9 undirma\u00f0ur r\u00e1\u00f0herrans, H\u00f6nnu Birnu Kristj\u00e1nsd\u00f3ttur. \u00a0Vissulega \u00e1 r\u00e1\u00f0herra ekki a\u00f0 geta skipt s\u00e9r beint af me\u00f0fer\u00f0 saks\u00f3knara \u00e1 sakam\u00e1lum, en allir vita hvers konar hefndara\u00f0ger\u00f0a er au\u00f0velt a\u00f0 gr\u00edpa til, og hversu algengt sl\u00edkt er \u00ed \u00edslenskri stj\u00f3rns\u00fdslu gegn \u00feeim sem leyfa s\u00e9r a\u00f0 gera valdaf\u00f3lki l\u00edfi\u00f0 leitt.<\/div>\n<div><\/div>\n<div>S\u00e9rkennilegt \u00ed framg\u00f6ngu l\u00f6greglu og r\u00edkissaks\u00f3knara \u00ed \u00feessu m\u00e1li er a\u00f0 \u00feeir sem gruna\u00f0ir eru um alvarleg l\u00f6gbrot s\u00e9u bara be\u00f0nir kurteislega um a\u00f0 afhenda g\u00f6gn sem g\u00e6tu varpa\u00f0 lj\u00f3si \u00e1 m\u00e1li\u00f0. \u00a0M\u00e1 b\u00faast vi\u00f0 a\u00f0 n\u00e6st \u00feegar einhverjir V\u00edtisenglar eru gruna\u00f0ir um ofbeldisverk ver\u00f0i \u00feeim sent br\u00e9f og \u00feeir be\u00f0nir um a\u00f0 afhenda vopn sem \u00feeir g\u00e6tu hugsanlega hafa nota\u00f0?<\/div>\n<div><\/div>\n<div>E\u00f0a eru kannski ekki allir jafnir fyrir l\u00f6gunum \u00e1 \u00cdslandi?<\/div>\n<div><\/div>\n<div>\u2014\u2014\u2014\u2014\u2014\u2014\u2014\u2014\u2014\u2014\u2014\u2014\u2014\u2014\u2014\u2014\u2014\u2014\u2014\u2014\u2014\u2014\u2014\u2014\u2014\u2014\u2014\u2014\u2014\u2014\u2014\u2014\u2014\u2014\u2014\u2014\u2014\u2014<\/div>\n<div><\/div>\n<div><\/div>\n<div>From: Einar Steingrimsson &lt;einar@alum.mit.edu&gt;<\/div>\n<div>Date: 2014-01-31<\/div>\n<div>Subject: \u201eRanns\u00f3kn\u201c \u00e1 lekam\u00e1linu<\/div>\n<div>To: Sigr\u00ed\u00f0ur Fri\u00f0j\u00f3nsd\u00f3ttir &lt;sigridur.fr@tmd.is&gt;<\/div>\n<div><\/div>\n<div><\/div>\n<div>Til r\u00edkissaks\u00f3knara<\/div>\n<div><\/div>\n<div>S\u00e6l SIgr\u00ed\u00f0ur<\/div>\n<div><\/div>\n<div>H\u00e9r,\u00a0<a title=\"http:\/\/www.rikissaksoknari.is\/um-embaettid\/frettir\/nr\/67\" href=\"http:\/\/www.rikissaksoknari.is\/um-embaettid\/frettir\/nr\/67\">http:\/\/www.rikissaksoknari.is\/um-embaettid\/frettir\/nr\/67<\/a>, stendur a\u00f0 \u00fe\u00fa hafir fari\u00f0 fram \u00e1 a\u00f0 \u201ef\u00e1 frekari g\u00f6gn og uppl\u00fdsingar fr\u00e1 innanr\u00edkisr\u00e1\u00f0uneytinu, \u00e1\u00f0ur en endanleg \u00e1kv\u00f6r\u00f0un ver\u00f0ur tekin um \u00fea\u00f0 hvort m\u00e1linu ver\u00f0i v\u00edsa\u00f0 til l\u00f6gregluranns\u00f3knar\u201c. \u00a0Umr\u00e6tt m\u00e1l er svokalla\u00f0 lekam\u00e1l innanr\u00edkisr\u00e1\u00f0uneytisins, \u00fear sem grunur leikur \u00e1 a\u00f0 h\u00e1ttsettir starfsmenn \u00feess hafi frami\u00f0 alvarleg brot.<\/div>\n<div><\/div>\n<div>\u00dea\u00f0 eru meira en tveir m\u00e1nu\u00f0ir s\u00ed\u00f0an \u00feetta m\u00e1l komst \u00ed h\u00e1m\u00e6li, og s\u00ed\u00f0an \u00fea\u00f0 var k\u00e6rt til l\u00f6greglu.<\/div>\n<div><\/div>\n<div>Af hverju er \u00feetta m\u00e1l \u201erannsaka\u00f0\u201c me\u00f0 \u00fev\u00ed a\u00f0 bi\u00f0ja r\u00e1\u00f0uneyti\u00f0, \u00fe.e.a.s. \u00fea\u00f0 f\u00f3lk sem hl\u00fdtur a\u00f0 liggja undir grun um alvarleg l\u00f6gbrot, um g\u00f6gn, sem \u00fe\u00fa gefur \u00fev\u00ed m\u00e1nu\u00f0i til a\u00f0 setja saman og afhenda?<\/div>\n<div><\/div>\n<div>Af hverju voru \u00e6\u00f0stu starfsmenn r\u00e1\u00f0uneytisins, \u00fear \u00e1 me\u00f0al r\u00e1\u00f0herra og a\u00f0sto\u00f0armenn hennar, ekki yfirheyr\u00f0ir strax \u00ed upphafi m\u00e1lsins? \u00a0Er algengt a\u00f0 f\u00f3lk sem gruna\u00f0 er um alvarlega gl\u00e6pi s\u00e9 be\u00f0i\u00f0 um a\u00f0 afhenda g\u00f6gn um m\u00e1li\u00f0, og a\u00f0 r\u00edkissaks\u00f3knari b\u00ed\u00f0i svo vikum e\u00f0a m\u00e1nu\u00f0um saman eftir a\u00f0 f\u00e1 fulln\u00e6gjandi g\u00f6gn?<\/div>\n<div><\/div>\n<div>A\u00f0 s\u00ed\u00f0ustu: \u00a0Er e\u00f0lilegt a\u00f0 l\u00f6gregla, sem \u00feetta m\u00e1l var k\u00e6rt til fyrir meira en tveim m\u00e1nu\u00f0um, hafi ekkert a\u00f0hafst? \u00a0Hver ber \u00e1byrg\u00f0 \u00e1 \u00fev\u00ed?<\/div>\n<div><\/div>\n<div>Bestu kve\u00f0jur,<\/div>\n<div><\/div>\n<div>Einar<\/div>\n","protected":false},"excerpt":{"rendered":"<p>Eftirfarandi br\u00e9f var \u00e9g a\u00f0 senda r\u00edkissaks\u00f3knara (Sigr\u00ed\u00f0i Fri\u00f0j\u00f3nsd\u00f3ttur), me\u00f0 spurningum vegna \u201eranns\u00f3knar\u201c hennar \u00e1 lekam\u00e1linu \u00ed innanr\u00edkisr\u00e1\u00f0uneytinu.<\/p>\n","protected":false},"author":10,"featured_media":0,"comment_status":"open","ping_status":"open","sticky":false,"template":"","format":"standard","meta":{"footnotes":""},"categories":[1,473],"tags":[326,329,156,155],"class_list":["post-456","post","type-post","status-publish","format-standard","hentry","category-oflokkad","category-stjornvold-og-stofnanir","tag-hanna-birna-kristjansdottir","tag-lekamal-innanrikisraduneytisins","tag-rikissaksoknari","tag-sigridur-j-fridjonsdottir"],"yoast_head":"<!-- This site is optimized with the Yoast SEO plugin v27.5 - https:\/\/yoast.com\/product\/yoast-seo-wordpress\/ -->\n<title>Saks\u00f3knari, Hanna Birna og V\u00edtisenglar - Einar<\/title>\n<meta name=\"robots\" content=\"index, follow, max-snippet:-1, max-image-preview:large, max-video-preview:-1\" \/>\n<link rel=\"canonical\" href=\"https:\/\/www.norn.is\/einar\/2014\/01\/31\/saksoknari-hanna-birna-og-vitisenglar\/\" \/>\n<meta property=\"og:locale\" content=\"is_IS\" \/>\n<meta property=\"og:type\" content=\"article\" \/>\n<meta property=\"og:title\" content=\"Saks\u00f3knari, Hanna Birna og V\u00edtisenglar - Einar\" \/>\n<meta property=\"og:description\" content=\"Eftirfarandi br\u00e9f var \u00e9g a\u00f0 senda r\u00edkissaks\u00f3knara (Sigr\u00ed\u00f0i Fri\u00f0j\u00f3nsd\u00f3ttur), me\u00f0 spurningum vegna \u201eranns\u00f3knar\u201c hennar \u00e1 lekam\u00e1linu \u00ed innanr\u00edkisr\u00e1\u00f0uneytinu.\" \/>\n<meta property=\"og:url\" content=\"https:\/\/www.norn.is\/einar\/2014\/01\/31\/saksoknari-hanna-birna-og-vitisenglar\/\" \/>\n<meta property=\"og:site_name\" content=\"Einar\" \/>\n<meta property=\"article:published_time\" content=\"2014-01-31T15:07:48+00:00\" \/>\n<meta property=\"article:modified_time\" content=\"2017-09-24T11:03:00+00:00\" \/>\n<meta name=\"author\" content=\"einar\" \/>\n<meta name=\"twitter:card\" content=\"summary_large_image\" \/>\n<meta name=\"twitter:label1\" content=\"Written by\" \/>\n\t<meta name=\"twitter:data1\" content=\"\" \/>\n\t<meta name=\"twitter:label2\" content=\"Est. reading time\" \/>\n\t<meta name=\"twitter:data2\" content=\"3 minutes\" \/>\n<script type=\"application\/ld+json\" class=\"yoast-schema-graph\">{\"@context\":\"https:\\\/\\\/schema.org\",\"@graph\":[{\"@type\":\"Article\",\"@id\":\"https:\\\/\\\/www.norn.is\\\/einar\\\/2014\\\/01\\\/31\\\/saksoknari-hanna-birna-og-vitisenglar\\\/#article\",\"isPartOf\":{\"@id\":\"https:\\\/\\\/www.norn.is\\\/einar\\\/2014\\\/01\\\/31\\\/saksoknari-hanna-birna-og-vitisenglar\\\/\"},\"author\":{\"name\":\"einar\",\"@id\":\"https:\\\/\\\/www.norn.is\\\/einar\\\/#\\\/schema\\\/person\\\/19affadb841a22f7bfd4bdcd72a862d0\"},\"headline\":\"Saks\u00f3knari, Hanna Birna og V\u00edtisenglar\",\"datePublished\":\"2014-01-31T15:07:48+00:00\",\"dateModified\":\"2017-09-24T11:03:00+00:00\",\"mainEntityOfPage\":{\"@id\":\"https:\\\/\\\/www.norn.is\\\/einar\\\/2014\\\/01\\\/31\\\/saksoknari-hanna-birna-og-vitisenglar\\\/\"},\"wordCount\":514,\"commentCount\":0,\"keywords\":[\"Hanna Birna Kristj\u00e1nsd\u00f3ttir\",\"Lekam\u00e1l Innanr\u00edkisr\u00e1\u00f0uneytisins\",\"R\u00edkissaks\u00f3knari\",\"Sigr\u00ed\u00f0ur J. Fri\u00f0j\u00f3nsd\u00f3ttir\"],\"articleSection\":[\"Allt efni\",\"Stj\u00f3rnv\u00f6ld, stofnanir og r\u00edkisfyrirt\u00e6ki\"],\"inLanguage\":\"is\",\"potentialAction\":[{\"@type\":\"CommentAction\",\"name\":\"Comment\",\"target\":[\"https:\\\/\\\/www.norn.is\\\/einar\\\/2014\\\/01\\\/31\\\/saksoknari-hanna-birna-og-vitisenglar\\\/#respond\"]}]},{\"@type\":\"WebPage\",\"@id\":\"https:\\\/\\\/www.norn.is\\\/einar\\\/2014\\\/01\\\/31\\\/saksoknari-hanna-birna-og-vitisenglar\\\/\",\"url\":\"https:\\\/\\\/www.norn.is\\\/einar\\\/2014\\\/01\\\/31\\\/saksoknari-hanna-birna-og-vitisenglar\\\/\",\"name\":\"Saks\u00f3knari, Hanna Birna og V\u00edtisenglar - Einar\",\"isPartOf\":{\"@id\":\"https:\\\/\\\/www.norn.is\\\/einar\\\/#website\"},\"datePublished\":\"2014-01-31T15:07:48+00:00\",\"dateModified\":\"2017-09-24T11:03:00+00:00\",\"author\":{\"@id\":\"https:\\\/\\\/www.norn.is\\\/einar\\\/#\\\/schema\\\/person\\\/19affadb841a22f7bfd4bdcd72a862d0\"},\"breadcrumb\":{\"@id\":\"https:\\\/\\\/www.norn.is\\\/einar\\\/2014\\\/01\\\/31\\\/saksoknari-hanna-birna-og-vitisenglar\\\/#breadcrumb\"},\"inLanguage\":\"is\",\"potentialAction\":[{\"@type\":\"ReadAction\",\"target\":[\"https:\\\/\\\/www.norn.is\\\/einar\\\/2014\\\/01\\\/31\\\/saksoknari-hanna-birna-og-vitisenglar\\\/\"]}]},{\"@type\":\"BreadcrumbList\",\"@id\":\"https:\\\/\\\/www.norn.is\\\/einar\\\/2014\\\/01\\\/31\\\/saksoknari-hanna-birna-og-vitisenglar\\\/#breadcrumb\",\"itemListElement\":[{\"@type\":\"ListItem\",\"position\":1,\"name\":\"Home\",\"item\":\"https:\\\/\\\/www.norn.is\\\/einar\\\/\"},{\"@type\":\"ListItem\",\"position\":2,\"name\":\"Saks\u00f3knari, Hanna Birna og V\u00edtisenglar\"}]},{\"@type\":\"WebSite\",\"@id\":\"https:\\\/\\\/www.norn.is\\\/einar\\\/#website\",\"url\":\"https:\\\/\\\/www.norn.is\\\/einar\\\/\",\"name\":\"Einar\",\"description\":\"Pistlar Einars Steingr\u00edmssonar\",\"potentialAction\":[{\"@type\":\"SearchAction\",\"target\":{\"@type\":\"EntryPoint\",\"urlTemplate\":\"https:\\\/\\\/www.norn.is\\\/einar\\\/?s={search_term_string}\"},\"query-input\":{\"@type\":\"PropertyValueSpecification\",\"valueRequired\":true,\"valueName\":\"search_term_string\"}}],\"inLanguage\":\"is\"},{\"@type\":\"Person\",\"@id\":\"https:\\\/\\\/www.norn.is\\\/einar\\\/#\\\/schema\\\/person\\\/19affadb841a22f7bfd4bdcd72a862d0\",\"name\":\"einar\",\"image\":{\"@type\":\"ImageObject\",\"inLanguage\":\"is\",\"@id\":\"https:\\\/\\\/secure.gravatar.com\\\/avatar\\\/6f5f5592f3cc45e338376db24f1672c636582d9c27d855e8f077f13ef13b17fd?s=96&d=mm&r=g\",\"url\":\"https:\\\/\\\/secure.gravatar.com\\\/avatar\\\/6f5f5592f3cc45e338376db24f1672c636582d9c27d855e8f077f13ef13b17fd?s=96&d=mm&r=g\",\"contentUrl\":\"https:\\\/\\\/secure.gravatar.com\\\/avatar\\\/6f5f5592f3cc45e338376db24f1672c636582d9c27d855e8f077f13ef13b17fd?s=96&d=mm&r=g\",\"caption\":\"einar\"},\"url\":\"https:\\\/\\\/www.norn.is\\\/einar\\\/author\\\/einarsteingrimsson\\\/\"}]}<\/script>\n<!-- \/ Yoast SEO plugin. -->","yoast_head_json":{"title":"Saks\u00f3knari, Hanna Birna og V\u00edtisenglar - Einar","robots":{"index":"index","follow":"follow","max-snippet":"max-snippet:-1","max-image-preview":"max-image-preview:large","max-video-preview":"max-video-preview:-1"},"canonical":"https:\/\/www.norn.is\/einar\/2014\/01\/31\/saksoknari-hanna-birna-og-vitisenglar\/","og_locale":"is_IS","og_type":"article","og_title":"Saks\u00f3knari, Hanna Birna og V\u00edtisenglar - Einar","og_description":"Eftirfarandi br\u00e9f var \u00e9g a\u00f0 senda r\u00edkissaks\u00f3knara (Sigr\u00ed\u00f0i Fri\u00f0j\u00f3nsd\u00f3ttur), me\u00f0 spurningum vegna \u201eranns\u00f3knar\u201c hennar \u00e1 lekam\u00e1linu \u00ed innanr\u00edkisr\u00e1\u00f0uneytinu.","og_url":"https:\/\/www.norn.is\/einar\/2014\/01\/31\/saksoknari-hanna-birna-og-vitisenglar\/","og_site_name":"Einar","article_published_time":"2014-01-31T15:07:48+00:00","article_modified_time":"2017-09-24T11:03:00+00:00","author":"einar","twitter_card":"summary_large_image","twitter_misc":{"Written by":false,"Est. reading time":"3 minutes"},"schema":{"@context":"https:\/\/schema.org","@graph":[{"@type":"Article","@id":"https:\/\/www.norn.is\/einar\/2014\/01\/31\/saksoknari-hanna-birna-og-vitisenglar\/#article","isPartOf":{"@id":"https:\/\/www.norn.is\/einar\/2014\/01\/31\/saksoknari-hanna-birna-og-vitisenglar\/"},"author":{"name":"einar","@id":"https:\/\/www.norn.is\/einar\/#\/schema\/person\/19affadb841a22f7bfd4bdcd72a862d0"},"headline":"Saks\u00f3knari, Hanna Birna og V\u00edtisenglar","datePublished":"2014-01-31T15:07:48+00:00","dateModified":"2017-09-24T11:03:00+00:00","mainEntityOfPage":{"@id":"https:\/\/www.norn.is\/einar\/2014\/01\/31\/saksoknari-hanna-birna-og-vitisenglar\/"},"wordCount":514,"commentCount":0,"keywords":["Hanna Birna Kristj\u00e1nsd\u00f3ttir","Lekam\u00e1l Innanr\u00edkisr\u00e1\u00f0uneytisins","R\u00edkissaks\u00f3knari","Sigr\u00ed\u00f0ur J. Fri\u00f0j\u00f3nsd\u00f3ttir"],"articleSection":["Allt efni","Stj\u00f3rnv\u00f6ld, stofnanir og r\u00edkisfyrirt\u00e6ki"],"inLanguage":"is","potentialAction":[{"@type":"CommentAction","name":"Comment","target":["https:\/\/www.norn.is\/einar\/2014\/01\/31\/saksoknari-hanna-birna-og-vitisenglar\/#respond"]}]},{"@type":"WebPage","@id":"https:\/\/www.norn.is\/einar\/2014\/01\/31\/saksoknari-hanna-birna-og-vitisenglar\/","url":"https:\/\/www.norn.is\/einar\/2014\/01\/31\/saksoknari-hanna-birna-og-vitisenglar\/","name":"Saks\u00f3knari, Hanna Birna og V\u00edtisenglar - Einar","isPartOf":{"@id":"https:\/\/www.norn.is\/einar\/#website"},"datePublished":"2014-01-31T15:07:48+00:00","dateModified":"2017-09-24T11:03:00+00:00","author":{"@id":"https:\/\/www.norn.is\/einar\/#\/schema\/person\/19affadb841a22f7bfd4bdcd72a862d0"},"breadcrumb":{"@id":"https:\/\/www.norn.is\/einar\/2014\/01\/31\/saksoknari-hanna-birna-og-vitisenglar\/#breadcrumb"},"inLanguage":"is","potentialAction":[{"@type":"ReadAction","target":["https:\/\/www.norn.is\/einar\/2014\/01\/31\/saksoknari-hanna-birna-og-vitisenglar\/"]}]},{"@type":"BreadcrumbList","@id":"https:\/\/www.norn.is\/einar\/2014\/01\/31\/saksoknari-hanna-birna-og-vitisenglar\/#breadcrumb","itemListElement":[{"@type":"ListItem","position":1,"name":"Home","item":"https:\/\/www.norn.is\/einar\/"},{"@type":"ListItem","position":2,"name":"Saks\u00f3knari, Hanna Birna og V\u00edtisenglar"}]},{"@type":"WebSite","@id":"https:\/\/www.norn.is\/einar\/#website","url":"https:\/\/www.norn.is\/einar\/","name":"Einar","description":"Pistlar Einars Steingr\u00edmssonar","potentialAction":[{"@type":"SearchAction","target":{"@type":"EntryPoint","urlTemplate":"https:\/\/www.norn.is\/einar\/?s={search_term_string}"},"query-input":{"@type":"PropertyValueSpecification","valueRequired":true,"valueName":"search_term_string"}}],"inLanguage":"is"},{"@type":"Person","@id":"https:\/\/www.norn.is\/einar\/#\/schema\/person\/19affadb841a22f7bfd4bdcd72a862d0","name":"einar","image":{"@type":"ImageObject","inLanguage":"is","@id":"https:\/\/secure.gravatar.com\/avatar\/6f5f5592f3cc45e338376db24f1672c636582d9c27d855e8f077f13ef13b17fd?s=96&d=mm&r=g","url":"https:\/\/secure.gravatar.com\/avatar\/6f5f5592f3cc45e338376db24f1672c636582d9c27d855e8f077f13ef13b17fd?s=96&d=mm&r=g","contentUrl":"https:\/\/secure.gravatar.com\/avatar\/6f5f5592f3cc45e338376db24f1672c636582d9c27d855e8f077f13ef13b17fd?s=96&d=mm&r=g","caption":"einar"},"url":"https:\/\/www.norn.is\/einar\/author\/einarsteingrimsson\/"}]}},"_links":{"self":[{"href":"https:\/\/www.norn.is\/einar\/wp-json\/wp\/v2\/posts\/456","targetHints":{"allow":["GET"]}}],"collection":[{"href":"https:\/\/www.norn.is\/einar\/wp-json\/wp\/v2\/posts"}],"about":[{"href":"https:\/\/www.norn.is\/einar\/wp-json\/wp\/v2\/types\/post"}],"author":[{"embeddable":true,"href":"https:\/\/www.norn.is\/einar\/wp-json\/wp\/v2\/users\/10"}],"replies":[{"embeddable":true,"href":"https:\/\/www.norn.is\/einar\/wp-json\/wp\/v2\/comments?post=456"}],"version-history":[{"count":1,"href":"https:\/\/www.norn.is\/einar\/wp-json\/wp\/v2\/posts\/456\/revisions"}],"predecessor-version":[{"id":457,"href":"https:\/\/www.norn.is\/einar\/wp-json\/wp\/v2\/posts\/456\/revisions\/457"}],"wp:attachment":[{"href":"https:\/\/www.norn.is\/einar\/wp-json\/wp\/v2\/media?parent=456"}],"wp:term":[{"taxonomy":"category","embeddable":true,"href":"https:\/\/www.norn.is\/einar\/wp-json\/wp\/v2\/categories?post=456"},{"taxonomy":"post_tag","embeddable":true,"href":"https:\/\/www.norn.is\/einar\/wp-json\/wp\/v2\/tags?post=456"}],"curies":[{"name":"wp","href":"https:\/\/api.w.org\/{rel}","templated":true}]}}