{"id":448,"date":"2014-01-26T14:58:29","date_gmt":"2014-01-26T14:58:29","guid":{"rendered":"http:\/\/www.norn.is\/einar\/?p=448"},"modified":"2017-09-24T11:03:00","modified_gmt":"2017-09-24T11:03:00","slug":"bjorn-ingi-ad-ritskoda-eyjuna","status":"publish","type":"post","link":"https:\/\/www.norn.is\/einar\/2014\/01\/26\/bjorn-ingi-ad-ritskoda-eyjuna\/","title":{"rendered":"Bj\u00f6rn Ingi a\u00f0 ritsko\u00f0a Eyjuna?"},"content":{"rendered":"<div>\u00cd g\u00e6rkv\u00f6ldi lenti \u00e9g \u00ed athyglisver\u00f0u atviki \u00ed athugasemdakerfinu vi\u00f0\u00a0<a href=\"http:\/\/eyjan.pressan.is\/silfuregils\/2014\/01\/25\/starfhaeft-lydraedi-an-halsbinda\/\">\u00feennan pistil Egils Helgasonar<\/a>\u00a0\u00e1 Eyjunni. \u00a0\u00dea\u00f0 byrja\u00f0i me\u00f0 \u00fev\u00ed a\u00f0 \u00e9g skrifa\u00f0i umm\u00e6li \u00fear sem \u00e9g tala\u00f0i um heimsku og hroka sem \u00fe\u00e6tti \u00ed pers\u00f3nuleika Einars K. Gu\u00f0finnssonar, forseta Al\u00feingis. \u00a0Sk\u00f6mmu s\u00ed\u00f0ar ger\u00f0i Facebook-notandi sem kallar sig \u201eEyjan\u201c eftirfarandi athugasemd vi\u00f0 \u00fea\u00f0 sem \u00e9g haf\u00f0i sagt (h\u00e9r er\u00a0<a href=\"http:\/\/Eyjan-tr\u00f6llast-1\">skj\u00e1skot af \u00fer\u00e6\u00f0inum<\/a>):<\/div>\n<div><\/div>\n<p><!--more--><\/p>\n<blockquote>\n<div><\/div>\n<div>\u201eAthugasemdum \u00fear sem nafngreindir a\u00f0ilar eru sag\u00f0ir heimskir ver\u00f0ur eytt \u00fat og ef vi\u00f0komandi a\u00f0ilar gerast \u00edtreka\u00f0 sekir um sl\u00edkan munns\u00f6fnu\u00f0 ver\u00f0a \u00feeir \u00fatiloka\u00f0ur \u00far athugasemdakerfinu.\u201c<\/div>\n<div><\/div>\n<\/blockquote>\n<div>\u00c9g skrifa\u00f0i strax til ritstj\u00f3rnar Eyjunnar (ritstjorn@eyjan.is) og f\u00e9kk svar um h\u00e6l, fr\u00e1 Birni Inga Hrafnssyni, en hann er einn helsti eigandi Eyjunnar, Pressunnar og fleiri vefmi\u00f0la, og titlar sig \u201e\u00fatgefanda\u201c \u00feeirra. \u00a0Hann vildi ekki svara \u00fev\u00ed hva\u00f0a manneskja \u00fea\u00f0 v\u00e6ri sem tala\u00f0i h\u00e9r \u00ed nafni Eyjunnar, n\u00e9 heldur spurningum m\u00ednum um \u00fea\u00f0 sem \u00e9g segi fr\u00e1 s\u00ed\u00f0ar \u00ed \u00feessum pistli.<\/div>\n<div><\/div>\n<div>\u00d6fugt vi\u00f0 \u201eEyjuna\u201c\/Bj\u00f6rn Inga tel \u00e9g a\u00f0 \u00fea\u00f0 s\u00e9 \u00ed lagi a\u00f0 tala \u00ed miklu hvassara or\u00f0alagi um framg\u00f6ngu f\u00f3lks \u00ed opinberum valdast\u00f6\u00f0um en um \u201e\u00f3breytta\u201c. \u00a0\u00dea\u00f0 sem m\u00e9r finnst \u00fe\u00f3 verst vi\u00f0 \u00feessa afst\u00f6\u00f0u Bj\u00f6rns Inga er a\u00f0 \u00e9g tel mj\u00f6g varasamt a\u00f0 \u00e6tla a\u00f0 ritsko\u00f0a umr\u00e6\u00f0u um framkomu valdaf\u00f3lks me\u00f0 \u00feeim h\u00e6tti sem h\u00e9r var h\u00f3ta\u00f0. \u00a0\u00dea\u00f0 er allt of au\u00f0velt fyrir \u00fe\u00e1 sem r\u00e1\u00f0a fj\u00f6lmi\u00f0lum a\u00f0 stunda ritsko\u00f0un til a\u00f0 b\u00e6gja burt sko\u00f0unum sem vi\u00f0komandi er \u00f3s\u00e1ttur vi\u00f0, undir \u00fev\u00ed yfirvarpi a\u00f0 veri\u00f0 s\u00e9 a\u00f0 halda uppi kurteisi \u00ed umr\u00e6\u00f0unni. \u00a0\u00dea\u00f0 er enda mikill munur \u00e1 raunverulegu pers\u00f3nulegu sk\u00edtkasti annars vegar og hins vegar \u00fev\u00ed a\u00f0 tala um heimsku \u00ed f\u00f3lki \u00ed valdast\u00f6\u00f0um vegna \u00feess sem \u00fea\u00f0\u00a0<em>segir og gerir<\/em>\u00a0\u00ed krafti \u00feess valds. \u00a0Alveg s\u00e9rstaklega er \u00fea\u00f0 vont \u00feegar eigendur fj\u00f6lmi\u00f0la, sem hafa mikilla vi\u00f0skiptahagsmuna a\u00f0 g\u00e6ta, eru sj\u00e1lfir me\u00f0 fingurna beinl\u00ednis \u00ed ritsko\u00f0un \u00feegar r\u00e6tt er um p\u00f3lit\u00edskt valdaf\u00f3lk.<\/div>\n<div><\/div>\n<div>Ef ofangreind athugasemd \u201eEyjunnar\u201c hef\u00f0i veri\u00f0 \u00fea\u00f0 eina sem ger\u00f0ist \u00ed umr\u00e6\u00f0um vi\u00f0 \u00feennan pistil hef\u00f0i \u00e9g kannski ekki elt \u00f3lar vi\u00f0 \u00fea\u00f0 h\u00e9r. \u00a0En, me\u00f0 \u00feessu er sagan ekki \u00f6ll s\u00f6g\u00f0. \u00a0\u00d6rsk\u00f6mmu s\u00ed\u00f0ar ger\u00f0i \u201eEyjan\u201c eftirfarandi athugasemd vi\u00f0 umm\u00e6li m\u00edn \u00e1 \u00f6\u00f0rum \u00fer\u00e6\u00f0i vi\u00f0 sama pistil:<\/div>\n<div><\/div>\n<blockquote>\n<div>\u201eEinar Steingrimsson. \u00deetta er \u00f6nnur vi\u00f0v\u00f6run \u00ed kv\u00f6ld. \u00deeir sem uppnefna a\u00f0ra druslur geta \u00e1tt \u00e1 h\u00e6ttu a\u00f0 vera \u00fatiloka\u00f0ir fr\u00e1 athugasemdakerfinu.\u201c<\/div>\n<div><\/div>\n<\/blockquote>\n<div>\u00deessari athugasemd og h\u00f3tun \u201eEyjunnar\u201c var eytt sk\u00f6mmu eftir a\u00f0 \u00e9g spur\u00f0i hvort h\u00e9r v\u00e6ri alvara \u00e1 fer\u00f0. \u00a0Eins og sj\u00e1 m\u00e1 \u00e1\u00a0<a href=\"http:\/\/Eyjan-tr\u00f6llast-2\">\u00feessu skj\u00e1skoti<\/a>\u00a0er \u00feetta afar s\u00e9rkennileg athugasemd, og \u00e9g f\u00f3r \u00feegar h\u00e9r var komi\u00f0 s\u00f6gu (\u00e1\u00f0ur en \u00e9g skrifa\u00f0i ritstj\u00f3rninni) a\u00f0 velta fyrir m\u00e9r hvort \u201eEyjan\u201c v\u00e6ri bara nettr\u00f6ll sem v\u00e6ri a\u00f0 skemmta s\u00e9r, e\u00f0a hreinlega ein af \u00feessum manneskjum sem r\u00e1\u00f0a illa vi\u00f0 a\u00f0 tj\u00e1 sig s\u00f3masamlega \u00e1 netinu seint \u00e1 laugardagskv\u00f6ldum. \u00a0H\u00e9r er \u00fea\u00f0 nefnilega fr\u00e9ttama\u00f0urinn Heimir M\u00e1r P\u00e9tursson sem byrjar \u00fer\u00e1\u00f0inn og segir me\u00f0al annars:<\/div>\n<div><\/div>\n<blockquote>\n<div>\u201eHins vegar finnst m\u00e9r a\u00f0 kr\u00f6furnar \u00ed \u00feessum efnum s\u00e9u mun strangari \u00e1 karlpeninginn en konurnar, sem ver\u00f0ur a\u00f0 segjast eins og er, a\u00f0 margar hverjar hafa kl\u00e6tt sig eins og druslur \u00e1 Al\u00feingi \u00ed gegnum t\u00ed\u00f0ina.\u201c<\/div>\n<div><\/div>\n<\/blockquote>\n<div>M\u00e9r finnst \u00feetta sannarlega ekkert til a\u00f0 gera ve\u00f0ur \u00fat af, enda er engin \u00feingkona nefnd h\u00e9r. \u00a0M\u00edn athugasemd, sem var bara spurning um \u00fea\u00f0 hvort druslur m\u00e6ttu ekki vera \u00e1 Al\u00feingi eins og a\u00f0rir, er auglj\u00f3slega ekki umm\u00e6li um nokkra manneskju. \u00a0\u201eEyjunni\u201c fannst sem sagt engin \u00e1st\u00e6\u00f0a til a\u00f0 atyr\u00f0a Heimi M\u00e1 fyrir a\u00f0 segja a\u00f0 margar \u00feingkonur hef\u00f0u kl\u00e6tt sig eins og druslur, en hins vegar \u00e1st\u00e6\u00f0a til a\u00f0 skamma mig fyrir a\u00f0 spyrja hvort druslur m\u00e6ttu ekki sitja \u00e1 \u00feingi eins og a\u00f0rir.<\/div>\n<div><\/div>\n<div>\u00c9g ba\u00f0 \u201eEyjuna\u201c\/Bj\u00f6rn Inga, b\u00e6\u00f0i \u00e1 \u00f6\u00f0rum \u00feessara \u00fer\u00e1\u00f0a, og \u00ed \u00feeim p\u00f3stskiptum sem \u00e9g \u00e1tti vi\u00f0 hann, a\u00f0 svara nokkrum spurningum, m.a. hva\u00f0a reglur giltu um \u00feessi m\u00e1l \u00e1 Eyjunni, og eins spur\u00f0i \u00e9g hann \u00fat \u00ed \u00feessa s\u00e9rkennilegu athugasemd hans um druslurnar. \u00a0Hann vildi ekki svara \u00feeim spurningum.<\/div>\n<div><\/div>\n<div>\u00dea\u00f0 l\u00e6\u00f0ist a\u00f0 m\u00e9r s\u00e1 grunur a\u00f0 \u00fea\u00f0 hafi veri\u00f0 anna\u00f0 en umhyggjusemi um kurteisi \u00e1 Eyjunni sem dreif \u201eEyjuna\u201c\/Bj\u00f6rn Inga \u00e1fram \u00ed \u00feessari \u201ekurteisiherfer\u00f0\u201c. \u00a0Nefnilega a\u00f0 hann s\u00e9, sem eigandi mi\u00f0ilsins, a\u00f0 reyna a\u00f0 hafa \u00f3e\u00f0lileg \u00e1hrif \u00e1 umr\u00e6\u00f0una, me\u00f0 \u00fev\u00ed a\u00f0 \u00f3gna \u00feeim sem eru honum ekki \u00fe\u00f3knanlegir.<\/div>\n<div><\/div>\n","protected":false},"excerpt":{"rendered":"<p>\u00cd g\u00e6rkv\u00f6ldi lenti \u00e9g \u00ed athyglisver\u00f0u atviki \u00ed athugasemdakerfinu vi\u00f0\u00a0\u00feennan pistil Egils Helgasonar\u00a0\u00e1 Eyjunni. \u00a0\u00dea\u00f0 byrja\u00f0i me\u00f0 \u00fev\u00ed a\u00f0 \u00e9g skrifa\u00f0i umm\u00e6li \u00fear sem \u00e9g tala\u00f0i um heimsku og hroka sem \u00fe\u00e6tti \u00ed pers\u00f3nuleika Einars K. Gu\u00f0finnssonar, forseta Al\u00feingis. \u00a0Sk\u00f6mmu &hellip; <a href=\"https:\/\/www.norn.is\/einar\/2014\/01\/26\/bjorn-ingi-ad-ritskoda-eyjuna\/\">Halda \u00e1fram a\u00f0 lesa <span class=\"meta-nav\">&rarr;<\/span><\/a><\/p>\n","protected":false},"author":10,"featured_media":0,"comment_status":"open","ping_status":"open","sticky":false,"template":"","format":"standard","meta":{"footnotes":""},"categories":[1,16],"tags":[33,347,346,176],"class_list":["post-448","post","type-post","status-publish","format-standard","hentry","category-oflokkad","category-fjolmidlar","tag-bjorn-ingi-hrafnsson","tag-eyjan","tag-heimir-mar-petursson","tag-ritskodun"],"yoast_head":"<!-- This site is optimized with the Yoast SEO plugin v27.5 - https:\/\/yoast.com\/product\/yoast-seo-wordpress\/ -->\n<title>Bj\u00f6rn Ingi a\u00f0 ritsko\u00f0a Eyjuna? - Einar<\/title>\n<meta name=\"robots\" content=\"index, follow, max-snippet:-1, max-image-preview:large, max-video-preview:-1\" \/>\n<link rel=\"canonical\" href=\"https:\/\/www.norn.is\/einar\/2014\/01\/26\/bjorn-ingi-ad-ritskoda-eyjuna\/\" \/>\n<meta property=\"og:locale\" content=\"is_IS\" \/>\n<meta property=\"og:type\" content=\"article\" \/>\n<meta property=\"og:title\" content=\"Bj\u00f6rn Ingi a\u00f0 ritsko\u00f0a Eyjuna? - Einar\" \/>\n<meta property=\"og:description\" content=\"\u00cd g\u00e6rkv\u00f6ldi lenti \u00e9g \u00ed athyglisver\u00f0u atviki \u00ed athugasemdakerfinu vi\u00f0\u00a0\u00feennan pistil Egils Helgasonar\u00a0\u00e1 Eyjunni. \u00a0\u00dea\u00f0 byrja\u00f0i me\u00f0 \u00fev\u00ed a\u00f0 \u00e9g skrifa\u00f0i umm\u00e6li \u00fear sem \u00e9g tala\u00f0i um heimsku og hroka sem \u00fe\u00e6tti \u00ed pers\u00f3nuleika Einars K. Gu\u00f0finnssonar, forseta Al\u00feingis. \u00a0Sk\u00f6mmu &hellip; Halda \u00e1fram a\u00f0 lesa &rarr;\" \/>\n<meta property=\"og:url\" content=\"https:\/\/www.norn.is\/einar\/2014\/01\/26\/bjorn-ingi-ad-ritskoda-eyjuna\/\" \/>\n<meta property=\"og:site_name\" content=\"Einar\" \/>\n<meta property=\"article:published_time\" content=\"2014-01-26T14:58:29+00:00\" \/>\n<meta property=\"article:modified_time\" content=\"2017-09-24T11:03:00+00:00\" \/>\n<meta name=\"author\" content=\"einar\" \/>\n<meta name=\"twitter:card\" content=\"summary_large_image\" \/>\n<meta name=\"twitter:label1\" content=\"Written by\" \/>\n\t<meta name=\"twitter:data1\" content=\"\" \/>\n\t<meta name=\"twitter:label2\" content=\"Est. reading time\" \/>\n\t<meta name=\"twitter:data2\" content=\"4 minutes\" \/>\n<script type=\"application\/ld+json\" class=\"yoast-schema-graph\">{\"@context\":\"https:\\\/\\\/schema.org\",\"@graph\":[{\"@type\":\"Article\",\"@id\":\"https:\\\/\\\/www.norn.is\\\/einar\\\/2014\\\/01\\\/26\\\/bjorn-ingi-ad-ritskoda-eyjuna\\\/#article\",\"isPartOf\":{\"@id\":\"https:\\\/\\\/www.norn.is\\\/einar\\\/2014\\\/01\\\/26\\\/bjorn-ingi-ad-ritskoda-eyjuna\\\/\"},\"author\":{\"name\":\"einar\",\"@id\":\"https:\\\/\\\/www.norn.is\\\/einar\\\/#\\\/schema\\\/person\\\/19affadb841a22f7bfd4bdcd72a862d0\"},\"headline\":\"Bj\u00f6rn Ingi a\u00f0 ritsko\u00f0a Eyjuna?\",\"datePublished\":\"2014-01-26T14:58:29+00:00\",\"dateModified\":\"2017-09-24T11:03:00+00:00\",\"mainEntityOfPage\":{\"@id\":\"https:\\\/\\\/www.norn.is\\\/einar\\\/2014\\\/01\\\/26\\\/bjorn-ingi-ad-ritskoda-eyjuna\\\/\"},\"wordCount\":821,\"commentCount\":0,\"keywords\":[\"Bj\u00f6rn Ingi Hrafnsson\",\"Eyjan\",\"Heimir M\u00e1r P\u00e9tursson\",\"Ritsko\u00f0un\"],\"articleSection\":[\"Allt efni\",\"Fj\u00f6lmi\u00f0lar\"],\"inLanguage\":\"is\",\"potentialAction\":[{\"@type\":\"CommentAction\",\"name\":\"Comment\",\"target\":[\"https:\\\/\\\/www.norn.is\\\/einar\\\/2014\\\/01\\\/26\\\/bjorn-ingi-ad-ritskoda-eyjuna\\\/#respond\"]}]},{\"@type\":\"WebPage\",\"@id\":\"https:\\\/\\\/www.norn.is\\\/einar\\\/2014\\\/01\\\/26\\\/bjorn-ingi-ad-ritskoda-eyjuna\\\/\",\"url\":\"https:\\\/\\\/www.norn.is\\\/einar\\\/2014\\\/01\\\/26\\\/bjorn-ingi-ad-ritskoda-eyjuna\\\/\",\"name\":\"Bj\u00f6rn Ingi a\u00f0 ritsko\u00f0a Eyjuna? - Einar\",\"isPartOf\":{\"@id\":\"https:\\\/\\\/www.norn.is\\\/einar\\\/#website\"},\"datePublished\":\"2014-01-26T14:58:29+00:00\",\"dateModified\":\"2017-09-24T11:03:00+00:00\",\"author\":{\"@id\":\"https:\\\/\\\/www.norn.is\\\/einar\\\/#\\\/schema\\\/person\\\/19affadb841a22f7bfd4bdcd72a862d0\"},\"breadcrumb\":{\"@id\":\"https:\\\/\\\/www.norn.is\\\/einar\\\/2014\\\/01\\\/26\\\/bjorn-ingi-ad-ritskoda-eyjuna\\\/#breadcrumb\"},\"inLanguage\":\"is\",\"potentialAction\":[{\"@type\":\"ReadAction\",\"target\":[\"https:\\\/\\\/www.norn.is\\\/einar\\\/2014\\\/01\\\/26\\\/bjorn-ingi-ad-ritskoda-eyjuna\\\/\"]}]},{\"@type\":\"BreadcrumbList\",\"@id\":\"https:\\\/\\\/www.norn.is\\\/einar\\\/2014\\\/01\\\/26\\\/bjorn-ingi-ad-ritskoda-eyjuna\\\/#breadcrumb\",\"itemListElement\":[{\"@type\":\"ListItem\",\"position\":1,\"name\":\"Home\",\"item\":\"https:\\\/\\\/www.norn.is\\\/einar\\\/\"},{\"@type\":\"ListItem\",\"position\":2,\"name\":\"Bj\u00f6rn Ingi a\u00f0 ritsko\u00f0a Eyjuna?\"}]},{\"@type\":\"WebSite\",\"@id\":\"https:\\\/\\\/www.norn.is\\\/einar\\\/#website\",\"url\":\"https:\\\/\\\/www.norn.is\\\/einar\\\/\",\"name\":\"Einar\",\"description\":\"Pistlar Einars Steingr\u00edmssonar\",\"potentialAction\":[{\"@type\":\"SearchAction\",\"target\":{\"@type\":\"EntryPoint\",\"urlTemplate\":\"https:\\\/\\\/www.norn.is\\\/einar\\\/?s={search_term_string}\"},\"query-input\":{\"@type\":\"PropertyValueSpecification\",\"valueRequired\":true,\"valueName\":\"search_term_string\"}}],\"inLanguage\":\"is\"},{\"@type\":\"Person\",\"@id\":\"https:\\\/\\\/www.norn.is\\\/einar\\\/#\\\/schema\\\/person\\\/19affadb841a22f7bfd4bdcd72a862d0\",\"name\":\"einar\",\"image\":{\"@type\":\"ImageObject\",\"inLanguage\":\"is\",\"@id\":\"https:\\\/\\\/secure.gravatar.com\\\/avatar\\\/6f5f5592f3cc45e338376db24f1672c636582d9c27d855e8f077f13ef13b17fd?s=96&d=mm&r=g\",\"url\":\"https:\\\/\\\/secure.gravatar.com\\\/avatar\\\/6f5f5592f3cc45e338376db24f1672c636582d9c27d855e8f077f13ef13b17fd?s=96&d=mm&r=g\",\"contentUrl\":\"https:\\\/\\\/secure.gravatar.com\\\/avatar\\\/6f5f5592f3cc45e338376db24f1672c636582d9c27d855e8f077f13ef13b17fd?s=96&d=mm&r=g\",\"caption\":\"einar\"},\"url\":\"https:\\\/\\\/www.norn.is\\\/einar\\\/author\\\/einarsteingrimsson\\\/\"}]}<\/script>\n<!-- \/ Yoast SEO plugin. -->","yoast_head_json":{"title":"Bj\u00f6rn Ingi a\u00f0 ritsko\u00f0a Eyjuna? - Einar","robots":{"index":"index","follow":"follow","max-snippet":"max-snippet:-1","max-image-preview":"max-image-preview:large","max-video-preview":"max-video-preview:-1"},"canonical":"https:\/\/www.norn.is\/einar\/2014\/01\/26\/bjorn-ingi-ad-ritskoda-eyjuna\/","og_locale":"is_IS","og_type":"article","og_title":"Bj\u00f6rn Ingi a\u00f0 ritsko\u00f0a Eyjuna? - Einar","og_description":"\u00cd g\u00e6rkv\u00f6ldi lenti \u00e9g \u00ed athyglisver\u00f0u atviki \u00ed athugasemdakerfinu vi\u00f0\u00a0\u00feennan pistil Egils Helgasonar\u00a0\u00e1 Eyjunni. \u00a0\u00dea\u00f0 byrja\u00f0i me\u00f0 \u00fev\u00ed a\u00f0 \u00e9g skrifa\u00f0i umm\u00e6li \u00fear sem \u00e9g tala\u00f0i um heimsku og hroka sem \u00fe\u00e6tti \u00ed pers\u00f3nuleika Einars K. Gu\u00f0finnssonar, forseta Al\u00feingis. \u00a0Sk\u00f6mmu &hellip; Halda \u00e1fram a\u00f0 lesa &rarr;","og_url":"https:\/\/www.norn.is\/einar\/2014\/01\/26\/bjorn-ingi-ad-ritskoda-eyjuna\/","og_site_name":"Einar","article_published_time":"2014-01-26T14:58:29+00:00","article_modified_time":"2017-09-24T11:03:00+00:00","author":"einar","twitter_card":"summary_large_image","twitter_misc":{"Written by":false,"Est. reading time":"4 minutes"},"schema":{"@context":"https:\/\/schema.org","@graph":[{"@type":"Article","@id":"https:\/\/www.norn.is\/einar\/2014\/01\/26\/bjorn-ingi-ad-ritskoda-eyjuna\/#article","isPartOf":{"@id":"https:\/\/www.norn.is\/einar\/2014\/01\/26\/bjorn-ingi-ad-ritskoda-eyjuna\/"},"author":{"name":"einar","@id":"https:\/\/www.norn.is\/einar\/#\/schema\/person\/19affadb841a22f7bfd4bdcd72a862d0"},"headline":"Bj\u00f6rn Ingi a\u00f0 ritsko\u00f0a Eyjuna?","datePublished":"2014-01-26T14:58:29+00:00","dateModified":"2017-09-24T11:03:00+00:00","mainEntityOfPage":{"@id":"https:\/\/www.norn.is\/einar\/2014\/01\/26\/bjorn-ingi-ad-ritskoda-eyjuna\/"},"wordCount":821,"commentCount":0,"keywords":["Bj\u00f6rn Ingi Hrafnsson","Eyjan","Heimir M\u00e1r P\u00e9tursson","Ritsko\u00f0un"],"articleSection":["Allt efni","Fj\u00f6lmi\u00f0lar"],"inLanguage":"is","potentialAction":[{"@type":"CommentAction","name":"Comment","target":["https:\/\/www.norn.is\/einar\/2014\/01\/26\/bjorn-ingi-ad-ritskoda-eyjuna\/#respond"]}]},{"@type":"WebPage","@id":"https:\/\/www.norn.is\/einar\/2014\/01\/26\/bjorn-ingi-ad-ritskoda-eyjuna\/","url":"https:\/\/www.norn.is\/einar\/2014\/01\/26\/bjorn-ingi-ad-ritskoda-eyjuna\/","name":"Bj\u00f6rn Ingi a\u00f0 ritsko\u00f0a Eyjuna? - Einar","isPartOf":{"@id":"https:\/\/www.norn.is\/einar\/#website"},"datePublished":"2014-01-26T14:58:29+00:00","dateModified":"2017-09-24T11:03:00+00:00","author":{"@id":"https:\/\/www.norn.is\/einar\/#\/schema\/person\/19affadb841a22f7bfd4bdcd72a862d0"},"breadcrumb":{"@id":"https:\/\/www.norn.is\/einar\/2014\/01\/26\/bjorn-ingi-ad-ritskoda-eyjuna\/#breadcrumb"},"inLanguage":"is","potentialAction":[{"@type":"ReadAction","target":["https:\/\/www.norn.is\/einar\/2014\/01\/26\/bjorn-ingi-ad-ritskoda-eyjuna\/"]}]},{"@type":"BreadcrumbList","@id":"https:\/\/www.norn.is\/einar\/2014\/01\/26\/bjorn-ingi-ad-ritskoda-eyjuna\/#breadcrumb","itemListElement":[{"@type":"ListItem","position":1,"name":"Home","item":"https:\/\/www.norn.is\/einar\/"},{"@type":"ListItem","position":2,"name":"Bj\u00f6rn Ingi a\u00f0 ritsko\u00f0a Eyjuna?"}]},{"@type":"WebSite","@id":"https:\/\/www.norn.is\/einar\/#website","url":"https:\/\/www.norn.is\/einar\/","name":"Einar","description":"Pistlar Einars Steingr\u00edmssonar","potentialAction":[{"@type":"SearchAction","target":{"@type":"EntryPoint","urlTemplate":"https:\/\/www.norn.is\/einar\/?s={search_term_string}"},"query-input":{"@type":"PropertyValueSpecification","valueRequired":true,"valueName":"search_term_string"}}],"inLanguage":"is"},{"@type":"Person","@id":"https:\/\/www.norn.is\/einar\/#\/schema\/person\/19affadb841a22f7bfd4bdcd72a862d0","name":"einar","image":{"@type":"ImageObject","inLanguage":"is","@id":"https:\/\/secure.gravatar.com\/avatar\/6f5f5592f3cc45e338376db24f1672c636582d9c27d855e8f077f13ef13b17fd?s=96&d=mm&r=g","url":"https:\/\/secure.gravatar.com\/avatar\/6f5f5592f3cc45e338376db24f1672c636582d9c27d855e8f077f13ef13b17fd?s=96&d=mm&r=g","contentUrl":"https:\/\/secure.gravatar.com\/avatar\/6f5f5592f3cc45e338376db24f1672c636582d9c27d855e8f077f13ef13b17fd?s=96&d=mm&r=g","caption":"einar"},"url":"https:\/\/www.norn.is\/einar\/author\/einarsteingrimsson\/"}]}},"_links":{"self":[{"href":"https:\/\/www.norn.is\/einar\/wp-json\/wp\/v2\/posts\/448","targetHints":{"allow":["GET"]}}],"collection":[{"href":"https:\/\/www.norn.is\/einar\/wp-json\/wp\/v2\/posts"}],"about":[{"href":"https:\/\/www.norn.is\/einar\/wp-json\/wp\/v2\/types\/post"}],"author":[{"embeddable":true,"href":"https:\/\/www.norn.is\/einar\/wp-json\/wp\/v2\/users\/10"}],"replies":[{"embeddable":true,"href":"https:\/\/www.norn.is\/einar\/wp-json\/wp\/v2\/comments?post=448"}],"version-history":[{"count":3,"href":"https:\/\/www.norn.is\/einar\/wp-json\/wp\/v2\/posts\/448\/revisions"}],"predecessor-version":[{"id":453,"href":"https:\/\/www.norn.is\/einar\/wp-json\/wp\/v2\/posts\/448\/revisions\/453"}],"wp:attachment":[{"href":"https:\/\/www.norn.is\/einar\/wp-json\/wp\/v2\/media?parent=448"}],"wp:term":[{"taxonomy":"category","embeddable":true,"href":"https:\/\/www.norn.is\/einar\/wp-json\/wp\/v2\/categories?post=448"},{"taxonomy":"post_tag","embeddable":true,"href":"https:\/\/www.norn.is\/einar\/wp-json\/wp\/v2\/tags?post=448"}],"curies":[{"name":"wp","href":"https:\/\/api.w.org\/{rel}","templated":true}]}}