{"id":442,"date":"2014-01-08T14:51:50","date_gmt":"2014-01-08T14:51:50","guid":{"rendered":"http:\/\/www.norn.is\/einar\/?p=442"},"modified":"2017-09-24T11:03:00","modified_gmt":"2017-09-24T11:03:00","slug":"vinnur-gylfi-arnbjornsson-fyrir-sa","status":"publish","type":"post","link":"https:\/\/www.norn.is\/einar\/2014\/01\/08\/vinnur-gylfi-arnbjornsson-fyrir-sa\/","title":{"rendered":"Vinnur Gylfi Arnbj\u00f6rnsson fyrir SA?"},"content":{"rendered":"<div>\u00cd\u00a0<a href=\"http:\/\/www.ruv.is\/sarpurinn\/kastljos\/07012014-1\">Kastlj\u00f3si \u00ed g\u00e6rkv\u00f6ldi<\/a>\u00a0byrja\u00f0i Gylfi Arnbj\u00f6rnsson, forseti AS\u00cd, \u00e1 \u00fev\u00ed a\u00f0 \u00fatsk\u00fdra a\u00f0 Samt\u00f6k atvinnul\u00edfsins hef\u00f0u \u00ed upphafi vi\u00f0r\u00e6\u00f0na um n\u00fdger\u00f0a kjarasamninga l\u00fdst yfir a\u00f0 \u00feau vildu ekki meira en 2% launah\u00e6kkun, og Gylfi tala\u00f0i eins og \u00fea\u00f0 hef\u00f0i gert samningana erfi\u00f0a. \u00a0Gylfi endurt\u00f3k \u00feessa m\u00f6ntru nokkrum sinnum \u00ed \u00fe\u00e6ttinum, \u00ed svol\u00edti\u00f0 mismunandi formi.<\/div>\n<p><!--more--><\/p>\n<div><\/div>\n<div>Forystuma\u00f0ur AS\u00cd sem l\u00fdsir \u00feessu yfir, og notar \u00fea\u00f0 sem afs\u00f6kun fyrir arfal\u00e9legum samningum, er a\u00f0 segja SA a\u00f0 \u00feau geti r\u00e1\u00f0i\u00f0 ni\u00f0urst\u00f6\u00f0u samninga, me\u00f0 \u00fev\u00ed bara a\u00f0 sl\u00e1 r\u00e9tta t\u00f3ninn \u00ed upphafi. \u00a0Fyrir hverja vinnur Gylfi?<\/div>\n<div><\/div>\n<div>Gylfi lag\u00f0i l\u00edka mikla \u00e1herslu, aftur og aftur, \u00e1 nau\u00f0syn \u00feess a\u00f0 h\u00e6kka laun l\u00edti\u00f0 til a\u00f0 koma \u00ed veg fyrir ver\u00f0b\u00f3lgu, og kaupm\u00e1ttarr\u00fdrnun samfara henni, en samningarnir sem n\u00fa voru ger\u00f0ir eru reyndar \u00e1v\u00edsun \u00e1 launal\u00e6kkun, mi\u00f0a\u00f0 vi\u00f0 a\u00f0 ver\u00f0b\u00f3lga ver\u00f0i \u00e1 svipu\u00f0u r\u00f3li og s\u00ed\u00f0asta \u00e1ri\u00f0. \u00a0Ef Gylfi og SA tr\u00faa \u00fev\u00ed a\u00f0 haldi\u00f0 ver\u00f0i aftur af ver\u00f0b\u00f3lgunni me\u00f0 \u00feessum samningum, af hverju eru \u00fe\u00e1 launin sem um var sami\u00f0 ekki ver\u00f0trygg\u00f0?<\/div>\n<div><\/div>\n<div>Gylfa var\u00f0 einnig t\u00ed\u00f0r\u00e6tt um st\u00f6\u00f0ugleika, en st\u00f6\u00f0ugleiki er j\u00fa um \u00fea\u00f0 bil \u00f3breytt \u00e1stand. \u00a0Fyrir f\u00f3lk me\u00f0 200 \u00fe\u00fasund kr\u00f3nur \u00ed m\u00e1na\u00f0arlaun er st\u00f6\u00f0ugleiki \u00e1l\u00edka eftirs\u00f3knarver\u00f0ur og \u00f3breytt \u00e1stand er fyrir manneskju sem falli\u00f0 hefur \u00fatbyr\u00f0is af togara fyrir nor\u00f0an land \u00ed byrjun jan\u00faar.<\/div>\n","protected":false},"excerpt":{"rendered":"<p>\u00cd\u00a0Kastlj\u00f3si \u00ed g\u00e6rkv\u00f6ldi\u00a0byrja\u00f0i Gylfi Arnbj\u00f6rnsson, forseti AS\u00cd, \u00e1 \u00fev\u00ed a\u00f0 \u00fatsk\u00fdra a\u00f0 Samt\u00f6k atvinnul\u00edfsins hef\u00f0u \u00ed upphafi vi\u00f0r\u00e6\u00f0na um n\u00fdger\u00f0a kjarasamninga l\u00fdst yfir a\u00f0 \u00feau vildu ekki meira en 2% launah\u00e6kkun, og Gylfi tala\u00f0i eins og \u00fea\u00f0 hef\u00f0i gert samningana &hellip; <a href=\"https:\/\/www.norn.is\/einar\/2014\/01\/08\/vinnur-gylfi-arnbjornsson-fyrir-sa\/\">Halda \u00e1fram a\u00f0 lesa <span class=\"meta-nav\">&rarr;<\/span><\/a><\/p>\n","protected":false},"author":10,"featured_media":0,"comment_status":"open","ping_status":"open","sticky":false,"template":"","format":"standard","meta":{"footnotes":""},"categories":[1,161],"tags":[162,342,22,124],"class_list":["post-442","post","type-post","status-publish","format-standard","hentry","category-oflokkad","category-lifskjor","tag-asi","tag-gylfi-arnbjornsson","tag-samtok-atvinnulifsins","tag-verdtrygging"],"yoast_head":"<!-- This site is optimized with the Yoast SEO plugin v27.5 - https:\/\/yoast.com\/product\/yoast-seo-wordpress\/ -->\n<title>Vinnur Gylfi Arnbj\u00f6rnsson fyrir SA? - Einar<\/title>\n<meta name=\"robots\" content=\"index, follow, max-snippet:-1, max-image-preview:large, max-video-preview:-1\" \/>\n<link rel=\"canonical\" href=\"https:\/\/www.norn.is\/einar\/2014\/01\/08\/vinnur-gylfi-arnbjornsson-fyrir-sa\/\" \/>\n<meta property=\"og:locale\" content=\"is_IS\" \/>\n<meta property=\"og:type\" content=\"article\" \/>\n<meta property=\"og:title\" content=\"Vinnur Gylfi Arnbj\u00f6rnsson fyrir SA? - Einar\" \/>\n<meta property=\"og:description\" content=\"\u00cd\u00a0Kastlj\u00f3si \u00ed g\u00e6rkv\u00f6ldi\u00a0byrja\u00f0i Gylfi Arnbj\u00f6rnsson, forseti AS\u00cd, \u00e1 \u00fev\u00ed a\u00f0 \u00fatsk\u00fdra a\u00f0 Samt\u00f6k atvinnul\u00edfsins hef\u00f0u \u00ed upphafi vi\u00f0r\u00e6\u00f0na um n\u00fdger\u00f0a kjarasamninga l\u00fdst yfir a\u00f0 \u00feau vildu ekki meira en 2% launah\u00e6kkun, og Gylfi tala\u00f0i eins og \u00fea\u00f0 hef\u00f0i gert samningana &hellip; Halda \u00e1fram a\u00f0 lesa &rarr;\" \/>\n<meta property=\"og:url\" content=\"https:\/\/www.norn.is\/einar\/2014\/01\/08\/vinnur-gylfi-arnbjornsson-fyrir-sa\/\" \/>\n<meta property=\"og:site_name\" content=\"Einar\" \/>\n<meta property=\"article:published_time\" content=\"2014-01-08T14:51:50+00:00\" \/>\n<meta property=\"article:modified_time\" content=\"2017-09-24T11:03:00+00:00\" \/>\n<meta name=\"author\" content=\"einar\" \/>\n<meta name=\"twitter:card\" content=\"summary_large_image\" \/>\n<meta name=\"twitter:label1\" content=\"Written by\" \/>\n\t<meta name=\"twitter:data1\" content=\"\" \/>\n\t<meta name=\"twitter:label2\" content=\"Est. reading time\" \/>\n\t<meta name=\"twitter:data2\" content=\"1 minute\" \/>\n<script type=\"application\/ld+json\" class=\"yoast-schema-graph\">{\"@context\":\"https:\\\/\\\/schema.org\",\"@graph\":[{\"@type\":\"Article\",\"@id\":\"https:\\\/\\\/www.norn.is\\\/einar\\\/2014\\\/01\\\/08\\\/vinnur-gylfi-arnbjornsson-fyrir-sa\\\/#article\",\"isPartOf\":{\"@id\":\"https:\\\/\\\/www.norn.is\\\/einar\\\/2014\\\/01\\\/08\\\/vinnur-gylfi-arnbjornsson-fyrir-sa\\\/\"},\"author\":{\"name\":\"einar\",\"@id\":\"https:\\\/\\\/www.norn.is\\\/einar\\\/#\\\/schema\\\/person\\\/19affadb841a22f7bfd4bdcd72a862d0\"},\"headline\":\"Vinnur Gylfi Arnbj\u00f6rnsson fyrir SA?\",\"datePublished\":\"2014-01-08T14:51:50+00:00\",\"dateModified\":\"2017-09-24T11:03:00+00:00\",\"mainEntityOfPage\":{\"@id\":\"https:\\\/\\\/www.norn.is\\\/einar\\\/2014\\\/01\\\/08\\\/vinnur-gylfi-arnbjornsson-fyrir-sa\\\/\"},\"wordCount\":270,\"commentCount\":0,\"keywords\":[\"AS\u00cd\",\"Gylfi Arnbj\u00f6rnsson\",\"Samt\u00f6k atvinnul\u00edfsins\",\"Ver\u00f0trygging\"],\"articleSection\":[\"Allt efni\",\"L\u00edfskj\u00f6r, vinnumarka\u00f0ur, h\u00fasn\u00e6\u00f0ism\u00e1l o.fl\"],\"inLanguage\":\"is\",\"potentialAction\":[{\"@type\":\"CommentAction\",\"name\":\"Comment\",\"target\":[\"https:\\\/\\\/www.norn.is\\\/einar\\\/2014\\\/01\\\/08\\\/vinnur-gylfi-arnbjornsson-fyrir-sa\\\/#respond\"]}]},{\"@type\":\"WebPage\",\"@id\":\"https:\\\/\\\/www.norn.is\\\/einar\\\/2014\\\/01\\\/08\\\/vinnur-gylfi-arnbjornsson-fyrir-sa\\\/\",\"url\":\"https:\\\/\\\/www.norn.is\\\/einar\\\/2014\\\/01\\\/08\\\/vinnur-gylfi-arnbjornsson-fyrir-sa\\\/\",\"name\":\"Vinnur Gylfi Arnbj\u00f6rnsson fyrir SA? - Einar\",\"isPartOf\":{\"@id\":\"https:\\\/\\\/www.norn.is\\\/einar\\\/#website\"},\"datePublished\":\"2014-01-08T14:51:50+00:00\",\"dateModified\":\"2017-09-24T11:03:00+00:00\",\"author\":{\"@id\":\"https:\\\/\\\/www.norn.is\\\/einar\\\/#\\\/schema\\\/person\\\/19affadb841a22f7bfd4bdcd72a862d0\"},\"breadcrumb\":{\"@id\":\"https:\\\/\\\/www.norn.is\\\/einar\\\/2014\\\/01\\\/08\\\/vinnur-gylfi-arnbjornsson-fyrir-sa\\\/#breadcrumb\"},\"inLanguage\":\"is\",\"potentialAction\":[{\"@type\":\"ReadAction\",\"target\":[\"https:\\\/\\\/www.norn.is\\\/einar\\\/2014\\\/01\\\/08\\\/vinnur-gylfi-arnbjornsson-fyrir-sa\\\/\"]}]},{\"@type\":\"BreadcrumbList\",\"@id\":\"https:\\\/\\\/www.norn.is\\\/einar\\\/2014\\\/01\\\/08\\\/vinnur-gylfi-arnbjornsson-fyrir-sa\\\/#breadcrumb\",\"itemListElement\":[{\"@type\":\"ListItem\",\"position\":1,\"name\":\"Home\",\"item\":\"https:\\\/\\\/www.norn.is\\\/einar\\\/\"},{\"@type\":\"ListItem\",\"position\":2,\"name\":\"Vinnur Gylfi Arnbj\u00f6rnsson fyrir SA?\"}]},{\"@type\":\"WebSite\",\"@id\":\"https:\\\/\\\/www.norn.is\\\/einar\\\/#website\",\"url\":\"https:\\\/\\\/www.norn.is\\\/einar\\\/\",\"name\":\"Einar\",\"description\":\"Pistlar Einars Steingr\u00edmssonar\",\"potentialAction\":[{\"@type\":\"SearchAction\",\"target\":{\"@type\":\"EntryPoint\",\"urlTemplate\":\"https:\\\/\\\/www.norn.is\\\/einar\\\/?s={search_term_string}\"},\"query-input\":{\"@type\":\"PropertyValueSpecification\",\"valueRequired\":true,\"valueName\":\"search_term_string\"}}],\"inLanguage\":\"is\"},{\"@type\":\"Person\",\"@id\":\"https:\\\/\\\/www.norn.is\\\/einar\\\/#\\\/schema\\\/person\\\/19affadb841a22f7bfd4bdcd72a862d0\",\"name\":\"einar\",\"image\":{\"@type\":\"ImageObject\",\"inLanguage\":\"is\",\"@id\":\"https:\\\/\\\/secure.gravatar.com\\\/avatar\\\/6f5f5592f3cc45e338376db24f1672c636582d9c27d855e8f077f13ef13b17fd?s=96&d=mm&r=g\",\"url\":\"https:\\\/\\\/secure.gravatar.com\\\/avatar\\\/6f5f5592f3cc45e338376db24f1672c636582d9c27d855e8f077f13ef13b17fd?s=96&d=mm&r=g\",\"contentUrl\":\"https:\\\/\\\/secure.gravatar.com\\\/avatar\\\/6f5f5592f3cc45e338376db24f1672c636582d9c27d855e8f077f13ef13b17fd?s=96&d=mm&r=g\",\"caption\":\"einar\"},\"url\":\"https:\\\/\\\/www.norn.is\\\/einar\\\/author\\\/einarsteingrimsson\\\/\"}]}<\/script>\n<!-- \/ Yoast SEO plugin. -->","yoast_head_json":{"title":"Vinnur Gylfi Arnbj\u00f6rnsson fyrir SA? - Einar","robots":{"index":"index","follow":"follow","max-snippet":"max-snippet:-1","max-image-preview":"max-image-preview:large","max-video-preview":"max-video-preview:-1"},"canonical":"https:\/\/www.norn.is\/einar\/2014\/01\/08\/vinnur-gylfi-arnbjornsson-fyrir-sa\/","og_locale":"is_IS","og_type":"article","og_title":"Vinnur Gylfi Arnbj\u00f6rnsson fyrir SA? - Einar","og_description":"\u00cd\u00a0Kastlj\u00f3si \u00ed g\u00e6rkv\u00f6ldi\u00a0byrja\u00f0i Gylfi Arnbj\u00f6rnsson, forseti AS\u00cd, \u00e1 \u00fev\u00ed a\u00f0 \u00fatsk\u00fdra a\u00f0 Samt\u00f6k atvinnul\u00edfsins hef\u00f0u \u00ed upphafi vi\u00f0r\u00e6\u00f0na um n\u00fdger\u00f0a kjarasamninga l\u00fdst yfir a\u00f0 \u00feau vildu ekki meira en 2% launah\u00e6kkun, og Gylfi tala\u00f0i eins og \u00fea\u00f0 hef\u00f0i gert samningana &hellip; Halda \u00e1fram a\u00f0 lesa &rarr;","og_url":"https:\/\/www.norn.is\/einar\/2014\/01\/08\/vinnur-gylfi-arnbjornsson-fyrir-sa\/","og_site_name":"Einar","article_published_time":"2014-01-08T14:51:50+00:00","article_modified_time":"2017-09-24T11:03:00+00:00","author":"einar","twitter_card":"summary_large_image","twitter_misc":{"Written by":false,"Est. reading time":"1 minute"},"schema":{"@context":"https:\/\/schema.org","@graph":[{"@type":"Article","@id":"https:\/\/www.norn.is\/einar\/2014\/01\/08\/vinnur-gylfi-arnbjornsson-fyrir-sa\/#article","isPartOf":{"@id":"https:\/\/www.norn.is\/einar\/2014\/01\/08\/vinnur-gylfi-arnbjornsson-fyrir-sa\/"},"author":{"name":"einar","@id":"https:\/\/www.norn.is\/einar\/#\/schema\/person\/19affadb841a22f7bfd4bdcd72a862d0"},"headline":"Vinnur Gylfi Arnbj\u00f6rnsson fyrir SA?","datePublished":"2014-01-08T14:51:50+00:00","dateModified":"2017-09-24T11:03:00+00:00","mainEntityOfPage":{"@id":"https:\/\/www.norn.is\/einar\/2014\/01\/08\/vinnur-gylfi-arnbjornsson-fyrir-sa\/"},"wordCount":270,"commentCount":0,"keywords":["AS\u00cd","Gylfi Arnbj\u00f6rnsson","Samt\u00f6k atvinnul\u00edfsins","Ver\u00f0trygging"],"articleSection":["Allt efni","L\u00edfskj\u00f6r, vinnumarka\u00f0ur, h\u00fasn\u00e6\u00f0ism\u00e1l o.fl"],"inLanguage":"is","potentialAction":[{"@type":"CommentAction","name":"Comment","target":["https:\/\/www.norn.is\/einar\/2014\/01\/08\/vinnur-gylfi-arnbjornsson-fyrir-sa\/#respond"]}]},{"@type":"WebPage","@id":"https:\/\/www.norn.is\/einar\/2014\/01\/08\/vinnur-gylfi-arnbjornsson-fyrir-sa\/","url":"https:\/\/www.norn.is\/einar\/2014\/01\/08\/vinnur-gylfi-arnbjornsson-fyrir-sa\/","name":"Vinnur Gylfi Arnbj\u00f6rnsson fyrir SA? - Einar","isPartOf":{"@id":"https:\/\/www.norn.is\/einar\/#website"},"datePublished":"2014-01-08T14:51:50+00:00","dateModified":"2017-09-24T11:03:00+00:00","author":{"@id":"https:\/\/www.norn.is\/einar\/#\/schema\/person\/19affadb841a22f7bfd4bdcd72a862d0"},"breadcrumb":{"@id":"https:\/\/www.norn.is\/einar\/2014\/01\/08\/vinnur-gylfi-arnbjornsson-fyrir-sa\/#breadcrumb"},"inLanguage":"is","potentialAction":[{"@type":"ReadAction","target":["https:\/\/www.norn.is\/einar\/2014\/01\/08\/vinnur-gylfi-arnbjornsson-fyrir-sa\/"]}]},{"@type":"BreadcrumbList","@id":"https:\/\/www.norn.is\/einar\/2014\/01\/08\/vinnur-gylfi-arnbjornsson-fyrir-sa\/#breadcrumb","itemListElement":[{"@type":"ListItem","position":1,"name":"Home","item":"https:\/\/www.norn.is\/einar\/"},{"@type":"ListItem","position":2,"name":"Vinnur Gylfi Arnbj\u00f6rnsson fyrir SA?"}]},{"@type":"WebSite","@id":"https:\/\/www.norn.is\/einar\/#website","url":"https:\/\/www.norn.is\/einar\/","name":"Einar","description":"Pistlar Einars Steingr\u00edmssonar","potentialAction":[{"@type":"SearchAction","target":{"@type":"EntryPoint","urlTemplate":"https:\/\/www.norn.is\/einar\/?s={search_term_string}"},"query-input":{"@type":"PropertyValueSpecification","valueRequired":true,"valueName":"search_term_string"}}],"inLanguage":"is"},{"@type":"Person","@id":"https:\/\/www.norn.is\/einar\/#\/schema\/person\/19affadb841a22f7bfd4bdcd72a862d0","name":"einar","image":{"@type":"ImageObject","inLanguage":"is","@id":"https:\/\/secure.gravatar.com\/avatar\/6f5f5592f3cc45e338376db24f1672c636582d9c27d855e8f077f13ef13b17fd?s=96&d=mm&r=g","url":"https:\/\/secure.gravatar.com\/avatar\/6f5f5592f3cc45e338376db24f1672c636582d9c27d855e8f077f13ef13b17fd?s=96&d=mm&r=g","contentUrl":"https:\/\/secure.gravatar.com\/avatar\/6f5f5592f3cc45e338376db24f1672c636582d9c27d855e8f077f13ef13b17fd?s=96&d=mm&r=g","caption":"einar"},"url":"https:\/\/www.norn.is\/einar\/author\/einarsteingrimsson\/"}]}},"_links":{"self":[{"href":"https:\/\/www.norn.is\/einar\/wp-json\/wp\/v2\/posts\/442","targetHints":{"allow":["GET"]}}],"collection":[{"href":"https:\/\/www.norn.is\/einar\/wp-json\/wp\/v2\/posts"}],"about":[{"href":"https:\/\/www.norn.is\/einar\/wp-json\/wp\/v2\/types\/post"}],"author":[{"embeddable":true,"href":"https:\/\/www.norn.is\/einar\/wp-json\/wp\/v2\/users\/10"}],"replies":[{"embeddable":true,"href":"https:\/\/www.norn.is\/einar\/wp-json\/wp\/v2\/comments?post=442"}],"version-history":[{"count":1,"href":"https:\/\/www.norn.is\/einar\/wp-json\/wp\/v2\/posts\/442\/revisions"}],"predecessor-version":[{"id":443,"href":"https:\/\/www.norn.is\/einar\/wp-json\/wp\/v2\/posts\/442\/revisions\/443"}],"wp:attachment":[{"href":"https:\/\/www.norn.is\/einar\/wp-json\/wp\/v2\/media?parent=442"}],"wp:term":[{"taxonomy":"category","embeddable":true,"href":"https:\/\/www.norn.is\/einar\/wp-json\/wp\/v2\/categories?post=442"},{"taxonomy":"post_tag","embeddable":true,"href":"https:\/\/www.norn.is\/einar\/wp-json\/wp\/v2\/tags?post=442"}],"curies":[{"name":"wp","href":"https:\/\/api.w.org\/{rel}","templated":true}]}}