{"id":44,"date":"2011-02-14T12:02:02","date_gmt":"2011-02-14T12:02:02","guid":{"rendered":"http:\/\/www.norn.is\/einar\/?p=44"},"modified":"2017-09-24T11:05:42","modified_gmt":"2017-09-24T11:05:42","slug":"askorun-til-bjorns-inga-hrafnssonar","status":"publish","type":"post","link":"https:\/\/www.norn.is\/einar\/2011\/02\/14\/askorun-til-bjorns-inga-hrafnssonar\/","title":{"rendered":"\u00c1skorun til Bj\u00f6rns Inga Hrafnssonar"},"content":{"rendered":"<p>Bj\u00f6rn Ingi Hrafnsson er n\u00fdlega or\u00f0inn einn af eigendum Eyjunnar.\u00a0 Hann er l\u00edka stj\u00f3rnarforma\u00f0ur Eyjunnar og einnig Vefpressunnar, sem er eigandi Eyjunnar, Pressunnar og fleiri vefmi\u00f0la.\u00a0 Auk \u00feessa titlar Bj\u00f6rn sig \u201e\u00fatgefanda\u201c Eyjunnar.\u00a0 \u00dea\u00f0 er ekki alveg n\u00fdtt \u00e1 \u00cdslandi, \u00fev\u00ed \u00d3skar Magn\u00fasson t\u00f3k s\u00e9r \u00feennan titil \u00e1 Morgunbla\u00f0inu sk\u00f6mmu \u00e1\u00f0ur en Dav\u00ed\u00f0 Oddsson var ger\u00f0ur a\u00f0 ritstj\u00f3ra, en \u00feetta er l\u00edka \u00feekkt \u00e1 nokkrum fr\u00e6gum dagbl\u00f6\u00f0um erlendis, eins og New York Times og Washington Post.\u00a0 \u00deessi titill sem Bj\u00f6rn hefur s\u00e6mt sig bendir til a\u00f0 hann \u00e6tli a\u00f0 hafa afskipti af ritstj\u00f3rnarstefnu Eyjunnar e\u00f0a jafnvel \u00e1kvar\u00f0a hana einn.<!--more--><\/p>\n<p>\u00dev\u00ed er \u00e1st\u00e6\u00f0a til a\u00f0 \u00fe\u00fdfga Bj\u00f6rn um stefnu hans \u00e1 \u00feessum vettvangi, svo lesendum Eyjunnar megi lj\u00f3st vera vi\u00f0 hverju er a\u00f0 b\u00faast.\u00a0 \u00dea\u00f0 er s\u00e9rstaklega mikilv\u00e6gt \u00ed lj\u00f3si \u00feess a\u00f0 h\u00e9r var\u00f0 n\u00fdlega efnahagshrun, sem hefur e\u00f0lilega haft mikil \u00e1hrif \u00e1 fj\u00f6lmi\u00f0lun \u00ed landinu, og mun hafa lengi enn, enda ver\u00f0a eftirk\u00f6st hrunsins v\u00e6ntanlega eitt af helstu umfj\u00f6llunarefnum fj\u00f6lmi\u00f0la n\u00e6stu \u00e1rin.<\/p>\n<p>Bj\u00f6rn hefur ekki veri\u00f0 stikkfr\u00ed var\u00f0andi hruni\u00f0 og \u00e1litam\u00e1l sem upp hafa komi\u00f0 \u00ed tengslum vi\u00f0 \u00fea\u00f0.\u00a0 Hann l\u00e9k talsvert hlutverk \u00ed stj\u00f3rnm\u00e1lum Reykjav\u00edkurborgar sk\u00f6mmu fyrir hrun, \u00fear sem afdrifar\u00edkar \u00e1kvar\u00f0anir voru teknar um Orkuveitu Reykjav\u00edkur, og einnig hafa veri\u00f0 fr\u00e9ttir \u00ed fj\u00f6lmi\u00f0lum um \u00f3e\u00f0lileg k\u00falul\u00e1n sem Bj\u00f6rn \u00e1 a\u00f0 hafa \u00feegi\u00f0,<\/p>\n<p>\u00dea\u00f0 er \u00f3\u00fe\u00e6gilegt, svo ekki s\u00e9 kve\u00f0i\u00f0 fastar a\u00f0 or\u00f0i, \u00feegar f\u00f3lk me\u00f0 fort\u00ed\u00f0 \u00ed forystu stj\u00f3rnm\u00e1lanna, og tengsl vi\u00f0 umdeilda fj\u00e1rm\u00e1lafyrirgrei\u00f0slu \u00ed darra\u00f0adansinum fyrir hrun, leggur undir sig fj\u00f6lmi\u00f0la.<\/p>\n<p>\u00dev\u00ed er h\u00e9r me\u00f0 skora\u00f0 \u00e1 Bj\u00f6rn Inga a\u00f0 hann l\u00fdsi me\u00f0 sk\u00fdrum h\u00e6tti \u00feeirri stefnu sem fylgt ver\u00f0ur \u00ed ritstj\u00f3rn Eyjunnar, og ennfremur a\u00f0 hann geri hreint fyrir s\u00ednum dyrum var\u00f0andi eigin fj\u00e1rm\u00e1lagj\u00f6rninga s\u00ed\u00f0ustu \u00e1rin, og hvernig m\u00e1l tengd \u00feeim standa \u00ed dag.<\/p>\n<p>PS.\u00a0 Svo \u00feetta k\u00e6mist \u00f6rugglega til skila hef \u00e9g sent \u00feennan pistil Birni Inga, og Karli Th. Birgissyni, ritstj\u00f3ra Eyjunnar.<\/p>\n","protected":false},"excerpt":{"rendered":"<p>Bj\u00f6rn Ingi Hrafnsson er n\u00fdlega or\u00f0inn einn af eigendum Eyjunnar.\u00a0 Hann er l\u00edka stj\u00f3rnarforma\u00f0ur Eyjunnar og einnig Vefpressunnar, sem er eigandi Eyjunnar, Pressunnar og fleiri vefmi\u00f0la.\u00a0 Auk \u00feessa titlar Bj\u00f6rn sig \u201e\u00fatgefanda\u201c Eyjunnar.\u00a0 \u00dea\u00f0 er ekki alveg n\u00fdtt \u00e1 \u00cdslandi, &hellip; <a href=\"https:\/\/www.norn.is\/einar\/2011\/02\/14\/askorun-til-bjorns-inga-hrafnssonar\/\">Halda \u00e1fram a\u00f0 lesa <span class=\"meta-nav\">&rarr;<\/span><\/a><\/p>\n","protected":false},"author":10,"featured_media":0,"comment_status":"open","ping_status":"open","sticky":false,"template":"","format":"standard","meta":{"footnotes":""},"categories":[1,16],"tags":[33,215],"class_list":["post-44","post","type-post","status-publish","format-standard","hentry","category-oflokkad","category-fjolmidlar","tag-bjorn-ingi-hrafnsson","tag-david-oddsson"],"yoast_head":"<!-- This site is optimized with the Yoast SEO plugin v27.5 - https:\/\/yoast.com\/product\/yoast-seo-wordpress\/ -->\n<title>\u00c1skorun til Bj\u00f6rns Inga Hrafnssonar - Einar<\/title>\n<meta name=\"robots\" content=\"index, follow, max-snippet:-1, max-image-preview:large, max-video-preview:-1\" \/>\n<link rel=\"canonical\" href=\"https:\/\/www.norn.is\/einar\/2011\/02\/14\/askorun-til-bjorns-inga-hrafnssonar\/\" \/>\n<meta property=\"og:locale\" content=\"is_IS\" \/>\n<meta property=\"og:type\" content=\"article\" \/>\n<meta property=\"og:title\" content=\"\u00c1skorun til Bj\u00f6rns Inga Hrafnssonar - Einar\" \/>\n<meta property=\"og:description\" content=\"Bj\u00f6rn Ingi Hrafnsson er n\u00fdlega or\u00f0inn einn af eigendum Eyjunnar.\u00a0 Hann er l\u00edka stj\u00f3rnarforma\u00f0ur Eyjunnar og einnig Vefpressunnar, sem er eigandi Eyjunnar, Pressunnar og fleiri vefmi\u00f0la.\u00a0 Auk \u00feessa titlar Bj\u00f6rn sig \u201e\u00fatgefanda\u201c Eyjunnar.\u00a0 \u00dea\u00f0 er ekki alveg n\u00fdtt \u00e1 \u00cdslandi, &hellip; Halda \u00e1fram a\u00f0 lesa &rarr;\" \/>\n<meta property=\"og:url\" content=\"https:\/\/www.norn.is\/einar\/2011\/02\/14\/askorun-til-bjorns-inga-hrafnssonar\/\" \/>\n<meta property=\"og:site_name\" content=\"Einar\" \/>\n<meta property=\"article:published_time\" content=\"2011-02-14T12:02:02+00:00\" \/>\n<meta property=\"article:modified_time\" content=\"2017-09-24T11:05:42+00:00\" \/>\n<meta name=\"author\" content=\"einar\" \/>\n<meta name=\"twitter:card\" content=\"summary_large_image\" \/>\n<meta name=\"twitter:label1\" content=\"Written by\" \/>\n\t<meta name=\"twitter:data1\" content=\"\" \/>\n\t<meta name=\"twitter:label2\" content=\"Est. reading time\" \/>\n\t<meta name=\"twitter:data2\" content=\"2 minutes\" \/>\n<script type=\"application\/ld+json\" class=\"yoast-schema-graph\">{\"@context\":\"https:\\\/\\\/schema.org\",\"@graph\":[{\"@type\":\"Article\",\"@id\":\"https:\\\/\\\/www.norn.is\\\/einar\\\/2011\\\/02\\\/14\\\/askorun-til-bjorns-inga-hrafnssonar\\\/#article\",\"isPartOf\":{\"@id\":\"https:\\\/\\\/www.norn.is\\\/einar\\\/2011\\\/02\\\/14\\\/askorun-til-bjorns-inga-hrafnssonar\\\/\"},\"author\":{\"name\":\"einar\",\"@id\":\"https:\\\/\\\/www.norn.is\\\/einar\\\/#\\\/schema\\\/person\\\/19affadb841a22f7bfd4bdcd72a862d0\"},\"headline\":\"\u00c1skorun til Bj\u00f6rns Inga Hrafnssonar\",\"datePublished\":\"2011-02-14T12:02:02+00:00\",\"dateModified\":\"2017-09-24T11:05:42+00:00\",\"mainEntityOfPage\":{\"@id\":\"https:\\\/\\\/www.norn.is\\\/einar\\\/2011\\\/02\\\/14\\\/askorun-til-bjorns-inga-hrafnssonar\\\/\"},\"wordCount\":386,\"commentCount\":0,\"keywords\":[\"Bj\u00f6rn Ingi Hrafnsson\",\"Dav\u00ed\u00f0 Oddsson\"],\"articleSection\":[\"Allt efni\",\"Fj\u00f6lmi\u00f0lar\"],\"inLanguage\":\"is\",\"potentialAction\":[{\"@type\":\"CommentAction\",\"name\":\"Comment\",\"target\":[\"https:\\\/\\\/www.norn.is\\\/einar\\\/2011\\\/02\\\/14\\\/askorun-til-bjorns-inga-hrafnssonar\\\/#respond\"]}]},{\"@type\":\"WebPage\",\"@id\":\"https:\\\/\\\/www.norn.is\\\/einar\\\/2011\\\/02\\\/14\\\/askorun-til-bjorns-inga-hrafnssonar\\\/\",\"url\":\"https:\\\/\\\/www.norn.is\\\/einar\\\/2011\\\/02\\\/14\\\/askorun-til-bjorns-inga-hrafnssonar\\\/\",\"name\":\"\u00c1skorun til Bj\u00f6rns Inga Hrafnssonar - Einar\",\"isPartOf\":{\"@id\":\"https:\\\/\\\/www.norn.is\\\/einar\\\/#website\"},\"datePublished\":\"2011-02-14T12:02:02+00:00\",\"dateModified\":\"2017-09-24T11:05:42+00:00\",\"author\":{\"@id\":\"https:\\\/\\\/www.norn.is\\\/einar\\\/#\\\/schema\\\/person\\\/19affadb841a22f7bfd4bdcd72a862d0\"},\"breadcrumb\":{\"@id\":\"https:\\\/\\\/www.norn.is\\\/einar\\\/2011\\\/02\\\/14\\\/askorun-til-bjorns-inga-hrafnssonar\\\/#breadcrumb\"},\"inLanguage\":\"is\",\"potentialAction\":[{\"@type\":\"ReadAction\",\"target\":[\"https:\\\/\\\/www.norn.is\\\/einar\\\/2011\\\/02\\\/14\\\/askorun-til-bjorns-inga-hrafnssonar\\\/\"]}]},{\"@type\":\"BreadcrumbList\",\"@id\":\"https:\\\/\\\/www.norn.is\\\/einar\\\/2011\\\/02\\\/14\\\/askorun-til-bjorns-inga-hrafnssonar\\\/#breadcrumb\",\"itemListElement\":[{\"@type\":\"ListItem\",\"position\":1,\"name\":\"Home\",\"item\":\"https:\\\/\\\/www.norn.is\\\/einar\\\/\"},{\"@type\":\"ListItem\",\"position\":2,\"name\":\"\u00c1skorun til Bj\u00f6rns Inga Hrafnssonar\"}]},{\"@type\":\"WebSite\",\"@id\":\"https:\\\/\\\/www.norn.is\\\/einar\\\/#website\",\"url\":\"https:\\\/\\\/www.norn.is\\\/einar\\\/\",\"name\":\"Einar\",\"description\":\"Pistlar Einars Steingr\u00edmssonar\",\"potentialAction\":[{\"@type\":\"SearchAction\",\"target\":{\"@type\":\"EntryPoint\",\"urlTemplate\":\"https:\\\/\\\/www.norn.is\\\/einar\\\/?s={search_term_string}\"},\"query-input\":{\"@type\":\"PropertyValueSpecification\",\"valueRequired\":true,\"valueName\":\"search_term_string\"}}],\"inLanguage\":\"is\"},{\"@type\":\"Person\",\"@id\":\"https:\\\/\\\/www.norn.is\\\/einar\\\/#\\\/schema\\\/person\\\/19affadb841a22f7bfd4bdcd72a862d0\",\"name\":\"einar\",\"image\":{\"@type\":\"ImageObject\",\"inLanguage\":\"is\",\"@id\":\"https:\\\/\\\/secure.gravatar.com\\\/avatar\\\/6f5f5592f3cc45e338376db24f1672c636582d9c27d855e8f077f13ef13b17fd?s=96&d=mm&r=g\",\"url\":\"https:\\\/\\\/secure.gravatar.com\\\/avatar\\\/6f5f5592f3cc45e338376db24f1672c636582d9c27d855e8f077f13ef13b17fd?s=96&d=mm&r=g\",\"contentUrl\":\"https:\\\/\\\/secure.gravatar.com\\\/avatar\\\/6f5f5592f3cc45e338376db24f1672c636582d9c27d855e8f077f13ef13b17fd?s=96&d=mm&r=g\",\"caption\":\"einar\"},\"url\":\"https:\\\/\\\/www.norn.is\\\/einar\\\/author\\\/einarsteingrimsson\\\/\"}]}<\/script>\n<!-- \/ Yoast SEO plugin. -->","yoast_head_json":{"title":"\u00c1skorun til Bj\u00f6rns Inga Hrafnssonar - Einar","robots":{"index":"index","follow":"follow","max-snippet":"max-snippet:-1","max-image-preview":"max-image-preview:large","max-video-preview":"max-video-preview:-1"},"canonical":"https:\/\/www.norn.is\/einar\/2011\/02\/14\/askorun-til-bjorns-inga-hrafnssonar\/","og_locale":"is_IS","og_type":"article","og_title":"\u00c1skorun til Bj\u00f6rns Inga Hrafnssonar - Einar","og_description":"Bj\u00f6rn Ingi Hrafnsson er n\u00fdlega or\u00f0inn einn af eigendum Eyjunnar.\u00a0 Hann er l\u00edka stj\u00f3rnarforma\u00f0ur Eyjunnar og einnig Vefpressunnar, sem er eigandi Eyjunnar, Pressunnar og fleiri vefmi\u00f0la.\u00a0 Auk \u00feessa titlar Bj\u00f6rn sig \u201e\u00fatgefanda\u201c Eyjunnar.\u00a0 \u00dea\u00f0 er ekki alveg n\u00fdtt \u00e1 \u00cdslandi, &hellip; Halda \u00e1fram a\u00f0 lesa &rarr;","og_url":"https:\/\/www.norn.is\/einar\/2011\/02\/14\/askorun-til-bjorns-inga-hrafnssonar\/","og_site_name":"Einar","article_published_time":"2011-02-14T12:02:02+00:00","article_modified_time":"2017-09-24T11:05:42+00:00","author":"einar","twitter_card":"summary_large_image","twitter_misc":{"Written by":false,"Est. reading time":"2 minutes"},"schema":{"@context":"https:\/\/schema.org","@graph":[{"@type":"Article","@id":"https:\/\/www.norn.is\/einar\/2011\/02\/14\/askorun-til-bjorns-inga-hrafnssonar\/#article","isPartOf":{"@id":"https:\/\/www.norn.is\/einar\/2011\/02\/14\/askorun-til-bjorns-inga-hrafnssonar\/"},"author":{"name":"einar","@id":"https:\/\/www.norn.is\/einar\/#\/schema\/person\/19affadb841a22f7bfd4bdcd72a862d0"},"headline":"\u00c1skorun til Bj\u00f6rns Inga Hrafnssonar","datePublished":"2011-02-14T12:02:02+00:00","dateModified":"2017-09-24T11:05:42+00:00","mainEntityOfPage":{"@id":"https:\/\/www.norn.is\/einar\/2011\/02\/14\/askorun-til-bjorns-inga-hrafnssonar\/"},"wordCount":386,"commentCount":0,"keywords":["Bj\u00f6rn Ingi Hrafnsson","Dav\u00ed\u00f0 Oddsson"],"articleSection":["Allt efni","Fj\u00f6lmi\u00f0lar"],"inLanguage":"is","potentialAction":[{"@type":"CommentAction","name":"Comment","target":["https:\/\/www.norn.is\/einar\/2011\/02\/14\/askorun-til-bjorns-inga-hrafnssonar\/#respond"]}]},{"@type":"WebPage","@id":"https:\/\/www.norn.is\/einar\/2011\/02\/14\/askorun-til-bjorns-inga-hrafnssonar\/","url":"https:\/\/www.norn.is\/einar\/2011\/02\/14\/askorun-til-bjorns-inga-hrafnssonar\/","name":"\u00c1skorun til Bj\u00f6rns Inga Hrafnssonar - Einar","isPartOf":{"@id":"https:\/\/www.norn.is\/einar\/#website"},"datePublished":"2011-02-14T12:02:02+00:00","dateModified":"2017-09-24T11:05:42+00:00","author":{"@id":"https:\/\/www.norn.is\/einar\/#\/schema\/person\/19affadb841a22f7bfd4bdcd72a862d0"},"breadcrumb":{"@id":"https:\/\/www.norn.is\/einar\/2011\/02\/14\/askorun-til-bjorns-inga-hrafnssonar\/#breadcrumb"},"inLanguage":"is","potentialAction":[{"@type":"ReadAction","target":["https:\/\/www.norn.is\/einar\/2011\/02\/14\/askorun-til-bjorns-inga-hrafnssonar\/"]}]},{"@type":"BreadcrumbList","@id":"https:\/\/www.norn.is\/einar\/2011\/02\/14\/askorun-til-bjorns-inga-hrafnssonar\/#breadcrumb","itemListElement":[{"@type":"ListItem","position":1,"name":"Home","item":"https:\/\/www.norn.is\/einar\/"},{"@type":"ListItem","position":2,"name":"\u00c1skorun til Bj\u00f6rns Inga Hrafnssonar"}]},{"@type":"WebSite","@id":"https:\/\/www.norn.is\/einar\/#website","url":"https:\/\/www.norn.is\/einar\/","name":"Einar","description":"Pistlar Einars Steingr\u00edmssonar","potentialAction":[{"@type":"SearchAction","target":{"@type":"EntryPoint","urlTemplate":"https:\/\/www.norn.is\/einar\/?s={search_term_string}"},"query-input":{"@type":"PropertyValueSpecification","valueRequired":true,"valueName":"search_term_string"}}],"inLanguage":"is"},{"@type":"Person","@id":"https:\/\/www.norn.is\/einar\/#\/schema\/person\/19affadb841a22f7bfd4bdcd72a862d0","name":"einar","image":{"@type":"ImageObject","inLanguage":"is","@id":"https:\/\/secure.gravatar.com\/avatar\/6f5f5592f3cc45e338376db24f1672c636582d9c27d855e8f077f13ef13b17fd?s=96&d=mm&r=g","url":"https:\/\/secure.gravatar.com\/avatar\/6f5f5592f3cc45e338376db24f1672c636582d9c27d855e8f077f13ef13b17fd?s=96&d=mm&r=g","contentUrl":"https:\/\/secure.gravatar.com\/avatar\/6f5f5592f3cc45e338376db24f1672c636582d9c27d855e8f077f13ef13b17fd?s=96&d=mm&r=g","caption":"einar"},"url":"https:\/\/www.norn.is\/einar\/author\/einarsteingrimsson\/"}]}},"_links":{"self":[{"href":"https:\/\/www.norn.is\/einar\/wp-json\/wp\/v2\/posts\/44","targetHints":{"allow":["GET"]}}],"collection":[{"href":"https:\/\/www.norn.is\/einar\/wp-json\/wp\/v2\/posts"}],"about":[{"href":"https:\/\/www.norn.is\/einar\/wp-json\/wp\/v2\/types\/post"}],"author":[{"embeddable":true,"href":"https:\/\/www.norn.is\/einar\/wp-json\/wp\/v2\/users\/10"}],"replies":[{"embeddable":true,"href":"https:\/\/www.norn.is\/einar\/wp-json\/wp\/v2\/comments?post=44"}],"version-history":[{"count":1,"href":"https:\/\/www.norn.is\/einar\/wp-json\/wp\/v2\/posts\/44\/revisions"}],"predecessor-version":[{"id":45,"href":"https:\/\/www.norn.is\/einar\/wp-json\/wp\/v2\/posts\/44\/revisions\/45"}],"wp:attachment":[{"href":"https:\/\/www.norn.is\/einar\/wp-json\/wp\/v2\/media?parent=44"}],"wp:term":[{"taxonomy":"category","embeddable":true,"href":"https:\/\/www.norn.is\/einar\/wp-json\/wp\/v2\/categories?post=44"},{"taxonomy":"post_tag","embeddable":true,"href":"https:\/\/www.norn.is\/einar\/wp-json\/wp\/v2\/tags?post=44"}],"curies":[{"name":"wp","href":"https:\/\/api.w.org\/{rel}","templated":true}]}}