{"id":435,"date":"2013-12-05T11:53:02","date_gmt":"2013-12-05T11:53:02","guid":{"rendered":"http:\/\/www.norn.is\/einar\/?p=435"},"modified":"2017-09-24T11:03:27","modified_gmt":"2017-09-24T11:03:27","slug":"svona-virkar-atak-gegn-kynbundnu-ofbeldi","status":"publish","type":"post","link":"https:\/\/www.norn.is\/einar\/2013\/12\/05\/svona-virkar-atak-gegn-kynbundnu-ofbeldi\/","title":{"rendered":"Svona virkar \u00e1tak gegn kynbundnu ofbeldi"},"content":{"rendered":"<div>Svo vir\u00f0ist sem margir skilji ekki hvernig 16 daga \u00e1tak gegn kynbundnu ofbeldi virkar, svo \u00e9g \u00e6tla a\u00f0 \u00fatsk\u00fdra hvernig \u00feetta gerist:<\/div>\n<p><!--more--><\/p>\n<div><\/div>\n<div>\u00c9g les\u00a0<a href=\"http:\/\/visir.is\/ordsending-til-islenskra-karlmanna\/article\/2013711309979\">grein eftir Hrafnhildi Ragnarsd\u00f3ttur<\/a>\u00a0um a\u00f0 \u00edslenskir karlmenn s\u00e9u allir me\u00f0limir i \u00feeirri \u00f3gnarstj\u00f3rn sem k\u00fagar konur og beitir \u00fe\u00e6r ofbeldi, e\u00f0a\u00a0<a href=\"http:\/\/visir.is\/karlaheimur\/article\/2013712059945\">grein eftir Stef\u00e1n M\u00e1na<\/a>\u00a0um a\u00f0 \u00fea\u00f0 s\u00e9 kynbundi\u00f0 ofbeldi \u00feegar karl ry\u00f0st framfyrir konu \u00ed bi\u00f0r\u00f6\u00f0 \u00a0(kannski man \u00e9g l\u00edka eftir greininni hans fr\u00e1 \u00ed fyrra um a\u00f0\u00a0<a href=\"http:\/\/www.dv.is\/blogg\/adsendar-greinar\/2011\/12\/10\/kynbundid-ofbeldi-og-ahrif-klamvaedingar\/\">kynl\u00edf \u00e1n \u00e1star s\u00e9 ofbeldi<\/a>). \u00a0\u00deetta hvetur mig til a\u00f0 tala vi\u00f0 nau\u00f0garana \u00ed kunningjah\u00f3pnum og \u00fatsk\u00fdra fyrir \u00feeim a\u00f0 \u00fea\u00f0 s\u00e9, fakt\u00edskt, lj\u00f3tt a\u00f0 nau\u00f0ga. \u00a0S\u00ed\u00f0an tala \u00e9g vi\u00f0 hina, og \u00fatsk\u00fdri fyrir \u00feeim a\u00f0 \u00feetta bandalag \u00feeirra um a\u00f0 k\u00faga konur, og beita \u00fe\u00e6r ofbeldi eins og bi\u00f0ra\u00f0atro\u00f0ningi, s\u00e9 brot \u00e1 mannr\u00e9ttindum, fyrir utan a\u00f0 vera kynbundi\u00f0 ofbeldi (og minni \u00fe\u00e1 l\u00edka \u00e1 a\u00f0 segja \u201e\u00e9g elska \u00feig\u201c \u00e1\u00f0ur en \u00feeir leyfa konunum s\u00ednum, e\u00f0a einhverjum \u00f6\u00f0rum konum, a\u00f0 r\u00ed\u00f0a s\u00e9r).<\/div>\n<div><\/div>\n<div>\u00c1rangurinn hefur ekki l\u00e1ti\u00f0 \u00e1 s\u00e9r standa. \u00a0M\u00e9r s\u00fdnist vinir m\u00ednir allir vera h\u00e6ttir a\u00f0 nau\u00f0ga eftir \u00feessa \u00e1drepu sem \u00feeir fengu fr\u00e1 m\u00e9r, og hinir eru h\u00e6ttir a\u00f0 tro\u00f0ast \u00ed bi\u00f0r\u00f6\u00f0um (hins vegar hafa nokkrar vinkonur m\u00ednar komi\u00f0 a\u00f0 m\u00e1li vi\u00f0 mig og kvarta\u00f0 yfir \u00feessu helv. stemmingardrepandi m\u00e1l\u00e6\u00f0i \u00feegar \u00fe\u00e6r vilja bara f\u00e1 a\u00f0 r\u00ed\u00f0a \u00ed hvelli).<\/div>\n","protected":false},"excerpt":{"rendered":"<p>Svo vir\u00f0ist sem margir skilji ekki hvernig 16 daga \u00e1tak gegn kynbundnu ofbeldi virkar, svo \u00e9g \u00e6tla a\u00f0 \u00fatsk\u00fdra hvernig \u00feetta gerist:<\/p>\n","protected":false},"author":10,"featured_media":0,"comment_status":"open","ping_status":"open","sticky":false,"template":"","format":"standard","meta":{"footnotes":""},"categories":[1,190],"tags":[333,334,336,335],"class_list":["post-435","post","type-post","status-publish","format-standard","hentry","category-oflokkad","category-kynjapolitik","tag-hrafnhildur-ragnarsdottir","tag-kynbundid-ofbeldi","tag-naudganir","tag-stefan-mani"],"yoast_head":"<!-- This site is optimized with the Yoast SEO plugin v27.5 - https:\/\/yoast.com\/product\/yoast-seo-wordpress\/ -->\n<title>Svona virkar \u00e1tak gegn kynbundnu ofbeldi - Einar<\/title>\n<meta name=\"robots\" content=\"index, follow, max-snippet:-1, max-image-preview:large, max-video-preview:-1\" \/>\n<link rel=\"canonical\" href=\"https:\/\/www.norn.is\/einar\/2013\/12\/05\/svona-virkar-atak-gegn-kynbundnu-ofbeldi\/\" \/>\n<meta property=\"og:locale\" content=\"is_IS\" \/>\n<meta property=\"og:type\" content=\"article\" \/>\n<meta property=\"og:title\" content=\"Svona virkar \u00e1tak gegn kynbundnu ofbeldi - Einar\" \/>\n<meta property=\"og:description\" content=\"Svo vir\u00f0ist sem margir skilji ekki hvernig 16 daga \u00e1tak gegn kynbundnu ofbeldi virkar, svo \u00e9g \u00e6tla a\u00f0 \u00fatsk\u00fdra hvernig \u00feetta gerist:\" \/>\n<meta property=\"og:url\" content=\"https:\/\/www.norn.is\/einar\/2013\/12\/05\/svona-virkar-atak-gegn-kynbundnu-ofbeldi\/\" \/>\n<meta property=\"og:site_name\" content=\"Einar\" \/>\n<meta property=\"article:published_time\" content=\"2013-12-05T11:53:02+00:00\" \/>\n<meta property=\"article:modified_time\" content=\"2017-09-24T11:03:27+00:00\" \/>\n<meta name=\"author\" content=\"einar\" \/>\n<meta name=\"twitter:card\" content=\"summary_large_image\" \/>\n<meta name=\"twitter:label1\" content=\"Written by\" \/>\n\t<meta name=\"twitter:data1\" content=\"\" \/>\n\t<meta name=\"twitter:label2\" content=\"Est. reading time\" \/>\n\t<meta name=\"twitter:data2\" content=\"1 minute\" \/>\n<script type=\"application\/ld+json\" class=\"yoast-schema-graph\">{\"@context\":\"https:\\\/\\\/schema.org\",\"@graph\":[{\"@type\":\"Article\",\"@id\":\"https:\\\/\\\/www.norn.is\\\/einar\\\/2013\\\/12\\\/05\\\/svona-virkar-atak-gegn-kynbundnu-ofbeldi\\\/#article\",\"isPartOf\":{\"@id\":\"https:\\\/\\\/www.norn.is\\\/einar\\\/2013\\\/12\\\/05\\\/svona-virkar-atak-gegn-kynbundnu-ofbeldi\\\/\"},\"author\":{\"name\":\"einar\",\"@id\":\"https:\\\/\\\/www.norn.is\\\/einar\\\/#\\\/schema\\\/person\\\/19affadb841a22f7bfd4bdcd72a862d0\"},\"headline\":\"Svona virkar \u00e1tak gegn kynbundnu ofbeldi\",\"datePublished\":\"2013-12-05T11:53:02+00:00\",\"dateModified\":\"2017-09-24T11:03:27+00:00\",\"mainEntityOfPage\":{\"@id\":\"https:\\\/\\\/www.norn.is\\\/einar\\\/2013\\\/12\\\/05\\\/svona-virkar-atak-gegn-kynbundnu-ofbeldi\\\/\"},\"wordCount\":262,\"commentCount\":0,\"keywords\":[\"Hrafnhildur Ragnarsd\u00f3ttir\",\"Kynbundi\u00f0 ofbeldi\",\"Nau\u00f0ganir\",\"Stef\u00e1n M\u00e1ni\"],\"articleSection\":[\"Allt efni\",\"Kynjap\u00f3lit\u00edk og jafnr\u00e9ttism\u00e1l\"],\"inLanguage\":\"is\",\"potentialAction\":[{\"@type\":\"CommentAction\",\"name\":\"Comment\",\"target\":[\"https:\\\/\\\/www.norn.is\\\/einar\\\/2013\\\/12\\\/05\\\/svona-virkar-atak-gegn-kynbundnu-ofbeldi\\\/#respond\"]}]},{\"@type\":\"WebPage\",\"@id\":\"https:\\\/\\\/www.norn.is\\\/einar\\\/2013\\\/12\\\/05\\\/svona-virkar-atak-gegn-kynbundnu-ofbeldi\\\/\",\"url\":\"https:\\\/\\\/www.norn.is\\\/einar\\\/2013\\\/12\\\/05\\\/svona-virkar-atak-gegn-kynbundnu-ofbeldi\\\/\",\"name\":\"Svona virkar \u00e1tak gegn kynbundnu ofbeldi - Einar\",\"isPartOf\":{\"@id\":\"https:\\\/\\\/www.norn.is\\\/einar\\\/#website\"},\"datePublished\":\"2013-12-05T11:53:02+00:00\",\"dateModified\":\"2017-09-24T11:03:27+00:00\",\"author\":{\"@id\":\"https:\\\/\\\/www.norn.is\\\/einar\\\/#\\\/schema\\\/person\\\/19affadb841a22f7bfd4bdcd72a862d0\"},\"breadcrumb\":{\"@id\":\"https:\\\/\\\/www.norn.is\\\/einar\\\/2013\\\/12\\\/05\\\/svona-virkar-atak-gegn-kynbundnu-ofbeldi\\\/#breadcrumb\"},\"inLanguage\":\"is\",\"potentialAction\":[{\"@type\":\"ReadAction\",\"target\":[\"https:\\\/\\\/www.norn.is\\\/einar\\\/2013\\\/12\\\/05\\\/svona-virkar-atak-gegn-kynbundnu-ofbeldi\\\/\"]}]},{\"@type\":\"BreadcrumbList\",\"@id\":\"https:\\\/\\\/www.norn.is\\\/einar\\\/2013\\\/12\\\/05\\\/svona-virkar-atak-gegn-kynbundnu-ofbeldi\\\/#breadcrumb\",\"itemListElement\":[{\"@type\":\"ListItem\",\"position\":1,\"name\":\"Home\",\"item\":\"https:\\\/\\\/www.norn.is\\\/einar\\\/\"},{\"@type\":\"ListItem\",\"position\":2,\"name\":\"Svona virkar \u00e1tak gegn kynbundnu ofbeldi\"}]},{\"@type\":\"WebSite\",\"@id\":\"https:\\\/\\\/www.norn.is\\\/einar\\\/#website\",\"url\":\"https:\\\/\\\/www.norn.is\\\/einar\\\/\",\"name\":\"Einar\",\"description\":\"Pistlar Einars Steingr\u00edmssonar\",\"potentialAction\":[{\"@type\":\"SearchAction\",\"target\":{\"@type\":\"EntryPoint\",\"urlTemplate\":\"https:\\\/\\\/www.norn.is\\\/einar\\\/?s={search_term_string}\"},\"query-input\":{\"@type\":\"PropertyValueSpecification\",\"valueRequired\":true,\"valueName\":\"search_term_string\"}}],\"inLanguage\":\"is\"},{\"@type\":\"Person\",\"@id\":\"https:\\\/\\\/www.norn.is\\\/einar\\\/#\\\/schema\\\/person\\\/19affadb841a22f7bfd4bdcd72a862d0\",\"name\":\"einar\",\"image\":{\"@type\":\"ImageObject\",\"inLanguage\":\"is\",\"@id\":\"https:\\\/\\\/secure.gravatar.com\\\/avatar\\\/6f5f5592f3cc45e338376db24f1672c636582d9c27d855e8f077f13ef13b17fd?s=96&d=mm&r=g\",\"url\":\"https:\\\/\\\/secure.gravatar.com\\\/avatar\\\/6f5f5592f3cc45e338376db24f1672c636582d9c27d855e8f077f13ef13b17fd?s=96&d=mm&r=g\",\"contentUrl\":\"https:\\\/\\\/secure.gravatar.com\\\/avatar\\\/6f5f5592f3cc45e338376db24f1672c636582d9c27d855e8f077f13ef13b17fd?s=96&d=mm&r=g\",\"caption\":\"einar\"},\"url\":\"https:\\\/\\\/www.norn.is\\\/einar\\\/author\\\/einarsteingrimsson\\\/\"}]}<\/script>\n<!-- \/ Yoast SEO plugin. -->","yoast_head_json":{"title":"Svona virkar \u00e1tak gegn kynbundnu ofbeldi - Einar","robots":{"index":"index","follow":"follow","max-snippet":"max-snippet:-1","max-image-preview":"max-image-preview:large","max-video-preview":"max-video-preview:-1"},"canonical":"https:\/\/www.norn.is\/einar\/2013\/12\/05\/svona-virkar-atak-gegn-kynbundnu-ofbeldi\/","og_locale":"is_IS","og_type":"article","og_title":"Svona virkar \u00e1tak gegn kynbundnu ofbeldi - Einar","og_description":"Svo vir\u00f0ist sem margir skilji ekki hvernig 16 daga \u00e1tak gegn kynbundnu ofbeldi virkar, svo \u00e9g \u00e6tla a\u00f0 \u00fatsk\u00fdra hvernig \u00feetta gerist:","og_url":"https:\/\/www.norn.is\/einar\/2013\/12\/05\/svona-virkar-atak-gegn-kynbundnu-ofbeldi\/","og_site_name":"Einar","article_published_time":"2013-12-05T11:53:02+00:00","article_modified_time":"2017-09-24T11:03:27+00:00","author":"einar","twitter_card":"summary_large_image","twitter_misc":{"Written by":false,"Est. reading time":"1 minute"},"schema":{"@context":"https:\/\/schema.org","@graph":[{"@type":"Article","@id":"https:\/\/www.norn.is\/einar\/2013\/12\/05\/svona-virkar-atak-gegn-kynbundnu-ofbeldi\/#article","isPartOf":{"@id":"https:\/\/www.norn.is\/einar\/2013\/12\/05\/svona-virkar-atak-gegn-kynbundnu-ofbeldi\/"},"author":{"name":"einar","@id":"https:\/\/www.norn.is\/einar\/#\/schema\/person\/19affadb841a22f7bfd4bdcd72a862d0"},"headline":"Svona virkar \u00e1tak gegn kynbundnu ofbeldi","datePublished":"2013-12-05T11:53:02+00:00","dateModified":"2017-09-24T11:03:27+00:00","mainEntityOfPage":{"@id":"https:\/\/www.norn.is\/einar\/2013\/12\/05\/svona-virkar-atak-gegn-kynbundnu-ofbeldi\/"},"wordCount":262,"commentCount":0,"keywords":["Hrafnhildur Ragnarsd\u00f3ttir","Kynbundi\u00f0 ofbeldi","Nau\u00f0ganir","Stef\u00e1n M\u00e1ni"],"articleSection":["Allt efni","Kynjap\u00f3lit\u00edk og jafnr\u00e9ttism\u00e1l"],"inLanguage":"is","potentialAction":[{"@type":"CommentAction","name":"Comment","target":["https:\/\/www.norn.is\/einar\/2013\/12\/05\/svona-virkar-atak-gegn-kynbundnu-ofbeldi\/#respond"]}]},{"@type":"WebPage","@id":"https:\/\/www.norn.is\/einar\/2013\/12\/05\/svona-virkar-atak-gegn-kynbundnu-ofbeldi\/","url":"https:\/\/www.norn.is\/einar\/2013\/12\/05\/svona-virkar-atak-gegn-kynbundnu-ofbeldi\/","name":"Svona virkar \u00e1tak gegn kynbundnu ofbeldi - Einar","isPartOf":{"@id":"https:\/\/www.norn.is\/einar\/#website"},"datePublished":"2013-12-05T11:53:02+00:00","dateModified":"2017-09-24T11:03:27+00:00","author":{"@id":"https:\/\/www.norn.is\/einar\/#\/schema\/person\/19affadb841a22f7bfd4bdcd72a862d0"},"breadcrumb":{"@id":"https:\/\/www.norn.is\/einar\/2013\/12\/05\/svona-virkar-atak-gegn-kynbundnu-ofbeldi\/#breadcrumb"},"inLanguage":"is","potentialAction":[{"@type":"ReadAction","target":["https:\/\/www.norn.is\/einar\/2013\/12\/05\/svona-virkar-atak-gegn-kynbundnu-ofbeldi\/"]}]},{"@type":"BreadcrumbList","@id":"https:\/\/www.norn.is\/einar\/2013\/12\/05\/svona-virkar-atak-gegn-kynbundnu-ofbeldi\/#breadcrumb","itemListElement":[{"@type":"ListItem","position":1,"name":"Home","item":"https:\/\/www.norn.is\/einar\/"},{"@type":"ListItem","position":2,"name":"Svona virkar \u00e1tak gegn kynbundnu ofbeldi"}]},{"@type":"WebSite","@id":"https:\/\/www.norn.is\/einar\/#website","url":"https:\/\/www.norn.is\/einar\/","name":"Einar","description":"Pistlar Einars Steingr\u00edmssonar","potentialAction":[{"@type":"SearchAction","target":{"@type":"EntryPoint","urlTemplate":"https:\/\/www.norn.is\/einar\/?s={search_term_string}"},"query-input":{"@type":"PropertyValueSpecification","valueRequired":true,"valueName":"search_term_string"}}],"inLanguage":"is"},{"@type":"Person","@id":"https:\/\/www.norn.is\/einar\/#\/schema\/person\/19affadb841a22f7bfd4bdcd72a862d0","name":"einar","image":{"@type":"ImageObject","inLanguage":"is","@id":"https:\/\/secure.gravatar.com\/avatar\/6f5f5592f3cc45e338376db24f1672c636582d9c27d855e8f077f13ef13b17fd?s=96&d=mm&r=g","url":"https:\/\/secure.gravatar.com\/avatar\/6f5f5592f3cc45e338376db24f1672c636582d9c27d855e8f077f13ef13b17fd?s=96&d=mm&r=g","contentUrl":"https:\/\/secure.gravatar.com\/avatar\/6f5f5592f3cc45e338376db24f1672c636582d9c27d855e8f077f13ef13b17fd?s=96&d=mm&r=g","caption":"einar"},"url":"https:\/\/www.norn.is\/einar\/author\/einarsteingrimsson\/"}]}},"_links":{"self":[{"href":"https:\/\/www.norn.is\/einar\/wp-json\/wp\/v2\/posts\/435","targetHints":{"allow":["GET"]}}],"collection":[{"href":"https:\/\/www.norn.is\/einar\/wp-json\/wp\/v2\/posts"}],"about":[{"href":"https:\/\/www.norn.is\/einar\/wp-json\/wp\/v2\/types\/post"}],"author":[{"embeddable":true,"href":"https:\/\/www.norn.is\/einar\/wp-json\/wp\/v2\/users\/10"}],"replies":[{"embeddable":true,"href":"https:\/\/www.norn.is\/einar\/wp-json\/wp\/v2\/comments?post=435"}],"version-history":[{"count":1,"href":"https:\/\/www.norn.is\/einar\/wp-json\/wp\/v2\/posts\/435\/revisions"}],"predecessor-version":[{"id":436,"href":"https:\/\/www.norn.is\/einar\/wp-json\/wp\/v2\/posts\/435\/revisions\/436"}],"wp:attachment":[{"href":"https:\/\/www.norn.is\/einar\/wp-json\/wp\/v2\/media?parent=435"}],"wp:term":[{"taxonomy":"category","embeddable":true,"href":"https:\/\/www.norn.is\/einar\/wp-json\/wp\/v2\/categories?post=435"},{"taxonomy":"post_tag","embeddable":true,"href":"https:\/\/www.norn.is\/einar\/wp-json\/wp\/v2\/tags?post=435"}],"curies":[{"name":"wp","href":"https:\/\/api.w.org\/{rel}","templated":true}]}}