{"id":431,"date":"2013-12-03T11:48:34","date_gmt":"2013-12-03T11:48:34","guid":{"rendered":"http:\/\/www.norn.is\/einar\/?p=431"},"modified":"2017-09-24T11:03:27","modified_gmt":"2017-09-24T11:03:27","slug":"segir-hanna-birna-satt","status":"publish","type":"post","link":"https:\/\/www.norn.is\/einar\/2013\/12\/03\/segir-hanna-birna-satt\/","title":{"rendered":"Segir Hanna Birna satt?"},"content":{"rendered":"<div>\u00cd g\u00e6r sendi \u00e9g eftirfarandi fyrirspurn til innanr\u00edkisr\u00e1\u00f0herra vegna \u00feess sem vir\u00f0ist vera\u00a0<a href=\"http:\/\/visir.is\/konan-sogd-beitt-thrystingi-ad-segja-haelisleitandann-vera-fodurinn\/article\/2013131118855\">minnisbla\u00f0 fr\u00e1 r\u00e1\u00f0uneytinu sem leki\u00f0 hafi veri\u00f0 til fj\u00f6lmi\u00f0la<\/a>. \u00a0(\u00c9g hef ekki fengi\u00f0 svar enn.) \u00a0Greinilegt er a\u00f0 \u00feessu minnisbla\u00f0i hefur veri\u00f0 dreift v\u00ed\u00f0a, en svo vir\u00f0ist sem r\u00e1\u00f0uneyti\u00f0\u00a0<a href=\"http:\/\/www.dv.is\/frettir\/2013\/11\/26\/dv-fer-fram-ad-fa-leyniskjal-afhent\/\">hafi ekki ansa\u00f0 l\u00f6gm\u00f6nnum \u00feess f\u00f3lks<\/a>sem fjalla\u00f0 er um og sem f\u00f3ru fram \u00e1 a\u00f0 f\u00e1 minnisbla\u00f0i\u00f0. \u00a0\u00c9g l\u00e6t fylgja me\u00f0 slitur \u00far texta minnisbla\u00f0sins sem \u00e9g sendi me\u00f0 fyrirspurninnni. \u00a0\u00c9g birti fyrirs\u00f6gnina (a\u00f0 fjarl\u00e6g\u00f0u nafni) og allar millifyrirsagnir, og \u00f6rl\u00edti\u00f0 brot \u00far hverjum kafla, en ekkert sem beinl\u00ednis tengist \u00fev\u00ed f\u00f3lki sem um er fjalla\u00f0. \u00a0Tilgangurinn me\u00f0 \u00feeirri birtingu er bara a\u00f0 gera lj\u00f3st a\u00f0 \u00feetta l\u00edtur \u00fat eins og skjal sem sami\u00f0 hafi veri\u00f0 \u00ed r\u00e1\u00f0uneytinu.<\/div>\n<p><!--more--><\/p>\n<div><\/div>\n<div>\u00dea\u00f0 k\u00e6mi heldur ekki s\u00e9rlega \u00e1 \u00f3vart ef \u00feetta minnisbla\u00f0 er upprunni\u00f0 \u00ed r\u00e1\u00f0uneytinu, \u00fev\u00ed a\u00f0sto\u00f0arma\u00f0ur r\u00e1\u00f0herra, G\u00edsli Freyr Vald\u00f3rsson,\u00a0<a href=\"https:\/\/www.dv.is\/frettir\/2013\/11\/21\/adstodarmadur-tvisaga-og-olga-innan-raduneytisins\/\">\u201emissti \u00fat \u00far s\u00e9r\u201c \u00f3heppileg or\u00f0 \u00fear sem hann gaf \u00ed skyn<\/a>\u00a0a\u00f0 ef til vill hef\u00f0u einhverjir starfsmenn r\u00e1\u00f0uneytisins sett saman punkta um \u00feetta m\u00e1l, \u00feegar hann var spur\u00f0ur hva\u00f0an minnisbla\u00f0i\u00f0 k\u00e6mi.<\/div>\n<div><\/div>\n<div>Innanr\u00edkisr\u00e1\u00f0herra, Hanna Birna Kristj\u00e1nsd\u00f3ttir,\u00a0<a href=\"http:\/\/www.althingi.is\/altext\/upptokur\/raeda\/?raeda=rad20131202T155418\">tala\u00f0i \u00ed ford\u00e6mandi or\u00f0alagi \u00e1 Al\u00feingi \u00ed g\u00e6r<\/a>\u00a0um \u00fe\u00e6r vangaveltur a\u00f0 \u00feetta minnisbla\u00f0 v\u00e6ri komi\u00f0 \u00far r\u00e1\u00f0uneytinu (og henni vir\u00f0ist \u00ed n\u00f6p vi\u00f0 alla umr\u00e6\u00f0u um m\u00e1li\u00f0, sem er ekki s\u00e9rlega ge\u00f0slegt af mannr\u00e9ttindar\u00e1\u00f0herra):<\/div>\n<div><\/div>\n<blockquote>\n<div>\u201eTil a\u00f0 gir\u00f0a fyrir \u00fe\u00e1 umr\u00e6\u00f0u sem \u00e9g heyri a\u00f0 hv. \u00feingma\u00f0ur \u00e6tlar a\u00f0 fara h\u00e9r me\u00f0 \u00feegar h\u00fan v\u00edsar til leka \u00far innanr\u00edkisr\u00e1\u00f0uneytinu vil \u00e9g segja a\u00f0 \u00fea\u00f0 er ekkert sem bendir til \u00feess.<\/div>\n<div><\/div>\n<div>\u00c9g minni l\u00edka \u00feingheim \u00e1 a\u00f0 \u00feau g\u00f6gn sem koma vi\u00f0 \u00ed r\u00e1\u00f0uneytum, t.d. r\u00f6kstu\u00f0ningur er var\u00f0ar svona m\u00e1l, og \u00fea\u00f0 \u00feekkja \u00feingmenn mj\u00f6g vel fara v\u00ed\u00f0a \u00e1 milli stofnana, \u00e1 milli l\u00f6gmanna og annarra a\u00f0ila sem tengjast m\u00e1lunum. \u00dea\u00f0 a\u00f0 hv. \u00feingma\u00f0ur leyfi s\u00e9r a\u00f0 fullyr\u00f0a \u00far r\u00e6\u00f0ust\u00f3l a\u00f0 leki hafi or\u00f0i\u00f0 \u00far r\u00e1\u00f0uneyti \u00e1n \u00feess a\u00f0 nokku\u00f0 bendi til \u00feess finnst m\u00e9r ansi bratt.\u201c<\/div>\n<div><\/div>\n<\/blockquote>\n<div>\u00de\u00f3tt Hanna Birna hafi byrst \u00a0sig yfir \u00feeirri \u201e\u00f3sv\u00edfni\u201c a\u00f0 \u00e6tla a\u00f0 skjal sem l\u00edtur \u00fat eins og \u00fea\u00f0 s\u00e9 sami\u00f0 \u00ed r\u00e1\u00f0uneytinu komi \u00fea\u00f0an, \u00fe\u00e1 gaf h\u00fan samt\u00edmis \u00ed skyn a\u00f0 vel g\u00e6ti veri\u00f0 a\u00f0 g\u00f6gn af \u00fev\u00ed tagi sem um er r\u00e6tt v\u00e6ru \u00e1 flakki \u00fear sem \u00feau \u00e6ttu ekki a\u00f0 vera, og nefndi \u00ed \u00fev\u00ed sambandi a\u00f0rar stofnanir (\u00datlendingastofnun?) og l\u00f6gmenn (f\u00f3lksins sem fjalla\u00f0 er um \u00ed minnisbla\u00f0inu?).<\/div>\n<div><\/div>\n<div>H\u00e9r er eitthva\u00f0 sem ekki gengur upp. \u00a0Hafi \u00feetta minnisbla\u00f0 veri\u00f0 sami\u00f0 \u00ed r\u00e1\u00f0uneytinu er ekki anna\u00f0 a\u00f0 sj\u00e1 en r\u00e1\u00f0herra hafi sagt \u00f3satt. \u00a0Hafi \u00fea\u00f0 ekki veri\u00f0 sami\u00f0 \u00ed r\u00e1\u00f0uneytinu, hvernig \u00ed \u00f3sk\u00f6punum stendur \u00fe\u00e1 \u00e1 \u00fev\u00ed a\u00f0 r\u00e1\u00f0uneyti\u00f0 hefur ekki k\u00e6rt til l\u00f6greglu e\u00f0a saks\u00f3knara a\u00f0 veri\u00f0 s\u00e9 a\u00f0 dreifa minnisbla\u00f0i sem l\u00e1ti\u00f0 er l\u00edta \u00fat eins og \u00fea\u00f0 s\u00e9 \u00far r\u00e1\u00f0uneytinu, og hl\u00fdtur \u00fev\u00ed a\u00f0 vera alvarleg f\u00f6lsun?<\/div>\n<div><\/div>\n<div>\u2014\u2014\u2014\u2014\u2014\u2014\u2014\u2014\u2014\u2014\u2014\u2014\u2014\u2014\u2014\u2014\u2014\u2014\u2014\u2014\u2014\u2014\u2014<\/div>\n<div><\/div>\n<div><\/div>\n<div>Til innanr\u00edkisr\u00e1\u00f0herra og r\u00e1\u00f0uneytisstj\u00f3ra<\/div>\n<div><\/div>\n<div>\u00c9g hef s\u00e9\u00f0 eftirfarandi texta sem vir\u00f0ist vera saminn \u00ed r\u00e1\u00f0uneytinu. \u00a0\u00c9g spyr:<\/div>\n<div><\/div>\n<div>1. \u00a0Er \u00feetta minnisbla\u00f0 sami\u00f0 af starfsm\u00f6nnum r\u00e1\u00f0uneytisins? \u00a0Ef ekki, var starfsm\u00f6nnum kunnugt um innihald skjalsins og hver samdi \u00fea\u00f0?<\/div>\n<div><\/div>\n<div>2. \u00a0Hefur r\u00e1\u00f0uneyti\u00f0 afhent minnisbla\u00f0i\u00f0 a\u00f0ilum utan r\u00e1\u00f0uneytisins? \u00a0Ef svo er, hva\u00f0a a\u00f0ilum?<\/div>\n<div><\/div>\n<div>3. \u00a0Ef r\u00e1\u00f0uneyti\u00f0 kannast ekki vi\u00f0 a\u00f0 minnisbla\u00f0i\u00f0 hafi veri\u00f0 sami\u00f0 innan r\u00e1\u00f0uneytisins, hefur r\u00e1\u00f0uneyti\u00f0 k\u00e6rt til l\u00f6greglu a\u00f0 veri\u00f0 s\u00e9 a\u00f0 dreifa minnisbla\u00f0i sem greinilega er sami\u00f0 \u00ed \u00feeim tilgangi a\u00f0 l\u00edta \u00fat eins og minnisbla\u00f0 sami\u00f0 \u00ed r\u00e1\u00f0uneytinu?<\/div>\n<div><\/div>\n<div>Bestu kve\u00f0jur,<\/div>\n<div><\/div>\n<div>Einar<\/div>\n<div><\/div>\n<div>\u2014\u2014\u2014\u2014\u2014\u2014\u2014\u2014\u2014\u2014\u2014\u2014\u2014\u2014\u2014\u2014\u2014\u2014\u2014\u2014\u2014\u2013<\/div>\n<div><\/div>\n<div>\u00a0 \u00a0 \u00a0 \u00a0\u00a0<b>Minnisbla\u00f0 var\u00f0andi NNNN NNNN<\/b><\/div>\n<div><\/div>\n<div><\/div>\n<div><b>M\u00e1lsme\u00f0fer\u00f0 og ni\u00f0ursta\u00f0a \u00datlendingastofnunar<\/b><\/div>\n<div><\/div>\n<div>R\u00e9tt \u00feykir a\u00f0 vekja athygli \u00e1 ne\u00f0angreindu: \u2013 \u00cd ums\u00f3kn um h\u00e6li, sem barst \u00ed \u2026<\/div>\n<div><\/div>\n<div><\/div>\n<div><b>M\u00e1lsme\u00f0fer\u00f0 og ni\u00f0ursta\u00f0a r\u00e1\u00f0uneytisins<\/b><\/div>\n<div><\/div>\n<div>Me\u00f0 k\u00e6ru, dags. 23. ma\u00ed 2012, k\u00e6r\u00f0i Stef\u00e1n Karl Kristj\u00e1nsson, hdl, talsma\u00f0ur \u2026<\/div>\n<div><\/div>\n<div>\u00a0 \u00a0\u2026<\/div>\n<div><\/div>\n<div>Me\u00f0 \u00farskur\u00f0i innanr\u00edkisr\u00e1\u00f0uneytisins, dags. 17. okt\u00f3ber 2013, var \u00e1kv\u00f6r\u00f0un \u00datlendingastofnunar sta\u00f0fest. \u00darskur\u00f0ur r\u00e1\u00f0uneytisins var birtur k\u00e6randa \u00feann 8. okt\u00f3ber 2013.<\/div>\n<div><\/div>\n<div><\/div>\n<div><b>Bei\u00f0ni um frestun r\u00e9ttar\u00e1hrifa<\/b><\/div>\n<div><\/div>\n<div>\u00deann 14. okt\u00f3ber sl. barst r\u00e1\u00f0uneytinu bei\u00f0ni um frestun r\u00e9ttar\u00e1hrifa til a\u00f0 bera m\u00e1li\u00f0 undir d\u00f3mst\u00f3la \u00e1 grundvelli 33. gr. laga um \u00fatlendinga.<\/div>\n<div><\/div>\n<div>\u00cd bei\u00f0ninni kom me\u00f0al annars fram:<\/div>\n<div>\u00a0 \u00a0\u2026<\/div>\n<div><\/div>\n<div>R\u00f6kstu\u00f0ningur r\u00e1\u00f0uneytisins er eftirfarandi:<\/div>\n<div><\/div>\n<div>\u00a0 \u00a0\u2026<\/div>\n<div><\/div>\n<div>\u00cd \u00farskur\u00f0i r\u00e1\u00f0uneytisins er lagt til grundvallar a\u00f0 k\u00e6randi hafi ekki \u2026<\/div>\n<div><\/div>\n<div>\u00a0 \u00a0 \u00a0 \u2026<\/div>\n<div><\/div>\n<div>R\u00e1\u00f0uneyti\u00f0 tekur einnig fram a\u00f0 \u00fea\u00f0 telur ekki \u00e1st\u00e6\u00f0u til a\u00f0 l\u00edta svo \u00e1 a\u00f0 flutningur \u2026<\/div>\n<div><\/div>\n<div>\u00a0 \u00a0 \u00a0 \u2026<\/div>\n<div><\/div>\n<div>Vekur r\u00e1\u00f0uneyti\u00f0 athygli m.a. \u00e1 d\u00f3mi h\u00e9ra\u00f0sd\u00f3ms Reykjav\u00edkur \u00feann 7. j\u00fan\u00ed 2006 \u00ed m\u00e1li nr. E-6286\/2005, \u00fear sem fjalla\u00f0 var um kr\u00f6fu um \u00f3gildingu stj\u00f3rnvalds\u00e1kv\u00f6r\u00f0unar \u00fer\u00e1tt fyrir a\u00f0 a\u00f0ili m\u00e1ls hafi ekki veri\u00f0 staddur \u00e1 landinu. Ennfremur v\u00edsast til \u00farskur\u00f0ar h\u00e9ra\u00f0sd\u00f3ms Reykjav\u00edkur fr\u00e1 20. desember 2007 \u00ed m\u00e1li E-4843\/2007.<\/div>\n<div><\/div>\n<div>\u00a0 \u00a0\u2026<\/div>\n<div><\/div>\n<div>Me\u00f0 \u00e1kv\u00f6r\u00f0un r\u00e1\u00f0uneytisins, dags. 14. n\u00f3vember sl., var t\u00e9\u00f0ri bei\u00f0ni, sem fjalla\u00f0 var um sem bei\u00f0ni um enduruppt\u00f6ku \u00e1 \u00farskur\u00f0i r\u00e1\u00f0uneytisins fr\u00e1 17. okt\u00f3ber 2013, synja\u00f0.<\/div>\n","protected":false},"excerpt":{"rendered":"<p>\u00cd g\u00e6r sendi \u00e9g eftirfarandi fyrirspurn til innanr\u00edkisr\u00e1\u00f0herra vegna \u00feess sem vir\u00f0ist vera\u00a0minnisbla\u00f0 fr\u00e1 r\u00e1\u00f0uneytinu sem leki\u00f0 hafi veri\u00f0 til fj\u00f6lmi\u00f0la. \u00a0(\u00c9g hef ekki fengi\u00f0 svar enn.) \u00a0Greinilegt er a\u00f0 \u00feessu minnisbla\u00f0i hefur veri\u00f0 dreift v\u00ed\u00f0a, en svo vir\u00f0ist sem &hellip; <a href=\"https:\/\/www.norn.is\/einar\/2013\/12\/03\/segir-hanna-birna-satt\/\">Halda \u00e1fram a\u00f0 lesa <span class=\"meta-nav\">&rarr;<\/span><\/a><\/p>\n","protected":false},"author":10,"featured_media":0,"comment_status":"open","ping_status":"open","sticky":false,"template":"","format":"standard","meta":{"footnotes":""},"categories":[1,58],"tags":[326,329,330],"class_list":["post-431","post","type-post","status-publish","format-standard","hentry","category-oflokkad","category-innflytjendur-og-flottafolk","tag-hanna-birna-kristjansdottir","tag-lekamal-innanrikisraduneytisins","tag-minnisblad-irr"],"yoast_head":"<!-- This site is optimized with the Yoast SEO plugin v27.5 - https:\/\/yoast.com\/product\/yoast-seo-wordpress\/ -->\n<title>Segir Hanna Birna satt? - Einar<\/title>\n<meta name=\"robots\" content=\"index, follow, max-snippet:-1, max-image-preview:large, max-video-preview:-1\" \/>\n<link rel=\"canonical\" href=\"https:\/\/www.norn.is\/einar\/2013\/12\/03\/segir-hanna-birna-satt\/\" \/>\n<meta property=\"og:locale\" content=\"is_IS\" \/>\n<meta property=\"og:type\" content=\"article\" \/>\n<meta property=\"og:title\" content=\"Segir Hanna Birna satt? - Einar\" \/>\n<meta property=\"og:description\" content=\"\u00cd g\u00e6r sendi \u00e9g eftirfarandi fyrirspurn til innanr\u00edkisr\u00e1\u00f0herra vegna \u00feess sem vir\u00f0ist vera\u00a0minnisbla\u00f0 fr\u00e1 r\u00e1\u00f0uneytinu sem leki\u00f0 hafi veri\u00f0 til fj\u00f6lmi\u00f0la. \u00a0(\u00c9g hef ekki fengi\u00f0 svar enn.) \u00a0Greinilegt er a\u00f0 \u00feessu minnisbla\u00f0i hefur veri\u00f0 dreift v\u00ed\u00f0a, en svo vir\u00f0ist sem &hellip; Halda \u00e1fram a\u00f0 lesa &rarr;\" \/>\n<meta property=\"og:url\" content=\"https:\/\/www.norn.is\/einar\/2013\/12\/03\/segir-hanna-birna-satt\/\" \/>\n<meta property=\"og:site_name\" content=\"Einar\" \/>\n<meta property=\"article:published_time\" content=\"2013-12-03T11:48:34+00:00\" \/>\n<meta property=\"article:modified_time\" content=\"2017-09-24T11:03:27+00:00\" \/>\n<meta name=\"author\" content=\"einar\" \/>\n<meta name=\"twitter:card\" content=\"summary_large_image\" \/>\n<meta name=\"twitter:label1\" content=\"Written by\" \/>\n\t<meta name=\"twitter:data1\" content=\"\" \/>\n\t<meta name=\"twitter:label2\" content=\"Est. reading time\" \/>\n\t<meta name=\"twitter:data2\" content=\"5 minutes\" \/>\n<script type=\"application\/ld+json\" class=\"yoast-schema-graph\">{\"@context\":\"https:\\\/\\\/schema.org\",\"@graph\":[{\"@type\":\"Article\",\"@id\":\"https:\\\/\\\/www.norn.is\\\/einar\\\/2013\\\/12\\\/03\\\/segir-hanna-birna-satt\\\/#article\",\"isPartOf\":{\"@id\":\"https:\\\/\\\/www.norn.is\\\/einar\\\/2013\\\/12\\\/03\\\/segir-hanna-birna-satt\\\/\"},\"author\":{\"name\":\"einar\",\"@id\":\"https:\\\/\\\/www.norn.is\\\/einar\\\/#\\\/schema\\\/person\\\/19affadb841a22f7bfd4bdcd72a862d0\"},\"headline\":\"Segir Hanna Birna satt?\",\"datePublished\":\"2013-12-03T11:48:34+00:00\",\"dateModified\":\"2017-09-24T11:03:27+00:00\",\"mainEntityOfPage\":{\"@id\":\"https:\\\/\\\/www.norn.is\\\/einar\\\/2013\\\/12\\\/03\\\/segir-hanna-birna-satt\\\/\"},\"wordCount\":925,\"commentCount\":0,\"keywords\":[\"Hanna Birna Kristj\u00e1nsd\u00f3ttir\",\"Lekam\u00e1l Innanr\u00edkisr\u00e1\u00f0uneytisins\",\"Minnisbla\u00f0 IRR\"],\"articleSection\":[\"Allt efni\",\"Innflytjendur og fl\u00f3ttaf\u00f3lk\"],\"inLanguage\":\"is\",\"potentialAction\":[{\"@type\":\"CommentAction\",\"name\":\"Comment\",\"target\":[\"https:\\\/\\\/www.norn.is\\\/einar\\\/2013\\\/12\\\/03\\\/segir-hanna-birna-satt\\\/#respond\"]}]},{\"@type\":\"WebPage\",\"@id\":\"https:\\\/\\\/www.norn.is\\\/einar\\\/2013\\\/12\\\/03\\\/segir-hanna-birna-satt\\\/\",\"url\":\"https:\\\/\\\/www.norn.is\\\/einar\\\/2013\\\/12\\\/03\\\/segir-hanna-birna-satt\\\/\",\"name\":\"Segir Hanna Birna satt? - Einar\",\"isPartOf\":{\"@id\":\"https:\\\/\\\/www.norn.is\\\/einar\\\/#website\"},\"datePublished\":\"2013-12-03T11:48:34+00:00\",\"dateModified\":\"2017-09-24T11:03:27+00:00\",\"author\":{\"@id\":\"https:\\\/\\\/www.norn.is\\\/einar\\\/#\\\/schema\\\/person\\\/19affadb841a22f7bfd4bdcd72a862d0\"},\"breadcrumb\":{\"@id\":\"https:\\\/\\\/www.norn.is\\\/einar\\\/2013\\\/12\\\/03\\\/segir-hanna-birna-satt\\\/#breadcrumb\"},\"inLanguage\":\"is\",\"potentialAction\":[{\"@type\":\"ReadAction\",\"target\":[\"https:\\\/\\\/www.norn.is\\\/einar\\\/2013\\\/12\\\/03\\\/segir-hanna-birna-satt\\\/\"]}]},{\"@type\":\"BreadcrumbList\",\"@id\":\"https:\\\/\\\/www.norn.is\\\/einar\\\/2013\\\/12\\\/03\\\/segir-hanna-birna-satt\\\/#breadcrumb\",\"itemListElement\":[{\"@type\":\"ListItem\",\"position\":1,\"name\":\"Home\",\"item\":\"https:\\\/\\\/www.norn.is\\\/einar\\\/\"},{\"@type\":\"ListItem\",\"position\":2,\"name\":\"Segir Hanna Birna satt?\"}]},{\"@type\":\"WebSite\",\"@id\":\"https:\\\/\\\/www.norn.is\\\/einar\\\/#website\",\"url\":\"https:\\\/\\\/www.norn.is\\\/einar\\\/\",\"name\":\"Einar\",\"description\":\"Pistlar Einars Steingr\u00edmssonar\",\"potentialAction\":[{\"@type\":\"SearchAction\",\"target\":{\"@type\":\"EntryPoint\",\"urlTemplate\":\"https:\\\/\\\/www.norn.is\\\/einar\\\/?s={search_term_string}\"},\"query-input\":{\"@type\":\"PropertyValueSpecification\",\"valueRequired\":true,\"valueName\":\"search_term_string\"}}],\"inLanguage\":\"is\"},{\"@type\":\"Person\",\"@id\":\"https:\\\/\\\/www.norn.is\\\/einar\\\/#\\\/schema\\\/person\\\/19affadb841a22f7bfd4bdcd72a862d0\",\"name\":\"einar\",\"image\":{\"@type\":\"ImageObject\",\"inLanguage\":\"is\",\"@id\":\"https:\\\/\\\/secure.gravatar.com\\\/avatar\\\/6f5f5592f3cc45e338376db24f1672c636582d9c27d855e8f077f13ef13b17fd?s=96&d=mm&r=g\",\"url\":\"https:\\\/\\\/secure.gravatar.com\\\/avatar\\\/6f5f5592f3cc45e338376db24f1672c636582d9c27d855e8f077f13ef13b17fd?s=96&d=mm&r=g\",\"contentUrl\":\"https:\\\/\\\/secure.gravatar.com\\\/avatar\\\/6f5f5592f3cc45e338376db24f1672c636582d9c27d855e8f077f13ef13b17fd?s=96&d=mm&r=g\",\"caption\":\"einar\"},\"url\":\"https:\\\/\\\/www.norn.is\\\/einar\\\/author\\\/einarsteingrimsson\\\/\"}]}<\/script>\n<!-- \/ Yoast SEO plugin. -->","yoast_head_json":{"title":"Segir Hanna Birna satt? - Einar","robots":{"index":"index","follow":"follow","max-snippet":"max-snippet:-1","max-image-preview":"max-image-preview:large","max-video-preview":"max-video-preview:-1"},"canonical":"https:\/\/www.norn.is\/einar\/2013\/12\/03\/segir-hanna-birna-satt\/","og_locale":"is_IS","og_type":"article","og_title":"Segir Hanna Birna satt? - Einar","og_description":"\u00cd g\u00e6r sendi \u00e9g eftirfarandi fyrirspurn til innanr\u00edkisr\u00e1\u00f0herra vegna \u00feess sem vir\u00f0ist vera\u00a0minnisbla\u00f0 fr\u00e1 r\u00e1\u00f0uneytinu sem leki\u00f0 hafi veri\u00f0 til fj\u00f6lmi\u00f0la. \u00a0(\u00c9g hef ekki fengi\u00f0 svar enn.) \u00a0Greinilegt er a\u00f0 \u00feessu minnisbla\u00f0i hefur veri\u00f0 dreift v\u00ed\u00f0a, en svo vir\u00f0ist sem &hellip; Halda \u00e1fram a\u00f0 lesa &rarr;","og_url":"https:\/\/www.norn.is\/einar\/2013\/12\/03\/segir-hanna-birna-satt\/","og_site_name":"Einar","article_published_time":"2013-12-03T11:48:34+00:00","article_modified_time":"2017-09-24T11:03:27+00:00","author":"einar","twitter_card":"summary_large_image","twitter_misc":{"Written by":false,"Est. reading time":"5 minutes"},"schema":{"@context":"https:\/\/schema.org","@graph":[{"@type":"Article","@id":"https:\/\/www.norn.is\/einar\/2013\/12\/03\/segir-hanna-birna-satt\/#article","isPartOf":{"@id":"https:\/\/www.norn.is\/einar\/2013\/12\/03\/segir-hanna-birna-satt\/"},"author":{"name":"einar","@id":"https:\/\/www.norn.is\/einar\/#\/schema\/person\/19affadb841a22f7bfd4bdcd72a862d0"},"headline":"Segir Hanna Birna satt?","datePublished":"2013-12-03T11:48:34+00:00","dateModified":"2017-09-24T11:03:27+00:00","mainEntityOfPage":{"@id":"https:\/\/www.norn.is\/einar\/2013\/12\/03\/segir-hanna-birna-satt\/"},"wordCount":925,"commentCount":0,"keywords":["Hanna Birna Kristj\u00e1nsd\u00f3ttir","Lekam\u00e1l Innanr\u00edkisr\u00e1\u00f0uneytisins","Minnisbla\u00f0 IRR"],"articleSection":["Allt efni","Innflytjendur og fl\u00f3ttaf\u00f3lk"],"inLanguage":"is","potentialAction":[{"@type":"CommentAction","name":"Comment","target":["https:\/\/www.norn.is\/einar\/2013\/12\/03\/segir-hanna-birna-satt\/#respond"]}]},{"@type":"WebPage","@id":"https:\/\/www.norn.is\/einar\/2013\/12\/03\/segir-hanna-birna-satt\/","url":"https:\/\/www.norn.is\/einar\/2013\/12\/03\/segir-hanna-birna-satt\/","name":"Segir Hanna Birna satt? - Einar","isPartOf":{"@id":"https:\/\/www.norn.is\/einar\/#website"},"datePublished":"2013-12-03T11:48:34+00:00","dateModified":"2017-09-24T11:03:27+00:00","author":{"@id":"https:\/\/www.norn.is\/einar\/#\/schema\/person\/19affadb841a22f7bfd4bdcd72a862d0"},"breadcrumb":{"@id":"https:\/\/www.norn.is\/einar\/2013\/12\/03\/segir-hanna-birna-satt\/#breadcrumb"},"inLanguage":"is","potentialAction":[{"@type":"ReadAction","target":["https:\/\/www.norn.is\/einar\/2013\/12\/03\/segir-hanna-birna-satt\/"]}]},{"@type":"BreadcrumbList","@id":"https:\/\/www.norn.is\/einar\/2013\/12\/03\/segir-hanna-birna-satt\/#breadcrumb","itemListElement":[{"@type":"ListItem","position":1,"name":"Home","item":"https:\/\/www.norn.is\/einar\/"},{"@type":"ListItem","position":2,"name":"Segir Hanna Birna satt?"}]},{"@type":"WebSite","@id":"https:\/\/www.norn.is\/einar\/#website","url":"https:\/\/www.norn.is\/einar\/","name":"Einar","description":"Pistlar Einars Steingr\u00edmssonar","potentialAction":[{"@type":"SearchAction","target":{"@type":"EntryPoint","urlTemplate":"https:\/\/www.norn.is\/einar\/?s={search_term_string}"},"query-input":{"@type":"PropertyValueSpecification","valueRequired":true,"valueName":"search_term_string"}}],"inLanguage":"is"},{"@type":"Person","@id":"https:\/\/www.norn.is\/einar\/#\/schema\/person\/19affadb841a22f7bfd4bdcd72a862d0","name":"einar","image":{"@type":"ImageObject","inLanguage":"is","@id":"https:\/\/secure.gravatar.com\/avatar\/6f5f5592f3cc45e338376db24f1672c636582d9c27d855e8f077f13ef13b17fd?s=96&d=mm&r=g","url":"https:\/\/secure.gravatar.com\/avatar\/6f5f5592f3cc45e338376db24f1672c636582d9c27d855e8f077f13ef13b17fd?s=96&d=mm&r=g","contentUrl":"https:\/\/secure.gravatar.com\/avatar\/6f5f5592f3cc45e338376db24f1672c636582d9c27d855e8f077f13ef13b17fd?s=96&d=mm&r=g","caption":"einar"},"url":"https:\/\/www.norn.is\/einar\/author\/einarsteingrimsson\/"}]}},"_links":{"self":[{"href":"https:\/\/www.norn.is\/einar\/wp-json\/wp\/v2\/posts\/431","targetHints":{"allow":["GET"]}}],"collection":[{"href":"https:\/\/www.norn.is\/einar\/wp-json\/wp\/v2\/posts"}],"about":[{"href":"https:\/\/www.norn.is\/einar\/wp-json\/wp\/v2\/types\/post"}],"author":[{"embeddable":true,"href":"https:\/\/www.norn.is\/einar\/wp-json\/wp\/v2\/users\/10"}],"replies":[{"embeddable":true,"href":"https:\/\/www.norn.is\/einar\/wp-json\/wp\/v2\/comments?post=431"}],"version-history":[{"count":1,"href":"https:\/\/www.norn.is\/einar\/wp-json\/wp\/v2\/posts\/431\/revisions"}],"predecessor-version":[{"id":432,"href":"https:\/\/www.norn.is\/einar\/wp-json\/wp\/v2\/posts\/431\/revisions\/432"}],"wp:attachment":[{"href":"https:\/\/www.norn.is\/einar\/wp-json\/wp\/v2\/media?parent=431"}],"wp:term":[{"taxonomy":"category","embeddable":true,"href":"https:\/\/www.norn.is\/einar\/wp-json\/wp\/v2\/categories?post=431"},{"taxonomy":"post_tag","embeddable":true,"href":"https:\/\/www.norn.is\/einar\/wp-json\/wp\/v2\/tags?post=431"}],"curies":[{"name":"wp","href":"https:\/\/api.w.org\/{rel}","templated":true}]}}