{"id":427,"date":"2013-11-08T11:42:21","date_gmt":"2013-11-08T11:42:21","guid":{"rendered":"http:\/\/www.norn.is\/einar\/?p=427"},"modified":"2017-09-24T11:03:27","modified_gmt":"2017-09-24T11:03:27","slug":"epli-og-gerviepli-i-haskola-islands","status":"publish","type":"post","link":"https:\/\/www.norn.is\/einar\/2013\/11\/08\/epli-og-gerviepli-i-haskola-islands\/","title":{"rendered":"Epli og gerviepli \u00ed H\u00e1sk\u00f3la \u00cdslands"},"content":{"rendered":"<p>Eftirfarandi grein birtist \u00ed\u00a0<a href=\"http:\/\/www.visir.is\/epli-og-gerviepli-i-haskola-islands\/article\/2013711079991\">Fr\u00e9ttabla\u00f0inu 7. n\u00f3vember 2013<\/a>.<\/p>\n<p>H\u00e9r er\u00a0<a href=\"http:\/\/www.visir.is\/epli-og-konglar\/article\/2013710309993\">grein Eir\u00edks Sm\u00e1ra<\/a>\u00a0sem \u00feessi er svar vi\u00f0. \u00a0Og\u00a0<a href=\"http:\/\/blog.pressan.is\/einar\/2013\/10\/25\/slaandi-tolur-um-haskola-islands\/\">h\u00e9r er pistillinn<\/a>\u00a0sem Eir\u00edkur var a\u00f0 svara.<\/p>\n<p>\u2014\u2014\u2014\u2014\u2014\u2014\u2014\u2014\u2014\u2014\u2014\u2014\u2014\u2014\u2014\u2014\u2014\u2014\u2014\u2013<\/p>\n<p>Til a\u00f0 breg\u00f0ast vi\u00f0 fr\u00e9tt \u00ed Fr\u00e9ttabla\u00f0inu um bloggpistil sem \u00e9g birti 25. okt\u00f3ber skrifa\u00f0i Eir\u00edkur Sm\u00e1ri Sigur\u00f0arson grein \u00ed bla\u00f0i\u00f0 30. okt\u00f3ber me\u00f0 yfirskriftinni \u201eEpli og k\u00f6nglar\u201c. \u00dea\u00f0 er \u00e1n\u00e6gjuefni, \u00fear sem markmi\u00f0i\u00f0 me\u00f0 skrifum m\u00ednum um h\u00e1sk\u00f3lam\u00e1lin er a\u00f0 hvetja til opinberrar umr\u00e6\u00f0u um \u00fea\u00f0 sem gott er og vont \u00ed \u00edslenska h\u00e1sk\u00f3lakerfinu.<!--more--><\/p>\n<p>\u00dea\u00f0 eru hins vegar nokkur vonbrig\u00f0i a\u00f0 Eir\u00edkur (eins og a\u00f0rir sem gagnr\u00fdnt hafa sta\u00f0h\u00e6fingar m\u00ednar opinberlega) l\u00e6tur s\u00e9r n\u00e6gja a\u00f0 halda fram a\u00f0 s\u00e1 samanbur\u00f0ur sem \u00e9g ger\u00f0i milli fr\u00e6\u00f0asvi\u00f0a H\u00e1sk\u00f3la \u00cdslands s\u00e9 ekki markt\u00e6kur. Betra v\u00e6ri a\u00f0 Eir\u00edkur \u00fatsk\u00fdr\u00f0i hver hinn e\u00f0lilegi samanbur\u00f0ur s\u00e9, sem \u00e6tti a\u00f0 vera au\u00f0velt fyrir hann, \u00fear sem hann s\u00fdslar einmitt me\u00f0 sl\u00edk m\u00e1l \u00ed starfi s\u00ednu hj\u00e1 H\u00cd.<\/p>\n<p><strong>Tv\u00edtugfaldur munur<\/strong><\/p>\n<p>\u00dea\u00f0 sem er sl\u00e1andi vi\u00f0 \u00feessar sta\u00f0h\u00e6fingar Eir\u00edks er a\u00f0 \u00e9g hef annars vegar margteki\u00f0 fram \u00ed skrifum m\u00ednum a\u00f0 \u00feessi samanbur\u00f0ur s\u00e9 ekki n\u00e1kv\u00e6mur, og a\u00f0 til \u00feess a\u00f0 hann yr\u00f0i \u00fea\u00f0 \u00feyrfti a\u00f0 taka tillit til \u00fdmissa \u00fe\u00e1tta, eins og \u00feeirra sem Eir\u00edkur nefnir.<\/p>\n<p>En, eins og \u00e9g hef einnig bent \u00e1 er auglj\u00f3st \u00f6llum sem til \u00feekkja, eins og Eir\u00edki, a\u00f0 \u00feeir \u00fe\u00e6ttir sem hann nefnir geta me\u00f0 engu m\u00f3ti \u00fatsk\u00fdrt \u00feann gr\u00ed\u00f0arlega mun sem er \u00e1 birtingat\u00ed\u00f0ni \u00f3l\u00edkra fr\u00e6\u00f0asvi\u00f0a H\u00cd \u00ed svok\u00f6llu\u00f0um ISI-t\u00edmaritum, samkv\u00e6mt t\u00f6lum sem H\u00cd birtir sj\u00e1lfur. \u00dea\u00f0 er nefnilega fr\u00e1leitt e\u00f0lilegt a\u00f0 munurinn s\u00e9 t\u00edfaldur, eins og gildir um F\u00e9lagsv\u00edsindasvi\u00f0 \u00ed samanbur\u00f0i vi\u00f0 Verkfr\u00e6\u00f0i- og N\u00e1tt\u00faruv\u00edsindasvi\u00f0, hva\u00f0 \u00fe\u00e1 tv\u00edtugfaldur, eins og gildir um Menntav\u00edsindasvi\u00f0.<\/p>\n<p>\u00dea\u00f0 er r\u00e9tt a\u00f0 taka fram a\u00f0 \u00ed hugv\u00edsindum er munurinn \u00e1 birtingat\u00ed\u00f0ni tr\u00falega meiri \u00e1 al\u00fej\u00f3\u00f0avettvangi, vegna \u00f3l\u00edkra hef\u00f0a, en Eir\u00edkur er ekki bara a\u00f0 fjalla um hugv\u00edsindin, heldur l\u00edka f\u00e9lags- og menntav\u00edsindin, sem eru \u00feau svi\u00f0 sem gagnr\u00fdni m\u00edn hefur fyrst og fremst beinst a\u00f0. \u00dea\u00f0 vir\u00f0ast l\u00edka vera talsver\u00f0ar \u00fdkjur hj\u00e1 Eir\u00edki a\u00f0 \u00fea\u00f0 vanti \u201est\u00f3ran hluta virtustu t\u00edmarita \u00ed \u00feessum greinum \u00ed grunninn\u201c \u00feegar f\u00e9lags- og menntav\u00edsindi eru annars vegar, enda sty\u00f0ur hann \u00fe\u00e1 sta\u00f0h\u00e6fingu engum g\u00f6gnum.<\/p>\n<p>\u00dea\u00f0 eru fleiri g\u00f6gn a\u00f0gengileg \u00e1 netinu sem s\u00fdna svart \u00e1 hv\u00edtu a\u00f0 Eir\u00edkur er a\u00f0 reyna a\u00f0 verja \u00f3verjandi me\u00f0fer\u00f0 ranns\u00f3knafj\u00e1r, mi\u00f0a\u00f0 vi\u00f0 yfirl\u00fdsta stefnu H\u00cd um a\u00f0 komast \u00ed fremstu r\u00f6\u00f0. \u00dear \u00e1 me\u00f0al eru ritaskr\u00e1r allra starfsmanna Menntav\u00edsindasvi\u00f0s, en eina sl\u00edka skr\u00e1, fr\u00e1 2007, m\u00e1 finna \u00ed heilu lagi \u00e1 netinu.<\/p>\n<p>\u00dear er allt t\u00ednt til sem hver starfsma\u00f0ur telur til ranns\u00f3knaframlags. Fyrir utan \u00f6rf\u00e1a starfsmenn sem greinilega eru duglegir, og sem sumir vir\u00f0ast \u00f6flugir \u00e1 al\u00fej\u00f3\u00f0avettvangi, er birtingaskr\u00e1in a\u00f0allega ey\u00f0im\u00f6rk, ef liti\u00f0 er til \u00feess sem gjaldgengt er \u00ed al\u00fej\u00f3\u00f0asamf\u00e9laginu. Og s\u00fa afs\u00f6kun a\u00f0 \u00edslensk menntav\u00edsindi s\u00e9u svo s\u00e9rst\u00f6k a\u00f0 \u00feau eigi ekki erindi \u00e1 al\u00fej\u00f3\u00f0avettvang er jafn f\u00e1r\u00e1nleg og kenningarnar um hin s\u00e9rst\u00f6ku l\u00f6gm\u00e1l sem \u00fatsk\u00fdr\u00f0u snilld \u00cdslendinga \u00ed fj\u00e1rm\u00e1lum.<\/p>\n<p><strong>A\u00f0 fegra b\u00f3khald<\/strong><\/p>\n<p>Tali\u00f0 um a\u00f0 koma H\u00cd \u00ed h\u00f3p hundra\u00f0 bestu h\u00e1sk\u00f3la \u00ed heimi er \u00f3rauns\u00e6tt mi\u00f0a\u00f0 vi\u00f0 \u00fe\u00e6r a\u00f0fer\u00f0ir sem forysta sk\u00f3lans notar. (Og \u00fea\u00f0 segir s\u00edna s\u00f6gu a\u00f0 ekki ein einasta af manneskjunum \u00ed \u00e6\u00f0stu akadem\u00edsku valdast\u00f6\u00f0um sk\u00f3lans hefur reynslu af starfi vi\u00f0 erlendan h\u00e1sk\u00f3la.) \u00dea\u00f0 er l\u00edka beinl\u00ednis ska\u00f0legt a\u00f0 einbl\u00edna \u00e1 a\u00f0 komast h\u00e1tt \u00e1 tilteknum m\u00e6likv\u00f6r\u00f0um, \u00ed sta\u00f0 \u00feess a\u00f0 leggja \u00e1herslu \u00e1 a\u00f0 byggja upp g\u00e6\u00f0i \u00feeirrar starfsemi sem tryggir h\u00e1tt mat \u00e1 sl\u00edkum kv\u00f6r\u00f0um til langframa.<\/p>\n<p>Eitt d\u00e6mi um ska\u00f0lega \u00e1herslu er fj\u00f6ldaframlei\u00f0sla \u00e1 doktorsgr\u00e1\u00f0um, \u00fear sem lei\u00f0beinendur eru \u00ed sumum tilfellum alls ekki h\u00e6fir til starfs s\u00edns. Me\u00f0 \u00feessu er veri\u00f0 a\u00f0 fegra b\u00f3khald sk\u00f3lans, en vinna tj\u00f3n \u00e1 g\u00e6\u00f0um ranns\u00f3knastarfs hans.<\/p>\n<p>\u00dea\u00f0 er hins vegar mun au\u00f0veldara en margir halda a\u00f0 byggja upp miklu \u00f6flugri ranns\u00f3knir \u00e1 \u00cdslandi en n\u00fa er raunin. Og \u00fe\u00f3tt \u00fea\u00f0 \u00feurfi miki\u00f0 f\u00e9 til a\u00f0 byggja upp st\u00f3ran og \u00f6flugan h\u00e1sk\u00f3la v\u00e6ri h\u00e6gt a\u00f0 efla ranns\u00f3knastarfi\u00f0 til muna me\u00f0 \u00fev\u00ed f\u00e9 sem h\u00e1sk\u00f3lar f\u00e1 n\u00fa til \u00feess.<\/p>\n<p>En \u00fe\u00e1 \u00fearf a\u00f0 nota f\u00e9\u00f0 \u00ed gott ranns\u00f3knastarf, ekki dreifa \u00fev\u00ed \u00e1 alla akadem\u00edska starfsmenn r\u00edkish\u00e1sk\u00f3lanna, l\u00edka \u00fe\u00e1 sem aldrei hafa stunda\u00f0 ranns\u00f3knir, e\u00f0a bara ranns\u00f3knir sem alls ekki n\u00e1 m\u00e1li \u00ed \u00fev\u00ed al\u00fej\u00f3\u00f0asamf\u00e9lagi sem n\u00e1nast \u00f6ll v\u00edsindi eru. Til a\u00f0 \u00fea\u00f0 megi ver\u00f0a \u00fearf hins vegar a\u00f0 h\u00e6tta a\u00f0 segja \u00f3satt um hva\u00f0 er gott og hva\u00f0 slakt \u00ed h\u00e1sk\u00f3lastarfinu.<\/p>\n","protected":false},"excerpt":{"rendered":"<p>Eftirfarandi grein birtist \u00ed\u00a0Fr\u00e9ttabla\u00f0inu 7. n\u00f3vember 2013. H\u00e9r er\u00a0grein Eir\u00edks Sm\u00e1ra\u00a0sem \u00feessi er svar vi\u00f0. \u00a0Og\u00a0h\u00e9r er pistillinn\u00a0sem Eir\u00edkur var a\u00f0 svara. \u2014\u2014\u2014\u2014\u2014\u2014\u2014\u2014\u2014\u2014\u2014\u2014\u2014\u2014\u2014\u2014\u2014\u2014\u2014\u2013 Til a\u00f0 breg\u00f0ast vi\u00f0 fr\u00e9tt \u00ed Fr\u00e9ttabla\u00f0inu um bloggpistil sem \u00e9g birti 25. okt\u00f3ber skrifa\u00f0i Eir\u00edkur Sm\u00e1ri &hellip; <a href=\"https:\/\/www.norn.is\/einar\/2013\/11\/08\/epli-og-gerviepli-i-haskola-islands\/\">Halda \u00e1fram a\u00f0 lesa <span class=\"meta-nav\">&rarr;<\/span><\/a><\/p>\n","protected":false},"author":10,"featured_media":0,"comment_status":"open","ping_status":"open","sticky":false,"template":"","format":"standard","meta":{"footnotes":""},"categories":[1,79],"tags":[164,323,84],"class_list":["post-427","post","type-post","status-publish","format-standard","hentry","category-oflokkad","category-haskolamal","tag-andverdleikasamfelag","tag-eirikur-smari-sigurdarson","tag-haskoli-islands"],"yoast_head":"<!-- This site is optimized with the Yoast SEO plugin v27.5 - https:\/\/yoast.com\/product\/yoast-seo-wordpress\/ -->\n<title>Epli og gerviepli \u00ed H\u00e1sk\u00f3la \u00cdslands - Einar<\/title>\n<meta name=\"robots\" content=\"index, follow, max-snippet:-1, max-image-preview:large, max-video-preview:-1\" \/>\n<link rel=\"canonical\" href=\"https:\/\/www.norn.is\/einar\/2013\/11\/08\/epli-og-gerviepli-i-haskola-islands\/\" \/>\n<meta property=\"og:locale\" content=\"is_IS\" \/>\n<meta property=\"og:type\" content=\"article\" \/>\n<meta property=\"og:title\" content=\"Epli og gerviepli \u00ed H\u00e1sk\u00f3la \u00cdslands - Einar\" \/>\n<meta property=\"og:description\" content=\"Eftirfarandi grein birtist \u00ed\u00a0Fr\u00e9ttabla\u00f0inu 7. n\u00f3vember 2013. H\u00e9r er\u00a0grein Eir\u00edks Sm\u00e1ra\u00a0sem \u00feessi er svar vi\u00f0. \u00a0Og\u00a0h\u00e9r er pistillinn\u00a0sem Eir\u00edkur var a\u00f0 svara. \u2014\u2014\u2014\u2014\u2014\u2014\u2014\u2014\u2014\u2014\u2014\u2014\u2014\u2014\u2014\u2014\u2014\u2014\u2014\u2013 Til a\u00f0 breg\u00f0ast vi\u00f0 fr\u00e9tt \u00ed Fr\u00e9ttabla\u00f0inu um bloggpistil sem \u00e9g birti 25. okt\u00f3ber skrifa\u00f0i Eir\u00edkur Sm\u00e1ri &hellip; Halda \u00e1fram a\u00f0 lesa &rarr;\" \/>\n<meta property=\"og:url\" content=\"https:\/\/www.norn.is\/einar\/2013\/11\/08\/epli-og-gerviepli-i-haskola-islands\/\" \/>\n<meta property=\"og:site_name\" content=\"Einar\" \/>\n<meta property=\"article:published_time\" content=\"2013-11-08T11:42:21+00:00\" \/>\n<meta property=\"article:modified_time\" content=\"2017-09-24T11:03:27+00:00\" \/>\n<meta name=\"author\" content=\"einar\" \/>\n<meta name=\"twitter:card\" content=\"summary_large_image\" \/>\n<meta name=\"twitter:label1\" content=\"Written by\" \/>\n\t<meta name=\"twitter:data1\" content=\"\" \/>\n\t<meta name=\"twitter:label2\" content=\"Est. reading time\" \/>\n\t<meta name=\"twitter:data2\" content=\"5 minutes\" \/>\n<script type=\"application\/ld+json\" class=\"yoast-schema-graph\">{\"@context\":\"https:\\\/\\\/schema.org\",\"@graph\":[{\"@type\":\"Article\",\"@id\":\"https:\\\/\\\/www.norn.is\\\/einar\\\/2013\\\/11\\\/08\\\/epli-og-gerviepli-i-haskola-islands\\\/#article\",\"isPartOf\":{\"@id\":\"https:\\\/\\\/www.norn.is\\\/einar\\\/2013\\\/11\\\/08\\\/epli-og-gerviepli-i-haskola-islands\\\/\"},\"author\":{\"name\":\"einar\",\"@id\":\"https:\\\/\\\/www.norn.is\\\/einar\\\/#\\\/schema\\\/person\\\/19affadb841a22f7bfd4bdcd72a862d0\"},\"headline\":\"Epli og gerviepli \u00ed H\u00e1sk\u00f3la \u00cdslands\",\"datePublished\":\"2013-11-08T11:42:21+00:00\",\"dateModified\":\"2017-09-24T11:03:27+00:00\",\"mainEntityOfPage\":{\"@id\":\"https:\\\/\\\/www.norn.is\\\/einar\\\/2013\\\/11\\\/08\\\/epli-og-gerviepli-i-haskola-islands\\\/\"},\"wordCount\":907,\"commentCount\":0,\"keywords\":[\"Andver\u00f0leikasamf\u00e9lag\",\"Eir\u00edkur Sm\u00e1ri Sigur\u00f0arson\",\"H\u00e1sk\u00f3li \u00cdslands\"],\"articleSection\":[\"Allt efni\",\"H\u00e1sk\u00f3lam\u00e1l\"],\"inLanguage\":\"is\",\"potentialAction\":[{\"@type\":\"CommentAction\",\"name\":\"Comment\",\"target\":[\"https:\\\/\\\/www.norn.is\\\/einar\\\/2013\\\/11\\\/08\\\/epli-og-gerviepli-i-haskola-islands\\\/#respond\"]}]},{\"@type\":\"WebPage\",\"@id\":\"https:\\\/\\\/www.norn.is\\\/einar\\\/2013\\\/11\\\/08\\\/epli-og-gerviepli-i-haskola-islands\\\/\",\"url\":\"https:\\\/\\\/www.norn.is\\\/einar\\\/2013\\\/11\\\/08\\\/epli-og-gerviepli-i-haskola-islands\\\/\",\"name\":\"Epli og gerviepli \u00ed H\u00e1sk\u00f3la \u00cdslands - Einar\",\"isPartOf\":{\"@id\":\"https:\\\/\\\/www.norn.is\\\/einar\\\/#website\"},\"datePublished\":\"2013-11-08T11:42:21+00:00\",\"dateModified\":\"2017-09-24T11:03:27+00:00\",\"author\":{\"@id\":\"https:\\\/\\\/www.norn.is\\\/einar\\\/#\\\/schema\\\/person\\\/19affadb841a22f7bfd4bdcd72a862d0\"},\"breadcrumb\":{\"@id\":\"https:\\\/\\\/www.norn.is\\\/einar\\\/2013\\\/11\\\/08\\\/epli-og-gerviepli-i-haskola-islands\\\/#breadcrumb\"},\"inLanguage\":\"is\",\"potentialAction\":[{\"@type\":\"ReadAction\",\"target\":[\"https:\\\/\\\/www.norn.is\\\/einar\\\/2013\\\/11\\\/08\\\/epli-og-gerviepli-i-haskola-islands\\\/\"]}]},{\"@type\":\"BreadcrumbList\",\"@id\":\"https:\\\/\\\/www.norn.is\\\/einar\\\/2013\\\/11\\\/08\\\/epli-og-gerviepli-i-haskola-islands\\\/#breadcrumb\",\"itemListElement\":[{\"@type\":\"ListItem\",\"position\":1,\"name\":\"Home\",\"item\":\"https:\\\/\\\/www.norn.is\\\/einar\\\/\"},{\"@type\":\"ListItem\",\"position\":2,\"name\":\"Epli og gerviepli \u00ed H\u00e1sk\u00f3la \u00cdslands\"}]},{\"@type\":\"WebSite\",\"@id\":\"https:\\\/\\\/www.norn.is\\\/einar\\\/#website\",\"url\":\"https:\\\/\\\/www.norn.is\\\/einar\\\/\",\"name\":\"Einar\",\"description\":\"Pistlar Einars Steingr\u00edmssonar\",\"potentialAction\":[{\"@type\":\"SearchAction\",\"target\":{\"@type\":\"EntryPoint\",\"urlTemplate\":\"https:\\\/\\\/www.norn.is\\\/einar\\\/?s={search_term_string}\"},\"query-input\":{\"@type\":\"PropertyValueSpecification\",\"valueRequired\":true,\"valueName\":\"search_term_string\"}}],\"inLanguage\":\"is\"},{\"@type\":\"Person\",\"@id\":\"https:\\\/\\\/www.norn.is\\\/einar\\\/#\\\/schema\\\/person\\\/19affadb841a22f7bfd4bdcd72a862d0\",\"name\":\"einar\",\"image\":{\"@type\":\"ImageObject\",\"inLanguage\":\"is\",\"@id\":\"https:\\\/\\\/secure.gravatar.com\\\/avatar\\\/6f5f5592f3cc45e338376db24f1672c636582d9c27d855e8f077f13ef13b17fd?s=96&d=mm&r=g\",\"url\":\"https:\\\/\\\/secure.gravatar.com\\\/avatar\\\/6f5f5592f3cc45e338376db24f1672c636582d9c27d855e8f077f13ef13b17fd?s=96&d=mm&r=g\",\"contentUrl\":\"https:\\\/\\\/secure.gravatar.com\\\/avatar\\\/6f5f5592f3cc45e338376db24f1672c636582d9c27d855e8f077f13ef13b17fd?s=96&d=mm&r=g\",\"caption\":\"einar\"},\"url\":\"https:\\\/\\\/www.norn.is\\\/einar\\\/author\\\/einarsteingrimsson\\\/\"}]}<\/script>\n<!-- \/ Yoast SEO plugin. -->","yoast_head_json":{"title":"Epli og gerviepli \u00ed H\u00e1sk\u00f3la \u00cdslands - Einar","robots":{"index":"index","follow":"follow","max-snippet":"max-snippet:-1","max-image-preview":"max-image-preview:large","max-video-preview":"max-video-preview:-1"},"canonical":"https:\/\/www.norn.is\/einar\/2013\/11\/08\/epli-og-gerviepli-i-haskola-islands\/","og_locale":"is_IS","og_type":"article","og_title":"Epli og gerviepli \u00ed H\u00e1sk\u00f3la \u00cdslands - Einar","og_description":"Eftirfarandi grein birtist \u00ed\u00a0Fr\u00e9ttabla\u00f0inu 7. n\u00f3vember 2013. H\u00e9r er\u00a0grein Eir\u00edks Sm\u00e1ra\u00a0sem \u00feessi er svar vi\u00f0. \u00a0Og\u00a0h\u00e9r er pistillinn\u00a0sem Eir\u00edkur var a\u00f0 svara. \u2014\u2014\u2014\u2014\u2014\u2014\u2014\u2014\u2014\u2014\u2014\u2014\u2014\u2014\u2014\u2014\u2014\u2014\u2014\u2013 Til a\u00f0 breg\u00f0ast vi\u00f0 fr\u00e9tt \u00ed Fr\u00e9ttabla\u00f0inu um bloggpistil sem \u00e9g birti 25. okt\u00f3ber skrifa\u00f0i Eir\u00edkur Sm\u00e1ri &hellip; Halda \u00e1fram a\u00f0 lesa &rarr;","og_url":"https:\/\/www.norn.is\/einar\/2013\/11\/08\/epli-og-gerviepli-i-haskola-islands\/","og_site_name":"Einar","article_published_time":"2013-11-08T11:42:21+00:00","article_modified_time":"2017-09-24T11:03:27+00:00","author":"einar","twitter_card":"summary_large_image","twitter_misc":{"Written by":false,"Est. reading time":"5 minutes"},"schema":{"@context":"https:\/\/schema.org","@graph":[{"@type":"Article","@id":"https:\/\/www.norn.is\/einar\/2013\/11\/08\/epli-og-gerviepli-i-haskola-islands\/#article","isPartOf":{"@id":"https:\/\/www.norn.is\/einar\/2013\/11\/08\/epli-og-gerviepli-i-haskola-islands\/"},"author":{"name":"einar","@id":"https:\/\/www.norn.is\/einar\/#\/schema\/person\/19affadb841a22f7bfd4bdcd72a862d0"},"headline":"Epli og gerviepli \u00ed H\u00e1sk\u00f3la \u00cdslands","datePublished":"2013-11-08T11:42:21+00:00","dateModified":"2017-09-24T11:03:27+00:00","mainEntityOfPage":{"@id":"https:\/\/www.norn.is\/einar\/2013\/11\/08\/epli-og-gerviepli-i-haskola-islands\/"},"wordCount":907,"commentCount":0,"keywords":["Andver\u00f0leikasamf\u00e9lag","Eir\u00edkur Sm\u00e1ri Sigur\u00f0arson","H\u00e1sk\u00f3li \u00cdslands"],"articleSection":["Allt efni","H\u00e1sk\u00f3lam\u00e1l"],"inLanguage":"is","potentialAction":[{"@type":"CommentAction","name":"Comment","target":["https:\/\/www.norn.is\/einar\/2013\/11\/08\/epli-og-gerviepli-i-haskola-islands\/#respond"]}]},{"@type":"WebPage","@id":"https:\/\/www.norn.is\/einar\/2013\/11\/08\/epli-og-gerviepli-i-haskola-islands\/","url":"https:\/\/www.norn.is\/einar\/2013\/11\/08\/epli-og-gerviepli-i-haskola-islands\/","name":"Epli og gerviepli \u00ed H\u00e1sk\u00f3la \u00cdslands - Einar","isPartOf":{"@id":"https:\/\/www.norn.is\/einar\/#website"},"datePublished":"2013-11-08T11:42:21+00:00","dateModified":"2017-09-24T11:03:27+00:00","author":{"@id":"https:\/\/www.norn.is\/einar\/#\/schema\/person\/19affadb841a22f7bfd4bdcd72a862d0"},"breadcrumb":{"@id":"https:\/\/www.norn.is\/einar\/2013\/11\/08\/epli-og-gerviepli-i-haskola-islands\/#breadcrumb"},"inLanguage":"is","potentialAction":[{"@type":"ReadAction","target":["https:\/\/www.norn.is\/einar\/2013\/11\/08\/epli-og-gerviepli-i-haskola-islands\/"]}]},{"@type":"BreadcrumbList","@id":"https:\/\/www.norn.is\/einar\/2013\/11\/08\/epli-og-gerviepli-i-haskola-islands\/#breadcrumb","itemListElement":[{"@type":"ListItem","position":1,"name":"Home","item":"https:\/\/www.norn.is\/einar\/"},{"@type":"ListItem","position":2,"name":"Epli og gerviepli \u00ed H\u00e1sk\u00f3la \u00cdslands"}]},{"@type":"WebSite","@id":"https:\/\/www.norn.is\/einar\/#website","url":"https:\/\/www.norn.is\/einar\/","name":"Einar","description":"Pistlar Einars Steingr\u00edmssonar","potentialAction":[{"@type":"SearchAction","target":{"@type":"EntryPoint","urlTemplate":"https:\/\/www.norn.is\/einar\/?s={search_term_string}"},"query-input":{"@type":"PropertyValueSpecification","valueRequired":true,"valueName":"search_term_string"}}],"inLanguage":"is"},{"@type":"Person","@id":"https:\/\/www.norn.is\/einar\/#\/schema\/person\/19affadb841a22f7bfd4bdcd72a862d0","name":"einar","image":{"@type":"ImageObject","inLanguage":"is","@id":"https:\/\/secure.gravatar.com\/avatar\/6f5f5592f3cc45e338376db24f1672c636582d9c27d855e8f077f13ef13b17fd?s=96&d=mm&r=g","url":"https:\/\/secure.gravatar.com\/avatar\/6f5f5592f3cc45e338376db24f1672c636582d9c27d855e8f077f13ef13b17fd?s=96&d=mm&r=g","contentUrl":"https:\/\/secure.gravatar.com\/avatar\/6f5f5592f3cc45e338376db24f1672c636582d9c27d855e8f077f13ef13b17fd?s=96&d=mm&r=g","caption":"einar"},"url":"https:\/\/www.norn.is\/einar\/author\/einarsteingrimsson\/"}]}},"_links":{"self":[{"href":"https:\/\/www.norn.is\/einar\/wp-json\/wp\/v2\/posts\/427","targetHints":{"allow":["GET"]}}],"collection":[{"href":"https:\/\/www.norn.is\/einar\/wp-json\/wp\/v2\/posts"}],"about":[{"href":"https:\/\/www.norn.is\/einar\/wp-json\/wp\/v2\/types\/post"}],"author":[{"embeddable":true,"href":"https:\/\/www.norn.is\/einar\/wp-json\/wp\/v2\/users\/10"}],"replies":[{"embeddable":true,"href":"https:\/\/www.norn.is\/einar\/wp-json\/wp\/v2\/comments?post=427"}],"version-history":[{"count":1,"href":"https:\/\/www.norn.is\/einar\/wp-json\/wp\/v2\/posts\/427\/revisions"}],"predecessor-version":[{"id":428,"href":"https:\/\/www.norn.is\/einar\/wp-json\/wp\/v2\/posts\/427\/revisions\/428"}],"wp:attachment":[{"href":"https:\/\/www.norn.is\/einar\/wp-json\/wp\/v2\/media?parent=427"}],"wp:term":[{"taxonomy":"category","embeddable":true,"href":"https:\/\/www.norn.is\/einar\/wp-json\/wp\/v2\/categories?post=427"},{"taxonomy":"post_tag","embeddable":true,"href":"https:\/\/www.norn.is\/einar\/wp-json\/wp\/v2\/tags?post=427"}],"curies":[{"name":"wp","href":"https:\/\/api.w.org\/{rel}","templated":true}]}}