{"id":417,"date":"2013-10-14T11:16:24","date_gmt":"2013-10-14T11:16:24","guid":{"rendered":"http:\/\/www.norn.is\/einar\/?p=417"},"modified":"2017-09-24T11:03:27","modified_gmt":"2017-09-24T11:03:27","slug":"gauta-svarad-um-gaedi-islenskra-haskola","status":"publish","type":"post","link":"https:\/\/www.norn.is\/einar\/2013\/10\/14\/gauta-svarad-um-gaedi-islenskra-haskola\/","title":{"rendered":"Gauta svara\u00f0, um g\u00e6\u00f0i \u00edslenskra h\u00e1sk\u00f3la"},"content":{"rendered":"<div>(\u00deetta er mj\u00f6g langur pistill. \u00a0H\u00e9r er hins vegar stutt samantekt \u00e1 a\u00f0alatri\u00f0unum:\u00a0<a href=\"http:\/\/blog.pressan.is\/einar\/2013\/10\/14\/lygasagan-um-gaedi-islenskra-haskola\/\">Lygasagan um g\u00e6\u00f0i \u00edslenskra h\u00e1sk\u00f3la<\/a>)<\/div>\n<p><!--more--><\/p>\n<div><\/div>\n<div>S\u00ed\u00f0astli\u00f0inn f\u00f6studag birti Gauti Kristmannsson\u00a0<a href=\"http:\/\/www.hugras.is\/2013\/10\/ritryning-a-grein-eftir-einar-steingrimsson\/\">grein \u00e1 Hugr\u00e1s<\/a>, vefriti Hugv\u00edsindasvi\u00f0s H\u00e1sk\u00f3la \u00cdslands,\u00a0sem nefnist \u201eRitr\u00fdning \u00e1 grein eftir Einar Steingr\u00edmsson\u201c. \u00a0Grein m\u00edn,\u00a0<a href=\"http:\/\/blog.pressan.is\/einar\/2013\/10\/08\/tharf-ad-reka-80-haskolakennara-a-islandi-ur-40-af-starfi-sinu\/\">bloggpistill \u00e1 Eyjunni<\/a>, var gagnr\u00fdni \u00e1 me\u00f0fer\u00f0 r\u00edkish\u00e1sk\u00f3lanna \u00e1 \u00fev\u00ed f\u00e9 sem \u00feeir f\u00e1 til ranns\u00f3kna. \u00a0H\u00e1sk\u00f3larnir grei\u00f0a \u00f6llum akadem\u00edskum starfsm\u00f6nnum helming launa sinna fyrir ranns\u00f3knir (ekki 40% eins og \u00e9g h\u00e9lt) \u00fe\u00f3tt margir \u00feessara starfsmanna hafi aldrei stunda\u00f0 neinar ranns\u00f3knir sem ver\u00f0skulda a\u00f0 heita \u00fev\u00ed nafni, og margir a\u00f0eins ranns\u00f3knir sem ekki n\u00e1 \u00fev\u00ed m\u00e1li a\u00f0 vera gjaldgengar \u00e1 \u00feeim al\u00fej\u00f3\u00f0avettvangi sem n\u00e1nast \u00f6ll v\u00edsindi tilheyra.<\/div>\n<div><\/div>\n<div>H\u00e9r reyni \u00e9g a\u00f0 svara flestum athugasemdum Gauta. \u00a0Au\u00f0vita\u00f0 getur veri\u00f0 a\u00f0 \u00e9g s\u00e9 a\u00f0 misskilja Gauta, \u00fev\u00ed grein hans er skrifu\u00f0 \u00ed \u00feannig st\u00edl a\u00f0 ekki er laust vi\u00f0 a\u00f0 mann gruni a\u00f0 hann s\u00e9 a\u00f0 skopast a\u00f0 \u00feeirri afst\u00f6\u00f0u sem hann vir\u00f0ist kynna sem s\u00edna eigin, enda er grein hans full af h\u00e1\u00f0i, og einmitt ekki \u00ed \u00feeim v\u00edsindalega anda sem hann vir\u00f0ist vera a\u00f0 gagnr\u00fdna pistil minn fyrir a\u00f0 skorta. \u00a0Enda er vands\u00e9\u00f0 af hverju Gauti telur \u00e1st\u00e6\u00f0u til a\u00f0 fjalla um bloggpistil eins og um v\u00edsindaritger\u00f0 s\u00e9 a\u00f0 r\u00e6\u00f0a, og \u00fea\u00f0 \u00e1n \u00feess a\u00f0 reyna a\u00f0 hrekja \u00fe\u00e6r sta\u00f0h\u00e6fingar sem mikilv\u00e6gastar eru \u00ed pistlinum. \u00a0\u00dev\u00ed m\u00e1 vel vera a\u00f0 \u00e9g gangi h\u00e9r \u00ed \u00fe\u00e1 gildru a\u00f0 taka alvarlega \u00fea\u00f0 sem er \u00ed raun kaldh\u00e6\u00f0in \u00e1deila, sett fram \u00ed yfirl\u00e6tislegum umv\u00f6ndunart\u00f3n. \u00a0En, af \u00fev\u00ed \u00e9g veit a\u00f0 ekki l\u00edta allir \u00e1 \u00feetta sem brandara hj\u00e1 Gauta tel \u00e9g r\u00e9tt a\u00f0 svara \u00fev\u00ed helsta sem hann segir.<\/div>\n<div><\/div>\n<div><b>Hvert var markmi\u00f0 bloggpistilsins?<\/b><\/div>\n<div><\/div>\n<div>Pistill minn ber yfirskriftina \u201e\u00dearf a\u00f0 reka 80% h\u00e1sk\u00f3lakennara \u00e1 \u00cdslandi \u00far 40% af starfi s\u00ednu?\u201c og Gauti segir:<\/div>\n<div><\/div>\n<blockquote>\n<div>\u201eVi\u00f0 lestur greinarinnar kemur l\u00edka \u00ed lj\u00f3s a\u00f0 \u00feetta er ekki nein \u201eranns\u00f3knaspurning\u201c heldur einfaldlega retor\u00edsk spurning sem svara \u00e1 me\u00f0 j\u00e1, enda er \u00fea\u00f0 gert beinl\u00ednis \u00ed greininni \u00fear sem segir \u201e\u00fea\u00f0 er \u00fev\u00ed varla ofreikna\u00f0 a\u00f0 80% akadem\u00edskra starfsmanna h\u00e1sk\u00f3la \u00e1 \u00cdslandi s\u00e9u \u00e1 launum vi\u00f0 a\u00f0 stunda ranns\u00f3knir sem ekkert vit er a\u00f0 setja peninga \u00ed\u201c. Hva\u00f0an h\u00f6fundur hefur \u00feekkingu til a\u00f0 kve\u00f0a upp \u00far um hva\u00f0a ranns\u00f3knir vit s\u00e9 a\u00f0 setja peninga \u00ed kemur ekki fram og ekki v\u00edsar hann til neinna ranns\u00f3kna um \u00fea\u00f0 efni.\u201c<\/div>\n<div><\/div>\n<\/blockquote>\n<div>\u00dea\u00f0 er r\u00e9tt \u00a0hj\u00e1 Gauta a\u00f0 spurningin \u00ed fyrirs\u00f6gninni er ret\u00f3r\u00edsk. \u00a0Hins vegar ekki a\u00f0 henni beri a\u00f0 svara me\u00f0 j\u00e1, enda eru ret\u00f3r\u00edskar spurningar gjarnan settar fram til a\u00f0 f\u00e1 f\u00f3lk til a\u00f0 hugsa \u00fat fr\u00e1 n\u00fdju sj\u00f3narhorni, \u00ed \u00feeirri von a\u00f0 \u00fea\u00f0 komist a\u00f0 ni\u00f0urst\u00f6\u00f0u sem ekki er endilega jafn einf\u00f6ld og spurningin gefur til kynna. \u00a0Eins og lj\u00f3st er af lestri pistils m\u00edns bendi \u00e9g \u00e1 a\u00f0 h\u00e6gt er a\u00f0 f\u00e1 \u00f3h\u00e1\u00f0a erlenda a\u00f0ila til a\u00f0 meta g\u00e6\u00f0i ranns\u00f3kna \u00edslensku h\u00e1sk\u00f3lanna, og skipuleggja starf \u00feeirra \u00ed samr\u00e6mi vi\u00f0 \u00fea\u00f0, til d\u00e6mis me\u00f0 \u00fev\u00ed a\u00f0 skipta upp \u00ed ranns\u00f3knah\u00e1sk\u00f3la annars vegar og kennsluh\u00e1sk\u00f3la hins vegar. \u00a0Auk \u00feess bendi \u00e9g \u00ed pistlinum \u00e1\u00a0<a href=\"http:\/\/blog.pressan.is\/einar\/wp-content\/uploads\/sites\/148\/2013\/10\/alit-med-formala-thoro-mkm-es.pdf\">miklu \u00edtarlegri till\u00f6gur<\/a>\u00a0um endurskipulagningu h\u00e1sk\u00f3lakerfisins, \u00fear sem lj\u00f3st er a\u00f0 ekki er veri\u00f0 a\u00f0 gefa s\u00e9r fyrirfram hver hlutf\u00f6llin \u00e6ttu a\u00f0 vera \u00ed slikri skiptingu.<\/div>\n<div><\/div>\n<div>Var\u00f0andi \u00fea\u00f0 hvort \u00e9g hafi \u00feekkingu til a\u00f0 \u201ekve\u00f0a upp \u00far um hva\u00f0a ranns\u00f3knir vit s\u00e9 a\u00f0 setja peninga \u00ed\u201c \u00a0legg \u00e9g einmitt ekki til a\u00f0 mitt mat \u00e1 \u00fev\u00ed yr\u00f0i lagt til grundvallar. \u00a0Og au\u00f0vita\u00f0 get \u00e9g alls ekki meti\u00f0 g\u00e6\u00f0i ranns\u00f3kna \u00e1 \u00f6\u00f0rum svi\u00f0um en m\u00ednu eigin \u00fer\u00f6nga, ef um er a\u00f0 r\u00e6\u00f0a eitthva\u00f0 sem ekki er auglj\u00f3s \u00fev\u00e6la. \u00a0En, \u00fea\u00f0 \u00fearf \u00a0oft enga s\u00e9r\u00feekkingu til a\u00f0 sj\u00e1 a\u00f0 tilteknar ritsm\u00ed\u00f0ar, sem birtar hafa veri\u00f0 af starfsm\u00f6nnum h\u00e1sk\u00f3lanna \u00e1 vettvangi sem haldi\u00f0 er fram a\u00f0 s\u00e6ti ritr\u00fdningu, eru t\u00f3m \u00fev\u00e6la. \u00a0\u00c9g g\u00e6ti h\u00e6glega tali\u00f0 upp slatta af sl\u00edkum greinum, en \u00e6tla a\u00f0 veigra m\u00e9r vi\u00f0 \u00fev\u00ed enn um sinn, af \u00fev\u00ed a\u00f0 me\u00f0 \u00fev\u00ed er h\u00e6tt vi\u00f0 a\u00f0 \u00e9g s\u00e6ri f\u00f3lk sem ekki er endilega sj\u00e1lft vi\u00f0 a\u00f0 sakast (heldur lei\u00f0beinendur og ritstj\u00f3ra sem eiga a\u00f0 vita betur).<\/div>\n<div><\/div>\n<div><\/div>\n<div><b>Eru t\u00f6lurnar sem \u00e9g nefni of \u00f3n\u00e1kv\u00e6mar?\u00a0<\/b><\/div>\n<div><\/div>\n<div>Gauti fettir fingur \u00fat \u00ed \u00fe\u00e1 \u00f3n\u00e1kv\u00e6mni sem fram kemur \u00ed pistli minum var\u00f0andi hlutfallst\u00f6lur, \u00fe\u00f3tt \u00e9g bendi \u00e1 strax \u00ed upphafi, eins og hann segir, a\u00f0 t\u00f6lurnar s\u00e9u ekki n\u00e1kv\u00e6mar. \u00a0\u00c1st\u00e6\u00f0a \u00feess a\u00f0 \u00e9g tel ekki \u00feurfa n\u00e1kv\u00e6mar t\u00f6lur um \u00feetta eru eftirfarandi: \u00c1 \u00cdslandi er fj\u00f6ldi nemenda \u00ed h\u00e1sk\u00f3lan\u00e1mi svipa\u00f0ur \u00fev\u00ed sem mest gerist (hlutfallslega) \u00ed heiminum. \u00a0Allir akadem\u00edskir starfsmenn r\u00edkish\u00e1sk\u00f3lanna f\u00e1 greitt fyrir a\u00f0 helga st\u00f3ran hluta starfs s\u00edns ranns\u00f3knum og sama gildir um mj\u00f6g marga starfsmenn \u00ed HR (\u00fe\u00f3tt \u00fear gangi ekki eitt yfir alla, sem er \u00e1st\u00e6\u00f0a \u00feess a\u00f0 \u00e9g undanskildi HR \u00ed upphafi pistils m\u00edns, og Gauta fannst fur\u00f0ulegt). \u00a0\u00dea\u00f0 er nokku\u00f0 auglj\u00f3st \u00feeim sem einhverja inns\u00fdn hafa \u00ed h\u00e1sk\u00f3lakerfi samb\u00e6rilegra landa a\u00f0 \u00feetta er einstakt fyrir \u00cdsland; \u00ed engum \u00f6\u00f0rum l\u00f6ndum me\u00f0 jafn h\u00e1tt hlutfall h\u00e1sk\u00f3lanema er nema l\u00edtill hluti kerfisins me\u00f0 alla akadem\u00edska starfsmanna \u00ed ranns\u00f3knast\u00f6\u00f0um. \u00a0Til gl\u00f6ggvunar b\u00e6ti \u00e9g h\u00e9r vi\u00f0 svolitlum uppl\u00fdsingum um \u00feetta m\u00e1l, til a\u00f0 au\u00f0velda lesendum a\u00f0 sko\u00f0a samanbur\u00f0inn sem \u00e9g ger\u00f0i:<\/div>\n<div><\/div>\n<div>Til samanbur\u00f0ar vi\u00f0 \u00cdsland t\u00f3k \u00e9g d\u00e6mi\u00f0 um Kaliforn\u00edu af \u00fev\u00ed a\u00f0 \u00fear er au\u00f0velt a\u00f0 finna uppl\u00fdsingar um fj\u00f6lda nemenda og gr\u00f3flega um skiptinguna milli ranns\u00f3kna- og kennslusk\u00f3la. \u00a0\u00dea\u00f0 er r\u00e9tt hj\u00e1 Gauta a\u00f0 uppl\u00fdsingarnar um \u00feennan nemendafj\u00f6lda blasa ekki vi\u00f0 \u00e1 \u00feeirri\u00a0<a href=\"http:\/\/en.wikipedia.org\/wiki\/Education_in_California#Public_universities\">Wikipedia-s\u00ed\u00f0u\u00a0<\/a>sem \u00e9g tengdi \u00e1, en \u00ed kaflanum sem \u00e9g tengdi beint \u00e1 er l\u00fdst \u00fer\u00edskiptingu kerfisins og \u00fear eru tenglar \u00e1 s\u00ed\u00f0ur um hvern \u00feessara \u00feriggja hluta, \u00fear sem koma fram t\u00f6lur um nemendafj\u00f6lda. \u00a0H\u00e9r er svo s\u00ed\u00f0a sem \u00e9g hef\u00f0i \u00e1tt a\u00f0 tengja l\u00edka \u00e1, me\u00f0\u00a0<a href=\"https:\/\/secure.californiacolleges.edu\/Select\/CompareView\/default.asp\">lista yfir nemendafj\u00f6lda<\/a>\u00a0m.a. \u00ed st\u00f3ru einkareknu h\u00e1sk\u00f3lunum \u00ed Kaliforn\u00edu. \u00a0Me\u00f0 \u00fev\u00ed a\u00f0 sko\u00f0a \u00feessar t\u00f6lur er au\u00f0velt a\u00f0 sj\u00e1 a\u00f0 hlutfall nemenda \u00ed ranns\u00f3knah\u00e1sk\u00f3lum er l\u00edti\u00f0. \u00a0\u00cd pistlinum sag\u00f0i \u00e9g \u00fea\u00f0 l\u00edklega vera 10-15% (byggt \u00e1 lauslegum \u00fatreikningi \u00fat fr\u00e1 \u00feeim g\u00f6gnum sem \u00e9g nefni h\u00e9r), en \u00fe\u00f3tt \u00fea\u00f0 v\u00e6ri 50% v\u00e6ri \u00fea\u00f0 samt gr\u00ed\u00f0arlegur munur \u00ed samanbur\u00f0i vi\u00f0 \u00cdsland.<\/div>\n<div><\/div>\n<div>\u00c9g nefni l\u00edka eitt og anna\u00f0 sem skekkir \u00feennan samanbur\u00f0, \u00cdslandi \u00ed \u00f3hag, nefnilega a\u00f0 margt \u00f6flugt \u00edslenskt h\u00e1sk\u00f3laf\u00f3lk starfar erlendis, a\u00f0 afar f\u00e1ir \u00fatlendingar starfa vi\u00f0 \u00edslensku h\u00e1sk\u00f3lana, en hins vegar mikill fj\u00f6ldi \u00fatlendinga vi\u00f0 ranns\u00f3knask\u00f3lana \u00ed Kaliforn\u00edu. \u00a0Burts\u00e9\u00f0 fr\u00e1 \u00fev\u00ed \u00e6tti ni\u00f0ursta\u00f0an samt a\u00f0 vera lj\u00f3s: \u00c1 \u00cdslandi eru hlutfallslega margfalt fleiri \u00e1 launum vi\u00f0 ranns\u00f3knir \u00ed h\u00e1sk\u00f3lum. \u00a0Sama gildir um Nor\u00f0url\u00f6ndin, \u00fear sem miki\u00f0 er af kennsluh\u00e1sk\u00f3lum auk ranns\u00f3knask\u00f3lanna. \u00a0Sem d\u00e6mi m\u00e1 nefna a\u00f0 \u00ed\u00a0<a href=\"http:\/\/www.hsv.se\/publikationerarkiv\/pressmeddelanden\/2007\/antaletstudenterverkarhaslutatminska.5.1b5d7151142bc5ae1180002013.html\">Sv\u00ed\u00fej\u00f3\u00f0 eru um 190.000 nemendur<\/a>\u00a0\u00ed \u00feeim h\u00e1sk\u00f3lum sem flokka\u00f0ir eru sem \u201euniversitet\u201c, sem samsvarar, mi\u00f0a\u00f0 vi\u00f0 f\u00f3lksfj\u00f6lda, a\u00f0 um 7.000 nemendur v\u00e6ru \u00ed sl\u00edkum sk\u00f3lum \u00e1 \u00cdslandi, en ekki n\u00e1nast allir 20.000, eins og raunin er. \u00dear a\u00f0 auki hafa mj\u00f6g margir kennarar \u00ed \u00feessum h\u00e1sk\u00f3lum \u00ed Sv\u00ed\u00fej\u00f3\u00f0 litlar e\u00f0a engar ranns\u00f3knir sem hluta af starfi s\u00ednu, svo talan sem mi\u00f0a \u00e6tti vi\u00f0 er ekki 7.000 nemendur (e\u00f0a 35%) \u00e1 \u00cdslandi, heldur er h\u00fan miklu l\u00e6gri.<\/div>\n<div><\/div>\n<div>\u00cd stuttu m\u00e1li \u00feekkist \u00fea\u00f0 hvergi \u00ed l\u00f6ndum me\u00f0 jafn umfangsmiki\u00f0 h\u00e1sk\u00f3lakerfi og \u00fea\u00f0 \u00edslenska a\u00f0 (n\u00e1nast) allir akadem\u00edskir starfsmenn f\u00e1i st\u00f3ran hluta launa sinna fyrir ranns\u00f3knir. \u00a0\u00deessa sta\u00f0h\u00e6fingu hefur Gauti ekki reynt a\u00f0 hrekja, af skiljanlegum \u00e1st\u00e6\u00f0um.<\/div>\n<div><\/div>\n<div>Spurningin er \u00fev\u00ed ansi \u00e1leitin hverju \u00feetta s\u00e6ti: \u00a0Eru \u00cdslendingar (n\u00e1nar tilteki\u00f0 \u00feeir sem b\u00faa \u00e1 \u00cdslandi) svo miklu \u00f6flugra fr\u00e6\u00f0af\u00f3lk a\u00f0 upplagi a\u00f0 \u00fea\u00f0 sk\u00fdri \u00feennan gr\u00ed\u00f0arlega fj\u00f6lda? \u00a0E\u00f0a getur veri\u00f0 a\u00f0 meira s\u00e9 gert \u00far g\u00e6\u00f0um ranns\u00f3kna alls \u00feessa f\u00f3lks en efni standa til? \u00a0Miki\u00f0 er gert \u00far \u00feessum g\u00e6\u00f0um, \u00fev\u00ed b\u00e6\u00f0i H\u00cd og HR, sem samtals eru me\u00f0 90% h\u00e1sk\u00f3lastarfsins, \u00feykjast \u00e6tla a\u00f0 komast framarlega \u00e1 al\u00fej\u00f3\u00f0avettvangi \u00ed ranns\u00f3knum og forysta H\u00cd hefur sta\u00f0i\u00f0 st\u00f6\u00f0ugan v\u00f6r\u00f0 um \u00fea\u00f0 kerfi sem grei\u00f0ir \u00f6llum akadem\u00edskum starfsm\u00f6nnum fyrir ranns\u00f3knir, l\u00edka \u00feeim sem engum afrakstri skila, e\u00f0a bara afrakstri sem ekki er birtur \u00e1 \u00feeim al\u00fej\u00f3\u00f0avettvangi sem H\u00cd segist vilja gera sig gildandi \u00e1.<\/div>\n<div><\/div>\n<div><b>M\u00e6likvar\u00f0ar \u00e1 fr\u00e6\u00f0ast\u00f6rf \u2014 undirm\u00e1ls- og afbur\u00f0af\u00f3lk<\/b><\/div>\n<div><\/div>\n<div>Gauti gerir athugasemdir vi\u00f0 a\u00f0 \u00e9g tali um \u201eundirm\u00e1lsf\u00f3lk\u201c og a\u00f0 \u00e9g segi a\u00f0 talsvert s\u00e9 af f\u00f3lki \u00ed H\u00cd sem stendur framarlega \u00e1 al\u00fej\u00f3\u00f0avettvangi \u00e1 s\u00ednu svi\u00f0i, og segir:<\/div>\n<div><\/div>\n<blockquote>\n<div>\u201eH\u00e9r ver\u00f0ur a\u00f0 gera r\u00e1\u00f0 fyrir a\u00f0 \u00feetta g\u00f3\u00f0a f\u00f3lk s\u00e9 \u00ed mesta lagi 20% og \u00fea\u00f0 er sorglegt til \u00feess a\u00f0 vita a\u00f0 \u00fea\u00f0 skuli l\u00ed\u00f0a fyrir hvernig f\u00e9nu er vari\u00f0 \u00ed \u201eundirm\u00e1lsf\u00f3lk\u201c, en \u00feetta hugtak og \u00feessi hugsunarh\u00e1ttur \u00e1 reyndar einkum heima \u00ed hugarheimi \u00feeirra sem a\u00f0hyllast \u00fea\u00f0 sem \u00ed l\u00fd\u00f0r\u00e6\u00f0is- og mannr\u00e9ttindar\u00edkjum teljast vera b\u00fdsna annarlegar sko\u00f0anir. Vegurinn \u00feanga\u00f0 er a.m.k. ekki langur.\u201c<\/div>\n<div><\/div>\n<\/blockquote>\n<div>H\u00e9r talar Gauti eins og ekki s\u00e9u lag\u00f0ir m\u00e6likvar\u00f0ar \u00e1 st\u00f6rf fr\u00e6\u00f0af\u00f3lks um allan heim, og a\u00f0 \u00e1 \u00feeim kv\u00f6r\u00f0um lendi \u00f3hj\u00e1kv\u00e6milega margir \u00ed \u00fev\u00ed a\u00f0 vera \u201eundirm\u00e1ls\u201c, en a\u00f0rir taldir afbur\u00f0af\u00f3lk. \u00a0Au\u00f0vita\u00f0 veit Gauti a\u00f0 \u00feannig er \u00feetta, svo dylgjur hans um a\u00f0 hugmyndir m\u00ednar s\u00e9u fjandsamlegar \u201el\u00fd\u00f0r\u00e6\u00f0i\u201c og \u201emannr\u00e9ttindum\u201c eru ekki s\u00e9rlega hei\u00f0arlegar.<\/div>\n<div><\/div>\n<div>Kannski hef\u00f0i \u00e9g \u00e1tt a\u00f0 \u00fatsk\u00fdra \u00feetta n\u00e1nar fyrir \u00feeim sem, \u00f6fugt vi\u00f0 Gauta, eru ekki vel inni \u00ed \u00feessum m\u00e1lum. \u00a0\u00dear sem \u00e9g var\u00a0s\u00edfellt \u00ed pistlinum a\u00f0 tala um al\u00fej\u00f3\u00f0leg vi\u00f0mi\u00f0\u00a0\u00a0ger\u00f0i \u00e9g r\u00e1\u00f0 fyrir a\u00f0 m\u00e6likvar\u00f0arnir sem \u00e9g \u00e1tti vi\u00f0 l\u00e6gju \u00ed augum uppi , nefnilega \u00feeir m\u00e6likvar\u00f0ar \u00e1 g\u00e6\u00f0i sem al\u00fej\u00f3\u00f0av\u00edsindasamf\u00e9lagi\u00f0 \u00e1 hverju svi\u00f0i hefur. \u00a0\u00dear er ekki um a\u00f0 r\u00e6\u00f0a n\u00e1kv\u00e6m m\u00e6lit\u00e6ki, og erfitt getur veri\u00f0 a\u00f0 meta framlag einstaklinga. \u00a0\u00dea\u00f0 er hins vegar au\u00f0velt \u00ed \u00feeim tilfellum \u00feegar vi\u00f0komandi hefur n\u00e1nast ekkert lagt af m\u00f6rkum \u00e1 \u00feeim al\u00fej\u00f3\u00f0avettvangi sem n\u00e1nast allt v\u00edsindastarf tilheyrir. \u00a0Um sl\u00edkt framlag eru til gagnagrunnar (t.d.\u00a0<a href=\"http:\/\/apps.webofknowledge.com\/UA_GeneralSearch_input.do?product=UA&amp;search_mode=GeneralSearch&amp;SID=N1AaKKd778obDjKDvYL&amp;preferencesSaved=\">Web of Knowledge\u00a0<\/a>og\u00a0<a href=\"http:\/\/blog.pressan.is\/einar\/2013\/10\/14\/gauta-svarad-um-gaedi-islenskra-haskola\/scholar.google.is\/\">Google Scholar<\/a>, \u00fear sem s\u00e1 s\u00ed\u00f0arnefndi finnur n\u00e1nast allt sem birt hefur veri\u00f0 \u00e1 ritr\u00fdndum vettvangi, og margt fleira en \u00fea\u00f0). \u00a0\u00dea\u00f0 er \u00fev\u00ed flj\u00f3tlegt a\u00f0 sko\u00f0a framlag fj\u00f6lmargra starfsmanna \u00edslensku h\u00e1sk\u00f3lanna, og komast a\u00f0 \u00fev\u00ed a\u00f0 margra \u00feeirra s\u00e9r hvergi sta\u00f0. \u00a0\u00dea\u00f0 er l\u00edka einfalt m\u00e1l a\u00f0 sko\u00f0a ritaskr\u00e1r sem starfsmenn birta sj\u00e1lfir \u00e1 netinu, og \u00fear er ekki s\u00ed\u00f0ur flj\u00f3tlegt a\u00f0 finna marga, jafnvel pr\u00f3fessora, sem aldrei hafa lagt neitt af m\u00f6rkum \u00e1 al\u00fej\u00f3\u00f0avettvangi. \u00a0Aftur veigra \u00e9g m\u00e9r vi\u00f0 a\u00f0 nefna n\u00f6fn, \u00fev\u00ed \u00feeir sem k\u00e6ra sig um a\u00f0 setja sig inn \u00ed \u00feetta eiga au\u00f0velt me\u00f0 \u00fea\u00f0. \u00a0\u00c9g myndi hins vegar me\u00f0 gl\u00f6\u00f0u ge\u00f0i a\u00f0sto\u00f0a forystu H\u00cd vi\u00f0 a\u00f0 sta\u00f0festa \u00feetta me\u00f0 \u00edtarlegri \u00fattekt, k\u00e6r\u00f0i h\u00fan sig um \u00fea\u00f0.<\/div>\n<div><\/div>\n<div><b>Birtingar \u00e1 \u00edslensku<\/b><\/div>\n<div><\/div>\n<div>Gauti talar svo um gagnr\u00fdni m\u00edna \u00e1 birtingar \u00ed \u00edslenskum t\u00edmaritum:<\/div>\n<div><\/div>\n<blockquote>\n<div>\u201eH\u00f6fundur agn\u00faast s\u00ed\u00f0an \u00fat \u00ed a\u00f0 veri\u00f0 s\u00e9 a\u00f0 sinna v\u00edsindum og fr\u00e6\u00f0um \u00e1 \u00edslensku og \u00fev\u00ed a\u00f0 \u201egefinn \u00fat urmull af \u201critr\u00fdndum fr\u00e6\u00f0iritum\u201d \u00e1 \u00edslensku, \u00e1 svi\u00f0um eins og menntav\u00edsindum, hj\u00fakrunarfr\u00e6\u00f0i, s\u00e1lfr\u00e6\u00f0i, verkfr\u00e6\u00f0i og vi\u00f0skiptafr\u00e6\u00f0i.\u201c\u201c<\/div>\n<div><\/div>\n<\/blockquote>\n<div>\u00c1st\u00e6\u00f0a gagnr\u00fdni minnar er a\u00f0 ofangreind fr\u00e6\u00f0asvi\u00f0 eru al\u00fej\u00f3\u00f0leg \u00ed e\u00f0li s\u00ednu, og fr\u00e6\u00f0af\u00f3lki ber a\u00f0 birta ni\u00f0urst\u00f6\u00f0ur s\u00ednar \u00fev\u00ed fr\u00e6\u00f0asamf\u00e9lagi sem \u00fea\u00f0 tilheyrir. \u00a0\u00dea\u00f0 gerir ma\u00f0ur auglj\u00f3slega ekki me\u00f0 \u00fev\u00ed a\u00f0 birta \u00e1 m\u00e1li sem bara \u00f6rl\u00edtill hluti \u00feess samf\u00e9lags getur lesi\u00f0. \u00a0Auk \u00feess fer \u00fea\u00f0 auglj\u00f3slega \u00ed b\u00e1ga vi\u00f0 yfirl\u00fdsta stefnu H\u00cd um s\u00f3kn \u00e1 al\u00fej\u00f3\u00f0avettvangi a\u00f0 birta ekki \u00e1 \u00feeim vettvangi.<\/div>\n<div><\/div>\n<div>Ennfremur segir Gauti:<\/div>\n<blockquote>\n<div>\u201e\u2026 \u00fe\u00e1 ver\u00f0ur a\u00f0 spyrja sig hverjum h\u00f6fundur telur a\u00f0 ranns\u00f3knirnar eiga a\u00f0 \u00fej\u00f3na? Akadem\u00edunni einni og \u00feeim fr\u00e6\u00f0im\u00f6nnum sem \u00fear starfa e\u00f0a \u00fev\u00ed \u00fej\u00f3\u00f0f\u00e9lagi sem borgar br\u00fasann \u00ed formi skatta? Ranns\u00f3knir tengjast kennslu og h\u00fan fer fram \u00e1 \u00edslensku a\u00f0 miklu leyti. \u00dea\u00f0 er l\u00edka e\u00f0lilegt \u00fev\u00ed f\u00f3lki\u00f0 sem kemur \u00far greinunum sem h\u00f6fundur telur upp, og raunar fleirum, starfar s\u00ed\u00f0an me\u00f0 f\u00f3lki sem talar \u00fea\u00f0 m\u00e1l fyrst og fremst og \u00e1 fullan r\u00e9tt \u00e1 \u00fev\u00ed.\u201c<\/div>\n<\/blockquote>\n<div>Fr\u00e6\u00f0ilegar birtingar \u00e1 flestum svi\u00f0um eru \u00feess e\u00f0lis a\u00f0 a\u00f0rir en s\u00e9rfr\u00e6\u00f0ingar \u00e1 vi\u00f0komandi svi\u00f0i eiga mj\u00f6g erfitt me\u00f0 a\u00f0 lesa \u00fe\u00e6r s\u00e9r til gagns, auk \u00feess sem n\u00e1nast allir \u00feeir sem geta haft minnsta gagn af sl\u00edku lesa ensku, sem er \u00fea\u00f0 m\u00e1l sem yfirgn\u00e6fandi meirihluti fr\u00e6\u00f0igreina \u00ed heiminum er birtur \u00e1. \u00deess vegna er engum grei\u00f0i ger\u00f0ur me\u00f0 \u00fev\u00ed a\u00f0 birta \u00e1 \u00edslensku. \u00a0A\u00f0 \u00fev\u00ed \u013aeyti sem h\u00e1sk\u00f3laf\u00f3lk \u00e1 a\u00f0 mi\u00f0la almenningi af fr\u00e6\u00f0um s\u00ednum \u00fearf \u00fea\u00f0 a\u00f0 gerast me\u00f0 allt \u00f6\u00f0rum h\u00e6tti en birtingum \u00ed fr\u00e6\u00f0iritum (og \u00fear hefur t.d.\u00a0<a href=\"http:\/\/www.visindavefur.is\/\">V\u00edsindavefur H\u00cd<\/a>\u00a0unni\u00f0 fr\u00e1b\u00e6rt starf).<\/div>\n<div><\/div>\n<div><b>Ritr\u00fdni \u00e1 \u00edslensku<\/b><\/div>\n<div><\/div>\n<div>Gauti segir:<\/div>\n<div><\/div>\n<blockquote>\n<div>\u201eH\u00f6fundur heldur \u00fev\u00ed fram a\u00f0 \u00fea\u00f0 liggi \u201e\u00ed augum uppi a\u00f0 \u00fea\u00f0 er ekki h\u00e6gt a\u00f0 vi\u00f0hafa alv\u00f6ru ritr\u00fdningu \u00ed svo \u00f6rlitlu fr\u00e6\u00f0asamf\u00e9lagi sem \u00cdsland er, \u00fev\u00ed \u00feeir \u00f6rf\u00e1u s\u00e9rfr\u00e6\u00f0ingar sem til eru \u00e1 hverju svi\u00f0i \u00feekkjast allir, og starfa gjarnan \u00ed s\u00f6mu h\u00e1sk\u00f3ladeildinni.\u201c Vont ef satt v\u00e6ri, en svona er \u00fea\u00f0 ekki. H\u00f6fundur benti sj\u00e1lfur \u00e1 \u00ed fyrri hluta greinar sinnar a\u00f0 margir \u00cdslendingar v\u00e6ru h\u00e1sk\u00f3lakennarar erlendis og ritstj\u00f3rar t\u00edmarita \u00e1 \u00edslensku geta vel leita\u00f0 til \u00feeirra \u00feegar \u00fe\u00f6rf krefur b\u00e6\u00f0i til a\u00f0 f\u00e1 ritr\u00fdni og auk \u00feess birta \u00feeir l\u00edka greinar \u00ed t\u00edmaritunum \u00edslensku.\u201c<\/div>\n<div><\/div>\n<\/blockquote>\n<div>\u00deeir sem lesa \u00edslensku \u00ed ver\u00f6ldinni eru varla fleiri en 400 \u00fe\u00fasund, \u00fe.e.a.s. um 0,00006% jar\u00f0arb\u00faa, e\u00f0a um 0,0004% af \u00feeim milljar\u00f0i sem b\u00fdr \u00ed l\u00f6ndum me\u00f0 \u00e1l\u00edka umfangsmiki\u00f0 h\u00e1sk\u00f3lakerfi og \u00cdsland. \u00a0\u00c1 n\u00e1nast engum fr\u00e6\u00f0asvi\u00f0um sem \u00edslenskt h\u00e1sk\u00f3laf\u00f3lk starfar \u00e1 eru \u00feeir sem lesa \u00edslensku nema \u00f6rl\u00edti\u00f0 brot af vi\u00f0komandi svi\u00f0i, \u00fe\u00f3tt me\u00f0 s\u00e9 tali\u00f0 allt \u00edslenskum\u00e6landi h\u00e1sk\u00f3laf\u00f3lk erlendis, auk \u00feess sem langflest sl\u00edkt fr\u00e6\u00f0af\u00f3lk \u00e1 \u00feessum svi\u00f0um starfar vi\u00f0 \u00edslenska h\u00e1sk\u00f3la e\u00f0a hefur mikil pers\u00f3nuleg tengsl vi\u00f0 \u00fe\u00e1 sem \u00fear starfa. \u00a0\u00dea\u00f0 er \u00fev\u00ed fr\u00e1leitt a\u00f0 tala um \u00fea\u00f0 sem kalla\u00f0 er \u00f3h\u00e1\u00f0 ritr\u00fdning \u00ed al\u00fej\u00f3\u00f0lega fr\u00e6\u00f0asamf\u00e9laginu inni \u00ed \u00feessum \u00f6rheimi sem \u00edslenska h\u00e1sk\u00f3lasamf\u00e9lagi\u00f0 er, enda er jafnan talsver\u00f0 vinna fyrir ritstj\u00f3ra a\u00f0 finna h\u00e6fa ritr\u00fdnendur \u00fe\u00f3tt \u00feeir hafi \u00far a\u00f0 mo\u00f0a fr\u00e6\u00f0asamf\u00e9lagi alls heimsins \u00e1 vi\u00f0komandi svi\u00f0i.<\/div>\n<div><\/div>\n<div>Enn fremur segir Gauti um \u00feetta:<\/div>\n<div><\/div>\n<blockquote>\n<div>\u201eH\u00f6fundur k\u00fds hins vegar a\u00f0 fullyr\u00f0a \u00e1n \u00feess a\u00f0 benda \u00e1 nokkurt d\u00e6mi a\u00f0 \u201eengum s\u00e6milegum h\u00e1sk\u00f3la [dytti] \u00a0\u00ed hug a\u00f0 vera me\u00f0 s\u00edn eigin t\u00edmarit, sem t\u00e6kju vi\u00f0 greinum bara fr\u00e1 starfsm\u00f6nnum sk\u00f3lans, sem v\u00e6ru svo ritr\u00fdndar eing\u00f6ngu af starfsm\u00f6nnum sama sk\u00f3la.\u201c Fyrir \u00fea\u00f0 fyrsta er \u00fea\u00f0 alls ekki \u00f3algengt \u00e1 h\u00e1sk\u00f3la\u00fatg\u00e1fur erlendis gefi \u00fat t\u00edmarit og \u00ed \u00f6\u00f0ru lagi vir\u00f0ist hann einnig telja \u00f6ll \u00feessi svi\u00f0 svo \u00f3gnarl\u00edtil a\u00f0 ekki s\u00e9 unnt a\u00f0 sinna nafnlausri ritr\u00fdni. \u00c9g var um t\u00edma ritstj\u00f3ri Ritsins sem er ritr\u00fdnt t\u00edmarit Hugv\u00edsindastofnunar og veit um m\u00f6rg d\u00e6mi \u00feess a\u00f0 menn gagnr\u00fdndu og h\u00f6fnu\u00f0u greinum kollega sinna enda vissi hvorugur af hinum og hafi \u00fe\u00e1 gruna\u00f0 eitthva\u00f0 l\u00e9tu \u00feeir \u00fea\u00f0 ekki trufla sig, enda treystu \u00feeir nafnleysinu.\u201c<\/div>\n<div><\/div>\n<\/blockquote>\n<div>\u00c9g er nokku\u00f0 viss um a\u00f0 engin h\u00e1sk\u00f3la\u00fatg\u00e1fa tekur bara vi\u00f0 verkum fr\u00e1 starfsm\u00f6nnum eigin sk\u00f3la, hva\u00f0 \u00fe\u00e1 a\u00f0 h\u00fan l\u00e1ti ritr\u00fdnina fara fram innan sama sk\u00f3la. \u00a0En au\u00f0vita\u00f0 hef\u00f0i veri\u00f0 betra hj\u00e1 Gauta a\u00f0 benda \u00e1 sl\u00edk d\u00e6mi, ef hann telur \u00feau vera til (og \u00fea\u00f0 getur hann au\u00f0vita\u00f0 gert me\u00f0 umm\u00e6lum vi\u00f0 \u00feennan pistil). \u00a0\u00cd \u00f6\u00f0ru lagi segir umr\u00e6dd reynsla Gauta alls ekki a\u00f0 ritr\u00fdnin hafi veri\u00f0 \u00ed lagi; \u00fea\u00f0 sannast ekki af \u00fev\u00ed a\u00f0 greinum s\u00e9 hafna\u00f0, \u00fev\u00ed sl\u00edkt getur l\u00edka gerst \u00e1 \u00f3faglegum forsendum, t.d. vegna pers\u00f3nulegrar \u00f3vildar.<\/div>\n<div><\/div>\n<div><b>Al\u00fej\u00f3\u00f0legt e\u00f0li ranns\u00f3kna<\/b><\/div>\n<div><\/div>\n<div>Gauti segir:<\/div>\n<div><\/div>\n<blockquote>\n<div>\u201eH\u00f6fundur telur reyndar \u201eundirm\u00e1lsf\u00f3lki\u00f0\u201c sk\u00e1ka \u00ed skj\u00f3li tungum\u00e1lsins sem hann telur ekki \u00e1 vetur setjandi enda s\u00e9 \u00fea\u00f0 \u201ea\u00f0 sj\u00e1lfs\u00f6g\u00f0u f\u00e1r\u00e1nlegt a\u00f0 gefa \u00fat \u201cfr\u00e6\u00f0irit\u201d \u00e1 \u00edslensku \u00e1 svi\u00f0um sem auglj\u00f3slega eru al\u00fej\u00f3\u00f0leg \u00ed e\u00f0li s\u00ednu.\u201c Hugtakabeitingin h\u00e9r er afar h\u00e6pin, enda er erfitt a\u00f0 skilgreina \u201eal\u00fej\u00f3\u00f0legt e\u00f0li\u201c. Er \u00fea\u00f0 eitthva\u00f0 sem er bara \u00e1 ensku? E\u00f0a eitthva\u00f0 sem snertir ekki veruleika manna einungis \u00e1 einum tilteknum sta\u00f0 eins og til d\u00e6mis loftslagsbreytingar? E\u00f0a eru \u00fea\u00f0 fr\u00e6\u00f0i sem enginn \u00fearf a\u00f0 fjalla um e\u00f0a skilja nema v\u00edsindamennirnir sem stunda \u00feau? Undirritu\u00f0um s\u00fdnist a\u00f0 \u00feetta \u00fe\u00fd\u00f0i \u00ed \u00feegar \u00f6llu er \u00e1 botninn hvolft a\u00f0 v\u00edsindi hafi ekki neina merkingu nema \u00feau s\u00e9u sett fram \u00e1 ensku. \u00a0S\u00e9 s\u00fa n\u00e6rt\u00e6ka \u00e1lyktun r\u00e9tt, m\u00e6tti kannski segja (taki\u00f0 eftir fr\u00e6\u00f0ilegu fyrirv\u00f6runum og vi\u00f0tengingarh\u00e6ttinum) a\u00f0 h\u00f6fundur s\u00e9 kominn \u00ed flokk me\u00f0 bisnesshetjum gr\u00f3\u00f0\u00e6risins sem k\u00f6llu\u00f0u eftir \u201etv\u00edtyngdri\u201c \u00fej\u00f3\u00f0. Margir \u00feeirra voru reyndar \u00e1g\u00e6tlega mennta\u00f0ir erlendis og einn s\u00e1 fr\u00e6gasti vi\u00f0 MIT, meira a\u00f0 segja, en eitthva\u00f0 virtist \u201eal\u00fej\u00f3\u00f0legt e\u00f0li\u201c vi\u00f0skipta \u00fev\u00e6last fyrir \u00feeim.\u201c<\/div>\n<div><\/div>\n<\/blockquote>\n<div>\u00dea\u00f0 \u00fearf enga n\u00e1kv\u00e6ma skilgreiningu \u00e1 \u201eal\u00fej\u00f3\u00f0legu e\u00f0li\u201c til a\u00f0 fullyr\u00f0a a\u00f0 hj\u00fakrunarfr\u00e6\u00f0i og verkfr\u00e6\u00f0i, til d\u00e6mis, s\u00e9u al\u00fej\u00f3\u00f0leg fr\u00e6\u00f0asvi\u00f0, \u00fear sem \u00feekkingarleitin \u00e1 \u00feessum svi\u00f0um er alls ekki h\u00e1\u00f0 \u00fej\u00f3\u00f0erni. \u00a0\u00c1giskanir Gauta um enskuna og tv\u00edtyngi\u00f0 og meinta afst\u00f6\u00f0u m\u00edna eru svo auglj\u00f3slega \u00ed engu samr\u00e6mi vi\u00f0 \u00fea\u00f0 sem \u00e9g sag\u00f0i a\u00f0 \u00e9g l\u00e6t vera a\u00f0 svara \u00feeim hugarbur\u00f0i.<\/div>\n<div><\/div>\n<div><b>Stigakerfi r\u00edkish\u00e1sk\u00f3lanna<\/b><\/div>\n<div><\/div>\n<div>Enn segir Gauti:<\/div>\n<div><\/div>\n<blockquote>\n<div>\u201e\u2026 fram kemur mikil vandl\u00e6ting yfir \u00fev\u00ed h\u00e6gt s\u00e9 a\u00f0 f\u00e1 fleiri ranns\u00f3knastig fyrir grein \u00ed \u00edslensku t\u00edmariti en \u00feau \u201emikilv\u00e6gustu\u201c erlendis. \u00deetta er efnislega rangt \u00fear sem fleiri stig eru gefin fyrir erlendu t\u00edmaritin \u00ed h\u00e6sta flokki, en \u00ed \u00feeim er ekkert \u00edslenskt t\u00edmarit. H\u00f6fundur t\u00ednir til a\u00f0 \u00feetta stafi af fj\u00f6lda h\u00f6funda \u00e1 erlendu greinunum, en kemur svo me\u00f0 d\u00e6mi um grein \u00fear sem hann nefnir einn h\u00f6fund a\u00f0 grein \u00ed t\u00edmaritinu Nature sem \u00e1 a\u00f0 f\u00e1 f\u00e6rri stig en tveir h\u00f6fundar greinar \u00ed einu af \u00feessum \u00edslensku t\u00edmaritum sem engu m\u00e1li skipta \u00ed \u201eal\u00fej\u00f3\u00f0legu\u201c v\u00edsindasamf\u00e9lagi. Vafalaust hafa veri\u00f0 fleiri h\u00f6fundar a\u00f0 \u00feessari grein, en ekki er l\u00e1ti\u00f0 svo l\u00edti\u00f0 a\u00f0 nefna \u00fe\u00e1 breytu og s\u00fdna svona vinnubr\u00f6g\u00f0 ekki mikinn skilning \u00e1 v\u00edsindalegum vinnubr\u00f6g\u00f0um e\u00f0a einfaldlega kr\u00f6funa um sk\u00fdrleika \u00ed texta sem \u00feekkt er fr\u00e1 H\u00f3rasi, a.m.k.\u201c<\/div>\n<div><\/div>\n<\/blockquote>\n<div>\u00cd umm\u00e6lum (sem Gauti v\u00edsar h\u00e9r til) vi\u00f0 pistil minn sag\u00f0i \u00e9g eftirfarandi:<\/div>\n<div><\/div>\n<div>\u201e\u2026 stigagj\u00f6fin \u00ed \u00feessu kerfi r\u00edkish\u00e1sk\u00f3lanna er sl\u00edk a\u00f0 \u00fea\u00f0 f\u00e1st a\u00f0 jafna\u00f0i miklu fleiri stig fyrir grein birta \u00ed \u00edslensku t\u00edmariti en einhverju af \u00feeim t\u00edmaritum sem erfi\u00f0ast er a\u00f0 f\u00e1 inni \u00ed \u00ed heiminum. Af \u00fev\u00ed a\u00f0 \u00fea\u00f0 eru, \u00ed svo m\u00f6rgum greinum, n\u00e1nast alltaf margir h\u00f6fundar \u00e1 grein, \u00fe\u00f3tt flestir \u00feeirra vinni \u00f3skaplega \u013aiti\u00f0 verk. Eitt mest sl\u00e1andi d\u00e6mi\u00f0 um \u00feetta er grein \u00ed Nature \u00fear sem Freysteinn Sigmundsson er fyrsti h\u00f6fundur (um l\u00e6rd\u00f3ma af Eyjafjallaj\u00f6kulsgosinu). Fyrir hana f\u00e6r hann miklu f\u00e6rri stig en f\u00e6st fyrir tveggja h\u00f6funda grein \u00ed T\u00edmariti um stj\u00f3rnm\u00e1l og stj\u00f3rns\u00fdslu e\u00f0a einhverju af \u00f6llum \u00feessum \u00edslensku t\u00edmaritum \u00fear sem sumar \u201critr\u00fdndu\u201d greinarnar vir\u00f0ast vera skrifa\u00f0ar af mist\u00e6kum menntask\u00f3lanemum.\u201c<\/div>\n<div><\/div>\n<div>\u00cd \u00feessum umm\u00e6lum m\u00ednum (sem ekki eru hluti af pistlinum sj\u00e1lfum) kemur fram a\u00f0 \u00e1st\u00e6\u00f0a \u00feessa misv\u00e6gis er s\u00e1 mikli fj\u00f6ldi me\u00f0h\u00f6funda sem er a\u00f0 jafna\u00f0i \u00e1 greinum sem birtast \u00ed t\u00edmaritum \u00e1 bor\u00f0 vi\u00f0 \u00fea\u00f0 sem h\u00e9r er um r\u00e6tt, og sem er reyndar algengur \u00e1 m\u00f6rgum svi\u00f0um raunv\u00edsinda. \u00a0Sk\u00fdringuna sem Gauti telur vanta til a\u00f0 \u00feessi umm\u00e6li \u00ed athugasemd vi\u00f0 bloggpistil geti talist \u201ev\u00edsindaleg vinnubr\u00f6g\u00f0\u201c \u00a0er sem sagt a\u00f0 finna \u00ed umm\u00e6lunum sj\u00e1lfum.<\/div>\n<div><\/div>\n<div><b>Lokaor\u00f0<\/b><\/div>\n<div><\/div>\n<div>A\u00f0 s\u00ed\u00f0ustu m\u00e1 svo velta fyrir s\u00e9r af hverju Gauti telur \u00e1st\u00e6\u00f0u til a\u00f0 fjalla um bloggpistil \u00e1 sama h\u00e1tt og um fr\u00e6\u00f0ilega ritger\u00f0 v\u00e6ri a\u00f0 r\u00e6\u00f0a, og enn fremur af hverju hann reynir ekki a\u00f0 hrekja \u00fe\u00e6r t\u00f6lfr\u00e6\u00f0ilegu sta\u00f0h\u00e6fingar sem \u00e9g set fram, \u00fer\u00e1tt fyrir megna vandl\u00e6tingu hans \u00e1 \u00feessum vinnubr\u00f6g\u00f0um m\u00ednum.<\/div>\n<div><\/div>\n<div>En, kannski var \u00feetta sem sagt t\u00f3mur misskilningur hj\u00e1 m\u00e9r, og Gauti var einfaldlega a\u00f0 draga sundur og saman \u00ed h\u00e1\u00f0i \u00fe\u00e6r molb\u00faahugmyndir um v\u00edsindastarf sem eru \u00fev\u00ed mi\u00f0ur svo algengar, og svo r\u00e1\u00f0andi, \u00ed \u00edslenska h\u00e1sk\u00f3lakerfinu, og \u00fe\u00e1 undirliggjandi s\u00fdn sem er n\u00e1skyld fyrirhrunshroka fj\u00e1rm\u00e1lafyrirt\u00e6kjanna, \u00fear sem \u00cdslendingar voru kynntir sem sl\u00edkt afbur\u00f0af\u00f3lk a\u00f0 ekki v\u00e6ri h\u00e6gt a\u00f0 bera \u00fe\u00e1 saman vi\u00f0 aulana sem b\u00faa \u00ed \u00f6\u00f0rum l\u00f6ndum.<\/div>\n","protected":false},"excerpt":{"rendered":"<p>(\u00deetta er mj\u00f6g langur pistill. \u00a0H\u00e9r er hins vegar stutt samantekt \u00e1 a\u00f0alatri\u00f0unum:\u00a0Lygasagan um g\u00e6\u00f0i \u00edslenskra h\u00e1sk\u00f3la)<\/p>\n","protected":false},"author":10,"featured_media":0,"comment_status":"open","ping_status":"open","sticky":false,"template":"","format":"standard","meta":{"footnotes":""},"categories":[1,79],"tags":[315,313,314,84,317,316,166],"class_list":["post-417","post","type-post","status-publish","format-standard","hentry","category-oflokkad","category-haskolamal","tag-afburdafolk","tag-gauti-kristmannsson","tag-gaedi-haskola","tag-haskoli-islands","tag-ritryni","tag-undirmalsfolk","tag-vinnumatskerfi-hi"],"yoast_head":"<!-- This site is optimized with the Yoast SEO plugin v27.5 - https:\/\/yoast.com\/product\/yoast-seo-wordpress\/ -->\n<title>Gauta svara\u00f0, um g\u00e6\u00f0i \u00edslenskra h\u00e1sk\u00f3la - Einar<\/title>\n<meta name=\"robots\" content=\"index, follow, max-snippet:-1, max-image-preview:large, max-video-preview:-1\" \/>\n<link rel=\"canonical\" href=\"https:\/\/www.norn.is\/einar\/2013\/10\/14\/gauta-svarad-um-gaedi-islenskra-haskola\/\" \/>\n<meta property=\"og:locale\" content=\"is_IS\" \/>\n<meta property=\"og:type\" content=\"article\" \/>\n<meta property=\"og:title\" content=\"Gauta svara\u00f0, um g\u00e6\u00f0i \u00edslenskra h\u00e1sk\u00f3la - Einar\" \/>\n<meta property=\"og:description\" content=\"(\u00deetta er mj\u00f6g langur pistill. \u00a0H\u00e9r er hins vegar stutt samantekt \u00e1 a\u00f0alatri\u00f0unum:\u00a0Lygasagan um g\u00e6\u00f0i \u00edslenskra h\u00e1sk\u00f3la)\" \/>\n<meta property=\"og:url\" content=\"https:\/\/www.norn.is\/einar\/2013\/10\/14\/gauta-svarad-um-gaedi-islenskra-haskola\/\" \/>\n<meta property=\"og:site_name\" content=\"Einar\" \/>\n<meta property=\"article:published_time\" content=\"2013-10-14T11:16:24+00:00\" \/>\n<meta property=\"article:modified_time\" content=\"2017-09-24T11:03:27+00:00\" \/>\n<meta name=\"author\" content=\"einar\" \/>\n<meta name=\"twitter:card\" content=\"summary_large_image\" \/>\n<meta name=\"twitter:label1\" content=\"Written by\" \/>\n\t<meta name=\"twitter:data1\" content=\"\" \/>\n\t<meta name=\"twitter:label2\" content=\"Est. reading time\" \/>\n\t<meta name=\"twitter:data2\" content=\"19 minutes\" \/>\n<script type=\"application\/ld+json\" class=\"yoast-schema-graph\">{\"@context\":\"https:\\\/\\\/schema.org\",\"@graph\":[{\"@type\":\"Article\",\"@id\":\"https:\\\/\\\/www.norn.is\\\/einar\\\/2013\\\/10\\\/14\\\/gauta-svarad-um-gaedi-islenskra-haskola\\\/#article\",\"isPartOf\":{\"@id\":\"https:\\\/\\\/www.norn.is\\\/einar\\\/2013\\\/10\\\/14\\\/gauta-svarad-um-gaedi-islenskra-haskola\\\/\"},\"author\":{\"name\":\"einar\",\"@id\":\"https:\\\/\\\/www.norn.is\\\/einar\\\/#\\\/schema\\\/person\\\/19affadb841a22f7bfd4bdcd72a862d0\"},\"headline\":\"Gauta svara\u00f0, um g\u00e6\u00f0i \u00edslenskra h\u00e1sk\u00f3la\",\"datePublished\":\"2013-10-14T11:16:24+00:00\",\"dateModified\":\"2017-09-24T11:03:27+00:00\",\"mainEntityOfPage\":{\"@id\":\"https:\\\/\\\/www.norn.is\\\/einar\\\/2013\\\/10\\\/14\\\/gauta-svarad-um-gaedi-islenskra-haskola\\\/\"},\"wordCount\":3822,\"commentCount\":0,\"keywords\":[\"Afbur\u00f0af\u00f3lk\",\"Gauti Kristmannsson\",\"G\u00e6\u00f0i h\u00e1sk\u00f3la\",\"H\u00e1sk\u00f3li \u00cdslands\",\"Ritr\u00fdni\",\"Undirm\u00e1lsf\u00f3lk\",\"Vinnumatskerfi H\u00cd\"],\"articleSection\":[\"Allt efni\",\"H\u00e1sk\u00f3lam\u00e1l\"],\"inLanguage\":\"is\",\"potentialAction\":[{\"@type\":\"CommentAction\",\"name\":\"Comment\",\"target\":[\"https:\\\/\\\/www.norn.is\\\/einar\\\/2013\\\/10\\\/14\\\/gauta-svarad-um-gaedi-islenskra-haskola\\\/#respond\"]}]},{\"@type\":\"WebPage\",\"@id\":\"https:\\\/\\\/www.norn.is\\\/einar\\\/2013\\\/10\\\/14\\\/gauta-svarad-um-gaedi-islenskra-haskola\\\/\",\"url\":\"https:\\\/\\\/www.norn.is\\\/einar\\\/2013\\\/10\\\/14\\\/gauta-svarad-um-gaedi-islenskra-haskola\\\/\",\"name\":\"Gauta svara\u00f0, um g\u00e6\u00f0i \u00edslenskra h\u00e1sk\u00f3la - Einar\",\"isPartOf\":{\"@id\":\"https:\\\/\\\/www.norn.is\\\/einar\\\/#website\"},\"datePublished\":\"2013-10-14T11:16:24+00:00\",\"dateModified\":\"2017-09-24T11:03:27+00:00\",\"author\":{\"@id\":\"https:\\\/\\\/www.norn.is\\\/einar\\\/#\\\/schema\\\/person\\\/19affadb841a22f7bfd4bdcd72a862d0\"},\"breadcrumb\":{\"@id\":\"https:\\\/\\\/www.norn.is\\\/einar\\\/2013\\\/10\\\/14\\\/gauta-svarad-um-gaedi-islenskra-haskola\\\/#breadcrumb\"},\"inLanguage\":\"is\",\"potentialAction\":[{\"@type\":\"ReadAction\",\"target\":[\"https:\\\/\\\/www.norn.is\\\/einar\\\/2013\\\/10\\\/14\\\/gauta-svarad-um-gaedi-islenskra-haskola\\\/\"]}]},{\"@type\":\"BreadcrumbList\",\"@id\":\"https:\\\/\\\/www.norn.is\\\/einar\\\/2013\\\/10\\\/14\\\/gauta-svarad-um-gaedi-islenskra-haskola\\\/#breadcrumb\",\"itemListElement\":[{\"@type\":\"ListItem\",\"position\":1,\"name\":\"Home\",\"item\":\"https:\\\/\\\/www.norn.is\\\/einar\\\/\"},{\"@type\":\"ListItem\",\"position\":2,\"name\":\"Gauta svara\u00f0, um g\u00e6\u00f0i \u00edslenskra h\u00e1sk\u00f3la\"}]},{\"@type\":\"WebSite\",\"@id\":\"https:\\\/\\\/www.norn.is\\\/einar\\\/#website\",\"url\":\"https:\\\/\\\/www.norn.is\\\/einar\\\/\",\"name\":\"Einar\",\"description\":\"Pistlar Einars Steingr\u00edmssonar\",\"potentialAction\":[{\"@type\":\"SearchAction\",\"target\":{\"@type\":\"EntryPoint\",\"urlTemplate\":\"https:\\\/\\\/www.norn.is\\\/einar\\\/?s={search_term_string}\"},\"query-input\":{\"@type\":\"PropertyValueSpecification\",\"valueRequired\":true,\"valueName\":\"search_term_string\"}}],\"inLanguage\":\"is\"},{\"@type\":\"Person\",\"@id\":\"https:\\\/\\\/www.norn.is\\\/einar\\\/#\\\/schema\\\/person\\\/19affadb841a22f7bfd4bdcd72a862d0\",\"name\":\"einar\",\"image\":{\"@type\":\"ImageObject\",\"inLanguage\":\"is\",\"@id\":\"https:\\\/\\\/secure.gravatar.com\\\/avatar\\\/6f5f5592f3cc45e338376db24f1672c636582d9c27d855e8f077f13ef13b17fd?s=96&d=mm&r=g\",\"url\":\"https:\\\/\\\/secure.gravatar.com\\\/avatar\\\/6f5f5592f3cc45e338376db24f1672c636582d9c27d855e8f077f13ef13b17fd?s=96&d=mm&r=g\",\"contentUrl\":\"https:\\\/\\\/secure.gravatar.com\\\/avatar\\\/6f5f5592f3cc45e338376db24f1672c636582d9c27d855e8f077f13ef13b17fd?s=96&d=mm&r=g\",\"caption\":\"einar\"},\"url\":\"https:\\\/\\\/www.norn.is\\\/einar\\\/author\\\/einarsteingrimsson\\\/\"}]}<\/script>\n<!-- \/ Yoast SEO plugin. -->","yoast_head_json":{"title":"Gauta svara\u00f0, um g\u00e6\u00f0i \u00edslenskra h\u00e1sk\u00f3la - Einar","robots":{"index":"index","follow":"follow","max-snippet":"max-snippet:-1","max-image-preview":"max-image-preview:large","max-video-preview":"max-video-preview:-1"},"canonical":"https:\/\/www.norn.is\/einar\/2013\/10\/14\/gauta-svarad-um-gaedi-islenskra-haskola\/","og_locale":"is_IS","og_type":"article","og_title":"Gauta svara\u00f0, um g\u00e6\u00f0i \u00edslenskra h\u00e1sk\u00f3la - Einar","og_description":"(\u00deetta er mj\u00f6g langur pistill. \u00a0H\u00e9r er hins vegar stutt samantekt \u00e1 a\u00f0alatri\u00f0unum:\u00a0Lygasagan um g\u00e6\u00f0i \u00edslenskra h\u00e1sk\u00f3la)","og_url":"https:\/\/www.norn.is\/einar\/2013\/10\/14\/gauta-svarad-um-gaedi-islenskra-haskola\/","og_site_name":"Einar","article_published_time":"2013-10-14T11:16:24+00:00","article_modified_time":"2017-09-24T11:03:27+00:00","author":"einar","twitter_card":"summary_large_image","twitter_misc":{"Written by":false,"Est. reading time":"19 minutes"},"schema":{"@context":"https:\/\/schema.org","@graph":[{"@type":"Article","@id":"https:\/\/www.norn.is\/einar\/2013\/10\/14\/gauta-svarad-um-gaedi-islenskra-haskola\/#article","isPartOf":{"@id":"https:\/\/www.norn.is\/einar\/2013\/10\/14\/gauta-svarad-um-gaedi-islenskra-haskola\/"},"author":{"name":"einar","@id":"https:\/\/www.norn.is\/einar\/#\/schema\/person\/19affadb841a22f7bfd4bdcd72a862d0"},"headline":"Gauta svara\u00f0, um g\u00e6\u00f0i \u00edslenskra h\u00e1sk\u00f3la","datePublished":"2013-10-14T11:16:24+00:00","dateModified":"2017-09-24T11:03:27+00:00","mainEntityOfPage":{"@id":"https:\/\/www.norn.is\/einar\/2013\/10\/14\/gauta-svarad-um-gaedi-islenskra-haskola\/"},"wordCount":3822,"commentCount":0,"keywords":["Afbur\u00f0af\u00f3lk","Gauti Kristmannsson","G\u00e6\u00f0i h\u00e1sk\u00f3la","H\u00e1sk\u00f3li \u00cdslands","Ritr\u00fdni","Undirm\u00e1lsf\u00f3lk","Vinnumatskerfi H\u00cd"],"articleSection":["Allt efni","H\u00e1sk\u00f3lam\u00e1l"],"inLanguage":"is","potentialAction":[{"@type":"CommentAction","name":"Comment","target":["https:\/\/www.norn.is\/einar\/2013\/10\/14\/gauta-svarad-um-gaedi-islenskra-haskola\/#respond"]}]},{"@type":"WebPage","@id":"https:\/\/www.norn.is\/einar\/2013\/10\/14\/gauta-svarad-um-gaedi-islenskra-haskola\/","url":"https:\/\/www.norn.is\/einar\/2013\/10\/14\/gauta-svarad-um-gaedi-islenskra-haskola\/","name":"Gauta svara\u00f0, um g\u00e6\u00f0i \u00edslenskra h\u00e1sk\u00f3la - Einar","isPartOf":{"@id":"https:\/\/www.norn.is\/einar\/#website"},"datePublished":"2013-10-14T11:16:24+00:00","dateModified":"2017-09-24T11:03:27+00:00","author":{"@id":"https:\/\/www.norn.is\/einar\/#\/schema\/person\/19affadb841a22f7bfd4bdcd72a862d0"},"breadcrumb":{"@id":"https:\/\/www.norn.is\/einar\/2013\/10\/14\/gauta-svarad-um-gaedi-islenskra-haskola\/#breadcrumb"},"inLanguage":"is","potentialAction":[{"@type":"ReadAction","target":["https:\/\/www.norn.is\/einar\/2013\/10\/14\/gauta-svarad-um-gaedi-islenskra-haskola\/"]}]},{"@type":"BreadcrumbList","@id":"https:\/\/www.norn.is\/einar\/2013\/10\/14\/gauta-svarad-um-gaedi-islenskra-haskola\/#breadcrumb","itemListElement":[{"@type":"ListItem","position":1,"name":"Home","item":"https:\/\/www.norn.is\/einar\/"},{"@type":"ListItem","position":2,"name":"Gauta svara\u00f0, um g\u00e6\u00f0i \u00edslenskra h\u00e1sk\u00f3la"}]},{"@type":"WebSite","@id":"https:\/\/www.norn.is\/einar\/#website","url":"https:\/\/www.norn.is\/einar\/","name":"Einar","description":"Pistlar Einars Steingr\u00edmssonar","potentialAction":[{"@type":"SearchAction","target":{"@type":"EntryPoint","urlTemplate":"https:\/\/www.norn.is\/einar\/?s={search_term_string}"},"query-input":{"@type":"PropertyValueSpecification","valueRequired":true,"valueName":"search_term_string"}}],"inLanguage":"is"},{"@type":"Person","@id":"https:\/\/www.norn.is\/einar\/#\/schema\/person\/19affadb841a22f7bfd4bdcd72a862d0","name":"einar","image":{"@type":"ImageObject","inLanguage":"is","@id":"https:\/\/secure.gravatar.com\/avatar\/6f5f5592f3cc45e338376db24f1672c636582d9c27d855e8f077f13ef13b17fd?s=96&d=mm&r=g","url":"https:\/\/secure.gravatar.com\/avatar\/6f5f5592f3cc45e338376db24f1672c636582d9c27d855e8f077f13ef13b17fd?s=96&d=mm&r=g","contentUrl":"https:\/\/secure.gravatar.com\/avatar\/6f5f5592f3cc45e338376db24f1672c636582d9c27d855e8f077f13ef13b17fd?s=96&d=mm&r=g","caption":"einar"},"url":"https:\/\/www.norn.is\/einar\/author\/einarsteingrimsson\/"}]}},"_links":{"self":[{"href":"https:\/\/www.norn.is\/einar\/wp-json\/wp\/v2\/posts\/417","targetHints":{"allow":["GET"]}}],"collection":[{"href":"https:\/\/www.norn.is\/einar\/wp-json\/wp\/v2\/posts"}],"about":[{"href":"https:\/\/www.norn.is\/einar\/wp-json\/wp\/v2\/types\/post"}],"author":[{"embeddable":true,"href":"https:\/\/www.norn.is\/einar\/wp-json\/wp\/v2\/users\/10"}],"replies":[{"embeddable":true,"href":"https:\/\/www.norn.is\/einar\/wp-json\/wp\/v2\/comments?post=417"}],"version-history":[{"count":1,"href":"https:\/\/www.norn.is\/einar\/wp-json\/wp\/v2\/posts\/417\/revisions"}],"predecessor-version":[{"id":418,"href":"https:\/\/www.norn.is\/einar\/wp-json\/wp\/v2\/posts\/417\/revisions\/418"}],"wp:attachment":[{"href":"https:\/\/www.norn.is\/einar\/wp-json\/wp\/v2\/media?parent=417"}],"wp:term":[{"taxonomy":"category","embeddable":true,"href":"https:\/\/www.norn.is\/einar\/wp-json\/wp\/v2\/categories?post=417"},{"taxonomy":"post_tag","embeddable":true,"href":"https:\/\/www.norn.is\/einar\/wp-json\/wp\/v2\/tags?post=417"}],"curies":[{"name":"wp","href":"https:\/\/api.w.org\/{rel}","templated":true}]}}