{"id":402,"date":"2013-04-25T08:14:16","date_gmt":"2013-04-25T08:14:16","guid":{"rendered":"http:\/\/www.norn.is\/einar\/?p=402"},"modified":"2017-09-24T11:03:27","modified_gmt":"2017-09-24T11:03:27","slug":"ad-koma-i-veg-fyrir-meirihluta-bd","status":"publish","type":"post","link":"https:\/\/www.norn.is\/einar\/2013\/04\/25\/ad-koma-i-veg-fyrir-meirihluta-bd\/","title":{"rendered":"A\u00f0 koma \u00ed veg fyrir meirihluta B+D"},"content":{"rendered":"<div>\u00dev\u00ed hefur veri\u00f0 haldi\u00f0 fram s\u00ed\u00f0ustu daga a\u00f0 \u00f6ruggasta lei\u00f0in til a\u00f0 koma \u00ed veg fyrir a\u00f0 Frams\u00f3kn og Sj\u00e1lfst\u00e6\u00f0isflokkur f\u00e1i meirihluta \u00e1 \u00feingi s\u00e9 a\u00f0 kj\u00f3sa Samfylkinguna e\u00f0a VG, frekar en D\u00f6gun e\u00f0a L\u00fd\u00f0r\u00e6\u00f0isvaktina (LV). \u00a0\u00deetta er rangt.<\/div>\n<p><!--more--><\/p>\n<div><\/div>\n<div>Samanlagt fylgi D\u00f6gunar og LV m\u00e6list n\u00fa 6,5%. \u00a0(Vera m\u00e1 a\u00f0 \u00feessar kannanir s\u00fdni ranga mynd, en \u00fea\u00f0 er \u00e1 \u00feessari forsendu sem ofangreind sta\u00f0h\u00e6fing byggir.) \u00a0Ef allt \u00feetta fylgi f\u00e6r\u00f0ist yfir \u00e1 VG og S, \u00fe\u00e1 er tr\u00falegast a\u00f0 \u00fea\u00f0 myndi auka samanlag\u00f0an \u00feingstyrk \u00feeirra um fj\u00f6gur s\u00e6ti.<\/div>\n<div><\/div>\n<div>Ef hins vegar VG og S s\u00e6ju af \u00feeim 3,5% sem \u00fearf til a\u00f0 b\u00e6\u00f0i D\u00f6gun og LV k\u00e6must upp \u00ed 5% myndu s\u00ed\u00f0arnefndu frambo\u00f0in f\u00e1 samtals sex \u00feings\u00e6ti, og \u00feessi 3,5% myndu tr\u00falegast kosta VG og S bara tv\u00f6 s\u00e6ti. \u201eNett\u00f3gr\u00f3\u00f0i\u201c andst\u00e6\u00f0inga B+D-stj\u00f3rnar yr\u00f0i \u00feannig fj\u00f6gur \u00feings\u00e6ti.<\/div>\n<div><\/div>\n<div>\u00dea\u00f0 ver\u00f0ur a\u00f0 teljast afar \u00f3l\u00edklegt a\u00f0 D\u00f6gun og LV fari ni\u00f0ur fyrir samtals 4%, jafnvel \u00fe\u00f3tt margir \u00e1kve\u00f0i \u00e1 s\u00ed\u00f0ustu stundu a\u00f0 kj\u00f3sa \u201etakt\u00edskt\u201c. \u00a0\u00dear er \u00fev\u00ed varla um a\u00f0 r\u00e6\u00f0a a\u00f0 VG og S geti b\u00e6tt vi\u00f0 sig nema \u00ed mesta lagi einu e\u00f0a tveimur s\u00e6tum. \u00a0Fyrir \u00fe\u00e1 sem velta fyrir s\u00e9r a\u00f0 kj\u00f3sa takt\u00edst, til a\u00f0 koma \u00ed veg fyrir meirihluta B og D, og velja \u00e1 milli VG-S annars vegar og LV-D\u00f6gunar hins vegar, \u00e6tti ni\u00f0ursta\u00f0an a\u00f0 vera nokku\u00f0 lj\u00f3s: \u00a0\u00d6ruggasta lei\u00f0in er s\u00fa a\u00f0 kj\u00f3sa LV e\u00f0a D\u00f6gun; \u00fea\u00f0 er l\u00edklegra til a\u00f0 minnka \u00feingstyrk B og D en a\u00f0 kj\u00f3sa VG e\u00f0a Samfylkinguna.<\/div>\n","protected":false},"excerpt":{"rendered":"<p>\u00dev\u00ed hefur veri\u00f0 haldi\u00f0 fram s\u00ed\u00f0ustu daga a\u00f0 \u00f6ruggasta lei\u00f0in til a\u00f0 koma \u00ed veg fyrir a\u00f0 Frams\u00f3kn og Sj\u00e1lfst\u00e6\u00f0isflokkur f\u00e1i meirihluta \u00e1 \u00feingi s\u00e9 a\u00f0 kj\u00f3sa Samfylkinguna e\u00f0a VG, frekar en D\u00f6gun e\u00f0a L\u00fd\u00f0r\u00e6\u00f0isvaktina (LV). \u00a0\u00deetta er rangt.<\/p>\n","protected":false},"author":10,"featured_media":0,"comment_status":"open","ping_status":"open","sticky":false,"template":"","format":"standard","meta":{"footnotes":""},"categories":[1,43],"tags":[302],"class_list":["post-402","post","type-post","status-publish","format-standard","hentry","category-oflokkad","category-lydraedismal-og-stjornarskra","tag-thingkosningar-2013"],"yoast_head":"<!-- This site is optimized with the Yoast SEO plugin v27.5 - https:\/\/yoast.com\/product\/yoast-seo-wordpress\/ -->\n<title>A\u00f0 koma \u00ed veg fyrir meirihluta B+D - Einar<\/title>\n<meta name=\"robots\" content=\"index, follow, max-snippet:-1, max-image-preview:large, max-video-preview:-1\" \/>\n<link rel=\"canonical\" href=\"https:\/\/www.norn.is\/einar\/2013\/04\/25\/ad-koma-i-veg-fyrir-meirihluta-bd\/\" \/>\n<meta property=\"og:locale\" content=\"is_IS\" \/>\n<meta property=\"og:type\" content=\"article\" \/>\n<meta property=\"og:title\" content=\"A\u00f0 koma \u00ed veg fyrir meirihluta B+D - Einar\" \/>\n<meta property=\"og:description\" content=\"\u00dev\u00ed hefur veri\u00f0 haldi\u00f0 fram s\u00ed\u00f0ustu daga a\u00f0 \u00f6ruggasta lei\u00f0in til a\u00f0 koma \u00ed veg fyrir a\u00f0 Frams\u00f3kn og Sj\u00e1lfst\u00e6\u00f0isflokkur f\u00e1i meirihluta \u00e1 \u00feingi s\u00e9 a\u00f0 kj\u00f3sa Samfylkinguna e\u00f0a VG, frekar en D\u00f6gun e\u00f0a L\u00fd\u00f0r\u00e6\u00f0isvaktina (LV). \u00a0\u00deetta er rangt.\" \/>\n<meta property=\"og:url\" content=\"https:\/\/www.norn.is\/einar\/2013\/04\/25\/ad-koma-i-veg-fyrir-meirihluta-bd\/\" \/>\n<meta property=\"og:site_name\" content=\"Einar\" \/>\n<meta property=\"article:published_time\" content=\"2013-04-25T08:14:16+00:00\" \/>\n<meta property=\"article:modified_time\" content=\"2017-09-24T11:03:27+00:00\" \/>\n<meta name=\"author\" content=\"einar\" \/>\n<meta name=\"twitter:card\" content=\"summary_large_image\" \/>\n<meta name=\"twitter:label1\" content=\"Written by\" \/>\n\t<meta name=\"twitter:data1\" content=\"\" \/>\n\t<meta name=\"twitter:label2\" content=\"Est. reading time\" \/>\n\t<meta name=\"twitter:data2\" content=\"1 minute\" \/>\n<script type=\"application\/ld+json\" class=\"yoast-schema-graph\">{\"@context\":\"https:\\\/\\\/schema.org\",\"@graph\":[{\"@type\":\"Article\",\"@id\":\"https:\\\/\\\/www.norn.is\\\/einar\\\/2013\\\/04\\\/25\\\/ad-koma-i-veg-fyrir-meirihluta-bd\\\/#article\",\"isPartOf\":{\"@id\":\"https:\\\/\\\/www.norn.is\\\/einar\\\/2013\\\/04\\\/25\\\/ad-koma-i-veg-fyrir-meirihluta-bd\\\/\"},\"author\":{\"name\":\"einar\",\"@id\":\"https:\\\/\\\/www.norn.is\\\/einar\\\/#\\\/schema\\\/person\\\/19affadb841a22f7bfd4bdcd72a862d0\"},\"headline\":\"A\u00f0 koma \u00ed veg fyrir meirihluta B+D\",\"datePublished\":\"2013-04-25T08:14:16+00:00\",\"dateModified\":\"2017-09-24T11:03:27+00:00\",\"mainEntityOfPage\":{\"@id\":\"https:\\\/\\\/www.norn.is\\\/einar\\\/2013\\\/04\\\/25\\\/ad-koma-i-veg-fyrir-meirihluta-bd\\\/\"},\"wordCount\":302,\"commentCount\":0,\"keywords\":[\"\u00deingkosningar 2013\"],\"articleSection\":[\"Allt efni\",\"L\u00fd\u00f0r\u00e6\u00f0ism\u00e1l og stj\u00f3rnarskr\u00e1\"],\"inLanguage\":\"is\",\"potentialAction\":[{\"@type\":\"CommentAction\",\"name\":\"Comment\",\"target\":[\"https:\\\/\\\/www.norn.is\\\/einar\\\/2013\\\/04\\\/25\\\/ad-koma-i-veg-fyrir-meirihluta-bd\\\/#respond\"]}]},{\"@type\":\"WebPage\",\"@id\":\"https:\\\/\\\/www.norn.is\\\/einar\\\/2013\\\/04\\\/25\\\/ad-koma-i-veg-fyrir-meirihluta-bd\\\/\",\"url\":\"https:\\\/\\\/www.norn.is\\\/einar\\\/2013\\\/04\\\/25\\\/ad-koma-i-veg-fyrir-meirihluta-bd\\\/\",\"name\":\"A\u00f0 koma \u00ed veg fyrir meirihluta B+D - Einar\",\"isPartOf\":{\"@id\":\"https:\\\/\\\/www.norn.is\\\/einar\\\/#website\"},\"datePublished\":\"2013-04-25T08:14:16+00:00\",\"dateModified\":\"2017-09-24T11:03:27+00:00\",\"author\":{\"@id\":\"https:\\\/\\\/www.norn.is\\\/einar\\\/#\\\/schema\\\/person\\\/19affadb841a22f7bfd4bdcd72a862d0\"},\"breadcrumb\":{\"@id\":\"https:\\\/\\\/www.norn.is\\\/einar\\\/2013\\\/04\\\/25\\\/ad-koma-i-veg-fyrir-meirihluta-bd\\\/#breadcrumb\"},\"inLanguage\":\"is\",\"potentialAction\":[{\"@type\":\"ReadAction\",\"target\":[\"https:\\\/\\\/www.norn.is\\\/einar\\\/2013\\\/04\\\/25\\\/ad-koma-i-veg-fyrir-meirihluta-bd\\\/\"]}]},{\"@type\":\"BreadcrumbList\",\"@id\":\"https:\\\/\\\/www.norn.is\\\/einar\\\/2013\\\/04\\\/25\\\/ad-koma-i-veg-fyrir-meirihluta-bd\\\/#breadcrumb\",\"itemListElement\":[{\"@type\":\"ListItem\",\"position\":1,\"name\":\"Home\",\"item\":\"https:\\\/\\\/www.norn.is\\\/einar\\\/\"},{\"@type\":\"ListItem\",\"position\":2,\"name\":\"A\u00f0 koma \u00ed veg fyrir meirihluta B+D\"}]},{\"@type\":\"WebSite\",\"@id\":\"https:\\\/\\\/www.norn.is\\\/einar\\\/#website\",\"url\":\"https:\\\/\\\/www.norn.is\\\/einar\\\/\",\"name\":\"Einar\",\"description\":\"Pistlar Einars Steingr\u00edmssonar\",\"potentialAction\":[{\"@type\":\"SearchAction\",\"target\":{\"@type\":\"EntryPoint\",\"urlTemplate\":\"https:\\\/\\\/www.norn.is\\\/einar\\\/?s={search_term_string}\"},\"query-input\":{\"@type\":\"PropertyValueSpecification\",\"valueRequired\":true,\"valueName\":\"search_term_string\"}}],\"inLanguage\":\"is\"},{\"@type\":\"Person\",\"@id\":\"https:\\\/\\\/www.norn.is\\\/einar\\\/#\\\/schema\\\/person\\\/19affadb841a22f7bfd4bdcd72a862d0\",\"name\":\"einar\",\"image\":{\"@type\":\"ImageObject\",\"inLanguage\":\"is\",\"@id\":\"https:\\\/\\\/secure.gravatar.com\\\/avatar\\\/6f5f5592f3cc45e338376db24f1672c636582d9c27d855e8f077f13ef13b17fd?s=96&d=mm&r=g\",\"url\":\"https:\\\/\\\/secure.gravatar.com\\\/avatar\\\/6f5f5592f3cc45e338376db24f1672c636582d9c27d855e8f077f13ef13b17fd?s=96&d=mm&r=g\",\"contentUrl\":\"https:\\\/\\\/secure.gravatar.com\\\/avatar\\\/6f5f5592f3cc45e338376db24f1672c636582d9c27d855e8f077f13ef13b17fd?s=96&d=mm&r=g\",\"caption\":\"einar\"},\"url\":\"https:\\\/\\\/www.norn.is\\\/einar\\\/author\\\/einarsteingrimsson\\\/\"}]}<\/script>\n<!-- \/ Yoast SEO plugin. -->","yoast_head_json":{"title":"A\u00f0 koma \u00ed veg fyrir meirihluta B+D - Einar","robots":{"index":"index","follow":"follow","max-snippet":"max-snippet:-1","max-image-preview":"max-image-preview:large","max-video-preview":"max-video-preview:-1"},"canonical":"https:\/\/www.norn.is\/einar\/2013\/04\/25\/ad-koma-i-veg-fyrir-meirihluta-bd\/","og_locale":"is_IS","og_type":"article","og_title":"A\u00f0 koma \u00ed veg fyrir meirihluta B+D - Einar","og_description":"\u00dev\u00ed hefur veri\u00f0 haldi\u00f0 fram s\u00ed\u00f0ustu daga a\u00f0 \u00f6ruggasta lei\u00f0in til a\u00f0 koma \u00ed veg fyrir a\u00f0 Frams\u00f3kn og Sj\u00e1lfst\u00e6\u00f0isflokkur f\u00e1i meirihluta \u00e1 \u00feingi s\u00e9 a\u00f0 kj\u00f3sa Samfylkinguna e\u00f0a VG, frekar en D\u00f6gun e\u00f0a L\u00fd\u00f0r\u00e6\u00f0isvaktina (LV). \u00a0\u00deetta er rangt.","og_url":"https:\/\/www.norn.is\/einar\/2013\/04\/25\/ad-koma-i-veg-fyrir-meirihluta-bd\/","og_site_name":"Einar","article_published_time":"2013-04-25T08:14:16+00:00","article_modified_time":"2017-09-24T11:03:27+00:00","author":"einar","twitter_card":"summary_large_image","twitter_misc":{"Written by":false,"Est. reading time":"1 minute"},"schema":{"@context":"https:\/\/schema.org","@graph":[{"@type":"Article","@id":"https:\/\/www.norn.is\/einar\/2013\/04\/25\/ad-koma-i-veg-fyrir-meirihluta-bd\/#article","isPartOf":{"@id":"https:\/\/www.norn.is\/einar\/2013\/04\/25\/ad-koma-i-veg-fyrir-meirihluta-bd\/"},"author":{"name":"einar","@id":"https:\/\/www.norn.is\/einar\/#\/schema\/person\/19affadb841a22f7bfd4bdcd72a862d0"},"headline":"A\u00f0 koma \u00ed veg fyrir meirihluta B+D","datePublished":"2013-04-25T08:14:16+00:00","dateModified":"2017-09-24T11:03:27+00:00","mainEntityOfPage":{"@id":"https:\/\/www.norn.is\/einar\/2013\/04\/25\/ad-koma-i-veg-fyrir-meirihluta-bd\/"},"wordCount":302,"commentCount":0,"keywords":["\u00deingkosningar 2013"],"articleSection":["Allt efni","L\u00fd\u00f0r\u00e6\u00f0ism\u00e1l og stj\u00f3rnarskr\u00e1"],"inLanguage":"is","potentialAction":[{"@type":"CommentAction","name":"Comment","target":["https:\/\/www.norn.is\/einar\/2013\/04\/25\/ad-koma-i-veg-fyrir-meirihluta-bd\/#respond"]}]},{"@type":"WebPage","@id":"https:\/\/www.norn.is\/einar\/2013\/04\/25\/ad-koma-i-veg-fyrir-meirihluta-bd\/","url":"https:\/\/www.norn.is\/einar\/2013\/04\/25\/ad-koma-i-veg-fyrir-meirihluta-bd\/","name":"A\u00f0 koma \u00ed veg fyrir meirihluta B+D - Einar","isPartOf":{"@id":"https:\/\/www.norn.is\/einar\/#website"},"datePublished":"2013-04-25T08:14:16+00:00","dateModified":"2017-09-24T11:03:27+00:00","author":{"@id":"https:\/\/www.norn.is\/einar\/#\/schema\/person\/19affadb841a22f7bfd4bdcd72a862d0"},"breadcrumb":{"@id":"https:\/\/www.norn.is\/einar\/2013\/04\/25\/ad-koma-i-veg-fyrir-meirihluta-bd\/#breadcrumb"},"inLanguage":"is","potentialAction":[{"@type":"ReadAction","target":["https:\/\/www.norn.is\/einar\/2013\/04\/25\/ad-koma-i-veg-fyrir-meirihluta-bd\/"]}]},{"@type":"BreadcrumbList","@id":"https:\/\/www.norn.is\/einar\/2013\/04\/25\/ad-koma-i-veg-fyrir-meirihluta-bd\/#breadcrumb","itemListElement":[{"@type":"ListItem","position":1,"name":"Home","item":"https:\/\/www.norn.is\/einar\/"},{"@type":"ListItem","position":2,"name":"A\u00f0 koma \u00ed veg fyrir meirihluta B+D"}]},{"@type":"WebSite","@id":"https:\/\/www.norn.is\/einar\/#website","url":"https:\/\/www.norn.is\/einar\/","name":"Einar","description":"Pistlar Einars Steingr\u00edmssonar","potentialAction":[{"@type":"SearchAction","target":{"@type":"EntryPoint","urlTemplate":"https:\/\/www.norn.is\/einar\/?s={search_term_string}"},"query-input":{"@type":"PropertyValueSpecification","valueRequired":true,"valueName":"search_term_string"}}],"inLanguage":"is"},{"@type":"Person","@id":"https:\/\/www.norn.is\/einar\/#\/schema\/person\/19affadb841a22f7bfd4bdcd72a862d0","name":"einar","image":{"@type":"ImageObject","inLanguage":"is","@id":"https:\/\/secure.gravatar.com\/avatar\/6f5f5592f3cc45e338376db24f1672c636582d9c27d855e8f077f13ef13b17fd?s=96&d=mm&r=g","url":"https:\/\/secure.gravatar.com\/avatar\/6f5f5592f3cc45e338376db24f1672c636582d9c27d855e8f077f13ef13b17fd?s=96&d=mm&r=g","contentUrl":"https:\/\/secure.gravatar.com\/avatar\/6f5f5592f3cc45e338376db24f1672c636582d9c27d855e8f077f13ef13b17fd?s=96&d=mm&r=g","caption":"einar"},"url":"https:\/\/www.norn.is\/einar\/author\/einarsteingrimsson\/"}]}},"_links":{"self":[{"href":"https:\/\/www.norn.is\/einar\/wp-json\/wp\/v2\/posts\/402","targetHints":{"allow":["GET"]}}],"collection":[{"href":"https:\/\/www.norn.is\/einar\/wp-json\/wp\/v2\/posts"}],"about":[{"href":"https:\/\/www.norn.is\/einar\/wp-json\/wp\/v2\/types\/post"}],"author":[{"embeddable":true,"href":"https:\/\/www.norn.is\/einar\/wp-json\/wp\/v2\/users\/10"}],"replies":[{"embeddable":true,"href":"https:\/\/www.norn.is\/einar\/wp-json\/wp\/v2\/comments?post=402"}],"version-history":[{"count":1,"href":"https:\/\/www.norn.is\/einar\/wp-json\/wp\/v2\/posts\/402\/revisions"}],"predecessor-version":[{"id":403,"href":"https:\/\/www.norn.is\/einar\/wp-json\/wp\/v2\/posts\/402\/revisions\/403"}],"wp:attachment":[{"href":"https:\/\/www.norn.is\/einar\/wp-json\/wp\/v2\/media?parent=402"}],"wp:term":[{"taxonomy":"category","embeddable":true,"href":"https:\/\/www.norn.is\/einar\/wp-json\/wp\/v2\/categories?post=402"},{"taxonomy":"post_tag","embeddable":true,"href":"https:\/\/www.norn.is\/einar\/wp-json\/wp\/v2\/tags?post=402"}],"curies":[{"name":"wp","href":"https:\/\/api.w.org\/{rel}","templated":true}]}}